{"id":21884,"date":"2021-08-07T02:35:04","date_gmt":"2021-08-07T06:35:04","guid":{"rendered":"https:\/\/www.eldiario.net\/portal\/?p=21884"},"modified":"2021-08-07T02:35:04","modified_gmt":"2021-08-07T06:35:04","slug":"gobernador-quispe-critica-lo-ocurrido-en-la-sesion","status":"publish","type":"post","link":"https:\/\/www.eldiario.net\/portal\/2021\/08\/07\/gobernador-quispe-critica-lo-ocurrido-en-la-sesion\/","title":{"rendered":"Gobernador Quispe critica  lo ocurrido en la sesi\u00f3n"},"content":{"rendered":"<p>Luego de la bochornosa sesi\u00f3n de la Asamblea por el 6 de Agosto, el gobernador de La Paz, Santos Quispe, sostuvo este viernes que en Bolivia ocurri\u00f3 tanto un \u201cfraude\u201d como un \u201cgolpe de Estado\u201d en 2019, y que se deber\u00eda olvidar esa discusi\u00f3n para que el pa\u00eds siga adelante.<br \/>\n\u201cPara m\u00ed hab\u00eda golpe y hab\u00eda tambi\u00e9n fraude, las dos cosas, y eso es lo que ha ocurrido en este pa\u00eds, nuestra Bolivia\u201d, afirm\u00f3 el Gobernador al salir de la Asamblea.<br \/>\nLa sesi\u00f3n de este viernes deriv\u00f3 en gritos cuando el presidente Luis Arce mencion\u00f3 \u201cgolpe de Estado\u201d y opositores respondieron con gritos de \u201cfraude\u201d. Oficialistas defendieron al mandatario tambi\u00e9n a gritos.<br \/>\n\u201cSe ve nom\u00e1s que hay una pelea tremenda ah\u00ed adentro, parec\u00eda que est\u00e1n peleando entre ni\u00f1os all\u00e1 adentro, entre uno que dice que fue \u2018golpe\u2019, el otro que (afirma que) es \u2018fraude\u2019. Eso ya ser\u00eda olvidar de una vez de esas cosas, seguir adelante Bolivia y la uni\u00f3n de todos\u201d, manifest\u00f3 Quispe.<br \/>\nLlam\u00f3 a que los pol\u00edticos cambien de actitud y que la justicia sea la encargada de encarcelar a las personas que han hecho da\u00f1o al pa\u00eds.<br \/>\n\u201cTiene que estar todo tranquilo, olvidar, porque todos somos bolivianos y tenemos que unirnos. Ya basta la divisi\u00f3n de toda Bolivia\u201d, reflexion\u00f3 la primera autoridad gubernamental.<br \/>\nEn dicha confrontaci\u00f3n, opositores sostienen que en 2019 hubo un fraude electoral para que Evo Morales sea electo en primera vuelta, mientras que oficialistas niegan aquello y afirman que hubo un \u201cgolpe de Estado\u201d urdido por c\u00edvicos, pol\u00edticos, Polic\u00eda y Fuerzas Armadas, adem\u00e1s de la OEA y Uni\u00f3n Europea. (Erbol)<\/p>\n","protected":false},"excerpt":{"rendered":"<p>Luego de la bochornosa sesi\u00f3n de la Asamblea por el 6 de Agosto, el gobernador de La Paz, Santos Quispe, sostuvo este viernes que en Bolivia ocurri\u00f3 tanto un \u201cfraude\u201d como un \u201cgolpe de Estado\u201d en 2019, y que se deber\u00eda olvidar esa discusi\u00f3n para que el pa\u00eds siga adelante. \u201cPara m\u00ed hab\u00eda golpe y [&hellip;]<\/p>\n","protected":false},"author":1,"featured_media":21885,"comment_status":"closed","ping_status":"closed","sticky":false,"template":"","format":"standard","meta":{"_acf_changed":false,"footnotes":""},"categories":[14],"tags":[],"class_list":["post-21884","post","type-post","status-publish","format-standard","has-post-thumbnail","category-politica"],"acf":{"antetitulo":""},"yoast_head":"<!-- This site is optimized with the Yoast SEO plugin v28.4 - https:\/\/yoast.com\/product\/yoast-seo-wordpress\/ -->\n<title>Gobernador Quispe critica lo ocurrido en la sesi\u00f3n - El Diario - Bolivia<\/title>\n<meta name=\"robots\" content=\"index, follow, max-snippet:-1, max-image-preview:large, max-video-preview:-1\" \/>\n<link rel=\"canonical\" href=\"https:\/\/www.eldiario.net\/portal\/2021\/08\/07\/gobernador-quispe-critica-lo-ocurrido-en-la-sesion\/\" \/>\n<meta property=\"og:locale\" content=\"es_ES\" \/>\n<meta property=\"og:type\" content=\"article\" \/>\n<meta property=\"og:title\" content=\"Gobernador Quispe critica lo ocurrido en la sesi\u00f3n - El Diario - Bolivia\" \/>\n<meta property=\"og:description\" content=\"Luego de la bochornosa sesi\u00f3n de la Asamblea por el 6 de Agosto, el gobernador de La Paz, Santos Quispe, sostuvo este viernes que en Bolivia ocurri\u00f3 tanto un \u201cfraude\u201d como un \u201cgolpe de Estado\u201d en 2019, y que se deber\u00eda olvidar esa discusi\u00f3n para que el pa\u00eds siga adelante. \u201cPara m\u00ed hab\u00eda golpe y [&hellip;]\" \/>\n<meta property=\"og:url\" content=\"https:\/\/www.eldiario.net\/portal\/2021\/08\/07\/gobernador-quispe-critica-lo-ocurrido-en-la-sesion\/\" \/>\n<meta property=\"og:site_name\" content=\"El Diario - Bolivia\" \/>\n<meta property=\"article:publisher\" content=\"https:\/\/www.facebook.com\/eldiario.bolivia\/\" \/>\n<meta property=\"article:published_time\" content=\"2021-08-07T06:35:04+00:00\" \/>\n<meta name=\"author\" content=\"Jeanette\" \/>\n<meta name=\"twitter:card\" content=\"summary_large_image\" \/>\n<meta name=\"twitter:creator\" content=\"@eldiario_net\" \/>\n<meta name=\"twitter:site\" content=\"@eldiario_net\" \/>\n<meta name=\"twitter:label1\" content=\"Escrito por\" \/>\n\t<meta name=\"twitter:data1\" content=\"Jeanette\" \/>\n\t<meta name=\"twitter:label2\" content=\"Tiempo de lectura\" \/>\n\t<meta name=\"twitter:data2\" content=\"2 minutos\" \/>\n<script type=\"application\/ld+json\" class=\"yoast-schema-graph\">{\"@context\":\"https:\\\/\\\/schema.org\",\"@graph\":[{\"@type\":\"Article\",\"@id\":\"https:\\\/\\\/www.eldiario.net\\\/portal\\\/2021\\\/08\\\/07\\\/gobernador-quispe-critica-lo-ocurrido-en-la-sesion\\\/#article\",\"isPartOf\":{\"@id\":\"https:\\\/\\\/www.eldiario.net\\\/portal\\\/2021\\\/08\\\/07\\\/gobernador-quispe-critica-lo-ocurrido-en-la-sesion\\\/\"},\"author\":{\"name\":\"Jeanette\",\"@id\":\"https:\\\/\\\/www.eldiario.net\\\/portal\\\/#\\\/schema\\\/person\\\/f46445640444750d7d753ccd04ae01b7\"},\"headline\":\"Gobernador Quispe critica lo ocurrido en la sesi\u00f3n\",\"datePublished\":\"2021-08-07T06:35:04+00:00\",\"mainEntityOfPage\":{\"@id\":\"https:\\\/\\\/www.eldiario.net\\\/portal\\\/2021\\\/08\\\/07\\\/gobernador-quispe-critica-lo-ocurrido-en-la-sesion\\\/\"},\"wordCount\":298,\"publisher\":{\"@id\":\"https:\\\/\\\/www.eldiario.net\\\/portal\\\/#organization\"},\"image\":{\"@id\":\"https:\\\/\\\/www.eldiario.net\\\/portal\\\/2021\\\/08\\\/07\\\/gobernador-quispe-critica-lo-ocurrido-en-la-sesion\\\/#primaryimage\"},\"thumbnailUrl\":\"\",\"articleSection\":[\"Pol\u00edtica\"],\"inLanguage\":\"es\"},{\"@type\":\"WebPage\",\"@id\":\"https:\\\/\\\/www.eldiario.net\\\/portal\\\/2021\\\/08\\\/07\\\/gobernador-quispe-critica-lo-ocurrido-en-la-sesion\\\/\",\"url\":\"https:\\\/\\\/www.eldiario.net\\\/portal\\\/2021\\\/08\\\/07\\\/gobernador-quispe-critica-lo-ocurrido-en-la-sesion\\\/\",\"name\":\"Gobernador Quispe critica lo ocurrido en la sesi\u00f3n - El Diario - Bolivia\",\"isPartOf\":{\"@id\":\"https:\\\/\\\/www.eldiario.net\\\/portal\\\/#website\"},\"primaryImageOfPage\":{\"@id\":\"https:\\\/\\\/www.eldiario.net\\\/portal\\\/2021\\\/08\\\/07\\\/gobernador-quispe-critica-lo-ocurrido-en-la-sesion\\\/#primaryimage\"},\"image\":{\"@id\":\"https:\\\/\\\/www.eldiario.net\\\/portal\\\/2021\\\/08\\\/07\\\/gobernador-quispe-critica-lo-ocurrido-en-la-sesion\\\/#primaryimage\"},\"thumbnailUrl\":\"\",\"datePublished\":\"2021-08-07T06:35:04+00:00\",\"breadcrumb\":{\"@id\":\"https:\\\/\\\/www.eldiario.net\\\/portal\\\/2021\\\/08\\\/07\\\/gobernador-quispe-critica-lo-ocurrido-en-la-sesion\\\/#breadcrumb\"},\"inLanguage\":\"es\",\"potentialAction\":[{\"@type\":\"ReadAction\",\"target\":[\"https:\\\/\\\/www.eldiario.net\\\/portal\\\/2021\\\/08\\\/07\\\/gobernador-quispe-critica-lo-ocurrido-en-la-sesion\\\/\"]}]},{\"@type\":\"ImageObject\",\"inLanguage\":\"es\",\"@id\":\"https:\\\/\\\/www.eldiario.net\\\/portal\\\/2021\\\/08\\\/07\\\/gobernador-quispe-critica-lo-ocurrido-en-la-sesion\\\/#primaryimage\",\"url\":\"\",\"contentUrl\":\"\"},{\"@type\":\"BreadcrumbList\",\"@id\":\"https:\\\/\\\/www.eldiario.net\\\/portal\\\/2021\\\/08\\\/07\\\/gobernador-quispe-critica-lo-ocurrido-en-la-sesion\\\/#breadcrumb\",\"itemListElement\":[{\"@type\":\"ListItem\",\"position\":1,\"name\":\"Portada\",\"item\":\"https:\\\/\\\/www.eldiario.net\\\/portal\\\/\"},{\"@type\":\"ListItem\",\"position\":2,\"name\":\"Gobernador Quispe critica lo ocurrido en la sesi\u00f3n\"}]},{\"@type\":\"WebSite\",\"@id\":\"https:\\\/\\\/www.eldiario.net\\\/portal\\\/#website\",\"url\":\"https:\\\/\\\/www.eldiario.net\\\/portal\\\/\",\"name\":\"El Diario - Decano de la prensa nacional\",\"description\":\"El Diario - Decano de la prensa nacional\",\"publisher\":{\"@id\":\"https:\\\/\\\/www.eldiario.net\\\/portal\\\/#organization\"},\"potentialAction\":[{\"@type\":\"SearchAction\",\"target\":{\"@type\":\"EntryPoint\",\"urlTemplate\":\"https:\\\/\\\/www.eldiario.net\\\/portal\\\/?s={search_term_string}\"},\"query-input\":{\"@type\":\"PropertyValueSpecification\",\"valueRequired\":true,\"valueName\":\"search_term_string\"}}],\"inLanguage\":\"es\"},{\"@type\":\"Organization\",\"@id\":\"https:\\\/\\\/www.eldiario.net\\\/portal\\\/#organization\",\"name\":\"El Diario - Decano de la prensa nacional\",\"url\":\"https:\\\/\\\/www.eldiario.net\\\/portal\\\/\",\"logo\":{\"@type\":\"ImageObject\",\"inLanguage\":\"es\",\"@id\":\"https:\\\/\\\/www.eldiario.net\\\/portal\\\/#\\\/schema\\\/logo\\\/image\\\/\",\"url\":\"https:\\\/\\\/www.eldiario.net\\\/portal\\\/wp-content\\\/uploads\\\/2023\\\/07\\\/logo_ED.jpg\",\"contentUrl\":\"https:\\\/\\\/www.eldiario.net\\\/portal\\\/wp-content\\\/uploads\\\/2023\\\/07\\\/logo_ED.jpg\",\"width\":272,\"height\":52,\"caption\":\"El Diario - Decano de la prensa nacional\"},\"image\":{\"@id\":\"https:\\\/\\\/www.eldiario.net\\\/portal\\\/#\\\/schema\\\/logo\\\/image\\\/\"},\"sameAs\":[\"https:\\\/\\\/www.facebook.com\\\/eldiario.bolivia\\\/\",\"https:\\\/\\\/x.com\\\/eldiario_net\"]},{\"@type\":\"Person\",\"@id\":\"https:\\\/\\\/www.eldiario.net\\\/portal\\\/#\\\/schema\\\/person\\\/f46445640444750d7d753ccd04ae01b7\",\"name\":\"Jeanette\",\"image\":{\"@type\":\"ImageObject\",\"inLanguage\":\"es\",\"@id\":\"https:\\\/\\\/secure.gravatar.com\\\/avatar\\\/3ea2118a5f7dad2b7138b1187a6b7ee55f160b9968b66013c3a3ef39dd7e5798?s=96&d=mm&r=g\",\"url\":\"https:\\\/\\\/secure.gravatar.com\\\/avatar\\\/3ea2118a5f7dad2b7138b1187a6b7ee55f160b9968b66013c3a3ef39dd7e5798?s=96&d=mm&r=g\",\"contentUrl\":\"https:\\\/\\\/secure.gravatar.com\\\/avatar\\\/3ea2118a5f7dad2b7138b1187a6b7ee55f160b9968b66013c3a3ef39dd7e5798?s=96&d=mm&r=g\",\"caption\":\"Jeanette\"},\"sameAs\":[\"https:\\\/\\\/www.eldiario.net\\\/portal\"],\"url\":\"https:\\\/\\\/www.eldiario.net\\\/portal\\\/author\\\/jeanette\\\/\"}]}<\/script>\n<!-- \/ Yoast SEO plugin. -->","yoast_head_json":{"title":"Gobernador Quispe critica lo ocurrido en la sesi\u00f3n - El Diario - Bolivia","robots":{"index":"index","follow":"follow","max-snippet":"max-snippet:-1","max-image-preview":"max-image-preview:large","max-video-preview":"max-video-preview:-1"},"canonical":"https:\/\/www.eldiario.net\/portal\/2021\/08\/07\/gobernador-quispe-critica-lo-ocurrido-en-la-sesion\/","og_locale":"es_ES","og_type":"article","og_title":"Gobernador Quispe critica lo ocurrido en la sesi\u00f3n - El Diario - Bolivia","og_description":"Luego de la bochornosa sesi\u00f3n de la Asamblea por el 6 de Agosto, el gobernador de La Paz, Santos Quispe, sostuvo este viernes que en Bolivia ocurri\u00f3 tanto un \u201cfraude\u201d como un \u201cgolpe de Estado\u201d en 2019, y que se deber\u00eda olvidar esa discusi\u00f3n para que el pa\u00eds siga adelante. \u201cPara m\u00ed hab\u00eda golpe y [&hellip;]","og_url":"https:\/\/www.eldiario.net\/portal\/2021\/08\/07\/gobernador-quispe-critica-lo-ocurrido-en-la-sesion\/","og_site_name":"El Diario - Bolivia","article_publisher":"https:\/\/www.facebook.com\/eldiario.bolivia\/","article_published_time":"2021-08-07T06:35:04+00:00","author":"Jeanette","twitter_card":"summary_large_image","twitter_creator":"@eldiario_net","twitter_site":"@eldiario_net","twitter_misc":{"Escrito por":"Jeanette","Tiempo de lectura":"2 minutos"},"schema":{"@context":"https:\/\/schema.org","@graph":[{"@type":"Article","@id":"https:\/\/www.eldiario.net\/portal\/2021\/08\/07\/gobernador-quispe-critica-lo-ocurrido-en-la-sesion\/#article","isPartOf":{"@id":"https:\/\/www.eldiario.net\/portal\/2021\/08\/07\/gobernador-quispe-critica-lo-ocurrido-en-la-sesion\/"},"author":{"name":"Jeanette","@id":"https:\/\/www.eldiario.net\/portal\/#\/schema\/person\/f46445640444750d7d753ccd04ae01b7"},"headline":"Gobernador Quispe critica lo ocurrido en la sesi\u00f3n","datePublished":"2021-08-07T06:35:04+00:00","mainEntityOfPage":{"@id":"https:\/\/www.eldiario.net\/portal\/2021\/08\/07\/gobernador-quispe-critica-lo-ocurrido-en-la-sesion\/"},"wordCount":298,"publisher":{"@id":"https:\/\/www.eldiario.net\/portal\/#organization"},"image":{"@id":"https:\/\/www.eldiario.net\/portal\/2021\/08\/07\/gobernador-quispe-critica-lo-ocurrido-en-la-sesion\/#primaryimage"},"thumbnailUrl":"","articleSection":["Pol\u00edtica"],"inLanguage":"es"},{"@type":"WebPage","@id":"https:\/\/www.eldiario.net\/portal\/2021\/08\/07\/gobernador-quispe-critica-lo-ocurrido-en-la-sesion\/","url":"https:\/\/www.eldiario.net\/portal\/2021\/08\/07\/gobernador-quispe-critica-lo-ocurrido-en-la-sesion\/","name":"Gobernador Quispe critica lo ocurrido en la sesi\u00f3n - El Diario - Bolivia","isPartOf":{"@id":"https:\/\/www.eldiario.net\/portal\/#website"},"primaryImageOfPage":{"@id":"https:\/\/www.eldiario.net\/portal\/2021\/08\/07\/gobernador-quispe-critica-lo-ocurrido-en-la-sesion\/#primaryimage"},"image":{"@id":"https:\/\/www.eldiario.net\/portal\/2021\/08\/07\/gobernador-quispe-critica-lo-ocurrido-en-la-sesion\/#primaryimage"},"thumbnailUrl":"","datePublished":"2021-08-07T06:35:04+00:00","breadcrumb":{"@id":"https:\/\/www.eldiario.net\/portal\/2021\/08\/07\/gobernador-quispe-critica-lo-ocurrido-en-la-sesion\/#breadcrumb"},"inLanguage":"es","potentialAction":[{"@type":"ReadAction","target":["https:\/\/www.eldiario.net\/portal\/2021\/08\/07\/gobernador-quispe-critica-lo-ocurrido-en-la-sesion\/"]}]},{"@type":"ImageObject","inLanguage":"es","@id":"https:\/\/www.eldiario.net\/portal\/2021\/08\/07\/gobernador-quispe-critica-lo-ocurrido-en-la-sesion\/#primaryimage","url":"","contentUrl":""},{"@type":"BreadcrumbList","@id":"https:\/\/www.eldiario.net\/portal\/2021\/08\/07\/gobernador-quispe-critica-lo-ocurrido-en-la-sesion\/#breadcrumb","itemListElement":[{"@type":"ListItem","position":1,"name":"Portada","item":"https:\/\/www.eldiario.net\/portal\/"},{"@type":"ListItem","position":2,"name":"Gobernador Quispe critica lo ocurrido en la sesi\u00f3n"}]},{"@type":"WebSite","@id":"https:\/\/www.eldiario.net\/portal\/#website","url":"https:\/\/www.eldiario.net\/portal\/","name":"El Diario - Decano de la prensa nacional","description":"El Diario - Decano de la prensa nacional","publisher":{"@id":"https:\/\/www.eldiario.net\/portal\/#organization"},"potentialAction":[{"@type":"SearchAction","target":{"@type":"EntryPoint","urlTemplate":"https:\/\/www.eldiario.net\/portal\/?s={search_term_string}"},"query-input":{"@type":"PropertyValueSpecification","valueRequired":true,"valueName":"search_term_string"}}],"inLanguage":"es"},{"@type":"Organization","@id":"https:\/\/www.eldiario.net\/portal\/#organization","name":"El Diario - Decano de la prensa nacional","url":"https:\/\/www.eldiario.net\/portal\/","logo":{"@type":"ImageObject","inLanguage":"es","@id":"https:\/\/www.eldiario.net\/portal\/#\/schema\/logo\/image\/","url":"https:\/\/www.eldiario.net\/portal\/wp-content\/uploads\/2023\/07\/logo_ED.jpg","contentUrl":"https:\/\/www.eldiario.net\/portal\/wp-content\/uploads\/2023\/07\/logo_ED.jpg","width":272,"height":52,"caption":"El Diario - Decano de la prensa nacional"},"image":{"@id":"https:\/\/www.eldiario.net\/portal\/#\/schema\/logo\/image\/"},"sameAs":["https:\/\/www.facebook.com\/eldiario.bolivia\/","https:\/\/x.com\/eldiario_net"]},{"@type":"Person","@id":"https:\/\/www.eldiario.net\/portal\/#\/schema\/person\/f46445640444750d7d753ccd04ae01b7","name":"Jeanette","image":{"@type":"ImageObject","inLanguage":"es","@id":"https:\/\/secure.gravatar.com\/avatar\/3ea2118a5f7dad2b7138b1187a6b7ee55f160b9968b66013c3a3ef39dd7e5798?s=96&d=mm&r=g","url":"https:\/\/secure.gravatar.com\/avatar\/3ea2118a5f7dad2b7138b1187a6b7ee55f160b9968b66013c3a3ef39dd7e5798?s=96&d=mm&r=g","contentUrl":"https:\/\/secure.gravatar.com\/avatar\/3ea2118a5f7dad2b7138b1187a6b7ee55f160b9968b66013c3a3ef39dd7e5798?s=96&d=mm&r=g","caption":"Jeanette"},"sameAs":["https:\/\/www.eldiario.net\/portal"],"url":"https:\/\/www.eldiario.net\/portal\/author\/jeanette\/"}]}},"_links":{"self":[{"href":"https:\/\/www.eldiario.net\/portal\/wp-json\/wp\/v2\/posts\/21884","targetHints":{"allow":["GET"]}}],"collection":[{"href":"https:\/\/www.eldiario.net\/portal\/wp-json\/wp\/v2\/posts"}],"about":[{"href":"https:\/\/www.eldiario.net\/portal\/wp-json\/wp\/v2\/types\/post"}],"author":[{"embeddable":true,"href":"https:\/\/www.eldiario.net\/portal\/wp-json\/wp\/v2\/users\/1"}],"replies":[{"embeddable":true,"href":"https:\/\/www.eldiario.net\/portal\/wp-json\/wp\/v2\/comments?post=21884"}],"version-history":[{"count":0,"href":"https:\/\/www.eldiario.net\/portal\/wp-json\/wp\/v2\/posts\/21884\/revisions"}],"wp:attachment":[{"href":"https:\/\/www.eldiario.net\/portal\/wp-json\/wp\/v2\/media?parent=21884"}],"wp:term":[{"taxonomy":"category","embeddable":true,"href":"https:\/\/www.eldiario.net\/portal\/wp-json\/wp\/v2\/categories?post=21884"},{"taxonomy":"post_tag","embeddable":true,"href":"https:\/\/www.eldiario.net\/portal\/wp-json\/wp\/v2\/tags?post=21884"}],"curies":[{"name":"wp","href":"https:\/\/api.w.org\/{rel}","templated":true}]}}