{"id":21880,"date":"2021-08-07T02:32:19","date_gmt":"2021-08-07T06:32:19","guid":{"rendered":"https:\/\/www.eldiario.net\/portal\/?p=21880"},"modified":"2021-08-07T02:32:19","modified_gmt":"2021-08-07T06:32:19","slug":"nueva-dinamica-del-trabajo-plantea-desafios-para-sindicatos","status":"publish","type":"post","link":"https:\/\/www.eldiario.net\/portal\/2021\/08\/07\/nueva-dinamica-del-trabajo-plantea-desafios-para-sindicatos\/","title":{"rendered":"Nueva din\u00e1mica del trabajo plantea desaf\u00edos para sindicatos"},"content":{"rendered":"<p>El futuro del trabajo es rodeado por un panorama incierto y lo mismo ocurre con los sindicatos. La globalizaci\u00f3n, los cambios demogr\u00e1ficos, medioambientales y tecnol\u00f3gicos paulatinamente modifican los mercados laborales de hoy y determinar\u00e1n los del ma\u00f1ana, seg\u00fan una evaluaci\u00f3n de la Organizaci\u00f3n internacional del Trabajo, publicada en su sitio web International Labour Organization.<br \/>\nPara el periodista y dirigente sindical Hugo Gonzales, el pacto social ser\u00eda una salida a la crisis que se avecina con la nueva din\u00e1mica del trabajo, en especial por los cambios cualitativos que se aplican en algunas empresas para reactivar sus actividades.<br \/>\nGonzales explica que el acuerdo tripartito implica garantizar las rentas de las empresas, los salarios de los trabajadores y los impuestos para el Estado.<br \/>\nLos empresarios han expresado reiteradamente la implementaci\u00f3n de un pacto social para reactivar la econom\u00eda y apuntar al desarrollo de las empresas y el bienestar de los trabajadores, y m\u00e1s renta al Estado.<br \/>\nLos retiros extraordinarios ser\u00e1n aplicados en algunas empresas estatales, debido a que una buena parte de los trabajadores ya se encuentran en etapa de jubilaci\u00f3n.<\/p>\n<p>An\u00e1lisis<br \/>\nLa crisis de covid-19 ha puesto de manifiesto y agravado los problemas existentes. A nivel mundial, la afiliaci\u00f3n sindical ha ido mermando paulatinamente, y con ello la capacidad de los sindicatos para organizar y prestar servicios a los trabajadores.<br \/>\nEntre todos los escenarios posibles para los sindicatos, \u00bfcu\u00e1l es el m\u00e1s probable? Sin duda, la hip\u00f3tesis m\u00e1s favorable es la de la revitalizaci\u00f3n, seg\u00fan la cual los sindicatos encuentran t\u00e1cticas innovadoras y forman coaliciones para representar a todos los trabajadores.<\/p>\n<p>Sindicatos<br \/>\ndurante la pandemia<br \/>\nLa pandemia ha puesto al descubierto los muchos aspectos de los d\u00e9ficits de trabajo decente en el mundo del trabajo, y los trabajadores han confiado en los sindicatos para mejorar la seguridad del empleo y de los ingresos y la disponibilidad de protecci\u00f3n social.<br \/>\nPese a las restricciones existentes durante la pandemia, los trabajadores y sus familias recibieron la asistencia de los sindicatos en formas diversas, a saber: prestaci\u00f3n de asesoramiento jur\u00eddico; creaci\u00f3n de fondos de emergencia; organizaci\u00f3n de campa\u00f1as de sensibilizaci\u00f3n; adaptaci\u00f3n de programas de formaci\u00f3n; promoci\u00f3n del reconocimiento de la covid-19 como enfermedad profesional, y utilizaci\u00f3n de los medios sociales.<br \/>\nAlrededor del 80 % de los pa\u00edses del mundo recurrieron al di\u00e1logo social, tripartito y\/o bipartito, como parte de la respuesta a la crisis de la covid-19. Los temas de negociaci\u00f3n m\u00e1s frecuentes fueron la protecci\u00f3n social y las medidas en materia de empleo, las relaciones laborales, la seguridad y salud en el trabajo (SST), y las medidas fiscales.<br \/>\nLos sindicatos han encontrado formas innovadoras de llegar a nuevos miembros y contribuir a las respuestas a la crisis mediante el di\u00e1logo social.<\/p>\n<p>Ejemplos<br \/>\nLos sindicatos suecos han captado nuevos afiliados tras negociar con \u00e9xito con los empresarios del comercio minorista, evitando despidos y protegiendo los salarios de los trabajadores durante la crisis. Aunque muchas actividades en materia de organizaci\u00f3n han quedado en suspenso, los sindicatos han seguido contactando con los nuevos afiliados por v\u00eda telef\u00f3nica y a trav\u00e9s de las redes sociales.<br \/>\nA pesar de esa innovaci\u00f3n, la afiliaci\u00f3n sindical en todo el mundo ha ido disminuyendo con el tiempo, a pesar de algunos puntos brillantes en determinados pa\u00edses africanos o latinoamericanos donde la afiliaci\u00f3n aument\u00f3.<br \/>\nEn este descenso general entran en juego diferentes factores: pi\u00e9nsese en el paso de los empleos manufactureros a los de servicios, la externalizaci\u00f3n de los empleos sindicalizados, la informalizaci\u00f3n de la econom\u00eda y la mutaci\u00f3n de la relaci\u00f3n laboral o la automatizaci\u00f3n.<br \/>\nDe hecho, la afiliaci\u00f3n sindical es inferior en el caso de las personas con alguna forma de empleo at\u00edpico o un empleo precario, como los trabajadores temporales y por cuenta propia o los trabajadores de la econom\u00eda informal y de las plataformas digitales.<br \/>\nAdem\u00e1s, las restricciones legales y las violaciones de los derechos sindicales, como el derecho a organizarse y a negociar colectivamente, son generalizadas. Esto afecta a la capacidad de los sindicatos para organizar, representar y prestar servicios a los trabajadores. No es de extra\u00f1ar que la afiliaci\u00f3n sindical sea inferior all\u00ed donde se violan los derechos sindicales.<br \/>\nSin embargo, la nota de la OIT se\u00f1ala cuatro posibles escenarios para los sindicatos: marginaci\u00f3n, dualizaci\u00f3n, sustituci\u00f3n y revitalizaci\u00f3n.<br \/>\nEl primero es la continuaci\u00f3n de las tasas de sindicaci\u00f3n descendentes, en combinaci\u00f3n con el envejecimiento de los sindicatos. Esto puede derivar en la marginaci\u00f3n gradual de los sindicatos en el mundo.<br \/>\nAsimismo, la nota se\u00f1ala que en la v\u00eda hacia la revitalizaci\u00f3n, hay muchos ejemplos positivos de los sindicatos; por lo general, abarcan: Organizar y prestar servicios a los nuevos afiliados, como trabajadores j\u00f3venes trabajadores de la econom\u00eda informal o de la econom\u00eda de las plataformas digitales.<br \/>\nHablar o actuar con una sola voz, comprendido esto como la capacidad de actuar colectivamente en todos los sectores, a nivel nacional, regional y mundial; asegurar una gobernanza interna apropiada, mediante un conjunto de normas transparente que rija el mandato, la gesti\u00f3n, las elecciones y las actividades sindicales.<\/p>\n<p>Pol\u00edtica<br \/>\nSin embargo, en Bolivia, varios ex dirigentes han observado el papel de los sindicatos en la pol\u00edtica, que se convierten en ap\u00e9ndices de los gobiernos de turno, y se olvidan la esencia de su funci\u00f3n y por el cual fueron creados.<br \/>\nComo es el caso de la Central Obrera Boliviana (COB) que pas\u00f3 a ser un ente matriz de lucha por las reivindicaciones sociales a formar parte del actual gobierno, y se olvid\u00f3 de los pliegos petitorios.<br \/>\nPasaron formar parte del gobierno con la entrega de infraestructura, y no se quedaron atr\u00e1s los miembros de la prensa nacional, y en definitiva, no hay sindicatos independientes, s\u00f3lo afines al gobierno de turno, seg\u00fan protestan en las redes sociales.<\/p>\n<figure id=\"attachment_21882\" aria-describedby=\"caption-attachment-21882\" style=\"width: 259px\" class=\"wp-caption aligncenter\"><a href=\"https:\/\/www.eldiario.net\/portal\/wp-content\/uploads\/2021\/08\/tele.jpg\"><img loading=\"lazy\" decoding=\"async\" class=\"size-full wp-image-21882\" src=\"https:\/\/www.eldiario.net\/portal\/wp-content\/uploads\/2021\/08\/tele.jpg\" alt=\"\" width=\"259\" height=\"194\" \/><\/a><figcaption id=\"caption-attachment-21882\" class=\"wp-caption-text\">Teletrabajo ingres\u00f3 motivado por la pandemia, y se hicieron normas sobre la marcha.<\/figcaption><\/figure>\n","protected":false},"excerpt":{"rendered":"<p>El futuro del trabajo es rodeado por un panorama incierto y lo mismo ocurre con los sindicatos. La globalizaci\u00f3n, los cambios demogr\u00e1ficos, medioambientales y tecnol\u00f3gicos paulatinamente modifican los mercados laborales de hoy y determinar\u00e1n los del ma\u00f1ana, seg\u00fan una evaluaci\u00f3n de la Organizaci\u00f3n internacional del Trabajo, publicada en su sitio web International Labour Organization. Para [&hellip;]<\/p>\n","protected":false},"author":1,"featured_media":21881,"comment_status":"closed","ping_status":"closed","sticky":false,"template":"","format":"standard","meta":{"_acf_changed":false,"footnotes":""},"categories":[12],"tags":[],"class_list":["post-21880","post","type-post","status-publish","format-standard","has-post-thumbnail","category-nacional"],"acf":{"antetitulo":""},"yoast_head":"<!-- This site is optimized with the Yoast SEO plugin v28.4 - https:\/\/yoast.com\/product\/yoast-seo-wordpress\/ -->\n<title>Nueva din\u00e1mica del trabajo plantea desaf\u00edos para sindicatos - El Diario - Bolivia<\/title>\n<meta name=\"robots\" content=\"index, follow, max-snippet:-1, max-image-preview:large, max-video-preview:-1\" \/>\n<link rel=\"canonical\" href=\"https:\/\/www.eldiario.net\/portal\/2021\/08\/07\/nueva-dinamica-del-trabajo-plantea-desafios-para-sindicatos\/\" \/>\n<meta property=\"og:locale\" content=\"es_ES\" \/>\n<meta property=\"og:type\" content=\"article\" \/>\n<meta property=\"og:title\" content=\"Nueva din\u00e1mica del trabajo plantea desaf\u00edos para sindicatos - El Diario - Bolivia\" \/>\n<meta property=\"og:description\" content=\"El futuro del trabajo es rodeado por un panorama incierto y lo mismo ocurre con los sindicatos. La globalizaci\u00f3n, los cambios demogr\u00e1ficos, medioambientales y tecnol\u00f3gicos paulatinamente modifican los mercados laborales de hoy y determinar\u00e1n los del ma\u00f1ana, seg\u00fan una evaluaci\u00f3n de la Organizaci\u00f3n internacional del Trabajo, publicada en su sitio web International Labour Organization. Para [&hellip;]\" \/>\n<meta property=\"og:url\" content=\"https:\/\/www.eldiario.net\/portal\/2021\/08\/07\/nueva-dinamica-del-trabajo-plantea-desafios-para-sindicatos\/\" \/>\n<meta property=\"og:site_name\" content=\"El Diario - Bolivia\" \/>\n<meta property=\"article:publisher\" content=\"https:\/\/www.facebook.com\/eldiario.bolivia\/\" \/>\n<meta property=\"article:published_time\" content=\"2021-08-07T06:32:19+00:00\" \/>\n<meta name=\"author\" content=\"Jeanette\" \/>\n<meta name=\"twitter:card\" content=\"summary_large_image\" \/>\n<meta name=\"twitter:creator\" content=\"@eldiario_net\" \/>\n<meta name=\"twitter:site\" content=\"@eldiario_net\" \/>\n<meta name=\"twitter:label1\" content=\"Escrito por\" \/>\n\t<meta name=\"twitter:data1\" content=\"Jeanette\" \/>\n\t<meta name=\"twitter:label2\" content=\"Tiempo de lectura\" \/>\n\t<meta name=\"twitter:data2\" content=\"5 minutos\" \/>\n<script type=\"application\/ld+json\" class=\"yoast-schema-graph\">{\"@context\":\"https:\\\/\\\/schema.org\",\"@graph\":[{\"@type\":\"Article\",\"@id\":\"https:\\\/\\\/www.eldiario.net\\\/portal\\\/2021\\\/08\\\/07\\\/nueva-dinamica-del-trabajo-plantea-desafios-para-sindicatos\\\/#article\",\"isPartOf\":{\"@id\":\"https:\\\/\\\/www.eldiario.net\\\/portal\\\/2021\\\/08\\\/07\\\/nueva-dinamica-del-trabajo-plantea-desafios-para-sindicatos\\\/\"},\"author\":{\"name\":\"Jeanette\",\"@id\":\"https:\\\/\\\/www.eldiario.net\\\/portal\\\/#\\\/schema\\\/person\\\/f46445640444750d7d753ccd04ae01b7\"},\"headline\":\"Nueva din\u00e1mica del trabajo plantea desaf\u00edos para sindicatos\",\"datePublished\":\"2021-08-07T06:32:19+00:00\",\"mainEntityOfPage\":{\"@id\":\"https:\\\/\\\/www.eldiario.net\\\/portal\\\/2021\\\/08\\\/07\\\/nueva-dinamica-del-trabajo-plantea-desafios-para-sindicatos\\\/\"},\"wordCount\":1060,\"publisher\":{\"@id\":\"https:\\\/\\\/www.eldiario.net\\\/portal\\\/#organization\"},\"image\":{\"@id\":\"https:\\\/\\\/www.eldiario.net\\\/portal\\\/2021\\\/08\\\/07\\\/nueva-dinamica-del-trabajo-plantea-desafios-para-sindicatos\\\/#primaryimage\"},\"thumbnailUrl\":\"\",\"articleSection\":[\"Nacional\"],\"inLanguage\":\"es\"},{\"@type\":\"WebPage\",\"@id\":\"https:\\\/\\\/www.eldiario.net\\\/portal\\\/2021\\\/08\\\/07\\\/nueva-dinamica-del-trabajo-plantea-desafios-para-sindicatos\\\/\",\"url\":\"https:\\\/\\\/www.eldiario.net\\\/portal\\\/2021\\\/08\\\/07\\\/nueva-dinamica-del-trabajo-plantea-desafios-para-sindicatos\\\/\",\"name\":\"Nueva din\u00e1mica del trabajo plantea desaf\u00edos para sindicatos - El Diario - Bolivia\",\"isPartOf\":{\"@id\":\"https:\\\/\\\/www.eldiario.net\\\/portal\\\/#website\"},\"primaryImageOfPage\":{\"@id\":\"https:\\\/\\\/www.eldiario.net\\\/portal\\\/2021\\\/08\\\/07\\\/nueva-dinamica-del-trabajo-plantea-desafios-para-sindicatos\\\/#primaryimage\"},\"image\":{\"@id\":\"https:\\\/\\\/www.eldiario.net\\\/portal\\\/2021\\\/08\\\/07\\\/nueva-dinamica-del-trabajo-plantea-desafios-para-sindicatos\\\/#primaryimage\"},\"thumbnailUrl\":\"\",\"datePublished\":\"2021-08-07T06:32:19+00:00\",\"breadcrumb\":{\"@id\":\"https:\\\/\\\/www.eldiario.net\\\/portal\\\/2021\\\/08\\\/07\\\/nueva-dinamica-del-trabajo-plantea-desafios-para-sindicatos\\\/#breadcrumb\"},\"inLanguage\":\"es\",\"potentialAction\":[{\"@type\":\"ReadAction\",\"target\":[\"https:\\\/\\\/www.eldiario.net\\\/portal\\\/2021\\\/08\\\/07\\\/nueva-dinamica-del-trabajo-plantea-desafios-para-sindicatos\\\/\"]}]},{\"@type\":\"ImageObject\",\"inLanguage\":\"es\",\"@id\":\"https:\\\/\\\/www.eldiario.net\\\/portal\\\/2021\\\/08\\\/07\\\/nueva-dinamica-del-trabajo-plantea-desafios-para-sindicatos\\\/#primaryimage\",\"url\":\"\",\"contentUrl\":\"\"},{\"@type\":\"BreadcrumbList\",\"@id\":\"https:\\\/\\\/www.eldiario.net\\\/portal\\\/2021\\\/08\\\/07\\\/nueva-dinamica-del-trabajo-plantea-desafios-para-sindicatos\\\/#breadcrumb\",\"itemListElement\":[{\"@type\":\"ListItem\",\"position\":1,\"name\":\"Portada\",\"item\":\"https:\\\/\\\/www.eldiario.net\\\/portal\\\/\"},{\"@type\":\"ListItem\",\"position\":2,\"name\":\"Nueva din\u00e1mica del trabajo plantea desaf\u00edos para sindicatos\"}]},{\"@type\":\"WebSite\",\"@id\":\"https:\\\/\\\/www.eldiario.net\\\/portal\\\/#website\",\"url\":\"https:\\\/\\\/www.eldiario.net\\\/portal\\\/\",\"name\":\"El Diario - Decano de la prensa nacional\",\"description\":\"El Diario - Decano de la prensa nacional\",\"publisher\":{\"@id\":\"https:\\\/\\\/www.eldiario.net\\\/portal\\\/#organization\"},\"potentialAction\":[{\"@type\":\"SearchAction\",\"target\":{\"@type\":\"EntryPoint\",\"urlTemplate\":\"https:\\\/\\\/www.eldiario.net\\\/portal\\\/?s={search_term_string}\"},\"query-input\":{\"@type\":\"PropertyValueSpecification\",\"valueRequired\":true,\"valueName\":\"search_term_string\"}}],\"inLanguage\":\"es\"},{\"@type\":\"Organization\",\"@id\":\"https:\\\/\\\/www.eldiario.net\\\/portal\\\/#organization\",\"name\":\"El Diario - Decano de la prensa nacional\",\"url\":\"https:\\\/\\\/www.eldiario.net\\\/portal\\\/\",\"logo\":{\"@type\":\"ImageObject\",\"inLanguage\":\"es\",\"@id\":\"https:\\\/\\\/www.eldiario.net\\\/portal\\\/#\\\/schema\\\/logo\\\/image\\\/\",\"url\":\"https:\\\/\\\/www.eldiario.net\\\/portal\\\/wp-content\\\/uploads\\\/2023\\\/07\\\/logo_ED.jpg\",\"contentUrl\":\"https:\\\/\\\/www.eldiario.net\\\/portal\\\/wp-content\\\/uploads\\\/2023\\\/07\\\/logo_ED.jpg\",\"width\":272,\"height\":52,\"caption\":\"El Diario - Decano de la prensa nacional\"},\"image\":{\"@id\":\"https:\\\/\\\/www.eldiario.net\\\/portal\\\/#\\\/schema\\\/logo\\\/image\\\/\"},\"sameAs\":[\"https:\\\/\\\/www.facebook.com\\\/eldiario.bolivia\\\/\",\"https:\\\/\\\/x.com\\\/eldiario_net\"]},{\"@type\":\"Person\",\"@id\":\"https:\\\/\\\/www.eldiario.net\\\/portal\\\/#\\\/schema\\\/person\\\/f46445640444750d7d753ccd04ae01b7\",\"name\":\"Jeanette\",\"image\":{\"@type\":\"ImageObject\",\"inLanguage\":\"es\",\"@id\":\"https:\\\/\\\/secure.gravatar.com\\\/avatar\\\/3ea2118a5f7dad2b7138b1187a6b7ee55f160b9968b66013c3a3ef39dd7e5798?s=96&d=mm&r=g\",\"url\":\"https:\\\/\\\/secure.gravatar.com\\\/avatar\\\/3ea2118a5f7dad2b7138b1187a6b7ee55f160b9968b66013c3a3ef39dd7e5798?s=96&d=mm&r=g\",\"contentUrl\":\"https:\\\/\\\/secure.gravatar.com\\\/avatar\\\/3ea2118a5f7dad2b7138b1187a6b7ee55f160b9968b66013c3a3ef39dd7e5798?s=96&d=mm&r=g\",\"caption\":\"Jeanette\"},\"sameAs\":[\"https:\\\/\\\/www.eldiario.net\\\/portal\"],\"url\":\"https:\\\/\\\/www.eldiario.net\\\/portal\\\/author\\\/jeanette\\\/\"}]}<\/script>\n<!-- \/ Yoast SEO plugin. -->","yoast_head_json":{"title":"Nueva din\u00e1mica del trabajo plantea desaf\u00edos para sindicatos - El Diario - Bolivia","robots":{"index":"index","follow":"follow","max-snippet":"max-snippet:-1","max-image-preview":"max-image-preview:large","max-video-preview":"max-video-preview:-1"},"canonical":"https:\/\/www.eldiario.net\/portal\/2021\/08\/07\/nueva-dinamica-del-trabajo-plantea-desafios-para-sindicatos\/","og_locale":"es_ES","og_type":"article","og_title":"Nueva din\u00e1mica del trabajo plantea desaf\u00edos para sindicatos - El Diario - Bolivia","og_description":"El futuro del trabajo es rodeado por un panorama incierto y lo mismo ocurre con los sindicatos. La globalizaci\u00f3n, los cambios demogr\u00e1ficos, medioambientales y tecnol\u00f3gicos paulatinamente modifican los mercados laborales de hoy y determinar\u00e1n los del ma\u00f1ana, seg\u00fan una evaluaci\u00f3n de la Organizaci\u00f3n internacional del Trabajo, publicada en su sitio web International Labour Organization. Para [&hellip;]","og_url":"https:\/\/www.eldiario.net\/portal\/2021\/08\/07\/nueva-dinamica-del-trabajo-plantea-desafios-para-sindicatos\/","og_site_name":"El Diario - Bolivia","article_publisher":"https:\/\/www.facebook.com\/eldiario.bolivia\/","article_published_time":"2021-08-07T06:32:19+00:00","author":"Jeanette","twitter_card":"summary_large_image","twitter_creator":"@eldiario_net","twitter_site":"@eldiario_net","twitter_misc":{"Escrito por":"Jeanette","Tiempo de lectura":"5 minutos"},"schema":{"@context":"https:\/\/schema.org","@graph":[{"@type":"Article","@id":"https:\/\/www.eldiario.net\/portal\/2021\/08\/07\/nueva-dinamica-del-trabajo-plantea-desafios-para-sindicatos\/#article","isPartOf":{"@id":"https:\/\/www.eldiario.net\/portal\/2021\/08\/07\/nueva-dinamica-del-trabajo-plantea-desafios-para-sindicatos\/"},"author":{"name":"Jeanette","@id":"https:\/\/www.eldiario.net\/portal\/#\/schema\/person\/f46445640444750d7d753ccd04ae01b7"},"headline":"Nueva din\u00e1mica del trabajo plantea desaf\u00edos para sindicatos","datePublished":"2021-08-07T06:32:19+00:00","mainEntityOfPage":{"@id":"https:\/\/www.eldiario.net\/portal\/2021\/08\/07\/nueva-dinamica-del-trabajo-plantea-desafios-para-sindicatos\/"},"wordCount":1060,"publisher":{"@id":"https:\/\/www.eldiario.net\/portal\/#organization"},"image":{"@id":"https:\/\/www.eldiario.net\/portal\/2021\/08\/07\/nueva-dinamica-del-trabajo-plantea-desafios-para-sindicatos\/#primaryimage"},"thumbnailUrl":"","articleSection":["Nacional"],"inLanguage":"es"},{"@type":"WebPage","@id":"https:\/\/www.eldiario.net\/portal\/2021\/08\/07\/nueva-dinamica-del-trabajo-plantea-desafios-para-sindicatos\/","url":"https:\/\/www.eldiario.net\/portal\/2021\/08\/07\/nueva-dinamica-del-trabajo-plantea-desafios-para-sindicatos\/","name":"Nueva din\u00e1mica del trabajo plantea desaf\u00edos para sindicatos - El Diario - Bolivia","isPartOf":{"@id":"https:\/\/www.eldiario.net\/portal\/#website"},"primaryImageOfPage":{"@id":"https:\/\/www.eldiario.net\/portal\/2021\/08\/07\/nueva-dinamica-del-trabajo-plantea-desafios-para-sindicatos\/#primaryimage"},"image":{"@id":"https:\/\/www.eldiario.net\/portal\/2021\/08\/07\/nueva-dinamica-del-trabajo-plantea-desafios-para-sindicatos\/#primaryimage"},"thumbnailUrl":"","datePublished":"2021-08-07T06:32:19+00:00","breadcrumb":{"@id":"https:\/\/www.eldiario.net\/portal\/2021\/08\/07\/nueva-dinamica-del-trabajo-plantea-desafios-para-sindicatos\/#breadcrumb"},"inLanguage":"es","potentialAction":[{"@type":"ReadAction","target":["https:\/\/www.eldiario.net\/portal\/2021\/08\/07\/nueva-dinamica-del-trabajo-plantea-desafios-para-sindicatos\/"]}]},{"@type":"ImageObject","inLanguage":"es","@id":"https:\/\/www.eldiario.net\/portal\/2021\/08\/07\/nueva-dinamica-del-trabajo-plantea-desafios-para-sindicatos\/#primaryimage","url":"","contentUrl":""},{"@type":"BreadcrumbList","@id":"https:\/\/www.eldiario.net\/portal\/2021\/08\/07\/nueva-dinamica-del-trabajo-plantea-desafios-para-sindicatos\/#breadcrumb","itemListElement":[{"@type":"ListItem","position":1,"name":"Portada","item":"https:\/\/www.eldiario.net\/portal\/"},{"@type":"ListItem","position":2,"name":"Nueva din\u00e1mica del trabajo plantea desaf\u00edos para sindicatos"}]},{"@type":"WebSite","@id":"https:\/\/www.eldiario.net\/portal\/#website","url":"https:\/\/www.eldiario.net\/portal\/","name":"El Diario - Decano de la prensa nacional","description":"El Diario - Decano de la prensa nacional","publisher":{"@id":"https:\/\/www.eldiario.net\/portal\/#organization"},"potentialAction":[{"@type":"SearchAction","target":{"@type":"EntryPoint","urlTemplate":"https:\/\/www.eldiario.net\/portal\/?s={search_term_string}"},"query-input":{"@type":"PropertyValueSpecification","valueRequired":true,"valueName":"search_term_string"}}],"inLanguage":"es"},{"@type":"Organization","@id":"https:\/\/www.eldiario.net\/portal\/#organization","name":"El Diario - Decano de la prensa nacional","url":"https:\/\/www.eldiario.net\/portal\/","logo":{"@type":"ImageObject","inLanguage":"es","@id":"https:\/\/www.eldiario.net\/portal\/#\/schema\/logo\/image\/","url":"https:\/\/www.eldiario.net\/portal\/wp-content\/uploads\/2023\/07\/logo_ED.jpg","contentUrl":"https:\/\/www.eldiario.net\/portal\/wp-content\/uploads\/2023\/07\/logo_ED.jpg","width":272,"height":52,"caption":"El Diario - Decano de la prensa nacional"},"image":{"@id":"https:\/\/www.eldiario.net\/portal\/#\/schema\/logo\/image\/"},"sameAs":["https:\/\/www.facebook.com\/eldiario.bolivia\/","https:\/\/x.com\/eldiario_net"]},{"@type":"Person","@id":"https:\/\/www.eldiario.net\/portal\/#\/schema\/person\/f46445640444750d7d753ccd04ae01b7","name":"Jeanette","image":{"@type":"ImageObject","inLanguage":"es","@id":"https:\/\/secure.gravatar.com\/avatar\/3ea2118a5f7dad2b7138b1187a6b7ee55f160b9968b66013c3a3ef39dd7e5798?s=96&d=mm&r=g","url":"https:\/\/secure.gravatar.com\/avatar\/3ea2118a5f7dad2b7138b1187a6b7ee55f160b9968b66013c3a3ef39dd7e5798?s=96&d=mm&r=g","contentUrl":"https:\/\/secure.gravatar.com\/avatar\/3ea2118a5f7dad2b7138b1187a6b7ee55f160b9968b66013c3a3ef39dd7e5798?s=96&d=mm&r=g","caption":"Jeanette"},"sameAs":["https:\/\/www.eldiario.net\/portal"],"url":"https:\/\/www.eldiario.net\/portal\/author\/jeanette\/"}]}},"_links":{"self":[{"href":"https:\/\/www.eldiario.net\/portal\/wp-json\/wp\/v2\/posts\/21880","targetHints":{"allow":["GET"]}}],"collection":[{"href":"https:\/\/www.eldiario.net\/portal\/wp-json\/wp\/v2\/posts"}],"about":[{"href":"https:\/\/www.eldiario.net\/portal\/wp-json\/wp\/v2\/types\/post"}],"author":[{"embeddable":true,"href":"https:\/\/www.eldiario.net\/portal\/wp-json\/wp\/v2\/users\/1"}],"replies":[{"embeddable":true,"href":"https:\/\/www.eldiario.net\/portal\/wp-json\/wp\/v2\/comments?post=21880"}],"version-history":[{"count":0,"href":"https:\/\/www.eldiario.net\/portal\/wp-json\/wp\/v2\/posts\/21880\/revisions"}],"wp:attachment":[{"href":"https:\/\/www.eldiario.net\/portal\/wp-json\/wp\/v2\/media?parent=21880"}],"wp:term":[{"taxonomy":"category","embeddable":true,"href":"https:\/\/www.eldiario.net\/portal\/wp-json\/wp\/v2\/categories?post=21880"},{"taxonomy":"post_tag","embeddable":true,"href":"https:\/\/www.eldiario.net\/portal\/wp-json\/wp\/v2\/tags?post=21880"}],"curies":[{"name":"wp","href":"https:\/\/api.w.org\/{rel}","templated":true}]}}