{"id":21874,"date":"2021-08-07T02:28:48","date_gmt":"2021-08-07T06:28:48","guid":{"rendered":"https:\/\/www.eldiario.net\/portal\/?p=21874"},"modified":"2021-08-07T02:28:48","modified_gmt":"2021-08-07T06:28:48","slug":"hasta-diciembre-90-de-poblacion-mayor-de-18-anos-estara-vacunada","status":"publish","type":"post","link":"https:\/\/www.eldiario.net\/portal\/2021\/08\/07\/hasta-diciembre-90-de-poblacion-mayor-de-18-anos-estara-vacunada\/","title":{"rendered":"Hasta diciembre, 90 % de poblaci\u00f3n mayor de 18 a\u00f1os estar\u00e1 vacunada"},"content":{"rendered":"<p>El presidente Luis Arce Catacora anunci\u00f3 ayer qu\u00e9 hasta diciembre de 2021, el 90 % de la poblaci\u00f3n mayor a 18 a\u00f1os estar\u00e1 vacunada contra el covid-19 en el pa\u00eds; sin embargo, a solo cuatro meses de terminar el a\u00f1o, no se lleg\u00f3 ni al 30 % de las personas con las dos dosis. Un 25 % espera la Spunitk.<br \/>\n\u201cDe acuerdo a las proyecciones de nuestro Ministerio de Salud, hasta diciembre vamos a tener inmunizada a aproximadamente al 90 % de la poblaci\u00f3n mayor de 18 a\u00f1os\u201d, dijo durante discurso por el 196 aniversario de Independencia de Bolivia, que se celebr\u00f3 con una sesi\u00f3n de honor en la Asamblea Legislativa Plurinacional (ALP) en la ciudad de La Paz.<br \/>\nEl mandatario se\u00f1al\u00f3 que hasta el momento se logr\u00f3 encarar el diagn\u00f3stico oportuno, masivo y gratuito con m\u00e1s de cuatro millones de pruebas ant\u00edgeno-nasales y reactivos para las pruebas PCR; adem\u00e1s de tener disponibles m\u00e1s de siete medicamentos gratuitos para el tratamiento anticovid.<br \/>\nDe la misma forma, dijo que se garantiz\u00f3 un presupuesto para la lucha contra la pandemia de 1.863 millones de bolivianos y de manera general se presupuest\u00f3 para el sector Salud 24.504 millones, m\u00e1s del 10 % del Presupuesto General del Estado (PGE) consolidado.<br \/>\nTambi\u00e9n indic\u00f3 que desde que asumi\u00f3 el Gobierno, en noviembre de 2020, se realiz\u00f3 un esfuerzo en concebir y desarrollar una estrategia integral para enfrentar la pandemia, con un plan que contempla tres pilares: pruebas gratuitas para detectar oportunamente, aislar y medicar; vacunaci\u00f3n gratuita y equitativa; y coordinaci\u00f3n con los niveles del Estado para que realicen pruebas, mediquen, a\u00edslen y vacunen a la poblaci\u00f3n con las dosis proporcionadas por el gobierno.<br \/>\nDestac\u00f3 que el plan comenzara a dar resultado de inmediato, pues de una tasa de letalidad en la primera ola de 6,2 %, actualmente llega al 2,7 %.<br \/>\n\u201cHemos lamentado todos los decesos por la pandemia y expresamos nuestro m\u00e1s sincero sentimiento de solidaridad con las familias que han perdido un ser querido\u201d, manifest\u00f3.<br \/>\nResalt\u00f3 que su gobierno despleg\u00f3 todos sus esfuerzos para garantizar vacunas gratuitas destinadas a una campa\u00f1a masiva de inmunizaci\u00f3n, que incluso lleg\u00f3 a 100.000 personas vacunadas por d\u00eda.<br \/>\n\u201cEste esfuerzo y batalla por la vida se ha traducido en garantizar m\u00e1s de 18 millones de vacunas de distinta procedencia, de los que cerca de 8 millones ya llegaron al pa\u00eds, y esperamos que m\u00e1s de 10 millones lleguen pronto\u201d, remarc\u00f3. (ABI)<\/p>\n","protected":false},"excerpt":{"rendered":"<p>El presidente Luis Arce Catacora anunci\u00f3 ayer qu\u00e9 hasta diciembre de 2021, el 90 % de la poblaci\u00f3n mayor a 18 a\u00f1os estar\u00e1 vacunada contra el covid-19 en el pa\u00eds; sin embargo, a solo cuatro meses de terminar el a\u00f1o, no se lleg\u00f3 ni al 30 % de las personas con las dos dosis. Un [&hellip;]<\/p>\n","protected":false},"author":1,"featured_media":21875,"comment_status":"closed","ping_status":"closed","sticky":false,"template":"","format":"standard","meta":{"_acf_changed":false,"footnotes":""},"categories":[12],"tags":[],"class_list":["post-21874","post","type-post","status-publish","format-standard","has-post-thumbnail","category-nacional"],"acf":{"antetitulo":""},"yoast_head":"<!-- This site is optimized with the Yoast SEO plugin v28.4 - https:\/\/yoast.com\/product\/yoast-seo-wordpress\/ -->\n<title>Hasta diciembre, 90 % de poblaci\u00f3n mayor de 18 a\u00f1os estar\u00e1 vacunada - El Diario - Bolivia<\/title>\n<meta name=\"robots\" content=\"index, follow, max-snippet:-1, max-image-preview:large, max-video-preview:-1\" \/>\n<link rel=\"canonical\" href=\"https:\/\/www.eldiario.net\/portal\/2021\/08\/07\/hasta-diciembre-90-de-poblacion-mayor-de-18-anos-estara-vacunada\/\" \/>\n<meta property=\"og:locale\" content=\"es_ES\" \/>\n<meta property=\"og:type\" content=\"article\" \/>\n<meta property=\"og:title\" content=\"Hasta diciembre, 90 % de poblaci\u00f3n mayor de 18 a\u00f1os estar\u00e1 vacunada - El Diario - Bolivia\" \/>\n<meta property=\"og:description\" content=\"El presidente Luis Arce Catacora anunci\u00f3 ayer qu\u00e9 hasta diciembre de 2021, el 90 % de la poblaci\u00f3n mayor a 18 a\u00f1os estar\u00e1 vacunada contra el covid-19 en el pa\u00eds; sin embargo, a solo cuatro meses de terminar el a\u00f1o, no se lleg\u00f3 ni al 30 % de las personas con las dos dosis. Un [&hellip;]\" \/>\n<meta property=\"og:url\" content=\"https:\/\/www.eldiario.net\/portal\/2021\/08\/07\/hasta-diciembre-90-de-poblacion-mayor-de-18-anos-estara-vacunada\/\" \/>\n<meta property=\"og:site_name\" content=\"El Diario - Bolivia\" \/>\n<meta property=\"article:publisher\" content=\"https:\/\/www.facebook.com\/eldiario.bolivia\/\" \/>\n<meta property=\"article:published_time\" content=\"2021-08-07T06:28:48+00:00\" \/>\n<meta name=\"author\" content=\"Jeanette\" \/>\n<meta name=\"twitter:card\" content=\"summary_large_image\" \/>\n<meta name=\"twitter:creator\" content=\"@eldiario_net\" \/>\n<meta name=\"twitter:site\" content=\"@eldiario_net\" \/>\n<meta name=\"twitter:label1\" content=\"Escrito por\" \/>\n\t<meta name=\"twitter:data1\" content=\"Jeanette\" \/>\n\t<meta name=\"twitter:label2\" content=\"Tiempo de lectura\" \/>\n\t<meta name=\"twitter:data2\" content=\"2 minutos\" \/>\n<script type=\"application\/ld+json\" class=\"yoast-schema-graph\">{\"@context\":\"https:\\\/\\\/schema.org\",\"@graph\":[{\"@type\":\"Article\",\"@id\":\"https:\\\/\\\/www.eldiario.net\\\/portal\\\/2021\\\/08\\\/07\\\/hasta-diciembre-90-de-poblacion-mayor-de-18-anos-estara-vacunada\\\/#article\",\"isPartOf\":{\"@id\":\"https:\\\/\\\/www.eldiario.net\\\/portal\\\/2021\\\/08\\\/07\\\/hasta-diciembre-90-de-poblacion-mayor-de-18-anos-estara-vacunada\\\/\"},\"author\":{\"name\":\"Jeanette\",\"@id\":\"https:\\\/\\\/www.eldiario.net\\\/portal\\\/#\\\/schema\\\/person\\\/f46445640444750d7d753ccd04ae01b7\"},\"headline\":\"Hasta diciembre, 90 % de poblaci\u00f3n mayor de 18 a\u00f1os estar\u00e1 vacunada\",\"datePublished\":\"2021-08-07T06:28:48+00:00\",\"mainEntityOfPage\":{\"@id\":\"https:\\\/\\\/www.eldiario.net\\\/portal\\\/2021\\\/08\\\/07\\\/hasta-diciembre-90-de-poblacion-mayor-de-18-anos-estara-vacunada\\\/\"},\"wordCount\":414,\"publisher\":{\"@id\":\"https:\\\/\\\/www.eldiario.net\\\/portal\\\/#organization\"},\"image\":{\"@id\":\"https:\\\/\\\/www.eldiario.net\\\/portal\\\/2021\\\/08\\\/07\\\/hasta-diciembre-90-de-poblacion-mayor-de-18-anos-estara-vacunada\\\/#primaryimage\"},\"thumbnailUrl\":\"\",\"articleSection\":[\"Nacional\"],\"inLanguage\":\"es\"},{\"@type\":\"WebPage\",\"@id\":\"https:\\\/\\\/www.eldiario.net\\\/portal\\\/2021\\\/08\\\/07\\\/hasta-diciembre-90-de-poblacion-mayor-de-18-anos-estara-vacunada\\\/\",\"url\":\"https:\\\/\\\/www.eldiario.net\\\/portal\\\/2021\\\/08\\\/07\\\/hasta-diciembre-90-de-poblacion-mayor-de-18-anos-estara-vacunada\\\/\",\"name\":\"Hasta diciembre, 90 % de poblaci\u00f3n mayor de 18 a\u00f1os estar\u00e1 vacunada - El Diario - Bolivia\",\"isPartOf\":{\"@id\":\"https:\\\/\\\/www.eldiario.net\\\/portal\\\/#website\"},\"primaryImageOfPage\":{\"@id\":\"https:\\\/\\\/www.eldiario.net\\\/portal\\\/2021\\\/08\\\/07\\\/hasta-diciembre-90-de-poblacion-mayor-de-18-anos-estara-vacunada\\\/#primaryimage\"},\"image\":{\"@id\":\"https:\\\/\\\/www.eldiario.net\\\/portal\\\/2021\\\/08\\\/07\\\/hasta-diciembre-90-de-poblacion-mayor-de-18-anos-estara-vacunada\\\/#primaryimage\"},\"thumbnailUrl\":\"\",\"datePublished\":\"2021-08-07T06:28:48+00:00\",\"breadcrumb\":{\"@id\":\"https:\\\/\\\/www.eldiario.net\\\/portal\\\/2021\\\/08\\\/07\\\/hasta-diciembre-90-de-poblacion-mayor-de-18-anos-estara-vacunada\\\/#breadcrumb\"},\"inLanguage\":\"es\",\"potentialAction\":[{\"@type\":\"ReadAction\",\"target\":[\"https:\\\/\\\/www.eldiario.net\\\/portal\\\/2021\\\/08\\\/07\\\/hasta-diciembre-90-de-poblacion-mayor-de-18-anos-estara-vacunada\\\/\"]}]},{\"@type\":\"ImageObject\",\"inLanguage\":\"es\",\"@id\":\"https:\\\/\\\/www.eldiario.net\\\/portal\\\/2021\\\/08\\\/07\\\/hasta-diciembre-90-de-poblacion-mayor-de-18-anos-estara-vacunada\\\/#primaryimage\",\"url\":\"\",\"contentUrl\":\"\"},{\"@type\":\"BreadcrumbList\",\"@id\":\"https:\\\/\\\/www.eldiario.net\\\/portal\\\/2021\\\/08\\\/07\\\/hasta-diciembre-90-de-poblacion-mayor-de-18-anos-estara-vacunada\\\/#breadcrumb\",\"itemListElement\":[{\"@type\":\"ListItem\",\"position\":1,\"name\":\"Portada\",\"item\":\"https:\\\/\\\/www.eldiario.net\\\/portal\\\/\"},{\"@type\":\"ListItem\",\"position\":2,\"name\":\"Hasta diciembre, 90 % de poblaci\u00f3n mayor de 18 a\u00f1os estar\u00e1 vacunada\"}]},{\"@type\":\"WebSite\",\"@id\":\"https:\\\/\\\/www.eldiario.net\\\/portal\\\/#website\",\"url\":\"https:\\\/\\\/www.eldiario.net\\\/portal\\\/\",\"name\":\"El Diario - Decano de la prensa nacional\",\"description\":\"El Diario - Decano de la prensa nacional\",\"publisher\":{\"@id\":\"https:\\\/\\\/www.eldiario.net\\\/portal\\\/#organization\"},\"potentialAction\":[{\"@type\":\"SearchAction\",\"target\":{\"@type\":\"EntryPoint\",\"urlTemplate\":\"https:\\\/\\\/www.eldiario.net\\\/portal\\\/?s={search_term_string}\"},\"query-input\":{\"@type\":\"PropertyValueSpecification\",\"valueRequired\":true,\"valueName\":\"search_term_string\"}}],\"inLanguage\":\"es\"},{\"@type\":\"Organization\",\"@id\":\"https:\\\/\\\/www.eldiario.net\\\/portal\\\/#organization\",\"name\":\"El Diario - Decano de la prensa nacional\",\"url\":\"https:\\\/\\\/www.eldiario.net\\\/portal\\\/\",\"logo\":{\"@type\":\"ImageObject\",\"inLanguage\":\"es\",\"@id\":\"https:\\\/\\\/www.eldiario.net\\\/portal\\\/#\\\/schema\\\/logo\\\/image\\\/\",\"url\":\"https:\\\/\\\/www.eldiario.net\\\/portal\\\/wp-content\\\/uploads\\\/2023\\\/07\\\/logo_ED.jpg\",\"contentUrl\":\"https:\\\/\\\/www.eldiario.net\\\/portal\\\/wp-content\\\/uploads\\\/2023\\\/07\\\/logo_ED.jpg\",\"width\":272,\"height\":52,\"caption\":\"El Diario - Decano de la prensa nacional\"},\"image\":{\"@id\":\"https:\\\/\\\/www.eldiario.net\\\/portal\\\/#\\\/schema\\\/logo\\\/image\\\/\"},\"sameAs\":[\"https:\\\/\\\/www.facebook.com\\\/eldiario.bolivia\\\/\",\"https:\\\/\\\/x.com\\\/eldiario_net\"]},{\"@type\":\"Person\",\"@id\":\"https:\\\/\\\/www.eldiario.net\\\/portal\\\/#\\\/schema\\\/person\\\/f46445640444750d7d753ccd04ae01b7\",\"name\":\"Jeanette\",\"image\":{\"@type\":\"ImageObject\",\"inLanguage\":\"es\",\"@id\":\"https:\\\/\\\/secure.gravatar.com\\\/avatar\\\/3ea2118a5f7dad2b7138b1187a6b7ee55f160b9968b66013c3a3ef39dd7e5798?s=96&d=mm&r=g\",\"url\":\"https:\\\/\\\/secure.gravatar.com\\\/avatar\\\/3ea2118a5f7dad2b7138b1187a6b7ee55f160b9968b66013c3a3ef39dd7e5798?s=96&d=mm&r=g\",\"contentUrl\":\"https:\\\/\\\/secure.gravatar.com\\\/avatar\\\/3ea2118a5f7dad2b7138b1187a6b7ee55f160b9968b66013c3a3ef39dd7e5798?s=96&d=mm&r=g\",\"caption\":\"Jeanette\"},\"sameAs\":[\"https:\\\/\\\/www.eldiario.net\\\/portal\"],\"url\":\"https:\\\/\\\/www.eldiario.net\\\/portal\\\/author\\\/jeanette\\\/\"}]}<\/script>\n<!-- \/ Yoast SEO plugin. -->","yoast_head_json":{"title":"Hasta diciembre, 90 % de poblaci\u00f3n mayor de 18 a\u00f1os estar\u00e1 vacunada - El Diario - Bolivia","robots":{"index":"index","follow":"follow","max-snippet":"max-snippet:-1","max-image-preview":"max-image-preview:large","max-video-preview":"max-video-preview:-1"},"canonical":"https:\/\/www.eldiario.net\/portal\/2021\/08\/07\/hasta-diciembre-90-de-poblacion-mayor-de-18-anos-estara-vacunada\/","og_locale":"es_ES","og_type":"article","og_title":"Hasta diciembre, 90 % de poblaci\u00f3n mayor de 18 a\u00f1os estar\u00e1 vacunada - El Diario - Bolivia","og_description":"El presidente Luis Arce Catacora anunci\u00f3 ayer qu\u00e9 hasta diciembre de 2021, el 90 % de la poblaci\u00f3n mayor a 18 a\u00f1os estar\u00e1 vacunada contra el covid-19 en el pa\u00eds; sin embargo, a solo cuatro meses de terminar el a\u00f1o, no se lleg\u00f3 ni al 30 % de las personas con las dos dosis. Un [&hellip;]","og_url":"https:\/\/www.eldiario.net\/portal\/2021\/08\/07\/hasta-diciembre-90-de-poblacion-mayor-de-18-anos-estara-vacunada\/","og_site_name":"El Diario - Bolivia","article_publisher":"https:\/\/www.facebook.com\/eldiario.bolivia\/","article_published_time":"2021-08-07T06:28:48+00:00","author":"Jeanette","twitter_card":"summary_large_image","twitter_creator":"@eldiario_net","twitter_site":"@eldiario_net","twitter_misc":{"Escrito por":"Jeanette","Tiempo de lectura":"2 minutos"},"schema":{"@context":"https:\/\/schema.org","@graph":[{"@type":"Article","@id":"https:\/\/www.eldiario.net\/portal\/2021\/08\/07\/hasta-diciembre-90-de-poblacion-mayor-de-18-anos-estara-vacunada\/#article","isPartOf":{"@id":"https:\/\/www.eldiario.net\/portal\/2021\/08\/07\/hasta-diciembre-90-de-poblacion-mayor-de-18-anos-estara-vacunada\/"},"author":{"name":"Jeanette","@id":"https:\/\/www.eldiario.net\/portal\/#\/schema\/person\/f46445640444750d7d753ccd04ae01b7"},"headline":"Hasta diciembre, 90 % de poblaci\u00f3n mayor de 18 a\u00f1os estar\u00e1 vacunada","datePublished":"2021-08-07T06:28:48+00:00","mainEntityOfPage":{"@id":"https:\/\/www.eldiario.net\/portal\/2021\/08\/07\/hasta-diciembre-90-de-poblacion-mayor-de-18-anos-estara-vacunada\/"},"wordCount":414,"publisher":{"@id":"https:\/\/www.eldiario.net\/portal\/#organization"},"image":{"@id":"https:\/\/www.eldiario.net\/portal\/2021\/08\/07\/hasta-diciembre-90-de-poblacion-mayor-de-18-anos-estara-vacunada\/#primaryimage"},"thumbnailUrl":"","articleSection":["Nacional"],"inLanguage":"es"},{"@type":"WebPage","@id":"https:\/\/www.eldiario.net\/portal\/2021\/08\/07\/hasta-diciembre-90-de-poblacion-mayor-de-18-anos-estara-vacunada\/","url":"https:\/\/www.eldiario.net\/portal\/2021\/08\/07\/hasta-diciembre-90-de-poblacion-mayor-de-18-anos-estara-vacunada\/","name":"Hasta diciembre, 90 % de poblaci\u00f3n mayor de 18 a\u00f1os estar\u00e1 vacunada - El Diario - Bolivia","isPartOf":{"@id":"https:\/\/www.eldiario.net\/portal\/#website"},"primaryImageOfPage":{"@id":"https:\/\/www.eldiario.net\/portal\/2021\/08\/07\/hasta-diciembre-90-de-poblacion-mayor-de-18-anos-estara-vacunada\/#primaryimage"},"image":{"@id":"https:\/\/www.eldiario.net\/portal\/2021\/08\/07\/hasta-diciembre-90-de-poblacion-mayor-de-18-anos-estara-vacunada\/#primaryimage"},"thumbnailUrl":"","datePublished":"2021-08-07T06:28:48+00:00","breadcrumb":{"@id":"https:\/\/www.eldiario.net\/portal\/2021\/08\/07\/hasta-diciembre-90-de-poblacion-mayor-de-18-anos-estara-vacunada\/#breadcrumb"},"inLanguage":"es","potentialAction":[{"@type":"ReadAction","target":["https:\/\/www.eldiario.net\/portal\/2021\/08\/07\/hasta-diciembre-90-de-poblacion-mayor-de-18-anos-estara-vacunada\/"]}]},{"@type":"ImageObject","inLanguage":"es","@id":"https:\/\/www.eldiario.net\/portal\/2021\/08\/07\/hasta-diciembre-90-de-poblacion-mayor-de-18-anos-estara-vacunada\/#primaryimage","url":"","contentUrl":""},{"@type":"BreadcrumbList","@id":"https:\/\/www.eldiario.net\/portal\/2021\/08\/07\/hasta-diciembre-90-de-poblacion-mayor-de-18-anos-estara-vacunada\/#breadcrumb","itemListElement":[{"@type":"ListItem","position":1,"name":"Portada","item":"https:\/\/www.eldiario.net\/portal\/"},{"@type":"ListItem","position":2,"name":"Hasta diciembre, 90 % de poblaci\u00f3n mayor de 18 a\u00f1os estar\u00e1 vacunada"}]},{"@type":"WebSite","@id":"https:\/\/www.eldiario.net\/portal\/#website","url":"https:\/\/www.eldiario.net\/portal\/","name":"El Diario - Decano de la prensa nacional","description":"El Diario - Decano de la prensa nacional","publisher":{"@id":"https:\/\/www.eldiario.net\/portal\/#organization"},"potentialAction":[{"@type":"SearchAction","target":{"@type":"EntryPoint","urlTemplate":"https:\/\/www.eldiario.net\/portal\/?s={search_term_string}"},"query-input":{"@type":"PropertyValueSpecification","valueRequired":true,"valueName":"search_term_string"}}],"inLanguage":"es"},{"@type":"Organization","@id":"https:\/\/www.eldiario.net\/portal\/#organization","name":"El Diario - Decano de la prensa nacional","url":"https:\/\/www.eldiario.net\/portal\/","logo":{"@type":"ImageObject","inLanguage":"es","@id":"https:\/\/www.eldiario.net\/portal\/#\/schema\/logo\/image\/","url":"https:\/\/www.eldiario.net\/portal\/wp-content\/uploads\/2023\/07\/logo_ED.jpg","contentUrl":"https:\/\/www.eldiario.net\/portal\/wp-content\/uploads\/2023\/07\/logo_ED.jpg","width":272,"height":52,"caption":"El Diario - Decano de la prensa nacional"},"image":{"@id":"https:\/\/www.eldiario.net\/portal\/#\/schema\/logo\/image\/"},"sameAs":["https:\/\/www.facebook.com\/eldiario.bolivia\/","https:\/\/x.com\/eldiario_net"]},{"@type":"Person","@id":"https:\/\/www.eldiario.net\/portal\/#\/schema\/person\/f46445640444750d7d753ccd04ae01b7","name":"Jeanette","image":{"@type":"ImageObject","inLanguage":"es","@id":"https:\/\/secure.gravatar.com\/avatar\/3ea2118a5f7dad2b7138b1187a6b7ee55f160b9968b66013c3a3ef39dd7e5798?s=96&d=mm&r=g","url":"https:\/\/secure.gravatar.com\/avatar\/3ea2118a5f7dad2b7138b1187a6b7ee55f160b9968b66013c3a3ef39dd7e5798?s=96&d=mm&r=g","contentUrl":"https:\/\/secure.gravatar.com\/avatar\/3ea2118a5f7dad2b7138b1187a6b7ee55f160b9968b66013c3a3ef39dd7e5798?s=96&d=mm&r=g","caption":"Jeanette"},"sameAs":["https:\/\/www.eldiario.net\/portal"],"url":"https:\/\/www.eldiario.net\/portal\/author\/jeanette\/"}]}},"_links":{"self":[{"href":"https:\/\/www.eldiario.net\/portal\/wp-json\/wp\/v2\/posts\/21874","targetHints":{"allow":["GET"]}}],"collection":[{"href":"https:\/\/www.eldiario.net\/portal\/wp-json\/wp\/v2\/posts"}],"about":[{"href":"https:\/\/www.eldiario.net\/portal\/wp-json\/wp\/v2\/types\/post"}],"author":[{"embeddable":true,"href":"https:\/\/www.eldiario.net\/portal\/wp-json\/wp\/v2\/users\/1"}],"replies":[{"embeddable":true,"href":"https:\/\/www.eldiario.net\/portal\/wp-json\/wp\/v2\/comments?post=21874"}],"version-history":[{"count":0,"href":"https:\/\/www.eldiario.net\/portal\/wp-json\/wp\/v2\/posts\/21874\/revisions"}],"wp:attachment":[{"href":"https:\/\/www.eldiario.net\/portal\/wp-json\/wp\/v2\/media?parent=21874"}],"wp:term":[{"taxonomy":"category","embeddable":true,"href":"https:\/\/www.eldiario.net\/portal\/wp-json\/wp\/v2\/categories?post=21874"},{"taxonomy":"post_tag","embeddable":true,"href":"https:\/\/www.eldiario.net\/portal\/wp-json\/wp\/v2\/tags?post=21874"}],"curies":[{"name":"wp","href":"https:\/\/api.w.org\/{rel}","templated":true}]}}