{"id":218719,"date":"2024-05-05T07:35:31","date_gmt":"2024-05-05T11:35:31","guid":{"rendered":"https:\/\/www.eldiario.net\/portal\/?p=218719"},"modified":"2024-05-05T07:35:31","modified_gmt":"2024-05-05T11:35:31","slug":"como-eliminar-cicatrices-y-estrias","status":"publish","type":"post","link":"https:\/\/www.eldiario.net\/portal\/2024\/05\/05\/como-eliminar-cicatrices-y-estrias\/","title":{"rendered":"C\u00d3MO ELIMINAR CICATRICES Y ESTR\u00cdAS"},"content":{"rendered":"<p>Lic. Elicie Yanet Coral Zald\u00edvar &#8211; Lic. En enfermer\u00eda en Obstetricia Especialista en tratamientos para estrias, arrugas y cicatrices.<\/p>\n<p><strong>La apariencia de las cicatrices depende de muchos factores<\/strong>, por lo tanto, los especialistas las clasifican por tipos para poder realizar los tratamientos correctivos m\u00e1s oportunos. <strong>Entre los elementos m\u00e1s importantes para determinar dicha clasificaci\u00f3n<\/strong>, son el tipo de lesi\u00f3n o corte, lugar del cuerpo donde se ha presentado, direcci\u00f3n del corte y los factores del paciente como edad, tipo de piel y nutrici\u00f3n.<\/p>\n<p>Las personas mayores muestran dificultades en los procesos de cicatrizaci\u00f3n, ya que cuentan con menores fibras de col\u00e1geno. Es importante mencionar que, en funci\u00f3n de cada tipo de piel, ser\u00e1 el proceso tanto de cicatrizaci\u00f3n como de recuperaci\u00f3n, ya que las pieles claras son m\u00e1s sensibles que las pieles oscuras.<\/p>\n<p><strong>Las cicatrices fisiol\u00f3gicas son aquellas que tienen un aspecto discreto, sin relieve y sin evolucionar negativamente con el paso del tiempo;<\/strong> las hipertr\u00f3ficas se caracterizan por su aspecto vistoso, poseen relieve y tienen bastante grosor debido a que en el momento de la lesi\u00f3n, se produce una cantidad de col\u00e1geno excesiva; las cicatrices atr\u00f3ficas son aquellas en las que no queda mucho tejido subcut\u00e1neo, ya que el paciente muestra una falta de col\u00e1geno, en estos casos la piel de la zona da\u00f1ada est\u00e1 m\u00e1s fina que en el resto de la dermis; las cicatrices queloides son las m\u00e1s severas, se trata de una cicatriz que tiende a expandirse hacia el tejido sano que rodea al \u00e1rea da\u00f1ada; las cicatrices llamadas de \u201ccontractura\u201d son las que se producen debido a lesiones por quemaduras, la reacci\u00f3n natural de la piel ante este tipo de agresiones es la contracci\u00f3n, por lo que la piel no retoma un aspecto normal.<\/p>\n<p><strong>Las estr\u00edas se originan debido al estiramiento de la piel e implican tanto una alteraci\u00f3n del color como de la textura.<\/strong> Seg\u00fan el estado de las estr\u00edas, tienen una apariencia diferente que condiciona la elecci\u00f3n de un tratamiento u otro.<\/p>\n<p>Tecnolog\u00edas como la micropigmentaci\u00f3n, el l\u00e1ser, radiofrecuencia con micro agujas, micropunci\u00f3n el\u00e9ctrica, y tratamientos m\u00e9dicos como los peelings, son t\u00e9cnicas que te ayudar\u00e1n a reducir notablemente la apariencia de las cicatrices y, en cuanto a las estr\u00edas<strong>, reducen de un 60 hasta un 95%. <\/strong>Estas t\u00e9cnicas har\u00e1n posible sentirse m\u00e1s seguro consigo mismo.<\/p>\n<p>Por otra parte, las arrugas son parte natural del envejecimiento, son m\u00e1s prominentes en la piel expuesta al sol, como la cara, el cuello, las manos y los antebrazos. Entre los factores intr\u00ednsecos, o los que no puedes controlar, se encuentran la gen\u00e9tica y ciertos movimientos musculares. Las personas de piel m\u00e1s oscura tienden a arrugarse menos por el sol que las de tez clara. Proteger la piel del sol, una dieta saludable, no fumar y humectar correctamente la piel, son maneras efectivas de prevenir arrugas.<\/p>\n","protected":false},"excerpt":{"rendered":"<p>Lic. Elicie Yanet Coral Zald\u00edvar &#8211; Lic. En enfermer\u00eda en Obstetricia Especialista en tratamientos para estrias, arrugas y cicatrices. La apariencia de las cicatrices depende de muchos factores, por lo tanto, los especialistas las clasifican por tipos para poder realizar los tratamientos correctivos m\u00e1s oportunos. Entre los elementos m\u00e1s importantes para determinar dicha clasificaci\u00f3n, son [&hellip;]<\/p>\n","protected":false},"author":1,"featured_media":218720,"comment_status":"open","ping_status":"open","sticky":false,"template":"","format":"standard","meta":{"_acf_changed":false,"footnotes":""},"categories":[52],"tags":[],"class_list":["post-218719","post","type-post","status-publish","format-standard","has-post-thumbnail","category-de-salud-mas-vida"],"acf":{"antetitulo":""},"yoast_head":"<!-- This site is optimized with the Yoast SEO plugin v28.4 - https:\/\/yoast.com\/product\/yoast-seo-wordpress\/ -->\n<title>C\u00d3MO ELIMINAR CICATRICES Y ESTR\u00cdAS - El Diario - Bolivia<\/title>\n<meta name=\"robots\" content=\"index, follow, max-snippet:-1, max-image-preview:large, max-video-preview:-1\" \/>\n<link rel=\"canonical\" href=\"https:\/\/www.eldiario.net\/portal\/2024\/05\/05\/como-eliminar-cicatrices-y-estrias\/\" \/>\n<meta property=\"og:locale\" content=\"es_ES\" \/>\n<meta property=\"og:type\" content=\"article\" \/>\n<meta property=\"og:title\" content=\"C\u00d3MO ELIMINAR CICATRICES Y ESTR\u00cdAS - El Diario - Bolivia\" \/>\n<meta property=\"og:description\" content=\"Lic. Elicie Yanet Coral Zald\u00edvar &#8211; Lic. En enfermer\u00eda en Obstetricia Especialista en tratamientos para estrias, arrugas y cicatrices. La apariencia de las cicatrices depende de muchos factores, por lo tanto, los especialistas las clasifican por tipos para poder realizar los tratamientos correctivos m\u00e1s oportunos. Entre los elementos m\u00e1s importantes para determinar dicha clasificaci\u00f3n, son [&hellip;]\" \/>\n<meta property=\"og:url\" content=\"https:\/\/www.eldiario.net\/portal\/2024\/05\/05\/como-eliminar-cicatrices-y-estrias\/\" \/>\n<meta property=\"og:site_name\" content=\"El Diario - Bolivia\" \/>\n<meta property=\"article:publisher\" content=\"https:\/\/www.facebook.com\/eldiario.bolivia\/\" \/>\n<meta property=\"article:published_time\" content=\"2024-05-05T11:35:31+00:00\" \/>\n<meta property=\"og:image\" content=\"https:\/\/www.eldiario.net\/portal\/wp-content\/uploads\/2024\/05\/COMO-ELIMINAR-CICATRICES-Y-ESTRIAS.jpg\" \/>\n\t<meta property=\"og:image:width\" content=\"1500\" \/>\n\t<meta property=\"og:image:height\" content=\"1000\" \/>\n\t<meta property=\"og:image:type\" content=\"image\/jpeg\" \/>\n<meta name=\"author\" content=\"Jeanette\" \/>\n<meta name=\"twitter:card\" content=\"summary_large_image\" \/>\n<meta name=\"twitter:creator\" content=\"@eldiario_net\" \/>\n<meta name=\"twitter:site\" content=\"@eldiario_net\" \/>\n<meta name=\"twitter:label1\" content=\"Escrito por\" \/>\n\t<meta name=\"twitter:data1\" content=\"Jeanette\" \/>\n\t<meta name=\"twitter:label2\" content=\"Tiempo de lectura\" \/>\n\t<meta name=\"twitter:data2\" content=\"3 minutos\" \/>\n<script type=\"application\/ld+json\" class=\"yoast-schema-graph\">{\"@context\":\"https:\\\/\\\/schema.org\",\"@graph\":[{\"@type\":\"Article\",\"@id\":\"https:\\\/\\\/www.eldiario.net\\\/portal\\\/2024\\\/05\\\/05\\\/como-eliminar-cicatrices-y-estrias\\\/#article\",\"isPartOf\":{\"@id\":\"https:\\\/\\\/www.eldiario.net\\\/portal\\\/2024\\\/05\\\/05\\\/como-eliminar-cicatrices-y-estrias\\\/\"},\"author\":{\"name\":\"Jeanette\",\"@id\":\"https:\\\/\\\/www.eldiario.net\\\/portal\\\/#\\\/schema\\\/person\\\/2c57cf2b7a7ae032e449e4c9b1019eac\"},\"headline\":\"C\u00d3MO ELIMINAR CICATRICES Y ESTR\u00cdAS\",\"datePublished\":\"2024-05-05T11:35:31+00:00\",\"mainEntityOfPage\":{\"@id\":\"https:\\\/\\\/www.eldiario.net\\\/portal\\\/2024\\\/05\\\/05\\\/como-eliminar-cicatrices-y-estrias\\\/\"},\"wordCount\":521,\"commentCount\":0,\"publisher\":{\"@id\":\"https:\\\/\\\/www.eldiario.net\\\/portal\\\/#organization\"},\"image\":{\"@id\":\"https:\\\/\\\/www.eldiario.net\\\/portal\\\/2024\\\/05\\\/05\\\/como-eliminar-cicatrices-y-estrias\\\/#primaryimage\"},\"thumbnailUrl\":\"https:\\\/\\\/www.eldiario.net\\\/portal\\\/wp-content\\\/uploads\\\/2024\\\/05\\\/COMO-ELIMINAR-CICATRICES-Y-ESTRIAS.jpg\",\"articleSection\":[\"De Salud + vida\"],\"inLanguage\":\"es\",\"potentialAction\":[{\"@type\":\"CommentAction\",\"name\":\"Comment\",\"target\":[\"https:\\\/\\\/www.eldiario.net\\\/portal\\\/2024\\\/05\\\/05\\\/como-eliminar-cicatrices-y-estrias\\\/#respond\"]}]},{\"@type\":\"WebPage\",\"@id\":\"https:\\\/\\\/www.eldiario.net\\\/portal\\\/2024\\\/05\\\/05\\\/como-eliminar-cicatrices-y-estrias\\\/\",\"url\":\"https:\\\/\\\/www.eldiario.net\\\/portal\\\/2024\\\/05\\\/05\\\/como-eliminar-cicatrices-y-estrias\\\/\",\"name\":\"C\u00d3MO ELIMINAR CICATRICES Y ESTR\u00cdAS - El Diario - Bolivia\",\"isPartOf\":{\"@id\":\"https:\\\/\\\/www.eldiario.net\\\/portal\\\/#website\"},\"primaryImageOfPage\":{\"@id\":\"https:\\\/\\\/www.eldiario.net\\\/portal\\\/2024\\\/05\\\/05\\\/como-eliminar-cicatrices-y-estrias\\\/#primaryimage\"},\"image\":{\"@id\":\"https:\\\/\\\/www.eldiario.net\\\/portal\\\/2024\\\/05\\\/05\\\/como-eliminar-cicatrices-y-estrias\\\/#primaryimage\"},\"thumbnailUrl\":\"https:\\\/\\\/www.eldiario.net\\\/portal\\\/wp-content\\\/uploads\\\/2024\\\/05\\\/COMO-ELIMINAR-CICATRICES-Y-ESTRIAS.jpg\",\"datePublished\":\"2024-05-05T11:35:31+00:00\",\"breadcrumb\":{\"@id\":\"https:\\\/\\\/www.eldiario.net\\\/portal\\\/2024\\\/05\\\/05\\\/como-eliminar-cicatrices-y-estrias\\\/#breadcrumb\"},\"inLanguage\":\"es\",\"potentialAction\":[{\"@type\":\"ReadAction\",\"target\":[\"https:\\\/\\\/www.eldiario.net\\\/portal\\\/2024\\\/05\\\/05\\\/como-eliminar-cicatrices-y-estrias\\\/\"]}]},{\"@type\":\"ImageObject\",\"inLanguage\":\"es\",\"@id\":\"https:\\\/\\\/www.eldiario.net\\\/portal\\\/2024\\\/05\\\/05\\\/como-eliminar-cicatrices-y-estrias\\\/#primaryimage\",\"url\":\"https:\\\/\\\/www.eldiario.net\\\/portal\\\/wp-content\\\/uploads\\\/2024\\\/05\\\/COMO-ELIMINAR-CICATRICES-Y-ESTRIAS.jpg\",\"contentUrl\":\"https:\\\/\\\/www.eldiario.net\\\/portal\\\/wp-content\\\/uploads\\\/2024\\\/05\\\/COMO-ELIMINAR-CICATRICES-Y-ESTRIAS.jpg\",\"width\":1500,\"height\":1000},{\"@type\":\"BreadcrumbList\",\"@id\":\"https:\\\/\\\/www.eldiario.net\\\/portal\\\/2024\\\/05\\\/05\\\/como-eliminar-cicatrices-y-estrias\\\/#breadcrumb\",\"itemListElement\":[{\"@type\":\"ListItem\",\"position\":1,\"name\":\"Portada\",\"item\":\"https:\\\/\\\/www.eldiario.net\\\/portal\\\/\"},{\"@type\":\"ListItem\",\"position\":2,\"name\":\"C\u00d3MO ELIMINAR CICATRICES Y ESTR\u00cdAS\"}]},{\"@type\":\"WebSite\",\"@id\":\"https:\\\/\\\/www.eldiario.net\\\/portal\\\/#website\",\"url\":\"https:\\\/\\\/www.eldiario.net\\\/portal\\\/\",\"name\":\"El Diario - Decano de la prensa nacional\",\"description\":\"El Diario - Decano de la prensa nacional\",\"publisher\":{\"@id\":\"https:\\\/\\\/www.eldiario.net\\\/portal\\\/#organization\"},\"potentialAction\":[{\"@type\":\"SearchAction\",\"target\":{\"@type\":\"EntryPoint\",\"urlTemplate\":\"https:\\\/\\\/www.eldiario.net\\\/portal\\\/?s={search_term_string}\"},\"query-input\":{\"@type\":\"PropertyValueSpecification\",\"valueRequired\":true,\"valueName\":\"search_term_string\"}}],\"inLanguage\":\"es\"},{\"@type\":\"Organization\",\"@id\":\"https:\\\/\\\/www.eldiario.net\\\/portal\\\/#organization\",\"name\":\"El Diario - Decano de la prensa nacional\",\"url\":\"https:\\\/\\\/www.eldiario.net\\\/portal\\\/\",\"logo\":{\"@type\":\"ImageObject\",\"inLanguage\":\"es\",\"@id\":\"https:\\\/\\\/www.eldiario.net\\\/portal\\\/#\\\/schema\\\/logo\\\/image\\\/\",\"url\":\"https:\\\/\\\/www.eldiario.net\\\/portal\\\/wp-content\\\/uploads\\\/2023\\\/07\\\/logo_ED.jpg\",\"contentUrl\":\"https:\\\/\\\/www.eldiario.net\\\/portal\\\/wp-content\\\/uploads\\\/2023\\\/07\\\/logo_ED.jpg\",\"width\":272,\"height\":52,\"caption\":\"El Diario - Decano de la prensa nacional\"},\"image\":{\"@id\":\"https:\\\/\\\/www.eldiario.net\\\/portal\\\/#\\\/schema\\\/logo\\\/image\\\/\"},\"sameAs\":[\"https:\\\/\\\/www.facebook.com\\\/eldiario.bolivia\\\/\",\"https:\\\/\\\/x.com\\\/eldiario_net\"]},{\"@type\":\"Person\",\"@id\":\"https:\\\/\\\/www.eldiario.net\\\/portal\\\/#\\\/schema\\\/person\\\/2c57cf2b7a7ae032e449e4c9b1019eac\",\"name\":\"Jeanette\",\"image\":{\"@type\":\"ImageObject\",\"inLanguage\":\"es\",\"@id\":\"https:\\\/\\\/secure.gravatar.com\\\/avatar\\\/3ea2118a5f7dad2b7138b1187a6b7ee55f160b9968b66013c3a3ef39dd7e5798?s=96&d=mm&r=g\",\"url\":\"https:\\\/\\\/secure.gravatar.com\\\/avatar\\\/3ea2118a5f7dad2b7138b1187a6b7ee55f160b9968b66013c3a3ef39dd7e5798?s=96&d=mm&r=g\",\"contentUrl\":\"https:\\\/\\\/secure.gravatar.com\\\/avatar\\\/3ea2118a5f7dad2b7138b1187a6b7ee55f160b9968b66013c3a3ef39dd7e5798?s=96&d=mm&r=g\",\"caption\":\"Jeanette\"},\"sameAs\":[\"https:\\\/\\\/www.eldiario.net\\\/portal\"],\"url\":\"https:\\\/\\\/www.eldiario.net\\\/portal\\\/author\\\/jeanette\\\/\"}]}<\/script>\n<!-- \/ Yoast SEO plugin. -->","yoast_head_json":{"title":"C\u00d3MO ELIMINAR CICATRICES Y ESTR\u00cdAS - El Diario - Bolivia","robots":{"index":"index","follow":"follow","max-snippet":"max-snippet:-1","max-image-preview":"max-image-preview:large","max-video-preview":"max-video-preview:-1"},"canonical":"https:\/\/www.eldiario.net\/portal\/2024\/05\/05\/como-eliminar-cicatrices-y-estrias\/","og_locale":"es_ES","og_type":"article","og_title":"C\u00d3MO ELIMINAR CICATRICES Y ESTR\u00cdAS - El Diario - Bolivia","og_description":"Lic. Elicie Yanet Coral Zald\u00edvar &#8211; Lic. En enfermer\u00eda en Obstetricia Especialista en tratamientos para estrias, arrugas y cicatrices. La apariencia de las cicatrices depende de muchos factores, por lo tanto, los especialistas las clasifican por tipos para poder realizar los tratamientos correctivos m\u00e1s oportunos. Entre los elementos m\u00e1s importantes para determinar dicha clasificaci\u00f3n, son [&hellip;]","og_url":"https:\/\/www.eldiario.net\/portal\/2024\/05\/05\/como-eliminar-cicatrices-y-estrias\/","og_site_name":"El Diario - Bolivia","article_publisher":"https:\/\/www.facebook.com\/eldiario.bolivia\/","article_published_time":"2024-05-05T11:35:31+00:00","og_image":[{"width":1500,"height":1000,"url":"https:\/\/www.eldiario.net\/portal\/wp-content\/uploads\/2024\/05\/COMO-ELIMINAR-CICATRICES-Y-ESTRIAS.jpg","type":"image\/jpeg"}],"author":"Jeanette","twitter_card":"summary_large_image","twitter_creator":"@eldiario_net","twitter_site":"@eldiario_net","twitter_misc":{"Escrito por":"Jeanette","Tiempo de lectura":"3 minutos"},"schema":{"@context":"https:\/\/schema.org","@graph":[{"@type":"Article","@id":"https:\/\/www.eldiario.net\/portal\/2024\/05\/05\/como-eliminar-cicatrices-y-estrias\/#article","isPartOf":{"@id":"https:\/\/www.eldiario.net\/portal\/2024\/05\/05\/como-eliminar-cicatrices-y-estrias\/"},"author":{"name":"Jeanette","@id":"https:\/\/www.eldiario.net\/portal\/#\/schema\/person\/2c57cf2b7a7ae032e449e4c9b1019eac"},"headline":"C\u00d3MO ELIMINAR CICATRICES Y ESTR\u00cdAS","datePublished":"2024-05-05T11:35:31+00:00","mainEntityOfPage":{"@id":"https:\/\/www.eldiario.net\/portal\/2024\/05\/05\/como-eliminar-cicatrices-y-estrias\/"},"wordCount":521,"commentCount":0,"publisher":{"@id":"https:\/\/www.eldiario.net\/portal\/#organization"},"image":{"@id":"https:\/\/www.eldiario.net\/portal\/2024\/05\/05\/como-eliminar-cicatrices-y-estrias\/#primaryimage"},"thumbnailUrl":"https:\/\/www.eldiario.net\/portal\/wp-content\/uploads\/2024\/05\/COMO-ELIMINAR-CICATRICES-Y-ESTRIAS.jpg","articleSection":["De Salud + vida"],"inLanguage":"es","potentialAction":[{"@type":"CommentAction","name":"Comment","target":["https:\/\/www.eldiario.net\/portal\/2024\/05\/05\/como-eliminar-cicatrices-y-estrias\/#respond"]}]},{"@type":"WebPage","@id":"https:\/\/www.eldiario.net\/portal\/2024\/05\/05\/como-eliminar-cicatrices-y-estrias\/","url":"https:\/\/www.eldiario.net\/portal\/2024\/05\/05\/como-eliminar-cicatrices-y-estrias\/","name":"C\u00d3MO ELIMINAR CICATRICES Y ESTR\u00cdAS - El Diario - Bolivia","isPartOf":{"@id":"https:\/\/www.eldiario.net\/portal\/#website"},"primaryImageOfPage":{"@id":"https:\/\/www.eldiario.net\/portal\/2024\/05\/05\/como-eliminar-cicatrices-y-estrias\/#primaryimage"},"image":{"@id":"https:\/\/www.eldiario.net\/portal\/2024\/05\/05\/como-eliminar-cicatrices-y-estrias\/#primaryimage"},"thumbnailUrl":"https:\/\/www.eldiario.net\/portal\/wp-content\/uploads\/2024\/05\/COMO-ELIMINAR-CICATRICES-Y-ESTRIAS.jpg","datePublished":"2024-05-05T11:35:31+00:00","breadcrumb":{"@id":"https:\/\/www.eldiario.net\/portal\/2024\/05\/05\/como-eliminar-cicatrices-y-estrias\/#breadcrumb"},"inLanguage":"es","potentialAction":[{"@type":"ReadAction","target":["https:\/\/www.eldiario.net\/portal\/2024\/05\/05\/como-eliminar-cicatrices-y-estrias\/"]}]},{"@type":"ImageObject","inLanguage":"es","@id":"https:\/\/www.eldiario.net\/portal\/2024\/05\/05\/como-eliminar-cicatrices-y-estrias\/#primaryimage","url":"https:\/\/www.eldiario.net\/portal\/wp-content\/uploads\/2024\/05\/COMO-ELIMINAR-CICATRICES-Y-ESTRIAS.jpg","contentUrl":"https:\/\/www.eldiario.net\/portal\/wp-content\/uploads\/2024\/05\/COMO-ELIMINAR-CICATRICES-Y-ESTRIAS.jpg","width":1500,"height":1000},{"@type":"BreadcrumbList","@id":"https:\/\/www.eldiario.net\/portal\/2024\/05\/05\/como-eliminar-cicatrices-y-estrias\/#breadcrumb","itemListElement":[{"@type":"ListItem","position":1,"name":"Portada","item":"https:\/\/www.eldiario.net\/portal\/"},{"@type":"ListItem","position":2,"name":"C\u00d3MO ELIMINAR CICATRICES Y ESTR\u00cdAS"}]},{"@type":"WebSite","@id":"https:\/\/www.eldiario.net\/portal\/#website","url":"https:\/\/www.eldiario.net\/portal\/","name":"El Diario - Decano de la prensa nacional","description":"El Diario - Decano de la prensa nacional","publisher":{"@id":"https:\/\/www.eldiario.net\/portal\/#organization"},"potentialAction":[{"@type":"SearchAction","target":{"@type":"EntryPoint","urlTemplate":"https:\/\/www.eldiario.net\/portal\/?s={search_term_string}"},"query-input":{"@type":"PropertyValueSpecification","valueRequired":true,"valueName":"search_term_string"}}],"inLanguage":"es"},{"@type":"Organization","@id":"https:\/\/www.eldiario.net\/portal\/#organization","name":"El Diario - Decano de la prensa nacional","url":"https:\/\/www.eldiario.net\/portal\/","logo":{"@type":"ImageObject","inLanguage":"es","@id":"https:\/\/www.eldiario.net\/portal\/#\/schema\/logo\/image\/","url":"https:\/\/www.eldiario.net\/portal\/wp-content\/uploads\/2023\/07\/logo_ED.jpg","contentUrl":"https:\/\/www.eldiario.net\/portal\/wp-content\/uploads\/2023\/07\/logo_ED.jpg","width":272,"height":52,"caption":"El Diario - Decano de la prensa nacional"},"image":{"@id":"https:\/\/www.eldiario.net\/portal\/#\/schema\/logo\/image\/"},"sameAs":["https:\/\/www.facebook.com\/eldiario.bolivia\/","https:\/\/x.com\/eldiario_net"]},{"@type":"Person","@id":"https:\/\/www.eldiario.net\/portal\/#\/schema\/person\/2c57cf2b7a7ae032e449e4c9b1019eac","name":"Jeanette","image":{"@type":"ImageObject","inLanguage":"es","@id":"https:\/\/secure.gravatar.com\/avatar\/3ea2118a5f7dad2b7138b1187a6b7ee55f160b9968b66013c3a3ef39dd7e5798?s=96&d=mm&r=g","url":"https:\/\/secure.gravatar.com\/avatar\/3ea2118a5f7dad2b7138b1187a6b7ee55f160b9968b66013c3a3ef39dd7e5798?s=96&d=mm&r=g","contentUrl":"https:\/\/secure.gravatar.com\/avatar\/3ea2118a5f7dad2b7138b1187a6b7ee55f160b9968b66013c3a3ef39dd7e5798?s=96&d=mm&r=g","caption":"Jeanette"},"sameAs":["https:\/\/www.eldiario.net\/portal"],"url":"https:\/\/www.eldiario.net\/portal\/author\/jeanette\/"}]}},"_links":{"self":[{"href":"https:\/\/www.eldiario.net\/portal\/wp-json\/wp\/v2\/posts\/218719","targetHints":{"allow":["GET"]}}],"collection":[{"href":"https:\/\/www.eldiario.net\/portal\/wp-json\/wp\/v2\/posts"}],"about":[{"href":"https:\/\/www.eldiario.net\/portal\/wp-json\/wp\/v2\/types\/post"}],"author":[{"embeddable":true,"href":"https:\/\/www.eldiario.net\/portal\/wp-json\/wp\/v2\/users\/1"}],"replies":[{"embeddable":true,"href":"https:\/\/www.eldiario.net\/portal\/wp-json\/wp\/v2\/comments?post=218719"}],"version-history":[{"count":1,"href":"https:\/\/www.eldiario.net\/portal\/wp-json\/wp\/v2\/posts\/218719\/revisions"}],"predecessor-version":[{"id":218721,"href":"https:\/\/www.eldiario.net\/portal\/wp-json\/wp\/v2\/posts\/218719\/revisions\/218721"}],"wp:featuredmedia":[{"embeddable":true,"href":"https:\/\/www.eldiario.net\/portal\/wp-json\/wp\/v2\/media\/218720"}],"wp:attachment":[{"href":"https:\/\/www.eldiario.net\/portal\/wp-json\/wp\/v2\/media?parent=218719"}],"wp:term":[{"taxonomy":"category","embeddable":true,"href":"https:\/\/www.eldiario.net\/portal\/wp-json\/wp\/v2\/categories?post=218719"},{"taxonomy":"post_tag","embeddable":true,"href":"https:\/\/www.eldiario.net\/portal\/wp-json\/wp\/v2\/tags?post=218719"}],"curies":[{"name":"wp","href":"https:\/\/api.w.org\/{rel}","templated":true}]}}