{"id":218716,"date":"2024-05-05T07:34:55","date_gmt":"2024-05-05T11:34:55","guid":{"rendered":"https:\/\/www.eldiario.net\/portal\/?p=218716"},"modified":"2024-05-05T07:34:55","modified_gmt":"2024-05-05T11:34:55","slug":"consejos-para-prevenir-y-tratar-las-aftas-bucales","status":"publish","type":"post","link":"https:\/\/www.eldiario.net\/portal\/2024\/05\/05\/consejos-para-prevenir-y-tratar-las-aftas-bucales\/","title":{"rendered":"CONSEJOS PARA PREVENIR Y TRATAR LAS AFTAS BUCALES"},"content":{"rendered":"<p><strong>Dr. Franklin Novoa Flores \u2013 Especialista en Ortodoncia ortopedia &#8211; 72022459<\/strong><\/p>\n<p>Las aftas bucales tambi\u00e9n conocidas como ulceras bucales o llagas en la boca, son lesiones dolorosas que pueden aparecer en la mucuosa bucal, las enc\u00edas, la lengua o el paladar. Aunque son comunes generalmente inofensivos, pueden causar molestias significativas y afectar la calidad de vida de quienes la padecen. Con un adecuado tratamiento y siguiendo algunas medidas preventivas es posible aliviar el dolor y acelerar la cicatrizaci\u00f3n.<\/p>\n<p>Las causas de las aftas bucales se presentan por diversos factores, como:<\/p>\n<p>Traumatismos bucales como mordeduras, tratamientos bucales como la ortodoncia, cepillado agresivo, irritaci\u00f3n por pr\u00f3tesis dentales, estr\u00e9s emocional y deficiencias nutricionales por hierro, \u00e1cido f\u00f3lico o vitamina B12, cambios hormonales como los que ocurren durante el ciclo mestrual, enfermedades autoinmunes, el lupus y las infecciones por bacterias o virus.<\/p>\n<p>Los s\u00edntomas m\u00e1s comunes son lesiones dolorosas de color blanco o amarillo rodeadas por un borde rojo, sensibilidad al calor al frio o a ciertos alimentos, dificultad para hablar o comer, ardor o picaz\u00f3n en la zona afectada. Por lo general en el interior de los labios, las mejillas o en la lengua tambi\u00e9n por la sintomatolog\u00eda puede confundirse con las calenturas labiales o ampollas febriles formados por varias ampollas peque\u00f1as llenas de l\u00edquido mientras que las aftas bucales son llagas \u00fanicas redondas u ovalados generalmente ubicadas dentro de la boca.<\/p>\n<p>El tratamiento de las aftas bucales suele centrarse en aliviar el dolor y acelerar la cicatrizaci\u00f3n algunas opciones de tratamiento incluyen:<\/p>\n<ul>\n<li>Enjuague con agua y sal.<\/li>\n<li>Uso de geles o ung\u00fcentos anest\u00e9sicos.<\/li>\n<li>Aplicaci\u00f3n de pasta de bicarbonato y agua en el afta.<\/li>\n<li>Pedazos de hielo en la boca para bajar la calor y ardor<\/li>\n<li>Reducir loa alimentos salados o \u00e1cidos<\/li>\n<li>Analg\u00e9sicos de venta libre como ibuprofeno o paracetamol<\/li>\n<li>Mantener una buena higiene bucal para prevenir infecciones secundarias.<\/li>\n<\/ul>\n<p>Los Consejos para prevenir las aftas bucales son:<\/p>\n<ul>\n<li>Evitar alimentos irritantes o al\u00e9rgenos<\/li>\n<li>Mantener una adecuada higiene bucal cepill\u00e1ndose los dientes de las comidas y usando el hilo dental regularmente<\/li>\n<li>Evitar el estr\u00e9s y practicar t\u00e9cnicas de relajaci\u00f3n<\/li>\n<li>Consumir una dieta equilibrada rica en vitaminas y minerales<\/li>\n<\/ul>\n<p>Recuerde que las aftas suelen desaparecer entre 8 y 11 d\u00edas si permanece en la boca m\u00e1s de dos semanas consulte a su odont\u00f3logo de confianza puede prescribir alg\u00fan medicamento para disminuir el dolor.<\/p>\n<p>&nbsp;<\/p>\n<p>Consultorio: Edificio Jonh Wesley, El Prado piso 2 oficina 244<\/p>\n<p>&nbsp;<\/p>\n","protected":false},"excerpt":{"rendered":"<p>Dr. Franklin Novoa Flores \u2013 Especialista en Ortodoncia ortopedia &#8211; 72022459 Las aftas bucales tambi\u00e9n conocidas como ulceras bucales o llagas en la boca, son lesiones dolorosas que pueden aparecer en la mucuosa bucal, las enc\u00edas, la lengua o el paladar. Aunque son comunes generalmente inofensivos, pueden causar molestias significativas y afectar la calidad de [&hellip;]<\/p>\n","protected":false},"author":1,"featured_media":218717,"comment_status":"open","ping_status":"open","sticky":false,"template":"","format":"standard","meta":{"_acf_changed":false,"footnotes":""},"categories":[52],"tags":[],"class_list":["post-218716","post","type-post","status-publish","format-standard","has-post-thumbnail","category-de-salud-mas-vida"],"acf":{"antetitulo":""},"yoast_head":"<!-- This site is optimized with the Yoast SEO plugin v28.4 - https:\/\/yoast.com\/product\/yoast-seo-wordpress\/ -->\n<title>CONSEJOS PARA PREVENIR Y TRATAR LAS AFTAS BUCALES - El Diario - Bolivia<\/title>\n<meta name=\"robots\" content=\"index, follow, max-snippet:-1, max-image-preview:large, max-video-preview:-1\" \/>\n<link rel=\"canonical\" href=\"https:\/\/www.eldiario.net\/portal\/2024\/05\/05\/consejos-para-prevenir-y-tratar-las-aftas-bucales\/\" \/>\n<meta property=\"og:locale\" content=\"es_ES\" \/>\n<meta property=\"og:type\" content=\"article\" \/>\n<meta property=\"og:title\" content=\"CONSEJOS PARA PREVENIR Y TRATAR LAS AFTAS BUCALES - El Diario - Bolivia\" \/>\n<meta property=\"og:description\" content=\"Dr. Franklin Novoa Flores \u2013 Especialista en Ortodoncia ortopedia &#8211; 72022459 Las aftas bucales tambi\u00e9n conocidas como ulceras bucales o llagas en la boca, son lesiones dolorosas que pueden aparecer en la mucuosa bucal, las enc\u00edas, la lengua o el paladar. Aunque son comunes generalmente inofensivos, pueden causar molestias significativas y afectar la calidad de [&hellip;]\" \/>\n<meta property=\"og:url\" content=\"https:\/\/www.eldiario.net\/portal\/2024\/05\/05\/consejos-para-prevenir-y-tratar-las-aftas-bucales\/\" \/>\n<meta property=\"og:site_name\" content=\"El Diario - Bolivia\" \/>\n<meta property=\"article:publisher\" content=\"https:\/\/www.facebook.com\/eldiario.bolivia\/\" \/>\n<meta property=\"article:published_time\" content=\"2024-05-05T11:34:55+00:00\" \/>\n<meta property=\"og:image\" content=\"https:\/\/www.eldiario.net\/portal\/wp-content\/uploads\/2024\/05\/CONSEJOS-PARA-PREVENIR-Y-TRATAR-LAS-AFTAS-BUCALES.jpg\" \/>\n\t<meta property=\"og:image:width\" content=\"967\" \/>\n\t<meta property=\"og:image:height\" content=\"644\" \/>\n\t<meta property=\"og:image:type\" content=\"image\/jpeg\" \/>\n<meta name=\"author\" content=\"Jeanette\" \/>\n<meta name=\"twitter:card\" content=\"summary_large_image\" \/>\n<meta name=\"twitter:creator\" content=\"@eldiario_net\" \/>\n<meta name=\"twitter:site\" content=\"@eldiario_net\" \/>\n<meta name=\"twitter:label1\" content=\"Escrito por\" \/>\n\t<meta name=\"twitter:data1\" content=\"Jeanette\" \/>\n\t<meta name=\"twitter:label2\" content=\"Tiempo de lectura\" \/>\n\t<meta name=\"twitter:data2\" content=\"3 minutos\" \/>\n<script type=\"application\/ld+json\" class=\"yoast-schema-graph\">{\"@context\":\"https:\\\/\\\/schema.org\",\"@graph\":[{\"@type\":\"Article\",\"@id\":\"https:\\\/\\\/www.eldiario.net\\\/portal\\\/2024\\\/05\\\/05\\\/consejos-para-prevenir-y-tratar-las-aftas-bucales\\\/#article\",\"isPartOf\":{\"@id\":\"https:\\\/\\\/www.eldiario.net\\\/portal\\\/2024\\\/05\\\/05\\\/consejos-para-prevenir-y-tratar-las-aftas-bucales\\\/\"},\"author\":{\"name\":\"Jeanette\",\"@id\":\"https:\\\/\\\/www.eldiario.net\\\/portal\\\/#\\\/schema\\\/person\\\/2c57cf2b7a7ae032e449e4c9b1019eac\"},\"headline\":\"CONSEJOS PARA PREVENIR Y TRATAR LAS AFTAS BUCALES\",\"datePublished\":\"2024-05-05T11:34:55+00:00\",\"mainEntityOfPage\":{\"@id\":\"https:\\\/\\\/www.eldiario.net\\\/portal\\\/2024\\\/05\\\/05\\\/consejos-para-prevenir-y-tratar-las-aftas-bucales\\\/\"},\"wordCount\":429,\"commentCount\":0,\"publisher\":{\"@id\":\"https:\\\/\\\/www.eldiario.net\\\/portal\\\/#organization\"},\"image\":{\"@id\":\"https:\\\/\\\/www.eldiario.net\\\/portal\\\/2024\\\/05\\\/05\\\/consejos-para-prevenir-y-tratar-las-aftas-bucales\\\/#primaryimage\"},\"thumbnailUrl\":\"https:\\\/\\\/www.eldiario.net\\\/portal\\\/wp-content\\\/uploads\\\/2024\\\/05\\\/CONSEJOS-PARA-PREVENIR-Y-TRATAR-LAS-AFTAS-BUCALES.jpg\",\"articleSection\":[\"De Salud + vida\"],\"inLanguage\":\"es\",\"potentialAction\":[{\"@type\":\"CommentAction\",\"name\":\"Comment\",\"target\":[\"https:\\\/\\\/www.eldiario.net\\\/portal\\\/2024\\\/05\\\/05\\\/consejos-para-prevenir-y-tratar-las-aftas-bucales\\\/#respond\"]}]},{\"@type\":\"WebPage\",\"@id\":\"https:\\\/\\\/www.eldiario.net\\\/portal\\\/2024\\\/05\\\/05\\\/consejos-para-prevenir-y-tratar-las-aftas-bucales\\\/\",\"url\":\"https:\\\/\\\/www.eldiario.net\\\/portal\\\/2024\\\/05\\\/05\\\/consejos-para-prevenir-y-tratar-las-aftas-bucales\\\/\",\"name\":\"CONSEJOS PARA PREVENIR Y TRATAR LAS AFTAS BUCALES - El Diario - Bolivia\",\"isPartOf\":{\"@id\":\"https:\\\/\\\/www.eldiario.net\\\/portal\\\/#website\"},\"primaryImageOfPage\":{\"@id\":\"https:\\\/\\\/www.eldiario.net\\\/portal\\\/2024\\\/05\\\/05\\\/consejos-para-prevenir-y-tratar-las-aftas-bucales\\\/#primaryimage\"},\"image\":{\"@id\":\"https:\\\/\\\/www.eldiario.net\\\/portal\\\/2024\\\/05\\\/05\\\/consejos-para-prevenir-y-tratar-las-aftas-bucales\\\/#primaryimage\"},\"thumbnailUrl\":\"https:\\\/\\\/www.eldiario.net\\\/portal\\\/wp-content\\\/uploads\\\/2024\\\/05\\\/CONSEJOS-PARA-PREVENIR-Y-TRATAR-LAS-AFTAS-BUCALES.jpg\",\"datePublished\":\"2024-05-05T11:34:55+00:00\",\"breadcrumb\":{\"@id\":\"https:\\\/\\\/www.eldiario.net\\\/portal\\\/2024\\\/05\\\/05\\\/consejos-para-prevenir-y-tratar-las-aftas-bucales\\\/#breadcrumb\"},\"inLanguage\":\"es\",\"potentialAction\":[{\"@type\":\"ReadAction\",\"target\":[\"https:\\\/\\\/www.eldiario.net\\\/portal\\\/2024\\\/05\\\/05\\\/consejos-para-prevenir-y-tratar-las-aftas-bucales\\\/\"]}]},{\"@type\":\"ImageObject\",\"inLanguage\":\"es\",\"@id\":\"https:\\\/\\\/www.eldiario.net\\\/portal\\\/2024\\\/05\\\/05\\\/consejos-para-prevenir-y-tratar-las-aftas-bucales\\\/#primaryimage\",\"url\":\"https:\\\/\\\/www.eldiario.net\\\/portal\\\/wp-content\\\/uploads\\\/2024\\\/05\\\/CONSEJOS-PARA-PREVENIR-Y-TRATAR-LAS-AFTAS-BUCALES.jpg\",\"contentUrl\":\"https:\\\/\\\/www.eldiario.net\\\/portal\\\/wp-content\\\/uploads\\\/2024\\\/05\\\/CONSEJOS-PARA-PREVENIR-Y-TRATAR-LAS-AFTAS-BUCALES.jpg\",\"width\":967,\"height\":644},{\"@type\":\"BreadcrumbList\",\"@id\":\"https:\\\/\\\/www.eldiario.net\\\/portal\\\/2024\\\/05\\\/05\\\/consejos-para-prevenir-y-tratar-las-aftas-bucales\\\/#breadcrumb\",\"itemListElement\":[{\"@type\":\"ListItem\",\"position\":1,\"name\":\"Portada\",\"item\":\"https:\\\/\\\/www.eldiario.net\\\/portal\\\/\"},{\"@type\":\"ListItem\",\"position\":2,\"name\":\"CONSEJOS PARA PREVENIR Y TRATAR LAS AFTAS BUCALES\"}]},{\"@type\":\"WebSite\",\"@id\":\"https:\\\/\\\/www.eldiario.net\\\/portal\\\/#website\",\"url\":\"https:\\\/\\\/www.eldiario.net\\\/portal\\\/\",\"name\":\"El Diario - Decano de la prensa nacional\",\"description\":\"El Diario - Decano de la prensa nacional\",\"publisher\":{\"@id\":\"https:\\\/\\\/www.eldiario.net\\\/portal\\\/#organization\"},\"potentialAction\":[{\"@type\":\"SearchAction\",\"target\":{\"@type\":\"EntryPoint\",\"urlTemplate\":\"https:\\\/\\\/www.eldiario.net\\\/portal\\\/?s={search_term_string}\"},\"query-input\":{\"@type\":\"PropertyValueSpecification\",\"valueRequired\":true,\"valueName\":\"search_term_string\"}}],\"inLanguage\":\"es\"},{\"@type\":\"Organization\",\"@id\":\"https:\\\/\\\/www.eldiario.net\\\/portal\\\/#organization\",\"name\":\"El Diario - Decano de la prensa nacional\",\"url\":\"https:\\\/\\\/www.eldiario.net\\\/portal\\\/\",\"logo\":{\"@type\":\"ImageObject\",\"inLanguage\":\"es\",\"@id\":\"https:\\\/\\\/www.eldiario.net\\\/portal\\\/#\\\/schema\\\/logo\\\/image\\\/\",\"url\":\"https:\\\/\\\/www.eldiario.net\\\/portal\\\/wp-content\\\/uploads\\\/2023\\\/07\\\/logo_ED.jpg\",\"contentUrl\":\"https:\\\/\\\/www.eldiario.net\\\/portal\\\/wp-content\\\/uploads\\\/2023\\\/07\\\/logo_ED.jpg\",\"width\":272,\"height\":52,\"caption\":\"El Diario - Decano de la prensa nacional\"},\"image\":{\"@id\":\"https:\\\/\\\/www.eldiario.net\\\/portal\\\/#\\\/schema\\\/logo\\\/image\\\/\"},\"sameAs\":[\"https:\\\/\\\/www.facebook.com\\\/eldiario.bolivia\\\/\",\"https:\\\/\\\/x.com\\\/eldiario_net\"]},{\"@type\":\"Person\",\"@id\":\"https:\\\/\\\/www.eldiario.net\\\/portal\\\/#\\\/schema\\\/person\\\/2c57cf2b7a7ae032e449e4c9b1019eac\",\"name\":\"Jeanette\",\"image\":{\"@type\":\"ImageObject\",\"inLanguage\":\"es\",\"@id\":\"https:\\\/\\\/secure.gravatar.com\\\/avatar\\\/3ea2118a5f7dad2b7138b1187a6b7ee55f160b9968b66013c3a3ef39dd7e5798?s=96&d=mm&r=g\",\"url\":\"https:\\\/\\\/secure.gravatar.com\\\/avatar\\\/3ea2118a5f7dad2b7138b1187a6b7ee55f160b9968b66013c3a3ef39dd7e5798?s=96&d=mm&r=g\",\"contentUrl\":\"https:\\\/\\\/secure.gravatar.com\\\/avatar\\\/3ea2118a5f7dad2b7138b1187a6b7ee55f160b9968b66013c3a3ef39dd7e5798?s=96&d=mm&r=g\",\"caption\":\"Jeanette\"},\"sameAs\":[\"https:\\\/\\\/www.eldiario.net\\\/portal\"],\"url\":\"https:\\\/\\\/www.eldiario.net\\\/portal\\\/author\\\/jeanette\\\/\"}]}<\/script>\n<!-- \/ Yoast SEO plugin. -->","yoast_head_json":{"title":"CONSEJOS PARA PREVENIR Y TRATAR LAS AFTAS BUCALES - El Diario - Bolivia","robots":{"index":"index","follow":"follow","max-snippet":"max-snippet:-1","max-image-preview":"max-image-preview:large","max-video-preview":"max-video-preview:-1"},"canonical":"https:\/\/www.eldiario.net\/portal\/2024\/05\/05\/consejos-para-prevenir-y-tratar-las-aftas-bucales\/","og_locale":"es_ES","og_type":"article","og_title":"CONSEJOS PARA PREVENIR Y TRATAR LAS AFTAS BUCALES - El Diario - Bolivia","og_description":"Dr. Franklin Novoa Flores \u2013 Especialista en Ortodoncia ortopedia &#8211; 72022459 Las aftas bucales tambi\u00e9n conocidas como ulceras bucales o llagas en la boca, son lesiones dolorosas que pueden aparecer en la mucuosa bucal, las enc\u00edas, la lengua o el paladar. Aunque son comunes generalmente inofensivos, pueden causar molestias significativas y afectar la calidad de [&hellip;]","og_url":"https:\/\/www.eldiario.net\/portal\/2024\/05\/05\/consejos-para-prevenir-y-tratar-las-aftas-bucales\/","og_site_name":"El Diario - Bolivia","article_publisher":"https:\/\/www.facebook.com\/eldiario.bolivia\/","article_published_time":"2024-05-05T11:34:55+00:00","og_image":[{"width":967,"height":644,"url":"https:\/\/www.eldiario.net\/portal\/wp-content\/uploads\/2024\/05\/CONSEJOS-PARA-PREVENIR-Y-TRATAR-LAS-AFTAS-BUCALES.jpg","type":"image\/jpeg"}],"author":"Jeanette","twitter_card":"summary_large_image","twitter_creator":"@eldiario_net","twitter_site":"@eldiario_net","twitter_misc":{"Escrito por":"Jeanette","Tiempo de lectura":"3 minutos"},"schema":{"@context":"https:\/\/schema.org","@graph":[{"@type":"Article","@id":"https:\/\/www.eldiario.net\/portal\/2024\/05\/05\/consejos-para-prevenir-y-tratar-las-aftas-bucales\/#article","isPartOf":{"@id":"https:\/\/www.eldiario.net\/portal\/2024\/05\/05\/consejos-para-prevenir-y-tratar-las-aftas-bucales\/"},"author":{"name":"Jeanette","@id":"https:\/\/www.eldiario.net\/portal\/#\/schema\/person\/2c57cf2b7a7ae032e449e4c9b1019eac"},"headline":"CONSEJOS PARA PREVENIR Y TRATAR LAS AFTAS BUCALES","datePublished":"2024-05-05T11:34:55+00:00","mainEntityOfPage":{"@id":"https:\/\/www.eldiario.net\/portal\/2024\/05\/05\/consejos-para-prevenir-y-tratar-las-aftas-bucales\/"},"wordCount":429,"commentCount":0,"publisher":{"@id":"https:\/\/www.eldiario.net\/portal\/#organization"},"image":{"@id":"https:\/\/www.eldiario.net\/portal\/2024\/05\/05\/consejos-para-prevenir-y-tratar-las-aftas-bucales\/#primaryimage"},"thumbnailUrl":"https:\/\/www.eldiario.net\/portal\/wp-content\/uploads\/2024\/05\/CONSEJOS-PARA-PREVENIR-Y-TRATAR-LAS-AFTAS-BUCALES.jpg","articleSection":["De Salud + vida"],"inLanguage":"es","potentialAction":[{"@type":"CommentAction","name":"Comment","target":["https:\/\/www.eldiario.net\/portal\/2024\/05\/05\/consejos-para-prevenir-y-tratar-las-aftas-bucales\/#respond"]}]},{"@type":"WebPage","@id":"https:\/\/www.eldiario.net\/portal\/2024\/05\/05\/consejos-para-prevenir-y-tratar-las-aftas-bucales\/","url":"https:\/\/www.eldiario.net\/portal\/2024\/05\/05\/consejos-para-prevenir-y-tratar-las-aftas-bucales\/","name":"CONSEJOS PARA PREVENIR Y TRATAR LAS AFTAS BUCALES - El Diario - Bolivia","isPartOf":{"@id":"https:\/\/www.eldiario.net\/portal\/#website"},"primaryImageOfPage":{"@id":"https:\/\/www.eldiario.net\/portal\/2024\/05\/05\/consejos-para-prevenir-y-tratar-las-aftas-bucales\/#primaryimage"},"image":{"@id":"https:\/\/www.eldiario.net\/portal\/2024\/05\/05\/consejos-para-prevenir-y-tratar-las-aftas-bucales\/#primaryimage"},"thumbnailUrl":"https:\/\/www.eldiario.net\/portal\/wp-content\/uploads\/2024\/05\/CONSEJOS-PARA-PREVENIR-Y-TRATAR-LAS-AFTAS-BUCALES.jpg","datePublished":"2024-05-05T11:34:55+00:00","breadcrumb":{"@id":"https:\/\/www.eldiario.net\/portal\/2024\/05\/05\/consejos-para-prevenir-y-tratar-las-aftas-bucales\/#breadcrumb"},"inLanguage":"es","potentialAction":[{"@type":"ReadAction","target":["https:\/\/www.eldiario.net\/portal\/2024\/05\/05\/consejos-para-prevenir-y-tratar-las-aftas-bucales\/"]}]},{"@type":"ImageObject","inLanguage":"es","@id":"https:\/\/www.eldiario.net\/portal\/2024\/05\/05\/consejos-para-prevenir-y-tratar-las-aftas-bucales\/#primaryimage","url":"https:\/\/www.eldiario.net\/portal\/wp-content\/uploads\/2024\/05\/CONSEJOS-PARA-PREVENIR-Y-TRATAR-LAS-AFTAS-BUCALES.jpg","contentUrl":"https:\/\/www.eldiario.net\/portal\/wp-content\/uploads\/2024\/05\/CONSEJOS-PARA-PREVENIR-Y-TRATAR-LAS-AFTAS-BUCALES.jpg","width":967,"height":644},{"@type":"BreadcrumbList","@id":"https:\/\/www.eldiario.net\/portal\/2024\/05\/05\/consejos-para-prevenir-y-tratar-las-aftas-bucales\/#breadcrumb","itemListElement":[{"@type":"ListItem","position":1,"name":"Portada","item":"https:\/\/www.eldiario.net\/portal\/"},{"@type":"ListItem","position":2,"name":"CONSEJOS PARA PREVENIR Y TRATAR LAS AFTAS BUCALES"}]},{"@type":"WebSite","@id":"https:\/\/www.eldiario.net\/portal\/#website","url":"https:\/\/www.eldiario.net\/portal\/","name":"El Diario - Decano de la prensa nacional","description":"El Diario - Decano de la prensa nacional","publisher":{"@id":"https:\/\/www.eldiario.net\/portal\/#organization"},"potentialAction":[{"@type":"SearchAction","target":{"@type":"EntryPoint","urlTemplate":"https:\/\/www.eldiario.net\/portal\/?s={search_term_string}"},"query-input":{"@type":"PropertyValueSpecification","valueRequired":true,"valueName":"search_term_string"}}],"inLanguage":"es"},{"@type":"Organization","@id":"https:\/\/www.eldiario.net\/portal\/#organization","name":"El Diario - Decano de la prensa nacional","url":"https:\/\/www.eldiario.net\/portal\/","logo":{"@type":"ImageObject","inLanguage":"es","@id":"https:\/\/www.eldiario.net\/portal\/#\/schema\/logo\/image\/","url":"https:\/\/www.eldiario.net\/portal\/wp-content\/uploads\/2023\/07\/logo_ED.jpg","contentUrl":"https:\/\/www.eldiario.net\/portal\/wp-content\/uploads\/2023\/07\/logo_ED.jpg","width":272,"height":52,"caption":"El Diario - Decano de la prensa nacional"},"image":{"@id":"https:\/\/www.eldiario.net\/portal\/#\/schema\/logo\/image\/"},"sameAs":["https:\/\/www.facebook.com\/eldiario.bolivia\/","https:\/\/x.com\/eldiario_net"]},{"@type":"Person","@id":"https:\/\/www.eldiario.net\/portal\/#\/schema\/person\/2c57cf2b7a7ae032e449e4c9b1019eac","name":"Jeanette","image":{"@type":"ImageObject","inLanguage":"es","@id":"https:\/\/secure.gravatar.com\/avatar\/3ea2118a5f7dad2b7138b1187a6b7ee55f160b9968b66013c3a3ef39dd7e5798?s=96&d=mm&r=g","url":"https:\/\/secure.gravatar.com\/avatar\/3ea2118a5f7dad2b7138b1187a6b7ee55f160b9968b66013c3a3ef39dd7e5798?s=96&d=mm&r=g","contentUrl":"https:\/\/secure.gravatar.com\/avatar\/3ea2118a5f7dad2b7138b1187a6b7ee55f160b9968b66013c3a3ef39dd7e5798?s=96&d=mm&r=g","caption":"Jeanette"},"sameAs":["https:\/\/www.eldiario.net\/portal"],"url":"https:\/\/www.eldiario.net\/portal\/author\/jeanette\/"}]}},"_links":{"self":[{"href":"https:\/\/www.eldiario.net\/portal\/wp-json\/wp\/v2\/posts\/218716","targetHints":{"allow":["GET"]}}],"collection":[{"href":"https:\/\/www.eldiario.net\/portal\/wp-json\/wp\/v2\/posts"}],"about":[{"href":"https:\/\/www.eldiario.net\/portal\/wp-json\/wp\/v2\/types\/post"}],"author":[{"embeddable":true,"href":"https:\/\/www.eldiario.net\/portal\/wp-json\/wp\/v2\/users\/1"}],"replies":[{"embeddable":true,"href":"https:\/\/www.eldiario.net\/portal\/wp-json\/wp\/v2\/comments?post=218716"}],"version-history":[{"count":1,"href":"https:\/\/www.eldiario.net\/portal\/wp-json\/wp\/v2\/posts\/218716\/revisions"}],"predecessor-version":[{"id":218718,"href":"https:\/\/www.eldiario.net\/portal\/wp-json\/wp\/v2\/posts\/218716\/revisions\/218718"}],"wp:featuredmedia":[{"embeddable":true,"href":"https:\/\/www.eldiario.net\/portal\/wp-json\/wp\/v2\/media\/218717"}],"wp:attachment":[{"href":"https:\/\/www.eldiario.net\/portal\/wp-json\/wp\/v2\/media?parent=218716"}],"wp:term":[{"taxonomy":"category","embeddable":true,"href":"https:\/\/www.eldiario.net\/portal\/wp-json\/wp\/v2\/categories?post=218716"},{"taxonomy":"post_tag","embeddable":true,"href":"https:\/\/www.eldiario.net\/portal\/wp-json\/wp\/v2\/tags?post=218716"}],"curies":[{"name":"wp","href":"https:\/\/api.w.org\/{rel}","templated":true}]}}