{"id":21871,"date":"2021-08-07T02:27:31","date_gmt":"2021-08-07T06:27:31","guid":{"rendered":"https:\/\/www.eldiario.net\/portal\/?p=21871"},"modified":"2021-08-07T02:27:31","modified_gmt":"2021-08-07T06:27:31","slug":"gobierno-ingreso-en-nueva-fase-de-represion-politica","status":"publish","type":"post","link":"https:\/\/www.eldiario.net\/portal\/2021\/08\/07\/gobierno-ingreso-en-nueva-fase-de-represion-politica\/","title":{"rendered":"Gobierno ingres\u00f3 en nueva  fase de represi\u00f3n pol\u00edtica"},"content":{"rendered":"<p>Tras los enfrentamientos entre sectores afines al Movimiento al Socialismo (MAS) y activistas por la democracia, la jornada pasada, el Comit\u00e9 Nacional en Defensa de la Democracia (Conade) denuncia que desde el Gobierno se ingres\u00f3 en una nueva fase represi\u00f3n pol\u00edtica mediante el \u201cterrorismo de Estado\u201d.<br \/>\nMediante un comunicado emitido por el ente defensor de la democracia, se denunci\u00f3 que grupos de choque afines al Gobierno y funcionarios de distintos ministerios fueron identificados en los enfrentamientos del viernes por la tarde en inmediaciones del atrio de la UMSA, entre ellos, el ex asamble\u00edsta departamental Gustavo Torrico.<br \/>\nSe\u00f1alan que con esas acciones violentas se ingresa en una nueva fase de persecuci\u00f3n pol\u00edtica en contra de ciudadanos, opositores y exautoridades por el hecho de defender la democracia y el estado de derecho.<br \/>\n\u201cEl Conade denuncia al pueblo boliviano y a la comunidad internacional que el gobierno de Luis Arce Catacora ha ingresado a una nueva fase de represi\u00f3n pol\u00edtica, instaurando el Terrorismo de Estado\u201d se dijo.<br \/>\nInformaron que durante las grescas, resultaron agredidos representantes de diferentes sectores, adem\u00e1s de un diputado nacional que fue herido en la cabeza por el golpe de un objeto a\u00fan no determinado.<br \/>\n\u201cEstos grupos de choque agredieron a mujeres, j\u00f3venes y personas de la tercera edad. Entre ellos a la dirigente de las esposas de polic\u00edas la compa\u00f1era Lupe C\u00e1rdenas, el diputado de CC Betto Astorga, al dirigente de Sirmes La Paz, Fernando Romero y al activista Guillermo Paz\u201d.<br \/>\nPor estos motivos, Conade convoc\u00f3 al pueblo de Bolivia a continuar defendiendo la democracia mediante movilizaciones y no caer en la provocaci\u00f3n que solo busca generar enfrentamientos y muerte.<\/p>\n","protected":false},"excerpt":{"rendered":"<p>Tras los enfrentamientos entre sectores afines al Movimiento al Socialismo (MAS) y activistas por la democracia, la jornada pasada, el Comit\u00e9 Nacional en Defensa de la Democracia (Conade) denuncia que desde el Gobierno se ingres\u00f3 en una nueva fase represi\u00f3n pol\u00edtica mediante el \u201cterrorismo de Estado\u201d. Mediante un comunicado emitido por el ente defensor de [&hellip;]<\/p>\n","protected":false},"author":1,"featured_media":21872,"comment_status":"closed","ping_status":"closed","sticky":false,"template":"","format":"standard","meta":{"_acf_changed":false,"footnotes":""},"categories":[39],"tags":[],"class_list":["post-21871","post","type-post","status-publish","format-standard","has-post-thumbnail","category-sociedad"],"acf":{"antetitulo":""},"yoast_head":"<!-- This site is optimized with the Yoast SEO plugin v28.4 - https:\/\/yoast.com\/product\/yoast-seo-wordpress\/ -->\n<title>Gobierno ingres\u00f3 en nueva fase de represi\u00f3n pol\u00edtica - El Diario - Bolivia<\/title>\n<meta name=\"robots\" content=\"index, follow, max-snippet:-1, max-image-preview:large, max-video-preview:-1\" \/>\n<link rel=\"canonical\" href=\"https:\/\/www.eldiario.net\/portal\/2021\/08\/07\/gobierno-ingreso-en-nueva-fase-de-represion-politica\/\" \/>\n<meta property=\"og:locale\" content=\"es_ES\" \/>\n<meta property=\"og:type\" content=\"article\" \/>\n<meta property=\"og:title\" content=\"Gobierno ingres\u00f3 en nueva fase de represi\u00f3n pol\u00edtica - El Diario - Bolivia\" \/>\n<meta property=\"og:description\" content=\"Tras los enfrentamientos entre sectores afines al Movimiento al Socialismo (MAS) y activistas por la democracia, la jornada pasada, el Comit\u00e9 Nacional en Defensa de la Democracia (Conade) denuncia que desde el Gobierno se ingres\u00f3 en una nueva fase represi\u00f3n pol\u00edtica mediante el \u201cterrorismo de Estado\u201d. Mediante un comunicado emitido por el ente defensor de [&hellip;]\" \/>\n<meta property=\"og:url\" content=\"https:\/\/www.eldiario.net\/portal\/2021\/08\/07\/gobierno-ingreso-en-nueva-fase-de-represion-politica\/\" \/>\n<meta property=\"og:site_name\" content=\"El Diario - Bolivia\" \/>\n<meta property=\"article:publisher\" content=\"https:\/\/www.facebook.com\/eldiario.bolivia\/\" \/>\n<meta property=\"article:published_time\" content=\"2021-08-07T06:27:31+00:00\" \/>\n<meta name=\"author\" content=\"Jeanette\" \/>\n<meta name=\"twitter:card\" content=\"summary_large_image\" \/>\n<meta name=\"twitter:creator\" content=\"@eldiario_net\" \/>\n<meta name=\"twitter:site\" content=\"@eldiario_net\" \/>\n<meta name=\"twitter:label1\" content=\"Escrito por\" \/>\n\t<meta name=\"twitter:data1\" content=\"Jeanette\" \/>\n\t<meta name=\"twitter:label2\" content=\"Tiempo de lectura\" \/>\n\t<meta name=\"twitter:data2\" content=\"2 minutos\" \/>\n<script type=\"application\/ld+json\" class=\"yoast-schema-graph\">{\"@context\":\"https:\\\/\\\/schema.org\",\"@graph\":[{\"@type\":\"Article\",\"@id\":\"https:\\\/\\\/www.eldiario.net\\\/portal\\\/2021\\\/08\\\/07\\\/gobierno-ingreso-en-nueva-fase-de-represion-politica\\\/#article\",\"isPartOf\":{\"@id\":\"https:\\\/\\\/www.eldiario.net\\\/portal\\\/2021\\\/08\\\/07\\\/gobierno-ingreso-en-nueva-fase-de-represion-politica\\\/\"},\"author\":{\"name\":\"Jeanette\",\"@id\":\"https:\\\/\\\/www.eldiario.net\\\/portal\\\/#\\\/schema\\\/person\\\/f46445640444750d7d753ccd04ae01b7\"},\"headline\":\"Gobierno ingres\u00f3 en nueva fase de represi\u00f3n pol\u00edtica\",\"datePublished\":\"2021-08-07T06:27:31+00:00\",\"mainEntityOfPage\":{\"@id\":\"https:\\\/\\\/www.eldiario.net\\\/portal\\\/2021\\\/08\\\/07\\\/gobierno-ingreso-en-nueva-fase-de-represion-politica\\\/\"},\"wordCount\":296,\"publisher\":{\"@id\":\"https:\\\/\\\/www.eldiario.net\\\/portal\\\/#organization\"},\"image\":{\"@id\":\"https:\\\/\\\/www.eldiario.net\\\/portal\\\/2021\\\/08\\\/07\\\/gobierno-ingreso-en-nueva-fase-de-represion-politica\\\/#primaryimage\"},\"thumbnailUrl\":\"\",\"articleSection\":[\"Sociedad - Seguridad\"],\"inLanguage\":\"es\"},{\"@type\":\"WebPage\",\"@id\":\"https:\\\/\\\/www.eldiario.net\\\/portal\\\/2021\\\/08\\\/07\\\/gobierno-ingreso-en-nueva-fase-de-represion-politica\\\/\",\"url\":\"https:\\\/\\\/www.eldiario.net\\\/portal\\\/2021\\\/08\\\/07\\\/gobierno-ingreso-en-nueva-fase-de-represion-politica\\\/\",\"name\":\"Gobierno ingres\u00f3 en nueva fase de represi\u00f3n pol\u00edtica - El Diario - Bolivia\",\"isPartOf\":{\"@id\":\"https:\\\/\\\/www.eldiario.net\\\/portal\\\/#website\"},\"primaryImageOfPage\":{\"@id\":\"https:\\\/\\\/www.eldiario.net\\\/portal\\\/2021\\\/08\\\/07\\\/gobierno-ingreso-en-nueva-fase-de-represion-politica\\\/#primaryimage\"},\"image\":{\"@id\":\"https:\\\/\\\/www.eldiario.net\\\/portal\\\/2021\\\/08\\\/07\\\/gobierno-ingreso-en-nueva-fase-de-represion-politica\\\/#primaryimage\"},\"thumbnailUrl\":\"\",\"datePublished\":\"2021-08-07T06:27:31+00:00\",\"breadcrumb\":{\"@id\":\"https:\\\/\\\/www.eldiario.net\\\/portal\\\/2021\\\/08\\\/07\\\/gobierno-ingreso-en-nueva-fase-de-represion-politica\\\/#breadcrumb\"},\"inLanguage\":\"es\",\"potentialAction\":[{\"@type\":\"ReadAction\",\"target\":[\"https:\\\/\\\/www.eldiario.net\\\/portal\\\/2021\\\/08\\\/07\\\/gobierno-ingreso-en-nueva-fase-de-represion-politica\\\/\"]}]},{\"@type\":\"ImageObject\",\"inLanguage\":\"es\",\"@id\":\"https:\\\/\\\/www.eldiario.net\\\/portal\\\/2021\\\/08\\\/07\\\/gobierno-ingreso-en-nueva-fase-de-represion-politica\\\/#primaryimage\",\"url\":\"\",\"contentUrl\":\"\"},{\"@type\":\"BreadcrumbList\",\"@id\":\"https:\\\/\\\/www.eldiario.net\\\/portal\\\/2021\\\/08\\\/07\\\/gobierno-ingreso-en-nueva-fase-de-represion-politica\\\/#breadcrumb\",\"itemListElement\":[{\"@type\":\"ListItem\",\"position\":1,\"name\":\"Portada\",\"item\":\"https:\\\/\\\/www.eldiario.net\\\/portal\\\/\"},{\"@type\":\"ListItem\",\"position\":2,\"name\":\"Gobierno ingres\u00f3 en nueva fase de represi\u00f3n pol\u00edtica\"}]},{\"@type\":\"WebSite\",\"@id\":\"https:\\\/\\\/www.eldiario.net\\\/portal\\\/#website\",\"url\":\"https:\\\/\\\/www.eldiario.net\\\/portal\\\/\",\"name\":\"El Diario - Decano de la prensa nacional\",\"description\":\"El Diario - Decano de la prensa nacional\",\"publisher\":{\"@id\":\"https:\\\/\\\/www.eldiario.net\\\/portal\\\/#organization\"},\"potentialAction\":[{\"@type\":\"SearchAction\",\"target\":{\"@type\":\"EntryPoint\",\"urlTemplate\":\"https:\\\/\\\/www.eldiario.net\\\/portal\\\/?s={search_term_string}\"},\"query-input\":{\"@type\":\"PropertyValueSpecification\",\"valueRequired\":true,\"valueName\":\"search_term_string\"}}],\"inLanguage\":\"es\"},{\"@type\":\"Organization\",\"@id\":\"https:\\\/\\\/www.eldiario.net\\\/portal\\\/#organization\",\"name\":\"El Diario - Decano de la prensa nacional\",\"url\":\"https:\\\/\\\/www.eldiario.net\\\/portal\\\/\",\"logo\":{\"@type\":\"ImageObject\",\"inLanguage\":\"es\",\"@id\":\"https:\\\/\\\/www.eldiario.net\\\/portal\\\/#\\\/schema\\\/logo\\\/image\\\/\",\"url\":\"https:\\\/\\\/www.eldiario.net\\\/portal\\\/wp-content\\\/uploads\\\/2023\\\/07\\\/logo_ED.jpg\",\"contentUrl\":\"https:\\\/\\\/www.eldiario.net\\\/portal\\\/wp-content\\\/uploads\\\/2023\\\/07\\\/logo_ED.jpg\",\"width\":272,\"height\":52,\"caption\":\"El Diario - Decano de la prensa nacional\"},\"image\":{\"@id\":\"https:\\\/\\\/www.eldiario.net\\\/portal\\\/#\\\/schema\\\/logo\\\/image\\\/\"},\"sameAs\":[\"https:\\\/\\\/www.facebook.com\\\/eldiario.bolivia\\\/\",\"https:\\\/\\\/x.com\\\/eldiario_net\"]},{\"@type\":\"Person\",\"@id\":\"https:\\\/\\\/www.eldiario.net\\\/portal\\\/#\\\/schema\\\/person\\\/f46445640444750d7d753ccd04ae01b7\",\"name\":\"Jeanette\",\"image\":{\"@type\":\"ImageObject\",\"inLanguage\":\"es\",\"@id\":\"https:\\\/\\\/secure.gravatar.com\\\/avatar\\\/3ea2118a5f7dad2b7138b1187a6b7ee55f160b9968b66013c3a3ef39dd7e5798?s=96&d=mm&r=g\",\"url\":\"https:\\\/\\\/secure.gravatar.com\\\/avatar\\\/3ea2118a5f7dad2b7138b1187a6b7ee55f160b9968b66013c3a3ef39dd7e5798?s=96&d=mm&r=g\",\"contentUrl\":\"https:\\\/\\\/secure.gravatar.com\\\/avatar\\\/3ea2118a5f7dad2b7138b1187a6b7ee55f160b9968b66013c3a3ef39dd7e5798?s=96&d=mm&r=g\",\"caption\":\"Jeanette\"},\"sameAs\":[\"https:\\\/\\\/www.eldiario.net\\\/portal\"],\"url\":\"https:\\\/\\\/www.eldiario.net\\\/portal\\\/author\\\/jeanette\\\/\"}]}<\/script>\n<!-- \/ Yoast SEO plugin. -->","yoast_head_json":{"title":"Gobierno ingres\u00f3 en nueva fase de represi\u00f3n pol\u00edtica - El Diario - Bolivia","robots":{"index":"index","follow":"follow","max-snippet":"max-snippet:-1","max-image-preview":"max-image-preview:large","max-video-preview":"max-video-preview:-1"},"canonical":"https:\/\/www.eldiario.net\/portal\/2021\/08\/07\/gobierno-ingreso-en-nueva-fase-de-represion-politica\/","og_locale":"es_ES","og_type":"article","og_title":"Gobierno ingres\u00f3 en nueva fase de represi\u00f3n pol\u00edtica - El Diario - Bolivia","og_description":"Tras los enfrentamientos entre sectores afines al Movimiento al Socialismo (MAS) y activistas por la democracia, la jornada pasada, el Comit\u00e9 Nacional en Defensa de la Democracia (Conade) denuncia que desde el Gobierno se ingres\u00f3 en una nueva fase represi\u00f3n pol\u00edtica mediante el \u201cterrorismo de Estado\u201d. Mediante un comunicado emitido por el ente defensor de [&hellip;]","og_url":"https:\/\/www.eldiario.net\/portal\/2021\/08\/07\/gobierno-ingreso-en-nueva-fase-de-represion-politica\/","og_site_name":"El Diario - Bolivia","article_publisher":"https:\/\/www.facebook.com\/eldiario.bolivia\/","article_published_time":"2021-08-07T06:27:31+00:00","author":"Jeanette","twitter_card":"summary_large_image","twitter_creator":"@eldiario_net","twitter_site":"@eldiario_net","twitter_misc":{"Escrito por":"Jeanette","Tiempo de lectura":"2 minutos"},"schema":{"@context":"https:\/\/schema.org","@graph":[{"@type":"Article","@id":"https:\/\/www.eldiario.net\/portal\/2021\/08\/07\/gobierno-ingreso-en-nueva-fase-de-represion-politica\/#article","isPartOf":{"@id":"https:\/\/www.eldiario.net\/portal\/2021\/08\/07\/gobierno-ingreso-en-nueva-fase-de-represion-politica\/"},"author":{"name":"Jeanette","@id":"https:\/\/www.eldiario.net\/portal\/#\/schema\/person\/f46445640444750d7d753ccd04ae01b7"},"headline":"Gobierno ingres\u00f3 en nueva fase de represi\u00f3n pol\u00edtica","datePublished":"2021-08-07T06:27:31+00:00","mainEntityOfPage":{"@id":"https:\/\/www.eldiario.net\/portal\/2021\/08\/07\/gobierno-ingreso-en-nueva-fase-de-represion-politica\/"},"wordCount":296,"publisher":{"@id":"https:\/\/www.eldiario.net\/portal\/#organization"},"image":{"@id":"https:\/\/www.eldiario.net\/portal\/2021\/08\/07\/gobierno-ingreso-en-nueva-fase-de-represion-politica\/#primaryimage"},"thumbnailUrl":"","articleSection":["Sociedad - Seguridad"],"inLanguage":"es"},{"@type":"WebPage","@id":"https:\/\/www.eldiario.net\/portal\/2021\/08\/07\/gobierno-ingreso-en-nueva-fase-de-represion-politica\/","url":"https:\/\/www.eldiario.net\/portal\/2021\/08\/07\/gobierno-ingreso-en-nueva-fase-de-represion-politica\/","name":"Gobierno ingres\u00f3 en nueva fase de represi\u00f3n pol\u00edtica - El Diario - Bolivia","isPartOf":{"@id":"https:\/\/www.eldiario.net\/portal\/#website"},"primaryImageOfPage":{"@id":"https:\/\/www.eldiario.net\/portal\/2021\/08\/07\/gobierno-ingreso-en-nueva-fase-de-represion-politica\/#primaryimage"},"image":{"@id":"https:\/\/www.eldiario.net\/portal\/2021\/08\/07\/gobierno-ingreso-en-nueva-fase-de-represion-politica\/#primaryimage"},"thumbnailUrl":"","datePublished":"2021-08-07T06:27:31+00:00","breadcrumb":{"@id":"https:\/\/www.eldiario.net\/portal\/2021\/08\/07\/gobierno-ingreso-en-nueva-fase-de-represion-politica\/#breadcrumb"},"inLanguage":"es","potentialAction":[{"@type":"ReadAction","target":["https:\/\/www.eldiario.net\/portal\/2021\/08\/07\/gobierno-ingreso-en-nueva-fase-de-represion-politica\/"]}]},{"@type":"ImageObject","inLanguage":"es","@id":"https:\/\/www.eldiario.net\/portal\/2021\/08\/07\/gobierno-ingreso-en-nueva-fase-de-represion-politica\/#primaryimage","url":"","contentUrl":""},{"@type":"BreadcrumbList","@id":"https:\/\/www.eldiario.net\/portal\/2021\/08\/07\/gobierno-ingreso-en-nueva-fase-de-represion-politica\/#breadcrumb","itemListElement":[{"@type":"ListItem","position":1,"name":"Portada","item":"https:\/\/www.eldiario.net\/portal\/"},{"@type":"ListItem","position":2,"name":"Gobierno ingres\u00f3 en nueva fase de represi\u00f3n pol\u00edtica"}]},{"@type":"WebSite","@id":"https:\/\/www.eldiario.net\/portal\/#website","url":"https:\/\/www.eldiario.net\/portal\/","name":"El Diario - Decano de la prensa nacional","description":"El Diario - Decano de la prensa nacional","publisher":{"@id":"https:\/\/www.eldiario.net\/portal\/#organization"},"potentialAction":[{"@type":"SearchAction","target":{"@type":"EntryPoint","urlTemplate":"https:\/\/www.eldiario.net\/portal\/?s={search_term_string}"},"query-input":{"@type":"PropertyValueSpecification","valueRequired":true,"valueName":"search_term_string"}}],"inLanguage":"es"},{"@type":"Organization","@id":"https:\/\/www.eldiario.net\/portal\/#organization","name":"El Diario - Decano de la prensa nacional","url":"https:\/\/www.eldiario.net\/portal\/","logo":{"@type":"ImageObject","inLanguage":"es","@id":"https:\/\/www.eldiario.net\/portal\/#\/schema\/logo\/image\/","url":"https:\/\/www.eldiario.net\/portal\/wp-content\/uploads\/2023\/07\/logo_ED.jpg","contentUrl":"https:\/\/www.eldiario.net\/portal\/wp-content\/uploads\/2023\/07\/logo_ED.jpg","width":272,"height":52,"caption":"El Diario - Decano de la prensa nacional"},"image":{"@id":"https:\/\/www.eldiario.net\/portal\/#\/schema\/logo\/image\/"},"sameAs":["https:\/\/www.facebook.com\/eldiario.bolivia\/","https:\/\/x.com\/eldiario_net"]},{"@type":"Person","@id":"https:\/\/www.eldiario.net\/portal\/#\/schema\/person\/f46445640444750d7d753ccd04ae01b7","name":"Jeanette","image":{"@type":"ImageObject","inLanguage":"es","@id":"https:\/\/secure.gravatar.com\/avatar\/3ea2118a5f7dad2b7138b1187a6b7ee55f160b9968b66013c3a3ef39dd7e5798?s=96&d=mm&r=g","url":"https:\/\/secure.gravatar.com\/avatar\/3ea2118a5f7dad2b7138b1187a6b7ee55f160b9968b66013c3a3ef39dd7e5798?s=96&d=mm&r=g","contentUrl":"https:\/\/secure.gravatar.com\/avatar\/3ea2118a5f7dad2b7138b1187a6b7ee55f160b9968b66013c3a3ef39dd7e5798?s=96&d=mm&r=g","caption":"Jeanette"},"sameAs":["https:\/\/www.eldiario.net\/portal"],"url":"https:\/\/www.eldiario.net\/portal\/author\/jeanette\/"}]}},"_links":{"self":[{"href":"https:\/\/www.eldiario.net\/portal\/wp-json\/wp\/v2\/posts\/21871","targetHints":{"allow":["GET"]}}],"collection":[{"href":"https:\/\/www.eldiario.net\/portal\/wp-json\/wp\/v2\/posts"}],"about":[{"href":"https:\/\/www.eldiario.net\/portal\/wp-json\/wp\/v2\/types\/post"}],"author":[{"embeddable":true,"href":"https:\/\/www.eldiario.net\/portal\/wp-json\/wp\/v2\/users\/1"}],"replies":[{"embeddable":true,"href":"https:\/\/www.eldiario.net\/portal\/wp-json\/wp\/v2\/comments?post=21871"}],"version-history":[{"count":0,"href":"https:\/\/www.eldiario.net\/portal\/wp-json\/wp\/v2\/posts\/21871\/revisions"}],"wp:attachment":[{"href":"https:\/\/www.eldiario.net\/portal\/wp-json\/wp\/v2\/media?parent=21871"}],"wp:term":[{"taxonomy":"category","embeddable":true,"href":"https:\/\/www.eldiario.net\/portal\/wp-json\/wp\/v2\/categories?post=21871"},{"taxonomy":"post_tag","embeddable":true,"href":"https:\/\/www.eldiario.net\/portal\/wp-json\/wp\/v2\/tags?post=21871"}],"curies":[{"name":"wp","href":"https:\/\/api.w.org\/{rel}","templated":true}]}}