{"id":21866,"date":"2021-08-07T02:24:49","date_gmt":"2021-08-07T06:24:49","guid":{"rendered":"https:\/\/www.eldiario.net\/portal\/?p=21866"},"modified":"2021-08-07T02:24:49","modified_gmt":"2021-08-07T06:24:49","slug":"anuncian-procesos-penales-contra-gustavo-torrico","status":"publish","type":"post","link":"https:\/\/www.eldiario.net\/portal\/2021\/08\/07\/anuncian-procesos-penales-contra-gustavo-torrico\/","title":{"rendered":"Anuncian procesos penales  contra Gustavo Torrico"},"content":{"rendered":"<p>La mujer activista que fue agredida f\u00edsicamente por grupos afines al Movimiento al Socialismo (MAS), durante una concentraci\u00f3n por la defensa de la democracia, anunci\u00f3 que iniciar\u00e1 procesos legales por violencia contra la mujer y robo de sus pertenencias, contra el ex asamble\u00edsta departamental Gustavo Torrico.<br \/>\nLa persona agredida se\u00f1al\u00f3 que asisti\u00f3 a la convocatoria del Conade para movilizaciones en defensa de la democracia, la tarde del jueves, cuando por cercan\u00edas del atrio de la UMSA fue agredida verbal y f\u00edsicamente por grupos afines al Movimiento al Socialismo liderados por el ex asamble\u00edsta departamental.<br \/>\n\u201cAsist\u00ed a la marcha convocada por el Conade, una marcha pac\u00edfica. Como activista particip\u00e9 y fui agredida por grupos masistas liderados por Gustavo Torrico, fui agredida personalmente por Gustavo Torrico\u201d manifest\u00f3 a trav\u00e9s de un video difundido en redes sociales.<br \/>\nPreciso que las agresiones sufridas fueron efectuadas personalmente por Torrico y que en el intento de protegerla, el diputado Betto Astorga fue herido en la cabeza con una piedra.<br \/>\nLa activista adelant\u00f3 que en las pr\u00f3ximas horas oficializar\u00e1 una denuncia por violencia en contra de la mujer y por el hurto de algunos objetos personales sufrido durante las grescas en las que el principal acusado ser\u00e1 Gustavo Torrico, quien fue plenamente identificado por los presentes y mediante grabaciones del hecho.<br \/>\n\u201cVoy a hacer la denuncia contra este se\u00f1or, por violencia contra la mujer y aparte fui robada de mis pertenencias como mis lentes. Muy aparte de todos eso, vino el diputado Betto Astorga a tratar de apaciguar las cosas donde fue agredido con una piedra en la cabeza, as\u00ed que, se\u00f1or Gustavo Torrico, esto va muy personal para usted, voy a hacer mi denuncia por violencia contra la mujer\u201d, dijo.<br \/>\nPor su parte, el diputado Astorga agradeci\u00f3 las muestras de solidaridad y lament\u00f3 que este tipo de hechos se presenten en las v\u00edsperas de las fiestas patrias.<br \/>\n\u201cGracias a todas las personas que se preocuparon y se solidarizaron conmigo, pese a que me suturaron mi cabeza con tres puntos, seguiremos junto a la ciudadan\u00eda en las calles para defender la democracia\u201d, manifest\u00f3 mediante redes sociales.<\/p>\n","protected":false},"excerpt":{"rendered":"<p>La mujer activista que fue agredida f\u00edsicamente por grupos afines al Movimiento al Socialismo (MAS), durante una concentraci\u00f3n por la defensa de la democracia, anunci\u00f3 que iniciar\u00e1 procesos legales por violencia contra la mujer y robo de sus pertenencias, contra el ex asamble\u00edsta departamental Gustavo Torrico. La persona agredida se\u00f1al\u00f3 que asisti\u00f3 a la convocatoria [&hellip;]<\/p>\n","protected":false},"author":1,"featured_media":0,"comment_status":"closed","ping_status":"closed","sticky":false,"template":"","format":"standard","meta":{"_acf_changed":false,"footnotes":""},"categories":[39],"tags":[],"class_list":["post-21866","post","type-post","status-publish","format-standard","category-sociedad"],"acf":{"antetitulo":""},"yoast_head":"<!-- This site is optimized with the Yoast SEO plugin v28.4 - https:\/\/yoast.com\/product\/yoast-seo-wordpress\/ -->\n<title>Anuncian procesos penales contra Gustavo Torrico - El Diario - Bolivia<\/title>\n<meta name=\"robots\" content=\"index, follow, max-snippet:-1, max-image-preview:large, max-video-preview:-1\" \/>\n<link rel=\"canonical\" href=\"https:\/\/www.eldiario.net\/portal\/2021\/08\/07\/anuncian-procesos-penales-contra-gustavo-torrico\/\" \/>\n<meta property=\"og:locale\" content=\"es_ES\" \/>\n<meta property=\"og:type\" content=\"article\" \/>\n<meta property=\"og:title\" content=\"Anuncian procesos penales contra Gustavo Torrico - El Diario - Bolivia\" \/>\n<meta property=\"og:description\" content=\"La mujer activista que fue agredida f\u00edsicamente por grupos afines al Movimiento al Socialismo (MAS), durante una concentraci\u00f3n por la defensa de la democracia, anunci\u00f3 que iniciar\u00e1 procesos legales por violencia contra la mujer y robo de sus pertenencias, contra el ex asamble\u00edsta departamental Gustavo Torrico. La persona agredida se\u00f1al\u00f3 que asisti\u00f3 a la convocatoria [&hellip;]\" \/>\n<meta property=\"og:url\" content=\"https:\/\/www.eldiario.net\/portal\/2021\/08\/07\/anuncian-procesos-penales-contra-gustavo-torrico\/\" \/>\n<meta property=\"og:site_name\" content=\"El Diario - Bolivia\" \/>\n<meta property=\"article:publisher\" content=\"https:\/\/www.facebook.com\/eldiario.bolivia\/\" \/>\n<meta property=\"article:published_time\" content=\"2021-08-07T06:24:49+00:00\" \/>\n<meta name=\"author\" content=\"Jeanette\" \/>\n<meta name=\"twitter:card\" content=\"summary_large_image\" \/>\n<meta name=\"twitter:creator\" content=\"@eldiario_net\" \/>\n<meta name=\"twitter:site\" content=\"@eldiario_net\" \/>\n<meta name=\"twitter:label1\" content=\"Escrito por\" \/>\n\t<meta name=\"twitter:data1\" content=\"Jeanette\" \/>\n\t<meta name=\"twitter:label2\" content=\"Tiempo de lectura\" \/>\n\t<meta name=\"twitter:data2\" content=\"2 minutos\" \/>\n<script type=\"application\/ld+json\" class=\"yoast-schema-graph\">{\"@context\":\"https:\\\/\\\/schema.org\",\"@graph\":[{\"@type\":\"Article\",\"@id\":\"https:\\\/\\\/www.eldiario.net\\\/portal\\\/2021\\\/08\\\/07\\\/anuncian-procesos-penales-contra-gustavo-torrico\\\/#article\",\"isPartOf\":{\"@id\":\"https:\\\/\\\/www.eldiario.net\\\/portal\\\/2021\\\/08\\\/07\\\/anuncian-procesos-penales-contra-gustavo-torrico\\\/\"},\"author\":{\"name\":\"Jeanette\",\"@id\":\"https:\\\/\\\/www.eldiario.net\\\/portal\\\/#\\\/schema\\\/person\\\/f46445640444750d7d753ccd04ae01b7\"},\"headline\":\"Anuncian procesos penales contra Gustavo Torrico\",\"datePublished\":\"2021-08-07T06:24:49+00:00\",\"mainEntityOfPage\":{\"@id\":\"https:\\\/\\\/www.eldiario.net\\\/portal\\\/2021\\\/08\\\/07\\\/anuncian-procesos-penales-contra-gustavo-torrico\\\/\"},\"wordCount\":369,\"publisher\":{\"@id\":\"https:\\\/\\\/www.eldiario.net\\\/portal\\\/#organization\"},\"articleSection\":[\"Sociedad - Seguridad\"],\"inLanguage\":\"es\"},{\"@type\":\"WebPage\",\"@id\":\"https:\\\/\\\/www.eldiario.net\\\/portal\\\/2021\\\/08\\\/07\\\/anuncian-procesos-penales-contra-gustavo-torrico\\\/\",\"url\":\"https:\\\/\\\/www.eldiario.net\\\/portal\\\/2021\\\/08\\\/07\\\/anuncian-procesos-penales-contra-gustavo-torrico\\\/\",\"name\":\"Anuncian procesos penales contra Gustavo Torrico - El Diario - Bolivia\",\"isPartOf\":{\"@id\":\"https:\\\/\\\/www.eldiario.net\\\/portal\\\/#website\"},\"datePublished\":\"2021-08-07T06:24:49+00:00\",\"breadcrumb\":{\"@id\":\"https:\\\/\\\/www.eldiario.net\\\/portal\\\/2021\\\/08\\\/07\\\/anuncian-procesos-penales-contra-gustavo-torrico\\\/#breadcrumb\"},\"inLanguage\":\"es\",\"potentialAction\":[{\"@type\":\"ReadAction\",\"target\":[\"https:\\\/\\\/www.eldiario.net\\\/portal\\\/2021\\\/08\\\/07\\\/anuncian-procesos-penales-contra-gustavo-torrico\\\/\"]}]},{\"@type\":\"BreadcrumbList\",\"@id\":\"https:\\\/\\\/www.eldiario.net\\\/portal\\\/2021\\\/08\\\/07\\\/anuncian-procesos-penales-contra-gustavo-torrico\\\/#breadcrumb\",\"itemListElement\":[{\"@type\":\"ListItem\",\"position\":1,\"name\":\"Portada\",\"item\":\"https:\\\/\\\/www.eldiario.net\\\/portal\\\/\"},{\"@type\":\"ListItem\",\"position\":2,\"name\":\"Anuncian procesos penales contra Gustavo Torrico\"}]},{\"@type\":\"WebSite\",\"@id\":\"https:\\\/\\\/www.eldiario.net\\\/portal\\\/#website\",\"url\":\"https:\\\/\\\/www.eldiario.net\\\/portal\\\/\",\"name\":\"El Diario - Decano de la prensa nacional\",\"description\":\"El Diario - Decano de la prensa nacional\",\"publisher\":{\"@id\":\"https:\\\/\\\/www.eldiario.net\\\/portal\\\/#organization\"},\"potentialAction\":[{\"@type\":\"SearchAction\",\"target\":{\"@type\":\"EntryPoint\",\"urlTemplate\":\"https:\\\/\\\/www.eldiario.net\\\/portal\\\/?s={search_term_string}\"},\"query-input\":{\"@type\":\"PropertyValueSpecification\",\"valueRequired\":true,\"valueName\":\"search_term_string\"}}],\"inLanguage\":\"es\"},{\"@type\":\"Organization\",\"@id\":\"https:\\\/\\\/www.eldiario.net\\\/portal\\\/#organization\",\"name\":\"El Diario - Decano de la prensa nacional\",\"url\":\"https:\\\/\\\/www.eldiario.net\\\/portal\\\/\",\"logo\":{\"@type\":\"ImageObject\",\"inLanguage\":\"es\",\"@id\":\"https:\\\/\\\/www.eldiario.net\\\/portal\\\/#\\\/schema\\\/logo\\\/image\\\/\",\"url\":\"https:\\\/\\\/www.eldiario.net\\\/portal\\\/wp-content\\\/uploads\\\/2023\\\/07\\\/logo_ED.jpg\",\"contentUrl\":\"https:\\\/\\\/www.eldiario.net\\\/portal\\\/wp-content\\\/uploads\\\/2023\\\/07\\\/logo_ED.jpg\",\"width\":272,\"height\":52,\"caption\":\"El Diario - Decano de la prensa nacional\"},\"image\":{\"@id\":\"https:\\\/\\\/www.eldiario.net\\\/portal\\\/#\\\/schema\\\/logo\\\/image\\\/\"},\"sameAs\":[\"https:\\\/\\\/www.facebook.com\\\/eldiario.bolivia\\\/\",\"https:\\\/\\\/x.com\\\/eldiario_net\"]},{\"@type\":\"Person\",\"@id\":\"https:\\\/\\\/www.eldiario.net\\\/portal\\\/#\\\/schema\\\/person\\\/f46445640444750d7d753ccd04ae01b7\",\"name\":\"Jeanette\",\"image\":{\"@type\":\"ImageObject\",\"inLanguage\":\"es\",\"@id\":\"https:\\\/\\\/secure.gravatar.com\\\/avatar\\\/3ea2118a5f7dad2b7138b1187a6b7ee55f160b9968b66013c3a3ef39dd7e5798?s=96&d=mm&r=g\",\"url\":\"https:\\\/\\\/secure.gravatar.com\\\/avatar\\\/3ea2118a5f7dad2b7138b1187a6b7ee55f160b9968b66013c3a3ef39dd7e5798?s=96&d=mm&r=g\",\"contentUrl\":\"https:\\\/\\\/secure.gravatar.com\\\/avatar\\\/3ea2118a5f7dad2b7138b1187a6b7ee55f160b9968b66013c3a3ef39dd7e5798?s=96&d=mm&r=g\",\"caption\":\"Jeanette\"},\"sameAs\":[\"https:\\\/\\\/www.eldiario.net\\\/portal\"],\"url\":\"https:\\\/\\\/www.eldiario.net\\\/portal\\\/author\\\/jeanette\\\/\"}]}<\/script>\n<!-- \/ Yoast SEO plugin. -->","yoast_head_json":{"title":"Anuncian procesos penales contra Gustavo Torrico - El Diario - Bolivia","robots":{"index":"index","follow":"follow","max-snippet":"max-snippet:-1","max-image-preview":"max-image-preview:large","max-video-preview":"max-video-preview:-1"},"canonical":"https:\/\/www.eldiario.net\/portal\/2021\/08\/07\/anuncian-procesos-penales-contra-gustavo-torrico\/","og_locale":"es_ES","og_type":"article","og_title":"Anuncian procesos penales contra Gustavo Torrico - El Diario - Bolivia","og_description":"La mujer activista que fue agredida f\u00edsicamente por grupos afines al Movimiento al Socialismo (MAS), durante una concentraci\u00f3n por la defensa de la democracia, anunci\u00f3 que iniciar\u00e1 procesos legales por violencia contra la mujer y robo de sus pertenencias, contra el ex asamble\u00edsta departamental Gustavo Torrico. La persona agredida se\u00f1al\u00f3 que asisti\u00f3 a la convocatoria [&hellip;]","og_url":"https:\/\/www.eldiario.net\/portal\/2021\/08\/07\/anuncian-procesos-penales-contra-gustavo-torrico\/","og_site_name":"El Diario - Bolivia","article_publisher":"https:\/\/www.facebook.com\/eldiario.bolivia\/","article_published_time":"2021-08-07T06:24:49+00:00","author":"Jeanette","twitter_card":"summary_large_image","twitter_creator":"@eldiario_net","twitter_site":"@eldiario_net","twitter_misc":{"Escrito por":"Jeanette","Tiempo de lectura":"2 minutos"},"schema":{"@context":"https:\/\/schema.org","@graph":[{"@type":"Article","@id":"https:\/\/www.eldiario.net\/portal\/2021\/08\/07\/anuncian-procesos-penales-contra-gustavo-torrico\/#article","isPartOf":{"@id":"https:\/\/www.eldiario.net\/portal\/2021\/08\/07\/anuncian-procesos-penales-contra-gustavo-torrico\/"},"author":{"name":"Jeanette","@id":"https:\/\/www.eldiario.net\/portal\/#\/schema\/person\/f46445640444750d7d753ccd04ae01b7"},"headline":"Anuncian procesos penales contra Gustavo Torrico","datePublished":"2021-08-07T06:24:49+00:00","mainEntityOfPage":{"@id":"https:\/\/www.eldiario.net\/portal\/2021\/08\/07\/anuncian-procesos-penales-contra-gustavo-torrico\/"},"wordCount":369,"publisher":{"@id":"https:\/\/www.eldiario.net\/portal\/#organization"},"articleSection":["Sociedad - Seguridad"],"inLanguage":"es"},{"@type":"WebPage","@id":"https:\/\/www.eldiario.net\/portal\/2021\/08\/07\/anuncian-procesos-penales-contra-gustavo-torrico\/","url":"https:\/\/www.eldiario.net\/portal\/2021\/08\/07\/anuncian-procesos-penales-contra-gustavo-torrico\/","name":"Anuncian procesos penales contra Gustavo Torrico - El Diario - Bolivia","isPartOf":{"@id":"https:\/\/www.eldiario.net\/portal\/#website"},"datePublished":"2021-08-07T06:24:49+00:00","breadcrumb":{"@id":"https:\/\/www.eldiario.net\/portal\/2021\/08\/07\/anuncian-procesos-penales-contra-gustavo-torrico\/#breadcrumb"},"inLanguage":"es","potentialAction":[{"@type":"ReadAction","target":["https:\/\/www.eldiario.net\/portal\/2021\/08\/07\/anuncian-procesos-penales-contra-gustavo-torrico\/"]}]},{"@type":"BreadcrumbList","@id":"https:\/\/www.eldiario.net\/portal\/2021\/08\/07\/anuncian-procesos-penales-contra-gustavo-torrico\/#breadcrumb","itemListElement":[{"@type":"ListItem","position":1,"name":"Portada","item":"https:\/\/www.eldiario.net\/portal\/"},{"@type":"ListItem","position":2,"name":"Anuncian procesos penales contra Gustavo Torrico"}]},{"@type":"WebSite","@id":"https:\/\/www.eldiario.net\/portal\/#website","url":"https:\/\/www.eldiario.net\/portal\/","name":"El Diario - Decano de la prensa nacional","description":"El Diario - Decano de la prensa nacional","publisher":{"@id":"https:\/\/www.eldiario.net\/portal\/#organization"},"potentialAction":[{"@type":"SearchAction","target":{"@type":"EntryPoint","urlTemplate":"https:\/\/www.eldiario.net\/portal\/?s={search_term_string}"},"query-input":{"@type":"PropertyValueSpecification","valueRequired":true,"valueName":"search_term_string"}}],"inLanguage":"es"},{"@type":"Organization","@id":"https:\/\/www.eldiario.net\/portal\/#organization","name":"El Diario - Decano de la prensa nacional","url":"https:\/\/www.eldiario.net\/portal\/","logo":{"@type":"ImageObject","inLanguage":"es","@id":"https:\/\/www.eldiario.net\/portal\/#\/schema\/logo\/image\/","url":"https:\/\/www.eldiario.net\/portal\/wp-content\/uploads\/2023\/07\/logo_ED.jpg","contentUrl":"https:\/\/www.eldiario.net\/portal\/wp-content\/uploads\/2023\/07\/logo_ED.jpg","width":272,"height":52,"caption":"El Diario - Decano de la prensa nacional"},"image":{"@id":"https:\/\/www.eldiario.net\/portal\/#\/schema\/logo\/image\/"},"sameAs":["https:\/\/www.facebook.com\/eldiario.bolivia\/","https:\/\/x.com\/eldiario_net"]},{"@type":"Person","@id":"https:\/\/www.eldiario.net\/portal\/#\/schema\/person\/f46445640444750d7d753ccd04ae01b7","name":"Jeanette","image":{"@type":"ImageObject","inLanguage":"es","@id":"https:\/\/secure.gravatar.com\/avatar\/3ea2118a5f7dad2b7138b1187a6b7ee55f160b9968b66013c3a3ef39dd7e5798?s=96&d=mm&r=g","url":"https:\/\/secure.gravatar.com\/avatar\/3ea2118a5f7dad2b7138b1187a6b7ee55f160b9968b66013c3a3ef39dd7e5798?s=96&d=mm&r=g","contentUrl":"https:\/\/secure.gravatar.com\/avatar\/3ea2118a5f7dad2b7138b1187a6b7ee55f160b9968b66013c3a3ef39dd7e5798?s=96&d=mm&r=g","caption":"Jeanette"},"sameAs":["https:\/\/www.eldiario.net\/portal"],"url":"https:\/\/www.eldiario.net\/portal\/author\/jeanette\/"}]}},"_links":{"self":[{"href":"https:\/\/www.eldiario.net\/portal\/wp-json\/wp\/v2\/posts\/21866","targetHints":{"allow":["GET"]}}],"collection":[{"href":"https:\/\/www.eldiario.net\/portal\/wp-json\/wp\/v2\/posts"}],"about":[{"href":"https:\/\/www.eldiario.net\/portal\/wp-json\/wp\/v2\/types\/post"}],"author":[{"embeddable":true,"href":"https:\/\/www.eldiario.net\/portal\/wp-json\/wp\/v2\/users\/1"}],"replies":[{"embeddable":true,"href":"https:\/\/www.eldiario.net\/portal\/wp-json\/wp\/v2\/comments?post=21866"}],"version-history":[{"count":0,"href":"https:\/\/www.eldiario.net\/portal\/wp-json\/wp\/v2\/posts\/21866\/revisions"}],"wp:attachment":[{"href":"https:\/\/www.eldiario.net\/portal\/wp-json\/wp\/v2\/media?parent=21866"}],"wp:term":[{"taxonomy":"category","embeddable":true,"href":"https:\/\/www.eldiario.net\/portal\/wp-json\/wp\/v2\/categories?post=21866"},{"taxonomy":"post_tag","embeddable":true,"href":"https:\/\/www.eldiario.net\/portal\/wp-json\/wp\/v2\/tags?post=21866"}],"curies":[{"name":"wp","href":"https:\/\/api.w.org\/{rel}","templated":true}]}}