{"id":218636,"date":"2024-05-05T07:09:38","date_gmt":"2024-05-05T11:09:38","guid":{"rendered":"https:\/\/www.eldiario.net\/portal\/?p=218636"},"modified":"2024-05-05T07:09:38","modified_gmt":"2024-05-05T11:09:38","slug":"anuncian-una-auditoria-a-gestion-de-zvonko-en-ald","status":"publish","type":"post","link":"https:\/\/www.eldiario.net\/portal\/2024\/05\/05\/anuncian-una-auditoria-a-gestion-de-zvonko-en-ald\/","title":{"rendered":"Anuncian una auditor\u00eda a  gesti\u00f3n de Zvonko en ALD"},"content":{"rendered":"<p>\u201cCorresponde a una auditor\u00eda a la Asamblea Legislativa Departamental (ALD), de una gesti\u00f3n que ha estado durante tres a\u00f1os\u201d, fue el primer anuncio que hizo el nuevo presidente de esta instancia cruce\u00f1a, Antonio Salvador Talam\u00e1s, tras asumir el mando.<br \/>\nLa autoridad manifest\u00f3 que se tiene que tomar conocimiento sobre c\u00f3mo se encuentra la instituci\u00f3n, as\u00ed como tambi\u00e9n se debe anotar el inventario que ser\u00e1 entregado por la directiva saliente, que estuvo encabezada por Zvonko Matkovic (Creemos).<br \/>\n\u201cVeremos con el \u00e1rea jur\u00eddica c\u00f3mo corresponde dar inicio a la auditor\u00eda, a la brevedad posible\u201d, sostuvo el asamble\u00edsta, cuya plancha sali\u00f3 airosa de la votaci\u00f3n, con 21 votos a favor frente a los seis conseguidos por su contrincante, la asamble\u00edsta ind\u00edgena Giliana Etacore, representante del Pueblo Ayoreo.<br \/>\nTambi\u00e9n reflej\u00f3 que prev\u00e9 trabajar codo a codo con el Ejecutivo departamental, que es encabezado por el gobernador Mario Aguilera, con quien mostr\u00f3 afinidad en diferentes ocasiones; sin embargo, se\u00f1ala que no hay miras de dejar de lado el rol fiscalizador que le compete como asamble\u00edsta, al igual que los legisladores que tambi\u00e9n tomar\u00e1n parte de la directiva.<br \/>\n\u201cTenemos que trabajar las 15 provincias en beneficio del departamento cruce\u00f1o. Esto se logra trabajando de la mano del Ejecutivo departamental, sin dejar nuestro rol fiscalizador. Debemos buscar proyectos en beneficio que sean transversales a las necesidades de todas las comunidades\u201d, remarc\u00f3 la autoridad.<br \/>\nPrevio a la elecci\u00f3n en la Asamblea, desde Creemos advirtieron la expulsi\u00f3n de Talam\u00e1s de sus filas, al igual que las asamble\u00edstas Keila Garc\u00eda y Kathia Quiroga.<br \/>\nSin embargo, el flamante presidente enfatiz\u00f3: \u201cYo soy asamble\u00edsta departamental de la agrupaci\u00f3n Creemos\u201d, acotando que el tema de la expulsi\u00f3n anunciada por sus colegas est\u00e1 en manos de su equipo jur\u00eddico y es algo que no tendr\u00eda por qu\u00e9 entorpecer la gesti\u00f3n de la ALD. (Santa Cruz, agencias)<\/p>\n<p>Adem\u00e1s de la auditor\u00eda, el presidente manifest\u00f3 que se tiene que poner el foco en las necesidades de las provincias, as\u00ed como sesionar en diferentes regiones del departamento cruce\u00f1o.<\/p>\n","protected":false},"excerpt":{"rendered":"<p>\u201cCorresponde a una auditor\u00eda a la Asamblea Legislativa Departamental (ALD), de una gesti\u00f3n que ha estado durante tres a\u00f1os\u201d, fue el primer anuncio que hizo el nuevo presidente de esta instancia cruce\u00f1a, Antonio Salvador Talam\u00e1s, tras asumir el mando. La autoridad manifest\u00f3 que se tiene que tomar conocimiento sobre c\u00f3mo se encuentra la instituci\u00f3n, as\u00ed [&hellip;]<\/p>\n","protected":false},"author":1,"featured_media":194726,"comment_status":"open","ping_status":"open","sticky":false,"template":"","format":"standard","meta":{"_acf_changed":false,"footnotes":""},"categories":[12],"tags":[],"class_list":["post-218636","post","type-post","status-publish","format-standard","has-post-thumbnail","category-nacional"],"acf":{"antetitulo":"Santa Cruz"},"yoast_head":"<!-- This site is optimized with the Yoast SEO plugin v28.4 - https:\/\/yoast.com\/product\/yoast-seo-wordpress\/ -->\n<title>Anuncian una auditor\u00eda a gesti\u00f3n de Zvonko en ALD - El Diario - Bolivia<\/title>\n<meta name=\"robots\" content=\"index, follow, max-snippet:-1, max-image-preview:large, max-video-preview:-1\" \/>\n<link rel=\"canonical\" href=\"https:\/\/www.eldiario.net\/portal\/2024\/05\/05\/anuncian-una-auditoria-a-gestion-de-zvonko-en-ald\/\" \/>\n<meta property=\"og:locale\" content=\"es_ES\" \/>\n<meta property=\"og:type\" content=\"article\" \/>\n<meta property=\"og:title\" content=\"Anuncian una auditor\u00eda a gesti\u00f3n de Zvonko en ALD - El Diario - Bolivia\" \/>\n<meta property=\"og:description\" content=\"\u201cCorresponde a una auditor\u00eda a la Asamblea Legislativa Departamental (ALD), de una gesti\u00f3n que ha estado durante tres a\u00f1os\u201d, fue el primer anuncio que hizo el nuevo presidente de esta instancia cruce\u00f1a, Antonio Salvador Talam\u00e1s, tras asumir el mando. La autoridad manifest\u00f3 que se tiene que tomar conocimiento sobre c\u00f3mo se encuentra la instituci\u00f3n, as\u00ed [&hellip;]\" \/>\n<meta property=\"og:url\" content=\"https:\/\/www.eldiario.net\/portal\/2024\/05\/05\/anuncian-una-auditoria-a-gestion-de-zvonko-en-ald\/\" \/>\n<meta property=\"og:site_name\" content=\"El Diario - Bolivia\" \/>\n<meta property=\"article:publisher\" content=\"https:\/\/www.facebook.com\/eldiario.bolivia\/\" \/>\n<meta property=\"article:published_time\" content=\"2024-05-05T11:09:38+00:00\" \/>\n<meta property=\"og:image\" content=\"https:\/\/www.eldiario.net\/portal\/wp-content\/uploads\/2023\/12\/Nacional.jpg\" \/>\n\t<meta property=\"og:image:width\" content=\"800\" \/>\n\t<meta property=\"og:image:height\" content=\"500\" \/>\n\t<meta property=\"og:image:type\" content=\"image\/jpeg\" \/>\n<meta name=\"author\" content=\"Jeanette\" \/>\n<meta name=\"twitter:card\" content=\"summary_large_image\" \/>\n<meta name=\"twitter:creator\" content=\"@eldiario_net\" \/>\n<meta name=\"twitter:site\" content=\"@eldiario_net\" \/>\n<meta name=\"twitter:label1\" content=\"Escrito por\" \/>\n\t<meta name=\"twitter:data1\" content=\"Jeanette\" \/>\n\t<meta name=\"twitter:label2\" content=\"Tiempo de lectura\" \/>\n\t<meta name=\"twitter:data2\" content=\"2 minutos\" \/>\n<script type=\"application\/ld+json\" class=\"yoast-schema-graph\">{\"@context\":\"https:\\\/\\\/schema.org\",\"@graph\":[{\"@type\":\"Article\",\"@id\":\"https:\\\/\\\/www.eldiario.net\\\/portal\\\/2024\\\/05\\\/05\\\/anuncian-una-auditoria-a-gestion-de-zvonko-en-ald\\\/#article\",\"isPartOf\":{\"@id\":\"https:\\\/\\\/www.eldiario.net\\\/portal\\\/2024\\\/05\\\/05\\\/anuncian-una-auditoria-a-gestion-de-zvonko-en-ald\\\/\"},\"author\":{\"name\":\"Jeanette\",\"@id\":\"https:\\\/\\\/www.eldiario.net\\\/portal\\\/#\\\/schema\\\/person\\\/2c57cf2b7a7ae032e449e4c9b1019eac\"},\"headline\":\"Anuncian una auditor\u00eda a gesti\u00f3n de Zvonko en ALD\",\"datePublished\":\"2024-05-05T11:09:38+00:00\",\"mainEntityOfPage\":{\"@id\":\"https:\\\/\\\/www.eldiario.net\\\/portal\\\/2024\\\/05\\\/05\\\/anuncian-una-auditoria-a-gestion-de-zvonko-en-ald\\\/\"},\"wordCount\":375,\"commentCount\":0,\"publisher\":{\"@id\":\"https:\\\/\\\/www.eldiario.net\\\/portal\\\/#organization\"},\"image\":{\"@id\":\"https:\\\/\\\/www.eldiario.net\\\/portal\\\/2024\\\/05\\\/05\\\/anuncian-una-auditoria-a-gestion-de-zvonko-en-ald\\\/#primaryimage\"},\"thumbnailUrl\":\"https:\\\/\\\/www.eldiario.net\\\/portal\\\/wp-content\\\/uploads\\\/2023\\\/12\\\/Nacional.jpg\",\"articleSection\":[\"Nacional\"],\"inLanguage\":\"es\",\"potentialAction\":[{\"@type\":\"CommentAction\",\"name\":\"Comment\",\"target\":[\"https:\\\/\\\/www.eldiario.net\\\/portal\\\/2024\\\/05\\\/05\\\/anuncian-una-auditoria-a-gestion-de-zvonko-en-ald\\\/#respond\"]}]},{\"@type\":\"WebPage\",\"@id\":\"https:\\\/\\\/www.eldiario.net\\\/portal\\\/2024\\\/05\\\/05\\\/anuncian-una-auditoria-a-gestion-de-zvonko-en-ald\\\/\",\"url\":\"https:\\\/\\\/www.eldiario.net\\\/portal\\\/2024\\\/05\\\/05\\\/anuncian-una-auditoria-a-gestion-de-zvonko-en-ald\\\/\",\"name\":\"Anuncian una auditor\u00eda a gesti\u00f3n de Zvonko en ALD - El Diario - Bolivia\",\"isPartOf\":{\"@id\":\"https:\\\/\\\/www.eldiario.net\\\/portal\\\/#website\"},\"primaryImageOfPage\":{\"@id\":\"https:\\\/\\\/www.eldiario.net\\\/portal\\\/2024\\\/05\\\/05\\\/anuncian-una-auditoria-a-gestion-de-zvonko-en-ald\\\/#primaryimage\"},\"image\":{\"@id\":\"https:\\\/\\\/www.eldiario.net\\\/portal\\\/2024\\\/05\\\/05\\\/anuncian-una-auditoria-a-gestion-de-zvonko-en-ald\\\/#primaryimage\"},\"thumbnailUrl\":\"https:\\\/\\\/www.eldiario.net\\\/portal\\\/wp-content\\\/uploads\\\/2023\\\/12\\\/Nacional.jpg\",\"datePublished\":\"2024-05-05T11:09:38+00:00\",\"breadcrumb\":{\"@id\":\"https:\\\/\\\/www.eldiario.net\\\/portal\\\/2024\\\/05\\\/05\\\/anuncian-una-auditoria-a-gestion-de-zvonko-en-ald\\\/#breadcrumb\"},\"inLanguage\":\"es\",\"potentialAction\":[{\"@type\":\"ReadAction\",\"target\":[\"https:\\\/\\\/www.eldiario.net\\\/portal\\\/2024\\\/05\\\/05\\\/anuncian-una-auditoria-a-gestion-de-zvonko-en-ald\\\/\"]}]},{\"@type\":\"ImageObject\",\"inLanguage\":\"es\",\"@id\":\"https:\\\/\\\/www.eldiario.net\\\/portal\\\/2024\\\/05\\\/05\\\/anuncian-una-auditoria-a-gestion-de-zvonko-en-ald\\\/#primaryimage\",\"url\":\"https:\\\/\\\/www.eldiario.net\\\/portal\\\/wp-content\\\/uploads\\\/2023\\\/12\\\/Nacional.jpg\",\"contentUrl\":\"https:\\\/\\\/www.eldiario.net\\\/portal\\\/wp-content\\\/uploads\\\/2023\\\/12\\\/Nacional.jpg\",\"width\":800,\"height\":500},{\"@type\":\"BreadcrumbList\",\"@id\":\"https:\\\/\\\/www.eldiario.net\\\/portal\\\/2024\\\/05\\\/05\\\/anuncian-una-auditoria-a-gestion-de-zvonko-en-ald\\\/#breadcrumb\",\"itemListElement\":[{\"@type\":\"ListItem\",\"position\":1,\"name\":\"Portada\",\"item\":\"https:\\\/\\\/www.eldiario.net\\\/portal\\\/\"},{\"@type\":\"ListItem\",\"position\":2,\"name\":\"Anuncian una auditor\u00eda a gesti\u00f3n de Zvonko en ALD\"}]},{\"@type\":\"WebSite\",\"@id\":\"https:\\\/\\\/www.eldiario.net\\\/portal\\\/#website\",\"url\":\"https:\\\/\\\/www.eldiario.net\\\/portal\\\/\",\"name\":\"El Diario - Decano de la prensa nacional\",\"description\":\"El Diario - Decano de la prensa nacional\",\"publisher\":{\"@id\":\"https:\\\/\\\/www.eldiario.net\\\/portal\\\/#organization\"},\"potentialAction\":[{\"@type\":\"SearchAction\",\"target\":{\"@type\":\"EntryPoint\",\"urlTemplate\":\"https:\\\/\\\/www.eldiario.net\\\/portal\\\/?s={search_term_string}\"},\"query-input\":{\"@type\":\"PropertyValueSpecification\",\"valueRequired\":true,\"valueName\":\"search_term_string\"}}],\"inLanguage\":\"es\"},{\"@type\":\"Organization\",\"@id\":\"https:\\\/\\\/www.eldiario.net\\\/portal\\\/#organization\",\"name\":\"El Diario - Decano de la prensa nacional\",\"url\":\"https:\\\/\\\/www.eldiario.net\\\/portal\\\/\",\"logo\":{\"@type\":\"ImageObject\",\"inLanguage\":\"es\",\"@id\":\"https:\\\/\\\/www.eldiario.net\\\/portal\\\/#\\\/schema\\\/logo\\\/image\\\/\",\"url\":\"https:\\\/\\\/www.eldiario.net\\\/portal\\\/wp-content\\\/uploads\\\/2023\\\/07\\\/logo_ED.jpg\",\"contentUrl\":\"https:\\\/\\\/www.eldiario.net\\\/portal\\\/wp-content\\\/uploads\\\/2023\\\/07\\\/logo_ED.jpg\",\"width\":272,\"height\":52,\"caption\":\"El Diario - Decano de la prensa nacional\"},\"image\":{\"@id\":\"https:\\\/\\\/www.eldiario.net\\\/portal\\\/#\\\/schema\\\/logo\\\/image\\\/\"},\"sameAs\":[\"https:\\\/\\\/www.facebook.com\\\/eldiario.bolivia\\\/\",\"https:\\\/\\\/x.com\\\/eldiario_net\"]},{\"@type\":\"Person\",\"@id\":\"https:\\\/\\\/www.eldiario.net\\\/portal\\\/#\\\/schema\\\/person\\\/2c57cf2b7a7ae032e449e4c9b1019eac\",\"name\":\"Jeanette\",\"image\":{\"@type\":\"ImageObject\",\"inLanguage\":\"es\",\"@id\":\"https:\\\/\\\/secure.gravatar.com\\\/avatar\\\/3ea2118a5f7dad2b7138b1187a6b7ee55f160b9968b66013c3a3ef39dd7e5798?s=96&d=mm&r=g\",\"url\":\"https:\\\/\\\/secure.gravatar.com\\\/avatar\\\/3ea2118a5f7dad2b7138b1187a6b7ee55f160b9968b66013c3a3ef39dd7e5798?s=96&d=mm&r=g\",\"contentUrl\":\"https:\\\/\\\/secure.gravatar.com\\\/avatar\\\/3ea2118a5f7dad2b7138b1187a6b7ee55f160b9968b66013c3a3ef39dd7e5798?s=96&d=mm&r=g\",\"caption\":\"Jeanette\"},\"sameAs\":[\"https:\\\/\\\/www.eldiario.net\\\/portal\"],\"url\":\"https:\\\/\\\/www.eldiario.net\\\/portal\\\/author\\\/jeanette\\\/\"}]}<\/script>\n<!-- \/ Yoast SEO plugin. -->","yoast_head_json":{"title":"Anuncian una auditor\u00eda a gesti\u00f3n de Zvonko en ALD - El Diario - Bolivia","robots":{"index":"index","follow":"follow","max-snippet":"max-snippet:-1","max-image-preview":"max-image-preview:large","max-video-preview":"max-video-preview:-1"},"canonical":"https:\/\/www.eldiario.net\/portal\/2024\/05\/05\/anuncian-una-auditoria-a-gestion-de-zvonko-en-ald\/","og_locale":"es_ES","og_type":"article","og_title":"Anuncian una auditor\u00eda a gesti\u00f3n de Zvonko en ALD - El Diario - Bolivia","og_description":"\u201cCorresponde a una auditor\u00eda a la Asamblea Legislativa Departamental (ALD), de una gesti\u00f3n que ha estado durante tres a\u00f1os\u201d, fue el primer anuncio que hizo el nuevo presidente de esta instancia cruce\u00f1a, Antonio Salvador Talam\u00e1s, tras asumir el mando. La autoridad manifest\u00f3 que se tiene que tomar conocimiento sobre c\u00f3mo se encuentra la instituci\u00f3n, as\u00ed [&hellip;]","og_url":"https:\/\/www.eldiario.net\/portal\/2024\/05\/05\/anuncian-una-auditoria-a-gestion-de-zvonko-en-ald\/","og_site_name":"El Diario - Bolivia","article_publisher":"https:\/\/www.facebook.com\/eldiario.bolivia\/","article_published_time":"2024-05-05T11:09:38+00:00","og_image":[{"width":800,"height":500,"url":"https:\/\/www.eldiario.net\/portal\/wp-content\/uploads\/2023\/12\/Nacional.jpg","type":"image\/jpeg"}],"author":"Jeanette","twitter_card":"summary_large_image","twitter_creator":"@eldiario_net","twitter_site":"@eldiario_net","twitter_misc":{"Escrito por":"Jeanette","Tiempo de lectura":"2 minutos"},"schema":{"@context":"https:\/\/schema.org","@graph":[{"@type":"Article","@id":"https:\/\/www.eldiario.net\/portal\/2024\/05\/05\/anuncian-una-auditoria-a-gestion-de-zvonko-en-ald\/#article","isPartOf":{"@id":"https:\/\/www.eldiario.net\/portal\/2024\/05\/05\/anuncian-una-auditoria-a-gestion-de-zvonko-en-ald\/"},"author":{"name":"Jeanette","@id":"https:\/\/www.eldiario.net\/portal\/#\/schema\/person\/2c57cf2b7a7ae032e449e4c9b1019eac"},"headline":"Anuncian una auditor\u00eda a gesti\u00f3n de Zvonko en ALD","datePublished":"2024-05-05T11:09:38+00:00","mainEntityOfPage":{"@id":"https:\/\/www.eldiario.net\/portal\/2024\/05\/05\/anuncian-una-auditoria-a-gestion-de-zvonko-en-ald\/"},"wordCount":375,"commentCount":0,"publisher":{"@id":"https:\/\/www.eldiario.net\/portal\/#organization"},"image":{"@id":"https:\/\/www.eldiario.net\/portal\/2024\/05\/05\/anuncian-una-auditoria-a-gestion-de-zvonko-en-ald\/#primaryimage"},"thumbnailUrl":"https:\/\/www.eldiario.net\/portal\/wp-content\/uploads\/2023\/12\/Nacional.jpg","articleSection":["Nacional"],"inLanguage":"es","potentialAction":[{"@type":"CommentAction","name":"Comment","target":["https:\/\/www.eldiario.net\/portal\/2024\/05\/05\/anuncian-una-auditoria-a-gestion-de-zvonko-en-ald\/#respond"]}]},{"@type":"WebPage","@id":"https:\/\/www.eldiario.net\/portal\/2024\/05\/05\/anuncian-una-auditoria-a-gestion-de-zvonko-en-ald\/","url":"https:\/\/www.eldiario.net\/portal\/2024\/05\/05\/anuncian-una-auditoria-a-gestion-de-zvonko-en-ald\/","name":"Anuncian una auditor\u00eda a gesti\u00f3n de Zvonko en ALD - El Diario - Bolivia","isPartOf":{"@id":"https:\/\/www.eldiario.net\/portal\/#website"},"primaryImageOfPage":{"@id":"https:\/\/www.eldiario.net\/portal\/2024\/05\/05\/anuncian-una-auditoria-a-gestion-de-zvonko-en-ald\/#primaryimage"},"image":{"@id":"https:\/\/www.eldiario.net\/portal\/2024\/05\/05\/anuncian-una-auditoria-a-gestion-de-zvonko-en-ald\/#primaryimage"},"thumbnailUrl":"https:\/\/www.eldiario.net\/portal\/wp-content\/uploads\/2023\/12\/Nacional.jpg","datePublished":"2024-05-05T11:09:38+00:00","breadcrumb":{"@id":"https:\/\/www.eldiario.net\/portal\/2024\/05\/05\/anuncian-una-auditoria-a-gestion-de-zvonko-en-ald\/#breadcrumb"},"inLanguage":"es","potentialAction":[{"@type":"ReadAction","target":["https:\/\/www.eldiario.net\/portal\/2024\/05\/05\/anuncian-una-auditoria-a-gestion-de-zvonko-en-ald\/"]}]},{"@type":"ImageObject","inLanguage":"es","@id":"https:\/\/www.eldiario.net\/portal\/2024\/05\/05\/anuncian-una-auditoria-a-gestion-de-zvonko-en-ald\/#primaryimage","url":"https:\/\/www.eldiario.net\/portal\/wp-content\/uploads\/2023\/12\/Nacional.jpg","contentUrl":"https:\/\/www.eldiario.net\/portal\/wp-content\/uploads\/2023\/12\/Nacional.jpg","width":800,"height":500},{"@type":"BreadcrumbList","@id":"https:\/\/www.eldiario.net\/portal\/2024\/05\/05\/anuncian-una-auditoria-a-gestion-de-zvonko-en-ald\/#breadcrumb","itemListElement":[{"@type":"ListItem","position":1,"name":"Portada","item":"https:\/\/www.eldiario.net\/portal\/"},{"@type":"ListItem","position":2,"name":"Anuncian una auditor\u00eda a gesti\u00f3n de Zvonko en ALD"}]},{"@type":"WebSite","@id":"https:\/\/www.eldiario.net\/portal\/#website","url":"https:\/\/www.eldiario.net\/portal\/","name":"El Diario - Decano de la prensa nacional","description":"El Diario - Decano de la prensa nacional","publisher":{"@id":"https:\/\/www.eldiario.net\/portal\/#organization"},"potentialAction":[{"@type":"SearchAction","target":{"@type":"EntryPoint","urlTemplate":"https:\/\/www.eldiario.net\/portal\/?s={search_term_string}"},"query-input":{"@type":"PropertyValueSpecification","valueRequired":true,"valueName":"search_term_string"}}],"inLanguage":"es"},{"@type":"Organization","@id":"https:\/\/www.eldiario.net\/portal\/#organization","name":"El Diario - Decano de la prensa nacional","url":"https:\/\/www.eldiario.net\/portal\/","logo":{"@type":"ImageObject","inLanguage":"es","@id":"https:\/\/www.eldiario.net\/portal\/#\/schema\/logo\/image\/","url":"https:\/\/www.eldiario.net\/portal\/wp-content\/uploads\/2023\/07\/logo_ED.jpg","contentUrl":"https:\/\/www.eldiario.net\/portal\/wp-content\/uploads\/2023\/07\/logo_ED.jpg","width":272,"height":52,"caption":"El Diario - Decano de la prensa nacional"},"image":{"@id":"https:\/\/www.eldiario.net\/portal\/#\/schema\/logo\/image\/"},"sameAs":["https:\/\/www.facebook.com\/eldiario.bolivia\/","https:\/\/x.com\/eldiario_net"]},{"@type":"Person","@id":"https:\/\/www.eldiario.net\/portal\/#\/schema\/person\/2c57cf2b7a7ae032e449e4c9b1019eac","name":"Jeanette","image":{"@type":"ImageObject","inLanguage":"es","@id":"https:\/\/secure.gravatar.com\/avatar\/3ea2118a5f7dad2b7138b1187a6b7ee55f160b9968b66013c3a3ef39dd7e5798?s=96&d=mm&r=g","url":"https:\/\/secure.gravatar.com\/avatar\/3ea2118a5f7dad2b7138b1187a6b7ee55f160b9968b66013c3a3ef39dd7e5798?s=96&d=mm&r=g","contentUrl":"https:\/\/secure.gravatar.com\/avatar\/3ea2118a5f7dad2b7138b1187a6b7ee55f160b9968b66013c3a3ef39dd7e5798?s=96&d=mm&r=g","caption":"Jeanette"},"sameAs":["https:\/\/www.eldiario.net\/portal"],"url":"https:\/\/www.eldiario.net\/portal\/author\/jeanette\/"}]}},"_links":{"self":[{"href":"https:\/\/www.eldiario.net\/portal\/wp-json\/wp\/v2\/posts\/218636","targetHints":{"allow":["GET"]}}],"collection":[{"href":"https:\/\/www.eldiario.net\/portal\/wp-json\/wp\/v2\/posts"}],"about":[{"href":"https:\/\/www.eldiario.net\/portal\/wp-json\/wp\/v2\/types\/post"}],"author":[{"embeddable":true,"href":"https:\/\/www.eldiario.net\/portal\/wp-json\/wp\/v2\/users\/1"}],"replies":[{"embeddable":true,"href":"https:\/\/www.eldiario.net\/portal\/wp-json\/wp\/v2\/comments?post=218636"}],"version-history":[{"count":1,"href":"https:\/\/www.eldiario.net\/portal\/wp-json\/wp\/v2\/posts\/218636\/revisions"}],"predecessor-version":[{"id":218637,"href":"https:\/\/www.eldiario.net\/portal\/wp-json\/wp\/v2\/posts\/218636\/revisions\/218637"}],"wp:featuredmedia":[{"embeddable":true,"href":"https:\/\/www.eldiario.net\/portal\/wp-json\/wp\/v2\/media\/194726"}],"wp:attachment":[{"href":"https:\/\/www.eldiario.net\/portal\/wp-json\/wp\/v2\/media?parent=218636"}],"wp:term":[{"taxonomy":"category","embeddable":true,"href":"https:\/\/www.eldiario.net\/portal\/wp-json\/wp\/v2\/categories?post=218636"},{"taxonomy":"post_tag","embeddable":true,"href":"https:\/\/www.eldiario.net\/portal\/wp-json\/wp\/v2\/tags?post=218636"}],"curies":[{"name":"wp","href":"https:\/\/api.w.org\/{rel}","templated":true}]}}