{"id":218633,"date":"2024-05-05T07:09:05","date_gmt":"2024-05-05T11:09:05","guid":{"rendered":"https:\/\/www.eldiario.net\/portal\/?p=218633"},"modified":"2024-05-05T07:09:05","modified_gmt":"2024-05-05T11:09:05","slug":"nuevo-edificio-de-la-alcaldia-no-vulnera-restriccion-aerea","status":"publish","type":"post","link":"https:\/\/www.eldiario.net\/portal\/2024\/05\/05\/nuevo-edificio-de-la-alcaldia-no-vulnera-restriccion-aerea\/","title":{"rendered":"Nuevo edificio de la Alcald\u00eda  no vulnera restricci\u00f3n a\u00e9rea"},"content":{"rendered":"<p>La construcci\u00f3n del nuevo edificio de la Alcald\u00eda de Cochabamba est\u00e1 garantizada, dijo el jefe de Administraci\u00f3n Urbana, Mauricio Morales, agreg\u00f3 que como municipio se est\u00e1 respondiendo varias notas a la Direcci\u00f3n General de Aeron\u00e1utica Civil (DGAC) de Cochabamba, ya que en ning\u00fan momento fueron notificados, ni siquiera al inicio de la construcci\u00f3n de la obra.<br \/>\n\u201cComo Alcald\u00eda se contaba con una Ordenanza Municipal del 2003 N\u00ba 3011 donde espec\u00edfica un plano de zonificaci\u00f3n de altura donde el cono de restricci\u00f3n a\u00e9rea estaba limitado y demarcado hasta la Colina San Sebasti\u00e1n y nunca nadie se pronunci\u00f3\u201d, cuestion\u00f3 Morales.<br \/>\nHace 14 a\u00f1os se aprob\u00f3 otra Ordenanza Municipal, la N\u00ba 4100 que abroga la anterior ordenanza y aprueba un plano de altura donde el l\u00edmite de restricci\u00f3n a\u00e9rea contin\u00faa siendo hasta la Colina San Sebasti\u00e1n y tampoco se emiti\u00f3 ning\u00fan pronunciamiento, sostuvo.<br \/>\nMorales enfatiz\u00f3 que otro tercer antecedente se\u00f1ala que a una cuadra del edificio municipal, se encuentra el edificio Col\u00f3n que tiene 20 pisos, asimismo al lado de esta infraestructura, se encuentra la construcci\u00f3n de un edificio de 32 pisos con 119 metros de altura. \u201cEs lo que m\u00e1s llama la atenci\u00f3n porque a tantos antecedentes, sorprende las observaciones que ahora realiza la DGAC\u201d, denunci\u00f3 el funcionario municipal.<br \/>\nAsimismo, el edificio municipal se encuentra a m\u00e1s de tres kil\u00f3metros del aeropuerto de la pista 0523. \u201cEn ning\u00fan momento se pone en riesgo la pista de emergencia del aeropuerto\u201d, concluy\u00f3 Morales. (Cochabamba, agencias)<\/p>\n","protected":false},"excerpt":{"rendered":"<p>La construcci\u00f3n del nuevo edificio de la Alcald\u00eda de Cochabamba est\u00e1 garantizada, dijo el jefe de Administraci\u00f3n Urbana, Mauricio Morales, agreg\u00f3 que como municipio se est\u00e1 respondiendo varias notas a la Direcci\u00f3n General de Aeron\u00e1utica Civil (DGAC) de Cochabamba, ya que en ning\u00fan momento fueron notificados, ni siquiera al inicio de la construcci\u00f3n de la [&hellip;]<\/p>\n","protected":false},"author":1,"featured_media":218634,"comment_status":"open","ping_status":"open","sticky":false,"template":"","format":"standard","meta":{"_acf_changed":false,"footnotes":""},"categories":[12],"tags":[],"class_list":["post-218633","post","type-post","status-publish","format-standard","has-post-thumbnail","category-nacional"],"acf":{"antetitulo":"Cochabamba"},"yoast_head":"<!-- This site is optimized with the Yoast SEO plugin v28.4 - https:\/\/yoast.com\/product\/yoast-seo-wordpress\/ -->\n<title>Nuevo edificio de la Alcald\u00eda no vulnera restricci\u00f3n a\u00e9rea - El Diario - Bolivia<\/title>\n<meta name=\"robots\" content=\"index, follow, max-snippet:-1, max-image-preview:large, max-video-preview:-1\" \/>\n<link rel=\"canonical\" href=\"https:\/\/www.eldiario.net\/portal\/2024\/05\/05\/nuevo-edificio-de-la-alcaldia-no-vulnera-restriccion-aerea\/\" \/>\n<meta property=\"og:locale\" content=\"es_ES\" \/>\n<meta property=\"og:type\" content=\"article\" \/>\n<meta property=\"og:title\" content=\"Nuevo edificio de la Alcald\u00eda no vulnera restricci\u00f3n a\u00e9rea - El Diario - Bolivia\" \/>\n<meta property=\"og:description\" content=\"La construcci\u00f3n del nuevo edificio de la Alcald\u00eda de Cochabamba est\u00e1 garantizada, dijo el jefe de Administraci\u00f3n Urbana, Mauricio Morales, agreg\u00f3 que como municipio se est\u00e1 respondiendo varias notas a la Direcci\u00f3n General de Aeron\u00e1utica Civil (DGAC) de Cochabamba, ya que en ning\u00fan momento fueron notificados, ni siquiera al inicio de la construcci\u00f3n de la [&hellip;]\" \/>\n<meta property=\"og:url\" content=\"https:\/\/www.eldiario.net\/portal\/2024\/05\/05\/nuevo-edificio-de-la-alcaldia-no-vulnera-restriccion-aerea\/\" \/>\n<meta property=\"og:site_name\" content=\"El Diario - Bolivia\" \/>\n<meta property=\"article:publisher\" content=\"https:\/\/www.facebook.com\/eldiario.bolivia\/\" \/>\n<meta property=\"article:published_time\" content=\"2024-05-05T11:09:05+00:00\" \/>\n<meta property=\"og:image\" content=\"https:\/\/www.eldiario.net\/portal\/wp-content\/uploads\/2024\/05\/12-NAL.jpg\" \/>\n\t<meta property=\"og:image:width\" content=\"1600\" \/>\n\t<meta property=\"og:image:height\" content=\"900\" \/>\n\t<meta property=\"og:image:type\" content=\"image\/jpeg\" \/>\n<meta name=\"author\" content=\"Jeanette\" \/>\n<meta name=\"twitter:card\" content=\"summary_large_image\" \/>\n<meta name=\"twitter:creator\" content=\"@eldiario_net\" \/>\n<meta name=\"twitter:site\" content=\"@eldiario_net\" \/>\n<meta name=\"twitter:label1\" content=\"Escrito por\" \/>\n\t<meta name=\"twitter:data1\" content=\"Jeanette\" \/>\n\t<meta name=\"twitter:label2\" content=\"Tiempo de lectura\" \/>\n\t<meta name=\"twitter:data2\" content=\"2 minutos\" \/>\n<script type=\"application\/ld+json\" class=\"yoast-schema-graph\">{\"@context\":\"https:\\\/\\\/schema.org\",\"@graph\":[{\"@type\":\"Article\",\"@id\":\"https:\\\/\\\/www.eldiario.net\\\/portal\\\/2024\\\/05\\\/05\\\/nuevo-edificio-de-la-alcaldia-no-vulnera-restriccion-aerea\\\/#article\",\"isPartOf\":{\"@id\":\"https:\\\/\\\/www.eldiario.net\\\/portal\\\/2024\\\/05\\\/05\\\/nuevo-edificio-de-la-alcaldia-no-vulnera-restriccion-aerea\\\/\"},\"author\":{\"name\":\"Jeanette\",\"@id\":\"https:\\\/\\\/www.eldiario.net\\\/portal\\\/#\\\/schema\\\/person\\\/2c57cf2b7a7ae032e449e4c9b1019eac\"},\"headline\":\"Nuevo edificio de la Alcald\u00eda no vulnera restricci\u00f3n a\u00e9rea\",\"datePublished\":\"2024-05-05T11:09:05+00:00\",\"mainEntityOfPage\":{\"@id\":\"https:\\\/\\\/www.eldiario.net\\\/portal\\\/2024\\\/05\\\/05\\\/nuevo-edificio-de-la-alcaldia-no-vulnera-restriccion-aerea\\\/\"},\"wordCount\":273,\"commentCount\":0,\"publisher\":{\"@id\":\"https:\\\/\\\/www.eldiario.net\\\/portal\\\/#organization\"},\"image\":{\"@id\":\"https:\\\/\\\/www.eldiario.net\\\/portal\\\/2024\\\/05\\\/05\\\/nuevo-edificio-de-la-alcaldia-no-vulnera-restriccion-aerea\\\/#primaryimage\"},\"thumbnailUrl\":\"https:\\\/\\\/www.eldiario.net\\\/portal\\\/wp-content\\\/uploads\\\/2024\\\/05\\\/12-NAL.jpg\",\"articleSection\":[\"Nacional\"],\"inLanguage\":\"es\",\"potentialAction\":[{\"@type\":\"CommentAction\",\"name\":\"Comment\",\"target\":[\"https:\\\/\\\/www.eldiario.net\\\/portal\\\/2024\\\/05\\\/05\\\/nuevo-edificio-de-la-alcaldia-no-vulnera-restriccion-aerea\\\/#respond\"]}]},{\"@type\":\"WebPage\",\"@id\":\"https:\\\/\\\/www.eldiario.net\\\/portal\\\/2024\\\/05\\\/05\\\/nuevo-edificio-de-la-alcaldia-no-vulnera-restriccion-aerea\\\/\",\"url\":\"https:\\\/\\\/www.eldiario.net\\\/portal\\\/2024\\\/05\\\/05\\\/nuevo-edificio-de-la-alcaldia-no-vulnera-restriccion-aerea\\\/\",\"name\":\"Nuevo edificio de la Alcald\u00eda no vulnera restricci\u00f3n a\u00e9rea - El Diario - Bolivia\",\"isPartOf\":{\"@id\":\"https:\\\/\\\/www.eldiario.net\\\/portal\\\/#website\"},\"primaryImageOfPage\":{\"@id\":\"https:\\\/\\\/www.eldiario.net\\\/portal\\\/2024\\\/05\\\/05\\\/nuevo-edificio-de-la-alcaldia-no-vulnera-restriccion-aerea\\\/#primaryimage\"},\"image\":{\"@id\":\"https:\\\/\\\/www.eldiario.net\\\/portal\\\/2024\\\/05\\\/05\\\/nuevo-edificio-de-la-alcaldia-no-vulnera-restriccion-aerea\\\/#primaryimage\"},\"thumbnailUrl\":\"https:\\\/\\\/www.eldiario.net\\\/portal\\\/wp-content\\\/uploads\\\/2024\\\/05\\\/12-NAL.jpg\",\"datePublished\":\"2024-05-05T11:09:05+00:00\",\"breadcrumb\":{\"@id\":\"https:\\\/\\\/www.eldiario.net\\\/portal\\\/2024\\\/05\\\/05\\\/nuevo-edificio-de-la-alcaldia-no-vulnera-restriccion-aerea\\\/#breadcrumb\"},\"inLanguage\":\"es\",\"potentialAction\":[{\"@type\":\"ReadAction\",\"target\":[\"https:\\\/\\\/www.eldiario.net\\\/portal\\\/2024\\\/05\\\/05\\\/nuevo-edificio-de-la-alcaldia-no-vulnera-restriccion-aerea\\\/\"]}]},{\"@type\":\"ImageObject\",\"inLanguage\":\"es\",\"@id\":\"https:\\\/\\\/www.eldiario.net\\\/portal\\\/2024\\\/05\\\/05\\\/nuevo-edificio-de-la-alcaldia-no-vulnera-restriccion-aerea\\\/#primaryimage\",\"url\":\"https:\\\/\\\/www.eldiario.net\\\/portal\\\/wp-content\\\/uploads\\\/2024\\\/05\\\/12-NAL.jpg\",\"contentUrl\":\"https:\\\/\\\/www.eldiario.net\\\/portal\\\/wp-content\\\/uploads\\\/2024\\\/05\\\/12-NAL.jpg\",\"width\":1600,\"height\":900,\"caption\":\"Mauricio Morales.\"},{\"@type\":\"BreadcrumbList\",\"@id\":\"https:\\\/\\\/www.eldiario.net\\\/portal\\\/2024\\\/05\\\/05\\\/nuevo-edificio-de-la-alcaldia-no-vulnera-restriccion-aerea\\\/#breadcrumb\",\"itemListElement\":[{\"@type\":\"ListItem\",\"position\":1,\"name\":\"Portada\",\"item\":\"https:\\\/\\\/www.eldiario.net\\\/portal\\\/\"},{\"@type\":\"ListItem\",\"position\":2,\"name\":\"Nuevo edificio de la Alcald\u00eda no vulnera restricci\u00f3n a\u00e9rea\"}]},{\"@type\":\"WebSite\",\"@id\":\"https:\\\/\\\/www.eldiario.net\\\/portal\\\/#website\",\"url\":\"https:\\\/\\\/www.eldiario.net\\\/portal\\\/\",\"name\":\"El Diario - Decano de la prensa nacional\",\"description\":\"El Diario - Decano de la prensa nacional\",\"publisher\":{\"@id\":\"https:\\\/\\\/www.eldiario.net\\\/portal\\\/#organization\"},\"potentialAction\":[{\"@type\":\"SearchAction\",\"target\":{\"@type\":\"EntryPoint\",\"urlTemplate\":\"https:\\\/\\\/www.eldiario.net\\\/portal\\\/?s={search_term_string}\"},\"query-input\":{\"@type\":\"PropertyValueSpecification\",\"valueRequired\":true,\"valueName\":\"search_term_string\"}}],\"inLanguage\":\"es\"},{\"@type\":\"Organization\",\"@id\":\"https:\\\/\\\/www.eldiario.net\\\/portal\\\/#organization\",\"name\":\"El Diario - Decano de la prensa nacional\",\"url\":\"https:\\\/\\\/www.eldiario.net\\\/portal\\\/\",\"logo\":{\"@type\":\"ImageObject\",\"inLanguage\":\"es\",\"@id\":\"https:\\\/\\\/www.eldiario.net\\\/portal\\\/#\\\/schema\\\/logo\\\/image\\\/\",\"url\":\"https:\\\/\\\/www.eldiario.net\\\/portal\\\/wp-content\\\/uploads\\\/2023\\\/07\\\/logo_ED.jpg\",\"contentUrl\":\"https:\\\/\\\/www.eldiario.net\\\/portal\\\/wp-content\\\/uploads\\\/2023\\\/07\\\/logo_ED.jpg\",\"width\":272,\"height\":52,\"caption\":\"El Diario - Decano de la prensa nacional\"},\"image\":{\"@id\":\"https:\\\/\\\/www.eldiario.net\\\/portal\\\/#\\\/schema\\\/logo\\\/image\\\/\"},\"sameAs\":[\"https:\\\/\\\/www.facebook.com\\\/eldiario.bolivia\\\/\",\"https:\\\/\\\/x.com\\\/eldiario_net\"]},{\"@type\":\"Person\",\"@id\":\"https:\\\/\\\/www.eldiario.net\\\/portal\\\/#\\\/schema\\\/person\\\/2c57cf2b7a7ae032e449e4c9b1019eac\",\"name\":\"Jeanette\",\"image\":{\"@type\":\"ImageObject\",\"inLanguage\":\"es\",\"@id\":\"https:\\\/\\\/secure.gravatar.com\\\/avatar\\\/3ea2118a5f7dad2b7138b1187a6b7ee55f160b9968b66013c3a3ef39dd7e5798?s=96&d=mm&r=g\",\"url\":\"https:\\\/\\\/secure.gravatar.com\\\/avatar\\\/3ea2118a5f7dad2b7138b1187a6b7ee55f160b9968b66013c3a3ef39dd7e5798?s=96&d=mm&r=g\",\"contentUrl\":\"https:\\\/\\\/secure.gravatar.com\\\/avatar\\\/3ea2118a5f7dad2b7138b1187a6b7ee55f160b9968b66013c3a3ef39dd7e5798?s=96&d=mm&r=g\",\"caption\":\"Jeanette\"},\"sameAs\":[\"https:\\\/\\\/www.eldiario.net\\\/portal\"],\"url\":\"https:\\\/\\\/www.eldiario.net\\\/portal\\\/author\\\/jeanette\\\/\"}]}<\/script>\n<!-- \/ Yoast SEO plugin. -->","yoast_head_json":{"title":"Nuevo edificio de la Alcald\u00eda no vulnera restricci\u00f3n a\u00e9rea - El Diario - Bolivia","robots":{"index":"index","follow":"follow","max-snippet":"max-snippet:-1","max-image-preview":"max-image-preview:large","max-video-preview":"max-video-preview:-1"},"canonical":"https:\/\/www.eldiario.net\/portal\/2024\/05\/05\/nuevo-edificio-de-la-alcaldia-no-vulnera-restriccion-aerea\/","og_locale":"es_ES","og_type":"article","og_title":"Nuevo edificio de la Alcald\u00eda no vulnera restricci\u00f3n a\u00e9rea - El Diario - Bolivia","og_description":"La construcci\u00f3n del nuevo edificio de la Alcald\u00eda de Cochabamba est\u00e1 garantizada, dijo el jefe de Administraci\u00f3n Urbana, Mauricio Morales, agreg\u00f3 que como municipio se est\u00e1 respondiendo varias notas a la Direcci\u00f3n General de Aeron\u00e1utica Civil (DGAC) de Cochabamba, ya que en ning\u00fan momento fueron notificados, ni siquiera al inicio de la construcci\u00f3n de la [&hellip;]","og_url":"https:\/\/www.eldiario.net\/portal\/2024\/05\/05\/nuevo-edificio-de-la-alcaldia-no-vulnera-restriccion-aerea\/","og_site_name":"El Diario - Bolivia","article_publisher":"https:\/\/www.facebook.com\/eldiario.bolivia\/","article_published_time":"2024-05-05T11:09:05+00:00","og_image":[{"width":1600,"height":900,"url":"https:\/\/www.eldiario.net\/portal\/wp-content\/uploads\/2024\/05\/12-NAL.jpg","type":"image\/jpeg"}],"author":"Jeanette","twitter_card":"summary_large_image","twitter_creator":"@eldiario_net","twitter_site":"@eldiario_net","twitter_misc":{"Escrito por":"Jeanette","Tiempo de lectura":"2 minutos"},"schema":{"@context":"https:\/\/schema.org","@graph":[{"@type":"Article","@id":"https:\/\/www.eldiario.net\/portal\/2024\/05\/05\/nuevo-edificio-de-la-alcaldia-no-vulnera-restriccion-aerea\/#article","isPartOf":{"@id":"https:\/\/www.eldiario.net\/portal\/2024\/05\/05\/nuevo-edificio-de-la-alcaldia-no-vulnera-restriccion-aerea\/"},"author":{"name":"Jeanette","@id":"https:\/\/www.eldiario.net\/portal\/#\/schema\/person\/2c57cf2b7a7ae032e449e4c9b1019eac"},"headline":"Nuevo edificio de la Alcald\u00eda no vulnera restricci\u00f3n a\u00e9rea","datePublished":"2024-05-05T11:09:05+00:00","mainEntityOfPage":{"@id":"https:\/\/www.eldiario.net\/portal\/2024\/05\/05\/nuevo-edificio-de-la-alcaldia-no-vulnera-restriccion-aerea\/"},"wordCount":273,"commentCount":0,"publisher":{"@id":"https:\/\/www.eldiario.net\/portal\/#organization"},"image":{"@id":"https:\/\/www.eldiario.net\/portal\/2024\/05\/05\/nuevo-edificio-de-la-alcaldia-no-vulnera-restriccion-aerea\/#primaryimage"},"thumbnailUrl":"https:\/\/www.eldiario.net\/portal\/wp-content\/uploads\/2024\/05\/12-NAL.jpg","articleSection":["Nacional"],"inLanguage":"es","potentialAction":[{"@type":"CommentAction","name":"Comment","target":["https:\/\/www.eldiario.net\/portal\/2024\/05\/05\/nuevo-edificio-de-la-alcaldia-no-vulnera-restriccion-aerea\/#respond"]}]},{"@type":"WebPage","@id":"https:\/\/www.eldiario.net\/portal\/2024\/05\/05\/nuevo-edificio-de-la-alcaldia-no-vulnera-restriccion-aerea\/","url":"https:\/\/www.eldiario.net\/portal\/2024\/05\/05\/nuevo-edificio-de-la-alcaldia-no-vulnera-restriccion-aerea\/","name":"Nuevo edificio de la Alcald\u00eda no vulnera restricci\u00f3n a\u00e9rea - El Diario - Bolivia","isPartOf":{"@id":"https:\/\/www.eldiario.net\/portal\/#website"},"primaryImageOfPage":{"@id":"https:\/\/www.eldiario.net\/portal\/2024\/05\/05\/nuevo-edificio-de-la-alcaldia-no-vulnera-restriccion-aerea\/#primaryimage"},"image":{"@id":"https:\/\/www.eldiario.net\/portal\/2024\/05\/05\/nuevo-edificio-de-la-alcaldia-no-vulnera-restriccion-aerea\/#primaryimage"},"thumbnailUrl":"https:\/\/www.eldiario.net\/portal\/wp-content\/uploads\/2024\/05\/12-NAL.jpg","datePublished":"2024-05-05T11:09:05+00:00","breadcrumb":{"@id":"https:\/\/www.eldiario.net\/portal\/2024\/05\/05\/nuevo-edificio-de-la-alcaldia-no-vulnera-restriccion-aerea\/#breadcrumb"},"inLanguage":"es","potentialAction":[{"@type":"ReadAction","target":["https:\/\/www.eldiario.net\/portal\/2024\/05\/05\/nuevo-edificio-de-la-alcaldia-no-vulnera-restriccion-aerea\/"]}]},{"@type":"ImageObject","inLanguage":"es","@id":"https:\/\/www.eldiario.net\/portal\/2024\/05\/05\/nuevo-edificio-de-la-alcaldia-no-vulnera-restriccion-aerea\/#primaryimage","url":"https:\/\/www.eldiario.net\/portal\/wp-content\/uploads\/2024\/05\/12-NAL.jpg","contentUrl":"https:\/\/www.eldiario.net\/portal\/wp-content\/uploads\/2024\/05\/12-NAL.jpg","width":1600,"height":900,"caption":"Mauricio Morales."},{"@type":"BreadcrumbList","@id":"https:\/\/www.eldiario.net\/portal\/2024\/05\/05\/nuevo-edificio-de-la-alcaldia-no-vulnera-restriccion-aerea\/#breadcrumb","itemListElement":[{"@type":"ListItem","position":1,"name":"Portada","item":"https:\/\/www.eldiario.net\/portal\/"},{"@type":"ListItem","position":2,"name":"Nuevo edificio de la Alcald\u00eda no vulnera restricci\u00f3n a\u00e9rea"}]},{"@type":"WebSite","@id":"https:\/\/www.eldiario.net\/portal\/#website","url":"https:\/\/www.eldiario.net\/portal\/","name":"El Diario - Decano de la prensa nacional","description":"El Diario - Decano de la prensa nacional","publisher":{"@id":"https:\/\/www.eldiario.net\/portal\/#organization"},"potentialAction":[{"@type":"SearchAction","target":{"@type":"EntryPoint","urlTemplate":"https:\/\/www.eldiario.net\/portal\/?s={search_term_string}"},"query-input":{"@type":"PropertyValueSpecification","valueRequired":true,"valueName":"search_term_string"}}],"inLanguage":"es"},{"@type":"Organization","@id":"https:\/\/www.eldiario.net\/portal\/#organization","name":"El Diario - Decano de la prensa nacional","url":"https:\/\/www.eldiario.net\/portal\/","logo":{"@type":"ImageObject","inLanguage":"es","@id":"https:\/\/www.eldiario.net\/portal\/#\/schema\/logo\/image\/","url":"https:\/\/www.eldiario.net\/portal\/wp-content\/uploads\/2023\/07\/logo_ED.jpg","contentUrl":"https:\/\/www.eldiario.net\/portal\/wp-content\/uploads\/2023\/07\/logo_ED.jpg","width":272,"height":52,"caption":"El Diario - Decano de la prensa nacional"},"image":{"@id":"https:\/\/www.eldiario.net\/portal\/#\/schema\/logo\/image\/"},"sameAs":["https:\/\/www.facebook.com\/eldiario.bolivia\/","https:\/\/x.com\/eldiario_net"]},{"@type":"Person","@id":"https:\/\/www.eldiario.net\/portal\/#\/schema\/person\/2c57cf2b7a7ae032e449e4c9b1019eac","name":"Jeanette","image":{"@type":"ImageObject","inLanguage":"es","@id":"https:\/\/secure.gravatar.com\/avatar\/3ea2118a5f7dad2b7138b1187a6b7ee55f160b9968b66013c3a3ef39dd7e5798?s=96&d=mm&r=g","url":"https:\/\/secure.gravatar.com\/avatar\/3ea2118a5f7dad2b7138b1187a6b7ee55f160b9968b66013c3a3ef39dd7e5798?s=96&d=mm&r=g","contentUrl":"https:\/\/secure.gravatar.com\/avatar\/3ea2118a5f7dad2b7138b1187a6b7ee55f160b9968b66013c3a3ef39dd7e5798?s=96&d=mm&r=g","caption":"Jeanette"},"sameAs":["https:\/\/www.eldiario.net\/portal"],"url":"https:\/\/www.eldiario.net\/portal\/author\/jeanette\/"}]}},"_links":{"self":[{"href":"https:\/\/www.eldiario.net\/portal\/wp-json\/wp\/v2\/posts\/218633","targetHints":{"allow":["GET"]}}],"collection":[{"href":"https:\/\/www.eldiario.net\/portal\/wp-json\/wp\/v2\/posts"}],"about":[{"href":"https:\/\/www.eldiario.net\/portal\/wp-json\/wp\/v2\/types\/post"}],"author":[{"embeddable":true,"href":"https:\/\/www.eldiario.net\/portal\/wp-json\/wp\/v2\/users\/1"}],"replies":[{"embeddable":true,"href":"https:\/\/www.eldiario.net\/portal\/wp-json\/wp\/v2\/comments?post=218633"}],"version-history":[{"count":1,"href":"https:\/\/www.eldiario.net\/portal\/wp-json\/wp\/v2\/posts\/218633\/revisions"}],"predecessor-version":[{"id":218635,"href":"https:\/\/www.eldiario.net\/portal\/wp-json\/wp\/v2\/posts\/218633\/revisions\/218635"}],"wp:featuredmedia":[{"embeddable":true,"href":"https:\/\/www.eldiario.net\/portal\/wp-json\/wp\/v2\/media\/218634"}],"wp:attachment":[{"href":"https:\/\/www.eldiario.net\/portal\/wp-json\/wp\/v2\/media?parent=218633"}],"wp:term":[{"taxonomy":"category","embeddable":true,"href":"https:\/\/www.eldiario.net\/portal\/wp-json\/wp\/v2\/categories?post=218633"},{"taxonomy":"post_tag","embeddable":true,"href":"https:\/\/www.eldiario.net\/portal\/wp-json\/wp\/v2\/tags?post=218633"}],"curies":[{"name":"wp","href":"https:\/\/api.w.org\/{rel}","templated":true}]}}