{"id":21863,"date":"2021-08-07T02:24:07","date_gmt":"2021-08-07T06:24:07","guid":{"rendered":"https:\/\/www.eldiario.net\/portal\/?p=21863"},"modified":"2021-08-07T02:24:07","modified_gmt":"2021-08-07T06:24:07","slug":"armada-y-aduana-decomisan-30-toneladas-en-cerveza-de-contrabando","status":"publish","type":"post","link":"https:\/\/www.eldiario.net\/portal\/2021\/08\/07\/armada-y-aduana-decomisan-30-toneladas-en-cerveza-de-contrabando\/","title":{"rendered":"Armada y Aduana decomisan 30  toneladas en cerveza de contrabando"},"content":{"rendered":"<p>Operativos conjuntos entre efectivos de la Armada Boliviana y la Aduana Nacional en la localidad de Puerto Quijarro lograron decomisar m\u00e1s de 30 toneladas en latas de cerveza que ingresaron al pa\u00eds de forma il\u00edcita provenientes del vecino pa\u00eds del Brasil.<br \/>\nEste operativo forma parte de un trabajo coordinado entre estas dos instituciones para la lucha contra el contrabando en zonas de alta circulaci\u00f3n de mercader\u00eda que es ingresada al pa\u00eds por la v\u00eda pluvial.<br \/>\nEl capit\u00e1n de Nav\u00edo Oscar Jaime Vaca Molina, comandante del Quinto Distrito Naval \u201cSanta Cruz\u201d de la Armada Boliviana, inform\u00f3 que en apoyo a la Lucha Contra el Contrabando en coordinaci\u00f3n con la Aduana de Puerto Quijarro, se decomis\u00f3 aproximadamente 30 toneladas de Cerveza de Contrabando, que se encontraba almacenada al interior de un domicilio de esta localidad.<br \/>\nLa tarea final se desarroll\u00f3 luego de cuatro jornadas de resguardo constante del inmueble por parte de efectivos de la Armada Boliviana, a requerimiento de la Aduana Nacional en Puerto Quijarro, donde el pasado 05 de agosto al interior de la vivienda se logr\u00f3 encontrar aproximadamente 30 toneladas de cerveza en lata de procedencia brasile\u00f1a.<br \/>\nLa totalidad de estos productos no contaban con una documentaci\u00f3n que acredite su internaci\u00f3n al pa\u00eds por la v\u00eda legal, por lo que se procedi\u00f3 con su decomiso.<br \/>\nEn esta operaci\u00f3n de Lucha Contra el Contrabando de productos donde se vieron empe\u00f1ados m\u00e1s de 120 efectivos que prestan servicio militar en el Batall\u00f3n de Infanter\u00eda de Marina V \u201cCalama\u201d de la Armada Boliviana, acantonado en esta localidad.<br \/>\nPasado el operativo, se procedi\u00f3 al traslado de la mercader\u00eda, desde el domicilio en el que fue decomisado hasta dep\u00f3sitos de la Aduana, instituci\u00f3n que en la actualidad se encarga de tomar las acciones legales correspondientes.<\/p>\n","protected":false},"excerpt":{"rendered":"<p>Operativos conjuntos entre efectivos de la Armada Boliviana y la Aduana Nacional en la localidad de Puerto Quijarro lograron decomisar m\u00e1s de 30 toneladas en latas de cerveza que ingresaron al pa\u00eds de forma il\u00edcita provenientes del vecino pa\u00eds del Brasil. Este operativo forma parte de un trabajo coordinado entre estas dos instituciones para la [&hellip;]<\/p>\n","protected":false},"author":1,"featured_media":21864,"comment_status":"closed","ping_status":"closed","sticky":false,"template":"","format":"standard","meta":{"_acf_changed":false,"footnotes":""},"categories":[39],"tags":[],"class_list":["post-21863","post","type-post","status-publish","format-standard","has-post-thumbnail","category-sociedad"],"acf":{"antetitulo":""},"yoast_head":"<!-- This site is optimized with the Yoast SEO plugin v28.4 - https:\/\/yoast.com\/product\/yoast-seo-wordpress\/ -->\n<title>Armada y Aduana decomisan 30 toneladas en cerveza de contrabando - El Diario - Bolivia<\/title>\n<meta name=\"robots\" content=\"index, follow, max-snippet:-1, max-image-preview:large, max-video-preview:-1\" \/>\n<link rel=\"canonical\" href=\"https:\/\/www.eldiario.net\/portal\/2021\/08\/07\/armada-y-aduana-decomisan-30-toneladas-en-cerveza-de-contrabando\/\" \/>\n<meta property=\"og:locale\" content=\"es_ES\" \/>\n<meta property=\"og:type\" content=\"article\" \/>\n<meta property=\"og:title\" content=\"Armada y Aduana decomisan 30 toneladas en cerveza de contrabando - El Diario - Bolivia\" \/>\n<meta property=\"og:description\" content=\"Operativos conjuntos entre efectivos de la Armada Boliviana y la Aduana Nacional en la localidad de Puerto Quijarro lograron decomisar m\u00e1s de 30 toneladas en latas de cerveza que ingresaron al pa\u00eds de forma il\u00edcita provenientes del vecino pa\u00eds del Brasil. Este operativo forma parte de un trabajo coordinado entre estas dos instituciones para la [&hellip;]\" \/>\n<meta property=\"og:url\" content=\"https:\/\/www.eldiario.net\/portal\/2021\/08\/07\/armada-y-aduana-decomisan-30-toneladas-en-cerveza-de-contrabando\/\" \/>\n<meta property=\"og:site_name\" content=\"El Diario - Bolivia\" \/>\n<meta property=\"article:publisher\" content=\"https:\/\/www.facebook.com\/eldiario.bolivia\/\" \/>\n<meta property=\"article:published_time\" content=\"2021-08-07T06:24:07+00:00\" \/>\n<meta name=\"author\" content=\"Jeanette\" \/>\n<meta name=\"twitter:card\" content=\"summary_large_image\" \/>\n<meta name=\"twitter:creator\" content=\"@eldiario_net\" \/>\n<meta name=\"twitter:site\" content=\"@eldiario_net\" \/>\n<meta name=\"twitter:label1\" content=\"Escrito por\" \/>\n\t<meta name=\"twitter:data1\" content=\"Jeanette\" \/>\n\t<meta name=\"twitter:label2\" content=\"Tiempo de lectura\" \/>\n\t<meta name=\"twitter:data2\" content=\"2 minutos\" \/>\n<script type=\"application\/ld+json\" class=\"yoast-schema-graph\">{\"@context\":\"https:\\\/\\\/schema.org\",\"@graph\":[{\"@type\":\"Article\",\"@id\":\"https:\\\/\\\/www.eldiario.net\\\/portal\\\/2021\\\/08\\\/07\\\/armada-y-aduana-decomisan-30-toneladas-en-cerveza-de-contrabando\\\/#article\",\"isPartOf\":{\"@id\":\"https:\\\/\\\/www.eldiario.net\\\/portal\\\/2021\\\/08\\\/07\\\/armada-y-aduana-decomisan-30-toneladas-en-cerveza-de-contrabando\\\/\"},\"author\":{\"name\":\"Jeanette\",\"@id\":\"https:\\\/\\\/www.eldiario.net\\\/portal\\\/#\\\/schema\\\/person\\\/f46445640444750d7d753ccd04ae01b7\"},\"headline\":\"Armada y Aduana decomisan 30 toneladas en cerveza de contrabando\",\"datePublished\":\"2021-08-07T06:24:07+00:00\",\"mainEntityOfPage\":{\"@id\":\"https:\\\/\\\/www.eldiario.net\\\/portal\\\/2021\\\/08\\\/07\\\/armada-y-aduana-decomisan-30-toneladas-en-cerveza-de-contrabando\\\/\"},\"wordCount\":319,\"publisher\":{\"@id\":\"https:\\\/\\\/www.eldiario.net\\\/portal\\\/#organization\"},\"image\":{\"@id\":\"https:\\\/\\\/www.eldiario.net\\\/portal\\\/2021\\\/08\\\/07\\\/armada-y-aduana-decomisan-30-toneladas-en-cerveza-de-contrabando\\\/#primaryimage\"},\"thumbnailUrl\":\"\",\"articleSection\":[\"Sociedad - Seguridad\"],\"inLanguage\":\"es\"},{\"@type\":\"WebPage\",\"@id\":\"https:\\\/\\\/www.eldiario.net\\\/portal\\\/2021\\\/08\\\/07\\\/armada-y-aduana-decomisan-30-toneladas-en-cerveza-de-contrabando\\\/\",\"url\":\"https:\\\/\\\/www.eldiario.net\\\/portal\\\/2021\\\/08\\\/07\\\/armada-y-aduana-decomisan-30-toneladas-en-cerveza-de-contrabando\\\/\",\"name\":\"Armada y Aduana decomisan 30 toneladas en cerveza de contrabando - El Diario - Bolivia\",\"isPartOf\":{\"@id\":\"https:\\\/\\\/www.eldiario.net\\\/portal\\\/#website\"},\"primaryImageOfPage\":{\"@id\":\"https:\\\/\\\/www.eldiario.net\\\/portal\\\/2021\\\/08\\\/07\\\/armada-y-aduana-decomisan-30-toneladas-en-cerveza-de-contrabando\\\/#primaryimage\"},\"image\":{\"@id\":\"https:\\\/\\\/www.eldiario.net\\\/portal\\\/2021\\\/08\\\/07\\\/armada-y-aduana-decomisan-30-toneladas-en-cerveza-de-contrabando\\\/#primaryimage\"},\"thumbnailUrl\":\"\",\"datePublished\":\"2021-08-07T06:24:07+00:00\",\"breadcrumb\":{\"@id\":\"https:\\\/\\\/www.eldiario.net\\\/portal\\\/2021\\\/08\\\/07\\\/armada-y-aduana-decomisan-30-toneladas-en-cerveza-de-contrabando\\\/#breadcrumb\"},\"inLanguage\":\"es\",\"potentialAction\":[{\"@type\":\"ReadAction\",\"target\":[\"https:\\\/\\\/www.eldiario.net\\\/portal\\\/2021\\\/08\\\/07\\\/armada-y-aduana-decomisan-30-toneladas-en-cerveza-de-contrabando\\\/\"]}]},{\"@type\":\"ImageObject\",\"inLanguage\":\"es\",\"@id\":\"https:\\\/\\\/www.eldiario.net\\\/portal\\\/2021\\\/08\\\/07\\\/armada-y-aduana-decomisan-30-toneladas-en-cerveza-de-contrabando\\\/#primaryimage\",\"url\":\"\",\"contentUrl\":\"\"},{\"@type\":\"BreadcrumbList\",\"@id\":\"https:\\\/\\\/www.eldiario.net\\\/portal\\\/2021\\\/08\\\/07\\\/armada-y-aduana-decomisan-30-toneladas-en-cerveza-de-contrabando\\\/#breadcrumb\",\"itemListElement\":[{\"@type\":\"ListItem\",\"position\":1,\"name\":\"Portada\",\"item\":\"https:\\\/\\\/www.eldiario.net\\\/portal\\\/\"},{\"@type\":\"ListItem\",\"position\":2,\"name\":\"Armada y Aduana decomisan 30 toneladas en cerveza de contrabando\"}]},{\"@type\":\"WebSite\",\"@id\":\"https:\\\/\\\/www.eldiario.net\\\/portal\\\/#website\",\"url\":\"https:\\\/\\\/www.eldiario.net\\\/portal\\\/\",\"name\":\"El Diario - Decano de la prensa nacional\",\"description\":\"El Diario - Decano de la prensa nacional\",\"publisher\":{\"@id\":\"https:\\\/\\\/www.eldiario.net\\\/portal\\\/#organization\"},\"potentialAction\":[{\"@type\":\"SearchAction\",\"target\":{\"@type\":\"EntryPoint\",\"urlTemplate\":\"https:\\\/\\\/www.eldiario.net\\\/portal\\\/?s={search_term_string}\"},\"query-input\":{\"@type\":\"PropertyValueSpecification\",\"valueRequired\":true,\"valueName\":\"search_term_string\"}}],\"inLanguage\":\"es\"},{\"@type\":\"Organization\",\"@id\":\"https:\\\/\\\/www.eldiario.net\\\/portal\\\/#organization\",\"name\":\"El Diario - Decano de la prensa nacional\",\"url\":\"https:\\\/\\\/www.eldiario.net\\\/portal\\\/\",\"logo\":{\"@type\":\"ImageObject\",\"inLanguage\":\"es\",\"@id\":\"https:\\\/\\\/www.eldiario.net\\\/portal\\\/#\\\/schema\\\/logo\\\/image\\\/\",\"url\":\"https:\\\/\\\/www.eldiario.net\\\/portal\\\/wp-content\\\/uploads\\\/2023\\\/07\\\/logo_ED.jpg\",\"contentUrl\":\"https:\\\/\\\/www.eldiario.net\\\/portal\\\/wp-content\\\/uploads\\\/2023\\\/07\\\/logo_ED.jpg\",\"width\":272,\"height\":52,\"caption\":\"El Diario - Decano de la prensa nacional\"},\"image\":{\"@id\":\"https:\\\/\\\/www.eldiario.net\\\/portal\\\/#\\\/schema\\\/logo\\\/image\\\/\"},\"sameAs\":[\"https:\\\/\\\/www.facebook.com\\\/eldiario.bolivia\\\/\",\"https:\\\/\\\/x.com\\\/eldiario_net\"]},{\"@type\":\"Person\",\"@id\":\"https:\\\/\\\/www.eldiario.net\\\/portal\\\/#\\\/schema\\\/person\\\/f46445640444750d7d753ccd04ae01b7\",\"name\":\"Jeanette\",\"image\":{\"@type\":\"ImageObject\",\"inLanguage\":\"es\",\"@id\":\"https:\\\/\\\/secure.gravatar.com\\\/avatar\\\/3ea2118a5f7dad2b7138b1187a6b7ee55f160b9968b66013c3a3ef39dd7e5798?s=96&d=mm&r=g\",\"url\":\"https:\\\/\\\/secure.gravatar.com\\\/avatar\\\/3ea2118a5f7dad2b7138b1187a6b7ee55f160b9968b66013c3a3ef39dd7e5798?s=96&d=mm&r=g\",\"contentUrl\":\"https:\\\/\\\/secure.gravatar.com\\\/avatar\\\/3ea2118a5f7dad2b7138b1187a6b7ee55f160b9968b66013c3a3ef39dd7e5798?s=96&d=mm&r=g\",\"caption\":\"Jeanette\"},\"sameAs\":[\"https:\\\/\\\/www.eldiario.net\\\/portal\"],\"url\":\"https:\\\/\\\/www.eldiario.net\\\/portal\\\/author\\\/jeanette\\\/\"}]}<\/script>\n<!-- \/ Yoast SEO plugin. -->","yoast_head_json":{"title":"Armada y Aduana decomisan 30 toneladas en cerveza de contrabando - El Diario - Bolivia","robots":{"index":"index","follow":"follow","max-snippet":"max-snippet:-1","max-image-preview":"max-image-preview:large","max-video-preview":"max-video-preview:-1"},"canonical":"https:\/\/www.eldiario.net\/portal\/2021\/08\/07\/armada-y-aduana-decomisan-30-toneladas-en-cerveza-de-contrabando\/","og_locale":"es_ES","og_type":"article","og_title":"Armada y Aduana decomisan 30 toneladas en cerveza de contrabando - El Diario - Bolivia","og_description":"Operativos conjuntos entre efectivos de la Armada Boliviana y la Aduana Nacional en la localidad de Puerto Quijarro lograron decomisar m\u00e1s de 30 toneladas en latas de cerveza que ingresaron al pa\u00eds de forma il\u00edcita provenientes del vecino pa\u00eds del Brasil. Este operativo forma parte de un trabajo coordinado entre estas dos instituciones para la [&hellip;]","og_url":"https:\/\/www.eldiario.net\/portal\/2021\/08\/07\/armada-y-aduana-decomisan-30-toneladas-en-cerveza-de-contrabando\/","og_site_name":"El Diario - Bolivia","article_publisher":"https:\/\/www.facebook.com\/eldiario.bolivia\/","article_published_time":"2021-08-07T06:24:07+00:00","author":"Jeanette","twitter_card":"summary_large_image","twitter_creator":"@eldiario_net","twitter_site":"@eldiario_net","twitter_misc":{"Escrito por":"Jeanette","Tiempo de lectura":"2 minutos"},"schema":{"@context":"https:\/\/schema.org","@graph":[{"@type":"Article","@id":"https:\/\/www.eldiario.net\/portal\/2021\/08\/07\/armada-y-aduana-decomisan-30-toneladas-en-cerveza-de-contrabando\/#article","isPartOf":{"@id":"https:\/\/www.eldiario.net\/portal\/2021\/08\/07\/armada-y-aduana-decomisan-30-toneladas-en-cerveza-de-contrabando\/"},"author":{"name":"Jeanette","@id":"https:\/\/www.eldiario.net\/portal\/#\/schema\/person\/f46445640444750d7d753ccd04ae01b7"},"headline":"Armada y Aduana decomisan 30 toneladas en cerveza de contrabando","datePublished":"2021-08-07T06:24:07+00:00","mainEntityOfPage":{"@id":"https:\/\/www.eldiario.net\/portal\/2021\/08\/07\/armada-y-aduana-decomisan-30-toneladas-en-cerveza-de-contrabando\/"},"wordCount":319,"publisher":{"@id":"https:\/\/www.eldiario.net\/portal\/#organization"},"image":{"@id":"https:\/\/www.eldiario.net\/portal\/2021\/08\/07\/armada-y-aduana-decomisan-30-toneladas-en-cerveza-de-contrabando\/#primaryimage"},"thumbnailUrl":"","articleSection":["Sociedad - Seguridad"],"inLanguage":"es"},{"@type":"WebPage","@id":"https:\/\/www.eldiario.net\/portal\/2021\/08\/07\/armada-y-aduana-decomisan-30-toneladas-en-cerveza-de-contrabando\/","url":"https:\/\/www.eldiario.net\/portal\/2021\/08\/07\/armada-y-aduana-decomisan-30-toneladas-en-cerveza-de-contrabando\/","name":"Armada y Aduana decomisan 30 toneladas en cerveza de contrabando - El Diario - Bolivia","isPartOf":{"@id":"https:\/\/www.eldiario.net\/portal\/#website"},"primaryImageOfPage":{"@id":"https:\/\/www.eldiario.net\/portal\/2021\/08\/07\/armada-y-aduana-decomisan-30-toneladas-en-cerveza-de-contrabando\/#primaryimage"},"image":{"@id":"https:\/\/www.eldiario.net\/portal\/2021\/08\/07\/armada-y-aduana-decomisan-30-toneladas-en-cerveza-de-contrabando\/#primaryimage"},"thumbnailUrl":"","datePublished":"2021-08-07T06:24:07+00:00","breadcrumb":{"@id":"https:\/\/www.eldiario.net\/portal\/2021\/08\/07\/armada-y-aduana-decomisan-30-toneladas-en-cerveza-de-contrabando\/#breadcrumb"},"inLanguage":"es","potentialAction":[{"@type":"ReadAction","target":["https:\/\/www.eldiario.net\/portal\/2021\/08\/07\/armada-y-aduana-decomisan-30-toneladas-en-cerveza-de-contrabando\/"]}]},{"@type":"ImageObject","inLanguage":"es","@id":"https:\/\/www.eldiario.net\/portal\/2021\/08\/07\/armada-y-aduana-decomisan-30-toneladas-en-cerveza-de-contrabando\/#primaryimage","url":"","contentUrl":""},{"@type":"BreadcrumbList","@id":"https:\/\/www.eldiario.net\/portal\/2021\/08\/07\/armada-y-aduana-decomisan-30-toneladas-en-cerveza-de-contrabando\/#breadcrumb","itemListElement":[{"@type":"ListItem","position":1,"name":"Portada","item":"https:\/\/www.eldiario.net\/portal\/"},{"@type":"ListItem","position":2,"name":"Armada y Aduana decomisan 30 toneladas en cerveza de contrabando"}]},{"@type":"WebSite","@id":"https:\/\/www.eldiario.net\/portal\/#website","url":"https:\/\/www.eldiario.net\/portal\/","name":"El Diario - Decano de la prensa nacional","description":"El Diario - Decano de la prensa nacional","publisher":{"@id":"https:\/\/www.eldiario.net\/portal\/#organization"},"potentialAction":[{"@type":"SearchAction","target":{"@type":"EntryPoint","urlTemplate":"https:\/\/www.eldiario.net\/portal\/?s={search_term_string}"},"query-input":{"@type":"PropertyValueSpecification","valueRequired":true,"valueName":"search_term_string"}}],"inLanguage":"es"},{"@type":"Organization","@id":"https:\/\/www.eldiario.net\/portal\/#organization","name":"El Diario - Decano de la prensa nacional","url":"https:\/\/www.eldiario.net\/portal\/","logo":{"@type":"ImageObject","inLanguage":"es","@id":"https:\/\/www.eldiario.net\/portal\/#\/schema\/logo\/image\/","url":"https:\/\/www.eldiario.net\/portal\/wp-content\/uploads\/2023\/07\/logo_ED.jpg","contentUrl":"https:\/\/www.eldiario.net\/portal\/wp-content\/uploads\/2023\/07\/logo_ED.jpg","width":272,"height":52,"caption":"El Diario - Decano de la prensa nacional"},"image":{"@id":"https:\/\/www.eldiario.net\/portal\/#\/schema\/logo\/image\/"},"sameAs":["https:\/\/www.facebook.com\/eldiario.bolivia\/","https:\/\/x.com\/eldiario_net"]},{"@type":"Person","@id":"https:\/\/www.eldiario.net\/portal\/#\/schema\/person\/f46445640444750d7d753ccd04ae01b7","name":"Jeanette","image":{"@type":"ImageObject","inLanguage":"es","@id":"https:\/\/secure.gravatar.com\/avatar\/3ea2118a5f7dad2b7138b1187a6b7ee55f160b9968b66013c3a3ef39dd7e5798?s=96&d=mm&r=g","url":"https:\/\/secure.gravatar.com\/avatar\/3ea2118a5f7dad2b7138b1187a6b7ee55f160b9968b66013c3a3ef39dd7e5798?s=96&d=mm&r=g","contentUrl":"https:\/\/secure.gravatar.com\/avatar\/3ea2118a5f7dad2b7138b1187a6b7ee55f160b9968b66013c3a3ef39dd7e5798?s=96&d=mm&r=g","caption":"Jeanette"},"sameAs":["https:\/\/www.eldiario.net\/portal"],"url":"https:\/\/www.eldiario.net\/portal\/author\/jeanette\/"}]}},"_links":{"self":[{"href":"https:\/\/www.eldiario.net\/portal\/wp-json\/wp\/v2\/posts\/21863","targetHints":{"allow":["GET"]}}],"collection":[{"href":"https:\/\/www.eldiario.net\/portal\/wp-json\/wp\/v2\/posts"}],"about":[{"href":"https:\/\/www.eldiario.net\/portal\/wp-json\/wp\/v2\/types\/post"}],"author":[{"embeddable":true,"href":"https:\/\/www.eldiario.net\/portal\/wp-json\/wp\/v2\/users\/1"}],"replies":[{"embeddable":true,"href":"https:\/\/www.eldiario.net\/portal\/wp-json\/wp\/v2\/comments?post=21863"}],"version-history":[{"count":0,"href":"https:\/\/www.eldiario.net\/portal\/wp-json\/wp\/v2\/posts\/21863\/revisions"}],"wp:attachment":[{"href":"https:\/\/www.eldiario.net\/portal\/wp-json\/wp\/v2\/media?parent=21863"}],"wp:term":[{"taxonomy":"category","embeddable":true,"href":"https:\/\/www.eldiario.net\/portal\/wp-json\/wp\/v2\/categories?post=21863"},{"taxonomy":"post_tag","embeddable":true,"href":"https:\/\/www.eldiario.net\/portal\/wp-json\/wp\/v2\/tags?post=21863"}],"curies":[{"name":"wp","href":"https:\/\/api.w.org\/{rel}","templated":true}]}}