{"id":218600,"date":"2024-05-05T07:00:52","date_gmt":"2024-05-05T11:00:52","guid":{"rendered":"https:\/\/www.eldiario.net\/portal\/?p=218600"},"modified":"2024-05-05T07:00:52","modified_gmt":"2024-05-05T11:00:52","slug":"china-es-la-mayor-prision-del-mundo-de-periodistas-2","status":"publish","type":"post","link":"https:\/\/www.eldiario.net\/portal\/2024\/05\/05\/china-es-la-mayor-prision-del-mundo-de-periodistas-2\/","title":{"rendered":"China es la mayor prisi\u00f3n  del mundo de periodistas"},"content":{"rendered":"<p>En un comunicado publicado ayer, un d\u00eda despu\u00e9s de presentar su clasificaci\u00f3n mundial de la libertad de prensa en el mundo para este a\u00f1o, Reporteros Sin Fronteras (RSF) puso el foco en lo que se vive en cinco de los pa\u00edses m\u00e1s poblados, China, Rusia, Bangladesh, Pakist\u00e1n e India.<br \/>\nEn el caso del gigante asi\u00e1tico, que ocupa el puesto 172 de los 180 evaluados, la organizaci\u00f3n afirm\u00f3 que es \u201cla mayor prisi\u00f3n del mundo\u201d de periodistas, ya que hay m\u00e1s de 110 periodistas entre rejas, y adem\u00e1s trata de exportar su modelo totalitario de control de la informaci\u00f3n.<br \/>\nAsimismo, advirti\u00f3 que m\u00e1s de la mitad de la poblaci\u00f3n mundial vive en pa\u00edses en los que la situaci\u00f3n de la libertad de prensa es muy grave y en los que los periodistas se juegan su vida o su libertad.<br \/>\n\u201cEn todos ellos, las recientes tentativas de control de la informaci\u00f3n durante las elecciones son la perfecta ilustraci\u00f3n de la amplitud de la represi\u00f3n de la libertad de prensa que viven\u201d, se\u00f1ala el texto.<br \/>\nEn total, hay 36 pa\u00edses en los que la ONG considera \u201cmuy graves\u201d las condiciones de ejercicio de la libertad de prensa, cinco m\u00e1s que en 2023.<br \/>\nEn el otro extremo, \u00fanicamente un 8% de la poblaci\u00f3n mundial est\u00e1 en pa\u00edses donde la situaci\u00f3n es \u201cbuena\u201d o \u201csatisfactoria\u201d, esencialmente en Europa, aunque tambi\u00e9n hay algunos en Am\u00e9rica (Canad\u00e1, Rep\u00fablica Dominicana, Jamaica o Costa Rica), en Ocean\u00eda (Australia, Nueva Zelanda), Asia (Taiw\u00e1n) y \u00c1frica (Sud\u00e1frica, Namibia o Mauritania).<br \/>\nEn Rusia, en la posici\u00f3n 162, en previsi\u00f3n de las elecciones presidenciales, que volvieron a confirmar en el Kremlin a Vladimir Putin, se adoptaron nuevas leyes para regular internet con el objetivo de silenciar las voces disidentes y limitar el acceso a m\u00e1s de 140 millones de habitantes a informaciones fiables.<br \/>\nSobre Bangladesh (165), denuncia que el a\u00f1o previo a la reelecci\u00f3n sin sorpresa de la primera ministra para un cuarto mandato consecutivo fue de una gran violencia contra los periodistas, en particular durante manifestaciones que favorec\u00edan un clima de terror del que se aprovech\u00f3 el r\u00e9gimen.<br \/>\nEn Pakist\u00e1n (152), afirma que se reforz\u00f3 la censura oficial de los medios por los servicios secretos, acusados de asesinar periodistas, con el objetivo de borrar el partido del antiguo primer ministro Imran Khan del espacio medi\u00e1tico de la campa\u00f1a electoral de febrero de este a\u00f1o.<br \/>\nSobre India, se queja de que en un momento en que el actual primer ministro, el nacionalista hind\u00fa Narendra Modi, es candidato para un tercer mandato despu\u00e9s de diez a\u00f1os en el poder, la plaga de las campa\u00f1as de desinformaci\u00f3n y de acoso contra periodistas aumenta todav\u00eda m\u00e1s, as\u00ed como las restricciones de acceso para los periodistas extranjeros.<br \/>\nPor su parte, Reporteros Sin Fronteras advirti\u00f3 que las autoridades pol\u00edticas se tornaron en una de las principales amenazas a la libertad de prensa en todo el mundo debido al aumento de gobiernos y autoridades que fallan en su papel de garantizar un marco ejemplar para el ejercicio del periodismo y el acceso a una informaci\u00f3n fiable.<br \/>\n\u201cRSF observa un deterioro preocupante del apoyo y el respeto a la autonom\u00eda de los medios, as\u00ed como un aumento de las presiones que ejercen los Estados u otros actores pol\u00edticos sobre ellos\u201d, reza el documento publicado por RSF, que denuncia que este a\u00f1o se caracteriza por la ausencia manifiesta de voluntad pol\u00edtica para proteger a los periodistas. (Infobae\/Efe)<\/p>\n","protected":false},"excerpt":{"rendered":"<p>En un comunicado publicado ayer, un d\u00eda despu\u00e9s de presentar su clasificaci\u00f3n mundial de la libertad de prensa en el mundo para este a\u00f1o, Reporteros Sin Fronteras (RSF) puso el foco en lo que se vive en cinco de los pa\u00edses m\u00e1s poblados, China, Rusia, Bangladesh, Pakist\u00e1n e India. En el caso del gigante asi\u00e1tico, [&hellip;]<\/p>\n","protected":false},"author":1,"featured_media":218601,"comment_status":"open","ping_status":"open","sticky":false,"template":"","format":"standard","meta":{"_acf_changed":false,"footnotes":""},"categories":[3],"tags":[],"class_list":["post-218600","post","type-post","status-publish","format-standard","has-post-thumbnail","category-internacional"],"acf":{"antetitulo":"Seg\u00fan Reporteros Sin Fronteras"},"yoast_head":"<!-- This site is optimized with the Yoast SEO plugin v28.4 - https:\/\/yoast.com\/product\/yoast-seo-wordpress\/ -->\n<title>China es la mayor prisi\u00f3n del mundo de periodistas - El Diario - Bolivia<\/title>\n<meta name=\"robots\" content=\"index, follow, max-snippet:-1, max-image-preview:large, max-video-preview:-1\" \/>\n<link rel=\"canonical\" href=\"https:\/\/www.eldiario.net\/portal\/2024\/05\/05\/china-es-la-mayor-prision-del-mundo-de-periodistas-2\/\" \/>\n<meta property=\"og:locale\" content=\"es_ES\" \/>\n<meta property=\"og:type\" content=\"article\" \/>\n<meta property=\"og:title\" content=\"China es la mayor prisi\u00f3n del mundo de periodistas - El Diario - Bolivia\" \/>\n<meta property=\"og:description\" content=\"En un comunicado publicado ayer, un d\u00eda despu\u00e9s de presentar su clasificaci\u00f3n mundial de la libertad de prensa en el mundo para este a\u00f1o, Reporteros Sin Fronteras (RSF) puso el foco en lo que se vive en cinco de los pa\u00edses m\u00e1s poblados, China, Rusia, Bangladesh, Pakist\u00e1n e India. En el caso del gigante asi\u00e1tico, [&hellip;]\" \/>\n<meta property=\"og:url\" content=\"https:\/\/www.eldiario.net\/portal\/2024\/05\/05\/china-es-la-mayor-prision-del-mundo-de-periodistas-2\/\" \/>\n<meta property=\"og:site_name\" content=\"El Diario - Bolivia\" \/>\n<meta property=\"article:publisher\" content=\"https:\/\/www.facebook.com\/eldiario.bolivia\/\" \/>\n<meta property=\"article:published_time\" content=\"2024-05-05T11:00:52+00:00\" \/>\n<meta property=\"og:image\" content=\"https:\/\/www.eldiario.net\/portal\/wp-content\/uploads\/2024\/05\/CHINO.jpg\" \/>\n\t<meta property=\"og:image:width\" content=\"992\" \/>\n\t<meta property=\"og:image:height\" content=\"661\" \/>\n\t<meta property=\"og:image:type\" content=\"image\/jpeg\" \/>\n<meta name=\"author\" content=\"Jeanette\" \/>\n<meta name=\"twitter:card\" content=\"summary_large_image\" \/>\n<meta name=\"twitter:creator\" content=\"@eldiario_net\" \/>\n<meta name=\"twitter:site\" content=\"@eldiario_net\" \/>\n<meta name=\"twitter:label1\" content=\"Escrito por\" \/>\n\t<meta name=\"twitter:data1\" content=\"Jeanette\" \/>\n\t<meta name=\"twitter:label2\" content=\"Tiempo de lectura\" \/>\n\t<meta name=\"twitter:data2\" content=\"3 minutos\" \/>\n<script type=\"application\/ld+json\" class=\"yoast-schema-graph\">{\"@context\":\"https:\\\/\\\/schema.org\",\"@graph\":[{\"@type\":\"Article\",\"@id\":\"https:\\\/\\\/www.eldiario.net\\\/portal\\\/2024\\\/05\\\/05\\\/china-es-la-mayor-prision-del-mundo-de-periodistas-2\\\/#article\",\"isPartOf\":{\"@id\":\"https:\\\/\\\/www.eldiario.net\\\/portal\\\/2024\\\/05\\\/05\\\/china-es-la-mayor-prision-del-mundo-de-periodistas-2\\\/\"},\"author\":{\"name\":\"Jeanette\",\"@id\":\"https:\\\/\\\/www.eldiario.net\\\/portal\\\/#\\\/schema\\\/person\\\/f46445640444750d7d753ccd04ae01b7\"},\"headline\":\"China es la mayor prisi\u00f3n del mundo de periodistas\",\"datePublished\":\"2024-05-05T11:00:52+00:00\",\"mainEntityOfPage\":{\"@id\":\"https:\\\/\\\/www.eldiario.net\\\/portal\\\/2024\\\/05\\\/05\\\/china-es-la-mayor-prision-del-mundo-de-periodistas-2\\\/\"},\"wordCount\":622,\"commentCount\":0,\"publisher\":{\"@id\":\"https:\\\/\\\/www.eldiario.net\\\/portal\\\/#organization\"},\"image\":{\"@id\":\"https:\\\/\\\/www.eldiario.net\\\/portal\\\/2024\\\/05\\\/05\\\/china-es-la-mayor-prision-del-mundo-de-periodistas-2\\\/#primaryimage\"},\"thumbnailUrl\":\"https:\\\/\\\/www.eldiario.net\\\/portal\\\/wp-content\\\/uploads\\\/2024\\\/05\\\/CHINO.jpg\",\"articleSection\":[\"Internacional\"],\"inLanguage\":\"es\",\"potentialAction\":[{\"@type\":\"CommentAction\",\"name\":\"Comment\",\"target\":[\"https:\\\/\\\/www.eldiario.net\\\/portal\\\/2024\\\/05\\\/05\\\/china-es-la-mayor-prision-del-mundo-de-periodistas-2\\\/#respond\"]}]},{\"@type\":\"WebPage\",\"@id\":\"https:\\\/\\\/www.eldiario.net\\\/portal\\\/2024\\\/05\\\/05\\\/china-es-la-mayor-prision-del-mundo-de-periodistas-2\\\/\",\"url\":\"https:\\\/\\\/www.eldiario.net\\\/portal\\\/2024\\\/05\\\/05\\\/china-es-la-mayor-prision-del-mundo-de-periodistas-2\\\/\",\"name\":\"China es la mayor prisi\u00f3n del mundo de periodistas - El Diario - Bolivia\",\"isPartOf\":{\"@id\":\"https:\\\/\\\/www.eldiario.net\\\/portal\\\/#website\"},\"primaryImageOfPage\":{\"@id\":\"https:\\\/\\\/www.eldiario.net\\\/portal\\\/2024\\\/05\\\/05\\\/china-es-la-mayor-prision-del-mundo-de-periodistas-2\\\/#primaryimage\"},\"image\":{\"@id\":\"https:\\\/\\\/www.eldiario.net\\\/portal\\\/2024\\\/05\\\/05\\\/china-es-la-mayor-prision-del-mundo-de-periodistas-2\\\/#primaryimage\"},\"thumbnailUrl\":\"https:\\\/\\\/www.eldiario.net\\\/portal\\\/wp-content\\\/uploads\\\/2024\\\/05\\\/CHINO.jpg\",\"datePublished\":\"2024-05-05T11:00:52+00:00\",\"breadcrumb\":{\"@id\":\"https:\\\/\\\/www.eldiario.net\\\/portal\\\/2024\\\/05\\\/05\\\/china-es-la-mayor-prision-del-mundo-de-periodistas-2\\\/#breadcrumb\"},\"inLanguage\":\"es\",\"potentialAction\":[{\"@type\":\"ReadAction\",\"target\":[\"https:\\\/\\\/www.eldiario.net\\\/portal\\\/2024\\\/05\\\/05\\\/china-es-la-mayor-prision-del-mundo-de-periodistas-2\\\/\"]}]},{\"@type\":\"ImageObject\",\"inLanguage\":\"es\",\"@id\":\"https:\\\/\\\/www.eldiario.net\\\/portal\\\/2024\\\/05\\\/05\\\/china-es-la-mayor-prision-del-mundo-de-periodistas-2\\\/#primaryimage\",\"url\":\"https:\\\/\\\/www.eldiario.net\\\/portal\\\/wp-content\\\/uploads\\\/2024\\\/05\\\/CHINO.jpg\",\"contentUrl\":\"https:\\\/\\\/www.eldiario.net\\\/portal\\\/wp-content\\\/uploads\\\/2024\\\/05\\\/CHINO.jpg\",\"width\":992,\"height\":661,\"caption\":\"RSF DENUNCIA QUE S\u00d3LO EN CHINA EXISTEN M\u00c1S DE 110 PERIODISTAS DETENIDOS. Reuters\"},{\"@type\":\"BreadcrumbList\",\"@id\":\"https:\\\/\\\/www.eldiario.net\\\/portal\\\/2024\\\/05\\\/05\\\/china-es-la-mayor-prision-del-mundo-de-periodistas-2\\\/#breadcrumb\",\"itemListElement\":[{\"@type\":\"ListItem\",\"position\":1,\"name\":\"Portada\",\"item\":\"https:\\\/\\\/www.eldiario.net\\\/portal\\\/\"},{\"@type\":\"ListItem\",\"position\":2,\"name\":\"China es la mayor prisi\u00f3n del mundo de periodistas\"}]},{\"@type\":\"WebSite\",\"@id\":\"https:\\\/\\\/www.eldiario.net\\\/portal\\\/#website\",\"url\":\"https:\\\/\\\/www.eldiario.net\\\/portal\\\/\",\"name\":\"El Diario - Decano de la prensa nacional\",\"description\":\"El Diario - Decano de la prensa nacional\",\"publisher\":{\"@id\":\"https:\\\/\\\/www.eldiario.net\\\/portal\\\/#organization\"},\"potentialAction\":[{\"@type\":\"SearchAction\",\"target\":{\"@type\":\"EntryPoint\",\"urlTemplate\":\"https:\\\/\\\/www.eldiario.net\\\/portal\\\/?s={search_term_string}\"},\"query-input\":{\"@type\":\"PropertyValueSpecification\",\"valueRequired\":true,\"valueName\":\"search_term_string\"}}],\"inLanguage\":\"es\"},{\"@type\":\"Organization\",\"@id\":\"https:\\\/\\\/www.eldiario.net\\\/portal\\\/#organization\",\"name\":\"El Diario - Decano de la prensa nacional\",\"url\":\"https:\\\/\\\/www.eldiario.net\\\/portal\\\/\",\"logo\":{\"@type\":\"ImageObject\",\"inLanguage\":\"es\",\"@id\":\"https:\\\/\\\/www.eldiario.net\\\/portal\\\/#\\\/schema\\\/logo\\\/image\\\/\",\"url\":\"https:\\\/\\\/www.eldiario.net\\\/portal\\\/wp-content\\\/uploads\\\/2023\\\/07\\\/logo_ED.jpg\",\"contentUrl\":\"https:\\\/\\\/www.eldiario.net\\\/portal\\\/wp-content\\\/uploads\\\/2023\\\/07\\\/logo_ED.jpg\",\"width\":272,\"height\":52,\"caption\":\"El Diario - Decano de la prensa nacional\"},\"image\":{\"@id\":\"https:\\\/\\\/www.eldiario.net\\\/portal\\\/#\\\/schema\\\/logo\\\/image\\\/\"},\"sameAs\":[\"https:\\\/\\\/www.facebook.com\\\/eldiario.bolivia\\\/\",\"https:\\\/\\\/x.com\\\/eldiario_net\"]},{\"@type\":\"Person\",\"@id\":\"https:\\\/\\\/www.eldiario.net\\\/portal\\\/#\\\/schema\\\/person\\\/f46445640444750d7d753ccd04ae01b7\",\"name\":\"Jeanette\",\"image\":{\"@type\":\"ImageObject\",\"inLanguage\":\"es\",\"@id\":\"https:\\\/\\\/secure.gravatar.com\\\/avatar\\\/3ea2118a5f7dad2b7138b1187a6b7ee55f160b9968b66013c3a3ef39dd7e5798?s=96&d=mm&r=g\",\"url\":\"https:\\\/\\\/secure.gravatar.com\\\/avatar\\\/3ea2118a5f7dad2b7138b1187a6b7ee55f160b9968b66013c3a3ef39dd7e5798?s=96&d=mm&r=g\",\"contentUrl\":\"https:\\\/\\\/secure.gravatar.com\\\/avatar\\\/3ea2118a5f7dad2b7138b1187a6b7ee55f160b9968b66013c3a3ef39dd7e5798?s=96&d=mm&r=g\",\"caption\":\"Jeanette\"},\"sameAs\":[\"https:\\\/\\\/www.eldiario.net\\\/portal\"],\"url\":\"https:\\\/\\\/www.eldiario.net\\\/portal\\\/author\\\/jeanette\\\/\"}]}<\/script>\n<!-- \/ Yoast SEO plugin. -->","yoast_head_json":{"title":"China es la mayor prisi\u00f3n del mundo de periodistas - El Diario - Bolivia","robots":{"index":"index","follow":"follow","max-snippet":"max-snippet:-1","max-image-preview":"max-image-preview:large","max-video-preview":"max-video-preview:-1"},"canonical":"https:\/\/www.eldiario.net\/portal\/2024\/05\/05\/china-es-la-mayor-prision-del-mundo-de-periodistas-2\/","og_locale":"es_ES","og_type":"article","og_title":"China es la mayor prisi\u00f3n del mundo de periodistas - El Diario - Bolivia","og_description":"En un comunicado publicado ayer, un d\u00eda despu\u00e9s de presentar su clasificaci\u00f3n mundial de la libertad de prensa en el mundo para este a\u00f1o, Reporteros Sin Fronteras (RSF) puso el foco en lo que se vive en cinco de los pa\u00edses m\u00e1s poblados, China, Rusia, Bangladesh, Pakist\u00e1n e India. En el caso del gigante asi\u00e1tico, [&hellip;]","og_url":"https:\/\/www.eldiario.net\/portal\/2024\/05\/05\/china-es-la-mayor-prision-del-mundo-de-periodistas-2\/","og_site_name":"El Diario - Bolivia","article_publisher":"https:\/\/www.facebook.com\/eldiario.bolivia\/","article_published_time":"2024-05-05T11:00:52+00:00","og_image":[{"width":992,"height":661,"url":"https:\/\/www.eldiario.net\/portal\/wp-content\/uploads\/2024\/05\/CHINO.jpg","type":"image\/jpeg"}],"author":"Jeanette","twitter_card":"summary_large_image","twitter_creator":"@eldiario_net","twitter_site":"@eldiario_net","twitter_misc":{"Escrito por":"Jeanette","Tiempo de lectura":"3 minutos"},"schema":{"@context":"https:\/\/schema.org","@graph":[{"@type":"Article","@id":"https:\/\/www.eldiario.net\/portal\/2024\/05\/05\/china-es-la-mayor-prision-del-mundo-de-periodistas-2\/#article","isPartOf":{"@id":"https:\/\/www.eldiario.net\/portal\/2024\/05\/05\/china-es-la-mayor-prision-del-mundo-de-periodistas-2\/"},"author":{"name":"Jeanette","@id":"https:\/\/www.eldiario.net\/portal\/#\/schema\/person\/f46445640444750d7d753ccd04ae01b7"},"headline":"China es la mayor prisi\u00f3n del mundo de periodistas","datePublished":"2024-05-05T11:00:52+00:00","mainEntityOfPage":{"@id":"https:\/\/www.eldiario.net\/portal\/2024\/05\/05\/china-es-la-mayor-prision-del-mundo-de-periodistas-2\/"},"wordCount":622,"commentCount":0,"publisher":{"@id":"https:\/\/www.eldiario.net\/portal\/#organization"},"image":{"@id":"https:\/\/www.eldiario.net\/portal\/2024\/05\/05\/china-es-la-mayor-prision-del-mundo-de-periodistas-2\/#primaryimage"},"thumbnailUrl":"https:\/\/www.eldiario.net\/portal\/wp-content\/uploads\/2024\/05\/CHINO.jpg","articleSection":["Internacional"],"inLanguage":"es","potentialAction":[{"@type":"CommentAction","name":"Comment","target":["https:\/\/www.eldiario.net\/portal\/2024\/05\/05\/china-es-la-mayor-prision-del-mundo-de-periodistas-2\/#respond"]}]},{"@type":"WebPage","@id":"https:\/\/www.eldiario.net\/portal\/2024\/05\/05\/china-es-la-mayor-prision-del-mundo-de-periodistas-2\/","url":"https:\/\/www.eldiario.net\/portal\/2024\/05\/05\/china-es-la-mayor-prision-del-mundo-de-periodistas-2\/","name":"China es la mayor prisi\u00f3n del mundo de periodistas - El Diario - Bolivia","isPartOf":{"@id":"https:\/\/www.eldiario.net\/portal\/#website"},"primaryImageOfPage":{"@id":"https:\/\/www.eldiario.net\/portal\/2024\/05\/05\/china-es-la-mayor-prision-del-mundo-de-periodistas-2\/#primaryimage"},"image":{"@id":"https:\/\/www.eldiario.net\/portal\/2024\/05\/05\/china-es-la-mayor-prision-del-mundo-de-periodistas-2\/#primaryimage"},"thumbnailUrl":"https:\/\/www.eldiario.net\/portal\/wp-content\/uploads\/2024\/05\/CHINO.jpg","datePublished":"2024-05-05T11:00:52+00:00","breadcrumb":{"@id":"https:\/\/www.eldiario.net\/portal\/2024\/05\/05\/china-es-la-mayor-prision-del-mundo-de-periodistas-2\/#breadcrumb"},"inLanguage":"es","potentialAction":[{"@type":"ReadAction","target":["https:\/\/www.eldiario.net\/portal\/2024\/05\/05\/china-es-la-mayor-prision-del-mundo-de-periodistas-2\/"]}]},{"@type":"ImageObject","inLanguage":"es","@id":"https:\/\/www.eldiario.net\/portal\/2024\/05\/05\/china-es-la-mayor-prision-del-mundo-de-periodistas-2\/#primaryimage","url":"https:\/\/www.eldiario.net\/portal\/wp-content\/uploads\/2024\/05\/CHINO.jpg","contentUrl":"https:\/\/www.eldiario.net\/portal\/wp-content\/uploads\/2024\/05\/CHINO.jpg","width":992,"height":661,"caption":"RSF DENUNCIA QUE S\u00d3LO EN CHINA EXISTEN M\u00c1S DE 110 PERIODISTAS DETENIDOS. Reuters"},{"@type":"BreadcrumbList","@id":"https:\/\/www.eldiario.net\/portal\/2024\/05\/05\/china-es-la-mayor-prision-del-mundo-de-periodistas-2\/#breadcrumb","itemListElement":[{"@type":"ListItem","position":1,"name":"Portada","item":"https:\/\/www.eldiario.net\/portal\/"},{"@type":"ListItem","position":2,"name":"China es la mayor prisi\u00f3n del mundo de periodistas"}]},{"@type":"WebSite","@id":"https:\/\/www.eldiario.net\/portal\/#website","url":"https:\/\/www.eldiario.net\/portal\/","name":"El Diario - Decano de la prensa nacional","description":"El Diario - Decano de la prensa nacional","publisher":{"@id":"https:\/\/www.eldiario.net\/portal\/#organization"},"potentialAction":[{"@type":"SearchAction","target":{"@type":"EntryPoint","urlTemplate":"https:\/\/www.eldiario.net\/portal\/?s={search_term_string}"},"query-input":{"@type":"PropertyValueSpecification","valueRequired":true,"valueName":"search_term_string"}}],"inLanguage":"es"},{"@type":"Organization","@id":"https:\/\/www.eldiario.net\/portal\/#organization","name":"El Diario - Decano de la prensa nacional","url":"https:\/\/www.eldiario.net\/portal\/","logo":{"@type":"ImageObject","inLanguage":"es","@id":"https:\/\/www.eldiario.net\/portal\/#\/schema\/logo\/image\/","url":"https:\/\/www.eldiario.net\/portal\/wp-content\/uploads\/2023\/07\/logo_ED.jpg","contentUrl":"https:\/\/www.eldiario.net\/portal\/wp-content\/uploads\/2023\/07\/logo_ED.jpg","width":272,"height":52,"caption":"El Diario - Decano de la prensa nacional"},"image":{"@id":"https:\/\/www.eldiario.net\/portal\/#\/schema\/logo\/image\/"},"sameAs":["https:\/\/www.facebook.com\/eldiario.bolivia\/","https:\/\/x.com\/eldiario_net"]},{"@type":"Person","@id":"https:\/\/www.eldiario.net\/portal\/#\/schema\/person\/f46445640444750d7d753ccd04ae01b7","name":"Jeanette","image":{"@type":"ImageObject","inLanguage":"es","@id":"https:\/\/secure.gravatar.com\/avatar\/3ea2118a5f7dad2b7138b1187a6b7ee55f160b9968b66013c3a3ef39dd7e5798?s=96&d=mm&r=g","url":"https:\/\/secure.gravatar.com\/avatar\/3ea2118a5f7dad2b7138b1187a6b7ee55f160b9968b66013c3a3ef39dd7e5798?s=96&d=mm&r=g","contentUrl":"https:\/\/secure.gravatar.com\/avatar\/3ea2118a5f7dad2b7138b1187a6b7ee55f160b9968b66013c3a3ef39dd7e5798?s=96&d=mm&r=g","caption":"Jeanette"},"sameAs":["https:\/\/www.eldiario.net\/portal"],"url":"https:\/\/www.eldiario.net\/portal\/author\/jeanette\/"}]}},"_links":{"self":[{"href":"https:\/\/www.eldiario.net\/portal\/wp-json\/wp\/v2\/posts\/218600","targetHints":{"allow":["GET"]}}],"collection":[{"href":"https:\/\/www.eldiario.net\/portal\/wp-json\/wp\/v2\/posts"}],"about":[{"href":"https:\/\/www.eldiario.net\/portal\/wp-json\/wp\/v2\/types\/post"}],"author":[{"embeddable":true,"href":"https:\/\/www.eldiario.net\/portal\/wp-json\/wp\/v2\/users\/1"}],"replies":[{"embeddable":true,"href":"https:\/\/www.eldiario.net\/portal\/wp-json\/wp\/v2\/comments?post=218600"}],"version-history":[{"count":1,"href":"https:\/\/www.eldiario.net\/portal\/wp-json\/wp\/v2\/posts\/218600\/revisions"}],"predecessor-version":[{"id":218602,"href":"https:\/\/www.eldiario.net\/portal\/wp-json\/wp\/v2\/posts\/218600\/revisions\/218602"}],"wp:featuredmedia":[{"embeddable":true,"href":"https:\/\/www.eldiario.net\/portal\/wp-json\/wp\/v2\/media\/218601"}],"wp:attachment":[{"href":"https:\/\/www.eldiario.net\/portal\/wp-json\/wp\/v2\/media?parent=218600"}],"wp:term":[{"taxonomy":"category","embeddable":true,"href":"https:\/\/www.eldiario.net\/portal\/wp-json\/wp\/v2\/categories?post=218600"},{"taxonomy":"post_tag","embeddable":true,"href":"https:\/\/www.eldiario.net\/portal\/wp-json\/wp\/v2\/tags?post=218600"}],"curies":[{"name":"wp","href":"https:\/\/api.w.org\/{rel}","templated":true}]}}