{"id":21860,"date":"2021-08-07T02:22:54","date_gmt":"2021-08-07T06:22:54","guid":{"rendered":"https:\/\/www.eldiario.net\/portal\/?p=21860"},"modified":"2021-08-07T02:22:54","modified_gmt":"2021-08-07T06:22:54","slug":"expertos-sostienen-que-nevada-caida-en-el-alto-nutrio-la-tierra","status":"publish","type":"post","link":"https:\/\/www.eldiario.net\/portal\/2021\/08\/07\/expertos-sostienen-que-nevada-caida-en-el-alto-nutrio-la-tierra\/","title":{"rendered":"Expertos sostienen que nevada ca\u00edda en El Alto nutri\u00f3 la tierra"},"content":{"rendered":"<p>En los cuatro distritos rurales de la ciudad de El Alto se dice que la nevada ca\u00edda en esa urbe es buena se\u00f1al para la siembra de diferentes productos agr\u00edcolas, que se inicia entre los meses de octubre y noviembre. Los expertos aseguran que la tierra se est\u00e1 nutriendo.<br \/>\nDe acuerdo con expertos de saberes ancestrales, la fuerte nevada ca\u00edda en los \u00faltimos d\u00edas en la urbe alte\u00f1a, la sede Gobierno y algunas provincias del altiplano pace\u00f1o tiene mucho significado, debido a que este fen\u00f3meno contribuye a que la tierra se hidrate m\u00e1s y sea m\u00e1s f\u00e9rtil y de esta forma colabora de gran manera para que la pr\u00f3xima temporada de siembra, dentro de tres a cuatro meses, d\u00e9 buenos frutos.<br \/>\nLos dirigentes de los distritos rurales de El Alto el 9, 10, 11 y 13, donde sus habitantes se dedican a la agricultura y la ganader\u00eda vieron con mucha complacencia la ca\u00edda de la nevada en estos \u00faltimos d\u00edas, porque de esta manera se ver\u00e1n favorecidos, primero con una buena siembra y luego la cosecha productiva, debido a que es la forma de vida que tienen estos sectores de esta urbe.<br \/>\nEn este sentido, los agr\u00f3nomos afirman que es de gran ayuda para facilitar la siembra porque la tierra se mantiene h\u00fameda para que las semillas tengan adecuado desarrollo y no sean afectadas por la sequ\u00eda.<\/p>\n<p>M\u00c1S NEVADAS<br \/>\nEl tiempo reinante de la ca\u00edda de nevada podr\u00eda alargarse durante todo el mes de agosto, por lo que de la misma forma el inicio de una fuerte helada tambi\u00e9n estar\u00eda siendo postergada, de acuerdo con este fen\u00f3meno que sucede a inicios de esta temporada, pero tambi\u00e9n se podr\u00eda retrasar la llegada de la lluvia en el mes de noviembre, porque este mes se inici\u00f3 con fuertes nevadas.<br \/>\nEn el mundo aymara, a pesar de ser un fen\u00f3meno natural, no se tiene ninguna coordinaci\u00f3n ni mucha credibilidad en los pron\u00f3sticos de Senamhi, por lo que los preparativos de la siembra se adelantan o atrasan de acuerdo con la \u00e9poca de lluvia, siendo que cuando se adelanta es de buen augurio, porque, adem\u00e1s se facilita la utilizaci\u00f3n de los instrumentos del agro.<\/p>\n<p>FASES DE LA LUNA<br \/>\nOtro de los aspectos que tiene mucho que ver sobre este tema son las fases de la luna, para lo cual se espera con preferencia la luna llena o cuarto menguante, que se relaciona con el lugar del terreno, donde se efectuar\u00e1 la siembra de la papa.<br \/>\nLa ca\u00edda de la nevada tambi\u00e9n es el anuncio del cambio de temporada, como en el presente caso, aunque los usos y costumbres de las diferentes poblaciones tienen en estos casos otro tipo de interpretaciones, pero siempre es el augurio de la llegada de una buena \u00e9poca de siembra, especialmente en el altiplano boliviano.<\/p>\n<p>FESUCARUSU<br \/>\nPor su parte, los representantes de la Federaci\u00f3n Sindical \u00danica de Comunidades Agrarias de Radio Urbano y Suburbano (Fesucarusu) de la ciudad de El Alto se\u00f1alaron que existir\u00e1n problemas de forraje para el ganado vacuno con que cuentan, debido a las heladas durante este mes de agosto, por lo que piden a las autoridades del municipio que puedan prevenir este tema.<br \/>\nLa falta de forraje en los cuatro distritos rurales, influye en la alimentaci\u00f3n de ovinos, cam\u00e9lidos y porcinos.<\/p>\n","protected":false},"excerpt":{"rendered":"<p>En los cuatro distritos rurales de la ciudad de El Alto se dice que la nevada ca\u00edda en esa urbe es buena se\u00f1al para la siembra de diferentes productos agr\u00edcolas, que se inicia entre los meses de octubre y noviembre. Los expertos aseguran que la tierra se est\u00e1 nutriendo. De acuerdo con expertos de saberes [&hellip;]<\/p>\n","protected":false},"author":1,"featured_media":21861,"comment_status":"closed","ping_status":"closed","sticky":false,"template":"","format":"standard","meta":{"_acf_changed":false,"footnotes":""},"categories":[12],"tags":[],"class_list":["post-21860","post","type-post","status-publish","format-standard","has-post-thumbnail","category-nacional"],"acf":{"antetitulo":""},"yoast_head":"<!-- This site is optimized with the Yoast SEO plugin v28.4 - https:\/\/yoast.com\/product\/yoast-seo-wordpress\/ -->\n<title>Expertos sostienen que nevada ca\u00edda en El Alto nutri\u00f3 la tierra - El Diario - Bolivia<\/title>\n<meta name=\"robots\" content=\"index, follow, max-snippet:-1, max-image-preview:large, max-video-preview:-1\" \/>\n<link rel=\"canonical\" href=\"https:\/\/www.eldiario.net\/portal\/2021\/08\/07\/expertos-sostienen-que-nevada-caida-en-el-alto-nutrio-la-tierra\/\" \/>\n<meta property=\"og:locale\" content=\"es_ES\" \/>\n<meta property=\"og:type\" content=\"article\" \/>\n<meta property=\"og:title\" content=\"Expertos sostienen que nevada ca\u00edda en El Alto nutri\u00f3 la tierra - El Diario - Bolivia\" \/>\n<meta property=\"og:description\" content=\"En los cuatro distritos rurales de la ciudad de El Alto se dice que la nevada ca\u00edda en esa urbe es buena se\u00f1al para la siembra de diferentes productos agr\u00edcolas, que se inicia entre los meses de octubre y noviembre. Los expertos aseguran que la tierra se est\u00e1 nutriendo. De acuerdo con expertos de saberes [&hellip;]\" \/>\n<meta property=\"og:url\" content=\"https:\/\/www.eldiario.net\/portal\/2021\/08\/07\/expertos-sostienen-que-nevada-caida-en-el-alto-nutrio-la-tierra\/\" \/>\n<meta property=\"og:site_name\" content=\"El Diario - Bolivia\" \/>\n<meta property=\"article:publisher\" content=\"https:\/\/www.facebook.com\/eldiario.bolivia\/\" \/>\n<meta property=\"article:published_time\" content=\"2021-08-07T06:22:54+00:00\" \/>\n<meta name=\"author\" content=\"Jeanette\" \/>\n<meta name=\"twitter:card\" content=\"summary_large_image\" \/>\n<meta name=\"twitter:creator\" content=\"@eldiario_net\" \/>\n<meta name=\"twitter:site\" content=\"@eldiario_net\" \/>\n<meta name=\"twitter:label1\" content=\"Escrito por\" \/>\n\t<meta name=\"twitter:data1\" content=\"Jeanette\" \/>\n\t<meta name=\"twitter:label2\" content=\"Tiempo de lectura\" \/>\n\t<meta name=\"twitter:data2\" content=\"3 minutos\" \/>\n<script type=\"application\/ld+json\" class=\"yoast-schema-graph\">{\"@context\":\"https:\\\/\\\/schema.org\",\"@graph\":[{\"@type\":\"Article\",\"@id\":\"https:\\\/\\\/www.eldiario.net\\\/portal\\\/2021\\\/08\\\/07\\\/expertos-sostienen-que-nevada-caida-en-el-alto-nutrio-la-tierra\\\/#article\",\"isPartOf\":{\"@id\":\"https:\\\/\\\/www.eldiario.net\\\/portal\\\/2021\\\/08\\\/07\\\/expertos-sostienen-que-nevada-caida-en-el-alto-nutrio-la-tierra\\\/\"},\"author\":{\"name\":\"Jeanette\",\"@id\":\"https:\\\/\\\/www.eldiario.net\\\/portal\\\/#\\\/schema\\\/person\\\/f46445640444750d7d753ccd04ae01b7\"},\"headline\":\"Expertos sostienen que nevada ca\u00edda en El Alto nutri\u00f3 la tierra\",\"datePublished\":\"2021-08-07T06:22:54+00:00\",\"mainEntityOfPage\":{\"@id\":\"https:\\\/\\\/www.eldiario.net\\\/portal\\\/2021\\\/08\\\/07\\\/expertos-sostienen-que-nevada-caida-en-el-alto-nutrio-la-tierra\\\/\"},\"wordCount\":592,\"publisher\":{\"@id\":\"https:\\\/\\\/www.eldiario.net\\\/portal\\\/#organization\"},\"image\":{\"@id\":\"https:\\\/\\\/www.eldiario.net\\\/portal\\\/2021\\\/08\\\/07\\\/expertos-sostienen-que-nevada-caida-en-el-alto-nutrio-la-tierra\\\/#primaryimage\"},\"thumbnailUrl\":\"\",\"articleSection\":[\"Nacional\"],\"inLanguage\":\"es\"},{\"@type\":\"WebPage\",\"@id\":\"https:\\\/\\\/www.eldiario.net\\\/portal\\\/2021\\\/08\\\/07\\\/expertos-sostienen-que-nevada-caida-en-el-alto-nutrio-la-tierra\\\/\",\"url\":\"https:\\\/\\\/www.eldiario.net\\\/portal\\\/2021\\\/08\\\/07\\\/expertos-sostienen-que-nevada-caida-en-el-alto-nutrio-la-tierra\\\/\",\"name\":\"Expertos sostienen que nevada ca\u00edda en El Alto nutri\u00f3 la tierra - El Diario - Bolivia\",\"isPartOf\":{\"@id\":\"https:\\\/\\\/www.eldiario.net\\\/portal\\\/#website\"},\"primaryImageOfPage\":{\"@id\":\"https:\\\/\\\/www.eldiario.net\\\/portal\\\/2021\\\/08\\\/07\\\/expertos-sostienen-que-nevada-caida-en-el-alto-nutrio-la-tierra\\\/#primaryimage\"},\"image\":{\"@id\":\"https:\\\/\\\/www.eldiario.net\\\/portal\\\/2021\\\/08\\\/07\\\/expertos-sostienen-que-nevada-caida-en-el-alto-nutrio-la-tierra\\\/#primaryimage\"},\"thumbnailUrl\":\"\",\"datePublished\":\"2021-08-07T06:22:54+00:00\",\"breadcrumb\":{\"@id\":\"https:\\\/\\\/www.eldiario.net\\\/portal\\\/2021\\\/08\\\/07\\\/expertos-sostienen-que-nevada-caida-en-el-alto-nutrio-la-tierra\\\/#breadcrumb\"},\"inLanguage\":\"es\",\"potentialAction\":[{\"@type\":\"ReadAction\",\"target\":[\"https:\\\/\\\/www.eldiario.net\\\/portal\\\/2021\\\/08\\\/07\\\/expertos-sostienen-que-nevada-caida-en-el-alto-nutrio-la-tierra\\\/\"]}]},{\"@type\":\"ImageObject\",\"inLanguage\":\"es\",\"@id\":\"https:\\\/\\\/www.eldiario.net\\\/portal\\\/2021\\\/08\\\/07\\\/expertos-sostienen-que-nevada-caida-en-el-alto-nutrio-la-tierra\\\/#primaryimage\",\"url\":\"\",\"contentUrl\":\"\"},{\"@type\":\"BreadcrumbList\",\"@id\":\"https:\\\/\\\/www.eldiario.net\\\/portal\\\/2021\\\/08\\\/07\\\/expertos-sostienen-que-nevada-caida-en-el-alto-nutrio-la-tierra\\\/#breadcrumb\",\"itemListElement\":[{\"@type\":\"ListItem\",\"position\":1,\"name\":\"Portada\",\"item\":\"https:\\\/\\\/www.eldiario.net\\\/portal\\\/\"},{\"@type\":\"ListItem\",\"position\":2,\"name\":\"Expertos sostienen que nevada ca\u00edda en El Alto nutri\u00f3 la tierra\"}]},{\"@type\":\"WebSite\",\"@id\":\"https:\\\/\\\/www.eldiario.net\\\/portal\\\/#website\",\"url\":\"https:\\\/\\\/www.eldiario.net\\\/portal\\\/\",\"name\":\"El Diario - Decano de la prensa nacional\",\"description\":\"El Diario - Decano de la prensa nacional\",\"publisher\":{\"@id\":\"https:\\\/\\\/www.eldiario.net\\\/portal\\\/#organization\"},\"potentialAction\":[{\"@type\":\"SearchAction\",\"target\":{\"@type\":\"EntryPoint\",\"urlTemplate\":\"https:\\\/\\\/www.eldiario.net\\\/portal\\\/?s={search_term_string}\"},\"query-input\":{\"@type\":\"PropertyValueSpecification\",\"valueRequired\":true,\"valueName\":\"search_term_string\"}}],\"inLanguage\":\"es\"},{\"@type\":\"Organization\",\"@id\":\"https:\\\/\\\/www.eldiario.net\\\/portal\\\/#organization\",\"name\":\"El Diario - Decano de la prensa nacional\",\"url\":\"https:\\\/\\\/www.eldiario.net\\\/portal\\\/\",\"logo\":{\"@type\":\"ImageObject\",\"inLanguage\":\"es\",\"@id\":\"https:\\\/\\\/www.eldiario.net\\\/portal\\\/#\\\/schema\\\/logo\\\/image\\\/\",\"url\":\"https:\\\/\\\/www.eldiario.net\\\/portal\\\/wp-content\\\/uploads\\\/2023\\\/07\\\/logo_ED.jpg\",\"contentUrl\":\"https:\\\/\\\/www.eldiario.net\\\/portal\\\/wp-content\\\/uploads\\\/2023\\\/07\\\/logo_ED.jpg\",\"width\":272,\"height\":52,\"caption\":\"El Diario - Decano de la prensa nacional\"},\"image\":{\"@id\":\"https:\\\/\\\/www.eldiario.net\\\/portal\\\/#\\\/schema\\\/logo\\\/image\\\/\"},\"sameAs\":[\"https:\\\/\\\/www.facebook.com\\\/eldiario.bolivia\\\/\",\"https:\\\/\\\/x.com\\\/eldiario_net\"]},{\"@type\":\"Person\",\"@id\":\"https:\\\/\\\/www.eldiario.net\\\/portal\\\/#\\\/schema\\\/person\\\/f46445640444750d7d753ccd04ae01b7\",\"name\":\"Jeanette\",\"image\":{\"@type\":\"ImageObject\",\"inLanguage\":\"es\",\"@id\":\"https:\\\/\\\/secure.gravatar.com\\\/avatar\\\/3ea2118a5f7dad2b7138b1187a6b7ee55f160b9968b66013c3a3ef39dd7e5798?s=96&d=mm&r=g\",\"url\":\"https:\\\/\\\/secure.gravatar.com\\\/avatar\\\/3ea2118a5f7dad2b7138b1187a6b7ee55f160b9968b66013c3a3ef39dd7e5798?s=96&d=mm&r=g\",\"contentUrl\":\"https:\\\/\\\/secure.gravatar.com\\\/avatar\\\/3ea2118a5f7dad2b7138b1187a6b7ee55f160b9968b66013c3a3ef39dd7e5798?s=96&d=mm&r=g\",\"caption\":\"Jeanette\"},\"sameAs\":[\"https:\\\/\\\/www.eldiario.net\\\/portal\"],\"url\":\"https:\\\/\\\/www.eldiario.net\\\/portal\\\/author\\\/jeanette\\\/\"}]}<\/script>\n<!-- \/ Yoast SEO plugin. -->","yoast_head_json":{"title":"Expertos sostienen que nevada ca\u00edda en El Alto nutri\u00f3 la tierra - El Diario - Bolivia","robots":{"index":"index","follow":"follow","max-snippet":"max-snippet:-1","max-image-preview":"max-image-preview:large","max-video-preview":"max-video-preview:-1"},"canonical":"https:\/\/www.eldiario.net\/portal\/2021\/08\/07\/expertos-sostienen-que-nevada-caida-en-el-alto-nutrio-la-tierra\/","og_locale":"es_ES","og_type":"article","og_title":"Expertos sostienen que nevada ca\u00edda en El Alto nutri\u00f3 la tierra - El Diario - Bolivia","og_description":"En los cuatro distritos rurales de la ciudad de El Alto se dice que la nevada ca\u00edda en esa urbe es buena se\u00f1al para la siembra de diferentes productos agr\u00edcolas, que se inicia entre los meses de octubre y noviembre. Los expertos aseguran que la tierra se est\u00e1 nutriendo. De acuerdo con expertos de saberes [&hellip;]","og_url":"https:\/\/www.eldiario.net\/portal\/2021\/08\/07\/expertos-sostienen-que-nevada-caida-en-el-alto-nutrio-la-tierra\/","og_site_name":"El Diario - Bolivia","article_publisher":"https:\/\/www.facebook.com\/eldiario.bolivia\/","article_published_time":"2021-08-07T06:22:54+00:00","author":"Jeanette","twitter_card":"summary_large_image","twitter_creator":"@eldiario_net","twitter_site":"@eldiario_net","twitter_misc":{"Escrito por":"Jeanette","Tiempo de lectura":"3 minutos"},"schema":{"@context":"https:\/\/schema.org","@graph":[{"@type":"Article","@id":"https:\/\/www.eldiario.net\/portal\/2021\/08\/07\/expertos-sostienen-que-nevada-caida-en-el-alto-nutrio-la-tierra\/#article","isPartOf":{"@id":"https:\/\/www.eldiario.net\/portal\/2021\/08\/07\/expertos-sostienen-que-nevada-caida-en-el-alto-nutrio-la-tierra\/"},"author":{"name":"Jeanette","@id":"https:\/\/www.eldiario.net\/portal\/#\/schema\/person\/f46445640444750d7d753ccd04ae01b7"},"headline":"Expertos sostienen que nevada ca\u00edda en El Alto nutri\u00f3 la tierra","datePublished":"2021-08-07T06:22:54+00:00","mainEntityOfPage":{"@id":"https:\/\/www.eldiario.net\/portal\/2021\/08\/07\/expertos-sostienen-que-nevada-caida-en-el-alto-nutrio-la-tierra\/"},"wordCount":592,"publisher":{"@id":"https:\/\/www.eldiario.net\/portal\/#organization"},"image":{"@id":"https:\/\/www.eldiario.net\/portal\/2021\/08\/07\/expertos-sostienen-que-nevada-caida-en-el-alto-nutrio-la-tierra\/#primaryimage"},"thumbnailUrl":"","articleSection":["Nacional"],"inLanguage":"es"},{"@type":"WebPage","@id":"https:\/\/www.eldiario.net\/portal\/2021\/08\/07\/expertos-sostienen-que-nevada-caida-en-el-alto-nutrio-la-tierra\/","url":"https:\/\/www.eldiario.net\/portal\/2021\/08\/07\/expertos-sostienen-que-nevada-caida-en-el-alto-nutrio-la-tierra\/","name":"Expertos sostienen que nevada ca\u00edda en El Alto nutri\u00f3 la tierra - El Diario - Bolivia","isPartOf":{"@id":"https:\/\/www.eldiario.net\/portal\/#website"},"primaryImageOfPage":{"@id":"https:\/\/www.eldiario.net\/portal\/2021\/08\/07\/expertos-sostienen-que-nevada-caida-en-el-alto-nutrio-la-tierra\/#primaryimage"},"image":{"@id":"https:\/\/www.eldiario.net\/portal\/2021\/08\/07\/expertos-sostienen-que-nevada-caida-en-el-alto-nutrio-la-tierra\/#primaryimage"},"thumbnailUrl":"","datePublished":"2021-08-07T06:22:54+00:00","breadcrumb":{"@id":"https:\/\/www.eldiario.net\/portal\/2021\/08\/07\/expertos-sostienen-que-nevada-caida-en-el-alto-nutrio-la-tierra\/#breadcrumb"},"inLanguage":"es","potentialAction":[{"@type":"ReadAction","target":["https:\/\/www.eldiario.net\/portal\/2021\/08\/07\/expertos-sostienen-que-nevada-caida-en-el-alto-nutrio-la-tierra\/"]}]},{"@type":"ImageObject","inLanguage":"es","@id":"https:\/\/www.eldiario.net\/portal\/2021\/08\/07\/expertos-sostienen-que-nevada-caida-en-el-alto-nutrio-la-tierra\/#primaryimage","url":"","contentUrl":""},{"@type":"BreadcrumbList","@id":"https:\/\/www.eldiario.net\/portal\/2021\/08\/07\/expertos-sostienen-que-nevada-caida-en-el-alto-nutrio-la-tierra\/#breadcrumb","itemListElement":[{"@type":"ListItem","position":1,"name":"Portada","item":"https:\/\/www.eldiario.net\/portal\/"},{"@type":"ListItem","position":2,"name":"Expertos sostienen que nevada ca\u00edda en El Alto nutri\u00f3 la tierra"}]},{"@type":"WebSite","@id":"https:\/\/www.eldiario.net\/portal\/#website","url":"https:\/\/www.eldiario.net\/portal\/","name":"El Diario - Decano de la prensa nacional","description":"El Diario - Decano de la prensa nacional","publisher":{"@id":"https:\/\/www.eldiario.net\/portal\/#organization"},"potentialAction":[{"@type":"SearchAction","target":{"@type":"EntryPoint","urlTemplate":"https:\/\/www.eldiario.net\/portal\/?s={search_term_string}"},"query-input":{"@type":"PropertyValueSpecification","valueRequired":true,"valueName":"search_term_string"}}],"inLanguage":"es"},{"@type":"Organization","@id":"https:\/\/www.eldiario.net\/portal\/#organization","name":"El Diario - Decano de la prensa nacional","url":"https:\/\/www.eldiario.net\/portal\/","logo":{"@type":"ImageObject","inLanguage":"es","@id":"https:\/\/www.eldiario.net\/portal\/#\/schema\/logo\/image\/","url":"https:\/\/www.eldiario.net\/portal\/wp-content\/uploads\/2023\/07\/logo_ED.jpg","contentUrl":"https:\/\/www.eldiario.net\/portal\/wp-content\/uploads\/2023\/07\/logo_ED.jpg","width":272,"height":52,"caption":"El Diario - Decano de la prensa nacional"},"image":{"@id":"https:\/\/www.eldiario.net\/portal\/#\/schema\/logo\/image\/"},"sameAs":["https:\/\/www.facebook.com\/eldiario.bolivia\/","https:\/\/x.com\/eldiario_net"]},{"@type":"Person","@id":"https:\/\/www.eldiario.net\/portal\/#\/schema\/person\/f46445640444750d7d753ccd04ae01b7","name":"Jeanette","image":{"@type":"ImageObject","inLanguage":"es","@id":"https:\/\/secure.gravatar.com\/avatar\/3ea2118a5f7dad2b7138b1187a6b7ee55f160b9968b66013c3a3ef39dd7e5798?s=96&d=mm&r=g","url":"https:\/\/secure.gravatar.com\/avatar\/3ea2118a5f7dad2b7138b1187a6b7ee55f160b9968b66013c3a3ef39dd7e5798?s=96&d=mm&r=g","contentUrl":"https:\/\/secure.gravatar.com\/avatar\/3ea2118a5f7dad2b7138b1187a6b7ee55f160b9968b66013c3a3ef39dd7e5798?s=96&d=mm&r=g","caption":"Jeanette"},"sameAs":["https:\/\/www.eldiario.net\/portal"],"url":"https:\/\/www.eldiario.net\/portal\/author\/jeanette\/"}]}},"_links":{"self":[{"href":"https:\/\/www.eldiario.net\/portal\/wp-json\/wp\/v2\/posts\/21860","targetHints":{"allow":["GET"]}}],"collection":[{"href":"https:\/\/www.eldiario.net\/portal\/wp-json\/wp\/v2\/posts"}],"about":[{"href":"https:\/\/www.eldiario.net\/portal\/wp-json\/wp\/v2\/types\/post"}],"author":[{"embeddable":true,"href":"https:\/\/www.eldiario.net\/portal\/wp-json\/wp\/v2\/users\/1"}],"replies":[{"embeddable":true,"href":"https:\/\/www.eldiario.net\/portal\/wp-json\/wp\/v2\/comments?post=21860"}],"version-history":[{"count":0,"href":"https:\/\/www.eldiario.net\/portal\/wp-json\/wp\/v2\/posts\/21860\/revisions"}],"wp:attachment":[{"href":"https:\/\/www.eldiario.net\/portal\/wp-json\/wp\/v2\/media?parent=21860"}],"wp:term":[{"taxonomy":"category","embeddable":true,"href":"https:\/\/www.eldiario.net\/portal\/wp-json\/wp\/v2\/categories?post=21860"},{"taxonomy":"post_tag","embeddable":true,"href":"https:\/\/www.eldiario.net\/portal\/wp-json\/wp\/v2\/tags?post=21860"}],"curies":[{"name":"wp","href":"https:\/\/api.w.org\/{rel}","templated":true}]}}