{"id":218597,"date":"2024-05-05T07:00:12","date_gmt":"2024-05-05T11:00:12","guid":{"rendered":"https:\/\/www.eldiario.net\/portal\/?p=218597"},"modified":"2024-05-05T07:00:12","modified_gmt":"2024-05-05T11:00:12","slug":"rusia-emite-orden-de-captura-para-presidente-de-ucrania","status":"publish","type":"post","link":"https:\/\/www.eldiario.net\/portal\/2024\/05\/05\/rusia-emite-orden-de-captura-para-presidente-de-ucrania\/","title":{"rendered":"Rusia emite orden de captura  para presidente de Ucrania"},"content":{"rendered":"<p>Rusia declar\u00f3 ayer la b\u00fasqueda y captura del presidente de Ucrania, Volodimir Zelensky. El mandatario ucraniano fue incluido en la lista del Ministerio del Interior de Rusia, inform\u00f3 la agencia oficial rusa TASS.<br \/>\nZelensky, se\u00f1al\u00f3 la cartera, es buscado en relaci\u00f3n con un delito contemplado en el C\u00f3digo Penal de Rusia, sin ofrecer m\u00e1s detalles.<br \/>\nCon anterioridad, las autoridades emitieron \u00f3rdenes de arresto contra altos cargos de Ucrania.<br \/>\nEn diciembre del a\u00f1o pasado, el Ministerio del Interior de Rusia puso en busca y captura al jefe del Inteligencia Militar (GUR) de Ucrania, Kirilo Bud\u00e1nov, despu\u00e9s de que el Comit\u00e9 de Instrucci\u00f3n ruso incorporara un proceso penal contra \u00e9l y otros tres militares ucranianos.<br \/>\nRusia, sobre cuyo presidente, Vladimir Putin, pesa una orden de captura de la Corte Penal Internacional (CPI), que lo considera responsable de cr\u00edmenes de guerra por la deportaci\u00f3n ilegal de ni\u00f1os de Ucrania, tambi\u00e9n puso en busca y captura a pol\u00edticos de pa\u00edses de la Uni\u00f3n Europea.<br \/>\nEl pasado 13 de febrero, Rusia anunci\u00f3 esa medida contra la primera ministra de Estonia, Kaja Kallas, as\u00ed como contra varios funcionarios y diputados de Letonia y Lituania.<br \/>\nSeg\u00fan las autoridades rusas, la orden de b\u00fasqueda y captura contra la jefa del Gobierno estonio y otros pol\u00edticos b\u00e1lticos, fue adoptada por la destrucci\u00f3n y da\u00f1os causados a los monumentos de soldados sovi\u00e9ticos en Estonia.<br \/>\nEn las \u00faltimas horas, las fuerzas de defensa antia\u00e9rea ucraniana derribaron 13 drones iran\u00edes Shahed lanzados por Rusia, inform\u00f3 ayer el comandante de la Fuerza A\u00e9rea de Ucrania, el teniente general Mikola Oleshchuk.<br \/>\n\u201cEl enemigo atac\u00f3 con 13 veh\u00edculos no tripulados de ataque Shahed-131\/136 y cuatro misiles antia\u00e9reos guiados S-300. Todos los lanzamientos se efectuaron desde la regi\u00f3n de Belgorod, en la Federaci\u00f3n Rusa\u201d, precis\u00f3.<br \/>\nComo resultado de las operaciones de combate, las unidades de misiles antia\u00e9reos de la Fuerza A\u00e9rea y los grupos m\u00f3viles de tiro de las Fuerzas de Defensa de Ucrania destruyeron 13 drones de ataque en las regiones de Kharkiv y Dnipropetrovsk, agreg\u00f3. (Infobae\/Efe)<\/p>\n","protected":false},"excerpt":{"rendered":"<p>Rusia declar\u00f3 ayer la b\u00fasqueda y captura del presidente de Ucrania, Volodimir Zelensky. El mandatario ucraniano fue incluido en la lista del Ministerio del Interior de Rusia, inform\u00f3 la agencia oficial rusa TASS. Zelensky, se\u00f1al\u00f3 la cartera, es buscado en relaci\u00f3n con un delito contemplado en el C\u00f3digo Penal de Rusia, sin ofrecer m\u00e1s detalles. [&hellip;]<\/p>\n","protected":false},"author":1,"featured_media":218598,"comment_status":"open","ping_status":"open","sticky":false,"template":"","format":"standard","meta":{"_acf_changed":false,"footnotes":""},"categories":[3],"tags":[],"class_list":["post-218597","post","type-post","status-publish","format-standard","has-post-thumbnail","category-internacional"],"acf":{"antetitulo":"Nueva amenaza de Putin"},"yoast_head":"<!-- This site is optimized with the Yoast SEO plugin v28.4 - https:\/\/yoast.com\/product\/yoast-seo-wordpress\/ -->\n<title>Rusia emite orden de captura para presidente de Ucrania - El Diario - Bolivia<\/title>\n<meta name=\"robots\" content=\"index, follow, max-snippet:-1, max-image-preview:large, max-video-preview:-1\" \/>\n<link rel=\"canonical\" href=\"https:\/\/www.eldiario.net\/portal\/2024\/05\/05\/rusia-emite-orden-de-captura-para-presidente-de-ucrania\/\" \/>\n<meta property=\"og:locale\" content=\"es_ES\" \/>\n<meta property=\"og:type\" content=\"article\" \/>\n<meta property=\"og:title\" content=\"Rusia emite orden de captura para presidente de Ucrania - El Diario - Bolivia\" \/>\n<meta property=\"og:description\" content=\"Rusia declar\u00f3 ayer la b\u00fasqueda y captura del presidente de Ucrania, Volodimir Zelensky. El mandatario ucraniano fue incluido en la lista del Ministerio del Interior de Rusia, inform\u00f3 la agencia oficial rusa TASS. Zelensky, se\u00f1al\u00f3 la cartera, es buscado en relaci\u00f3n con un delito contemplado en el C\u00f3digo Penal de Rusia, sin ofrecer m\u00e1s detalles. [&hellip;]\" \/>\n<meta property=\"og:url\" content=\"https:\/\/www.eldiario.net\/portal\/2024\/05\/05\/rusia-emite-orden-de-captura-para-presidente-de-ucrania\/\" \/>\n<meta property=\"og:site_name\" content=\"El Diario - Bolivia\" \/>\n<meta property=\"article:publisher\" content=\"https:\/\/www.facebook.com\/eldiario.bolivia\/\" \/>\n<meta property=\"article:published_time\" content=\"2024-05-05T11:00:12+00:00\" \/>\n<meta property=\"og:image\" content=\"https:\/\/www.eldiario.net\/portal\/wp-content\/uploads\/2024\/05\/AMBOS.jpg\" \/>\n\t<meta property=\"og:image:width\" content=\"768\" \/>\n\t<meta property=\"og:image:height\" content=\"432\" \/>\n\t<meta property=\"og:image:type\" content=\"image\/jpeg\" \/>\n<meta name=\"author\" content=\"Jeanette\" \/>\n<meta name=\"twitter:card\" content=\"summary_large_image\" \/>\n<meta name=\"twitter:creator\" content=\"@eldiario_net\" \/>\n<meta name=\"twitter:site\" content=\"@eldiario_net\" \/>\n<meta name=\"twitter:label1\" content=\"Escrito por\" \/>\n\t<meta name=\"twitter:data1\" content=\"Jeanette\" \/>\n\t<meta name=\"twitter:label2\" content=\"Tiempo de lectura\" \/>\n\t<meta name=\"twitter:data2\" content=\"2 minutos\" \/>\n<script type=\"application\/ld+json\" class=\"yoast-schema-graph\">{\"@context\":\"https:\\\/\\\/schema.org\",\"@graph\":[{\"@type\":\"Article\",\"@id\":\"https:\\\/\\\/www.eldiario.net\\\/portal\\\/2024\\\/05\\\/05\\\/rusia-emite-orden-de-captura-para-presidente-de-ucrania\\\/#article\",\"isPartOf\":{\"@id\":\"https:\\\/\\\/www.eldiario.net\\\/portal\\\/2024\\\/05\\\/05\\\/rusia-emite-orden-de-captura-para-presidente-de-ucrania\\\/\"},\"author\":{\"name\":\"Jeanette\",\"@id\":\"https:\\\/\\\/www.eldiario.net\\\/portal\\\/#\\\/schema\\\/person\\\/f46445640444750d7d753ccd04ae01b7\"},\"headline\":\"Rusia emite orden de captura para presidente de Ucrania\",\"datePublished\":\"2024-05-05T11:00:12+00:00\",\"mainEntityOfPage\":{\"@id\":\"https:\\\/\\\/www.eldiario.net\\\/portal\\\/2024\\\/05\\\/05\\\/rusia-emite-orden-de-captura-para-presidente-de-ucrania\\\/\"},\"wordCount\":371,\"commentCount\":0,\"publisher\":{\"@id\":\"https:\\\/\\\/www.eldiario.net\\\/portal\\\/#organization\"},\"image\":{\"@id\":\"https:\\\/\\\/www.eldiario.net\\\/portal\\\/2024\\\/05\\\/05\\\/rusia-emite-orden-de-captura-para-presidente-de-ucrania\\\/#primaryimage\"},\"thumbnailUrl\":\"https:\\\/\\\/www.eldiario.net\\\/portal\\\/wp-content\\\/uploads\\\/2024\\\/05\\\/AMBOS.jpg\",\"articleSection\":[\"Internacional\"],\"inLanguage\":\"es\",\"potentialAction\":[{\"@type\":\"CommentAction\",\"name\":\"Comment\",\"target\":[\"https:\\\/\\\/www.eldiario.net\\\/portal\\\/2024\\\/05\\\/05\\\/rusia-emite-orden-de-captura-para-presidente-de-ucrania\\\/#respond\"]}]},{\"@type\":\"WebPage\",\"@id\":\"https:\\\/\\\/www.eldiario.net\\\/portal\\\/2024\\\/05\\\/05\\\/rusia-emite-orden-de-captura-para-presidente-de-ucrania\\\/\",\"url\":\"https:\\\/\\\/www.eldiario.net\\\/portal\\\/2024\\\/05\\\/05\\\/rusia-emite-orden-de-captura-para-presidente-de-ucrania\\\/\",\"name\":\"Rusia emite orden de captura para presidente de Ucrania - El Diario - Bolivia\",\"isPartOf\":{\"@id\":\"https:\\\/\\\/www.eldiario.net\\\/portal\\\/#website\"},\"primaryImageOfPage\":{\"@id\":\"https:\\\/\\\/www.eldiario.net\\\/portal\\\/2024\\\/05\\\/05\\\/rusia-emite-orden-de-captura-para-presidente-de-ucrania\\\/#primaryimage\"},\"image\":{\"@id\":\"https:\\\/\\\/www.eldiario.net\\\/portal\\\/2024\\\/05\\\/05\\\/rusia-emite-orden-de-captura-para-presidente-de-ucrania\\\/#primaryimage\"},\"thumbnailUrl\":\"https:\\\/\\\/www.eldiario.net\\\/portal\\\/wp-content\\\/uploads\\\/2024\\\/05\\\/AMBOS.jpg\",\"datePublished\":\"2024-05-05T11:00:12+00:00\",\"breadcrumb\":{\"@id\":\"https:\\\/\\\/www.eldiario.net\\\/portal\\\/2024\\\/05\\\/05\\\/rusia-emite-orden-de-captura-para-presidente-de-ucrania\\\/#breadcrumb\"},\"inLanguage\":\"es\",\"potentialAction\":[{\"@type\":\"ReadAction\",\"target\":[\"https:\\\/\\\/www.eldiario.net\\\/portal\\\/2024\\\/05\\\/05\\\/rusia-emite-orden-de-captura-para-presidente-de-ucrania\\\/\"]}]},{\"@type\":\"ImageObject\",\"inLanguage\":\"es\",\"@id\":\"https:\\\/\\\/www.eldiario.net\\\/portal\\\/2024\\\/05\\\/05\\\/rusia-emite-orden-de-captura-para-presidente-de-ucrania\\\/#primaryimage\",\"url\":\"https:\\\/\\\/www.eldiario.net\\\/portal\\\/wp-content\\\/uploads\\\/2024\\\/05\\\/AMBOS.jpg\",\"contentUrl\":\"https:\\\/\\\/www.eldiario.net\\\/portal\\\/wp-content\\\/uploads\\\/2024\\\/05\\\/AMBOS.jpg\",\"width\":768,\"height\":432,\"caption\":\"NO SE OFRECI\u00d3 DETALLES DEL DELITO CONTEMPLADO EN EL C\u00d3DIGO PENAL. Infobae\"},{\"@type\":\"BreadcrumbList\",\"@id\":\"https:\\\/\\\/www.eldiario.net\\\/portal\\\/2024\\\/05\\\/05\\\/rusia-emite-orden-de-captura-para-presidente-de-ucrania\\\/#breadcrumb\",\"itemListElement\":[{\"@type\":\"ListItem\",\"position\":1,\"name\":\"Portada\",\"item\":\"https:\\\/\\\/www.eldiario.net\\\/portal\\\/\"},{\"@type\":\"ListItem\",\"position\":2,\"name\":\"Rusia emite orden de captura para presidente de Ucrania\"}]},{\"@type\":\"WebSite\",\"@id\":\"https:\\\/\\\/www.eldiario.net\\\/portal\\\/#website\",\"url\":\"https:\\\/\\\/www.eldiario.net\\\/portal\\\/\",\"name\":\"El Diario - Decano de la prensa nacional\",\"description\":\"El Diario - Decano de la prensa nacional\",\"publisher\":{\"@id\":\"https:\\\/\\\/www.eldiario.net\\\/portal\\\/#organization\"},\"potentialAction\":[{\"@type\":\"SearchAction\",\"target\":{\"@type\":\"EntryPoint\",\"urlTemplate\":\"https:\\\/\\\/www.eldiario.net\\\/portal\\\/?s={search_term_string}\"},\"query-input\":{\"@type\":\"PropertyValueSpecification\",\"valueRequired\":true,\"valueName\":\"search_term_string\"}}],\"inLanguage\":\"es\"},{\"@type\":\"Organization\",\"@id\":\"https:\\\/\\\/www.eldiario.net\\\/portal\\\/#organization\",\"name\":\"El Diario - Decano de la prensa nacional\",\"url\":\"https:\\\/\\\/www.eldiario.net\\\/portal\\\/\",\"logo\":{\"@type\":\"ImageObject\",\"inLanguage\":\"es\",\"@id\":\"https:\\\/\\\/www.eldiario.net\\\/portal\\\/#\\\/schema\\\/logo\\\/image\\\/\",\"url\":\"https:\\\/\\\/www.eldiario.net\\\/portal\\\/wp-content\\\/uploads\\\/2023\\\/07\\\/logo_ED.jpg\",\"contentUrl\":\"https:\\\/\\\/www.eldiario.net\\\/portal\\\/wp-content\\\/uploads\\\/2023\\\/07\\\/logo_ED.jpg\",\"width\":272,\"height\":52,\"caption\":\"El Diario - Decano de la prensa nacional\"},\"image\":{\"@id\":\"https:\\\/\\\/www.eldiario.net\\\/portal\\\/#\\\/schema\\\/logo\\\/image\\\/\"},\"sameAs\":[\"https:\\\/\\\/www.facebook.com\\\/eldiario.bolivia\\\/\",\"https:\\\/\\\/x.com\\\/eldiario_net\"]},{\"@type\":\"Person\",\"@id\":\"https:\\\/\\\/www.eldiario.net\\\/portal\\\/#\\\/schema\\\/person\\\/f46445640444750d7d753ccd04ae01b7\",\"name\":\"Jeanette\",\"image\":{\"@type\":\"ImageObject\",\"inLanguage\":\"es\",\"@id\":\"https:\\\/\\\/secure.gravatar.com\\\/avatar\\\/3ea2118a5f7dad2b7138b1187a6b7ee55f160b9968b66013c3a3ef39dd7e5798?s=96&d=mm&r=g\",\"url\":\"https:\\\/\\\/secure.gravatar.com\\\/avatar\\\/3ea2118a5f7dad2b7138b1187a6b7ee55f160b9968b66013c3a3ef39dd7e5798?s=96&d=mm&r=g\",\"contentUrl\":\"https:\\\/\\\/secure.gravatar.com\\\/avatar\\\/3ea2118a5f7dad2b7138b1187a6b7ee55f160b9968b66013c3a3ef39dd7e5798?s=96&d=mm&r=g\",\"caption\":\"Jeanette\"},\"sameAs\":[\"https:\\\/\\\/www.eldiario.net\\\/portal\"],\"url\":\"https:\\\/\\\/www.eldiario.net\\\/portal\\\/author\\\/jeanette\\\/\"}]}<\/script>\n<!-- \/ Yoast SEO plugin. -->","yoast_head_json":{"title":"Rusia emite orden de captura para presidente de Ucrania - El Diario - Bolivia","robots":{"index":"index","follow":"follow","max-snippet":"max-snippet:-1","max-image-preview":"max-image-preview:large","max-video-preview":"max-video-preview:-1"},"canonical":"https:\/\/www.eldiario.net\/portal\/2024\/05\/05\/rusia-emite-orden-de-captura-para-presidente-de-ucrania\/","og_locale":"es_ES","og_type":"article","og_title":"Rusia emite orden de captura para presidente de Ucrania - El Diario - Bolivia","og_description":"Rusia declar\u00f3 ayer la b\u00fasqueda y captura del presidente de Ucrania, Volodimir Zelensky. El mandatario ucraniano fue incluido en la lista del Ministerio del Interior de Rusia, inform\u00f3 la agencia oficial rusa TASS. Zelensky, se\u00f1al\u00f3 la cartera, es buscado en relaci\u00f3n con un delito contemplado en el C\u00f3digo Penal de Rusia, sin ofrecer m\u00e1s detalles. [&hellip;]","og_url":"https:\/\/www.eldiario.net\/portal\/2024\/05\/05\/rusia-emite-orden-de-captura-para-presidente-de-ucrania\/","og_site_name":"El Diario - Bolivia","article_publisher":"https:\/\/www.facebook.com\/eldiario.bolivia\/","article_published_time":"2024-05-05T11:00:12+00:00","og_image":[{"width":768,"height":432,"url":"https:\/\/www.eldiario.net\/portal\/wp-content\/uploads\/2024\/05\/AMBOS.jpg","type":"image\/jpeg"}],"author":"Jeanette","twitter_card":"summary_large_image","twitter_creator":"@eldiario_net","twitter_site":"@eldiario_net","twitter_misc":{"Escrito por":"Jeanette","Tiempo de lectura":"2 minutos"},"schema":{"@context":"https:\/\/schema.org","@graph":[{"@type":"Article","@id":"https:\/\/www.eldiario.net\/portal\/2024\/05\/05\/rusia-emite-orden-de-captura-para-presidente-de-ucrania\/#article","isPartOf":{"@id":"https:\/\/www.eldiario.net\/portal\/2024\/05\/05\/rusia-emite-orden-de-captura-para-presidente-de-ucrania\/"},"author":{"name":"Jeanette","@id":"https:\/\/www.eldiario.net\/portal\/#\/schema\/person\/f46445640444750d7d753ccd04ae01b7"},"headline":"Rusia emite orden de captura para presidente de Ucrania","datePublished":"2024-05-05T11:00:12+00:00","mainEntityOfPage":{"@id":"https:\/\/www.eldiario.net\/portal\/2024\/05\/05\/rusia-emite-orden-de-captura-para-presidente-de-ucrania\/"},"wordCount":371,"commentCount":0,"publisher":{"@id":"https:\/\/www.eldiario.net\/portal\/#organization"},"image":{"@id":"https:\/\/www.eldiario.net\/portal\/2024\/05\/05\/rusia-emite-orden-de-captura-para-presidente-de-ucrania\/#primaryimage"},"thumbnailUrl":"https:\/\/www.eldiario.net\/portal\/wp-content\/uploads\/2024\/05\/AMBOS.jpg","articleSection":["Internacional"],"inLanguage":"es","potentialAction":[{"@type":"CommentAction","name":"Comment","target":["https:\/\/www.eldiario.net\/portal\/2024\/05\/05\/rusia-emite-orden-de-captura-para-presidente-de-ucrania\/#respond"]}]},{"@type":"WebPage","@id":"https:\/\/www.eldiario.net\/portal\/2024\/05\/05\/rusia-emite-orden-de-captura-para-presidente-de-ucrania\/","url":"https:\/\/www.eldiario.net\/portal\/2024\/05\/05\/rusia-emite-orden-de-captura-para-presidente-de-ucrania\/","name":"Rusia emite orden de captura para presidente de Ucrania - El Diario - Bolivia","isPartOf":{"@id":"https:\/\/www.eldiario.net\/portal\/#website"},"primaryImageOfPage":{"@id":"https:\/\/www.eldiario.net\/portal\/2024\/05\/05\/rusia-emite-orden-de-captura-para-presidente-de-ucrania\/#primaryimage"},"image":{"@id":"https:\/\/www.eldiario.net\/portal\/2024\/05\/05\/rusia-emite-orden-de-captura-para-presidente-de-ucrania\/#primaryimage"},"thumbnailUrl":"https:\/\/www.eldiario.net\/portal\/wp-content\/uploads\/2024\/05\/AMBOS.jpg","datePublished":"2024-05-05T11:00:12+00:00","breadcrumb":{"@id":"https:\/\/www.eldiario.net\/portal\/2024\/05\/05\/rusia-emite-orden-de-captura-para-presidente-de-ucrania\/#breadcrumb"},"inLanguage":"es","potentialAction":[{"@type":"ReadAction","target":["https:\/\/www.eldiario.net\/portal\/2024\/05\/05\/rusia-emite-orden-de-captura-para-presidente-de-ucrania\/"]}]},{"@type":"ImageObject","inLanguage":"es","@id":"https:\/\/www.eldiario.net\/portal\/2024\/05\/05\/rusia-emite-orden-de-captura-para-presidente-de-ucrania\/#primaryimage","url":"https:\/\/www.eldiario.net\/portal\/wp-content\/uploads\/2024\/05\/AMBOS.jpg","contentUrl":"https:\/\/www.eldiario.net\/portal\/wp-content\/uploads\/2024\/05\/AMBOS.jpg","width":768,"height":432,"caption":"NO SE OFRECI\u00d3 DETALLES DEL DELITO CONTEMPLADO EN EL C\u00d3DIGO PENAL. Infobae"},{"@type":"BreadcrumbList","@id":"https:\/\/www.eldiario.net\/portal\/2024\/05\/05\/rusia-emite-orden-de-captura-para-presidente-de-ucrania\/#breadcrumb","itemListElement":[{"@type":"ListItem","position":1,"name":"Portada","item":"https:\/\/www.eldiario.net\/portal\/"},{"@type":"ListItem","position":2,"name":"Rusia emite orden de captura para presidente de Ucrania"}]},{"@type":"WebSite","@id":"https:\/\/www.eldiario.net\/portal\/#website","url":"https:\/\/www.eldiario.net\/portal\/","name":"El Diario - Decano de la prensa nacional","description":"El Diario - Decano de la prensa nacional","publisher":{"@id":"https:\/\/www.eldiario.net\/portal\/#organization"},"potentialAction":[{"@type":"SearchAction","target":{"@type":"EntryPoint","urlTemplate":"https:\/\/www.eldiario.net\/portal\/?s={search_term_string}"},"query-input":{"@type":"PropertyValueSpecification","valueRequired":true,"valueName":"search_term_string"}}],"inLanguage":"es"},{"@type":"Organization","@id":"https:\/\/www.eldiario.net\/portal\/#organization","name":"El Diario - Decano de la prensa nacional","url":"https:\/\/www.eldiario.net\/portal\/","logo":{"@type":"ImageObject","inLanguage":"es","@id":"https:\/\/www.eldiario.net\/portal\/#\/schema\/logo\/image\/","url":"https:\/\/www.eldiario.net\/portal\/wp-content\/uploads\/2023\/07\/logo_ED.jpg","contentUrl":"https:\/\/www.eldiario.net\/portal\/wp-content\/uploads\/2023\/07\/logo_ED.jpg","width":272,"height":52,"caption":"El Diario - Decano de la prensa nacional"},"image":{"@id":"https:\/\/www.eldiario.net\/portal\/#\/schema\/logo\/image\/"},"sameAs":["https:\/\/www.facebook.com\/eldiario.bolivia\/","https:\/\/x.com\/eldiario_net"]},{"@type":"Person","@id":"https:\/\/www.eldiario.net\/portal\/#\/schema\/person\/f46445640444750d7d753ccd04ae01b7","name":"Jeanette","image":{"@type":"ImageObject","inLanguage":"es","@id":"https:\/\/secure.gravatar.com\/avatar\/3ea2118a5f7dad2b7138b1187a6b7ee55f160b9968b66013c3a3ef39dd7e5798?s=96&d=mm&r=g","url":"https:\/\/secure.gravatar.com\/avatar\/3ea2118a5f7dad2b7138b1187a6b7ee55f160b9968b66013c3a3ef39dd7e5798?s=96&d=mm&r=g","contentUrl":"https:\/\/secure.gravatar.com\/avatar\/3ea2118a5f7dad2b7138b1187a6b7ee55f160b9968b66013c3a3ef39dd7e5798?s=96&d=mm&r=g","caption":"Jeanette"},"sameAs":["https:\/\/www.eldiario.net\/portal"],"url":"https:\/\/www.eldiario.net\/portal\/author\/jeanette\/"}]}},"_links":{"self":[{"href":"https:\/\/www.eldiario.net\/portal\/wp-json\/wp\/v2\/posts\/218597","targetHints":{"allow":["GET"]}}],"collection":[{"href":"https:\/\/www.eldiario.net\/portal\/wp-json\/wp\/v2\/posts"}],"about":[{"href":"https:\/\/www.eldiario.net\/portal\/wp-json\/wp\/v2\/types\/post"}],"author":[{"embeddable":true,"href":"https:\/\/www.eldiario.net\/portal\/wp-json\/wp\/v2\/users\/1"}],"replies":[{"embeddable":true,"href":"https:\/\/www.eldiario.net\/portal\/wp-json\/wp\/v2\/comments?post=218597"}],"version-history":[{"count":1,"href":"https:\/\/www.eldiario.net\/portal\/wp-json\/wp\/v2\/posts\/218597\/revisions"}],"predecessor-version":[{"id":218599,"href":"https:\/\/www.eldiario.net\/portal\/wp-json\/wp\/v2\/posts\/218597\/revisions\/218599"}],"wp:featuredmedia":[{"embeddable":true,"href":"https:\/\/www.eldiario.net\/portal\/wp-json\/wp\/v2\/media\/218598"}],"wp:attachment":[{"href":"https:\/\/www.eldiario.net\/portal\/wp-json\/wp\/v2\/media?parent=218597"}],"wp:term":[{"taxonomy":"category","embeddable":true,"href":"https:\/\/www.eldiario.net\/portal\/wp-json\/wp\/v2\/categories?post=218597"},{"taxonomy":"post_tag","embeddable":true,"href":"https:\/\/www.eldiario.net\/portal\/wp-json\/wp\/v2\/tags?post=218597"}],"curies":[{"name":"wp","href":"https:\/\/api.w.org\/{rel}","templated":true}]}}