{"id":218594,"date":"2024-05-05T06:59:29","date_gmt":"2024-05-05T10:59:29","guid":{"rendered":"https:\/\/www.eldiario.net\/portal\/?p=218594"},"modified":"2024-05-05T06:59:29","modified_gmt":"2024-05-05T10:59:29","slug":"borrell-asegura-que-putin-es-una-amenaza-existencial","status":"publish","type":"post","link":"https:\/\/www.eldiario.net\/portal\/2024\/05\/05\/borrell-asegura-que-putin-es-una-amenaza-existencial\/","title":{"rendered":"Borrell asegura que Putin  es una amenaza existencial"},"content":{"rendered":"<p>El alto representante de la Uni\u00f3n Europea para Asuntos Exteriores y Pol\u00edtica de Seguridad, Josep Borrell, asegur\u00f3 que el presidente ruso, Vladimir Putin, representa \u201cuna amenaza existencial\u201d y que la mayor parte del Consejo Europeo considera que Rusia es ahora mismo la principal amenaza a la que se enfrenta Europa.<br \/>\n\u201cHoy, Putin es una amenaza existencial para todos nosotros\u201d, indic\u00f3 Borrell durante un discurso en la Universidad de Oxford, en Reino Unido. \u00abSi Putin tiene \u00e9xito en Ucrania, no se detendr\u00e1 all\u00ed\u00bb, a\u00f1adi\u00f3 Borrell antes de alertar sobre la perspectiva de tener en Kiev un gobierno t\u00edtere como el de Bielorrusia, con las tropas rusas en la frontera polaca, y Rusia controlando el 44% del mercado mundial de cereales.<br \/>\n\u00abEs algo de lo que los europeos deber\u00edan ser conscientes\u00bb, se\u00f1al\u00f3 el m\u00e1ximo diplom\u00e1tico europeo antes de hablar sobre Rusia como \u00abla mayor amenaza existencial para Europa\u00bb, una valoraci\u00f3n que comparte \u00abla mayor\u00eda del Consejo Europeo\u00bb, quienes tambi\u00e9n se\u00f1alan prevenir esta situaci\u00f3n.<br \/>\nBorrell reconoci\u00f3 no obstante que Rusia sigue contando con aliados en el seno del consejo de l\u00edderes de la UE. \u00abNo son muchos, pero hay algunos\u00bb, admiti\u00f3 el diplom\u00e1tico. \u00abEn una Uni\u00f3n gobernada por la unanimidad, nuestras pol\u00edticas hacia Rusia siempre est\u00e1n amenazadas por un \u00fanico veto -uno es suficiente-, como lo demostr\u00f3 el primer ministro de Hungr\u00eda, Viktor Orb\u00e1n al retrasar nuestro \u00faltimo paquete de asistencia a Ucrania\u00bb, a\u00f1adi\u00f3.<br \/>\nDe vuelta al presidente ruso, Borrrell, estim\u00f3 que \u201cPutin ve a todo Occidente como un adversario y sus fuerzas act\u00faan en consecuencia a trav\u00e9s de la desinformaci\u00f3n y una importante f\u00e1brica de mentiras que Mosc\u00fa emplea para interferir en nuestros procesos democr\u00e1ticos, como ya lo hicieron y lo har\u00e1n -estoy seguro- en las pr\u00f3ximas elecciones europeas\u201d.<br \/>\n\u00abLa existencia ucraniana depende de nosotros\u00bb, a\u00f1adi\u00f3 Borrell, quien insisti\u00f3 en la necesidad de seguir proporcionando material b\u00e9lico a Ucrania. \u00abPodr\u00eda acabar con la guerra en Ucrania en un par de semanas, simplemente cortando el suministro. Ucrania no podr\u00e1 resistir, tendr\u00e1 que rendirse y la guerra terminar\u00e1\u00bb, estim\u00f3 el diplom\u00e1tico.<br \/>\n\u00abNo quiero esa f\u00f3rmula, y espero que muchos europeos tampoco la quieran\u00bb, manifest\u00f3. \u00abAl contrario, haremos todo lo que podamos para proporcionar a los ucranianos apoyo militar y pol\u00edtico\u00bb, finaliz\u00f3. (Europa Press)<\/p>\n","protected":false},"excerpt":{"rendered":"<p>El alto representante de la Uni\u00f3n Europea para Asuntos Exteriores y Pol\u00edtica de Seguridad, Josep Borrell, asegur\u00f3 que el presidente ruso, Vladimir Putin, representa \u201cuna amenaza existencial\u201d y que la mayor parte del Consejo Europeo considera que Rusia es ahora mismo la principal amenaza a la que se enfrenta Europa. \u201cHoy, Putin es una amenaza [&hellip;]<\/p>\n","protected":false},"author":1,"featured_media":218595,"comment_status":"open","ping_status":"open","sticky":false,"template":"","format":"standard","meta":{"_acf_changed":false,"footnotes":""},"categories":[3],"tags":[],"class_list":["post-218594","post","type-post","status-publish","format-standard","has-post-thumbnail","category-internacional"],"acf":{"antetitulo":"\u201cSi tiene \u00e9xito en Ucrania no se detendr\u00e1 ah\u00ed\u201d"},"yoast_head":"<!-- This site is optimized with the Yoast SEO plugin v28.4 - https:\/\/yoast.com\/product\/yoast-seo-wordpress\/ -->\n<title>Borrell asegura que Putin es una amenaza existencial - El Diario - Bolivia<\/title>\n<meta name=\"robots\" content=\"index, follow, max-snippet:-1, max-image-preview:large, max-video-preview:-1\" \/>\n<link rel=\"canonical\" href=\"https:\/\/www.eldiario.net\/portal\/2024\/05\/05\/borrell-asegura-que-putin-es-una-amenaza-existencial\/\" \/>\n<meta property=\"og:locale\" content=\"es_ES\" \/>\n<meta property=\"og:type\" content=\"article\" \/>\n<meta property=\"og:title\" content=\"Borrell asegura que Putin es una amenaza existencial - El Diario - Bolivia\" \/>\n<meta property=\"og:description\" content=\"El alto representante de la Uni\u00f3n Europea para Asuntos Exteriores y Pol\u00edtica de Seguridad, Josep Borrell, asegur\u00f3 que el presidente ruso, Vladimir Putin, representa \u201cuna amenaza existencial\u201d y que la mayor parte del Consejo Europeo considera que Rusia es ahora mismo la principal amenaza a la que se enfrenta Europa. \u201cHoy, Putin es una amenaza [&hellip;]\" \/>\n<meta property=\"og:url\" content=\"https:\/\/www.eldiario.net\/portal\/2024\/05\/05\/borrell-asegura-que-putin-es-una-amenaza-existencial\/\" \/>\n<meta property=\"og:site_name\" content=\"El Diario - Bolivia\" \/>\n<meta property=\"article:publisher\" content=\"https:\/\/www.facebook.com\/eldiario.bolivia\/\" \/>\n<meta property=\"article:published_time\" content=\"2024-05-05T10:59:29+00:00\" \/>\n<meta property=\"og:image\" content=\"https:\/\/www.eldiario.net\/portal\/wp-content\/uploads\/2024\/05\/BORELL.jpg\" \/>\n\t<meta property=\"og:image:width\" content=\"1920\" \/>\n\t<meta property=\"og:image:height\" content=\"1080\" \/>\n\t<meta property=\"og:image:type\" content=\"image\/jpeg\" \/>\n<meta name=\"author\" content=\"Jeanette\" \/>\n<meta name=\"twitter:card\" content=\"summary_large_image\" \/>\n<meta name=\"twitter:creator\" content=\"@eldiario_net\" \/>\n<meta name=\"twitter:site\" content=\"@eldiario_net\" \/>\n<meta name=\"twitter:label1\" content=\"Escrito por\" \/>\n\t<meta name=\"twitter:data1\" content=\"Jeanette\" \/>\n\t<meta name=\"twitter:label2\" content=\"Tiempo de lectura\" \/>\n\t<meta name=\"twitter:data2\" content=\"2 minutos\" \/>\n<script type=\"application\/ld+json\" class=\"yoast-schema-graph\">{\"@context\":\"https:\\\/\\\/schema.org\",\"@graph\":[{\"@type\":\"Article\",\"@id\":\"https:\\\/\\\/www.eldiario.net\\\/portal\\\/2024\\\/05\\\/05\\\/borrell-asegura-que-putin-es-una-amenaza-existencial\\\/#article\",\"isPartOf\":{\"@id\":\"https:\\\/\\\/www.eldiario.net\\\/portal\\\/2024\\\/05\\\/05\\\/borrell-asegura-que-putin-es-una-amenaza-existencial\\\/\"},\"author\":{\"name\":\"Jeanette\",\"@id\":\"https:\\\/\\\/www.eldiario.net\\\/portal\\\/#\\\/schema\\\/person\\\/f46445640444750d7d753ccd04ae01b7\"},\"headline\":\"Borrell asegura que Putin es una amenaza existencial\",\"datePublished\":\"2024-05-05T10:59:29+00:00\",\"mainEntityOfPage\":{\"@id\":\"https:\\\/\\\/www.eldiario.net\\\/portal\\\/2024\\\/05\\\/05\\\/borrell-asegura-que-putin-es-una-amenaza-existencial\\\/\"},\"wordCount\":410,\"commentCount\":0,\"publisher\":{\"@id\":\"https:\\\/\\\/www.eldiario.net\\\/portal\\\/#organization\"},\"image\":{\"@id\":\"https:\\\/\\\/www.eldiario.net\\\/portal\\\/2024\\\/05\\\/05\\\/borrell-asegura-que-putin-es-una-amenaza-existencial\\\/#primaryimage\"},\"thumbnailUrl\":\"https:\\\/\\\/www.eldiario.net\\\/portal\\\/wp-content\\\/uploads\\\/2024\\\/05\\\/BORELL.jpg\",\"articleSection\":[\"Internacional\"],\"inLanguage\":\"es\",\"potentialAction\":[{\"@type\":\"CommentAction\",\"name\":\"Comment\",\"target\":[\"https:\\\/\\\/www.eldiario.net\\\/portal\\\/2024\\\/05\\\/05\\\/borrell-asegura-que-putin-es-una-amenaza-existencial\\\/#respond\"]}]},{\"@type\":\"WebPage\",\"@id\":\"https:\\\/\\\/www.eldiario.net\\\/portal\\\/2024\\\/05\\\/05\\\/borrell-asegura-que-putin-es-una-amenaza-existencial\\\/\",\"url\":\"https:\\\/\\\/www.eldiario.net\\\/portal\\\/2024\\\/05\\\/05\\\/borrell-asegura-que-putin-es-una-amenaza-existencial\\\/\",\"name\":\"Borrell asegura que Putin es una amenaza existencial - El Diario - Bolivia\",\"isPartOf\":{\"@id\":\"https:\\\/\\\/www.eldiario.net\\\/portal\\\/#website\"},\"primaryImageOfPage\":{\"@id\":\"https:\\\/\\\/www.eldiario.net\\\/portal\\\/2024\\\/05\\\/05\\\/borrell-asegura-que-putin-es-una-amenaza-existencial\\\/#primaryimage\"},\"image\":{\"@id\":\"https:\\\/\\\/www.eldiario.net\\\/portal\\\/2024\\\/05\\\/05\\\/borrell-asegura-que-putin-es-una-amenaza-existencial\\\/#primaryimage\"},\"thumbnailUrl\":\"https:\\\/\\\/www.eldiario.net\\\/portal\\\/wp-content\\\/uploads\\\/2024\\\/05\\\/BORELL.jpg\",\"datePublished\":\"2024-05-05T10:59:29+00:00\",\"breadcrumb\":{\"@id\":\"https:\\\/\\\/www.eldiario.net\\\/portal\\\/2024\\\/05\\\/05\\\/borrell-asegura-que-putin-es-una-amenaza-existencial\\\/#breadcrumb\"},\"inLanguage\":\"es\",\"potentialAction\":[{\"@type\":\"ReadAction\",\"target\":[\"https:\\\/\\\/www.eldiario.net\\\/portal\\\/2024\\\/05\\\/05\\\/borrell-asegura-que-putin-es-una-amenaza-existencial\\\/\"]}]},{\"@type\":\"ImageObject\",\"inLanguage\":\"es\",\"@id\":\"https:\\\/\\\/www.eldiario.net\\\/portal\\\/2024\\\/05\\\/05\\\/borrell-asegura-que-putin-es-una-amenaza-existencial\\\/#primaryimage\",\"url\":\"https:\\\/\\\/www.eldiario.net\\\/portal\\\/wp-content\\\/uploads\\\/2024\\\/05\\\/BORELL.jpg\",\"contentUrl\":\"https:\\\/\\\/www.eldiario.net\\\/portal\\\/wp-content\\\/uploads\\\/2024\\\/05\\\/BORELL.jpg\",\"width\":1920,\"height\":1080,\"caption\":\"JOSEP BORRELL ASEGURA QUE RUSIA TODAV\u00cdA CUENTA CON ALIADOS EN LA UE. 20minutos\"},{\"@type\":\"BreadcrumbList\",\"@id\":\"https:\\\/\\\/www.eldiario.net\\\/portal\\\/2024\\\/05\\\/05\\\/borrell-asegura-que-putin-es-una-amenaza-existencial\\\/#breadcrumb\",\"itemListElement\":[{\"@type\":\"ListItem\",\"position\":1,\"name\":\"Portada\",\"item\":\"https:\\\/\\\/www.eldiario.net\\\/portal\\\/\"},{\"@type\":\"ListItem\",\"position\":2,\"name\":\"Borrell asegura que Putin es una amenaza existencial\"}]},{\"@type\":\"WebSite\",\"@id\":\"https:\\\/\\\/www.eldiario.net\\\/portal\\\/#website\",\"url\":\"https:\\\/\\\/www.eldiario.net\\\/portal\\\/\",\"name\":\"El Diario - Decano de la prensa nacional\",\"description\":\"El Diario - Decano de la prensa nacional\",\"publisher\":{\"@id\":\"https:\\\/\\\/www.eldiario.net\\\/portal\\\/#organization\"},\"potentialAction\":[{\"@type\":\"SearchAction\",\"target\":{\"@type\":\"EntryPoint\",\"urlTemplate\":\"https:\\\/\\\/www.eldiario.net\\\/portal\\\/?s={search_term_string}\"},\"query-input\":{\"@type\":\"PropertyValueSpecification\",\"valueRequired\":true,\"valueName\":\"search_term_string\"}}],\"inLanguage\":\"es\"},{\"@type\":\"Organization\",\"@id\":\"https:\\\/\\\/www.eldiario.net\\\/portal\\\/#organization\",\"name\":\"El Diario - Decano de la prensa nacional\",\"url\":\"https:\\\/\\\/www.eldiario.net\\\/portal\\\/\",\"logo\":{\"@type\":\"ImageObject\",\"inLanguage\":\"es\",\"@id\":\"https:\\\/\\\/www.eldiario.net\\\/portal\\\/#\\\/schema\\\/logo\\\/image\\\/\",\"url\":\"https:\\\/\\\/www.eldiario.net\\\/portal\\\/wp-content\\\/uploads\\\/2023\\\/07\\\/logo_ED.jpg\",\"contentUrl\":\"https:\\\/\\\/www.eldiario.net\\\/portal\\\/wp-content\\\/uploads\\\/2023\\\/07\\\/logo_ED.jpg\",\"width\":272,\"height\":52,\"caption\":\"El Diario - Decano de la prensa nacional\"},\"image\":{\"@id\":\"https:\\\/\\\/www.eldiario.net\\\/portal\\\/#\\\/schema\\\/logo\\\/image\\\/\"},\"sameAs\":[\"https:\\\/\\\/www.facebook.com\\\/eldiario.bolivia\\\/\",\"https:\\\/\\\/x.com\\\/eldiario_net\"]},{\"@type\":\"Person\",\"@id\":\"https:\\\/\\\/www.eldiario.net\\\/portal\\\/#\\\/schema\\\/person\\\/f46445640444750d7d753ccd04ae01b7\",\"name\":\"Jeanette\",\"image\":{\"@type\":\"ImageObject\",\"inLanguage\":\"es\",\"@id\":\"https:\\\/\\\/secure.gravatar.com\\\/avatar\\\/3ea2118a5f7dad2b7138b1187a6b7ee55f160b9968b66013c3a3ef39dd7e5798?s=96&d=mm&r=g\",\"url\":\"https:\\\/\\\/secure.gravatar.com\\\/avatar\\\/3ea2118a5f7dad2b7138b1187a6b7ee55f160b9968b66013c3a3ef39dd7e5798?s=96&d=mm&r=g\",\"contentUrl\":\"https:\\\/\\\/secure.gravatar.com\\\/avatar\\\/3ea2118a5f7dad2b7138b1187a6b7ee55f160b9968b66013c3a3ef39dd7e5798?s=96&d=mm&r=g\",\"caption\":\"Jeanette\"},\"sameAs\":[\"https:\\\/\\\/www.eldiario.net\\\/portal\"],\"url\":\"https:\\\/\\\/www.eldiario.net\\\/portal\\\/author\\\/jeanette\\\/\"}]}<\/script>\n<!-- \/ Yoast SEO plugin. -->","yoast_head_json":{"title":"Borrell asegura que Putin es una amenaza existencial - El Diario - Bolivia","robots":{"index":"index","follow":"follow","max-snippet":"max-snippet:-1","max-image-preview":"max-image-preview:large","max-video-preview":"max-video-preview:-1"},"canonical":"https:\/\/www.eldiario.net\/portal\/2024\/05\/05\/borrell-asegura-que-putin-es-una-amenaza-existencial\/","og_locale":"es_ES","og_type":"article","og_title":"Borrell asegura que Putin es una amenaza existencial - El Diario - Bolivia","og_description":"El alto representante de la Uni\u00f3n Europea para Asuntos Exteriores y Pol\u00edtica de Seguridad, Josep Borrell, asegur\u00f3 que el presidente ruso, Vladimir Putin, representa \u201cuna amenaza existencial\u201d y que la mayor parte del Consejo Europeo considera que Rusia es ahora mismo la principal amenaza a la que se enfrenta Europa. \u201cHoy, Putin es una amenaza [&hellip;]","og_url":"https:\/\/www.eldiario.net\/portal\/2024\/05\/05\/borrell-asegura-que-putin-es-una-amenaza-existencial\/","og_site_name":"El Diario - Bolivia","article_publisher":"https:\/\/www.facebook.com\/eldiario.bolivia\/","article_published_time":"2024-05-05T10:59:29+00:00","og_image":[{"width":1920,"height":1080,"url":"https:\/\/www.eldiario.net\/portal\/wp-content\/uploads\/2024\/05\/BORELL.jpg","type":"image\/jpeg"}],"author":"Jeanette","twitter_card":"summary_large_image","twitter_creator":"@eldiario_net","twitter_site":"@eldiario_net","twitter_misc":{"Escrito por":"Jeanette","Tiempo de lectura":"2 minutos"},"schema":{"@context":"https:\/\/schema.org","@graph":[{"@type":"Article","@id":"https:\/\/www.eldiario.net\/portal\/2024\/05\/05\/borrell-asegura-que-putin-es-una-amenaza-existencial\/#article","isPartOf":{"@id":"https:\/\/www.eldiario.net\/portal\/2024\/05\/05\/borrell-asegura-que-putin-es-una-amenaza-existencial\/"},"author":{"name":"Jeanette","@id":"https:\/\/www.eldiario.net\/portal\/#\/schema\/person\/f46445640444750d7d753ccd04ae01b7"},"headline":"Borrell asegura que Putin es una amenaza existencial","datePublished":"2024-05-05T10:59:29+00:00","mainEntityOfPage":{"@id":"https:\/\/www.eldiario.net\/portal\/2024\/05\/05\/borrell-asegura-que-putin-es-una-amenaza-existencial\/"},"wordCount":410,"commentCount":0,"publisher":{"@id":"https:\/\/www.eldiario.net\/portal\/#organization"},"image":{"@id":"https:\/\/www.eldiario.net\/portal\/2024\/05\/05\/borrell-asegura-que-putin-es-una-amenaza-existencial\/#primaryimage"},"thumbnailUrl":"https:\/\/www.eldiario.net\/portal\/wp-content\/uploads\/2024\/05\/BORELL.jpg","articleSection":["Internacional"],"inLanguage":"es","potentialAction":[{"@type":"CommentAction","name":"Comment","target":["https:\/\/www.eldiario.net\/portal\/2024\/05\/05\/borrell-asegura-que-putin-es-una-amenaza-existencial\/#respond"]}]},{"@type":"WebPage","@id":"https:\/\/www.eldiario.net\/portal\/2024\/05\/05\/borrell-asegura-que-putin-es-una-amenaza-existencial\/","url":"https:\/\/www.eldiario.net\/portal\/2024\/05\/05\/borrell-asegura-que-putin-es-una-amenaza-existencial\/","name":"Borrell asegura que Putin es una amenaza existencial - El Diario - Bolivia","isPartOf":{"@id":"https:\/\/www.eldiario.net\/portal\/#website"},"primaryImageOfPage":{"@id":"https:\/\/www.eldiario.net\/portal\/2024\/05\/05\/borrell-asegura-que-putin-es-una-amenaza-existencial\/#primaryimage"},"image":{"@id":"https:\/\/www.eldiario.net\/portal\/2024\/05\/05\/borrell-asegura-que-putin-es-una-amenaza-existencial\/#primaryimage"},"thumbnailUrl":"https:\/\/www.eldiario.net\/portal\/wp-content\/uploads\/2024\/05\/BORELL.jpg","datePublished":"2024-05-05T10:59:29+00:00","breadcrumb":{"@id":"https:\/\/www.eldiario.net\/portal\/2024\/05\/05\/borrell-asegura-que-putin-es-una-amenaza-existencial\/#breadcrumb"},"inLanguage":"es","potentialAction":[{"@type":"ReadAction","target":["https:\/\/www.eldiario.net\/portal\/2024\/05\/05\/borrell-asegura-que-putin-es-una-amenaza-existencial\/"]}]},{"@type":"ImageObject","inLanguage":"es","@id":"https:\/\/www.eldiario.net\/portal\/2024\/05\/05\/borrell-asegura-que-putin-es-una-amenaza-existencial\/#primaryimage","url":"https:\/\/www.eldiario.net\/portal\/wp-content\/uploads\/2024\/05\/BORELL.jpg","contentUrl":"https:\/\/www.eldiario.net\/portal\/wp-content\/uploads\/2024\/05\/BORELL.jpg","width":1920,"height":1080,"caption":"JOSEP BORRELL ASEGURA QUE RUSIA TODAV\u00cdA CUENTA CON ALIADOS EN LA UE. 20minutos"},{"@type":"BreadcrumbList","@id":"https:\/\/www.eldiario.net\/portal\/2024\/05\/05\/borrell-asegura-que-putin-es-una-amenaza-existencial\/#breadcrumb","itemListElement":[{"@type":"ListItem","position":1,"name":"Portada","item":"https:\/\/www.eldiario.net\/portal\/"},{"@type":"ListItem","position":2,"name":"Borrell asegura que Putin es una amenaza existencial"}]},{"@type":"WebSite","@id":"https:\/\/www.eldiario.net\/portal\/#website","url":"https:\/\/www.eldiario.net\/portal\/","name":"El Diario - Decano de la prensa nacional","description":"El Diario - Decano de la prensa nacional","publisher":{"@id":"https:\/\/www.eldiario.net\/portal\/#organization"},"potentialAction":[{"@type":"SearchAction","target":{"@type":"EntryPoint","urlTemplate":"https:\/\/www.eldiario.net\/portal\/?s={search_term_string}"},"query-input":{"@type":"PropertyValueSpecification","valueRequired":true,"valueName":"search_term_string"}}],"inLanguage":"es"},{"@type":"Organization","@id":"https:\/\/www.eldiario.net\/portal\/#organization","name":"El Diario - Decano de la prensa nacional","url":"https:\/\/www.eldiario.net\/portal\/","logo":{"@type":"ImageObject","inLanguage":"es","@id":"https:\/\/www.eldiario.net\/portal\/#\/schema\/logo\/image\/","url":"https:\/\/www.eldiario.net\/portal\/wp-content\/uploads\/2023\/07\/logo_ED.jpg","contentUrl":"https:\/\/www.eldiario.net\/portal\/wp-content\/uploads\/2023\/07\/logo_ED.jpg","width":272,"height":52,"caption":"El Diario - Decano de la prensa nacional"},"image":{"@id":"https:\/\/www.eldiario.net\/portal\/#\/schema\/logo\/image\/"},"sameAs":["https:\/\/www.facebook.com\/eldiario.bolivia\/","https:\/\/x.com\/eldiario_net"]},{"@type":"Person","@id":"https:\/\/www.eldiario.net\/portal\/#\/schema\/person\/f46445640444750d7d753ccd04ae01b7","name":"Jeanette","image":{"@type":"ImageObject","inLanguage":"es","@id":"https:\/\/secure.gravatar.com\/avatar\/3ea2118a5f7dad2b7138b1187a6b7ee55f160b9968b66013c3a3ef39dd7e5798?s=96&d=mm&r=g","url":"https:\/\/secure.gravatar.com\/avatar\/3ea2118a5f7dad2b7138b1187a6b7ee55f160b9968b66013c3a3ef39dd7e5798?s=96&d=mm&r=g","contentUrl":"https:\/\/secure.gravatar.com\/avatar\/3ea2118a5f7dad2b7138b1187a6b7ee55f160b9968b66013c3a3ef39dd7e5798?s=96&d=mm&r=g","caption":"Jeanette"},"sameAs":["https:\/\/www.eldiario.net\/portal"],"url":"https:\/\/www.eldiario.net\/portal\/author\/jeanette\/"}]}},"_links":{"self":[{"href":"https:\/\/www.eldiario.net\/portal\/wp-json\/wp\/v2\/posts\/218594","targetHints":{"allow":["GET"]}}],"collection":[{"href":"https:\/\/www.eldiario.net\/portal\/wp-json\/wp\/v2\/posts"}],"about":[{"href":"https:\/\/www.eldiario.net\/portal\/wp-json\/wp\/v2\/types\/post"}],"author":[{"embeddable":true,"href":"https:\/\/www.eldiario.net\/portal\/wp-json\/wp\/v2\/users\/1"}],"replies":[{"embeddable":true,"href":"https:\/\/www.eldiario.net\/portal\/wp-json\/wp\/v2\/comments?post=218594"}],"version-history":[{"count":1,"href":"https:\/\/www.eldiario.net\/portal\/wp-json\/wp\/v2\/posts\/218594\/revisions"}],"predecessor-version":[{"id":218596,"href":"https:\/\/www.eldiario.net\/portal\/wp-json\/wp\/v2\/posts\/218594\/revisions\/218596"}],"wp:featuredmedia":[{"embeddable":true,"href":"https:\/\/www.eldiario.net\/portal\/wp-json\/wp\/v2\/media\/218595"}],"wp:attachment":[{"href":"https:\/\/www.eldiario.net\/portal\/wp-json\/wp\/v2\/media?parent=218594"}],"wp:term":[{"taxonomy":"category","embeddable":true,"href":"https:\/\/www.eldiario.net\/portal\/wp-json\/wp\/v2\/categories?post=218594"},{"taxonomy":"post_tag","embeddable":true,"href":"https:\/\/www.eldiario.net\/portal\/wp-json\/wp\/v2\/tags?post=218594"}],"curies":[{"name":"wp","href":"https:\/\/api.w.org\/{rel}","templated":true}]}}