{"id":218591,"date":"2024-05-05T06:57:42","date_gmt":"2024-05-05T10:57:42","guid":{"rendered":"https:\/\/www.eldiario.net\/portal\/?p=218591"},"modified":"2024-05-05T06:57:42","modified_gmt":"2024-05-05T10:57:42","slug":"ven-que-ha-llegado-el-fin-del-ciclo-del-mas","status":"publish","type":"post","link":"https:\/\/www.eldiario.net\/portal\/2024\/05\/05\/ven-que-ha-llegado-el-fin-del-ciclo-del-mas\/","title":{"rendered":"Ven que ha llegado el  fin del ciclo del MAS"},"content":{"rendered":"<p>Ante la pol\u00e9mica, alrededor de la realizaci\u00f3n del Congreso Nacional del Movimiento al Socialismo (MAS), convocado por el \u201carcismo\u201d, y la disposici\u00f3n de la justicia para que el \u00d3rgano Electoral acompa\u00f1e esta actividad, el vocero del Comit\u00e9 Nacional de Defensa de la Democracia (Conade), Manuel Morales, se\u00f1al\u00f3 que el pa\u00eds es testigo del cierre de un ciclo pol\u00edtico, mientras la poblaci\u00f3n espera cambios y la oposici\u00f3n duerme en sus laureles.<br \/>\nSe\u00f1alando que la actual coyuntura en la pol\u00edtica nacional es bastante compleja, Morales advirti\u00f3 que las acciones del Gobierno para tomar el control de la sigla del partido azul, relegando las aspiraciones electorales del \u201cevismo\u201d, son peligrosas y amenazan la estabilidad del pa\u00eds.<br \/>\n\u201cQuerer quitarle la sigla a Evo Morales, a las malas, es como meter la mano al avispero\u201d, sostuvo el activista por la democracia en declaraciones al canal universitario.<br \/>\nAsimismo, se\u00f1ala que los condicionamientos expresados por el TSE luego que la Sala Constitucional Primera de La Paz dispusiera que esta instancia acompa\u00f1e el Congreso Nacional del ala \u201carcista\u201d en el MAS, denunciando injerencia y exigiendo un pronto pronunciamiento del TCP para evitar incurrir en ilegalidades, adviertan una alta posibilidad de que las acciones del \u201carcismo\u201d queden \u201cen el limbo\u201d.<br \/>\nA esto debe sumarse que la actual administraci\u00f3n atraviesa por problemas relacionados a la crisis econ\u00f3mica, el tema del litio, la corrupci\u00f3n, ca\u00edda de reservas, escasez de divisas y otros.<br \/>\nEn ese contexto, afirm\u00f3 que el pa\u00eds se encuentra ante el cierre del ciclo pol\u00edtico del MAS en el poder, sin tener certezas sobre lo que se viene en el futuro pero con el anhelo de que no se repitan errores del pasado.<br \/>\n\u201cEste ya es un ciclo (pol\u00edtico) que se est\u00e1 cerrando y todav\u00eda no tenemos un horizonte de lo nuevo que va venir (\u2026), la gente quiere cambio, ya est\u00e1 cansada de esto, quieren cambio pero no el que nos prometi\u00f3 el MAS, ni el revanchista de la oposici\u00f3n\u201d, dijo.<br \/>\nSobre el estado de las fuerzas de oposici\u00f3n, Morales afirm\u00f3 que estas se encuentran \u201cdurmiendo en sus laureles\u201d sin darse cuenta de la magnitud de lo que viene ni de los factores que tienen que articularse para tener expectativas de \u00e9xito en el campo electoral.<br \/>\nAgreg\u00f3 que opositores a\u00fan no cuentan con un acercamiento real hacia el \u201cmundo rural, ind\u00edgena, campesino\u201d y no est\u00e1n construyendo un equipo de profesionales y t\u00e9cnicos que con el tiempo vayan a tomar la posta, no existe un proyecto pol\u00edtico ni un programa econ\u00f3mico.<br \/>\nEn ese sentido, advirti\u00f3 que el 45% del electorado nacional, que en la pasada elecci\u00f3n general no vot\u00f3 por el MAS, se trata de gente que est\u00e1 cansada del masismo en el poder, sin embargo, espera una oferta interesante y con un \u201cnuevo horizonte\u201d.<br \/>\n\u201cDel pr\u00f3ximo gobierno, a la gente no le va interesar que sea de derecha o de izquierda, lo que le va interesar es que sea un buen administrador, que no robe y que nos saque adelante como pa\u00eds\u201d, expres\u00f3 Morales.<br \/>\nPara la diputada cochabambina Alejandra Camargo, con la inauguraci\u00f3n del Congreso Nacional del \u201carcismo\u201d en la ciudad de El Alto, se ha producido el quiebre definitivo del MAS, mismo que ha llegado a un punto de \u201cno retorno\u201d.<br \/>\nEn criterio de la asamble\u00edsta de oposici\u00f3n, el \u201cdivorcio irreconciliable\u201d entre los bandos del MAS, d\u00eda que pasa, est\u00e1 escalando con amenazas de violencia y crisis con afectaci\u00f3n para todos los bolivianos.<br \/>\n\u201cSabemos que la consigna y discurso del presidente Luis Arce es de devolver el instrumento pol\u00edtico a las organizaciones y bases sociales, indicando que este no le pertenece a una sola persona, mientras Morales lucha por seguir siendo la cabeza del partido para retomar la presidencia. Con esto, ambos personajes ya se lanzaron como candidatos para las pr\u00f3ximas elecciones presidenciales\u201d, indic\u00f3.<br \/>\nPrecisando que la propiedad de la sigla, Movimiento al Socialismo-Instrumento Pol\u00edtico por la Soberan\u00eda de los Pueblos, es lo que hoy est\u00e1 en juego y hace que cada bando est\u00e9 dispuesto a hacer lo que sea para que el otro no se la quede, Camargo se\u00f1al\u00f3 que esta trifulca anuncia nuevos conflictos e incertidumbre para Bolivia.<br \/>\n\u201cLos bolivianos estamos atrapados a la merced del gobierno del MAS y su disputa dom\u00e9stica por mantener el poder. Aparte de la crisis econ\u00f3mica, del bloqueo en el Legislativo, de la crisis en la justicia, y todas las situaciones adversas que estamos viviendo, ahora tendremos que sortear y atravesar la crisis y la tensi\u00f3n pol\u00edtica partidaria\u201d, advirti\u00f3 la asamble\u00edsta, llamando a retomar el inter\u00e9s ciudadano para la recuperaci\u00f3n del Estado y sus instituciones, evitando que sean un bot\u00edn de caudillos y sus proyectos politiqueros.<\/p>\n","protected":false},"excerpt":{"rendered":"<p>Ante la pol\u00e9mica, alrededor de la realizaci\u00f3n del Congreso Nacional del Movimiento al Socialismo (MAS), convocado por el \u201carcismo\u201d, y la disposici\u00f3n de la justicia para que el \u00d3rgano Electoral acompa\u00f1e esta actividad, el vocero del Comit\u00e9 Nacional de Defensa de la Democracia (Conade), Manuel Morales, se\u00f1al\u00f3 que el pa\u00eds es testigo del cierre de [&hellip;]<\/p>\n","protected":false},"author":1,"featured_media":218592,"comment_status":"open","ping_status":"open","sticky":false,"template":"","format":"standard","meta":{"_acf_changed":false,"footnotes":""},"categories":[14],"tags":[],"class_list":["post-218591","post","type-post","status-publish","format-standard","has-post-thumbnail","category-politica"],"acf":{"antetitulo":"Mientras oposici\u00f3n duerme"},"yoast_head":"<!-- This site is optimized with the Yoast SEO plugin v28.4 - https:\/\/yoast.com\/product\/yoast-seo-wordpress\/ -->\n<title>Ven que ha llegado el fin del ciclo del MAS - El Diario - Bolivia<\/title>\n<meta name=\"robots\" content=\"index, follow, max-snippet:-1, max-image-preview:large, max-video-preview:-1\" \/>\n<link rel=\"canonical\" href=\"https:\/\/www.eldiario.net\/portal\/2024\/05\/05\/ven-que-ha-llegado-el-fin-del-ciclo-del-mas\/\" \/>\n<meta property=\"og:locale\" content=\"es_ES\" \/>\n<meta property=\"og:type\" content=\"article\" \/>\n<meta property=\"og:title\" content=\"Ven que ha llegado el fin del ciclo del MAS - El Diario - Bolivia\" \/>\n<meta property=\"og:description\" content=\"Ante la pol\u00e9mica, alrededor de la realizaci\u00f3n del Congreso Nacional del Movimiento al Socialismo (MAS), convocado por el \u201carcismo\u201d, y la disposici\u00f3n de la justicia para que el \u00d3rgano Electoral acompa\u00f1e esta actividad, el vocero del Comit\u00e9 Nacional de Defensa de la Democracia (Conade), Manuel Morales, se\u00f1al\u00f3 que el pa\u00eds es testigo del cierre de [&hellip;]\" \/>\n<meta property=\"og:url\" content=\"https:\/\/www.eldiario.net\/portal\/2024\/05\/05\/ven-que-ha-llegado-el-fin-del-ciclo-del-mas\/\" \/>\n<meta property=\"og:site_name\" content=\"El Diario - Bolivia\" \/>\n<meta property=\"article:publisher\" content=\"https:\/\/www.facebook.com\/eldiario.bolivia\/\" \/>\n<meta property=\"article:published_time\" content=\"2024-05-05T10:57:42+00:00\" \/>\n<meta property=\"og:image\" content=\"https:\/\/www.eldiario.net\/portal\/wp-content\/uploads\/2024\/05\/40-POL-2.jpg\" \/>\n\t<meta property=\"og:image:width\" content=\"2127\" \/>\n\t<meta property=\"og:image:height\" content=\"1196\" \/>\n\t<meta property=\"og:image:type\" content=\"image\/jpeg\" \/>\n<meta name=\"author\" content=\"Jeanette\" \/>\n<meta name=\"twitter:card\" content=\"summary_large_image\" \/>\n<meta name=\"twitter:creator\" content=\"@eldiario_net\" \/>\n<meta name=\"twitter:site\" content=\"@eldiario_net\" \/>\n<meta name=\"twitter:label1\" content=\"Escrito por\" \/>\n\t<meta name=\"twitter:data1\" content=\"Jeanette\" \/>\n\t<meta name=\"twitter:label2\" content=\"Tiempo de lectura\" \/>\n\t<meta name=\"twitter:data2\" content=\"4 minutos\" \/>\n<script type=\"application\/ld+json\" class=\"yoast-schema-graph\">{\"@context\":\"https:\\\/\\\/schema.org\",\"@graph\":[{\"@type\":\"Article\",\"@id\":\"https:\\\/\\\/www.eldiario.net\\\/portal\\\/2024\\\/05\\\/05\\\/ven-que-ha-llegado-el-fin-del-ciclo-del-mas\\\/#article\",\"isPartOf\":{\"@id\":\"https:\\\/\\\/www.eldiario.net\\\/portal\\\/2024\\\/05\\\/05\\\/ven-que-ha-llegado-el-fin-del-ciclo-del-mas\\\/\"},\"author\":{\"name\":\"Jeanette\",\"@id\":\"https:\\\/\\\/www.eldiario.net\\\/portal\\\/#\\\/schema\\\/person\\\/f46445640444750d7d753ccd04ae01b7\"},\"headline\":\"Ven que ha llegado el fin del ciclo del MAS\",\"datePublished\":\"2024-05-05T10:57:42+00:00\",\"mainEntityOfPage\":{\"@id\":\"https:\\\/\\\/www.eldiario.net\\\/portal\\\/2024\\\/05\\\/05\\\/ven-que-ha-llegado-el-fin-del-ciclo-del-mas\\\/\"},\"wordCount\":826,\"commentCount\":0,\"publisher\":{\"@id\":\"https:\\\/\\\/www.eldiario.net\\\/portal\\\/#organization\"},\"image\":{\"@id\":\"https:\\\/\\\/www.eldiario.net\\\/portal\\\/2024\\\/05\\\/05\\\/ven-que-ha-llegado-el-fin-del-ciclo-del-mas\\\/#primaryimage\"},\"thumbnailUrl\":\"https:\\\/\\\/www.eldiario.net\\\/portal\\\/wp-content\\\/uploads\\\/2024\\\/05\\\/40-POL-2.jpg\",\"articleSection\":[\"Pol\u00edtica\"],\"inLanguage\":\"es\",\"potentialAction\":[{\"@type\":\"CommentAction\",\"name\":\"Comment\",\"target\":[\"https:\\\/\\\/www.eldiario.net\\\/portal\\\/2024\\\/05\\\/05\\\/ven-que-ha-llegado-el-fin-del-ciclo-del-mas\\\/#respond\"]}]},{\"@type\":\"WebPage\",\"@id\":\"https:\\\/\\\/www.eldiario.net\\\/portal\\\/2024\\\/05\\\/05\\\/ven-que-ha-llegado-el-fin-del-ciclo-del-mas\\\/\",\"url\":\"https:\\\/\\\/www.eldiario.net\\\/portal\\\/2024\\\/05\\\/05\\\/ven-que-ha-llegado-el-fin-del-ciclo-del-mas\\\/\",\"name\":\"Ven que ha llegado el fin del ciclo del MAS - El Diario - Bolivia\",\"isPartOf\":{\"@id\":\"https:\\\/\\\/www.eldiario.net\\\/portal\\\/#website\"},\"primaryImageOfPage\":{\"@id\":\"https:\\\/\\\/www.eldiario.net\\\/portal\\\/2024\\\/05\\\/05\\\/ven-que-ha-llegado-el-fin-del-ciclo-del-mas\\\/#primaryimage\"},\"image\":{\"@id\":\"https:\\\/\\\/www.eldiario.net\\\/portal\\\/2024\\\/05\\\/05\\\/ven-que-ha-llegado-el-fin-del-ciclo-del-mas\\\/#primaryimage\"},\"thumbnailUrl\":\"https:\\\/\\\/www.eldiario.net\\\/portal\\\/wp-content\\\/uploads\\\/2024\\\/05\\\/40-POL-2.jpg\",\"datePublished\":\"2024-05-05T10:57:42+00:00\",\"breadcrumb\":{\"@id\":\"https:\\\/\\\/www.eldiario.net\\\/portal\\\/2024\\\/05\\\/05\\\/ven-que-ha-llegado-el-fin-del-ciclo-del-mas\\\/#breadcrumb\"},\"inLanguage\":\"es\",\"potentialAction\":[{\"@type\":\"ReadAction\",\"target\":[\"https:\\\/\\\/www.eldiario.net\\\/portal\\\/2024\\\/05\\\/05\\\/ven-que-ha-llegado-el-fin-del-ciclo-del-mas\\\/\"]}]},{\"@type\":\"ImageObject\",\"inLanguage\":\"es\",\"@id\":\"https:\\\/\\\/www.eldiario.net\\\/portal\\\/2024\\\/05\\\/05\\\/ven-que-ha-llegado-el-fin-del-ciclo-del-mas\\\/#primaryimage\",\"url\":\"https:\\\/\\\/www.eldiario.net\\\/portal\\\/wp-content\\\/uploads\\\/2024\\\/05\\\/40-POL-2.jpg\",\"contentUrl\":\"https:\\\/\\\/www.eldiario.net\\\/portal\\\/wp-content\\\/uploads\\\/2024\\\/05\\\/40-POL-2.jpg\",\"width\":2127,\"height\":1196,\"caption\":\"Manuel Morales (Conade).\"},{\"@type\":\"BreadcrumbList\",\"@id\":\"https:\\\/\\\/www.eldiario.net\\\/portal\\\/2024\\\/05\\\/05\\\/ven-que-ha-llegado-el-fin-del-ciclo-del-mas\\\/#breadcrumb\",\"itemListElement\":[{\"@type\":\"ListItem\",\"position\":1,\"name\":\"Portada\",\"item\":\"https:\\\/\\\/www.eldiario.net\\\/portal\\\/\"},{\"@type\":\"ListItem\",\"position\":2,\"name\":\"Ven que ha llegado el fin del ciclo del MAS\"}]},{\"@type\":\"WebSite\",\"@id\":\"https:\\\/\\\/www.eldiario.net\\\/portal\\\/#website\",\"url\":\"https:\\\/\\\/www.eldiario.net\\\/portal\\\/\",\"name\":\"El Diario - Decano de la prensa nacional\",\"description\":\"El Diario - Decano de la prensa nacional\",\"publisher\":{\"@id\":\"https:\\\/\\\/www.eldiario.net\\\/portal\\\/#organization\"},\"potentialAction\":[{\"@type\":\"SearchAction\",\"target\":{\"@type\":\"EntryPoint\",\"urlTemplate\":\"https:\\\/\\\/www.eldiario.net\\\/portal\\\/?s={search_term_string}\"},\"query-input\":{\"@type\":\"PropertyValueSpecification\",\"valueRequired\":true,\"valueName\":\"search_term_string\"}}],\"inLanguage\":\"es\"},{\"@type\":\"Organization\",\"@id\":\"https:\\\/\\\/www.eldiario.net\\\/portal\\\/#organization\",\"name\":\"El Diario - Decano de la prensa nacional\",\"url\":\"https:\\\/\\\/www.eldiario.net\\\/portal\\\/\",\"logo\":{\"@type\":\"ImageObject\",\"inLanguage\":\"es\",\"@id\":\"https:\\\/\\\/www.eldiario.net\\\/portal\\\/#\\\/schema\\\/logo\\\/image\\\/\",\"url\":\"https:\\\/\\\/www.eldiario.net\\\/portal\\\/wp-content\\\/uploads\\\/2023\\\/07\\\/logo_ED.jpg\",\"contentUrl\":\"https:\\\/\\\/www.eldiario.net\\\/portal\\\/wp-content\\\/uploads\\\/2023\\\/07\\\/logo_ED.jpg\",\"width\":272,\"height\":52,\"caption\":\"El Diario - Decano de la prensa nacional\"},\"image\":{\"@id\":\"https:\\\/\\\/www.eldiario.net\\\/portal\\\/#\\\/schema\\\/logo\\\/image\\\/\"},\"sameAs\":[\"https:\\\/\\\/www.facebook.com\\\/eldiario.bolivia\\\/\",\"https:\\\/\\\/x.com\\\/eldiario_net\"]},{\"@type\":\"Person\",\"@id\":\"https:\\\/\\\/www.eldiario.net\\\/portal\\\/#\\\/schema\\\/person\\\/f46445640444750d7d753ccd04ae01b7\",\"name\":\"Jeanette\",\"image\":{\"@type\":\"ImageObject\",\"inLanguage\":\"es\",\"@id\":\"https:\\\/\\\/secure.gravatar.com\\\/avatar\\\/3ea2118a5f7dad2b7138b1187a6b7ee55f160b9968b66013c3a3ef39dd7e5798?s=96&d=mm&r=g\",\"url\":\"https:\\\/\\\/secure.gravatar.com\\\/avatar\\\/3ea2118a5f7dad2b7138b1187a6b7ee55f160b9968b66013c3a3ef39dd7e5798?s=96&d=mm&r=g\",\"contentUrl\":\"https:\\\/\\\/secure.gravatar.com\\\/avatar\\\/3ea2118a5f7dad2b7138b1187a6b7ee55f160b9968b66013c3a3ef39dd7e5798?s=96&d=mm&r=g\",\"caption\":\"Jeanette\"},\"sameAs\":[\"https:\\\/\\\/www.eldiario.net\\\/portal\"],\"url\":\"https:\\\/\\\/www.eldiario.net\\\/portal\\\/author\\\/jeanette\\\/\"}]}<\/script>\n<!-- \/ Yoast SEO plugin. -->","yoast_head_json":{"title":"Ven que ha llegado el fin del ciclo del MAS - El Diario - Bolivia","robots":{"index":"index","follow":"follow","max-snippet":"max-snippet:-1","max-image-preview":"max-image-preview:large","max-video-preview":"max-video-preview:-1"},"canonical":"https:\/\/www.eldiario.net\/portal\/2024\/05\/05\/ven-que-ha-llegado-el-fin-del-ciclo-del-mas\/","og_locale":"es_ES","og_type":"article","og_title":"Ven que ha llegado el fin del ciclo del MAS - El Diario - Bolivia","og_description":"Ante la pol\u00e9mica, alrededor de la realizaci\u00f3n del Congreso Nacional del Movimiento al Socialismo (MAS), convocado por el \u201carcismo\u201d, y la disposici\u00f3n de la justicia para que el \u00d3rgano Electoral acompa\u00f1e esta actividad, el vocero del Comit\u00e9 Nacional de Defensa de la Democracia (Conade), Manuel Morales, se\u00f1al\u00f3 que el pa\u00eds es testigo del cierre de [&hellip;]","og_url":"https:\/\/www.eldiario.net\/portal\/2024\/05\/05\/ven-que-ha-llegado-el-fin-del-ciclo-del-mas\/","og_site_name":"El Diario - Bolivia","article_publisher":"https:\/\/www.facebook.com\/eldiario.bolivia\/","article_published_time":"2024-05-05T10:57:42+00:00","og_image":[{"width":2127,"height":1196,"url":"https:\/\/www.eldiario.net\/portal\/wp-content\/uploads\/2024\/05\/40-POL-2.jpg","type":"image\/jpeg"}],"author":"Jeanette","twitter_card":"summary_large_image","twitter_creator":"@eldiario_net","twitter_site":"@eldiario_net","twitter_misc":{"Escrito por":"Jeanette","Tiempo de lectura":"4 minutos"},"schema":{"@context":"https:\/\/schema.org","@graph":[{"@type":"Article","@id":"https:\/\/www.eldiario.net\/portal\/2024\/05\/05\/ven-que-ha-llegado-el-fin-del-ciclo-del-mas\/#article","isPartOf":{"@id":"https:\/\/www.eldiario.net\/portal\/2024\/05\/05\/ven-que-ha-llegado-el-fin-del-ciclo-del-mas\/"},"author":{"name":"Jeanette","@id":"https:\/\/www.eldiario.net\/portal\/#\/schema\/person\/f46445640444750d7d753ccd04ae01b7"},"headline":"Ven que ha llegado el fin del ciclo del MAS","datePublished":"2024-05-05T10:57:42+00:00","mainEntityOfPage":{"@id":"https:\/\/www.eldiario.net\/portal\/2024\/05\/05\/ven-que-ha-llegado-el-fin-del-ciclo-del-mas\/"},"wordCount":826,"commentCount":0,"publisher":{"@id":"https:\/\/www.eldiario.net\/portal\/#organization"},"image":{"@id":"https:\/\/www.eldiario.net\/portal\/2024\/05\/05\/ven-que-ha-llegado-el-fin-del-ciclo-del-mas\/#primaryimage"},"thumbnailUrl":"https:\/\/www.eldiario.net\/portal\/wp-content\/uploads\/2024\/05\/40-POL-2.jpg","articleSection":["Pol\u00edtica"],"inLanguage":"es","potentialAction":[{"@type":"CommentAction","name":"Comment","target":["https:\/\/www.eldiario.net\/portal\/2024\/05\/05\/ven-que-ha-llegado-el-fin-del-ciclo-del-mas\/#respond"]}]},{"@type":"WebPage","@id":"https:\/\/www.eldiario.net\/portal\/2024\/05\/05\/ven-que-ha-llegado-el-fin-del-ciclo-del-mas\/","url":"https:\/\/www.eldiario.net\/portal\/2024\/05\/05\/ven-que-ha-llegado-el-fin-del-ciclo-del-mas\/","name":"Ven que ha llegado el fin del ciclo del MAS - El Diario - Bolivia","isPartOf":{"@id":"https:\/\/www.eldiario.net\/portal\/#website"},"primaryImageOfPage":{"@id":"https:\/\/www.eldiario.net\/portal\/2024\/05\/05\/ven-que-ha-llegado-el-fin-del-ciclo-del-mas\/#primaryimage"},"image":{"@id":"https:\/\/www.eldiario.net\/portal\/2024\/05\/05\/ven-que-ha-llegado-el-fin-del-ciclo-del-mas\/#primaryimage"},"thumbnailUrl":"https:\/\/www.eldiario.net\/portal\/wp-content\/uploads\/2024\/05\/40-POL-2.jpg","datePublished":"2024-05-05T10:57:42+00:00","breadcrumb":{"@id":"https:\/\/www.eldiario.net\/portal\/2024\/05\/05\/ven-que-ha-llegado-el-fin-del-ciclo-del-mas\/#breadcrumb"},"inLanguage":"es","potentialAction":[{"@type":"ReadAction","target":["https:\/\/www.eldiario.net\/portal\/2024\/05\/05\/ven-que-ha-llegado-el-fin-del-ciclo-del-mas\/"]}]},{"@type":"ImageObject","inLanguage":"es","@id":"https:\/\/www.eldiario.net\/portal\/2024\/05\/05\/ven-que-ha-llegado-el-fin-del-ciclo-del-mas\/#primaryimage","url":"https:\/\/www.eldiario.net\/portal\/wp-content\/uploads\/2024\/05\/40-POL-2.jpg","contentUrl":"https:\/\/www.eldiario.net\/portal\/wp-content\/uploads\/2024\/05\/40-POL-2.jpg","width":2127,"height":1196,"caption":"Manuel Morales (Conade)."},{"@type":"BreadcrumbList","@id":"https:\/\/www.eldiario.net\/portal\/2024\/05\/05\/ven-que-ha-llegado-el-fin-del-ciclo-del-mas\/#breadcrumb","itemListElement":[{"@type":"ListItem","position":1,"name":"Portada","item":"https:\/\/www.eldiario.net\/portal\/"},{"@type":"ListItem","position":2,"name":"Ven que ha llegado el fin del ciclo del MAS"}]},{"@type":"WebSite","@id":"https:\/\/www.eldiario.net\/portal\/#website","url":"https:\/\/www.eldiario.net\/portal\/","name":"El Diario - Decano de la prensa nacional","description":"El Diario - Decano de la prensa nacional","publisher":{"@id":"https:\/\/www.eldiario.net\/portal\/#organization"},"potentialAction":[{"@type":"SearchAction","target":{"@type":"EntryPoint","urlTemplate":"https:\/\/www.eldiario.net\/portal\/?s={search_term_string}"},"query-input":{"@type":"PropertyValueSpecification","valueRequired":true,"valueName":"search_term_string"}}],"inLanguage":"es"},{"@type":"Organization","@id":"https:\/\/www.eldiario.net\/portal\/#organization","name":"El Diario - Decano de la prensa nacional","url":"https:\/\/www.eldiario.net\/portal\/","logo":{"@type":"ImageObject","inLanguage":"es","@id":"https:\/\/www.eldiario.net\/portal\/#\/schema\/logo\/image\/","url":"https:\/\/www.eldiario.net\/portal\/wp-content\/uploads\/2023\/07\/logo_ED.jpg","contentUrl":"https:\/\/www.eldiario.net\/portal\/wp-content\/uploads\/2023\/07\/logo_ED.jpg","width":272,"height":52,"caption":"El Diario - Decano de la prensa nacional"},"image":{"@id":"https:\/\/www.eldiario.net\/portal\/#\/schema\/logo\/image\/"},"sameAs":["https:\/\/www.facebook.com\/eldiario.bolivia\/","https:\/\/x.com\/eldiario_net"]},{"@type":"Person","@id":"https:\/\/www.eldiario.net\/portal\/#\/schema\/person\/f46445640444750d7d753ccd04ae01b7","name":"Jeanette","image":{"@type":"ImageObject","inLanguage":"es","@id":"https:\/\/secure.gravatar.com\/avatar\/3ea2118a5f7dad2b7138b1187a6b7ee55f160b9968b66013c3a3ef39dd7e5798?s=96&d=mm&r=g","url":"https:\/\/secure.gravatar.com\/avatar\/3ea2118a5f7dad2b7138b1187a6b7ee55f160b9968b66013c3a3ef39dd7e5798?s=96&d=mm&r=g","contentUrl":"https:\/\/secure.gravatar.com\/avatar\/3ea2118a5f7dad2b7138b1187a6b7ee55f160b9968b66013c3a3ef39dd7e5798?s=96&d=mm&r=g","caption":"Jeanette"},"sameAs":["https:\/\/www.eldiario.net\/portal"],"url":"https:\/\/www.eldiario.net\/portal\/author\/jeanette\/"}]}},"_links":{"self":[{"href":"https:\/\/www.eldiario.net\/portal\/wp-json\/wp\/v2\/posts\/218591","targetHints":{"allow":["GET"]}}],"collection":[{"href":"https:\/\/www.eldiario.net\/portal\/wp-json\/wp\/v2\/posts"}],"about":[{"href":"https:\/\/www.eldiario.net\/portal\/wp-json\/wp\/v2\/types\/post"}],"author":[{"embeddable":true,"href":"https:\/\/www.eldiario.net\/portal\/wp-json\/wp\/v2\/users\/1"}],"replies":[{"embeddable":true,"href":"https:\/\/www.eldiario.net\/portal\/wp-json\/wp\/v2\/comments?post=218591"}],"version-history":[{"count":1,"href":"https:\/\/www.eldiario.net\/portal\/wp-json\/wp\/v2\/posts\/218591\/revisions"}],"predecessor-version":[{"id":218593,"href":"https:\/\/www.eldiario.net\/portal\/wp-json\/wp\/v2\/posts\/218591\/revisions\/218593"}],"wp:featuredmedia":[{"embeddable":true,"href":"https:\/\/www.eldiario.net\/portal\/wp-json\/wp\/v2\/media\/218592"}],"wp:attachment":[{"href":"https:\/\/www.eldiario.net\/portal\/wp-json\/wp\/v2\/media?parent=218591"}],"wp:term":[{"taxonomy":"category","embeddable":true,"href":"https:\/\/www.eldiario.net\/portal\/wp-json\/wp\/v2\/categories?post=218591"},{"taxonomy":"post_tag","embeddable":true,"href":"https:\/\/www.eldiario.net\/portal\/wp-json\/wp\/v2\/tags?post=218591"}],"curies":[{"name":"wp","href":"https:\/\/api.w.org\/{rel}","templated":true}]}}