{"id":218588,"date":"2024-05-05T06:57:08","date_gmt":"2024-05-05T10:57:08","guid":{"rendered":"https:\/\/www.eldiario.net\/portal\/?p=218588"},"modified":"2024-05-05T06:57:08","modified_gmt":"2024-05-05T10:57:08","slug":"autoridades-judiciales-no-garantizan-respeto-a-la-ley","status":"publish","type":"post","link":"https:\/\/www.eldiario.net\/portal\/2024\/05\/05\/autoridades-judiciales-no-garantizan-respeto-a-la-ley\/","title":{"rendered":"Autoridades judiciales no garantizan respeto a la ley"},"content":{"rendered":"<p>Reiterando que con la determinaci\u00f3n judicial que anul\u00f3 la preselecci\u00f3n de candidatos a las elecciones judiciales se vulneraron derechos de los m\u00e1s de 400 postulantes que continuaban habilitados en este proceso, el diputado por la agrupaci\u00f3n Creemos, Leonardo Ayala, lament\u00f3 que autoridades judiciales no garanticen el respeto a las leyes y normativas vigentes en el pa\u00eds.<br \/>\nEn criterio de asamble\u00edsta nacional, se han vulnerado los derechos de los postulantes que s\u00ed cumplieron con todos los requisitos para avanzar en el proceso de preselecci\u00f3n y quedaron en la incertidumbre, antes de iniciar la etapa de evaluaci\u00f3n oral y escrita.<br \/>\nAyala adem\u00e1s cuestion\u00f3 que sean las propias autoridades de justicia las que no garanticen el respeto a las leyes y normativas vigentes en el pa\u00eds, mediante determinaciones que echan por tierra una ley consensuada y aprobada por m\u00e1s de dos tercios en sesi\u00f3n del Parlamento nacional.<br \/>\n\u201cEsta determinaci\u00f3n evade la Constituci\u00f3n Pol\u00edtica del Estado (CPE) y la ley 1549 que fue tratada y aprobada por dos tercios del pleno de la Asamblea Legislativa Plurinacional (ALP)\u201d, dijo.<br \/>\nAdelantando que desde las fuerzas de oposici\u00f3n se continuar\u00e1 luchando para sacar adelante las elecciones judiciales, el asamble\u00edsta de oposici\u00f3n inst\u00f3 a seguir trabajando para conseguir cambios en la administraci\u00f3n del \u00d3rgano Judicial, mismos que den paso a una transformaci\u00f3n de todo este sistema, hasta poder contar con una \u201cjusticia m\u00e1s justa\u201d.<br \/>\n\u201cQueremos que se haga justicia y que contin\u00fae el proceso de las elecciones judiciales con los ex\u00e1menes de competencia a los m\u00e1s de cuatrocientos candidatos habilitados, porque se est\u00e1 vulnerando los derechos de estas personas\u201d, finaliz\u00f3 Ayala.<br \/>\nEsta semana, los vocales Celsa Salazar y Jorge Luis Sotelo, de la Sala Constitucional Primera de Cobija, determinaron dar curso a una Acci\u00f3n Popular contra la Ley 1549, dejando sin efecto la actual preselecci\u00f3n de candidatos para las elecciones judiciales.<br \/>\nActores pol\u00edticos, asamble\u00edstas de diferentes organizaciones pol\u00edticas y representantes de la sociedad civil, se\u00f1alaron que con esta determinaci\u00f3n se \u201csepult\u00f3 el proceso\u201d y consum\u00f3 el quebrantamiento del orden constitucional y democr\u00e1tico en el pa\u00eds.<br \/>\nEl recurso en cuesti\u00f3n, argumenta que se vulneraron derechos relacionados a la igualdad de oportunidades para mujeres y representantes de pueblos ind\u00edgenas originarios, por lo que la determinaci\u00f3n de la Sala Constitucional tambi\u00e9n dispuso realizar un nuevo proceso de preselecci\u00f3n.<br \/>\nDesde Comunidad Ciudadana, el diputado Pablo Ar\u00edzaga, afirm\u00f3 que esta determinaci\u00f3n es funcional a los intereses de mantener a las actuales cabezas de la justicia boliviana. \u201cHan sepultado este proceso\u201d, expres\u00f3 Ar\u00edzaga desde sus redes sociales.<br \/>\nLa acci\u00f3n popular fue presentada el pasado 18 de abril y dict\u00f3, primero, una medida cautelar que fren\u00f3 la preselecci\u00f3n en la ALP, misma que cursaba la etapa de evaluaci\u00f3n de m\u00e9ritos.<\/p>\n","protected":false},"excerpt":{"rendered":"<p>Reiterando que con la determinaci\u00f3n judicial que anul\u00f3 la preselecci\u00f3n de candidatos a las elecciones judiciales se vulneraron derechos de los m\u00e1s de 400 postulantes que continuaban habilitados en este proceso, el diputado por la agrupaci\u00f3n Creemos, Leonardo Ayala, lament\u00f3 que autoridades judiciales no garanticen el respeto a las leyes y normativas vigentes en el [&hellip;]<\/p>\n","protected":false},"author":1,"featured_media":218589,"comment_status":"open","ping_status":"open","sticky":false,"template":"","format":"standard","meta":{"_acf_changed":false,"footnotes":""},"categories":[14],"tags":[],"class_list":["post-218588","post","type-post","status-publish","format-standard","has-post-thumbnail","category-politica"],"acf":{"antetitulo":"Se vulneraron derechos de habilitados"},"yoast_head":"<!-- This site is optimized with the Yoast SEO plugin v28.4 - https:\/\/yoast.com\/product\/yoast-seo-wordpress\/ -->\n<title>Autoridades judiciales no garantizan respeto a la ley - El Diario - Bolivia<\/title>\n<meta name=\"robots\" content=\"index, follow, max-snippet:-1, max-image-preview:large, max-video-preview:-1\" \/>\n<link rel=\"canonical\" href=\"https:\/\/www.eldiario.net\/portal\/2024\/05\/05\/autoridades-judiciales-no-garantizan-respeto-a-la-ley\/\" \/>\n<meta property=\"og:locale\" content=\"es_ES\" \/>\n<meta property=\"og:type\" content=\"article\" \/>\n<meta property=\"og:title\" content=\"Autoridades judiciales no garantizan respeto a la ley - El Diario - Bolivia\" \/>\n<meta property=\"og:description\" content=\"Reiterando que con la determinaci\u00f3n judicial que anul\u00f3 la preselecci\u00f3n de candidatos a las elecciones judiciales se vulneraron derechos de los m\u00e1s de 400 postulantes que continuaban habilitados en este proceso, el diputado por la agrupaci\u00f3n Creemos, Leonardo Ayala, lament\u00f3 que autoridades judiciales no garanticen el respeto a las leyes y normativas vigentes en el [&hellip;]\" \/>\n<meta property=\"og:url\" content=\"https:\/\/www.eldiario.net\/portal\/2024\/05\/05\/autoridades-judiciales-no-garantizan-respeto-a-la-ley\/\" \/>\n<meta property=\"og:site_name\" content=\"El Diario - Bolivia\" \/>\n<meta property=\"article:publisher\" content=\"https:\/\/www.facebook.com\/eldiario.bolivia\/\" \/>\n<meta property=\"article:published_time\" content=\"2024-05-05T10:57:08+00:00\" \/>\n<meta property=\"og:image\" content=\"https:\/\/www.eldiario.net\/portal\/wp-content\/uploads\/2024\/05\/41-POL-2.jpg\" \/>\n\t<meta property=\"og:image:width\" content=\"929\" \/>\n\t<meta property=\"og:image:height\" content=\"736\" \/>\n\t<meta property=\"og:image:type\" content=\"image\/jpeg\" \/>\n<meta name=\"author\" content=\"Jeanette\" \/>\n<meta name=\"twitter:card\" content=\"summary_large_image\" \/>\n<meta name=\"twitter:creator\" content=\"@eldiario_net\" \/>\n<meta name=\"twitter:site\" content=\"@eldiario_net\" \/>\n<meta name=\"twitter:label1\" content=\"Escrito por\" \/>\n\t<meta name=\"twitter:data1\" content=\"Jeanette\" \/>\n\t<meta name=\"twitter:label2\" content=\"Tiempo de lectura\" \/>\n\t<meta name=\"twitter:data2\" content=\"3 minutos\" \/>\n<script type=\"application\/ld+json\" class=\"yoast-schema-graph\">{\"@context\":\"https:\\\/\\\/schema.org\",\"@graph\":[{\"@type\":\"Article\",\"@id\":\"https:\\\/\\\/www.eldiario.net\\\/portal\\\/2024\\\/05\\\/05\\\/autoridades-judiciales-no-garantizan-respeto-a-la-ley\\\/#article\",\"isPartOf\":{\"@id\":\"https:\\\/\\\/www.eldiario.net\\\/portal\\\/2024\\\/05\\\/05\\\/autoridades-judiciales-no-garantizan-respeto-a-la-ley\\\/\"},\"author\":{\"name\":\"Jeanette\",\"@id\":\"https:\\\/\\\/www.eldiario.net\\\/portal\\\/#\\\/schema\\\/person\\\/f46445640444750d7d753ccd04ae01b7\"},\"headline\":\"Autoridades judiciales no garantizan respeto a la ley\",\"datePublished\":\"2024-05-05T10:57:08+00:00\",\"mainEntityOfPage\":{\"@id\":\"https:\\\/\\\/www.eldiario.net\\\/portal\\\/2024\\\/05\\\/05\\\/autoridades-judiciales-no-garantizan-respeto-a-la-ley\\\/\"},\"wordCount\":494,\"commentCount\":0,\"publisher\":{\"@id\":\"https:\\\/\\\/www.eldiario.net\\\/portal\\\/#organization\"},\"image\":{\"@id\":\"https:\\\/\\\/www.eldiario.net\\\/portal\\\/2024\\\/05\\\/05\\\/autoridades-judiciales-no-garantizan-respeto-a-la-ley\\\/#primaryimage\"},\"thumbnailUrl\":\"https:\\\/\\\/www.eldiario.net\\\/portal\\\/wp-content\\\/uploads\\\/2024\\\/05\\\/41-POL-2.jpg\",\"articleSection\":[\"Pol\u00edtica\"],\"inLanguage\":\"es\",\"potentialAction\":[{\"@type\":\"CommentAction\",\"name\":\"Comment\",\"target\":[\"https:\\\/\\\/www.eldiario.net\\\/portal\\\/2024\\\/05\\\/05\\\/autoridades-judiciales-no-garantizan-respeto-a-la-ley\\\/#respond\"]}]},{\"@type\":\"WebPage\",\"@id\":\"https:\\\/\\\/www.eldiario.net\\\/portal\\\/2024\\\/05\\\/05\\\/autoridades-judiciales-no-garantizan-respeto-a-la-ley\\\/\",\"url\":\"https:\\\/\\\/www.eldiario.net\\\/portal\\\/2024\\\/05\\\/05\\\/autoridades-judiciales-no-garantizan-respeto-a-la-ley\\\/\",\"name\":\"Autoridades judiciales no garantizan respeto a la ley - El Diario - Bolivia\",\"isPartOf\":{\"@id\":\"https:\\\/\\\/www.eldiario.net\\\/portal\\\/#website\"},\"primaryImageOfPage\":{\"@id\":\"https:\\\/\\\/www.eldiario.net\\\/portal\\\/2024\\\/05\\\/05\\\/autoridades-judiciales-no-garantizan-respeto-a-la-ley\\\/#primaryimage\"},\"image\":{\"@id\":\"https:\\\/\\\/www.eldiario.net\\\/portal\\\/2024\\\/05\\\/05\\\/autoridades-judiciales-no-garantizan-respeto-a-la-ley\\\/#primaryimage\"},\"thumbnailUrl\":\"https:\\\/\\\/www.eldiario.net\\\/portal\\\/wp-content\\\/uploads\\\/2024\\\/05\\\/41-POL-2.jpg\",\"datePublished\":\"2024-05-05T10:57:08+00:00\",\"breadcrumb\":{\"@id\":\"https:\\\/\\\/www.eldiario.net\\\/portal\\\/2024\\\/05\\\/05\\\/autoridades-judiciales-no-garantizan-respeto-a-la-ley\\\/#breadcrumb\"},\"inLanguage\":\"es\",\"potentialAction\":[{\"@type\":\"ReadAction\",\"target\":[\"https:\\\/\\\/www.eldiario.net\\\/portal\\\/2024\\\/05\\\/05\\\/autoridades-judiciales-no-garantizan-respeto-a-la-ley\\\/\"]}]},{\"@type\":\"ImageObject\",\"inLanguage\":\"es\",\"@id\":\"https:\\\/\\\/www.eldiario.net\\\/portal\\\/2024\\\/05\\\/05\\\/autoridades-judiciales-no-garantizan-respeto-a-la-ley\\\/#primaryimage\",\"url\":\"https:\\\/\\\/www.eldiario.net\\\/portal\\\/wp-content\\\/uploads\\\/2024\\\/05\\\/41-POL-2.jpg\",\"contentUrl\":\"https:\\\/\\\/www.eldiario.net\\\/portal\\\/wp-content\\\/uploads\\\/2024\\\/05\\\/41-POL-2.jpg\",\"width\":929,\"height\":736,\"caption\":\"Diputado Leonardo Ayala (Creemos). RRSS\"},{\"@type\":\"BreadcrumbList\",\"@id\":\"https:\\\/\\\/www.eldiario.net\\\/portal\\\/2024\\\/05\\\/05\\\/autoridades-judiciales-no-garantizan-respeto-a-la-ley\\\/#breadcrumb\",\"itemListElement\":[{\"@type\":\"ListItem\",\"position\":1,\"name\":\"Portada\",\"item\":\"https:\\\/\\\/www.eldiario.net\\\/portal\\\/\"},{\"@type\":\"ListItem\",\"position\":2,\"name\":\"Autoridades judiciales no garantizan respeto a la ley\"}]},{\"@type\":\"WebSite\",\"@id\":\"https:\\\/\\\/www.eldiario.net\\\/portal\\\/#website\",\"url\":\"https:\\\/\\\/www.eldiario.net\\\/portal\\\/\",\"name\":\"El Diario - Decano de la prensa nacional\",\"description\":\"El Diario - Decano de la prensa nacional\",\"publisher\":{\"@id\":\"https:\\\/\\\/www.eldiario.net\\\/portal\\\/#organization\"},\"potentialAction\":[{\"@type\":\"SearchAction\",\"target\":{\"@type\":\"EntryPoint\",\"urlTemplate\":\"https:\\\/\\\/www.eldiario.net\\\/portal\\\/?s={search_term_string}\"},\"query-input\":{\"@type\":\"PropertyValueSpecification\",\"valueRequired\":true,\"valueName\":\"search_term_string\"}}],\"inLanguage\":\"es\"},{\"@type\":\"Organization\",\"@id\":\"https:\\\/\\\/www.eldiario.net\\\/portal\\\/#organization\",\"name\":\"El Diario - Decano de la prensa nacional\",\"url\":\"https:\\\/\\\/www.eldiario.net\\\/portal\\\/\",\"logo\":{\"@type\":\"ImageObject\",\"inLanguage\":\"es\",\"@id\":\"https:\\\/\\\/www.eldiario.net\\\/portal\\\/#\\\/schema\\\/logo\\\/image\\\/\",\"url\":\"https:\\\/\\\/www.eldiario.net\\\/portal\\\/wp-content\\\/uploads\\\/2023\\\/07\\\/logo_ED.jpg\",\"contentUrl\":\"https:\\\/\\\/www.eldiario.net\\\/portal\\\/wp-content\\\/uploads\\\/2023\\\/07\\\/logo_ED.jpg\",\"width\":272,\"height\":52,\"caption\":\"El Diario - Decano de la prensa nacional\"},\"image\":{\"@id\":\"https:\\\/\\\/www.eldiario.net\\\/portal\\\/#\\\/schema\\\/logo\\\/image\\\/\"},\"sameAs\":[\"https:\\\/\\\/www.facebook.com\\\/eldiario.bolivia\\\/\",\"https:\\\/\\\/x.com\\\/eldiario_net\"]},{\"@type\":\"Person\",\"@id\":\"https:\\\/\\\/www.eldiario.net\\\/portal\\\/#\\\/schema\\\/person\\\/f46445640444750d7d753ccd04ae01b7\",\"name\":\"Jeanette\",\"image\":{\"@type\":\"ImageObject\",\"inLanguage\":\"es\",\"@id\":\"https:\\\/\\\/secure.gravatar.com\\\/avatar\\\/3ea2118a5f7dad2b7138b1187a6b7ee55f160b9968b66013c3a3ef39dd7e5798?s=96&d=mm&r=g\",\"url\":\"https:\\\/\\\/secure.gravatar.com\\\/avatar\\\/3ea2118a5f7dad2b7138b1187a6b7ee55f160b9968b66013c3a3ef39dd7e5798?s=96&d=mm&r=g\",\"contentUrl\":\"https:\\\/\\\/secure.gravatar.com\\\/avatar\\\/3ea2118a5f7dad2b7138b1187a6b7ee55f160b9968b66013c3a3ef39dd7e5798?s=96&d=mm&r=g\",\"caption\":\"Jeanette\"},\"sameAs\":[\"https:\\\/\\\/www.eldiario.net\\\/portal\"],\"url\":\"https:\\\/\\\/www.eldiario.net\\\/portal\\\/author\\\/jeanette\\\/\"}]}<\/script>\n<!-- \/ Yoast SEO plugin. -->","yoast_head_json":{"title":"Autoridades judiciales no garantizan respeto a la ley - El Diario - Bolivia","robots":{"index":"index","follow":"follow","max-snippet":"max-snippet:-1","max-image-preview":"max-image-preview:large","max-video-preview":"max-video-preview:-1"},"canonical":"https:\/\/www.eldiario.net\/portal\/2024\/05\/05\/autoridades-judiciales-no-garantizan-respeto-a-la-ley\/","og_locale":"es_ES","og_type":"article","og_title":"Autoridades judiciales no garantizan respeto a la ley - El Diario - Bolivia","og_description":"Reiterando que con la determinaci\u00f3n judicial que anul\u00f3 la preselecci\u00f3n de candidatos a las elecciones judiciales se vulneraron derechos de los m\u00e1s de 400 postulantes que continuaban habilitados en este proceso, el diputado por la agrupaci\u00f3n Creemos, Leonardo Ayala, lament\u00f3 que autoridades judiciales no garanticen el respeto a las leyes y normativas vigentes en el [&hellip;]","og_url":"https:\/\/www.eldiario.net\/portal\/2024\/05\/05\/autoridades-judiciales-no-garantizan-respeto-a-la-ley\/","og_site_name":"El Diario - Bolivia","article_publisher":"https:\/\/www.facebook.com\/eldiario.bolivia\/","article_published_time":"2024-05-05T10:57:08+00:00","og_image":[{"width":929,"height":736,"url":"https:\/\/www.eldiario.net\/portal\/wp-content\/uploads\/2024\/05\/41-POL-2.jpg","type":"image\/jpeg"}],"author":"Jeanette","twitter_card":"summary_large_image","twitter_creator":"@eldiario_net","twitter_site":"@eldiario_net","twitter_misc":{"Escrito por":"Jeanette","Tiempo de lectura":"3 minutos"},"schema":{"@context":"https:\/\/schema.org","@graph":[{"@type":"Article","@id":"https:\/\/www.eldiario.net\/portal\/2024\/05\/05\/autoridades-judiciales-no-garantizan-respeto-a-la-ley\/#article","isPartOf":{"@id":"https:\/\/www.eldiario.net\/portal\/2024\/05\/05\/autoridades-judiciales-no-garantizan-respeto-a-la-ley\/"},"author":{"name":"Jeanette","@id":"https:\/\/www.eldiario.net\/portal\/#\/schema\/person\/f46445640444750d7d753ccd04ae01b7"},"headline":"Autoridades judiciales no garantizan respeto a la ley","datePublished":"2024-05-05T10:57:08+00:00","mainEntityOfPage":{"@id":"https:\/\/www.eldiario.net\/portal\/2024\/05\/05\/autoridades-judiciales-no-garantizan-respeto-a-la-ley\/"},"wordCount":494,"commentCount":0,"publisher":{"@id":"https:\/\/www.eldiario.net\/portal\/#organization"},"image":{"@id":"https:\/\/www.eldiario.net\/portal\/2024\/05\/05\/autoridades-judiciales-no-garantizan-respeto-a-la-ley\/#primaryimage"},"thumbnailUrl":"https:\/\/www.eldiario.net\/portal\/wp-content\/uploads\/2024\/05\/41-POL-2.jpg","articleSection":["Pol\u00edtica"],"inLanguage":"es","potentialAction":[{"@type":"CommentAction","name":"Comment","target":["https:\/\/www.eldiario.net\/portal\/2024\/05\/05\/autoridades-judiciales-no-garantizan-respeto-a-la-ley\/#respond"]}]},{"@type":"WebPage","@id":"https:\/\/www.eldiario.net\/portal\/2024\/05\/05\/autoridades-judiciales-no-garantizan-respeto-a-la-ley\/","url":"https:\/\/www.eldiario.net\/portal\/2024\/05\/05\/autoridades-judiciales-no-garantizan-respeto-a-la-ley\/","name":"Autoridades judiciales no garantizan respeto a la ley - El Diario - Bolivia","isPartOf":{"@id":"https:\/\/www.eldiario.net\/portal\/#website"},"primaryImageOfPage":{"@id":"https:\/\/www.eldiario.net\/portal\/2024\/05\/05\/autoridades-judiciales-no-garantizan-respeto-a-la-ley\/#primaryimage"},"image":{"@id":"https:\/\/www.eldiario.net\/portal\/2024\/05\/05\/autoridades-judiciales-no-garantizan-respeto-a-la-ley\/#primaryimage"},"thumbnailUrl":"https:\/\/www.eldiario.net\/portal\/wp-content\/uploads\/2024\/05\/41-POL-2.jpg","datePublished":"2024-05-05T10:57:08+00:00","breadcrumb":{"@id":"https:\/\/www.eldiario.net\/portal\/2024\/05\/05\/autoridades-judiciales-no-garantizan-respeto-a-la-ley\/#breadcrumb"},"inLanguage":"es","potentialAction":[{"@type":"ReadAction","target":["https:\/\/www.eldiario.net\/portal\/2024\/05\/05\/autoridades-judiciales-no-garantizan-respeto-a-la-ley\/"]}]},{"@type":"ImageObject","inLanguage":"es","@id":"https:\/\/www.eldiario.net\/portal\/2024\/05\/05\/autoridades-judiciales-no-garantizan-respeto-a-la-ley\/#primaryimage","url":"https:\/\/www.eldiario.net\/portal\/wp-content\/uploads\/2024\/05\/41-POL-2.jpg","contentUrl":"https:\/\/www.eldiario.net\/portal\/wp-content\/uploads\/2024\/05\/41-POL-2.jpg","width":929,"height":736,"caption":"Diputado Leonardo Ayala (Creemos). RRSS"},{"@type":"BreadcrumbList","@id":"https:\/\/www.eldiario.net\/portal\/2024\/05\/05\/autoridades-judiciales-no-garantizan-respeto-a-la-ley\/#breadcrumb","itemListElement":[{"@type":"ListItem","position":1,"name":"Portada","item":"https:\/\/www.eldiario.net\/portal\/"},{"@type":"ListItem","position":2,"name":"Autoridades judiciales no garantizan respeto a la ley"}]},{"@type":"WebSite","@id":"https:\/\/www.eldiario.net\/portal\/#website","url":"https:\/\/www.eldiario.net\/portal\/","name":"El Diario - Decano de la prensa nacional","description":"El Diario - Decano de la prensa nacional","publisher":{"@id":"https:\/\/www.eldiario.net\/portal\/#organization"},"potentialAction":[{"@type":"SearchAction","target":{"@type":"EntryPoint","urlTemplate":"https:\/\/www.eldiario.net\/portal\/?s={search_term_string}"},"query-input":{"@type":"PropertyValueSpecification","valueRequired":true,"valueName":"search_term_string"}}],"inLanguage":"es"},{"@type":"Organization","@id":"https:\/\/www.eldiario.net\/portal\/#organization","name":"El Diario - Decano de la prensa nacional","url":"https:\/\/www.eldiario.net\/portal\/","logo":{"@type":"ImageObject","inLanguage":"es","@id":"https:\/\/www.eldiario.net\/portal\/#\/schema\/logo\/image\/","url":"https:\/\/www.eldiario.net\/portal\/wp-content\/uploads\/2023\/07\/logo_ED.jpg","contentUrl":"https:\/\/www.eldiario.net\/portal\/wp-content\/uploads\/2023\/07\/logo_ED.jpg","width":272,"height":52,"caption":"El Diario - Decano de la prensa nacional"},"image":{"@id":"https:\/\/www.eldiario.net\/portal\/#\/schema\/logo\/image\/"},"sameAs":["https:\/\/www.facebook.com\/eldiario.bolivia\/","https:\/\/x.com\/eldiario_net"]},{"@type":"Person","@id":"https:\/\/www.eldiario.net\/portal\/#\/schema\/person\/f46445640444750d7d753ccd04ae01b7","name":"Jeanette","image":{"@type":"ImageObject","inLanguage":"es","@id":"https:\/\/secure.gravatar.com\/avatar\/3ea2118a5f7dad2b7138b1187a6b7ee55f160b9968b66013c3a3ef39dd7e5798?s=96&d=mm&r=g","url":"https:\/\/secure.gravatar.com\/avatar\/3ea2118a5f7dad2b7138b1187a6b7ee55f160b9968b66013c3a3ef39dd7e5798?s=96&d=mm&r=g","contentUrl":"https:\/\/secure.gravatar.com\/avatar\/3ea2118a5f7dad2b7138b1187a6b7ee55f160b9968b66013c3a3ef39dd7e5798?s=96&d=mm&r=g","caption":"Jeanette"},"sameAs":["https:\/\/www.eldiario.net\/portal"],"url":"https:\/\/www.eldiario.net\/portal\/author\/jeanette\/"}]}},"_links":{"self":[{"href":"https:\/\/www.eldiario.net\/portal\/wp-json\/wp\/v2\/posts\/218588","targetHints":{"allow":["GET"]}}],"collection":[{"href":"https:\/\/www.eldiario.net\/portal\/wp-json\/wp\/v2\/posts"}],"about":[{"href":"https:\/\/www.eldiario.net\/portal\/wp-json\/wp\/v2\/types\/post"}],"author":[{"embeddable":true,"href":"https:\/\/www.eldiario.net\/portal\/wp-json\/wp\/v2\/users\/1"}],"replies":[{"embeddable":true,"href":"https:\/\/www.eldiario.net\/portal\/wp-json\/wp\/v2\/comments?post=218588"}],"version-history":[{"count":1,"href":"https:\/\/www.eldiario.net\/portal\/wp-json\/wp\/v2\/posts\/218588\/revisions"}],"predecessor-version":[{"id":218590,"href":"https:\/\/www.eldiario.net\/portal\/wp-json\/wp\/v2\/posts\/218588\/revisions\/218590"}],"wp:featuredmedia":[{"embeddable":true,"href":"https:\/\/www.eldiario.net\/portal\/wp-json\/wp\/v2\/media\/218589"}],"wp:attachment":[{"href":"https:\/\/www.eldiario.net\/portal\/wp-json\/wp\/v2\/media?parent=218588"}],"wp:term":[{"taxonomy":"category","embeddable":true,"href":"https:\/\/www.eldiario.net\/portal\/wp-json\/wp\/v2\/categories?post=218588"},{"taxonomy":"post_tag","embeddable":true,"href":"https:\/\/www.eldiario.net\/portal\/wp-json\/wp\/v2\/tags?post=218588"}],"curies":[{"name":"wp","href":"https:\/\/api.w.org\/{rel}","templated":true}]}}