{"id":218586,"date":"2024-05-05T06:56:19","date_gmt":"2024-05-05T10:56:19","guid":{"rendered":"https:\/\/www.eldiario.net\/portal\/?p=218586"},"modified":"2024-05-05T06:56:19","modified_gmt":"2024-05-05T10:56:19","slug":"rechazan-que-gobierno-insista-en-sobreponerse-al-legislativo","status":"publish","type":"post","link":"https:\/\/www.eldiario.net\/portal\/2024\/05\/05\/rechazan-que-gobierno-insista-en-sobreponerse-al-legislativo\/","title":{"rendered":"Rechazan que Gobierno insista  en sobreponerse al Legislativo"},"content":{"rendered":"<p>Tras la realizaci\u00f3n de una reuni\u00f3n interinstitucional en la que se abord\u00f3 la falta de voluntad pol\u00edtica del Movimiento al Socialismo (MAS) para tratar el Proyecto de Ley 270 de Derechos Reales, la senadora por la agrupaci\u00f3n Creemos, Centa Rek, cuestion\u00f3 que el oficialismo obstaculice el tratamiento legislativo de dicha normativa dando paso a que el Ejecutivo permanentemente emita decretos inconstitucionales que sobrepasan al primer \u00d3rgano del Estado.<br \/>\nEl viernes, en instalaciones de la brigada parlamentaria de Santa Cruz, se concret\u00f3 una reuni\u00f3n interinstitucional destinada a analizar el Decreto Supremo 5143 y socializar el proyecto de ley de Inscripci\u00f3n de Derechos Reales, presentado por la bancada de Creemos en ambas c\u00e1maras legislativas.<br \/>\nRek puntualiz\u00f3 que el proyecto del ley en cuesti\u00f3n fue presentado en 2021 y repuesto a\u00f1o tras a\u00f1o en cada legislatura, por lo que exigi\u00f3 a la bancada de MAS viabilizar su tratamiento, evitando que el Gobierno contin\u00fae emitiendo decretos que suprimen las atribuciones de la ALP.<br \/>\nSe rechaz\u00f3 de manera contundente el Decreto Supremo 5143, manifestando pleno respaldo al Proyecto de Ley 270 para su tratamiento urgente en la ALP, adelantando convocar a un nuevo encuentro de estas caracter\u00edsticas en caso de que no se proceda con el an\u00e1lisis de esta normativa.<br \/>\nEl encuentro que adem\u00e1s cont\u00f3 con la participaci\u00f3n de parlamentarios, instituciones y personalidades de la sociedad civil, tambi\u00e9n determin\u00f3 crear el Consejo de Defensa de la Propiedad Privada, declarar emergencia a nivel nacional, llamar a la unidad de instituciones y sectores, adem\u00e1s de convocar a una protesta pac\u00edfica para el pr\u00f3ximo 20 de mayo en La Paz y el d\u00eda 10 en Santa Cruz.<br \/>\nEl cuestionado decreto que regula el Registro de Derechos Reales, ha encendido las alarmas entre propietarios y defensores de los derechos constitucionales por facilitar potencialmente la intervenci\u00f3n estatal excesiva en la propiedad privada.<br \/>\nEn un esfuerzo por salvaguardar estos derechos, los participantes de la reuni\u00f3n han resuelto exigir la abrogaci\u00f3n total del Decreto Supremo 5143 y no se descarta la posibilidad de m\u00e1s movilizaciones y otras formas de protesta.<br \/>\n\u201cEstamos frente a un acto que no solo desaf\u00eda nuestra Constituci\u00f3n, sino que amenaza directamente la seguridad jur\u00eddica de nuestros bienes privados\u201d, expresaron los asistentes al evento. Las medidas discutidas incluyen desde la organizaci\u00f3n de marchas hasta acciones legales, buscando preservar el derecho a la propiedad privada, un pilar fundamental de la econom\u00eda y la estabilidad social del pa\u00eds.<br \/>\nUnificando criterios de diversos sectores afectados y consolidando un frente amplio en defensa de los intereses de propietarios y empresarios, los l\u00edderes del movimiento anunciaron que continuar\u00e1n las discusiones y planificaci\u00f3n de acciones en los pr\u00f3ximos d\u00edas, esperando atraer mayor atenci\u00f3n nacional e internacional sobre esta cr\u00edtica cuesti\u00f3n.<br \/>\nEl decreto supremo 5143, del 10 de abril de 2024, dispone reglamentar la Ley de 15 de noviembre de 1887, de Inscripci\u00f3n de Derechos Reales, concordado con las disposiciones del C\u00f3digo Civil y otras disposiciones legales relativas al funcionamiento y organizaci\u00f3n de Derechos Reales, a fin de modernizar el Registro de Derechos Reales y se aplica a todos los actos de registro p\u00fablico de Derechos Reales que comprenden los establecidos en la Ley de Inscripci\u00f3n de Derechos Reales y el C\u00f3digo Civil, a solicitud de parte, por orden judicial o mandato legal, que se realicen en territorio del Estado Plurinacional de Bolivia.<br \/>\nCon la normativa se busca la desburocratizaci\u00f3n de los procedimientos establecidos para su desarrollo con econom\u00eda, simplicidad y celeridad, evitando la realizaci\u00f3n de tr\u00e1mites, formalismos o diligencias innecesarias.<br \/>\nLa viceministra de Justicia y Derechos Fundamentales, Jessica Saravia Atrista\u00edn, manifest\u00f3 que el Decreto Supremo 5143 para el registro en Derechos Reales respeta el principio del derecho a la propiedad privada, garantizado por la Constituci\u00f3n Pol\u00edtica del Estado. Adem\u00e1s, brinda mayor seguridad, accesibilidad y transparencia a los documentos, y uniformiza a nivel nacional los procedimientos.<br \/>\n\u201cLa propiedad privada es un derecho que se garantiza desde la Constituci\u00f3n Pol\u00edtica del Estado, este Decreto Supremo 5143 reconoce como principio el respeto a la propiedad privada; los \u00fanicos que tendr\u00e1n acceso a la informaci\u00f3n son los propietarios. No se han modificado los procedimientos, por tanto, la gente puede estar tranquila, el derecho a la propiedad privada se garantiza en la Constituci\u00f3n y en el Decreto\u201d, explic\u00f3 la autoridad.<\/p>\n","protected":false},"excerpt":{"rendered":"<p>Tras la realizaci\u00f3n de una reuni\u00f3n interinstitucional en la que se abord\u00f3 la falta de voluntad pol\u00edtica del Movimiento al Socialismo (MAS) para tratar el Proyecto de Ley 270 de Derechos Reales, la senadora por la agrupaci\u00f3n Creemos, Centa Rek, cuestion\u00f3 que el oficialismo obstaculice el tratamiento legislativo de dicha normativa dando paso a que [&hellip;]<\/p>\n","protected":false},"author":1,"featured_media":194754,"comment_status":"open","ping_status":"open","sticky":false,"template":"","format":"standard","meta":{"_acf_changed":false,"footnotes":""},"categories":[14],"tags":[],"class_list":["post-218586","post","type-post","status-publish","format-standard","has-post-thumbnail","category-politica"],"acf":{"antetitulo":"Mediante decretos inconstitucionales"},"yoast_head":"<!-- This site is optimized with the Yoast SEO plugin v28.4 - https:\/\/yoast.com\/product\/yoast-seo-wordpress\/ -->\n<title>Rechazan que Gobierno insista en sobreponerse al Legislativo - El Diario - Bolivia<\/title>\n<meta name=\"robots\" content=\"index, follow, max-snippet:-1, max-image-preview:large, max-video-preview:-1\" \/>\n<link rel=\"canonical\" href=\"https:\/\/www.eldiario.net\/portal\/2024\/05\/05\/rechazan-que-gobierno-insista-en-sobreponerse-al-legislativo\/\" \/>\n<meta property=\"og:locale\" content=\"es_ES\" \/>\n<meta property=\"og:type\" content=\"article\" \/>\n<meta property=\"og:title\" content=\"Rechazan que Gobierno insista en sobreponerse al Legislativo - El Diario - Bolivia\" \/>\n<meta property=\"og:description\" content=\"Tras la realizaci\u00f3n de una reuni\u00f3n interinstitucional en la que se abord\u00f3 la falta de voluntad pol\u00edtica del Movimiento al Socialismo (MAS) para tratar el Proyecto de Ley 270 de Derechos Reales, la senadora por la agrupaci\u00f3n Creemos, Centa Rek, cuestion\u00f3 que el oficialismo obstaculice el tratamiento legislativo de dicha normativa dando paso a que [&hellip;]\" \/>\n<meta property=\"og:url\" content=\"https:\/\/www.eldiario.net\/portal\/2024\/05\/05\/rechazan-que-gobierno-insista-en-sobreponerse-al-legislativo\/\" \/>\n<meta property=\"og:site_name\" content=\"El Diario - Bolivia\" \/>\n<meta property=\"article:publisher\" content=\"https:\/\/www.facebook.com\/eldiario.bolivia\/\" \/>\n<meta property=\"article:published_time\" content=\"2024-05-05T10:56:19+00:00\" \/>\n<meta property=\"og:image\" content=\"https:\/\/www.eldiario.net\/portal\/wp-content\/uploads\/2023\/12\/Politica.jpg\" \/>\n\t<meta property=\"og:image:width\" content=\"800\" \/>\n\t<meta property=\"og:image:height\" content=\"500\" \/>\n\t<meta property=\"og:image:type\" content=\"image\/jpeg\" \/>\n<meta name=\"author\" content=\"Jeanette\" \/>\n<meta name=\"twitter:card\" content=\"summary_large_image\" \/>\n<meta name=\"twitter:creator\" content=\"@eldiario_net\" \/>\n<meta name=\"twitter:site\" content=\"@eldiario_net\" \/>\n<meta name=\"twitter:label1\" content=\"Escrito por\" \/>\n\t<meta name=\"twitter:data1\" content=\"Jeanette\" \/>\n\t<meta name=\"twitter:label2\" content=\"Tiempo de lectura\" \/>\n\t<meta name=\"twitter:data2\" content=\"4 minutos\" \/>\n<script type=\"application\/ld+json\" class=\"yoast-schema-graph\">{\"@context\":\"https:\\\/\\\/schema.org\",\"@graph\":[{\"@type\":\"Article\",\"@id\":\"https:\\\/\\\/www.eldiario.net\\\/portal\\\/2024\\\/05\\\/05\\\/rechazan-que-gobierno-insista-en-sobreponerse-al-legislativo\\\/#article\",\"isPartOf\":{\"@id\":\"https:\\\/\\\/www.eldiario.net\\\/portal\\\/2024\\\/05\\\/05\\\/rechazan-que-gobierno-insista-en-sobreponerse-al-legislativo\\\/\"},\"author\":{\"name\":\"Jeanette\",\"@id\":\"https:\\\/\\\/www.eldiario.net\\\/portal\\\/#\\\/schema\\\/person\\\/f46445640444750d7d753ccd04ae01b7\"},\"headline\":\"Rechazan que Gobierno insista en sobreponerse al Legislativo\",\"datePublished\":\"2024-05-05T10:56:19+00:00\",\"mainEntityOfPage\":{\"@id\":\"https:\\\/\\\/www.eldiario.net\\\/portal\\\/2024\\\/05\\\/05\\\/rechazan-que-gobierno-insista-en-sobreponerse-al-legislativo\\\/\"},\"wordCount\":750,\"commentCount\":0,\"publisher\":{\"@id\":\"https:\\\/\\\/www.eldiario.net\\\/portal\\\/#organization\"},\"image\":{\"@id\":\"https:\\\/\\\/www.eldiario.net\\\/portal\\\/2024\\\/05\\\/05\\\/rechazan-que-gobierno-insista-en-sobreponerse-al-legislativo\\\/#primaryimage\"},\"thumbnailUrl\":\"https:\\\/\\\/www.eldiario.net\\\/portal\\\/wp-content\\\/uploads\\\/2023\\\/12\\\/Politica.jpg\",\"articleSection\":[\"Pol\u00edtica\"],\"inLanguage\":\"es\",\"potentialAction\":[{\"@type\":\"CommentAction\",\"name\":\"Comment\",\"target\":[\"https:\\\/\\\/www.eldiario.net\\\/portal\\\/2024\\\/05\\\/05\\\/rechazan-que-gobierno-insista-en-sobreponerse-al-legislativo\\\/#respond\"]}]},{\"@type\":\"WebPage\",\"@id\":\"https:\\\/\\\/www.eldiario.net\\\/portal\\\/2024\\\/05\\\/05\\\/rechazan-que-gobierno-insista-en-sobreponerse-al-legislativo\\\/\",\"url\":\"https:\\\/\\\/www.eldiario.net\\\/portal\\\/2024\\\/05\\\/05\\\/rechazan-que-gobierno-insista-en-sobreponerse-al-legislativo\\\/\",\"name\":\"Rechazan que Gobierno insista en sobreponerse al Legislativo - El Diario - Bolivia\",\"isPartOf\":{\"@id\":\"https:\\\/\\\/www.eldiario.net\\\/portal\\\/#website\"},\"primaryImageOfPage\":{\"@id\":\"https:\\\/\\\/www.eldiario.net\\\/portal\\\/2024\\\/05\\\/05\\\/rechazan-que-gobierno-insista-en-sobreponerse-al-legislativo\\\/#primaryimage\"},\"image\":{\"@id\":\"https:\\\/\\\/www.eldiario.net\\\/portal\\\/2024\\\/05\\\/05\\\/rechazan-que-gobierno-insista-en-sobreponerse-al-legislativo\\\/#primaryimage\"},\"thumbnailUrl\":\"https:\\\/\\\/www.eldiario.net\\\/portal\\\/wp-content\\\/uploads\\\/2023\\\/12\\\/Politica.jpg\",\"datePublished\":\"2024-05-05T10:56:19+00:00\",\"breadcrumb\":{\"@id\":\"https:\\\/\\\/www.eldiario.net\\\/portal\\\/2024\\\/05\\\/05\\\/rechazan-que-gobierno-insista-en-sobreponerse-al-legislativo\\\/#breadcrumb\"},\"inLanguage\":\"es\",\"potentialAction\":[{\"@type\":\"ReadAction\",\"target\":[\"https:\\\/\\\/www.eldiario.net\\\/portal\\\/2024\\\/05\\\/05\\\/rechazan-que-gobierno-insista-en-sobreponerse-al-legislativo\\\/\"]}]},{\"@type\":\"ImageObject\",\"inLanguage\":\"es\",\"@id\":\"https:\\\/\\\/www.eldiario.net\\\/portal\\\/2024\\\/05\\\/05\\\/rechazan-que-gobierno-insista-en-sobreponerse-al-legislativo\\\/#primaryimage\",\"url\":\"https:\\\/\\\/www.eldiario.net\\\/portal\\\/wp-content\\\/uploads\\\/2023\\\/12\\\/Politica.jpg\",\"contentUrl\":\"https:\\\/\\\/www.eldiario.net\\\/portal\\\/wp-content\\\/uploads\\\/2023\\\/12\\\/Politica.jpg\",\"width\":800,\"height\":500},{\"@type\":\"BreadcrumbList\",\"@id\":\"https:\\\/\\\/www.eldiario.net\\\/portal\\\/2024\\\/05\\\/05\\\/rechazan-que-gobierno-insista-en-sobreponerse-al-legislativo\\\/#breadcrumb\",\"itemListElement\":[{\"@type\":\"ListItem\",\"position\":1,\"name\":\"Portada\",\"item\":\"https:\\\/\\\/www.eldiario.net\\\/portal\\\/\"},{\"@type\":\"ListItem\",\"position\":2,\"name\":\"Rechazan que Gobierno insista en sobreponerse al Legislativo\"}]},{\"@type\":\"WebSite\",\"@id\":\"https:\\\/\\\/www.eldiario.net\\\/portal\\\/#website\",\"url\":\"https:\\\/\\\/www.eldiario.net\\\/portal\\\/\",\"name\":\"El Diario - Decano de la prensa nacional\",\"description\":\"El Diario - Decano de la prensa nacional\",\"publisher\":{\"@id\":\"https:\\\/\\\/www.eldiario.net\\\/portal\\\/#organization\"},\"potentialAction\":[{\"@type\":\"SearchAction\",\"target\":{\"@type\":\"EntryPoint\",\"urlTemplate\":\"https:\\\/\\\/www.eldiario.net\\\/portal\\\/?s={search_term_string}\"},\"query-input\":{\"@type\":\"PropertyValueSpecification\",\"valueRequired\":true,\"valueName\":\"search_term_string\"}}],\"inLanguage\":\"es\"},{\"@type\":\"Organization\",\"@id\":\"https:\\\/\\\/www.eldiario.net\\\/portal\\\/#organization\",\"name\":\"El Diario - Decano de la prensa nacional\",\"url\":\"https:\\\/\\\/www.eldiario.net\\\/portal\\\/\",\"logo\":{\"@type\":\"ImageObject\",\"inLanguage\":\"es\",\"@id\":\"https:\\\/\\\/www.eldiario.net\\\/portal\\\/#\\\/schema\\\/logo\\\/image\\\/\",\"url\":\"https:\\\/\\\/www.eldiario.net\\\/portal\\\/wp-content\\\/uploads\\\/2023\\\/07\\\/logo_ED.jpg\",\"contentUrl\":\"https:\\\/\\\/www.eldiario.net\\\/portal\\\/wp-content\\\/uploads\\\/2023\\\/07\\\/logo_ED.jpg\",\"width\":272,\"height\":52,\"caption\":\"El Diario - Decano de la prensa nacional\"},\"image\":{\"@id\":\"https:\\\/\\\/www.eldiario.net\\\/portal\\\/#\\\/schema\\\/logo\\\/image\\\/\"},\"sameAs\":[\"https:\\\/\\\/www.facebook.com\\\/eldiario.bolivia\\\/\",\"https:\\\/\\\/x.com\\\/eldiario_net\"]},{\"@type\":\"Person\",\"@id\":\"https:\\\/\\\/www.eldiario.net\\\/portal\\\/#\\\/schema\\\/person\\\/f46445640444750d7d753ccd04ae01b7\",\"name\":\"Jeanette\",\"image\":{\"@type\":\"ImageObject\",\"inLanguage\":\"es\",\"@id\":\"https:\\\/\\\/secure.gravatar.com\\\/avatar\\\/3ea2118a5f7dad2b7138b1187a6b7ee55f160b9968b66013c3a3ef39dd7e5798?s=96&d=mm&r=g\",\"url\":\"https:\\\/\\\/secure.gravatar.com\\\/avatar\\\/3ea2118a5f7dad2b7138b1187a6b7ee55f160b9968b66013c3a3ef39dd7e5798?s=96&d=mm&r=g\",\"contentUrl\":\"https:\\\/\\\/secure.gravatar.com\\\/avatar\\\/3ea2118a5f7dad2b7138b1187a6b7ee55f160b9968b66013c3a3ef39dd7e5798?s=96&d=mm&r=g\",\"caption\":\"Jeanette\"},\"sameAs\":[\"https:\\\/\\\/www.eldiario.net\\\/portal\"],\"url\":\"https:\\\/\\\/www.eldiario.net\\\/portal\\\/author\\\/jeanette\\\/\"}]}<\/script>\n<!-- \/ Yoast SEO plugin. -->","yoast_head_json":{"title":"Rechazan que Gobierno insista en sobreponerse al Legislativo - El Diario - Bolivia","robots":{"index":"index","follow":"follow","max-snippet":"max-snippet:-1","max-image-preview":"max-image-preview:large","max-video-preview":"max-video-preview:-1"},"canonical":"https:\/\/www.eldiario.net\/portal\/2024\/05\/05\/rechazan-que-gobierno-insista-en-sobreponerse-al-legislativo\/","og_locale":"es_ES","og_type":"article","og_title":"Rechazan que Gobierno insista en sobreponerse al Legislativo - El Diario - Bolivia","og_description":"Tras la realizaci\u00f3n de una reuni\u00f3n interinstitucional en la que se abord\u00f3 la falta de voluntad pol\u00edtica del Movimiento al Socialismo (MAS) para tratar el Proyecto de Ley 270 de Derechos Reales, la senadora por la agrupaci\u00f3n Creemos, Centa Rek, cuestion\u00f3 que el oficialismo obstaculice el tratamiento legislativo de dicha normativa dando paso a que [&hellip;]","og_url":"https:\/\/www.eldiario.net\/portal\/2024\/05\/05\/rechazan-que-gobierno-insista-en-sobreponerse-al-legislativo\/","og_site_name":"El Diario - Bolivia","article_publisher":"https:\/\/www.facebook.com\/eldiario.bolivia\/","article_published_time":"2024-05-05T10:56:19+00:00","og_image":[{"width":800,"height":500,"url":"https:\/\/www.eldiario.net\/portal\/wp-content\/uploads\/2023\/12\/Politica.jpg","type":"image\/jpeg"}],"author":"Jeanette","twitter_card":"summary_large_image","twitter_creator":"@eldiario_net","twitter_site":"@eldiario_net","twitter_misc":{"Escrito por":"Jeanette","Tiempo de lectura":"4 minutos"},"schema":{"@context":"https:\/\/schema.org","@graph":[{"@type":"Article","@id":"https:\/\/www.eldiario.net\/portal\/2024\/05\/05\/rechazan-que-gobierno-insista-en-sobreponerse-al-legislativo\/#article","isPartOf":{"@id":"https:\/\/www.eldiario.net\/portal\/2024\/05\/05\/rechazan-que-gobierno-insista-en-sobreponerse-al-legislativo\/"},"author":{"name":"Jeanette","@id":"https:\/\/www.eldiario.net\/portal\/#\/schema\/person\/f46445640444750d7d753ccd04ae01b7"},"headline":"Rechazan que Gobierno insista en sobreponerse al Legislativo","datePublished":"2024-05-05T10:56:19+00:00","mainEntityOfPage":{"@id":"https:\/\/www.eldiario.net\/portal\/2024\/05\/05\/rechazan-que-gobierno-insista-en-sobreponerse-al-legislativo\/"},"wordCount":750,"commentCount":0,"publisher":{"@id":"https:\/\/www.eldiario.net\/portal\/#organization"},"image":{"@id":"https:\/\/www.eldiario.net\/portal\/2024\/05\/05\/rechazan-que-gobierno-insista-en-sobreponerse-al-legislativo\/#primaryimage"},"thumbnailUrl":"https:\/\/www.eldiario.net\/portal\/wp-content\/uploads\/2023\/12\/Politica.jpg","articleSection":["Pol\u00edtica"],"inLanguage":"es","potentialAction":[{"@type":"CommentAction","name":"Comment","target":["https:\/\/www.eldiario.net\/portal\/2024\/05\/05\/rechazan-que-gobierno-insista-en-sobreponerse-al-legislativo\/#respond"]}]},{"@type":"WebPage","@id":"https:\/\/www.eldiario.net\/portal\/2024\/05\/05\/rechazan-que-gobierno-insista-en-sobreponerse-al-legislativo\/","url":"https:\/\/www.eldiario.net\/portal\/2024\/05\/05\/rechazan-que-gobierno-insista-en-sobreponerse-al-legislativo\/","name":"Rechazan que Gobierno insista en sobreponerse al Legislativo - El Diario - Bolivia","isPartOf":{"@id":"https:\/\/www.eldiario.net\/portal\/#website"},"primaryImageOfPage":{"@id":"https:\/\/www.eldiario.net\/portal\/2024\/05\/05\/rechazan-que-gobierno-insista-en-sobreponerse-al-legislativo\/#primaryimage"},"image":{"@id":"https:\/\/www.eldiario.net\/portal\/2024\/05\/05\/rechazan-que-gobierno-insista-en-sobreponerse-al-legislativo\/#primaryimage"},"thumbnailUrl":"https:\/\/www.eldiario.net\/portal\/wp-content\/uploads\/2023\/12\/Politica.jpg","datePublished":"2024-05-05T10:56:19+00:00","breadcrumb":{"@id":"https:\/\/www.eldiario.net\/portal\/2024\/05\/05\/rechazan-que-gobierno-insista-en-sobreponerse-al-legislativo\/#breadcrumb"},"inLanguage":"es","potentialAction":[{"@type":"ReadAction","target":["https:\/\/www.eldiario.net\/portal\/2024\/05\/05\/rechazan-que-gobierno-insista-en-sobreponerse-al-legislativo\/"]}]},{"@type":"ImageObject","inLanguage":"es","@id":"https:\/\/www.eldiario.net\/portal\/2024\/05\/05\/rechazan-que-gobierno-insista-en-sobreponerse-al-legislativo\/#primaryimage","url":"https:\/\/www.eldiario.net\/portal\/wp-content\/uploads\/2023\/12\/Politica.jpg","contentUrl":"https:\/\/www.eldiario.net\/portal\/wp-content\/uploads\/2023\/12\/Politica.jpg","width":800,"height":500},{"@type":"BreadcrumbList","@id":"https:\/\/www.eldiario.net\/portal\/2024\/05\/05\/rechazan-que-gobierno-insista-en-sobreponerse-al-legislativo\/#breadcrumb","itemListElement":[{"@type":"ListItem","position":1,"name":"Portada","item":"https:\/\/www.eldiario.net\/portal\/"},{"@type":"ListItem","position":2,"name":"Rechazan que Gobierno insista en sobreponerse al Legislativo"}]},{"@type":"WebSite","@id":"https:\/\/www.eldiario.net\/portal\/#website","url":"https:\/\/www.eldiario.net\/portal\/","name":"El Diario - Decano de la prensa nacional","description":"El Diario - Decano de la prensa nacional","publisher":{"@id":"https:\/\/www.eldiario.net\/portal\/#organization"},"potentialAction":[{"@type":"SearchAction","target":{"@type":"EntryPoint","urlTemplate":"https:\/\/www.eldiario.net\/portal\/?s={search_term_string}"},"query-input":{"@type":"PropertyValueSpecification","valueRequired":true,"valueName":"search_term_string"}}],"inLanguage":"es"},{"@type":"Organization","@id":"https:\/\/www.eldiario.net\/portal\/#organization","name":"El Diario - Decano de la prensa nacional","url":"https:\/\/www.eldiario.net\/portal\/","logo":{"@type":"ImageObject","inLanguage":"es","@id":"https:\/\/www.eldiario.net\/portal\/#\/schema\/logo\/image\/","url":"https:\/\/www.eldiario.net\/portal\/wp-content\/uploads\/2023\/07\/logo_ED.jpg","contentUrl":"https:\/\/www.eldiario.net\/portal\/wp-content\/uploads\/2023\/07\/logo_ED.jpg","width":272,"height":52,"caption":"El Diario - Decano de la prensa nacional"},"image":{"@id":"https:\/\/www.eldiario.net\/portal\/#\/schema\/logo\/image\/"},"sameAs":["https:\/\/www.facebook.com\/eldiario.bolivia\/","https:\/\/x.com\/eldiario_net"]},{"@type":"Person","@id":"https:\/\/www.eldiario.net\/portal\/#\/schema\/person\/f46445640444750d7d753ccd04ae01b7","name":"Jeanette","image":{"@type":"ImageObject","inLanguage":"es","@id":"https:\/\/secure.gravatar.com\/avatar\/3ea2118a5f7dad2b7138b1187a6b7ee55f160b9968b66013c3a3ef39dd7e5798?s=96&d=mm&r=g","url":"https:\/\/secure.gravatar.com\/avatar\/3ea2118a5f7dad2b7138b1187a6b7ee55f160b9968b66013c3a3ef39dd7e5798?s=96&d=mm&r=g","contentUrl":"https:\/\/secure.gravatar.com\/avatar\/3ea2118a5f7dad2b7138b1187a6b7ee55f160b9968b66013c3a3ef39dd7e5798?s=96&d=mm&r=g","caption":"Jeanette"},"sameAs":["https:\/\/www.eldiario.net\/portal"],"url":"https:\/\/www.eldiario.net\/portal\/author\/jeanette\/"}]}},"_links":{"self":[{"href":"https:\/\/www.eldiario.net\/portal\/wp-json\/wp\/v2\/posts\/218586","targetHints":{"allow":["GET"]}}],"collection":[{"href":"https:\/\/www.eldiario.net\/portal\/wp-json\/wp\/v2\/posts"}],"about":[{"href":"https:\/\/www.eldiario.net\/portal\/wp-json\/wp\/v2\/types\/post"}],"author":[{"embeddable":true,"href":"https:\/\/www.eldiario.net\/portal\/wp-json\/wp\/v2\/users\/1"}],"replies":[{"embeddable":true,"href":"https:\/\/www.eldiario.net\/portal\/wp-json\/wp\/v2\/comments?post=218586"}],"version-history":[{"count":1,"href":"https:\/\/www.eldiario.net\/portal\/wp-json\/wp\/v2\/posts\/218586\/revisions"}],"predecessor-version":[{"id":218587,"href":"https:\/\/www.eldiario.net\/portal\/wp-json\/wp\/v2\/posts\/218586\/revisions\/218587"}],"wp:featuredmedia":[{"embeddable":true,"href":"https:\/\/www.eldiario.net\/portal\/wp-json\/wp\/v2\/media\/194754"}],"wp:attachment":[{"href":"https:\/\/www.eldiario.net\/portal\/wp-json\/wp\/v2\/media?parent=218586"}],"wp:term":[{"taxonomy":"category","embeddable":true,"href":"https:\/\/www.eldiario.net\/portal\/wp-json\/wp\/v2\/categories?post=218586"},{"taxonomy":"post_tag","embeddable":true,"href":"https:\/\/www.eldiario.net\/portal\/wp-json\/wp\/v2\/tags?post=218586"}],"curies":[{"name":"wp","href":"https:\/\/api.w.org\/{rel}","templated":true}]}}