{"id":218584,"date":"2024-05-05T06:55:31","date_gmt":"2024-05-05T10:55:31","guid":{"rendered":"https:\/\/www.eldiario.net\/portal\/?p=218584"},"modified":"2024-05-05T06:55:31","modified_gmt":"2024-05-05T10:55:31","slug":"camacho-denuncia-pacto-entre-aguilera-y-el-mas","status":"publish","type":"post","link":"https:\/\/www.eldiario.net\/portal\/2024\/05\/05\/camacho-denuncia-pacto-entre-aguilera-y-el-mas\/","title":{"rendered":"Camacho denuncia pacto  entre Aguilera y el MAS"},"content":{"rendered":"<p>\u201cCon el nombramiento del presidente de la Asamblea Legislativa Departamental (ALD), se ha confirmado con hechos el acuerdo pol\u00edtico entre el gobernador suplente Mario Aguilera y el Movimiento al Socialismo (MAS)\u201d, se\u00f1al\u00f3 el gobernador Luis Fernando Camacho, despu\u00e9s de que Antonio Talam\u00e1s, un disidente de Creemos, resultara electo presidente de esta instancia gubernamental.<br \/>\nEl l\u00edder de Creemos se refiri\u00f3 a este tema desde su reclusi\u00f3n preventiva en el penal de Chonchocoro, considerando que esta no es una situaci\u00f3n normal en una elecci\u00f3n abierta y democr\u00e1tica.<br \/>\nTalam\u00e1s gan\u00f3 la presidencia de la ALD tras obtener 21 votos a favor, frente a los seis conseguidos por el bloque conformado por la bancada ind\u00edgena y los asamble\u00edstas titulares de Creemos, que est\u00e1n encabezado por el presidente saliente Zvonko Matkovic.<br \/>\n\u201cEs un hecho. Los votos del MAS y de unos pocos disidentes de Creemos han dado la presidencia de la ALD a una directiva controlada por Aguilera y el MAS\u201d, expres\u00f3 Camacho a trav\u00e9s de sus redes sociales.<br \/>\nSeg\u00fan Camacho, as\u00ed como la llegada al cargo de Mario Aguilera no fue un proceso de normalidad institucional, sino una \u201cimposici\u00f3n arbitraria\u201d de la justicia \u201cdominada por el MAS\u201d, la elecci\u00f3n de esta nueva directiva de la ALD no obedece ni a la legitimidad, ni a la legalidad.<br \/>\n\u201cLa ALD debe ser presidida por el partido ganador de las elecciones y ese partido es Creemos. El nuevo presidente de la ALD, al aliarse con el MAS ya no representa a Creemos, pero as\u00ed se han dado las cosas y por eso comunicamos al pueblo cruce\u00f1o que hoy el MAS y Mario Aguilera han tomado la directiva de la ALD\u201d, apunt\u00f3 el gobernador.<br \/>\nAntes de ser elegido, los asamble\u00edstas titulares de Creemos oficializaron la expulsi\u00f3n de Talam\u00e1s de las filas de esta agrupaci\u00f3n, misma suerte que corrieron las asamble\u00edstas Keila Garc\u00eda y Kathya Quiroga.<br \/>\nSin embargo, Talam\u00e1s sostuvo que es asamble\u00edsta de Creemos y que el tema de la expulsi\u00f3n ser\u00e1 abordado por su equipo jur\u00eddico, esperando que esto no entorpezca a las labores que se llevan adelante en la ALD.<br \/>\n\u201cLos cruce\u00f1os debemos tener bien claro de lo siguiente: el asamble\u00edsta Antonio Talam\u00e1s ha sido elegido presidente de la ALD, pero no porque de la noche a la ma\u00f1ana haya repuntado su liderazgo, \u00e9l ha sido elegido por los votos masistas porque de aqu\u00ed en adelante tendr\u00e1 un comportamiento funcional al masismo\u201d, apunt\u00f3 el gobernador.<br \/>\nCamacho consider\u00f3 que, en adelante, Talam\u00e1s no levantar\u00e1 su voz para defender a Santa Cruz y a Bolivia de los atropellos del MAS, ya que tomar\u00e1 la misma \u201cl\u00ednea pasiva y obsecuente al masismo con la que se conduce el gobernador en suplencia\u201d.<br \/>\nLa autoridad concluy\u00f3 ponderando la labor de Zvonko Matkovic, \u00d3scar Feeney, Paola Aguirre y Yelly Baldivieso, titulares de la directiva saliente de la ALD. (Santa Cruz, agencias)<\/p>\n","protected":false},"excerpt":{"rendered":"<p>\u201cCon el nombramiento del presidente de la Asamblea Legislativa Departamental (ALD), se ha confirmado con hechos el acuerdo pol\u00edtico entre el gobernador suplente Mario Aguilera y el Movimiento al Socialismo (MAS)\u201d, se\u00f1al\u00f3 el gobernador Luis Fernando Camacho, despu\u00e9s de que Antonio Talam\u00e1s, un disidente de Creemos, resultara electo presidente de esta instancia gubernamental. El l\u00edder [&hellip;]<\/p>\n","protected":false},"author":1,"featured_media":194754,"comment_status":"open","ping_status":"open","sticky":false,"template":"","format":"standard","meta":{"_acf_changed":false,"footnotes":""},"categories":[14],"tags":[],"class_list":["post-218584","post","type-post","status-publish","format-standard","has-post-thumbnail","category-politica"],"acf":{"antetitulo":"Tras perder el control de la ALD"},"yoast_head":"<!-- This site is optimized with the Yoast SEO plugin v28.4 - https:\/\/yoast.com\/product\/yoast-seo-wordpress\/ -->\n<title>Camacho denuncia pacto entre Aguilera y el MAS - El Diario - Bolivia<\/title>\n<meta name=\"robots\" content=\"index, follow, max-snippet:-1, max-image-preview:large, max-video-preview:-1\" \/>\n<link rel=\"canonical\" href=\"https:\/\/www.eldiario.net\/portal\/2024\/05\/05\/camacho-denuncia-pacto-entre-aguilera-y-el-mas\/\" \/>\n<meta property=\"og:locale\" content=\"es_ES\" \/>\n<meta property=\"og:type\" content=\"article\" \/>\n<meta property=\"og:title\" content=\"Camacho denuncia pacto entre Aguilera y el MAS - El Diario - Bolivia\" \/>\n<meta property=\"og:description\" content=\"\u201cCon el nombramiento del presidente de la Asamblea Legislativa Departamental (ALD), se ha confirmado con hechos el acuerdo pol\u00edtico entre el gobernador suplente Mario Aguilera y el Movimiento al Socialismo (MAS)\u201d, se\u00f1al\u00f3 el gobernador Luis Fernando Camacho, despu\u00e9s de que Antonio Talam\u00e1s, un disidente de Creemos, resultara electo presidente de esta instancia gubernamental. El l\u00edder [&hellip;]\" \/>\n<meta property=\"og:url\" content=\"https:\/\/www.eldiario.net\/portal\/2024\/05\/05\/camacho-denuncia-pacto-entre-aguilera-y-el-mas\/\" \/>\n<meta property=\"og:site_name\" content=\"El Diario - Bolivia\" \/>\n<meta property=\"article:publisher\" content=\"https:\/\/www.facebook.com\/eldiario.bolivia\/\" \/>\n<meta property=\"article:published_time\" content=\"2024-05-05T10:55:31+00:00\" \/>\n<meta property=\"og:image\" content=\"https:\/\/www.eldiario.net\/portal\/wp-content\/uploads\/2023\/12\/Politica.jpg\" \/>\n\t<meta property=\"og:image:width\" content=\"800\" \/>\n\t<meta property=\"og:image:height\" content=\"500\" \/>\n\t<meta property=\"og:image:type\" content=\"image\/jpeg\" \/>\n<meta name=\"author\" content=\"Jeanette\" \/>\n<meta name=\"twitter:card\" content=\"summary_large_image\" \/>\n<meta name=\"twitter:creator\" content=\"@eldiario_net\" \/>\n<meta name=\"twitter:site\" content=\"@eldiario_net\" \/>\n<meta name=\"twitter:label1\" content=\"Escrito por\" \/>\n\t<meta name=\"twitter:data1\" content=\"Jeanette\" \/>\n\t<meta name=\"twitter:label2\" content=\"Tiempo de lectura\" \/>\n\t<meta name=\"twitter:data2\" content=\"3 minutos\" \/>\n<script type=\"application\/ld+json\" class=\"yoast-schema-graph\">{\"@context\":\"https:\\\/\\\/schema.org\",\"@graph\":[{\"@type\":\"Article\",\"@id\":\"https:\\\/\\\/www.eldiario.net\\\/portal\\\/2024\\\/05\\\/05\\\/camacho-denuncia-pacto-entre-aguilera-y-el-mas\\\/#article\",\"isPartOf\":{\"@id\":\"https:\\\/\\\/www.eldiario.net\\\/portal\\\/2024\\\/05\\\/05\\\/camacho-denuncia-pacto-entre-aguilera-y-el-mas\\\/\"},\"author\":{\"name\":\"Jeanette\",\"@id\":\"https:\\\/\\\/www.eldiario.net\\\/portal\\\/#\\\/schema\\\/person\\\/f46445640444750d7d753ccd04ae01b7\"},\"headline\":\"Camacho denuncia pacto entre Aguilera y el MAS\",\"datePublished\":\"2024-05-05T10:55:31+00:00\",\"mainEntityOfPage\":{\"@id\":\"https:\\\/\\\/www.eldiario.net\\\/portal\\\/2024\\\/05\\\/05\\\/camacho-denuncia-pacto-entre-aguilera-y-el-mas\\\/\"},\"wordCount\":510,\"commentCount\":0,\"publisher\":{\"@id\":\"https:\\\/\\\/www.eldiario.net\\\/portal\\\/#organization\"},\"image\":{\"@id\":\"https:\\\/\\\/www.eldiario.net\\\/portal\\\/2024\\\/05\\\/05\\\/camacho-denuncia-pacto-entre-aguilera-y-el-mas\\\/#primaryimage\"},\"thumbnailUrl\":\"https:\\\/\\\/www.eldiario.net\\\/portal\\\/wp-content\\\/uploads\\\/2023\\\/12\\\/Politica.jpg\",\"articleSection\":[\"Pol\u00edtica\"],\"inLanguage\":\"es\",\"potentialAction\":[{\"@type\":\"CommentAction\",\"name\":\"Comment\",\"target\":[\"https:\\\/\\\/www.eldiario.net\\\/portal\\\/2024\\\/05\\\/05\\\/camacho-denuncia-pacto-entre-aguilera-y-el-mas\\\/#respond\"]}]},{\"@type\":\"WebPage\",\"@id\":\"https:\\\/\\\/www.eldiario.net\\\/portal\\\/2024\\\/05\\\/05\\\/camacho-denuncia-pacto-entre-aguilera-y-el-mas\\\/\",\"url\":\"https:\\\/\\\/www.eldiario.net\\\/portal\\\/2024\\\/05\\\/05\\\/camacho-denuncia-pacto-entre-aguilera-y-el-mas\\\/\",\"name\":\"Camacho denuncia pacto entre Aguilera y el MAS - El Diario - Bolivia\",\"isPartOf\":{\"@id\":\"https:\\\/\\\/www.eldiario.net\\\/portal\\\/#website\"},\"primaryImageOfPage\":{\"@id\":\"https:\\\/\\\/www.eldiario.net\\\/portal\\\/2024\\\/05\\\/05\\\/camacho-denuncia-pacto-entre-aguilera-y-el-mas\\\/#primaryimage\"},\"image\":{\"@id\":\"https:\\\/\\\/www.eldiario.net\\\/portal\\\/2024\\\/05\\\/05\\\/camacho-denuncia-pacto-entre-aguilera-y-el-mas\\\/#primaryimage\"},\"thumbnailUrl\":\"https:\\\/\\\/www.eldiario.net\\\/portal\\\/wp-content\\\/uploads\\\/2023\\\/12\\\/Politica.jpg\",\"datePublished\":\"2024-05-05T10:55:31+00:00\",\"breadcrumb\":{\"@id\":\"https:\\\/\\\/www.eldiario.net\\\/portal\\\/2024\\\/05\\\/05\\\/camacho-denuncia-pacto-entre-aguilera-y-el-mas\\\/#breadcrumb\"},\"inLanguage\":\"es\",\"potentialAction\":[{\"@type\":\"ReadAction\",\"target\":[\"https:\\\/\\\/www.eldiario.net\\\/portal\\\/2024\\\/05\\\/05\\\/camacho-denuncia-pacto-entre-aguilera-y-el-mas\\\/\"]}]},{\"@type\":\"ImageObject\",\"inLanguage\":\"es\",\"@id\":\"https:\\\/\\\/www.eldiario.net\\\/portal\\\/2024\\\/05\\\/05\\\/camacho-denuncia-pacto-entre-aguilera-y-el-mas\\\/#primaryimage\",\"url\":\"https:\\\/\\\/www.eldiario.net\\\/portal\\\/wp-content\\\/uploads\\\/2023\\\/12\\\/Politica.jpg\",\"contentUrl\":\"https:\\\/\\\/www.eldiario.net\\\/portal\\\/wp-content\\\/uploads\\\/2023\\\/12\\\/Politica.jpg\",\"width\":800,\"height\":500},{\"@type\":\"BreadcrumbList\",\"@id\":\"https:\\\/\\\/www.eldiario.net\\\/portal\\\/2024\\\/05\\\/05\\\/camacho-denuncia-pacto-entre-aguilera-y-el-mas\\\/#breadcrumb\",\"itemListElement\":[{\"@type\":\"ListItem\",\"position\":1,\"name\":\"Portada\",\"item\":\"https:\\\/\\\/www.eldiario.net\\\/portal\\\/\"},{\"@type\":\"ListItem\",\"position\":2,\"name\":\"Camacho denuncia pacto entre Aguilera y el MAS\"}]},{\"@type\":\"WebSite\",\"@id\":\"https:\\\/\\\/www.eldiario.net\\\/portal\\\/#website\",\"url\":\"https:\\\/\\\/www.eldiario.net\\\/portal\\\/\",\"name\":\"El Diario - Decano de la prensa nacional\",\"description\":\"El Diario - Decano de la prensa nacional\",\"publisher\":{\"@id\":\"https:\\\/\\\/www.eldiario.net\\\/portal\\\/#organization\"},\"potentialAction\":[{\"@type\":\"SearchAction\",\"target\":{\"@type\":\"EntryPoint\",\"urlTemplate\":\"https:\\\/\\\/www.eldiario.net\\\/portal\\\/?s={search_term_string}\"},\"query-input\":{\"@type\":\"PropertyValueSpecification\",\"valueRequired\":true,\"valueName\":\"search_term_string\"}}],\"inLanguage\":\"es\"},{\"@type\":\"Organization\",\"@id\":\"https:\\\/\\\/www.eldiario.net\\\/portal\\\/#organization\",\"name\":\"El Diario - Decano de la prensa nacional\",\"url\":\"https:\\\/\\\/www.eldiario.net\\\/portal\\\/\",\"logo\":{\"@type\":\"ImageObject\",\"inLanguage\":\"es\",\"@id\":\"https:\\\/\\\/www.eldiario.net\\\/portal\\\/#\\\/schema\\\/logo\\\/image\\\/\",\"url\":\"https:\\\/\\\/www.eldiario.net\\\/portal\\\/wp-content\\\/uploads\\\/2023\\\/07\\\/logo_ED.jpg\",\"contentUrl\":\"https:\\\/\\\/www.eldiario.net\\\/portal\\\/wp-content\\\/uploads\\\/2023\\\/07\\\/logo_ED.jpg\",\"width\":272,\"height\":52,\"caption\":\"El Diario - Decano de la prensa nacional\"},\"image\":{\"@id\":\"https:\\\/\\\/www.eldiario.net\\\/portal\\\/#\\\/schema\\\/logo\\\/image\\\/\"},\"sameAs\":[\"https:\\\/\\\/www.facebook.com\\\/eldiario.bolivia\\\/\",\"https:\\\/\\\/x.com\\\/eldiario_net\"]},{\"@type\":\"Person\",\"@id\":\"https:\\\/\\\/www.eldiario.net\\\/portal\\\/#\\\/schema\\\/person\\\/f46445640444750d7d753ccd04ae01b7\",\"name\":\"Jeanette\",\"image\":{\"@type\":\"ImageObject\",\"inLanguage\":\"es\",\"@id\":\"https:\\\/\\\/secure.gravatar.com\\\/avatar\\\/3ea2118a5f7dad2b7138b1187a6b7ee55f160b9968b66013c3a3ef39dd7e5798?s=96&d=mm&r=g\",\"url\":\"https:\\\/\\\/secure.gravatar.com\\\/avatar\\\/3ea2118a5f7dad2b7138b1187a6b7ee55f160b9968b66013c3a3ef39dd7e5798?s=96&d=mm&r=g\",\"contentUrl\":\"https:\\\/\\\/secure.gravatar.com\\\/avatar\\\/3ea2118a5f7dad2b7138b1187a6b7ee55f160b9968b66013c3a3ef39dd7e5798?s=96&d=mm&r=g\",\"caption\":\"Jeanette\"},\"sameAs\":[\"https:\\\/\\\/www.eldiario.net\\\/portal\"],\"url\":\"https:\\\/\\\/www.eldiario.net\\\/portal\\\/author\\\/jeanette\\\/\"}]}<\/script>\n<!-- \/ Yoast SEO plugin. -->","yoast_head_json":{"title":"Camacho denuncia pacto entre Aguilera y el MAS - El Diario - Bolivia","robots":{"index":"index","follow":"follow","max-snippet":"max-snippet:-1","max-image-preview":"max-image-preview:large","max-video-preview":"max-video-preview:-1"},"canonical":"https:\/\/www.eldiario.net\/portal\/2024\/05\/05\/camacho-denuncia-pacto-entre-aguilera-y-el-mas\/","og_locale":"es_ES","og_type":"article","og_title":"Camacho denuncia pacto entre Aguilera y el MAS - El Diario - Bolivia","og_description":"\u201cCon el nombramiento del presidente de la Asamblea Legislativa Departamental (ALD), se ha confirmado con hechos el acuerdo pol\u00edtico entre el gobernador suplente Mario Aguilera y el Movimiento al Socialismo (MAS)\u201d, se\u00f1al\u00f3 el gobernador Luis Fernando Camacho, despu\u00e9s de que Antonio Talam\u00e1s, un disidente de Creemos, resultara electo presidente de esta instancia gubernamental. El l\u00edder [&hellip;]","og_url":"https:\/\/www.eldiario.net\/portal\/2024\/05\/05\/camacho-denuncia-pacto-entre-aguilera-y-el-mas\/","og_site_name":"El Diario - Bolivia","article_publisher":"https:\/\/www.facebook.com\/eldiario.bolivia\/","article_published_time":"2024-05-05T10:55:31+00:00","og_image":[{"width":800,"height":500,"url":"https:\/\/www.eldiario.net\/portal\/wp-content\/uploads\/2023\/12\/Politica.jpg","type":"image\/jpeg"}],"author":"Jeanette","twitter_card":"summary_large_image","twitter_creator":"@eldiario_net","twitter_site":"@eldiario_net","twitter_misc":{"Escrito por":"Jeanette","Tiempo de lectura":"3 minutos"},"schema":{"@context":"https:\/\/schema.org","@graph":[{"@type":"Article","@id":"https:\/\/www.eldiario.net\/portal\/2024\/05\/05\/camacho-denuncia-pacto-entre-aguilera-y-el-mas\/#article","isPartOf":{"@id":"https:\/\/www.eldiario.net\/portal\/2024\/05\/05\/camacho-denuncia-pacto-entre-aguilera-y-el-mas\/"},"author":{"name":"Jeanette","@id":"https:\/\/www.eldiario.net\/portal\/#\/schema\/person\/f46445640444750d7d753ccd04ae01b7"},"headline":"Camacho denuncia pacto entre Aguilera y el MAS","datePublished":"2024-05-05T10:55:31+00:00","mainEntityOfPage":{"@id":"https:\/\/www.eldiario.net\/portal\/2024\/05\/05\/camacho-denuncia-pacto-entre-aguilera-y-el-mas\/"},"wordCount":510,"commentCount":0,"publisher":{"@id":"https:\/\/www.eldiario.net\/portal\/#organization"},"image":{"@id":"https:\/\/www.eldiario.net\/portal\/2024\/05\/05\/camacho-denuncia-pacto-entre-aguilera-y-el-mas\/#primaryimage"},"thumbnailUrl":"https:\/\/www.eldiario.net\/portal\/wp-content\/uploads\/2023\/12\/Politica.jpg","articleSection":["Pol\u00edtica"],"inLanguage":"es","potentialAction":[{"@type":"CommentAction","name":"Comment","target":["https:\/\/www.eldiario.net\/portal\/2024\/05\/05\/camacho-denuncia-pacto-entre-aguilera-y-el-mas\/#respond"]}]},{"@type":"WebPage","@id":"https:\/\/www.eldiario.net\/portal\/2024\/05\/05\/camacho-denuncia-pacto-entre-aguilera-y-el-mas\/","url":"https:\/\/www.eldiario.net\/portal\/2024\/05\/05\/camacho-denuncia-pacto-entre-aguilera-y-el-mas\/","name":"Camacho denuncia pacto entre Aguilera y el MAS - El Diario - Bolivia","isPartOf":{"@id":"https:\/\/www.eldiario.net\/portal\/#website"},"primaryImageOfPage":{"@id":"https:\/\/www.eldiario.net\/portal\/2024\/05\/05\/camacho-denuncia-pacto-entre-aguilera-y-el-mas\/#primaryimage"},"image":{"@id":"https:\/\/www.eldiario.net\/portal\/2024\/05\/05\/camacho-denuncia-pacto-entre-aguilera-y-el-mas\/#primaryimage"},"thumbnailUrl":"https:\/\/www.eldiario.net\/portal\/wp-content\/uploads\/2023\/12\/Politica.jpg","datePublished":"2024-05-05T10:55:31+00:00","breadcrumb":{"@id":"https:\/\/www.eldiario.net\/portal\/2024\/05\/05\/camacho-denuncia-pacto-entre-aguilera-y-el-mas\/#breadcrumb"},"inLanguage":"es","potentialAction":[{"@type":"ReadAction","target":["https:\/\/www.eldiario.net\/portal\/2024\/05\/05\/camacho-denuncia-pacto-entre-aguilera-y-el-mas\/"]}]},{"@type":"ImageObject","inLanguage":"es","@id":"https:\/\/www.eldiario.net\/portal\/2024\/05\/05\/camacho-denuncia-pacto-entre-aguilera-y-el-mas\/#primaryimage","url":"https:\/\/www.eldiario.net\/portal\/wp-content\/uploads\/2023\/12\/Politica.jpg","contentUrl":"https:\/\/www.eldiario.net\/portal\/wp-content\/uploads\/2023\/12\/Politica.jpg","width":800,"height":500},{"@type":"BreadcrumbList","@id":"https:\/\/www.eldiario.net\/portal\/2024\/05\/05\/camacho-denuncia-pacto-entre-aguilera-y-el-mas\/#breadcrumb","itemListElement":[{"@type":"ListItem","position":1,"name":"Portada","item":"https:\/\/www.eldiario.net\/portal\/"},{"@type":"ListItem","position":2,"name":"Camacho denuncia pacto entre Aguilera y el MAS"}]},{"@type":"WebSite","@id":"https:\/\/www.eldiario.net\/portal\/#website","url":"https:\/\/www.eldiario.net\/portal\/","name":"El Diario - Decano de la prensa nacional","description":"El Diario - Decano de la prensa nacional","publisher":{"@id":"https:\/\/www.eldiario.net\/portal\/#organization"},"potentialAction":[{"@type":"SearchAction","target":{"@type":"EntryPoint","urlTemplate":"https:\/\/www.eldiario.net\/portal\/?s={search_term_string}"},"query-input":{"@type":"PropertyValueSpecification","valueRequired":true,"valueName":"search_term_string"}}],"inLanguage":"es"},{"@type":"Organization","@id":"https:\/\/www.eldiario.net\/portal\/#organization","name":"El Diario - Decano de la prensa nacional","url":"https:\/\/www.eldiario.net\/portal\/","logo":{"@type":"ImageObject","inLanguage":"es","@id":"https:\/\/www.eldiario.net\/portal\/#\/schema\/logo\/image\/","url":"https:\/\/www.eldiario.net\/portal\/wp-content\/uploads\/2023\/07\/logo_ED.jpg","contentUrl":"https:\/\/www.eldiario.net\/portal\/wp-content\/uploads\/2023\/07\/logo_ED.jpg","width":272,"height":52,"caption":"El Diario - Decano de la prensa nacional"},"image":{"@id":"https:\/\/www.eldiario.net\/portal\/#\/schema\/logo\/image\/"},"sameAs":["https:\/\/www.facebook.com\/eldiario.bolivia\/","https:\/\/x.com\/eldiario_net"]},{"@type":"Person","@id":"https:\/\/www.eldiario.net\/portal\/#\/schema\/person\/f46445640444750d7d753ccd04ae01b7","name":"Jeanette","image":{"@type":"ImageObject","inLanguage":"es","@id":"https:\/\/secure.gravatar.com\/avatar\/3ea2118a5f7dad2b7138b1187a6b7ee55f160b9968b66013c3a3ef39dd7e5798?s=96&d=mm&r=g","url":"https:\/\/secure.gravatar.com\/avatar\/3ea2118a5f7dad2b7138b1187a6b7ee55f160b9968b66013c3a3ef39dd7e5798?s=96&d=mm&r=g","contentUrl":"https:\/\/secure.gravatar.com\/avatar\/3ea2118a5f7dad2b7138b1187a6b7ee55f160b9968b66013c3a3ef39dd7e5798?s=96&d=mm&r=g","caption":"Jeanette"},"sameAs":["https:\/\/www.eldiario.net\/portal"],"url":"https:\/\/www.eldiario.net\/portal\/author\/jeanette\/"}]}},"_links":{"self":[{"href":"https:\/\/www.eldiario.net\/portal\/wp-json\/wp\/v2\/posts\/218584","targetHints":{"allow":["GET"]}}],"collection":[{"href":"https:\/\/www.eldiario.net\/portal\/wp-json\/wp\/v2\/posts"}],"about":[{"href":"https:\/\/www.eldiario.net\/portal\/wp-json\/wp\/v2\/types\/post"}],"author":[{"embeddable":true,"href":"https:\/\/www.eldiario.net\/portal\/wp-json\/wp\/v2\/users\/1"}],"replies":[{"embeddable":true,"href":"https:\/\/www.eldiario.net\/portal\/wp-json\/wp\/v2\/comments?post=218584"}],"version-history":[{"count":1,"href":"https:\/\/www.eldiario.net\/portal\/wp-json\/wp\/v2\/posts\/218584\/revisions"}],"predecessor-version":[{"id":218585,"href":"https:\/\/www.eldiario.net\/portal\/wp-json\/wp\/v2\/posts\/218584\/revisions\/218585"}],"wp:featuredmedia":[{"embeddable":true,"href":"https:\/\/www.eldiario.net\/portal\/wp-json\/wp\/v2\/media\/194754"}],"wp:attachment":[{"href":"https:\/\/www.eldiario.net\/portal\/wp-json\/wp\/v2\/media?parent=218584"}],"wp:term":[{"taxonomy":"category","embeddable":true,"href":"https:\/\/www.eldiario.net\/portal\/wp-json\/wp\/v2\/categories?post=218584"},{"taxonomy":"post_tag","embeddable":true,"href":"https:\/\/www.eldiario.net\/portal\/wp-json\/wp\/v2\/tags?post=218584"}],"curies":[{"name":"wp","href":"https:\/\/api.w.org\/{rel}","templated":true}]}}