{"id":218581,"date":"2024-05-05T06:54:59","date_gmt":"2024-05-05T10:54:59","guid":{"rendered":"https:\/\/www.eldiario.net\/portal\/?p=218581"},"modified":"2024-05-05T06:54:59","modified_gmt":"2024-05-05T10:54:59","slug":"arqueologos-hallan-una-parte-de-estatua-legendaria-egipcia","status":"publish","type":"post","link":"https:\/\/www.eldiario.net\/portal\/2024\/05\/05\/arqueologos-hallan-una-parte-de-estatua-legendaria-egipcia\/","title":{"rendered":"Arque\u00f3logos hallan una parte  de estatua legendaria egipcia"},"content":{"rendered":"<p>Hace aproximadamente 96 a\u00f1os, el arque\u00f3logo alem\u00e1n G\u00fcnther Roeder desenterraba en Minya, situada a 240 kil\u00f3metros al sur de El Cairo, la parte inferior de una estatua: luego se confirmar\u00eda que pertenec\u00eda a Rams\u00e9s II. Este descubrimiento, en el antiguo sitio de Khemnu, ahora conocido como El Ashmunein, abri\u00f3 puertas a preguntas que permanecieron sin respuesta durante casi un siglo.<br \/>\nLa b\u00fasqueda de la mitad superior de esta estatua culmin\u00f3 recientemente cuando una misi\u00f3n arqueol\u00f3gica conjunta entre Egipto y Estados Unidos, anunci\u00f3 su hallazgo en marzo de 2024.<br \/>\nEste descubrimiento no solo es relevante por completar f\u00edsicamente la estatua, sino tambi\u00e9n por lo que revela sobre el proceso creativo de los antiguos egipcios y las t\u00e9cnicas de conservaci\u00f3n. La parte superior de la estatua muestra a Rams\u00e9s II con una corona doble y un tocado adornado con una cobra real, s\u00edmbolos de su poder y divinidad. Lo m\u00e1s notable es que se encontraron rastros de pigmento azul y amarillo en la superficie de la estatua, lo que indica c\u00f3mo eran originalmente estas magn\u00edficas obras.<br \/>\nLa coordinaci\u00f3n internacional fue clave en este hallazgo. Yvona Trnka-Amrhein, profesora asistente de cl\u00e1sicos en la Universidad de Colorado Boulder y codirectora del equipo de excavaci\u00f3n, destac\u00f3 la incertidumbre que acompa\u00f1\u00f3 el descubrimiento: \u201cUno de los problemas de Herm\u00f3polis es que est\u00e1 cerca del Nilo. Despu\u00e9s de la construcci\u00f3n de la presa baja de Asu\u00e1n, el nivel fre\u00e1tico se convirti\u00f3 en un gran problema. No hab\u00eda garant\u00eda de que la piedra estuviera bien.<br \/>\nA ello se suma el desaf\u00edo del nivel fre\u00e1tico, que se convirti\u00f3 en un problema significativo despu\u00e9s de la construcci\u00f3n de la presa baja de Asu\u00e1n. Este factor podr\u00eda haber comprometido la integridad de la estatua y de otros hallazgos arqueol\u00f3gicos en la regi\u00f3n.<br \/>\nBasem Gehad, col\u00edder egipcio del proyecto, ya propuso una iniciativa para unir las dos piezas de la estatua, lo que representar\u00eda un hito en las exhibiciones arqueol\u00f3gicas y en la comprensi\u00f3n hist\u00f3rica de la figura de Rams\u00e9s II. Por ahora no se logr\u00f3.<br \/>\nQUI\u00c9N FUE RAMS\u00c9S II, EL EARA\u00d3N DE LA ESTATUA<br \/>\nRams\u00e9s II inici\u00f3 su dominio alrededor del a\u00f1o 1279 a.C. y extendi\u00f3 su gobierno hasta el 1213 a.C. Durante su era, que abarca impresionantes 66 a\u00f1os, Egipto experiment\u00f3 un per\u00edodo de esplendor y magnificencia sin precedentes. Es considerada como la \u00e9poca dorada del imperio.<br \/>\nRams\u00e9s El Grande, como tambi\u00e9n es llamado, fue destacado por ser uno de los m\u00e1s notables soberanos en la extensa cronolog\u00eda del Antiguo Egipto. Pertenec\u00eda a la XIX Dinast\u00eda de Egipto, en el Nuevo Reino.<br \/>\nConocido por su extraordinaria capacidad para liderar en el campo de batalla, Rams\u00e9s II dirigi\u00f3 m\u00e1s de 15 campa\u00f1as militares victoriosas. Estos enfrentamientos consolidaron el poder egipcio en territorios estrat\u00e9gicos como el Levante y Nubia, adem\u00e1s fortalecieron la influencia y la seguridad del reino.<br \/>\nSin embargo, su huella trasciende su habilidad militar. Dej\u00f3 un legado imperecedero en la infraestructura de Egipto. Su ambici\u00f3n por engrandecer su reino se manifest\u00f3 en la construcci\u00f3n de grandiosas ciudades, templos y monumentos, que se dispersan a lo largo del valle del Nilo. Se destacan, entre ellos, las imponentes estructuras del Templo de Karnak y Abu Simbel.<br \/>\nSu presencia a\u00fan perdura en el paisaje egipcio a trav\u00e9s de centenares de estatuas colosales erigidas en su honor, como la del reciente descubrimiento. Tras una vida extensa, que alcanz\u00f3 unos 90 a\u00f1os, el fara\u00f3n descans\u00f3 finalmente en el Valle de los Reyes. A\u00f1os despu\u00e9s, su momia fue hallada por exploradores en lo que se conoce como el Alijo Real. Posteriormente, se transfiri\u00f3 al Museo Nacional de la Civilizaci\u00f3n Egipcia en El Cairo, donde todav\u00eda se expone. (Infobae)<\/p>\n","protected":false},"excerpt":{"rendered":"<p>Hace aproximadamente 96 a\u00f1os, el arque\u00f3logo alem\u00e1n G\u00fcnther Roeder desenterraba en Minya, situada a 240 kil\u00f3metros al sur de El Cairo, la parte inferior de una estatua: luego se confirmar\u00eda que pertenec\u00eda a Rams\u00e9s II. Este descubrimiento, en el antiguo sitio de Khemnu, ahora conocido como El Ashmunein, abri\u00f3 puertas a preguntas que permanecieron sin [&hellip;]<\/p>\n","protected":false},"author":1,"featured_media":218582,"comment_status":"open","ping_status":"open","sticky":false,"template":"","format":"standard","meta":{"_acf_changed":false,"footnotes":""},"categories":[3],"tags":[],"class_list":["post-218581","post","type-post","status-publish","format-standard","has-post-thumbnail","category-internacional"],"acf":{"antetitulo":"Despu\u00e9s de 96 a\u00f1os"},"yoast_head":"<!-- This site is optimized with the Yoast SEO plugin v28.4 - https:\/\/yoast.com\/product\/yoast-seo-wordpress\/ -->\n<title>Arque\u00f3logos hallan una parte de estatua legendaria egipcia - El Diario - Bolivia<\/title>\n<meta name=\"robots\" content=\"index, follow, max-snippet:-1, max-image-preview:large, max-video-preview:-1\" \/>\n<link rel=\"canonical\" href=\"https:\/\/www.eldiario.net\/portal\/2024\/05\/05\/arqueologos-hallan-una-parte-de-estatua-legendaria-egipcia\/\" \/>\n<meta property=\"og:locale\" content=\"es_ES\" \/>\n<meta property=\"og:type\" content=\"article\" \/>\n<meta property=\"og:title\" content=\"Arque\u00f3logos hallan una parte de estatua legendaria egipcia - El Diario - Bolivia\" \/>\n<meta property=\"og:description\" content=\"Hace aproximadamente 96 a\u00f1os, el arque\u00f3logo alem\u00e1n G\u00fcnther Roeder desenterraba en Minya, situada a 240 kil\u00f3metros al sur de El Cairo, la parte inferior de una estatua: luego se confirmar\u00eda que pertenec\u00eda a Rams\u00e9s II. Este descubrimiento, en el antiguo sitio de Khemnu, ahora conocido como El Ashmunein, abri\u00f3 puertas a preguntas que permanecieron sin [&hellip;]\" \/>\n<meta property=\"og:url\" content=\"https:\/\/www.eldiario.net\/portal\/2024\/05\/05\/arqueologos-hallan-una-parte-de-estatua-legendaria-egipcia\/\" \/>\n<meta property=\"og:site_name\" content=\"El Diario - Bolivia\" \/>\n<meta property=\"article:publisher\" content=\"https:\/\/www.facebook.com\/eldiario.bolivia\/\" \/>\n<meta property=\"article:published_time\" content=\"2024-05-05T10:54:59+00:00\" \/>\n<meta property=\"og:image\" content=\"https:\/\/www.eldiario.net\/portal\/wp-content\/uploads\/2024\/05\/PARTE-e1714906485936.jpg\" \/>\n\t<meta property=\"og:image:width\" content=\"990\" \/>\n\t<meta property=\"og:image:height\" content=\"1443\" \/>\n\t<meta property=\"og:image:type\" content=\"image\/jpeg\" \/>\n<meta name=\"author\" content=\"Jeanette\" \/>\n<meta name=\"twitter:card\" content=\"summary_large_image\" \/>\n<meta name=\"twitter:creator\" content=\"@eldiario_net\" \/>\n<meta name=\"twitter:site\" content=\"@eldiario_net\" \/>\n<meta name=\"twitter:label1\" content=\"Escrito por\" \/>\n\t<meta name=\"twitter:data1\" content=\"Jeanette\" \/>\n\t<meta name=\"twitter:label2\" content=\"Tiempo de lectura\" \/>\n\t<meta name=\"twitter:data2\" content=\"3 minutos\" \/>\n<script type=\"application\/ld+json\" class=\"yoast-schema-graph\">{\"@context\":\"https:\\\/\\\/schema.org\",\"@graph\":[{\"@type\":\"Article\",\"@id\":\"https:\\\/\\\/www.eldiario.net\\\/portal\\\/2024\\\/05\\\/05\\\/arqueologos-hallan-una-parte-de-estatua-legendaria-egipcia\\\/#article\",\"isPartOf\":{\"@id\":\"https:\\\/\\\/www.eldiario.net\\\/portal\\\/2024\\\/05\\\/05\\\/arqueologos-hallan-una-parte-de-estatua-legendaria-egipcia\\\/\"},\"author\":{\"name\":\"Jeanette\",\"@id\":\"https:\\\/\\\/www.eldiario.net\\\/portal\\\/#\\\/schema\\\/person\\\/f46445640444750d7d753ccd04ae01b7\"},\"headline\":\"Arque\u00f3logos hallan una parte de estatua legendaria egipcia\",\"datePublished\":\"2024-05-05T10:54:59+00:00\",\"mainEntityOfPage\":{\"@id\":\"https:\\\/\\\/www.eldiario.net\\\/portal\\\/2024\\\/05\\\/05\\\/arqueologos-hallan-una-parte-de-estatua-legendaria-egipcia\\\/\"},\"wordCount\":677,\"commentCount\":0,\"publisher\":{\"@id\":\"https:\\\/\\\/www.eldiario.net\\\/portal\\\/#organization\"},\"image\":{\"@id\":\"https:\\\/\\\/www.eldiario.net\\\/portal\\\/2024\\\/05\\\/05\\\/arqueologos-hallan-una-parte-de-estatua-legendaria-egipcia\\\/#primaryimage\"},\"thumbnailUrl\":\"https:\\\/\\\/www.eldiario.net\\\/portal\\\/wp-content\\\/uploads\\\/2024\\\/05\\\/PARTE-e1714906485936.jpg\",\"articleSection\":[\"Internacional\"],\"inLanguage\":\"es\",\"potentialAction\":[{\"@type\":\"CommentAction\",\"name\":\"Comment\",\"target\":[\"https:\\\/\\\/www.eldiario.net\\\/portal\\\/2024\\\/05\\\/05\\\/arqueologos-hallan-una-parte-de-estatua-legendaria-egipcia\\\/#respond\"]}]},{\"@type\":\"WebPage\",\"@id\":\"https:\\\/\\\/www.eldiario.net\\\/portal\\\/2024\\\/05\\\/05\\\/arqueologos-hallan-una-parte-de-estatua-legendaria-egipcia\\\/\",\"url\":\"https:\\\/\\\/www.eldiario.net\\\/portal\\\/2024\\\/05\\\/05\\\/arqueologos-hallan-una-parte-de-estatua-legendaria-egipcia\\\/\",\"name\":\"Arque\u00f3logos hallan una parte de estatua legendaria egipcia - El Diario - Bolivia\",\"isPartOf\":{\"@id\":\"https:\\\/\\\/www.eldiario.net\\\/portal\\\/#website\"},\"primaryImageOfPage\":{\"@id\":\"https:\\\/\\\/www.eldiario.net\\\/portal\\\/2024\\\/05\\\/05\\\/arqueologos-hallan-una-parte-de-estatua-legendaria-egipcia\\\/#primaryimage\"},\"image\":{\"@id\":\"https:\\\/\\\/www.eldiario.net\\\/portal\\\/2024\\\/05\\\/05\\\/arqueologos-hallan-una-parte-de-estatua-legendaria-egipcia\\\/#primaryimage\"},\"thumbnailUrl\":\"https:\\\/\\\/www.eldiario.net\\\/portal\\\/wp-content\\\/uploads\\\/2024\\\/05\\\/PARTE-e1714906485936.jpg\",\"datePublished\":\"2024-05-05T10:54:59+00:00\",\"breadcrumb\":{\"@id\":\"https:\\\/\\\/www.eldiario.net\\\/portal\\\/2024\\\/05\\\/05\\\/arqueologos-hallan-una-parte-de-estatua-legendaria-egipcia\\\/#breadcrumb\"},\"inLanguage\":\"es\",\"potentialAction\":[{\"@type\":\"ReadAction\",\"target\":[\"https:\\\/\\\/www.eldiario.net\\\/portal\\\/2024\\\/05\\\/05\\\/arqueologos-hallan-una-parte-de-estatua-legendaria-egipcia\\\/\"]}]},{\"@type\":\"ImageObject\",\"inLanguage\":\"es\",\"@id\":\"https:\\\/\\\/www.eldiario.net\\\/portal\\\/2024\\\/05\\\/05\\\/arqueologos-hallan-una-parte-de-estatua-legendaria-egipcia\\\/#primaryimage\",\"url\":\"https:\\\/\\\/www.eldiario.net\\\/portal\\\/wp-content\\\/uploads\\\/2024\\\/05\\\/PARTE-e1714906485936.jpg\",\"contentUrl\":\"https:\\\/\\\/www.eldiario.net\\\/portal\\\/wp-content\\\/uploads\\\/2024\\\/05\\\/PARTE-e1714906485936.jpg\",\"width\":990,\"height\":1443,\"caption\":\"EL HALLAZGO FALTANTE DE LA ESTATUA FUE LLEVADA A CABO EN EGIPTO Y EEUU. Reuters\"},{\"@type\":\"BreadcrumbList\",\"@id\":\"https:\\\/\\\/www.eldiario.net\\\/portal\\\/2024\\\/05\\\/05\\\/arqueologos-hallan-una-parte-de-estatua-legendaria-egipcia\\\/#breadcrumb\",\"itemListElement\":[{\"@type\":\"ListItem\",\"position\":1,\"name\":\"Portada\",\"item\":\"https:\\\/\\\/www.eldiario.net\\\/portal\\\/\"},{\"@type\":\"ListItem\",\"position\":2,\"name\":\"Arque\u00f3logos hallan una parte de estatua legendaria egipcia\"}]},{\"@type\":\"WebSite\",\"@id\":\"https:\\\/\\\/www.eldiario.net\\\/portal\\\/#website\",\"url\":\"https:\\\/\\\/www.eldiario.net\\\/portal\\\/\",\"name\":\"El Diario - Decano de la prensa nacional\",\"description\":\"El Diario - Decano de la prensa nacional\",\"publisher\":{\"@id\":\"https:\\\/\\\/www.eldiario.net\\\/portal\\\/#organization\"},\"potentialAction\":[{\"@type\":\"SearchAction\",\"target\":{\"@type\":\"EntryPoint\",\"urlTemplate\":\"https:\\\/\\\/www.eldiario.net\\\/portal\\\/?s={search_term_string}\"},\"query-input\":{\"@type\":\"PropertyValueSpecification\",\"valueRequired\":true,\"valueName\":\"search_term_string\"}}],\"inLanguage\":\"es\"},{\"@type\":\"Organization\",\"@id\":\"https:\\\/\\\/www.eldiario.net\\\/portal\\\/#organization\",\"name\":\"El Diario - Decano de la prensa nacional\",\"url\":\"https:\\\/\\\/www.eldiario.net\\\/portal\\\/\",\"logo\":{\"@type\":\"ImageObject\",\"inLanguage\":\"es\",\"@id\":\"https:\\\/\\\/www.eldiario.net\\\/portal\\\/#\\\/schema\\\/logo\\\/image\\\/\",\"url\":\"https:\\\/\\\/www.eldiario.net\\\/portal\\\/wp-content\\\/uploads\\\/2023\\\/07\\\/logo_ED.jpg\",\"contentUrl\":\"https:\\\/\\\/www.eldiario.net\\\/portal\\\/wp-content\\\/uploads\\\/2023\\\/07\\\/logo_ED.jpg\",\"width\":272,\"height\":52,\"caption\":\"El Diario - Decano de la prensa nacional\"},\"image\":{\"@id\":\"https:\\\/\\\/www.eldiario.net\\\/portal\\\/#\\\/schema\\\/logo\\\/image\\\/\"},\"sameAs\":[\"https:\\\/\\\/www.facebook.com\\\/eldiario.bolivia\\\/\",\"https:\\\/\\\/x.com\\\/eldiario_net\"]},{\"@type\":\"Person\",\"@id\":\"https:\\\/\\\/www.eldiario.net\\\/portal\\\/#\\\/schema\\\/person\\\/f46445640444750d7d753ccd04ae01b7\",\"name\":\"Jeanette\",\"image\":{\"@type\":\"ImageObject\",\"inLanguage\":\"es\",\"@id\":\"https:\\\/\\\/secure.gravatar.com\\\/avatar\\\/3ea2118a5f7dad2b7138b1187a6b7ee55f160b9968b66013c3a3ef39dd7e5798?s=96&d=mm&r=g\",\"url\":\"https:\\\/\\\/secure.gravatar.com\\\/avatar\\\/3ea2118a5f7dad2b7138b1187a6b7ee55f160b9968b66013c3a3ef39dd7e5798?s=96&d=mm&r=g\",\"contentUrl\":\"https:\\\/\\\/secure.gravatar.com\\\/avatar\\\/3ea2118a5f7dad2b7138b1187a6b7ee55f160b9968b66013c3a3ef39dd7e5798?s=96&d=mm&r=g\",\"caption\":\"Jeanette\"},\"sameAs\":[\"https:\\\/\\\/www.eldiario.net\\\/portal\"],\"url\":\"https:\\\/\\\/www.eldiario.net\\\/portal\\\/author\\\/jeanette\\\/\"}]}<\/script>\n<!-- \/ Yoast SEO plugin. -->","yoast_head_json":{"title":"Arque\u00f3logos hallan una parte de estatua legendaria egipcia - El Diario - Bolivia","robots":{"index":"index","follow":"follow","max-snippet":"max-snippet:-1","max-image-preview":"max-image-preview:large","max-video-preview":"max-video-preview:-1"},"canonical":"https:\/\/www.eldiario.net\/portal\/2024\/05\/05\/arqueologos-hallan-una-parte-de-estatua-legendaria-egipcia\/","og_locale":"es_ES","og_type":"article","og_title":"Arque\u00f3logos hallan una parte de estatua legendaria egipcia - El Diario - Bolivia","og_description":"Hace aproximadamente 96 a\u00f1os, el arque\u00f3logo alem\u00e1n G\u00fcnther Roeder desenterraba en Minya, situada a 240 kil\u00f3metros al sur de El Cairo, la parte inferior de una estatua: luego se confirmar\u00eda que pertenec\u00eda a Rams\u00e9s II. Este descubrimiento, en el antiguo sitio de Khemnu, ahora conocido como El Ashmunein, abri\u00f3 puertas a preguntas que permanecieron sin [&hellip;]","og_url":"https:\/\/www.eldiario.net\/portal\/2024\/05\/05\/arqueologos-hallan-una-parte-de-estatua-legendaria-egipcia\/","og_site_name":"El Diario - Bolivia","article_publisher":"https:\/\/www.facebook.com\/eldiario.bolivia\/","article_published_time":"2024-05-05T10:54:59+00:00","og_image":[{"width":990,"height":1443,"url":"https:\/\/www.eldiario.net\/portal\/wp-content\/uploads\/2024\/05\/PARTE-e1714906485936.jpg","type":"image\/jpeg"}],"author":"Jeanette","twitter_card":"summary_large_image","twitter_creator":"@eldiario_net","twitter_site":"@eldiario_net","twitter_misc":{"Escrito por":"Jeanette","Tiempo de lectura":"3 minutos"},"schema":{"@context":"https:\/\/schema.org","@graph":[{"@type":"Article","@id":"https:\/\/www.eldiario.net\/portal\/2024\/05\/05\/arqueologos-hallan-una-parte-de-estatua-legendaria-egipcia\/#article","isPartOf":{"@id":"https:\/\/www.eldiario.net\/portal\/2024\/05\/05\/arqueologos-hallan-una-parte-de-estatua-legendaria-egipcia\/"},"author":{"name":"Jeanette","@id":"https:\/\/www.eldiario.net\/portal\/#\/schema\/person\/f46445640444750d7d753ccd04ae01b7"},"headline":"Arque\u00f3logos hallan una parte de estatua legendaria egipcia","datePublished":"2024-05-05T10:54:59+00:00","mainEntityOfPage":{"@id":"https:\/\/www.eldiario.net\/portal\/2024\/05\/05\/arqueologos-hallan-una-parte-de-estatua-legendaria-egipcia\/"},"wordCount":677,"commentCount":0,"publisher":{"@id":"https:\/\/www.eldiario.net\/portal\/#organization"},"image":{"@id":"https:\/\/www.eldiario.net\/portal\/2024\/05\/05\/arqueologos-hallan-una-parte-de-estatua-legendaria-egipcia\/#primaryimage"},"thumbnailUrl":"https:\/\/www.eldiario.net\/portal\/wp-content\/uploads\/2024\/05\/PARTE-e1714906485936.jpg","articleSection":["Internacional"],"inLanguage":"es","potentialAction":[{"@type":"CommentAction","name":"Comment","target":["https:\/\/www.eldiario.net\/portal\/2024\/05\/05\/arqueologos-hallan-una-parte-de-estatua-legendaria-egipcia\/#respond"]}]},{"@type":"WebPage","@id":"https:\/\/www.eldiario.net\/portal\/2024\/05\/05\/arqueologos-hallan-una-parte-de-estatua-legendaria-egipcia\/","url":"https:\/\/www.eldiario.net\/portal\/2024\/05\/05\/arqueologos-hallan-una-parte-de-estatua-legendaria-egipcia\/","name":"Arque\u00f3logos hallan una parte de estatua legendaria egipcia - El Diario - Bolivia","isPartOf":{"@id":"https:\/\/www.eldiario.net\/portal\/#website"},"primaryImageOfPage":{"@id":"https:\/\/www.eldiario.net\/portal\/2024\/05\/05\/arqueologos-hallan-una-parte-de-estatua-legendaria-egipcia\/#primaryimage"},"image":{"@id":"https:\/\/www.eldiario.net\/portal\/2024\/05\/05\/arqueologos-hallan-una-parte-de-estatua-legendaria-egipcia\/#primaryimage"},"thumbnailUrl":"https:\/\/www.eldiario.net\/portal\/wp-content\/uploads\/2024\/05\/PARTE-e1714906485936.jpg","datePublished":"2024-05-05T10:54:59+00:00","breadcrumb":{"@id":"https:\/\/www.eldiario.net\/portal\/2024\/05\/05\/arqueologos-hallan-una-parte-de-estatua-legendaria-egipcia\/#breadcrumb"},"inLanguage":"es","potentialAction":[{"@type":"ReadAction","target":["https:\/\/www.eldiario.net\/portal\/2024\/05\/05\/arqueologos-hallan-una-parte-de-estatua-legendaria-egipcia\/"]}]},{"@type":"ImageObject","inLanguage":"es","@id":"https:\/\/www.eldiario.net\/portal\/2024\/05\/05\/arqueologos-hallan-una-parte-de-estatua-legendaria-egipcia\/#primaryimage","url":"https:\/\/www.eldiario.net\/portal\/wp-content\/uploads\/2024\/05\/PARTE-e1714906485936.jpg","contentUrl":"https:\/\/www.eldiario.net\/portal\/wp-content\/uploads\/2024\/05\/PARTE-e1714906485936.jpg","width":990,"height":1443,"caption":"EL HALLAZGO FALTANTE DE LA ESTATUA FUE LLEVADA A CABO EN EGIPTO Y EEUU. Reuters"},{"@type":"BreadcrumbList","@id":"https:\/\/www.eldiario.net\/portal\/2024\/05\/05\/arqueologos-hallan-una-parte-de-estatua-legendaria-egipcia\/#breadcrumb","itemListElement":[{"@type":"ListItem","position":1,"name":"Portada","item":"https:\/\/www.eldiario.net\/portal\/"},{"@type":"ListItem","position":2,"name":"Arque\u00f3logos hallan una parte de estatua legendaria egipcia"}]},{"@type":"WebSite","@id":"https:\/\/www.eldiario.net\/portal\/#website","url":"https:\/\/www.eldiario.net\/portal\/","name":"El Diario - Decano de la prensa nacional","description":"El Diario - Decano de la prensa nacional","publisher":{"@id":"https:\/\/www.eldiario.net\/portal\/#organization"},"potentialAction":[{"@type":"SearchAction","target":{"@type":"EntryPoint","urlTemplate":"https:\/\/www.eldiario.net\/portal\/?s={search_term_string}"},"query-input":{"@type":"PropertyValueSpecification","valueRequired":true,"valueName":"search_term_string"}}],"inLanguage":"es"},{"@type":"Organization","@id":"https:\/\/www.eldiario.net\/portal\/#organization","name":"El Diario - Decano de la prensa nacional","url":"https:\/\/www.eldiario.net\/portal\/","logo":{"@type":"ImageObject","inLanguage":"es","@id":"https:\/\/www.eldiario.net\/portal\/#\/schema\/logo\/image\/","url":"https:\/\/www.eldiario.net\/portal\/wp-content\/uploads\/2023\/07\/logo_ED.jpg","contentUrl":"https:\/\/www.eldiario.net\/portal\/wp-content\/uploads\/2023\/07\/logo_ED.jpg","width":272,"height":52,"caption":"El Diario - Decano de la prensa nacional"},"image":{"@id":"https:\/\/www.eldiario.net\/portal\/#\/schema\/logo\/image\/"},"sameAs":["https:\/\/www.facebook.com\/eldiario.bolivia\/","https:\/\/x.com\/eldiario_net"]},{"@type":"Person","@id":"https:\/\/www.eldiario.net\/portal\/#\/schema\/person\/f46445640444750d7d753ccd04ae01b7","name":"Jeanette","image":{"@type":"ImageObject","inLanguage":"es","@id":"https:\/\/secure.gravatar.com\/avatar\/3ea2118a5f7dad2b7138b1187a6b7ee55f160b9968b66013c3a3ef39dd7e5798?s=96&d=mm&r=g","url":"https:\/\/secure.gravatar.com\/avatar\/3ea2118a5f7dad2b7138b1187a6b7ee55f160b9968b66013c3a3ef39dd7e5798?s=96&d=mm&r=g","contentUrl":"https:\/\/secure.gravatar.com\/avatar\/3ea2118a5f7dad2b7138b1187a6b7ee55f160b9968b66013c3a3ef39dd7e5798?s=96&d=mm&r=g","caption":"Jeanette"},"sameAs":["https:\/\/www.eldiario.net\/portal"],"url":"https:\/\/www.eldiario.net\/portal\/author\/jeanette\/"}]}},"_links":{"self":[{"href":"https:\/\/www.eldiario.net\/portal\/wp-json\/wp\/v2\/posts\/218581","targetHints":{"allow":["GET"]}}],"collection":[{"href":"https:\/\/www.eldiario.net\/portal\/wp-json\/wp\/v2\/posts"}],"about":[{"href":"https:\/\/www.eldiario.net\/portal\/wp-json\/wp\/v2\/types\/post"}],"author":[{"embeddable":true,"href":"https:\/\/www.eldiario.net\/portal\/wp-json\/wp\/v2\/users\/1"}],"replies":[{"embeddable":true,"href":"https:\/\/www.eldiario.net\/portal\/wp-json\/wp\/v2\/comments?post=218581"}],"version-history":[{"count":1,"href":"https:\/\/www.eldiario.net\/portal\/wp-json\/wp\/v2\/posts\/218581\/revisions"}],"predecessor-version":[{"id":218583,"href":"https:\/\/www.eldiario.net\/portal\/wp-json\/wp\/v2\/posts\/218581\/revisions\/218583"}],"wp:featuredmedia":[{"embeddable":true,"href":"https:\/\/www.eldiario.net\/portal\/wp-json\/wp\/v2\/media\/218582"}],"wp:attachment":[{"href":"https:\/\/www.eldiario.net\/portal\/wp-json\/wp\/v2\/media?parent=218581"}],"wp:term":[{"taxonomy":"category","embeddable":true,"href":"https:\/\/www.eldiario.net\/portal\/wp-json\/wp\/v2\/categories?post=218581"},{"taxonomy":"post_tag","embeddable":true,"href":"https:\/\/www.eldiario.net\/portal\/wp-json\/wp\/v2\/tags?post=218581"}],"curies":[{"name":"wp","href":"https:\/\/api.w.org\/{rel}","templated":true}]}}