{"id":218578,"date":"2024-05-05T06:54:03","date_gmt":"2024-05-05T10:54:03","guid":{"rendered":"https:\/\/www.eldiario.net\/portal\/?p=218578"},"modified":"2024-05-05T06:54:03","modified_gmt":"2024-05-05T10:54:03","slug":"abrupto-deshielo-exacerba-efectos-del-calentamiento","status":"publish","type":"post","link":"https:\/\/www.eldiario.net\/portal\/2024\/05\/05\/abrupto-deshielo-exacerba-efectos-del-calentamiento\/","title":{"rendered":"Abrupto deshielo exacerba  efectos del calentamiento"},"content":{"rendered":"<p>Cient\u00edficos descubrieron que las emisiones de di\u00f3xido de carbono (CO2) del suelo son m\u00e1s sensibles al calentamiento clim\u00e1tico en \u00e1reas donde el permafrost colaps\u00f3 que en \u00e1reas donde perdura.<br \/>\nEste estudio, basado en experimentos de calentamiento de campo combinados con la incubaci\u00f3n de suelos en laboratorio a partir de un muestreo a gran escala, proporciona nuevos conocimientos sobre la retroalimentaci\u00f3n carbono-clima del permafrost en el contexto del futuro calentamiento clim\u00e1tico.<br \/>\nLas temperaturas m\u00e1s c\u00e1lidas provocaron un r\u00e1pido deshielo del permafrost en regiones de permafrost de altas latitudes y altitudes. El deshielo abrupto del permafrost, conocido como termokarst, ocurre en alrededor del 20% de la regi\u00f3n de permafrost del norte, pero esta regi\u00f3n almacena aproximadamente la mitad de todo el carbono org\u00e1nico subterr\u00e1neo.<br \/>\nDado que tanto las \u00e1reas termokarst, como las no termokarst, est\u00e1n experimentando simult\u00e1neamente un calentamiento continuo, una consideraci\u00f3n importante, pero hasta ahora pasada por alto, es si los efectos del calentamiento sobre el flujo de CO2 del suelo podr\u00edan diferir entre estas dos formas de relieve distintas.<br \/>\nPara llenar este vac\u00edo de conocimiento, un grupo de investigaci\u00f3n colaborativo dirigido por el profesor Yang Yuanhe del Instituto de Bot\u00e1nica de la Academia de Ciencias de China, investig\u00f3 c\u00f3mo la formaci\u00f3n de termokarst influye en las respuestas de los flujos de CO2 del suelo al calentamiento clim\u00e1tico, utilizando m\u00faltiples enfoques.<br \/>\nEn un experimento de calentamiento bien replicado y realizado simult\u00e1neamente en \u00e1reas termokarst y no termokarst, los investigadores encontraron que el aumento inducido por el calentamiento en la liberaci\u00f3n de CO2 del suelo era aproximadamente 5,5 veces mayor en las caracter\u00edsticas termokarst que en las formas terrestres adyacentes no termokarst.<br \/>\nLuego analizaron m\u00e1s de 30 posibles impulsores de los efectos del calentamiento en la liberaci\u00f3n de CO2 mediante an\u00e1lisis fisicoqu\u00edmicos del suelo, resonancia magn\u00e9tica nuclear de 13C en estado s\u00f3lido y secuenciaci\u00f3n metagen\u00f3mica. Descubrieron que la mayor respuesta al calentamiento se deb\u00eda principalmente a la menor calidad del sustrato del suelo.<br \/>\nAdem\u00e1s, al incubar suelos de seis sitios adicionales afectados por termokarst a lo largo de un transecto de permafrost de 550 km, descubrieron que la formaci\u00f3n de termokarst aumentaba significativamente la sensibilidad a la temperatura de la liberaci\u00f3n de CO2, proporcionando evidencia adicional de la respuesta m\u00e1s fuerte del CO2 del suelo al calentamiento en paisajes termokarst.<br \/>\nComo exploraci\u00f3n preliminar de su importancia global, extrapolando la respuesta al calentamiento del flujo de CO2 del suelo a todas las regiones termokarst de tierras altas en el hemisferio norte, podr\u00eda haber una liberaci\u00f3n adicional de carbono en el suelo equivalente a una cuarta parte de \u00ablas p\u00e9rdidas de carbono del suelo del permafrost previstas para finales del siglo XXI\u00bb, afirm\u00f3 el profesor Yang, autor correspondiente del estudio.<br \/>\nEste estudio proporciona m\u00faltiples l\u00edneas de evidencia, de que la p\u00e9rdida de CO2 del suelo inducida por el calentamiento es mayor bajo la formaci\u00f3n de termokarst. (Europa Press)<\/p>\n","protected":false},"excerpt":{"rendered":"<p>Cient\u00edficos descubrieron que las emisiones de di\u00f3xido de carbono (CO2) del suelo son m\u00e1s sensibles al calentamiento clim\u00e1tico en \u00e1reas donde el permafrost colaps\u00f3 que en \u00e1reas donde perdura. Este estudio, basado en experimentos de calentamiento de campo combinados con la incubaci\u00f3n de suelos en laboratorio a partir de un muestreo a gran escala, proporciona [&hellip;]<\/p>\n","protected":false},"author":1,"featured_media":218579,"comment_status":"open","ping_status":"open","sticky":false,"template":"","format":"standard","meta":{"_acf_changed":false,"footnotes":""},"categories":[3],"tags":[],"class_list":["post-218578","post","type-post","status-publish","format-standard","has-post-thumbnail","category-internacional"],"acf":{"antetitulo":"Provocado por temperaturas m\u00e1s c\u00e1lidas"},"yoast_head":"<!-- This site is optimized with the Yoast SEO plugin v28.4 - https:\/\/yoast.com\/product\/yoast-seo-wordpress\/ -->\n<title>Abrupto deshielo exacerba efectos del calentamiento - El Diario - Bolivia<\/title>\n<meta name=\"robots\" content=\"index, follow, max-snippet:-1, max-image-preview:large, max-video-preview:-1\" \/>\n<link rel=\"canonical\" href=\"https:\/\/www.eldiario.net\/portal\/2024\/05\/05\/abrupto-deshielo-exacerba-efectos-del-calentamiento\/\" \/>\n<meta property=\"og:locale\" content=\"es_ES\" \/>\n<meta property=\"og:type\" content=\"article\" \/>\n<meta property=\"og:title\" content=\"Abrupto deshielo exacerba efectos del calentamiento - El Diario - Bolivia\" \/>\n<meta property=\"og:description\" content=\"Cient\u00edficos descubrieron que las emisiones de di\u00f3xido de carbono (CO2) del suelo son m\u00e1s sensibles al calentamiento clim\u00e1tico en \u00e1reas donde el permafrost colaps\u00f3 que en \u00e1reas donde perdura. Este estudio, basado en experimentos de calentamiento de campo combinados con la incubaci\u00f3n de suelos en laboratorio a partir de un muestreo a gran escala, proporciona [&hellip;]\" \/>\n<meta property=\"og:url\" content=\"https:\/\/www.eldiario.net\/portal\/2024\/05\/05\/abrupto-deshielo-exacerba-efectos-del-calentamiento\/\" \/>\n<meta property=\"og:site_name\" content=\"El Diario - Bolivia\" \/>\n<meta property=\"article:publisher\" content=\"https:\/\/www.facebook.com\/eldiario.bolivia\/\" \/>\n<meta property=\"article:published_time\" content=\"2024-05-05T10:54:03+00:00\" \/>\n<meta property=\"og:image\" content=\"https:\/\/www.eldiario.net\/portal\/wp-content\/uploads\/2024\/05\/HIELO.jpg\" \/>\n\t<meta property=\"og:image:width\" content=\"1280\" \/>\n\t<meta property=\"og:image:height\" content=\"720\" \/>\n\t<meta property=\"og:image:type\" content=\"image\/jpeg\" \/>\n<meta name=\"author\" content=\"Jeanette\" \/>\n<meta name=\"twitter:card\" content=\"summary_large_image\" \/>\n<meta name=\"twitter:creator\" content=\"@eldiario_net\" \/>\n<meta name=\"twitter:site\" content=\"@eldiario_net\" \/>\n<meta name=\"twitter:label1\" content=\"Escrito por\" \/>\n\t<meta name=\"twitter:data1\" content=\"Jeanette\" \/>\n\t<meta name=\"twitter:label2\" content=\"Tiempo de lectura\" \/>\n\t<meta name=\"twitter:data2\" content=\"3 minutos\" \/>\n<script type=\"application\/ld+json\" class=\"yoast-schema-graph\">{\"@context\":\"https:\\\/\\\/schema.org\",\"@graph\":[{\"@type\":\"Article\",\"@id\":\"https:\\\/\\\/www.eldiario.net\\\/portal\\\/2024\\\/05\\\/05\\\/abrupto-deshielo-exacerba-efectos-del-calentamiento\\\/#article\",\"isPartOf\":{\"@id\":\"https:\\\/\\\/www.eldiario.net\\\/portal\\\/2024\\\/05\\\/05\\\/abrupto-deshielo-exacerba-efectos-del-calentamiento\\\/\"},\"author\":{\"name\":\"Jeanette\",\"@id\":\"https:\\\/\\\/www.eldiario.net\\\/portal\\\/#\\\/schema\\\/person\\\/f46445640444750d7d753ccd04ae01b7\"},\"headline\":\"Abrupto deshielo exacerba efectos del calentamiento\",\"datePublished\":\"2024-05-05T10:54:03+00:00\",\"mainEntityOfPage\":{\"@id\":\"https:\\\/\\\/www.eldiario.net\\\/portal\\\/2024\\\/05\\\/05\\\/abrupto-deshielo-exacerba-efectos-del-calentamiento\\\/\"},\"wordCount\":525,\"commentCount\":0,\"publisher\":{\"@id\":\"https:\\\/\\\/www.eldiario.net\\\/portal\\\/#organization\"},\"image\":{\"@id\":\"https:\\\/\\\/www.eldiario.net\\\/portal\\\/2024\\\/05\\\/05\\\/abrupto-deshielo-exacerba-efectos-del-calentamiento\\\/#primaryimage\"},\"thumbnailUrl\":\"https:\\\/\\\/www.eldiario.net\\\/portal\\\/wp-content\\\/uploads\\\/2024\\\/05\\\/HIELO.jpg\",\"articleSection\":[\"Internacional\"],\"inLanguage\":\"es\",\"potentialAction\":[{\"@type\":\"CommentAction\",\"name\":\"Comment\",\"target\":[\"https:\\\/\\\/www.eldiario.net\\\/portal\\\/2024\\\/05\\\/05\\\/abrupto-deshielo-exacerba-efectos-del-calentamiento\\\/#respond\"]}]},{\"@type\":\"WebPage\",\"@id\":\"https:\\\/\\\/www.eldiario.net\\\/portal\\\/2024\\\/05\\\/05\\\/abrupto-deshielo-exacerba-efectos-del-calentamiento\\\/\",\"url\":\"https:\\\/\\\/www.eldiario.net\\\/portal\\\/2024\\\/05\\\/05\\\/abrupto-deshielo-exacerba-efectos-del-calentamiento\\\/\",\"name\":\"Abrupto deshielo exacerba efectos del calentamiento - El Diario - Bolivia\",\"isPartOf\":{\"@id\":\"https:\\\/\\\/www.eldiario.net\\\/portal\\\/#website\"},\"primaryImageOfPage\":{\"@id\":\"https:\\\/\\\/www.eldiario.net\\\/portal\\\/2024\\\/05\\\/05\\\/abrupto-deshielo-exacerba-efectos-del-calentamiento\\\/#primaryimage\"},\"image\":{\"@id\":\"https:\\\/\\\/www.eldiario.net\\\/portal\\\/2024\\\/05\\\/05\\\/abrupto-deshielo-exacerba-efectos-del-calentamiento\\\/#primaryimage\"},\"thumbnailUrl\":\"https:\\\/\\\/www.eldiario.net\\\/portal\\\/wp-content\\\/uploads\\\/2024\\\/05\\\/HIELO.jpg\",\"datePublished\":\"2024-05-05T10:54:03+00:00\",\"breadcrumb\":{\"@id\":\"https:\\\/\\\/www.eldiario.net\\\/portal\\\/2024\\\/05\\\/05\\\/abrupto-deshielo-exacerba-efectos-del-calentamiento\\\/#breadcrumb\"},\"inLanguage\":\"es\",\"potentialAction\":[{\"@type\":\"ReadAction\",\"target\":[\"https:\\\/\\\/www.eldiario.net\\\/portal\\\/2024\\\/05\\\/05\\\/abrupto-deshielo-exacerba-efectos-del-calentamiento\\\/\"]}]},{\"@type\":\"ImageObject\",\"inLanguage\":\"es\",\"@id\":\"https:\\\/\\\/www.eldiario.net\\\/portal\\\/2024\\\/05\\\/05\\\/abrupto-deshielo-exacerba-efectos-del-calentamiento\\\/#primaryimage\",\"url\":\"https:\\\/\\\/www.eldiario.net\\\/portal\\\/wp-content\\\/uploads\\\/2024\\\/05\\\/HIELO.jpg\",\"contentUrl\":\"https:\\\/\\\/www.eldiario.net\\\/portal\\\/wp-content\\\/uploads\\\/2024\\\/05\\\/HIELO.jpg\",\"width\":1280,\"height\":720,\"caption\":\"EL DESHIELO CONOCIDO COMO TERMOKARST, OCURRE ALREDEDOR DEL 20% DEL NORTE. El Universo\"},{\"@type\":\"BreadcrumbList\",\"@id\":\"https:\\\/\\\/www.eldiario.net\\\/portal\\\/2024\\\/05\\\/05\\\/abrupto-deshielo-exacerba-efectos-del-calentamiento\\\/#breadcrumb\",\"itemListElement\":[{\"@type\":\"ListItem\",\"position\":1,\"name\":\"Portada\",\"item\":\"https:\\\/\\\/www.eldiario.net\\\/portal\\\/\"},{\"@type\":\"ListItem\",\"position\":2,\"name\":\"Abrupto deshielo exacerba efectos del calentamiento\"}]},{\"@type\":\"WebSite\",\"@id\":\"https:\\\/\\\/www.eldiario.net\\\/portal\\\/#website\",\"url\":\"https:\\\/\\\/www.eldiario.net\\\/portal\\\/\",\"name\":\"El Diario - Decano de la prensa nacional\",\"description\":\"El Diario - Decano de la prensa nacional\",\"publisher\":{\"@id\":\"https:\\\/\\\/www.eldiario.net\\\/portal\\\/#organization\"},\"potentialAction\":[{\"@type\":\"SearchAction\",\"target\":{\"@type\":\"EntryPoint\",\"urlTemplate\":\"https:\\\/\\\/www.eldiario.net\\\/portal\\\/?s={search_term_string}\"},\"query-input\":{\"@type\":\"PropertyValueSpecification\",\"valueRequired\":true,\"valueName\":\"search_term_string\"}}],\"inLanguage\":\"es\"},{\"@type\":\"Organization\",\"@id\":\"https:\\\/\\\/www.eldiario.net\\\/portal\\\/#organization\",\"name\":\"El Diario - Decano de la prensa nacional\",\"url\":\"https:\\\/\\\/www.eldiario.net\\\/portal\\\/\",\"logo\":{\"@type\":\"ImageObject\",\"inLanguage\":\"es\",\"@id\":\"https:\\\/\\\/www.eldiario.net\\\/portal\\\/#\\\/schema\\\/logo\\\/image\\\/\",\"url\":\"https:\\\/\\\/www.eldiario.net\\\/portal\\\/wp-content\\\/uploads\\\/2023\\\/07\\\/logo_ED.jpg\",\"contentUrl\":\"https:\\\/\\\/www.eldiario.net\\\/portal\\\/wp-content\\\/uploads\\\/2023\\\/07\\\/logo_ED.jpg\",\"width\":272,\"height\":52,\"caption\":\"El Diario - Decano de la prensa nacional\"},\"image\":{\"@id\":\"https:\\\/\\\/www.eldiario.net\\\/portal\\\/#\\\/schema\\\/logo\\\/image\\\/\"},\"sameAs\":[\"https:\\\/\\\/www.facebook.com\\\/eldiario.bolivia\\\/\",\"https:\\\/\\\/x.com\\\/eldiario_net\"]},{\"@type\":\"Person\",\"@id\":\"https:\\\/\\\/www.eldiario.net\\\/portal\\\/#\\\/schema\\\/person\\\/f46445640444750d7d753ccd04ae01b7\",\"name\":\"Jeanette\",\"image\":{\"@type\":\"ImageObject\",\"inLanguage\":\"es\",\"@id\":\"https:\\\/\\\/secure.gravatar.com\\\/avatar\\\/3ea2118a5f7dad2b7138b1187a6b7ee55f160b9968b66013c3a3ef39dd7e5798?s=96&d=mm&r=g\",\"url\":\"https:\\\/\\\/secure.gravatar.com\\\/avatar\\\/3ea2118a5f7dad2b7138b1187a6b7ee55f160b9968b66013c3a3ef39dd7e5798?s=96&d=mm&r=g\",\"contentUrl\":\"https:\\\/\\\/secure.gravatar.com\\\/avatar\\\/3ea2118a5f7dad2b7138b1187a6b7ee55f160b9968b66013c3a3ef39dd7e5798?s=96&d=mm&r=g\",\"caption\":\"Jeanette\"},\"sameAs\":[\"https:\\\/\\\/www.eldiario.net\\\/portal\"],\"url\":\"https:\\\/\\\/www.eldiario.net\\\/portal\\\/author\\\/jeanette\\\/\"}]}<\/script>\n<!-- \/ Yoast SEO plugin. -->","yoast_head_json":{"title":"Abrupto deshielo exacerba efectos del calentamiento - El Diario - Bolivia","robots":{"index":"index","follow":"follow","max-snippet":"max-snippet:-1","max-image-preview":"max-image-preview:large","max-video-preview":"max-video-preview:-1"},"canonical":"https:\/\/www.eldiario.net\/portal\/2024\/05\/05\/abrupto-deshielo-exacerba-efectos-del-calentamiento\/","og_locale":"es_ES","og_type":"article","og_title":"Abrupto deshielo exacerba efectos del calentamiento - El Diario - Bolivia","og_description":"Cient\u00edficos descubrieron que las emisiones de di\u00f3xido de carbono (CO2) del suelo son m\u00e1s sensibles al calentamiento clim\u00e1tico en \u00e1reas donde el permafrost colaps\u00f3 que en \u00e1reas donde perdura. Este estudio, basado en experimentos de calentamiento de campo combinados con la incubaci\u00f3n de suelos en laboratorio a partir de un muestreo a gran escala, proporciona [&hellip;]","og_url":"https:\/\/www.eldiario.net\/portal\/2024\/05\/05\/abrupto-deshielo-exacerba-efectos-del-calentamiento\/","og_site_name":"El Diario - Bolivia","article_publisher":"https:\/\/www.facebook.com\/eldiario.bolivia\/","article_published_time":"2024-05-05T10:54:03+00:00","og_image":[{"width":1280,"height":720,"url":"https:\/\/www.eldiario.net\/portal\/wp-content\/uploads\/2024\/05\/HIELO.jpg","type":"image\/jpeg"}],"author":"Jeanette","twitter_card":"summary_large_image","twitter_creator":"@eldiario_net","twitter_site":"@eldiario_net","twitter_misc":{"Escrito por":"Jeanette","Tiempo de lectura":"3 minutos"},"schema":{"@context":"https:\/\/schema.org","@graph":[{"@type":"Article","@id":"https:\/\/www.eldiario.net\/portal\/2024\/05\/05\/abrupto-deshielo-exacerba-efectos-del-calentamiento\/#article","isPartOf":{"@id":"https:\/\/www.eldiario.net\/portal\/2024\/05\/05\/abrupto-deshielo-exacerba-efectos-del-calentamiento\/"},"author":{"name":"Jeanette","@id":"https:\/\/www.eldiario.net\/portal\/#\/schema\/person\/f46445640444750d7d753ccd04ae01b7"},"headline":"Abrupto deshielo exacerba efectos del calentamiento","datePublished":"2024-05-05T10:54:03+00:00","mainEntityOfPage":{"@id":"https:\/\/www.eldiario.net\/portal\/2024\/05\/05\/abrupto-deshielo-exacerba-efectos-del-calentamiento\/"},"wordCount":525,"commentCount":0,"publisher":{"@id":"https:\/\/www.eldiario.net\/portal\/#organization"},"image":{"@id":"https:\/\/www.eldiario.net\/portal\/2024\/05\/05\/abrupto-deshielo-exacerba-efectos-del-calentamiento\/#primaryimage"},"thumbnailUrl":"https:\/\/www.eldiario.net\/portal\/wp-content\/uploads\/2024\/05\/HIELO.jpg","articleSection":["Internacional"],"inLanguage":"es","potentialAction":[{"@type":"CommentAction","name":"Comment","target":["https:\/\/www.eldiario.net\/portal\/2024\/05\/05\/abrupto-deshielo-exacerba-efectos-del-calentamiento\/#respond"]}]},{"@type":"WebPage","@id":"https:\/\/www.eldiario.net\/portal\/2024\/05\/05\/abrupto-deshielo-exacerba-efectos-del-calentamiento\/","url":"https:\/\/www.eldiario.net\/portal\/2024\/05\/05\/abrupto-deshielo-exacerba-efectos-del-calentamiento\/","name":"Abrupto deshielo exacerba efectos del calentamiento - El Diario - Bolivia","isPartOf":{"@id":"https:\/\/www.eldiario.net\/portal\/#website"},"primaryImageOfPage":{"@id":"https:\/\/www.eldiario.net\/portal\/2024\/05\/05\/abrupto-deshielo-exacerba-efectos-del-calentamiento\/#primaryimage"},"image":{"@id":"https:\/\/www.eldiario.net\/portal\/2024\/05\/05\/abrupto-deshielo-exacerba-efectos-del-calentamiento\/#primaryimage"},"thumbnailUrl":"https:\/\/www.eldiario.net\/portal\/wp-content\/uploads\/2024\/05\/HIELO.jpg","datePublished":"2024-05-05T10:54:03+00:00","breadcrumb":{"@id":"https:\/\/www.eldiario.net\/portal\/2024\/05\/05\/abrupto-deshielo-exacerba-efectos-del-calentamiento\/#breadcrumb"},"inLanguage":"es","potentialAction":[{"@type":"ReadAction","target":["https:\/\/www.eldiario.net\/portal\/2024\/05\/05\/abrupto-deshielo-exacerba-efectos-del-calentamiento\/"]}]},{"@type":"ImageObject","inLanguage":"es","@id":"https:\/\/www.eldiario.net\/portal\/2024\/05\/05\/abrupto-deshielo-exacerba-efectos-del-calentamiento\/#primaryimage","url":"https:\/\/www.eldiario.net\/portal\/wp-content\/uploads\/2024\/05\/HIELO.jpg","contentUrl":"https:\/\/www.eldiario.net\/portal\/wp-content\/uploads\/2024\/05\/HIELO.jpg","width":1280,"height":720,"caption":"EL DESHIELO CONOCIDO COMO TERMOKARST, OCURRE ALREDEDOR DEL 20% DEL NORTE. El Universo"},{"@type":"BreadcrumbList","@id":"https:\/\/www.eldiario.net\/portal\/2024\/05\/05\/abrupto-deshielo-exacerba-efectos-del-calentamiento\/#breadcrumb","itemListElement":[{"@type":"ListItem","position":1,"name":"Portada","item":"https:\/\/www.eldiario.net\/portal\/"},{"@type":"ListItem","position":2,"name":"Abrupto deshielo exacerba efectos del calentamiento"}]},{"@type":"WebSite","@id":"https:\/\/www.eldiario.net\/portal\/#website","url":"https:\/\/www.eldiario.net\/portal\/","name":"El Diario - Decano de la prensa nacional","description":"El Diario - Decano de la prensa nacional","publisher":{"@id":"https:\/\/www.eldiario.net\/portal\/#organization"},"potentialAction":[{"@type":"SearchAction","target":{"@type":"EntryPoint","urlTemplate":"https:\/\/www.eldiario.net\/portal\/?s={search_term_string}"},"query-input":{"@type":"PropertyValueSpecification","valueRequired":true,"valueName":"search_term_string"}}],"inLanguage":"es"},{"@type":"Organization","@id":"https:\/\/www.eldiario.net\/portal\/#organization","name":"El Diario - Decano de la prensa nacional","url":"https:\/\/www.eldiario.net\/portal\/","logo":{"@type":"ImageObject","inLanguage":"es","@id":"https:\/\/www.eldiario.net\/portal\/#\/schema\/logo\/image\/","url":"https:\/\/www.eldiario.net\/portal\/wp-content\/uploads\/2023\/07\/logo_ED.jpg","contentUrl":"https:\/\/www.eldiario.net\/portal\/wp-content\/uploads\/2023\/07\/logo_ED.jpg","width":272,"height":52,"caption":"El Diario - Decano de la prensa nacional"},"image":{"@id":"https:\/\/www.eldiario.net\/portal\/#\/schema\/logo\/image\/"},"sameAs":["https:\/\/www.facebook.com\/eldiario.bolivia\/","https:\/\/x.com\/eldiario_net"]},{"@type":"Person","@id":"https:\/\/www.eldiario.net\/portal\/#\/schema\/person\/f46445640444750d7d753ccd04ae01b7","name":"Jeanette","image":{"@type":"ImageObject","inLanguage":"es","@id":"https:\/\/secure.gravatar.com\/avatar\/3ea2118a5f7dad2b7138b1187a6b7ee55f160b9968b66013c3a3ef39dd7e5798?s=96&d=mm&r=g","url":"https:\/\/secure.gravatar.com\/avatar\/3ea2118a5f7dad2b7138b1187a6b7ee55f160b9968b66013c3a3ef39dd7e5798?s=96&d=mm&r=g","contentUrl":"https:\/\/secure.gravatar.com\/avatar\/3ea2118a5f7dad2b7138b1187a6b7ee55f160b9968b66013c3a3ef39dd7e5798?s=96&d=mm&r=g","caption":"Jeanette"},"sameAs":["https:\/\/www.eldiario.net\/portal"],"url":"https:\/\/www.eldiario.net\/portal\/author\/jeanette\/"}]}},"_links":{"self":[{"href":"https:\/\/www.eldiario.net\/portal\/wp-json\/wp\/v2\/posts\/218578","targetHints":{"allow":["GET"]}}],"collection":[{"href":"https:\/\/www.eldiario.net\/portal\/wp-json\/wp\/v2\/posts"}],"about":[{"href":"https:\/\/www.eldiario.net\/portal\/wp-json\/wp\/v2\/types\/post"}],"author":[{"embeddable":true,"href":"https:\/\/www.eldiario.net\/portal\/wp-json\/wp\/v2\/users\/1"}],"replies":[{"embeddable":true,"href":"https:\/\/www.eldiario.net\/portal\/wp-json\/wp\/v2\/comments?post=218578"}],"version-history":[{"count":1,"href":"https:\/\/www.eldiario.net\/portal\/wp-json\/wp\/v2\/posts\/218578\/revisions"}],"predecessor-version":[{"id":218580,"href":"https:\/\/www.eldiario.net\/portal\/wp-json\/wp\/v2\/posts\/218578\/revisions\/218580"}],"wp:featuredmedia":[{"embeddable":true,"href":"https:\/\/www.eldiario.net\/portal\/wp-json\/wp\/v2\/media\/218579"}],"wp:attachment":[{"href":"https:\/\/www.eldiario.net\/portal\/wp-json\/wp\/v2\/media?parent=218578"}],"wp:term":[{"taxonomy":"category","embeddable":true,"href":"https:\/\/www.eldiario.net\/portal\/wp-json\/wp\/v2\/categories?post=218578"},{"taxonomy":"post_tag","embeddable":true,"href":"https:\/\/www.eldiario.net\/portal\/wp-json\/wp\/v2\/tags?post=218578"}],"curies":[{"name":"wp","href":"https:\/\/api.w.org\/{rel}","templated":true}]}}