{"id":218575,"date":"2024-05-05T06:52:55","date_gmt":"2024-05-05T10:52:55","guid":{"rendered":"https:\/\/www.eldiario.net\/portal\/?p=218575"},"modified":"2024-05-05T06:52:55","modified_gmt":"2024-05-05T10:52:55","slug":"las-plantas-dan-forma-activa-al-ciclo-climatico-2","status":"publish","type":"post","link":"https:\/\/www.eldiario.net\/portal\/2024\/05\/05\/las-plantas-dan-forma-activa-al-ciclo-climatico-2\/","title":{"rendered":"Las plantas dan forma  activa al ciclo clim\u00e1tico"},"content":{"rendered":"<p>Las plantas no son simplemente v\u00edctimas de los cambios clim\u00e1ticos, sino que ayudaron a moldear las condiciones de habitabilidad en la Tierra, revela un nuevo estudio de ETH Zurich.<br \/>\nA lo largo de cientos de millones de a\u00f1os, la Tierra pas\u00f3 por una serie de cambios clim\u00e1ticos que dieron forma al planeta tal como lo conocemos hoy. Los cambios pasados en los niveles de CO2 y la temperatura pueden ayudarnos a comprender la respuesta actual del planeta al calentamiento global.<br \/>\nComo parte de un campo en crecimiento llamado biogeodin\u00e1mica, los investigadores se apresuran a comprender c\u00f3mo tales cambios impactaron la vida en el planeta en el pasado. \u201cIntentamos comprender procesos relevantes para el presente a partir del pasado geol\u00f3gico\u201d, afirma en un comunicado Julian Rogger, especialista en biogeodin\u00e1mica en el Instituto de Geof\u00edsica de la ETH de Z\u00farich.<br \/>\nPara mostrar c\u00f3mo, Rogger utiliz\u00f3 modelos inform\u00e1ticos que simulan la interacci\u00f3n entre el cambio clim\u00e1tico, el movimiento de los continentes y la vida vegetal en el pasado lejano. Los modelos indican que las plantas probablemente ayuden a regular la composici\u00f3n de la atm\u00f3sfera del planeta atrapando carbono y emitiendo ox\u00edgeno, lo que ayuda a controlar los niveles de CO2.<br \/>\nTambi\u00e9n aceleran el proceso de meteorizaci\u00f3n mineral de los suelos, proceso que consume CO2. Los modelos de Rogger sugieren que el clima y la atm\u00f3sfera del planeta son parte de un circuito de retroalimentaci\u00f3n: la vida misma desempe\u00f1a un papel en la regulaci\u00f3n o aceleraci\u00f3n de los cambios clim\u00e1ticos.<br \/>\nCuando el cambio es lento (lo suficientemente lento como para que las plantas evolucionen o se propaguen a nuevos nichos a lo largo de millones de a\u00f1os), la actividad de las plantas puede actuar como un amortiguador, evitando que las temperaturas cambien demasiado r\u00e1pido.<br \/>\n\u201cLo que queremos saber es con qu\u00e9 rapidez la vegetaci\u00f3n puede cambiar sus caracter\u00edsticas cuando el mundo de repente se calienta 5 o 6 grados\u201d, se\u00f1ala Rogger. \u201cEl objetivo general es comprender la coevoluci\u00f3n del clima, la vegetaci\u00f3n y la tect\u00f3nica\u201d.<br \/>\nRogger y sus coautores, un equipo interdisciplinario de ge\u00f3logos, inform\u00e1ticos y cient\u00edficos de la tierra, crearon un modelo inform\u00e1tico de los \u00faltimos 390 millones de a\u00f1os que tuvo en cuenta los cambios de los continentes y el clima y la respuesta de la vegetaci\u00f3n a estos cambios. Ejecutar simulaciones en potentes supercomputadoras a\u00fan puede llevar hasta un mes, dada la complejidad del problema y el tiempo que se supone que representan.<br \/>\nLos modelos muestran que largos per\u00edodos de estabilidad hacen posible que la vegetaci\u00f3n florezca, absorbiendo CO2 y estabilizando el clima de la Tierra con el tiempo. En sus modelos, el equipo vio que las plantas eran capaces de evolucionar lo suficientemente r\u00e1pido como para adaptarse a cambios graduales en el clima y los paisajes debido, por ejemplo, a la deriva continental.<br \/>\nPero cuando el sistema clim\u00e1tico se altera y cambia demasiado r\u00e1pido para que la vegetaci\u00f3n se adapte, sucede lo contrario: las plantas desaparecen y no pueden actuar como amortiguador para frenar los cambios clim\u00e1ticos. Sin plantas que act\u00faen como freno, los cambios ambientales ocurren a\u00fan m\u00e1s r\u00e1pido y empujan a\u00fan m\u00e1s hacia el extremo. (Europa Press)<\/p>\n","protected":false},"excerpt":{"rendered":"<p>Las plantas no son simplemente v\u00edctimas de los cambios clim\u00e1ticos, sino que ayudaron a moldear las condiciones de habitabilidad en la Tierra, revela un nuevo estudio de ETH Zurich. A lo largo de cientos de millones de a\u00f1os, la Tierra pas\u00f3 por una serie de cambios clim\u00e1ticos que dieron forma al planeta tal como lo [&hellip;]<\/p>\n","protected":false},"author":1,"featured_media":218576,"comment_status":"open","ping_status":"open","sticky":false,"template":"","format":"standard","meta":{"_acf_changed":false,"footnotes":""},"categories":[3],"tags":[],"class_list":["post-218575","post","type-post","status-publish","format-standard","has-post-thumbnail","category-internacional"],"acf":{"antetitulo":"Pasan por una serie de cambios"},"yoast_head":"<!-- This site is optimized with the Yoast SEO plugin v28.4 - https:\/\/yoast.com\/product\/yoast-seo-wordpress\/ -->\n<title>Las plantas dan forma activa al ciclo clim\u00e1tico - El Diario - Bolivia<\/title>\n<meta name=\"robots\" content=\"index, follow, max-snippet:-1, max-image-preview:large, max-video-preview:-1\" \/>\n<link rel=\"canonical\" href=\"https:\/\/www.eldiario.net\/portal\/2024\/05\/05\/las-plantas-dan-forma-activa-al-ciclo-climatico-2\/\" \/>\n<meta property=\"og:locale\" content=\"es_ES\" \/>\n<meta property=\"og:type\" content=\"article\" \/>\n<meta property=\"og:title\" content=\"Las plantas dan forma activa al ciclo clim\u00e1tico - El Diario - Bolivia\" \/>\n<meta property=\"og:description\" content=\"Las plantas no son simplemente v\u00edctimas de los cambios clim\u00e1ticos, sino que ayudaron a moldear las condiciones de habitabilidad en la Tierra, revela un nuevo estudio de ETH Zurich. A lo largo de cientos de millones de a\u00f1os, la Tierra pas\u00f3 por una serie de cambios clim\u00e1ticos que dieron forma al planeta tal como lo [&hellip;]\" \/>\n<meta property=\"og:url\" content=\"https:\/\/www.eldiario.net\/portal\/2024\/05\/05\/las-plantas-dan-forma-activa-al-ciclo-climatico-2\/\" \/>\n<meta property=\"og:site_name\" content=\"El Diario - Bolivia\" \/>\n<meta property=\"article:publisher\" content=\"https:\/\/www.facebook.com\/eldiario.bolivia\/\" \/>\n<meta property=\"article:published_time\" content=\"2024-05-05T10:52:55+00:00\" \/>\n<meta property=\"og:image\" content=\"https:\/\/www.eldiario.net\/portal\/wp-content\/uploads\/2024\/05\/SOMBRA.jpg\" \/>\n\t<meta property=\"og:image:width\" content=\"950\" \/>\n\t<meta property=\"og:image:height\" content=\"535\" \/>\n\t<meta property=\"og:image:type\" content=\"image\/jpeg\" \/>\n<meta name=\"author\" content=\"Jeanette\" \/>\n<meta name=\"twitter:card\" content=\"summary_large_image\" \/>\n<meta name=\"twitter:creator\" content=\"@eldiario_net\" \/>\n<meta name=\"twitter:site\" content=\"@eldiario_net\" \/>\n<meta name=\"twitter:label1\" content=\"Escrito por\" \/>\n\t<meta name=\"twitter:data1\" content=\"Jeanette\" \/>\n\t<meta name=\"twitter:label2\" content=\"Tiempo de lectura\" \/>\n\t<meta name=\"twitter:data2\" content=\"3 minutos\" \/>\n<script type=\"application\/ld+json\" class=\"yoast-schema-graph\">{\"@context\":\"https:\\\/\\\/schema.org\",\"@graph\":[{\"@type\":\"Article\",\"@id\":\"https:\\\/\\\/www.eldiario.net\\\/portal\\\/2024\\\/05\\\/05\\\/las-plantas-dan-forma-activa-al-ciclo-climatico-2\\\/#article\",\"isPartOf\":{\"@id\":\"https:\\\/\\\/www.eldiario.net\\\/portal\\\/2024\\\/05\\\/05\\\/las-plantas-dan-forma-activa-al-ciclo-climatico-2\\\/\"},\"author\":{\"name\":\"Jeanette\",\"@id\":\"https:\\\/\\\/www.eldiario.net\\\/portal\\\/#\\\/schema\\\/person\\\/f46445640444750d7d753ccd04ae01b7\"},\"headline\":\"Las plantas dan forma activa al ciclo clim\u00e1tico\",\"datePublished\":\"2024-05-05T10:52:55+00:00\",\"mainEntityOfPage\":{\"@id\":\"https:\\\/\\\/www.eldiario.net\\\/portal\\\/2024\\\/05\\\/05\\\/las-plantas-dan-forma-activa-al-ciclo-climatico-2\\\/\"},\"wordCount\":578,\"commentCount\":0,\"publisher\":{\"@id\":\"https:\\\/\\\/www.eldiario.net\\\/portal\\\/#organization\"},\"image\":{\"@id\":\"https:\\\/\\\/www.eldiario.net\\\/portal\\\/2024\\\/05\\\/05\\\/las-plantas-dan-forma-activa-al-ciclo-climatico-2\\\/#primaryimage\"},\"thumbnailUrl\":\"https:\\\/\\\/www.eldiario.net\\\/portal\\\/wp-content\\\/uploads\\\/2024\\\/05\\\/SOMBRA.jpg\",\"articleSection\":[\"Internacional\"],\"inLanguage\":\"es\",\"potentialAction\":[{\"@type\":\"CommentAction\",\"name\":\"Comment\",\"target\":[\"https:\\\/\\\/www.eldiario.net\\\/portal\\\/2024\\\/05\\\/05\\\/las-plantas-dan-forma-activa-al-ciclo-climatico-2\\\/#respond\"]}]},{\"@type\":\"WebPage\",\"@id\":\"https:\\\/\\\/www.eldiario.net\\\/portal\\\/2024\\\/05\\\/05\\\/las-plantas-dan-forma-activa-al-ciclo-climatico-2\\\/\",\"url\":\"https:\\\/\\\/www.eldiario.net\\\/portal\\\/2024\\\/05\\\/05\\\/las-plantas-dan-forma-activa-al-ciclo-climatico-2\\\/\",\"name\":\"Las plantas dan forma activa al ciclo clim\u00e1tico - El Diario - Bolivia\",\"isPartOf\":{\"@id\":\"https:\\\/\\\/www.eldiario.net\\\/portal\\\/#website\"},\"primaryImageOfPage\":{\"@id\":\"https:\\\/\\\/www.eldiario.net\\\/portal\\\/2024\\\/05\\\/05\\\/las-plantas-dan-forma-activa-al-ciclo-climatico-2\\\/#primaryimage\"},\"image\":{\"@id\":\"https:\\\/\\\/www.eldiario.net\\\/portal\\\/2024\\\/05\\\/05\\\/las-plantas-dan-forma-activa-al-ciclo-climatico-2\\\/#primaryimage\"},\"thumbnailUrl\":\"https:\\\/\\\/www.eldiario.net\\\/portal\\\/wp-content\\\/uploads\\\/2024\\\/05\\\/SOMBRA.jpg\",\"datePublished\":\"2024-05-05T10:52:55+00:00\",\"breadcrumb\":{\"@id\":\"https:\\\/\\\/www.eldiario.net\\\/portal\\\/2024\\\/05\\\/05\\\/las-plantas-dan-forma-activa-al-ciclo-climatico-2\\\/#breadcrumb\"},\"inLanguage\":\"es\",\"potentialAction\":[{\"@type\":\"ReadAction\",\"target\":[\"https:\\\/\\\/www.eldiario.net\\\/portal\\\/2024\\\/05\\\/05\\\/las-plantas-dan-forma-activa-al-ciclo-climatico-2\\\/\"]}]},{\"@type\":\"ImageObject\",\"inLanguage\":\"es\",\"@id\":\"https:\\\/\\\/www.eldiario.net\\\/portal\\\/2024\\\/05\\\/05\\\/las-plantas-dan-forma-activa-al-ciclo-climatico-2\\\/#primaryimage\",\"url\":\"https:\\\/\\\/www.eldiario.net\\\/portal\\\/wp-content\\\/uploads\\\/2024\\\/05\\\/SOMBRA.jpg\",\"contentUrl\":\"https:\\\/\\\/www.eldiario.net\\\/portal\\\/wp-content\\\/uploads\\\/2024\\\/05\\\/SOMBRA.jpg\",\"width\":950,\"height\":535,\"caption\":\"LOS MODELOS MUESTRAN QUE largos PER\u00cdODOS DE ESTABILIDAD hacen QUE LA VEGETACI\u00d3N FLOREZCA.\"},{\"@type\":\"BreadcrumbList\",\"@id\":\"https:\\\/\\\/www.eldiario.net\\\/portal\\\/2024\\\/05\\\/05\\\/las-plantas-dan-forma-activa-al-ciclo-climatico-2\\\/#breadcrumb\",\"itemListElement\":[{\"@type\":\"ListItem\",\"position\":1,\"name\":\"Portada\",\"item\":\"https:\\\/\\\/www.eldiario.net\\\/portal\\\/\"},{\"@type\":\"ListItem\",\"position\":2,\"name\":\"Las plantas dan forma activa al ciclo clim\u00e1tico\"}]},{\"@type\":\"WebSite\",\"@id\":\"https:\\\/\\\/www.eldiario.net\\\/portal\\\/#website\",\"url\":\"https:\\\/\\\/www.eldiario.net\\\/portal\\\/\",\"name\":\"El Diario - Decano de la prensa nacional\",\"description\":\"El Diario - Decano de la prensa nacional\",\"publisher\":{\"@id\":\"https:\\\/\\\/www.eldiario.net\\\/portal\\\/#organization\"},\"potentialAction\":[{\"@type\":\"SearchAction\",\"target\":{\"@type\":\"EntryPoint\",\"urlTemplate\":\"https:\\\/\\\/www.eldiario.net\\\/portal\\\/?s={search_term_string}\"},\"query-input\":{\"@type\":\"PropertyValueSpecification\",\"valueRequired\":true,\"valueName\":\"search_term_string\"}}],\"inLanguage\":\"es\"},{\"@type\":\"Organization\",\"@id\":\"https:\\\/\\\/www.eldiario.net\\\/portal\\\/#organization\",\"name\":\"El Diario - Decano de la prensa nacional\",\"url\":\"https:\\\/\\\/www.eldiario.net\\\/portal\\\/\",\"logo\":{\"@type\":\"ImageObject\",\"inLanguage\":\"es\",\"@id\":\"https:\\\/\\\/www.eldiario.net\\\/portal\\\/#\\\/schema\\\/logo\\\/image\\\/\",\"url\":\"https:\\\/\\\/www.eldiario.net\\\/portal\\\/wp-content\\\/uploads\\\/2023\\\/07\\\/logo_ED.jpg\",\"contentUrl\":\"https:\\\/\\\/www.eldiario.net\\\/portal\\\/wp-content\\\/uploads\\\/2023\\\/07\\\/logo_ED.jpg\",\"width\":272,\"height\":52,\"caption\":\"El Diario - Decano de la prensa nacional\"},\"image\":{\"@id\":\"https:\\\/\\\/www.eldiario.net\\\/portal\\\/#\\\/schema\\\/logo\\\/image\\\/\"},\"sameAs\":[\"https:\\\/\\\/www.facebook.com\\\/eldiario.bolivia\\\/\",\"https:\\\/\\\/x.com\\\/eldiario_net\"]},{\"@type\":\"Person\",\"@id\":\"https:\\\/\\\/www.eldiario.net\\\/portal\\\/#\\\/schema\\\/person\\\/f46445640444750d7d753ccd04ae01b7\",\"name\":\"Jeanette\",\"image\":{\"@type\":\"ImageObject\",\"inLanguage\":\"es\",\"@id\":\"https:\\\/\\\/secure.gravatar.com\\\/avatar\\\/3ea2118a5f7dad2b7138b1187a6b7ee55f160b9968b66013c3a3ef39dd7e5798?s=96&d=mm&r=g\",\"url\":\"https:\\\/\\\/secure.gravatar.com\\\/avatar\\\/3ea2118a5f7dad2b7138b1187a6b7ee55f160b9968b66013c3a3ef39dd7e5798?s=96&d=mm&r=g\",\"contentUrl\":\"https:\\\/\\\/secure.gravatar.com\\\/avatar\\\/3ea2118a5f7dad2b7138b1187a6b7ee55f160b9968b66013c3a3ef39dd7e5798?s=96&d=mm&r=g\",\"caption\":\"Jeanette\"},\"sameAs\":[\"https:\\\/\\\/www.eldiario.net\\\/portal\"],\"url\":\"https:\\\/\\\/www.eldiario.net\\\/portal\\\/author\\\/jeanette\\\/\"}]}<\/script>\n<!-- \/ Yoast SEO plugin. -->","yoast_head_json":{"title":"Las plantas dan forma activa al ciclo clim\u00e1tico - El Diario - Bolivia","robots":{"index":"index","follow":"follow","max-snippet":"max-snippet:-1","max-image-preview":"max-image-preview:large","max-video-preview":"max-video-preview:-1"},"canonical":"https:\/\/www.eldiario.net\/portal\/2024\/05\/05\/las-plantas-dan-forma-activa-al-ciclo-climatico-2\/","og_locale":"es_ES","og_type":"article","og_title":"Las plantas dan forma activa al ciclo clim\u00e1tico - El Diario - Bolivia","og_description":"Las plantas no son simplemente v\u00edctimas de los cambios clim\u00e1ticos, sino que ayudaron a moldear las condiciones de habitabilidad en la Tierra, revela un nuevo estudio de ETH Zurich. A lo largo de cientos de millones de a\u00f1os, la Tierra pas\u00f3 por una serie de cambios clim\u00e1ticos que dieron forma al planeta tal como lo [&hellip;]","og_url":"https:\/\/www.eldiario.net\/portal\/2024\/05\/05\/las-plantas-dan-forma-activa-al-ciclo-climatico-2\/","og_site_name":"El Diario - Bolivia","article_publisher":"https:\/\/www.facebook.com\/eldiario.bolivia\/","article_published_time":"2024-05-05T10:52:55+00:00","og_image":[{"width":950,"height":535,"url":"https:\/\/www.eldiario.net\/portal\/wp-content\/uploads\/2024\/05\/SOMBRA.jpg","type":"image\/jpeg"}],"author":"Jeanette","twitter_card":"summary_large_image","twitter_creator":"@eldiario_net","twitter_site":"@eldiario_net","twitter_misc":{"Escrito por":"Jeanette","Tiempo de lectura":"3 minutos"},"schema":{"@context":"https:\/\/schema.org","@graph":[{"@type":"Article","@id":"https:\/\/www.eldiario.net\/portal\/2024\/05\/05\/las-plantas-dan-forma-activa-al-ciclo-climatico-2\/#article","isPartOf":{"@id":"https:\/\/www.eldiario.net\/portal\/2024\/05\/05\/las-plantas-dan-forma-activa-al-ciclo-climatico-2\/"},"author":{"name":"Jeanette","@id":"https:\/\/www.eldiario.net\/portal\/#\/schema\/person\/f46445640444750d7d753ccd04ae01b7"},"headline":"Las plantas dan forma activa al ciclo clim\u00e1tico","datePublished":"2024-05-05T10:52:55+00:00","mainEntityOfPage":{"@id":"https:\/\/www.eldiario.net\/portal\/2024\/05\/05\/las-plantas-dan-forma-activa-al-ciclo-climatico-2\/"},"wordCount":578,"commentCount":0,"publisher":{"@id":"https:\/\/www.eldiario.net\/portal\/#organization"},"image":{"@id":"https:\/\/www.eldiario.net\/portal\/2024\/05\/05\/las-plantas-dan-forma-activa-al-ciclo-climatico-2\/#primaryimage"},"thumbnailUrl":"https:\/\/www.eldiario.net\/portal\/wp-content\/uploads\/2024\/05\/SOMBRA.jpg","articleSection":["Internacional"],"inLanguage":"es","potentialAction":[{"@type":"CommentAction","name":"Comment","target":["https:\/\/www.eldiario.net\/portal\/2024\/05\/05\/las-plantas-dan-forma-activa-al-ciclo-climatico-2\/#respond"]}]},{"@type":"WebPage","@id":"https:\/\/www.eldiario.net\/portal\/2024\/05\/05\/las-plantas-dan-forma-activa-al-ciclo-climatico-2\/","url":"https:\/\/www.eldiario.net\/portal\/2024\/05\/05\/las-plantas-dan-forma-activa-al-ciclo-climatico-2\/","name":"Las plantas dan forma activa al ciclo clim\u00e1tico - El Diario - Bolivia","isPartOf":{"@id":"https:\/\/www.eldiario.net\/portal\/#website"},"primaryImageOfPage":{"@id":"https:\/\/www.eldiario.net\/portal\/2024\/05\/05\/las-plantas-dan-forma-activa-al-ciclo-climatico-2\/#primaryimage"},"image":{"@id":"https:\/\/www.eldiario.net\/portal\/2024\/05\/05\/las-plantas-dan-forma-activa-al-ciclo-climatico-2\/#primaryimage"},"thumbnailUrl":"https:\/\/www.eldiario.net\/portal\/wp-content\/uploads\/2024\/05\/SOMBRA.jpg","datePublished":"2024-05-05T10:52:55+00:00","breadcrumb":{"@id":"https:\/\/www.eldiario.net\/portal\/2024\/05\/05\/las-plantas-dan-forma-activa-al-ciclo-climatico-2\/#breadcrumb"},"inLanguage":"es","potentialAction":[{"@type":"ReadAction","target":["https:\/\/www.eldiario.net\/portal\/2024\/05\/05\/las-plantas-dan-forma-activa-al-ciclo-climatico-2\/"]}]},{"@type":"ImageObject","inLanguage":"es","@id":"https:\/\/www.eldiario.net\/portal\/2024\/05\/05\/las-plantas-dan-forma-activa-al-ciclo-climatico-2\/#primaryimage","url":"https:\/\/www.eldiario.net\/portal\/wp-content\/uploads\/2024\/05\/SOMBRA.jpg","contentUrl":"https:\/\/www.eldiario.net\/portal\/wp-content\/uploads\/2024\/05\/SOMBRA.jpg","width":950,"height":535,"caption":"LOS MODELOS MUESTRAN QUE largos PER\u00cdODOS DE ESTABILIDAD hacen QUE LA VEGETACI\u00d3N FLOREZCA."},{"@type":"BreadcrumbList","@id":"https:\/\/www.eldiario.net\/portal\/2024\/05\/05\/las-plantas-dan-forma-activa-al-ciclo-climatico-2\/#breadcrumb","itemListElement":[{"@type":"ListItem","position":1,"name":"Portada","item":"https:\/\/www.eldiario.net\/portal\/"},{"@type":"ListItem","position":2,"name":"Las plantas dan forma activa al ciclo clim\u00e1tico"}]},{"@type":"WebSite","@id":"https:\/\/www.eldiario.net\/portal\/#website","url":"https:\/\/www.eldiario.net\/portal\/","name":"El Diario - Decano de la prensa nacional","description":"El Diario - Decano de la prensa nacional","publisher":{"@id":"https:\/\/www.eldiario.net\/portal\/#organization"},"potentialAction":[{"@type":"SearchAction","target":{"@type":"EntryPoint","urlTemplate":"https:\/\/www.eldiario.net\/portal\/?s={search_term_string}"},"query-input":{"@type":"PropertyValueSpecification","valueRequired":true,"valueName":"search_term_string"}}],"inLanguage":"es"},{"@type":"Organization","@id":"https:\/\/www.eldiario.net\/portal\/#organization","name":"El Diario - Decano de la prensa nacional","url":"https:\/\/www.eldiario.net\/portal\/","logo":{"@type":"ImageObject","inLanguage":"es","@id":"https:\/\/www.eldiario.net\/portal\/#\/schema\/logo\/image\/","url":"https:\/\/www.eldiario.net\/portal\/wp-content\/uploads\/2023\/07\/logo_ED.jpg","contentUrl":"https:\/\/www.eldiario.net\/portal\/wp-content\/uploads\/2023\/07\/logo_ED.jpg","width":272,"height":52,"caption":"El Diario - Decano de la prensa nacional"},"image":{"@id":"https:\/\/www.eldiario.net\/portal\/#\/schema\/logo\/image\/"},"sameAs":["https:\/\/www.facebook.com\/eldiario.bolivia\/","https:\/\/x.com\/eldiario_net"]},{"@type":"Person","@id":"https:\/\/www.eldiario.net\/portal\/#\/schema\/person\/f46445640444750d7d753ccd04ae01b7","name":"Jeanette","image":{"@type":"ImageObject","inLanguage":"es","@id":"https:\/\/secure.gravatar.com\/avatar\/3ea2118a5f7dad2b7138b1187a6b7ee55f160b9968b66013c3a3ef39dd7e5798?s=96&d=mm&r=g","url":"https:\/\/secure.gravatar.com\/avatar\/3ea2118a5f7dad2b7138b1187a6b7ee55f160b9968b66013c3a3ef39dd7e5798?s=96&d=mm&r=g","contentUrl":"https:\/\/secure.gravatar.com\/avatar\/3ea2118a5f7dad2b7138b1187a6b7ee55f160b9968b66013c3a3ef39dd7e5798?s=96&d=mm&r=g","caption":"Jeanette"},"sameAs":["https:\/\/www.eldiario.net\/portal"],"url":"https:\/\/www.eldiario.net\/portal\/author\/jeanette\/"}]}},"_links":{"self":[{"href":"https:\/\/www.eldiario.net\/portal\/wp-json\/wp\/v2\/posts\/218575","targetHints":{"allow":["GET"]}}],"collection":[{"href":"https:\/\/www.eldiario.net\/portal\/wp-json\/wp\/v2\/posts"}],"about":[{"href":"https:\/\/www.eldiario.net\/portal\/wp-json\/wp\/v2\/types\/post"}],"author":[{"embeddable":true,"href":"https:\/\/www.eldiario.net\/portal\/wp-json\/wp\/v2\/users\/1"}],"replies":[{"embeddable":true,"href":"https:\/\/www.eldiario.net\/portal\/wp-json\/wp\/v2\/comments?post=218575"}],"version-history":[{"count":1,"href":"https:\/\/www.eldiario.net\/portal\/wp-json\/wp\/v2\/posts\/218575\/revisions"}],"predecessor-version":[{"id":218577,"href":"https:\/\/www.eldiario.net\/portal\/wp-json\/wp\/v2\/posts\/218575\/revisions\/218577"}],"wp:featuredmedia":[{"embeddable":true,"href":"https:\/\/www.eldiario.net\/portal\/wp-json\/wp\/v2\/media\/218576"}],"wp:attachment":[{"href":"https:\/\/www.eldiario.net\/portal\/wp-json\/wp\/v2\/media?parent=218575"}],"wp:term":[{"taxonomy":"category","embeddable":true,"href":"https:\/\/www.eldiario.net\/portal\/wp-json\/wp\/v2\/categories?post=218575"},{"taxonomy":"post_tag","embeddable":true,"href":"https:\/\/www.eldiario.net\/portal\/wp-json\/wp\/v2\/tags?post=218575"}],"curies":[{"name":"wp","href":"https:\/\/api.w.org\/{rel}","templated":true}]}}