{"id":218570,"date":"2024-05-05T06:50:58","date_gmt":"2024-05-05T10:50:58","guid":{"rendered":"https:\/\/www.eldiario.net\/portal\/?p=218570"},"modified":"2024-05-05T06:50:58","modified_gmt":"2024-05-05T10:50:58","slug":"bichito-de-luz-50-anos-iluminando-mentes-y-vidas","status":"publish","type":"post","link":"https:\/\/www.eldiario.net\/portal\/2024\/05\/05\/bichito-de-luz-50-anos-iluminando-mentes-y-vidas\/","title":{"rendered":"\u201cBichito de Luz\u201d 50 a\u00f1os  iluminando mentes y vidas"},"content":{"rendered":"<p>Pasaron 50 a\u00f1os ya desde que Adela Sarmiento de Costa y su esposo \u00c1ngel Costa tuvieron la brillante idea de implementar un centro de educaci\u00f3n para ni\u00f1os, que con el pasar de los a\u00f1os se convirti\u00f3 en la Unidad Educativa \u201cBichito de Luz &#8211; Nuestra Se\u00f1ora de Itat\u00ed\u201d, que este a\u00f1o conmemora sus bien merecidas Bodas de Oro, por lo que recibi\u00f3 condecoraciones y reconocimientos de distintas autoridades gubernamentales y municipales, entre otros.<br \/>\n\u201cSon a\u00f1os que los pasamos felices, porque vimos crecer a cada uno de los ni\u00f1os, muchos de ellos ahora grandes profesionales (\u2026) claro que pasamos por muchas cosas, pero la mayor alegr\u00eda y satisfacci\u00f3n es verlos comprometidos con la sociedad (\u2026), adem\u00e1s que reconozcan (las autoridades) el trabajo con amor que hacemos\u201d, se\u00f1al\u00f3 la fundadora y tambi\u00e9n directora del establecimiento educativo.<br \/>\nEn pasados d\u00edas, en un acto especial preparado en el Hotel Presidente, la C\u00e1mara de Senadores, entre otras instancias, entreg\u00f3 el reconocimiento a la instituci\u00f3n educativa por sus 50 a\u00f1os de trayectoria a favor de la educaci\u00f3n boliviana, tambi\u00e9n reconocieron la labor de su fundadora.<br \/>\nHISTORIA<br \/>\nCon un semblante de paz y nostalgia, \u201cla t\u00eda\u201d Adela (como es conocida por sus allegados) relat\u00f3 que fue su amor hacia los ni\u00f1os, lo que les impuls\u00f3 a instalar, en primera instancia, un centro de atenci\u00f3n para infantes.<br \/>\n\u201cLo hemos fundado en el a\u00f1o 1974 con mi esposo; \u00c1ngel Costa Antezana que ya no est\u00e1 con nosotros. \u00c9l era m\u00e9dico-pediatra, los dos unidos hemos hecho el trabajo de educar a los ni\u00f1os, \u00e9l amaba a los ni\u00f1os era m\u00e9dico de ni\u00f1os y yo amaba a los ni\u00f1os tambi\u00e9n. Entonces pusimos el centro de atenci\u00f3n a los ni\u00f1os, con unos 25 ni\u00f1os y de ah\u00ed ha ido creciendo\u201d, record\u00f3.<br \/>\nCon el tiempo, \u201ctuvimos sala cuna, ten\u00edamos 40 ni\u00f1os. Yo me encargaba en la parte educativa y mi esposo atendiendo a los ni\u00f1os\u201d. As\u00ed empez\u00f3, como una especie de guarder\u00eda de ni\u00f1os y fueron los padres de familia quienes hac\u00edan \u201cla publicidad\u201d para el lugar.<br \/>\n\u201cSe sac\u00f3 la resoluci\u00f3n ministerial con kindergarten con opci\u00f3n de ampliar a primaria, pero con los a\u00f1os logramos m\u00e1s (\u2026) los padres de familia son los m\u00e1s entusiastas para lograr crecer\u201d, manifest\u00f3 Sarmiento.<br \/>\nDespu\u00e9s, ampliaron a primaria y secundaria, en la actualidad tiene en sus aulas a 520 estudiantes en los niveles de inicial, primaria y secundaria, con quienes aplica una educaci\u00f3n personalizada, pero tambi\u00e9n inclusiva, pues cuentan con alumnado de Educaci\u00f3n Alternativa y Especial.<br \/>\n\u201cTrabajamos con educaci\u00f3n inclusiva, tuve ni\u00f1os sordomudos, ciegos, chicos con da\u00f1o cerebral, nosotros atendemos eso (\u2026). Este a\u00f1o tenemos siete ni\u00f1os con necesidades especiales que est\u00e1n incluidos con el resto del alumnado\u201d, puntualiz\u00f3 emocionada la tambi\u00e9n maestra.<br \/>\nSus profesiones de maestra, psic\u00f3loga, profesora de m\u00fasica y artes pl\u00e1sticas, adem\u00e1s de abogada hicieron que la argentina qued\u00e9 m\u00e1s y m\u00e1s enamorada del pa\u00eds, por lo que se estableci\u00f3 en la urbe pace\u00f1a y adopt\u00f3 a todos sus estudiantes.<br \/>\n\u201cPerd\u00ed tres hijos reci\u00e9n nacidos, pero Dios me dio millones. Ense\u00f1ar a amar al pr\u00f3jimo y levantar a cualquiera que necesite ser apoyado, es lo que propagamos (\u2026). Mi vida ha sido educar, en el amor, para el amor y con el amor\u201d, asegur\u00f3 Sarmiento.<br \/>\nAgradeci\u00f3 el apoyo de sus hijos, entre ellos el presidente de la Federaci\u00f3n Boliviana de F\u00fatbol, \u00c1ngel Fernando Costa Sarmiento y de su nieto, actual presidente del club Always Ready, Andr\u00e9s Costa Guzm\u00e1n.<\/p>\n","protected":false},"excerpt":{"rendered":"<p>Pasaron 50 a\u00f1os ya desde que Adela Sarmiento de Costa y su esposo \u00c1ngel Costa tuvieron la brillante idea de implementar un centro de educaci\u00f3n para ni\u00f1os, que con el pasar de los a\u00f1os se convirti\u00f3 en la Unidad Educativa \u201cBichito de Luz &#8211; Nuestra Se\u00f1ora de Itat\u00ed\u201d, que este a\u00f1o conmemora sus bien merecidas [&hellip;]<\/p>\n","protected":false},"author":1,"featured_media":218571,"comment_status":"open","ping_status":"open","sticky":false,"template":"","format":"standard","meta":{"_acf_changed":false,"footnotes":""},"categories":[12],"tags":[],"class_list":["post-218570","post","type-post","status-publish","format-standard","has-post-thumbnail","category-nacional"],"acf":{"antetitulo":""},"yoast_head":"<!-- This site is optimized with the Yoast SEO plugin v28.3 - https:\/\/yoast.com\/product\/yoast-seo-wordpress\/ -->\n<title>\u201cBichito de Luz\u201d 50 a\u00f1os iluminando mentes y vidas - El Diario - Bolivia<\/title>\n<meta name=\"robots\" content=\"index, follow, max-snippet:-1, max-image-preview:large, max-video-preview:-1\" \/>\n<link rel=\"canonical\" href=\"https:\/\/www.eldiario.net\/portal\/2024\/05\/05\/bichito-de-luz-50-anos-iluminando-mentes-y-vidas\/\" \/>\n<meta property=\"og:locale\" content=\"es_ES\" \/>\n<meta property=\"og:type\" content=\"article\" \/>\n<meta property=\"og:title\" content=\"\u201cBichito de Luz\u201d 50 a\u00f1os iluminando mentes y vidas - El Diario - Bolivia\" \/>\n<meta property=\"og:description\" content=\"Pasaron 50 a\u00f1os ya desde que Adela Sarmiento de Costa y su esposo \u00c1ngel Costa tuvieron la brillante idea de implementar un centro de educaci\u00f3n para ni\u00f1os, que con el pasar de los a\u00f1os se convirti\u00f3 en la Unidad Educativa \u201cBichito de Luz &#8211; Nuestra Se\u00f1ora de Itat\u00ed\u201d, que este a\u00f1o conmemora sus bien merecidas [&hellip;]\" \/>\n<meta property=\"og:url\" content=\"https:\/\/www.eldiario.net\/portal\/2024\/05\/05\/bichito-de-luz-50-anos-iluminando-mentes-y-vidas\/\" \/>\n<meta property=\"og:site_name\" content=\"El Diario - Bolivia\" \/>\n<meta property=\"article:publisher\" content=\"https:\/\/www.facebook.com\/eldiario.bolivia\/\" \/>\n<meta property=\"article:published_time\" content=\"2024-05-05T10:50:58+00:00\" \/>\n<meta property=\"og:image\" content=\"https:\/\/www.eldiario.net\/portal\/wp-content\/uploads\/2024\/05\/F1-bichito-scaled.jpg\" \/>\n\t<meta property=\"og:image:width\" content=\"2560\" \/>\n\t<meta property=\"og:image:height\" content=\"1707\" \/>\n\t<meta property=\"og:image:type\" content=\"image\/jpeg\" \/>\n<meta name=\"author\" content=\"Jeanette\" \/>\n<meta name=\"twitter:card\" content=\"summary_large_image\" \/>\n<meta name=\"twitter:creator\" content=\"@eldiario_net\" \/>\n<meta name=\"twitter:site\" content=\"@eldiario_net\" \/>\n<meta name=\"twitter:label1\" content=\"Escrito por\" \/>\n\t<meta name=\"twitter:data1\" content=\"Jeanette\" \/>\n\t<meta name=\"twitter:label2\" content=\"Tiempo de lectura\" \/>\n\t<meta name=\"twitter:data2\" content=\"3 minutos\" \/>\n<script type=\"application\/ld+json\" class=\"yoast-schema-graph\">{\"@context\":\"https:\\\/\\\/schema.org\",\"@graph\":[{\"@type\":\"Article\",\"@id\":\"https:\\\/\\\/www.eldiario.net\\\/portal\\\/2024\\\/05\\\/05\\\/bichito-de-luz-50-anos-iluminando-mentes-y-vidas\\\/#article\",\"isPartOf\":{\"@id\":\"https:\\\/\\\/www.eldiario.net\\\/portal\\\/2024\\\/05\\\/05\\\/bichito-de-luz-50-anos-iluminando-mentes-y-vidas\\\/\"},\"author\":{\"name\":\"Jeanette\",\"@id\":\"https:\\\/\\\/www.eldiario.net\\\/portal\\\/#\\\/schema\\\/person\\\/f46445640444750d7d753ccd04ae01b7\"},\"headline\":\"\u201cBichito de Luz\u201d 50 a\u00f1os iluminando mentes y vidas\",\"datePublished\":\"2024-05-05T10:50:58+00:00\",\"mainEntityOfPage\":{\"@id\":\"https:\\\/\\\/www.eldiario.net\\\/portal\\\/2024\\\/05\\\/05\\\/bichito-de-luz-50-anos-iluminando-mentes-y-vidas\\\/\"},\"wordCount\":632,\"commentCount\":0,\"publisher\":{\"@id\":\"https:\\\/\\\/www.eldiario.net\\\/portal\\\/#organization\"},\"image\":{\"@id\":\"https:\\\/\\\/www.eldiario.net\\\/portal\\\/2024\\\/05\\\/05\\\/bichito-de-luz-50-anos-iluminando-mentes-y-vidas\\\/#primaryimage\"},\"thumbnailUrl\":\"https:\\\/\\\/www.eldiario.net\\\/portal\\\/wp-content\\\/uploads\\\/2024\\\/05\\\/F1-bichito-scaled.jpg\",\"articleSection\":[\"Nacional\"],\"inLanguage\":\"es\",\"potentialAction\":[{\"@type\":\"CommentAction\",\"name\":\"Comment\",\"target\":[\"https:\\\/\\\/www.eldiario.net\\\/portal\\\/2024\\\/05\\\/05\\\/bichito-de-luz-50-anos-iluminando-mentes-y-vidas\\\/#respond\"]}]},{\"@type\":\"WebPage\",\"@id\":\"https:\\\/\\\/www.eldiario.net\\\/portal\\\/2024\\\/05\\\/05\\\/bichito-de-luz-50-anos-iluminando-mentes-y-vidas\\\/\",\"url\":\"https:\\\/\\\/www.eldiario.net\\\/portal\\\/2024\\\/05\\\/05\\\/bichito-de-luz-50-anos-iluminando-mentes-y-vidas\\\/\",\"name\":\"\u201cBichito de Luz\u201d 50 a\u00f1os iluminando mentes y vidas - El Diario - Bolivia\",\"isPartOf\":{\"@id\":\"https:\\\/\\\/www.eldiario.net\\\/portal\\\/#website\"},\"primaryImageOfPage\":{\"@id\":\"https:\\\/\\\/www.eldiario.net\\\/portal\\\/2024\\\/05\\\/05\\\/bichito-de-luz-50-anos-iluminando-mentes-y-vidas\\\/#primaryimage\"},\"image\":{\"@id\":\"https:\\\/\\\/www.eldiario.net\\\/portal\\\/2024\\\/05\\\/05\\\/bichito-de-luz-50-anos-iluminando-mentes-y-vidas\\\/#primaryimage\"},\"thumbnailUrl\":\"https:\\\/\\\/www.eldiario.net\\\/portal\\\/wp-content\\\/uploads\\\/2024\\\/05\\\/F1-bichito-scaled.jpg\",\"datePublished\":\"2024-05-05T10:50:58+00:00\",\"breadcrumb\":{\"@id\":\"https:\\\/\\\/www.eldiario.net\\\/portal\\\/2024\\\/05\\\/05\\\/bichito-de-luz-50-anos-iluminando-mentes-y-vidas\\\/#breadcrumb\"},\"inLanguage\":\"es\",\"potentialAction\":[{\"@type\":\"ReadAction\",\"target\":[\"https:\\\/\\\/www.eldiario.net\\\/portal\\\/2024\\\/05\\\/05\\\/bichito-de-luz-50-anos-iluminando-mentes-y-vidas\\\/\"]}]},{\"@type\":\"ImageObject\",\"inLanguage\":\"es\",\"@id\":\"https:\\\/\\\/www.eldiario.net\\\/portal\\\/2024\\\/05\\\/05\\\/bichito-de-luz-50-anos-iluminando-mentes-y-vidas\\\/#primaryimage\",\"url\":\"https:\\\/\\\/www.eldiario.net\\\/portal\\\/wp-content\\\/uploads\\\/2024\\\/05\\\/F1-bichito-scaled.jpg\",\"contentUrl\":\"https:\\\/\\\/www.eldiario.net\\\/portal\\\/wp-content\\\/uploads\\\/2024\\\/05\\\/F1-bichito-scaled.jpg\",\"width\":2560,\"height\":1707,\"caption\":\"En un acto especial recibieron reconocimientos especiales.\"},{\"@type\":\"BreadcrumbList\",\"@id\":\"https:\\\/\\\/www.eldiario.net\\\/portal\\\/2024\\\/05\\\/05\\\/bichito-de-luz-50-anos-iluminando-mentes-y-vidas\\\/#breadcrumb\",\"itemListElement\":[{\"@type\":\"ListItem\",\"position\":1,\"name\":\"Portada\",\"item\":\"https:\\\/\\\/www.eldiario.net\\\/portal\\\/\"},{\"@type\":\"ListItem\",\"position\":2,\"name\":\"\u201cBichito de Luz\u201d 50 a\u00f1os iluminando mentes y vidas\"}]},{\"@type\":\"WebSite\",\"@id\":\"https:\\\/\\\/www.eldiario.net\\\/portal\\\/#website\",\"url\":\"https:\\\/\\\/www.eldiario.net\\\/portal\\\/\",\"name\":\"El Diario - Decano de la prensa nacional\",\"description\":\"El Diario - Decano de la prensa nacional\",\"publisher\":{\"@id\":\"https:\\\/\\\/www.eldiario.net\\\/portal\\\/#organization\"},\"potentialAction\":[{\"@type\":\"SearchAction\",\"target\":{\"@type\":\"EntryPoint\",\"urlTemplate\":\"https:\\\/\\\/www.eldiario.net\\\/portal\\\/?s={search_term_string}\"},\"query-input\":{\"@type\":\"PropertyValueSpecification\",\"valueRequired\":true,\"valueName\":\"search_term_string\"}}],\"inLanguage\":\"es\"},{\"@type\":\"Organization\",\"@id\":\"https:\\\/\\\/www.eldiario.net\\\/portal\\\/#organization\",\"name\":\"El Diario - Decano de la prensa nacional\",\"url\":\"https:\\\/\\\/www.eldiario.net\\\/portal\\\/\",\"logo\":{\"@type\":\"ImageObject\",\"inLanguage\":\"es\",\"@id\":\"https:\\\/\\\/www.eldiario.net\\\/portal\\\/#\\\/schema\\\/logo\\\/image\\\/\",\"url\":\"https:\\\/\\\/www.eldiario.net\\\/portal\\\/wp-content\\\/uploads\\\/2023\\\/07\\\/logo_ED.jpg\",\"contentUrl\":\"https:\\\/\\\/www.eldiario.net\\\/portal\\\/wp-content\\\/uploads\\\/2023\\\/07\\\/logo_ED.jpg\",\"width\":272,\"height\":52,\"caption\":\"El Diario - Decano de la prensa nacional\"},\"image\":{\"@id\":\"https:\\\/\\\/www.eldiario.net\\\/portal\\\/#\\\/schema\\\/logo\\\/image\\\/\"},\"sameAs\":[\"https:\\\/\\\/www.facebook.com\\\/eldiario.bolivia\\\/\",\"https:\\\/\\\/x.com\\\/eldiario_net\"]},{\"@type\":\"Person\",\"@id\":\"https:\\\/\\\/www.eldiario.net\\\/portal\\\/#\\\/schema\\\/person\\\/f46445640444750d7d753ccd04ae01b7\",\"name\":\"Jeanette\",\"image\":{\"@type\":\"ImageObject\",\"inLanguage\":\"es\",\"@id\":\"https:\\\/\\\/secure.gravatar.com\\\/avatar\\\/3ea2118a5f7dad2b7138b1187a6b7ee55f160b9968b66013c3a3ef39dd7e5798?s=96&d=mm&r=g\",\"url\":\"https:\\\/\\\/secure.gravatar.com\\\/avatar\\\/3ea2118a5f7dad2b7138b1187a6b7ee55f160b9968b66013c3a3ef39dd7e5798?s=96&d=mm&r=g\",\"contentUrl\":\"https:\\\/\\\/secure.gravatar.com\\\/avatar\\\/3ea2118a5f7dad2b7138b1187a6b7ee55f160b9968b66013c3a3ef39dd7e5798?s=96&d=mm&r=g\",\"caption\":\"Jeanette\"},\"sameAs\":[\"https:\\\/\\\/www.eldiario.net\\\/portal\"],\"url\":\"https:\\\/\\\/www.eldiario.net\\\/portal\\\/author\\\/jeanette\\\/\"}]}<\/script>\n<!-- \/ Yoast SEO plugin. -->","yoast_head_json":{"title":"\u201cBichito de Luz\u201d 50 a\u00f1os iluminando mentes y vidas - El Diario - Bolivia","robots":{"index":"index","follow":"follow","max-snippet":"max-snippet:-1","max-image-preview":"max-image-preview:large","max-video-preview":"max-video-preview:-1"},"canonical":"https:\/\/www.eldiario.net\/portal\/2024\/05\/05\/bichito-de-luz-50-anos-iluminando-mentes-y-vidas\/","og_locale":"es_ES","og_type":"article","og_title":"\u201cBichito de Luz\u201d 50 a\u00f1os iluminando mentes y vidas - El Diario - Bolivia","og_description":"Pasaron 50 a\u00f1os ya desde que Adela Sarmiento de Costa y su esposo \u00c1ngel Costa tuvieron la brillante idea de implementar un centro de educaci\u00f3n para ni\u00f1os, que con el pasar de los a\u00f1os se convirti\u00f3 en la Unidad Educativa \u201cBichito de Luz &#8211; Nuestra Se\u00f1ora de Itat\u00ed\u201d, que este a\u00f1o conmemora sus bien merecidas [&hellip;]","og_url":"https:\/\/www.eldiario.net\/portal\/2024\/05\/05\/bichito-de-luz-50-anos-iluminando-mentes-y-vidas\/","og_site_name":"El Diario - Bolivia","article_publisher":"https:\/\/www.facebook.com\/eldiario.bolivia\/","article_published_time":"2024-05-05T10:50:58+00:00","og_image":[{"width":2560,"height":1707,"url":"https:\/\/www.eldiario.net\/portal\/wp-content\/uploads\/2024\/05\/F1-bichito-scaled.jpg","type":"image\/jpeg"}],"author":"Jeanette","twitter_card":"summary_large_image","twitter_creator":"@eldiario_net","twitter_site":"@eldiario_net","twitter_misc":{"Escrito por":"Jeanette","Tiempo de lectura":"3 minutos"},"schema":{"@context":"https:\/\/schema.org","@graph":[{"@type":"Article","@id":"https:\/\/www.eldiario.net\/portal\/2024\/05\/05\/bichito-de-luz-50-anos-iluminando-mentes-y-vidas\/#article","isPartOf":{"@id":"https:\/\/www.eldiario.net\/portal\/2024\/05\/05\/bichito-de-luz-50-anos-iluminando-mentes-y-vidas\/"},"author":{"name":"Jeanette","@id":"https:\/\/www.eldiario.net\/portal\/#\/schema\/person\/f46445640444750d7d753ccd04ae01b7"},"headline":"\u201cBichito de Luz\u201d 50 a\u00f1os iluminando mentes y vidas","datePublished":"2024-05-05T10:50:58+00:00","mainEntityOfPage":{"@id":"https:\/\/www.eldiario.net\/portal\/2024\/05\/05\/bichito-de-luz-50-anos-iluminando-mentes-y-vidas\/"},"wordCount":632,"commentCount":0,"publisher":{"@id":"https:\/\/www.eldiario.net\/portal\/#organization"},"image":{"@id":"https:\/\/www.eldiario.net\/portal\/2024\/05\/05\/bichito-de-luz-50-anos-iluminando-mentes-y-vidas\/#primaryimage"},"thumbnailUrl":"https:\/\/www.eldiario.net\/portal\/wp-content\/uploads\/2024\/05\/F1-bichito-scaled.jpg","articleSection":["Nacional"],"inLanguage":"es","potentialAction":[{"@type":"CommentAction","name":"Comment","target":["https:\/\/www.eldiario.net\/portal\/2024\/05\/05\/bichito-de-luz-50-anos-iluminando-mentes-y-vidas\/#respond"]}]},{"@type":"WebPage","@id":"https:\/\/www.eldiario.net\/portal\/2024\/05\/05\/bichito-de-luz-50-anos-iluminando-mentes-y-vidas\/","url":"https:\/\/www.eldiario.net\/portal\/2024\/05\/05\/bichito-de-luz-50-anos-iluminando-mentes-y-vidas\/","name":"\u201cBichito de Luz\u201d 50 a\u00f1os iluminando mentes y vidas - El Diario - Bolivia","isPartOf":{"@id":"https:\/\/www.eldiario.net\/portal\/#website"},"primaryImageOfPage":{"@id":"https:\/\/www.eldiario.net\/portal\/2024\/05\/05\/bichito-de-luz-50-anos-iluminando-mentes-y-vidas\/#primaryimage"},"image":{"@id":"https:\/\/www.eldiario.net\/portal\/2024\/05\/05\/bichito-de-luz-50-anos-iluminando-mentes-y-vidas\/#primaryimage"},"thumbnailUrl":"https:\/\/www.eldiario.net\/portal\/wp-content\/uploads\/2024\/05\/F1-bichito-scaled.jpg","datePublished":"2024-05-05T10:50:58+00:00","breadcrumb":{"@id":"https:\/\/www.eldiario.net\/portal\/2024\/05\/05\/bichito-de-luz-50-anos-iluminando-mentes-y-vidas\/#breadcrumb"},"inLanguage":"es","potentialAction":[{"@type":"ReadAction","target":["https:\/\/www.eldiario.net\/portal\/2024\/05\/05\/bichito-de-luz-50-anos-iluminando-mentes-y-vidas\/"]}]},{"@type":"ImageObject","inLanguage":"es","@id":"https:\/\/www.eldiario.net\/portal\/2024\/05\/05\/bichito-de-luz-50-anos-iluminando-mentes-y-vidas\/#primaryimage","url":"https:\/\/www.eldiario.net\/portal\/wp-content\/uploads\/2024\/05\/F1-bichito-scaled.jpg","contentUrl":"https:\/\/www.eldiario.net\/portal\/wp-content\/uploads\/2024\/05\/F1-bichito-scaled.jpg","width":2560,"height":1707,"caption":"En un acto especial recibieron reconocimientos especiales."},{"@type":"BreadcrumbList","@id":"https:\/\/www.eldiario.net\/portal\/2024\/05\/05\/bichito-de-luz-50-anos-iluminando-mentes-y-vidas\/#breadcrumb","itemListElement":[{"@type":"ListItem","position":1,"name":"Portada","item":"https:\/\/www.eldiario.net\/portal\/"},{"@type":"ListItem","position":2,"name":"\u201cBichito de Luz\u201d 50 a\u00f1os iluminando mentes y vidas"}]},{"@type":"WebSite","@id":"https:\/\/www.eldiario.net\/portal\/#website","url":"https:\/\/www.eldiario.net\/portal\/","name":"El Diario - Decano de la prensa nacional","description":"El Diario - Decano de la prensa nacional","publisher":{"@id":"https:\/\/www.eldiario.net\/portal\/#organization"},"potentialAction":[{"@type":"SearchAction","target":{"@type":"EntryPoint","urlTemplate":"https:\/\/www.eldiario.net\/portal\/?s={search_term_string}"},"query-input":{"@type":"PropertyValueSpecification","valueRequired":true,"valueName":"search_term_string"}}],"inLanguage":"es"},{"@type":"Organization","@id":"https:\/\/www.eldiario.net\/portal\/#organization","name":"El Diario - Decano de la prensa nacional","url":"https:\/\/www.eldiario.net\/portal\/","logo":{"@type":"ImageObject","inLanguage":"es","@id":"https:\/\/www.eldiario.net\/portal\/#\/schema\/logo\/image\/","url":"https:\/\/www.eldiario.net\/portal\/wp-content\/uploads\/2023\/07\/logo_ED.jpg","contentUrl":"https:\/\/www.eldiario.net\/portal\/wp-content\/uploads\/2023\/07\/logo_ED.jpg","width":272,"height":52,"caption":"El Diario - Decano de la prensa nacional"},"image":{"@id":"https:\/\/www.eldiario.net\/portal\/#\/schema\/logo\/image\/"},"sameAs":["https:\/\/www.facebook.com\/eldiario.bolivia\/","https:\/\/x.com\/eldiario_net"]},{"@type":"Person","@id":"https:\/\/www.eldiario.net\/portal\/#\/schema\/person\/f46445640444750d7d753ccd04ae01b7","name":"Jeanette","image":{"@type":"ImageObject","inLanguage":"es","@id":"https:\/\/secure.gravatar.com\/avatar\/3ea2118a5f7dad2b7138b1187a6b7ee55f160b9968b66013c3a3ef39dd7e5798?s=96&d=mm&r=g","url":"https:\/\/secure.gravatar.com\/avatar\/3ea2118a5f7dad2b7138b1187a6b7ee55f160b9968b66013c3a3ef39dd7e5798?s=96&d=mm&r=g","contentUrl":"https:\/\/secure.gravatar.com\/avatar\/3ea2118a5f7dad2b7138b1187a6b7ee55f160b9968b66013c3a3ef39dd7e5798?s=96&d=mm&r=g","caption":"Jeanette"},"sameAs":["https:\/\/www.eldiario.net\/portal"],"url":"https:\/\/www.eldiario.net\/portal\/author\/jeanette\/"}]}},"_links":{"self":[{"href":"https:\/\/www.eldiario.net\/portal\/wp-json\/wp\/v2\/posts\/218570","targetHints":{"allow":["GET"]}}],"collection":[{"href":"https:\/\/www.eldiario.net\/portal\/wp-json\/wp\/v2\/posts"}],"about":[{"href":"https:\/\/www.eldiario.net\/portal\/wp-json\/wp\/v2\/types\/post"}],"author":[{"embeddable":true,"href":"https:\/\/www.eldiario.net\/portal\/wp-json\/wp\/v2\/users\/1"}],"replies":[{"embeddable":true,"href":"https:\/\/www.eldiario.net\/portal\/wp-json\/wp\/v2\/comments?post=218570"}],"version-history":[{"count":1,"href":"https:\/\/www.eldiario.net\/portal\/wp-json\/wp\/v2\/posts\/218570\/revisions"}],"predecessor-version":[{"id":218572,"href":"https:\/\/www.eldiario.net\/portal\/wp-json\/wp\/v2\/posts\/218570\/revisions\/218572"}],"wp:featuredmedia":[{"embeddable":true,"href":"https:\/\/www.eldiario.net\/portal\/wp-json\/wp\/v2\/media\/218571"}],"wp:attachment":[{"href":"https:\/\/www.eldiario.net\/portal\/wp-json\/wp\/v2\/media?parent=218570"}],"wp:term":[{"taxonomy":"category","embeddable":true,"href":"https:\/\/www.eldiario.net\/portal\/wp-json\/wp\/v2\/categories?post=218570"},{"taxonomy":"post_tag","embeddable":true,"href":"https:\/\/www.eldiario.net\/portal\/wp-json\/wp\/v2\/tags?post=218570"}],"curies":[{"name":"wp","href":"https:\/\/api.w.org\/{rel}","templated":true}]}}