{"id":21857,"date":"2021-08-07T02:21:26","date_gmt":"2021-08-07T06:21:26","guid":{"rendered":"https:\/\/www.eldiario.net\/portal\/?p=21857"},"modified":"2021-08-07T02:21:26","modified_gmt":"2021-08-07T06:21:26","slug":"sector-del-comercio-alteno-trabajo-en-feriado-nacional","status":"publish","type":"post","link":"https:\/\/www.eldiario.net\/portal\/2021\/08\/07\/sector-del-comercio-alteno-trabajo-en-feriado-nacional\/","title":{"rendered":"Sector del comercio alte\u00f1o  trabaj\u00f3 en feriado nacional"},"content":{"rendered":"<p>A pesar del feriado nacional por el 6 de Agosto, D\u00eda de la Independencia de Bolivia, la poblaci\u00f3n alte\u00f1a continu\u00f3 desarrollando sus actividades laborales casi con normalidad, tomando en cuenta que la mayor\u00eda se dedica al comercio informal, las ferias barriales se vieron abarrotadas desde muy temprano por visitantes.<br \/>\nComo ya es acostumbrado, el ciudadano alte\u00f1o vive del d\u00eda, ayer viernes, muchos comerciantes salieron a trabajar en sus puestos de venta, a pesar de ser un feriado nacional, donde el resto de los habitantes que pertenecen al sector p\u00fablico o privado descans\u00f3.<br \/>\n\u201cNosotros como siempre, m\u00e1s al contrario estos d\u00edas de feriado son cuando m\u00e1s trabajamos, porque la gente sale a pasear y es nuestra oportunidad de ganar un poco m\u00e1s de dinero, por eso no tenemos d\u00edas de descanso como aquellas personas que son empleados\u201d, dijo una comerciante de la zona 16 de Julio.<br \/>\nFerias barriales y mercados zonales abrieron sus puertas como todos los d\u00edas y los visitantes por feriado se llenaron para adquirir diferentes diversidad de productos aprovechando el feriado de 6 de Agosto. Puestos ambulantes de comerciantes, en la Ceja de El Alto, estuvieron exponiendo sus productos desde muy temprano, entre ellos, vendedores de jugos de fruta, comida r\u00e1pida y otros productos que se consumen o compran al paso, como las p\u2019asankallas, entre otros.<\/p>\n<p>PARQUE Y PLAZAS<br \/>\nDe la misma forma, los parques y plazas de las diferentes zonas, de la urbe alte\u00f1a, se llenaron pasado el mediod\u00eda. Familias enteras se volcaron junto a sus hijos para pasar juntos aprovechando el d\u00eda feriado.<\/p>\n<p>BIOSEGURIDAD<br \/>\nOtro de los aspectos que caracteriz\u00f3 la jornada del 6 de Agosto, en la ciudad de El Alto, es el cumplimiento de las normas de bioseguridad que son parte de los visitante a estos lugares de diversi\u00f3n como son los parques y plazas, adem\u00e1s de las ferias, donde la poblaci\u00f3n no descuid\u00f3 el uso del barbijo, el alcohol en gel, ni el distanciamiento social, de esta manera prevenir el contagio del covid-19.<br \/>\nSin embargo, la poblaci\u00f3n record\u00f3 que en a\u00f1os pasados todo era diferente, antes de que llegue la pandemia del coronavirus, cuando todos los campos de diversi\u00f3n eran abarrotados de visitantes, as\u00ed como tambi\u00e9n mucha gente aprovechaba el feriado para viajar.<br \/>\n\u201cNo podemos olvidar que hace muchos a\u00f1os, familias enteras se volcaban a todos los centros de diversi\u00f3n sin preocuparse de lo que ahora es el coronavirus, pero no nos queda otra que cuidar a nuestra familia y a la misma poblaci\u00f3n de un contagio masivo que puede significar llanto\u201d, record\u00f3 un ciudadano de a pie que visit\u00f3 junto a su familia una plaza.<\/p>\n","protected":false},"excerpt":{"rendered":"<p>A pesar del feriado nacional por el 6 de Agosto, D\u00eda de la Independencia de Bolivia, la poblaci\u00f3n alte\u00f1a continu\u00f3 desarrollando sus actividades laborales casi con normalidad, tomando en cuenta que la mayor\u00eda se dedica al comercio informal, las ferias barriales se vieron abarrotadas desde muy temprano por visitantes. Como ya es acostumbrado, el ciudadano [&hellip;]<\/p>\n","protected":false},"author":1,"featured_media":21858,"comment_status":"closed","ping_status":"closed","sticky":false,"template":"","format":"standard","meta":{"_acf_changed":false,"footnotes":""},"categories":[12],"tags":[],"class_list":["post-21857","post","type-post","status-publish","format-standard","has-post-thumbnail","category-nacional"],"acf":{"antetitulo":""},"yoast_head":"<!-- This site is optimized with the Yoast SEO plugin v28.4 - https:\/\/yoast.com\/product\/yoast-seo-wordpress\/ -->\n<title>Sector del comercio alte\u00f1o trabaj\u00f3 en feriado nacional - El Diario - Bolivia<\/title>\n<meta name=\"robots\" content=\"index, follow, max-snippet:-1, max-image-preview:large, max-video-preview:-1\" \/>\n<link rel=\"canonical\" href=\"https:\/\/www.eldiario.net\/portal\/2021\/08\/07\/sector-del-comercio-alteno-trabajo-en-feriado-nacional\/\" \/>\n<meta property=\"og:locale\" content=\"es_ES\" \/>\n<meta property=\"og:type\" content=\"article\" \/>\n<meta property=\"og:title\" content=\"Sector del comercio alte\u00f1o trabaj\u00f3 en feriado nacional - El Diario - Bolivia\" \/>\n<meta property=\"og:description\" content=\"A pesar del feriado nacional por el 6 de Agosto, D\u00eda de la Independencia de Bolivia, la poblaci\u00f3n alte\u00f1a continu\u00f3 desarrollando sus actividades laborales casi con normalidad, tomando en cuenta que la mayor\u00eda se dedica al comercio informal, las ferias barriales se vieron abarrotadas desde muy temprano por visitantes. Como ya es acostumbrado, el ciudadano [&hellip;]\" \/>\n<meta property=\"og:url\" content=\"https:\/\/www.eldiario.net\/portal\/2021\/08\/07\/sector-del-comercio-alteno-trabajo-en-feriado-nacional\/\" \/>\n<meta property=\"og:site_name\" content=\"El Diario - Bolivia\" \/>\n<meta property=\"article:publisher\" content=\"https:\/\/www.facebook.com\/eldiario.bolivia\/\" \/>\n<meta property=\"article:published_time\" content=\"2021-08-07T06:21:26+00:00\" \/>\n<meta name=\"author\" content=\"Jeanette\" \/>\n<meta name=\"twitter:card\" content=\"summary_large_image\" \/>\n<meta name=\"twitter:creator\" content=\"@eldiario_net\" \/>\n<meta name=\"twitter:site\" content=\"@eldiario_net\" \/>\n<meta name=\"twitter:label1\" content=\"Escrito por\" \/>\n\t<meta name=\"twitter:data1\" content=\"Jeanette\" \/>\n\t<meta name=\"twitter:label2\" content=\"Tiempo de lectura\" \/>\n\t<meta name=\"twitter:data2\" content=\"2 minutos\" \/>\n<script type=\"application\/ld+json\" class=\"yoast-schema-graph\">{\"@context\":\"https:\\\/\\\/schema.org\",\"@graph\":[{\"@type\":\"Article\",\"@id\":\"https:\\\/\\\/www.eldiario.net\\\/portal\\\/2021\\\/08\\\/07\\\/sector-del-comercio-alteno-trabajo-en-feriado-nacional\\\/#article\",\"isPartOf\":{\"@id\":\"https:\\\/\\\/www.eldiario.net\\\/portal\\\/2021\\\/08\\\/07\\\/sector-del-comercio-alteno-trabajo-en-feriado-nacional\\\/\"},\"author\":{\"name\":\"Jeanette\",\"@id\":\"https:\\\/\\\/www.eldiario.net\\\/portal\\\/#\\\/schema\\\/person\\\/f46445640444750d7d753ccd04ae01b7\"},\"headline\":\"Sector del comercio alte\u00f1o trabaj\u00f3 en feriado nacional\",\"datePublished\":\"2021-08-07T06:21:26+00:00\",\"mainEntityOfPage\":{\"@id\":\"https:\\\/\\\/www.eldiario.net\\\/portal\\\/2021\\\/08\\\/07\\\/sector-del-comercio-alteno-trabajo-en-feriado-nacional\\\/\"},\"wordCount\":466,\"publisher\":{\"@id\":\"https:\\\/\\\/www.eldiario.net\\\/portal\\\/#organization\"},\"image\":{\"@id\":\"https:\\\/\\\/www.eldiario.net\\\/portal\\\/2021\\\/08\\\/07\\\/sector-del-comercio-alteno-trabajo-en-feriado-nacional\\\/#primaryimage\"},\"thumbnailUrl\":\"\",\"articleSection\":[\"Nacional\"],\"inLanguage\":\"es\"},{\"@type\":\"WebPage\",\"@id\":\"https:\\\/\\\/www.eldiario.net\\\/portal\\\/2021\\\/08\\\/07\\\/sector-del-comercio-alteno-trabajo-en-feriado-nacional\\\/\",\"url\":\"https:\\\/\\\/www.eldiario.net\\\/portal\\\/2021\\\/08\\\/07\\\/sector-del-comercio-alteno-trabajo-en-feriado-nacional\\\/\",\"name\":\"Sector del comercio alte\u00f1o trabaj\u00f3 en feriado nacional - El Diario - Bolivia\",\"isPartOf\":{\"@id\":\"https:\\\/\\\/www.eldiario.net\\\/portal\\\/#website\"},\"primaryImageOfPage\":{\"@id\":\"https:\\\/\\\/www.eldiario.net\\\/portal\\\/2021\\\/08\\\/07\\\/sector-del-comercio-alteno-trabajo-en-feriado-nacional\\\/#primaryimage\"},\"image\":{\"@id\":\"https:\\\/\\\/www.eldiario.net\\\/portal\\\/2021\\\/08\\\/07\\\/sector-del-comercio-alteno-trabajo-en-feriado-nacional\\\/#primaryimage\"},\"thumbnailUrl\":\"\",\"datePublished\":\"2021-08-07T06:21:26+00:00\",\"breadcrumb\":{\"@id\":\"https:\\\/\\\/www.eldiario.net\\\/portal\\\/2021\\\/08\\\/07\\\/sector-del-comercio-alteno-trabajo-en-feriado-nacional\\\/#breadcrumb\"},\"inLanguage\":\"es\",\"potentialAction\":[{\"@type\":\"ReadAction\",\"target\":[\"https:\\\/\\\/www.eldiario.net\\\/portal\\\/2021\\\/08\\\/07\\\/sector-del-comercio-alteno-trabajo-en-feriado-nacional\\\/\"]}]},{\"@type\":\"ImageObject\",\"inLanguage\":\"es\",\"@id\":\"https:\\\/\\\/www.eldiario.net\\\/portal\\\/2021\\\/08\\\/07\\\/sector-del-comercio-alteno-trabajo-en-feriado-nacional\\\/#primaryimage\",\"url\":\"\",\"contentUrl\":\"\"},{\"@type\":\"BreadcrumbList\",\"@id\":\"https:\\\/\\\/www.eldiario.net\\\/portal\\\/2021\\\/08\\\/07\\\/sector-del-comercio-alteno-trabajo-en-feriado-nacional\\\/#breadcrumb\",\"itemListElement\":[{\"@type\":\"ListItem\",\"position\":1,\"name\":\"Portada\",\"item\":\"https:\\\/\\\/www.eldiario.net\\\/portal\\\/\"},{\"@type\":\"ListItem\",\"position\":2,\"name\":\"Sector del comercio alte\u00f1o trabaj\u00f3 en feriado nacional\"}]},{\"@type\":\"WebSite\",\"@id\":\"https:\\\/\\\/www.eldiario.net\\\/portal\\\/#website\",\"url\":\"https:\\\/\\\/www.eldiario.net\\\/portal\\\/\",\"name\":\"El Diario - Decano de la prensa nacional\",\"description\":\"El Diario - Decano de la prensa nacional\",\"publisher\":{\"@id\":\"https:\\\/\\\/www.eldiario.net\\\/portal\\\/#organization\"},\"potentialAction\":[{\"@type\":\"SearchAction\",\"target\":{\"@type\":\"EntryPoint\",\"urlTemplate\":\"https:\\\/\\\/www.eldiario.net\\\/portal\\\/?s={search_term_string}\"},\"query-input\":{\"@type\":\"PropertyValueSpecification\",\"valueRequired\":true,\"valueName\":\"search_term_string\"}}],\"inLanguage\":\"es\"},{\"@type\":\"Organization\",\"@id\":\"https:\\\/\\\/www.eldiario.net\\\/portal\\\/#organization\",\"name\":\"El Diario - Decano de la prensa nacional\",\"url\":\"https:\\\/\\\/www.eldiario.net\\\/portal\\\/\",\"logo\":{\"@type\":\"ImageObject\",\"inLanguage\":\"es\",\"@id\":\"https:\\\/\\\/www.eldiario.net\\\/portal\\\/#\\\/schema\\\/logo\\\/image\\\/\",\"url\":\"https:\\\/\\\/www.eldiario.net\\\/portal\\\/wp-content\\\/uploads\\\/2023\\\/07\\\/logo_ED.jpg\",\"contentUrl\":\"https:\\\/\\\/www.eldiario.net\\\/portal\\\/wp-content\\\/uploads\\\/2023\\\/07\\\/logo_ED.jpg\",\"width\":272,\"height\":52,\"caption\":\"El Diario - Decano de la prensa nacional\"},\"image\":{\"@id\":\"https:\\\/\\\/www.eldiario.net\\\/portal\\\/#\\\/schema\\\/logo\\\/image\\\/\"},\"sameAs\":[\"https:\\\/\\\/www.facebook.com\\\/eldiario.bolivia\\\/\",\"https:\\\/\\\/x.com\\\/eldiario_net\"]},{\"@type\":\"Person\",\"@id\":\"https:\\\/\\\/www.eldiario.net\\\/portal\\\/#\\\/schema\\\/person\\\/f46445640444750d7d753ccd04ae01b7\",\"name\":\"Jeanette\",\"image\":{\"@type\":\"ImageObject\",\"inLanguage\":\"es\",\"@id\":\"https:\\\/\\\/secure.gravatar.com\\\/avatar\\\/3ea2118a5f7dad2b7138b1187a6b7ee55f160b9968b66013c3a3ef39dd7e5798?s=96&d=mm&r=g\",\"url\":\"https:\\\/\\\/secure.gravatar.com\\\/avatar\\\/3ea2118a5f7dad2b7138b1187a6b7ee55f160b9968b66013c3a3ef39dd7e5798?s=96&d=mm&r=g\",\"contentUrl\":\"https:\\\/\\\/secure.gravatar.com\\\/avatar\\\/3ea2118a5f7dad2b7138b1187a6b7ee55f160b9968b66013c3a3ef39dd7e5798?s=96&d=mm&r=g\",\"caption\":\"Jeanette\"},\"sameAs\":[\"https:\\\/\\\/www.eldiario.net\\\/portal\"],\"url\":\"https:\\\/\\\/www.eldiario.net\\\/portal\\\/author\\\/jeanette\\\/\"}]}<\/script>\n<!-- \/ Yoast SEO plugin. -->","yoast_head_json":{"title":"Sector del comercio alte\u00f1o trabaj\u00f3 en feriado nacional - El Diario - Bolivia","robots":{"index":"index","follow":"follow","max-snippet":"max-snippet:-1","max-image-preview":"max-image-preview:large","max-video-preview":"max-video-preview:-1"},"canonical":"https:\/\/www.eldiario.net\/portal\/2021\/08\/07\/sector-del-comercio-alteno-trabajo-en-feriado-nacional\/","og_locale":"es_ES","og_type":"article","og_title":"Sector del comercio alte\u00f1o trabaj\u00f3 en feriado nacional - El Diario - Bolivia","og_description":"A pesar del feriado nacional por el 6 de Agosto, D\u00eda de la Independencia de Bolivia, la poblaci\u00f3n alte\u00f1a continu\u00f3 desarrollando sus actividades laborales casi con normalidad, tomando en cuenta que la mayor\u00eda se dedica al comercio informal, las ferias barriales se vieron abarrotadas desde muy temprano por visitantes. Como ya es acostumbrado, el ciudadano [&hellip;]","og_url":"https:\/\/www.eldiario.net\/portal\/2021\/08\/07\/sector-del-comercio-alteno-trabajo-en-feriado-nacional\/","og_site_name":"El Diario - Bolivia","article_publisher":"https:\/\/www.facebook.com\/eldiario.bolivia\/","article_published_time":"2021-08-07T06:21:26+00:00","author":"Jeanette","twitter_card":"summary_large_image","twitter_creator":"@eldiario_net","twitter_site":"@eldiario_net","twitter_misc":{"Escrito por":"Jeanette","Tiempo de lectura":"2 minutos"},"schema":{"@context":"https:\/\/schema.org","@graph":[{"@type":"Article","@id":"https:\/\/www.eldiario.net\/portal\/2021\/08\/07\/sector-del-comercio-alteno-trabajo-en-feriado-nacional\/#article","isPartOf":{"@id":"https:\/\/www.eldiario.net\/portal\/2021\/08\/07\/sector-del-comercio-alteno-trabajo-en-feriado-nacional\/"},"author":{"name":"Jeanette","@id":"https:\/\/www.eldiario.net\/portal\/#\/schema\/person\/f46445640444750d7d753ccd04ae01b7"},"headline":"Sector del comercio alte\u00f1o trabaj\u00f3 en feriado nacional","datePublished":"2021-08-07T06:21:26+00:00","mainEntityOfPage":{"@id":"https:\/\/www.eldiario.net\/portal\/2021\/08\/07\/sector-del-comercio-alteno-trabajo-en-feriado-nacional\/"},"wordCount":466,"publisher":{"@id":"https:\/\/www.eldiario.net\/portal\/#organization"},"image":{"@id":"https:\/\/www.eldiario.net\/portal\/2021\/08\/07\/sector-del-comercio-alteno-trabajo-en-feriado-nacional\/#primaryimage"},"thumbnailUrl":"","articleSection":["Nacional"],"inLanguage":"es"},{"@type":"WebPage","@id":"https:\/\/www.eldiario.net\/portal\/2021\/08\/07\/sector-del-comercio-alteno-trabajo-en-feriado-nacional\/","url":"https:\/\/www.eldiario.net\/portal\/2021\/08\/07\/sector-del-comercio-alteno-trabajo-en-feriado-nacional\/","name":"Sector del comercio alte\u00f1o trabaj\u00f3 en feriado nacional - El Diario - Bolivia","isPartOf":{"@id":"https:\/\/www.eldiario.net\/portal\/#website"},"primaryImageOfPage":{"@id":"https:\/\/www.eldiario.net\/portal\/2021\/08\/07\/sector-del-comercio-alteno-trabajo-en-feriado-nacional\/#primaryimage"},"image":{"@id":"https:\/\/www.eldiario.net\/portal\/2021\/08\/07\/sector-del-comercio-alteno-trabajo-en-feriado-nacional\/#primaryimage"},"thumbnailUrl":"","datePublished":"2021-08-07T06:21:26+00:00","breadcrumb":{"@id":"https:\/\/www.eldiario.net\/portal\/2021\/08\/07\/sector-del-comercio-alteno-trabajo-en-feriado-nacional\/#breadcrumb"},"inLanguage":"es","potentialAction":[{"@type":"ReadAction","target":["https:\/\/www.eldiario.net\/portal\/2021\/08\/07\/sector-del-comercio-alteno-trabajo-en-feriado-nacional\/"]}]},{"@type":"ImageObject","inLanguage":"es","@id":"https:\/\/www.eldiario.net\/portal\/2021\/08\/07\/sector-del-comercio-alteno-trabajo-en-feriado-nacional\/#primaryimage","url":"","contentUrl":""},{"@type":"BreadcrumbList","@id":"https:\/\/www.eldiario.net\/portal\/2021\/08\/07\/sector-del-comercio-alteno-trabajo-en-feriado-nacional\/#breadcrumb","itemListElement":[{"@type":"ListItem","position":1,"name":"Portada","item":"https:\/\/www.eldiario.net\/portal\/"},{"@type":"ListItem","position":2,"name":"Sector del comercio alte\u00f1o trabaj\u00f3 en feriado nacional"}]},{"@type":"WebSite","@id":"https:\/\/www.eldiario.net\/portal\/#website","url":"https:\/\/www.eldiario.net\/portal\/","name":"El Diario - Decano de la prensa nacional","description":"El Diario - Decano de la prensa nacional","publisher":{"@id":"https:\/\/www.eldiario.net\/portal\/#organization"},"potentialAction":[{"@type":"SearchAction","target":{"@type":"EntryPoint","urlTemplate":"https:\/\/www.eldiario.net\/portal\/?s={search_term_string}"},"query-input":{"@type":"PropertyValueSpecification","valueRequired":true,"valueName":"search_term_string"}}],"inLanguage":"es"},{"@type":"Organization","@id":"https:\/\/www.eldiario.net\/portal\/#organization","name":"El Diario - Decano de la prensa nacional","url":"https:\/\/www.eldiario.net\/portal\/","logo":{"@type":"ImageObject","inLanguage":"es","@id":"https:\/\/www.eldiario.net\/portal\/#\/schema\/logo\/image\/","url":"https:\/\/www.eldiario.net\/portal\/wp-content\/uploads\/2023\/07\/logo_ED.jpg","contentUrl":"https:\/\/www.eldiario.net\/portal\/wp-content\/uploads\/2023\/07\/logo_ED.jpg","width":272,"height":52,"caption":"El Diario - Decano de la prensa nacional"},"image":{"@id":"https:\/\/www.eldiario.net\/portal\/#\/schema\/logo\/image\/"},"sameAs":["https:\/\/www.facebook.com\/eldiario.bolivia\/","https:\/\/x.com\/eldiario_net"]},{"@type":"Person","@id":"https:\/\/www.eldiario.net\/portal\/#\/schema\/person\/f46445640444750d7d753ccd04ae01b7","name":"Jeanette","image":{"@type":"ImageObject","inLanguage":"es","@id":"https:\/\/secure.gravatar.com\/avatar\/3ea2118a5f7dad2b7138b1187a6b7ee55f160b9968b66013c3a3ef39dd7e5798?s=96&d=mm&r=g","url":"https:\/\/secure.gravatar.com\/avatar\/3ea2118a5f7dad2b7138b1187a6b7ee55f160b9968b66013c3a3ef39dd7e5798?s=96&d=mm&r=g","contentUrl":"https:\/\/secure.gravatar.com\/avatar\/3ea2118a5f7dad2b7138b1187a6b7ee55f160b9968b66013c3a3ef39dd7e5798?s=96&d=mm&r=g","caption":"Jeanette"},"sameAs":["https:\/\/www.eldiario.net\/portal"],"url":"https:\/\/www.eldiario.net\/portal\/author\/jeanette\/"}]}},"_links":{"self":[{"href":"https:\/\/www.eldiario.net\/portal\/wp-json\/wp\/v2\/posts\/21857","targetHints":{"allow":["GET"]}}],"collection":[{"href":"https:\/\/www.eldiario.net\/portal\/wp-json\/wp\/v2\/posts"}],"about":[{"href":"https:\/\/www.eldiario.net\/portal\/wp-json\/wp\/v2\/types\/post"}],"author":[{"embeddable":true,"href":"https:\/\/www.eldiario.net\/portal\/wp-json\/wp\/v2\/users\/1"}],"replies":[{"embeddable":true,"href":"https:\/\/www.eldiario.net\/portal\/wp-json\/wp\/v2\/comments?post=21857"}],"version-history":[{"count":0,"href":"https:\/\/www.eldiario.net\/portal\/wp-json\/wp\/v2\/posts\/21857\/revisions"}],"wp:attachment":[{"href":"https:\/\/www.eldiario.net\/portal\/wp-json\/wp\/v2\/media?parent=21857"}],"wp:term":[{"taxonomy":"category","embeddable":true,"href":"https:\/\/www.eldiario.net\/portal\/wp-json\/wp\/v2\/categories?post=21857"},{"taxonomy":"post_tag","embeddable":true,"href":"https:\/\/www.eldiario.net\/portal\/wp-json\/wp\/v2\/tags?post=21857"}],"curies":[{"name":"wp","href":"https:\/\/api.w.org\/{rel}","templated":true}]}}