{"id":218567,"date":"2024-05-05T06:49:59","date_gmt":"2024-05-05T10:49:59","guid":{"rendered":"https:\/\/www.eldiario.net\/portal\/?p=218567"},"modified":"2024-05-05T06:49:59","modified_gmt":"2024-05-05T10:49:59","slug":"paola-quispe-elegida-presidenta-del-concejo-municipal-alteno","status":"publish","type":"post","link":"https:\/\/www.eldiario.net\/portal\/2024\/05\/05\/paola-quispe-elegida-presidenta-del-concejo-municipal-alteno\/","title":{"rendered":"Paola Quispe elegida presidenta  del Concejo Municipal alte\u00f1o"},"content":{"rendered":"<p>En una sesi\u00f3n realizada en el Teatro Ra\u00fal Salm\u00f3n, el Concejo Municipal de El Alto eligi\u00f3 a su nueva directiva y design\u00f3 a la concejala Paola Quispe como su nueva presidenta para la gesti\u00f3n 2024-2025.<br \/>\nQuispe estar\u00e1 acompa\u00f1ada en la vicepresidencia, por el concejal Daniel Ramos y como secretaria del Concejo, Guadalupe Mamani. Las tres autoridades prestaron su juramento de rigor.<br \/>\nLa nueva autoridad agradeci\u00f3 la confianza de sus colegas concejales y sobre todo de la poblaci\u00f3n alte\u00f1a. Anunci\u00f3 que trabajar\u00e1 de la mano de las organizaciones sociales de El Alto, sin ning\u00fan tipo de discriminaci\u00f3n.<br \/>\n\u201cHa sido algo inesperado muchas gracias por la confianza a todos nuestros hermanos concejales, vamos a ir trabajando como lo hemos estado haciendo hasta el d\u00eda de hoy\u201d, manifest\u00f3.<br \/>\nIndic\u00f3 que su trabajo de coordinaci\u00f3n con los concejales y organizaciones sociales comenzar\u00e1 ma\u00f1ana lunes en base a una agenda que beneficie a toda la poblaci\u00f3n alte\u00f1a.<br \/>\nEn tanto, la vicepresidenta resalt\u00f3 que a la cabeza del Concejo edil est\u00e9 una mujer del pueblo y detall\u00f3 los responsables de las diferentes comisiones del Concejo Municipal.<br \/>\n\u201cTenemos a la cabeza del Concejo a una mujer de pollera (\u2026) tambi\u00e9n tenemos comisiones que van a trabajar de cara al pueblo, siempre confiando en que realicemos todos un buen trabajo con todas las organizaciones sociales\u201d, se\u00f1al\u00f3 Mamani.<br \/>\nLos responsables de las comisiones son: Comisi\u00f3n Jur\u00eddica, a cargo de Francisco Quispe; Administrativa Financiera, Iris Flores; Desarrollo Econ\u00f3mico, Rogelio Maldonado; Cipca, Eva Pacheco; Planificaci\u00f3n y desarrollo productivo, Patricia Guti\u00e9rrez; T\u00e9cnica y Desconcentrada, Wilma Alanoca; Educaci\u00f3n y Cultura, Fabiola Furuya; y G\u00e9nero y Generacional, Rosal\u00eda Alanoca.<\/p>\n","protected":false},"excerpt":{"rendered":"<p>En una sesi\u00f3n realizada en el Teatro Ra\u00fal Salm\u00f3n, el Concejo Municipal de El Alto eligi\u00f3 a su nueva directiva y design\u00f3 a la concejala Paola Quispe como su nueva presidenta para la gesti\u00f3n 2024-2025. Quispe estar\u00e1 acompa\u00f1ada en la vicepresidencia, por el concejal Daniel Ramos y como secretaria del Concejo, Guadalupe Mamani. Las tres [&hellip;]<\/p>\n","protected":false},"author":1,"featured_media":218568,"comment_status":"open","ping_status":"open","sticky":false,"template":"","format":"standard","meta":{"_acf_changed":false,"footnotes":""},"categories":[12],"tags":[],"class_list":["post-218567","post","type-post","status-publish","format-standard","has-post-thumbnail","category-nacional"],"acf":{"antetitulo":""},"yoast_head":"<!-- This site is optimized with the Yoast SEO plugin v28.3 - https:\/\/yoast.com\/product\/yoast-seo-wordpress\/ -->\n<title>Paola Quispe elegida presidenta del Concejo Municipal alte\u00f1o - El Diario - Bolivia<\/title>\n<meta name=\"robots\" content=\"index, follow, max-snippet:-1, max-image-preview:large, max-video-preview:-1\" \/>\n<link rel=\"canonical\" href=\"https:\/\/www.eldiario.net\/portal\/2024\/05\/05\/paola-quispe-elegida-presidenta-del-concejo-municipal-alteno\/\" \/>\n<meta property=\"og:locale\" content=\"es_ES\" \/>\n<meta property=\"og:type\" content=\"article\" \/>\n<meta property=\"og:title\" content=\"Paola Quispe elegida presidenta del Concejo Municipal alte\u00f1o - El Diario - Bolivia\" \/>\n<meta property=\"og:description\" content=\"En una sesi\u00f3n realizada en el Teatro Ra\u00fal Salm\u00f3n, el Concejo Municipal de El Alto eligi\u00f3 a su nueva directiva y design\u00f3 a la concejala Paola Quispe como su nueva presidenta para la gesti\u00f3n 2024-2025. Quispe estar\u00e1 acompa\u00f1ada en la vicepresidencia, por el concejal Daniel Ramos y como secretaria del Concejo, Guadalupe Mamani. Las tres [&hellip;]\" \/>\n<meta property=\"og:url\" content=\"https:\/\/www.eldiario.net\/portal\/2024\/05\/05\/paola-quispe-elegida-presidenta-del-concejo-municipal-alteno\/\" \/>\n<meta property=\"og:site_name\" content=\"El Diario - Bolivia\" \/>\n<meta property=\"article:publisher\" content=\"https:\/\/www.facebook.com\/eldiario.bolivia\/\" \/>\n<meta property=\"article:published_time\" content=\"2024-05-05T10:49:59+00:00\" \/>\n<meta property=\"og:image\" content=\"https:\/\/www.eldiario.net\/portal\/wp-content\/uploads\/2024\/05\/F-2-concejala.jpg\" \/>\n\t<meta property=\"og:image:width\" content=\"328\" \/>\n\t<meta property=\"og:image:height\" content=\"154\" \/>\n\t<meta property=\"og:image:type\" content=\"image\/jpeg\" \/>\n<meta name=\"author\" content=\"Jeanette\" \/>\n<meta name=\"twitter:card\" content=\"summary_large_image\" \/>\n<meta name=\"twitter:creator\" content=\"@eldiario_net\" \/>\n<meta name=\"twitter:site\" content=\"@eldiario_net\" \/>\n<meta name=\"twitter:label1\" content=\"Escrito por\" \/>\n\t<meta name=\"twitter:data1\" content=\"Jeanette\" \/>\n\t<meta name=\"twitter:label2\" content=\"Tiempo de lectura\" \/>\n\t<meta name=\"twitter:data2\" content=\"2 minutos\" \/>\n<script type=\"application\/ld+json\" class=\"yoast-schema-graph\">{\"@context\":\"https:\\\/\\\/schema.org\",\"@graph\":[{\"@type\":\"Article\",\"@id\":\"https:\\\/\\\/www.eldiario.net\\\/portal\\\/2024\\\/05\\\/05\\\/paola-quispe-elegida-presidenta-del-concejo-municipal-alteno\\\/#article\",\"isPartOf\":{\"@id\":\"https:\\\/\\\/www.eldiario.net\\\/portal\\\/2024\\\/05\\\/05\\\/paola-quispe-elegida-presidenta-del-concejo-municipal-alteno\\\/\"},\"author\":{\"name\":\"Jeanette\",\"@id\":\"https:\\\/\\\/www.eldiario.net\\\/portal\\\/#\\\/schema\\\/person\\\/f46445640444750d7d753ccd04ae01b7\"},\"headline\":\"Paola Quispe elegida presidenta del Concejo Municipal alte\u00f1o\",\"datePublished\":\"2024-05-05T10:49:59+00:00\",\"mainEntityOfPage\":{\"@id\":\"https:\\\/\\\/www.eldiario.net\\\/portal\\\/2024\\\/05\\\/05\\\/paola-quispe-elegida-presidenta-del-concejo-municipal-alteno\\\/\"},\"wordCount\":298,\"commentCount\":0,\"publisher\":{\"@id\":\"https:\\\/\\\/www.eldiario.net\\\/portal\\\/#organization\"},\"image\":{\"@id\":\"https:\\\/\\\/www.eldiario.net\\\/portal\\\/2024\\\/05\\\/05\\\/paola-quispe-elegida-presidenta-del-concejo-municipal-alteno\\\/#primaryimage\"},\"thumbnailUrl\":\"https:\\\/\\\/www.eldiario.net\\\/portal\\\/wp-content\\\/uploads\\\/2024\\\/05\\\/F-2-concejala.jpg\",\"articleSection\":[\"Nacional\"],\"inLanguage\":\"es\",\"potentialAction\":[{\"@type\":\"CommentAction\",\"name\":\"Comment\",\"target\":[\"https:\\\/\\\/www.eldiario.net\\\/portal\\\/2024\\\/05\\\/05\\\/paola-quispe-elegida-presidenta-del-concejo-municipal-alteno\\\/#respond\"]}]},{\"@type\":\"WebPage\",\"@id\":\"https:\\\/\\\/www.eldiario.net\\\/portal\\\/2024\\\/05\\\/05\\\/paola-quispe-elegida-presidenta-del-concejo-municipal-alteno\\\/\",\"url\":\"https:\\\/\\\/www.eldiario.net\\\/portal\\\/2024\\\/05\\\/05\\\/paola-quispe-elegida-presidenta-del-concejo-municipal-alteno\\\/\",\"name\":\"Paola Quispe elegida presidenta del Concejo Municipal alte\u00f1o - El Diario - Bolivia\",\"isPartOf\":{\"@id\":\"https:\\\/\\\/www.eldiario.net\\\/portal\\\/#website\"},\"primaryImageOfPage\":{\"@id\":\"https:\\\/\\\/www.eldiario.net\\\/portal\\\/2024\\\/05\\\/05\\\/paola-quispe-elegida-presidenta-del-concejo-municipal-alteno\\\/#primaryimage\"},\"image\":{\"@id\":\"https:\\\/\\\/www.eldiario.net\\\/portal\\\/2024\\\/05\\\/05\\\/paola-quispe-elegida-presidenta-del-concejo-municipal-alteno\\\/#primaryimage\"},\"thumbnailUrl\":\"https:\\\/\\\/www.eldiario.net\\\/portal\\\/wp-content\\\/uploads\\\/2024\\\/05\\\/F-2-concejala.jpg\",\"datePublished\":\"2024-05-05T10:49:59+00:00\",\"breadcrumb\":{\"@id\":\"https:\\\/\\\/www.eldiario.net\\\/portal\\\/2024\\\/05\\\/05\\\/paola-quispe-elegida-presidenta-del-concejo-municipal-alteno\\\/#breadcrumb\"},\"inLanguage\":\"es\",\"potentialAction\":[{\"@type\":\"ReadAction\",\"target\":[\"https:\\\/\\\/www.eldiario.net\\\/portal\\\/2024\\\/05\\\/05\\\/paola-quispe-elegida-presidenta-del-concejo-municipal-alteno\\\/\"]}]},{\"@type\":\"ImageObject\",\"inLanguage\":\"es\",\"@id\":\"https:\\\/\\\/www.eldiario.net\\\/portal\\\/2024\\\/05\\\/05\\\/paola-quispe-elegida-presidenta-del-concejo-municipal-alteno\\\/#primaryimage\",\"url\":\"https:\\\/\\\/www.eldiario.net\\\/portal\\\/wp-content\\\/uploads\\\/2024\\\/05\\\/F-2-concejala.jpg\",\"contentUrl\":\"https:\\\/\\\/www.eldiario.net\\\/portal\\\/wp-content\\\/uploads\\\/2024\\\/05\\\/F-2-concejala.jpg\",\"width\":328,\"height\":154,\"caption\":\"La nueva presidenta del Concejo Municipal de El Alto.\"},{\"@type\":\"BreadcrumbList\",\"@id\":\"https:\\\/\\\/www.eldiario.net\\\/portal\\\/2024\\\/05\\\/05\\\/paola-quispe-elegida-presidenta-del-concejo-municipal-alteno\\\/#breadcrumb\",\"itemListElement\":[{\"@type\":\"ListItem\",\"position\":1,\"name\":\"Portada\",\"item\":\"https:\\\/\\\/www.eldiario.net\\\/portal\\\/\"},{\"@type\":\"ListItem\",\"position\":2,\"name\":\"Paola Quispe elegida presidenta del Concejo Municipal alte\u00f1o\"}]},{\"@type\":\"WebSite\",\"@id\":\"https:\\\/\\\/www.eldiario.net\\\/portal\\\/#website\",\"url\":\"https:\\\/\\\/www.eldiario.net\\\/portal\\\/\",\"name\":\"El Diario - Decano de la prensa nacional\",\"description\":\"El Diario - Decano de la prensa nacional\",\"publisher\":{\"@id\":\"https:\\\/\\\/www.eldiario.net\\\/portal\\\/#organization\"},\"potentialAction\":[{\"@type\":\"SearchAction\",\"target\":{\"@type\":\"EntryPoint\",\"urlTemplate\":\"https:\\\/\\\/www.eldiario.net\\\/portal\\\/?s={search_term_string}\"},\"query-input\":{\"@type\":\"PropertyValueSpecification\",\"valueRequired\":true,\"valueName\":\"search_term_string\"}}],\"inLanguage\":\"es\"},{\"@type\":\"Organization\",\"@id\":\"https:\\\/\\\/www.eldiario.net\\\/portal\\\/#organization\",\"name\":\"El Diario - Decano de la prensa nacional\",\"url\":\"https:\\\/\\\/www.eldiario.net\\\/portal\\\/\",\"logo\":{\"@type\":\"ImageObject\",\"inLanguage\":\"es\",\"@id\":\"https:\\\/\\\/www.eldiario.net\\\/portal\\\/#\\\/schema\\\/logo\\\/image\\\/\",\"url\":\"https:\\\/\\\/www.eldiario.net\\\/portal\\\/wp-content\\\/uploads\\\/2023\\\/07\\\/logo_ED.jpg\",\"contentUrl\":\"https:\\\/\\\/www.eldiario.net\\\/portal\\\/wp-content\\\/uploads\\\/2023\\\/07\\\/logo_ED.jpg\",\"width\":272,\"height\":52,\"caption\":\"El Diario - Decano de la prensa nacional\"},\"image\":{\"@id\":\"https:\\\/\\\/www.eldiario.net\\\/portal\\\/#\\\/schema\\\/logo\\\/image\\\/\"},\"sameAs\":[\"https:\\\/\\\/www.facebook.com\\\/eldiario.bolivia\\\/\",\"https:\\\/\\\/x.com\\\/eldiario_net\"]},{\"@type\":\"Person\",\"@id\":\"https:\\\/\\\/www.eldiario.net\\\/portal\\\/#\\\/schema\\\/person\\\/f46445640444750d7d753ccd04ae01b7\",\"name\":\"Jeanette\",\"image\":{\"@type\":\"ImageObject\",\"inLanguage\":\"es\",\"@id\":\"https:\\\/\\\/secure.gravatar.com\\\/avatar\\\/3ea2118a5f7dad2b7138b1187a6b7ee55f160b9968b66013c3a3ef39dd7e5798?s=96&d=mm&r=g\",\"url\":\"https:\\\/\\\/secure.gravatar.com\\\/avatar\\\/3ea2118a5f7dad2b7138b1187a6b7ee55f160b9968b66013c3a3ef39dd7e5798?s=96&d=mm&r=g\",\"contentUrl\":\"https:\\\/\\\/secure.gravatar.com\\\/avatar\\\/3ea2118a5f7dad2b7138b1187a6b7ee55f160b9968b66013c3a3ef39dd7e5798?s=96&d=mm&r=g\",\"caption\":\"Jeanette\"},\"sameAs\":[\"https:\\\/\\\/www.eldiario.net\\\/portal\"],\"url\":\"https:\\\/\\\/www.eldiario.net\\\/portal\\\/author\\\/jeanette\\\/\"}]}<\/script>\n<!-- \/ Yoast SEO plugin. -->","yoast_head_json":{"title":"Paola Quispe elegida presidenta del Concejo Municipal alte\u00f1o - El Diario - Bolivia","robots":{"index":"index","follow":"follow","max-snippet":"max-snippet:-1","max-image-preview":"max-image-preview:large","max-video-preview":"max-video-preview:-1"},"canonical":"https:\/\/www.eldiario.net\/portal\/2024\/05\/05\/paola-quispe-elegida-presidenta-del-concejo-municipal-alteno\/","og_locale":"es_ES","og_type":"article","og_title":"Paola Quispe elegida presidenta del Concejo Municipal alte\u00f1o - El Diario - Bolivia","og_description":"En una sesi\u00f3n realizada en el Teatro Ra\u00fal Salm\u00f3n, el Concejo Municipal de El Alto eligi\u00f3 a su nueva directiva y design\u00f3 a la concejala Paola Quispe como su nueva presidenta para la gesti\u00f3n 2024-2025. Quispe estar\u00e1 acompa\u00f1ada en la vicepresidencia, por el concejal Daniel Ramos y como secretaria del Concejo, Guadalupe Mamani. Las tres [&hellip;]","og_url":"https:\/\/www.eldiario.net\/portal\/2024\/05\/05\/paola-quispe-elegida-presidenta-del-concejo-municipal-alteno\/","og_site_name":"El Diario - Bolivia","article_publisher":"https:\/\/www.facebook.com\/eldiario.bolivia\/","article_published_time":"2024-05-05T10:49:59+00:00","og_image":[{"width":328,"height":154,"url":"https:\/\/www.eldiario.net\/portal\/wp-content\/uploads\/2024\/05\/F-2-concejala.jpg","type":"image\/jpeg"}],"author":"Jeanette","twitter_card":"summary_large_image","twitter_creator":"@eldiario_net","twitter_site":"@eldiario_net","twitter_misc":{"Escrito por":"Jeanette","Tiempo de lectura":"2 minutos"},"schema":{"@context":"https:\/\/schema.org","@graph":[{"@type":"Article","@id":"https:\/\/www.eldiario.net\/portal\/2024\/05\/05\/paola-quispe-elegida-presidenta-del-concejo-municipal-alteno\/#article","isPartOf":{"@id":"https:\/\/www.eldiario.net\/portal\/2024\/05\/05\/paola-quispe-elegida-presidenta-del-concejo-municipal-alteno\/"},"author":{"name":"Jeanette","@id":"https:\/\/www.eldiario.net\/portal\/#\/schema\/person\/f46445640444750d7d753ccd04ae01b7"},"headline":"Paola Quispe elegida presidenta del Concejo Municipal alte\u00f1o","datePublished":"2024-05-05T10:49:59+00:00","mainEntityOfPage":{"@id":"https:\/\/www.eldiario.net\/portal\/2024\/05\/05\/paola-quispe-elegida-presidenta-del-concejo-municipal-alteno\/"},"wordCount":298,"commentCount":0,"publisher":{"@id":"https:\/\/www.eldiario.net\/portal\/#organization"},"image":{"@id":"https:\/\/www.eldiario.net\/portal\/2024\/05\/05\/paola-quispe-elegida-presidenta-del-concejo-municipal-alteno\/#primaryimage"},"thumbnailUrl":"https:\/\/www.eldiario.net\/portal\/wp-content\/uploads\/2024\/05\/F-2-concejala.jpg","articleSection":["Nacional"],"inLanguage":"es","potentialAction":[{"@type":"CommentAction","name":"Comment","target":["https:\/\/www.eldiario.net\/portal\/2024\/05\/05\/paola-quispe-elegida-presidenta-del-concejo-municipal-alteno\/#respond"]}]},{"@type":"WebPage","@id":"https:\/\/www.eldiario.net\/portal\/2024\/05\/05\/paola-quispe-elegida-presidenta-del-concejo-municipal-alteno\/","url":"https:\/\/www.eldiario.net\/portal\/2024\/05\/05\/paola-quispe-elegida-presidenta-del-concejo-municipal-alteno\/","name":"Paola Quispe elegida presidenta del Concejo Municipal alte\u00f1o - El Diario - Bolivia","isPartOf":{"@id":"https:\/\/www.eldiario.net\/portal\/#website"},"primaryImageOfPage":{"@id":"https:\/\/www.eldiario.net\/portal\/2024\/05\/05\/paola-quispe-elegida-presidenta-del-concejo-municipal-alteno\/#primaryimage"},"image":{"@id":"https:\/\/www.eldiario.net\/portal\/2024\/05\/05\/paola-quispe-elegida-presidenta-del-concejo-municipal-alteno\/#primaryimage"},"thumbnailUrl":"https:\/\/www.eldiario.net\/portal\/wp-content\/uploads\/2024\/05\/F-2-concejala.jpg","datePublished":"2024-05-05T10:49:59+00:00","breadcrumb":{"@id":"https:\/\/www.eldiario.net\/portal\/2024\/05\/05\/paola-quispe-elegida-presidenta-del-concejo-municipal-alteno\/#breadcrumb"},"inLanguage":"es","potentialAction":[{"@type":"ReadAction","target":["https:\/\/www.eldiario.net\/portal\/2024\/05\/05\/paola-quispe-elegida-presidenta-del-concejo-municipal-alteno\/"]}]},{"@type":"ImageObject","inLanguage":"es","@id":"https:\/\/www.eldiario.net\/portal\/2024\/05\/05\/paola-quispe-elegida-presidenta-del-concejo-municipal-alteno\/#primaryimage","url":"https:\/\/www.eldiario.net\/portal\/wp-content\/uploads\/2024\/05\/F-2-concejala.jpg","contentUrl":"https:\/\/www.eldiario.net\/portal\/wp-content\/uploads\/2024\/05\/F-2-concejala.jpg","width":328,"height":154,"caption":"La nueva presidenta del Concejo Municipal de El Alto."},{"@type":"BreadcrumbList","@id":"https:\/\/www.eldiario.net\/portal\/2024\/05\/05\/paola-quispe-elegida-presidenta-del-concejo-municipal-alteno\/#breadcrumb","itemListElement":[{"@type":"ListItem","position":1,"name":"Portada","item":"https:\/\/www.eldiario.net\/portal\/"},{"@type":"ListItem","position":2,"name":"Paola Quispe elegida presidenta del Concejo Municipal alte\u00f1o"}]},{"@type":"WebSite","@id":"https:\/\/www.eldiario.net\/portal\/#website","url":"https:\/\/www.eldiario.net\/portal\/","name":"El Diario - Decano de la prensa nacional","description":"El Diario - Decano de la prensa nacional","publisher":{"@id":"https:\/\/www.eldiario.net\/portal\/#organization"},"potentialAction":[{"@type":"SearchAction","target":{"@type":"EntryPoint","urlTemplate":"https:\/\/www.eldiario.net\/portal\/?s={search_term_string}"},"query-input":{"@type":"PropertyValueSpecification","valueRequired":true,"valueName":"search_term_string"}}],"inLanguage":"es"},{"@type":"Organization","@id":"https:\/\/www.eldiario.net\/portal\/#organization","name":"El Diario - Decano de la prensa nacional","url":"https:\/\/www.eldiario.net\/portal\/","logo":{"@type":"ImageObject","inLanguage":"es","@id":"https:\/\/www.eldiario.net\/portal\/#\/schema\/logo\/image\/","url":"https:\/\/www.eldiario.net\/portal\/wp-content\/uploads\/2023\/07\/logo_ED.jpg","contentUrl":"https:\/\/www.eldiario.net\/portal\/wp-content\/uploads\/2023\/07\/logo_ED.jpg","width":272,"height":52,"caption":"El Diario - Decano de la prensa nacional"},"image":{"@id":"https:\/\/www.eldiario.net\/portal\/#\/schema\/logo\/image\/"},"sameAs":["https:\/\/www.facebook.com\/eldiario.bolivia\/","https:\/\/x.com\/eldiario_net"]},{"@type":"Person","@id":"https:\/\/www.eldiario.net\/portal\/#\/schema\/person\/f46445640444750d7d753ccd04ae01b7","name":"Jeanette","image":{"@type":"ImageObject","inLanguage":"es","@id":"https:\/\/secure.gravatar.com\/avatar\/3ea2118a5f7dad2b7138b1187a6b7ee55f160b9968b66013c3a3ef39dd7e5798?s=96&d=mm&r=g","url":"https:\/\/secure.gravatar.com\/avatar\/3ea2118a5f7dad2b7138b1187a6b7ee55f160b9968b66013c3a3ef39dd7e5798?s=96&d=mm&r=g","contentUrl":"https:\/\/secure.gravatar.com\/avatar\/3ea2118a5f7dad2b7138b1187a6b7ee55f160b9968b66013c3a3ef39dd7e5798?s=96&d=mm&r=g","caption":"Jeanette"},"sameAs":["https:\/\/www.eldiario.net\/portal"],"url":"https:\/\/www.eldiario.net\/portal\/author\/jeanette\/"}]}},"_links":{"self":[{"href":"https:\/\/www.eldiario.net\/portal\/wp-json\/wp\/v2\/posts\/218567","targetHints":{"allow":["GET"]}}],"collection":[{"href":"https:\/\/www.eldiario.net\/portal\/wp-json\/wp\/v2\/posts"}],"about":[{"href":"https:\/\/www.eldiario.net\/portal\/wp-json\/wp\/v2\/types\/post"}],"author":[{"embeddable":true,"href":"https:\/\/www.eldiario.net\/portal\/wp-json\/wp\/v2\/users\/1"}],"replies":[{"embeddable":true,"href":"https:\/\/www.eldiario.net\/portal\/wp-json\/wp\/v2\/comments?post=218567"}],"version-history":[{"count":1,"href":"https:\/\/www.eldiario.net\/portal\/wp-json\/wp\/v2\/posts\/218567\/revisions"}],"predecessor-version":[{"id":218569,"href":"https:\/\/www.eldiario.net\/portal\/wp-json\/wp\/v2\/posts\/218567\/revisions\/218569"}],"wp:featuredmedia":[{"embeddable":true,"href":"https:\/\/www.eldiario.net\/portal\/wp-json\/wp\/v2\/media\/218568"}],"wp:attachment":[{"href":"https:\/\/www.eldiario.net\/portal\/wp-json\/wp\/v2\/media?parent=218567"}],"wp:term":[{"taxonomy":"category","embeddable":true,"href":"https:\/\/www.eldiario.net\/portal\/wp-json\/wp\/v2\/categories?post=218567"},{"taxonomy":"post_tag","embeddable":true,"href":"https:\/\/www.eldiario.net\/portal\/wp-json\/wp\/v2\/tags?post=218567"}],"curies":[{"name":"wp","href":"https:\/\/api.w.org\/{rel}","templated":true}]}}