{"id":218564,"date":"2024-05-05T06:49:32","date_gmt":"2024-05-05T10:49:32","guid":{"rendered":"https:\/\/www.eldiario.net\/portal\/?p=218564"},"modified":"2024-05-05T06:49:32","modified_gmt":"2024-05-05T10:49:32","slug":"galardonan-y-reconocen-mano-de-obra-altena-en-fexco-2024","status":"publish","type":"post","link":"https:\/\/www.eldiario.net\/portal\/2024\/05\/05\/galardonan-y-reconocen-mano-de-obra-altena-en-fexco-2024\/","title":{"rendered":"Galardonan y reconocen mano  de obra alte\u00f1a en Fexco 2024"},"content":{"rendered":"<p>La mano de obra alte\u00f1a fue reconocida y galardonada, en el Pabell\u00f3n Kanata, de la Feria Exposici\u00f3n Internacional de Cochabamba (Fexco) 2024, demostrando que es la gesti\u00f3n de resultados, en ventas y visitas al espacio de los productores de El Alto.<br \/>\n\u201cHemos recibido como municipio de El Alto un reconocimiento referente a la mano calificada de nuestros queridos artesanos y productores de la ciudad de El Alto\u201d, se\u00f1al\u00f3 orgullosa la secretaria municipal de Desarrollo Econ\u00f3mico de la urbe alte\u00f1a, Carol Linares.<br \/>\nDe acuerdo con la autoridad edil, el reconocimiento es importante, porque refleja los resultados del trabajo de los productores.<br \/>\n\u201cA nuestros productores les est\u00e1 yendo muy bien, de acuerdo con los reportes econ\u00f3micos que tenemos, est\u00e1n generando por d\u00eda m\u00e1s de 10 mil bolivianos entre nuestros diferentes productores y, semanalmente, alrededor de 110 mil. Entonces, hay un buen movimiento dentro de los indicadores econ\u00f3micos\u201d, destac\u00f3 Linares.<br \/>\nRespecto al Ch\u2019uta Yate, explic\u00f3 que representa a los cholets de El Alto, a la alegr\u00eda, la siembra, la idea del Carnaval, a la identidad alte\u00f1a.<br \/>\n\u201cAqu\u00ed en nuestro stand van a encontrar productos de textil, trabajos en cuero, en alpaca, tenemos productos alimenticios, metal mec\u00e1nica\u201d, la secretaria municipal, a tiempo de invitar al cierre de la participaci\u00f3n alte\u00f1a en la feria internacional de Cochabamba, que ser\u00e1 hoy domingo.<\/p>\n","protected":false},"excerpt":{"rendered":"<p>La mano de obra alte\u00f1a fue reconocida y galardonada, en el Pabell\u00f3n Kanata, de la Feria Exposici\u00f3n Internacional de Cochabamba (Fexco) 2024, demostrando que es la gesti\u00f3n de resultados, en ventas y visitas al espacio de los productores de El Alto. \u201cHemos recibido como municipio de El Alto un reconocimiento referente a la mano calificada [&hellip;]<\/p>\n","protected":false},"author":1,"featured_media":218565,"comment_status":"open","ping_status":"open","sticky":false,"template":"","format":"standard","meta":{"_acf_changed":false,"footnotes":""},"categories":[12],"tags":[],"class_list":["post-218564","post","type-post","status-publish","format-standard","has-post-thumbnail","category-nacional"],"acf":{"antetitulo":""},"yoast_head":"<!-- This site is optimized with the Yoast SEO plugin v28.3 - https:\/\/yoast.com\/product\/yoast-seo-wordpress\/ -->\n<title>Galardonan y reconocen mano de obra alte\u00f1a en Fexco 2024 - El Diario - Bolivia<\/title>\n<meta name=\"robots\" content=\"index, follow, max-snippet:-1, max-image-preview:large, max-video-preview:-1\" \/>\n<link rel=\"canonical\" href=\"https:\/\/www.eldiario.net\/portal\/2024\/05\/05\/galardonan-y-reconocen-mano-de-obra-altena-en-fexco-2024\/\" \/>\n<meta property=\"og:locale\" content=\"es_ES\" \/>\n<meta property=\"og:type\" content=\"article\" \/>\n<meta property=\"og:title\" content=\"Galardonan y reconocen mano de obra alte\u00f1a en Fexco 2024 - El Diario - Bolivia\" \/>\n<meta property=\"og:description\" content=\"La mano de obra alte\u00f1a fue reconocida y galardonada, en el Pabell\u00f3n Kanata, de la Feria Exposici\u00f3n Internacional de Cochabamba (Fexco) 2024, demostrando que es la gesti\u00f3n de resultados, en ventas y visitas al espacio de los productores de El Alto. \u201cHemos recibido como municipio de El Alto un reconocimiento referente a la mano calificada [&hellip;]\" \/>\n<meta property=\"og:url\" content=\"https:\/\/www.eldiario.net\/portal\/2024\/05\/05\/galardonan-y-reconocen-mano-de-obra-altena-en-fexco-2024\/\" \/>\n<meta property=\"og:site_name\" content=\"El Diario - Bolivia\" \/>\n<meta property=\"article:publisher\" content=\"https:\/\/www.facebook.com\/eldiario.bolivia\/\" \/>\n<meta property=\"article:published_time\" content=\"2024-05-05T10:49:32+00:00\" \/>\n<meta property=\"og:image\" content=\"https:\/\/www.eldiario.net\/portal\/wp-content\/uploads\/2024\/05\/F-3-galardon-e1714906166328.jpg\" \/>\n\t<meta property=\"og:image:width\" content=\"543\" \/>\n\t<meta property=\"og:image:height\" content=\"455\" \/>\n\t<meta property=\"og:image:type\" content=\"image\/jpeg\" \/>\n<meta name=\"author\" content=\"Jeanette\" \/>\n<meta name=\"twitter:card\" content=\"summary_large_image\" \/>\n<meta name=\"twitter:creator\" content=\"@eldiario_net\" \/>\n<meta name=\"twitter:site\" content=\"@eldiario_net\" \/>\n<meta name=\"twitter:label1\" content=\"Escrito por\" \/>\n\t<meta name=\"twitter:data1\" content=\"Jeanette\" \/>\n\t<meta name=\"twitter:label2\" content=\"Tiempo de lectura\" \/>\n\t<meta name=\"twitter:data2\" content=\"2 minutos\" \/>\n<script type=\"application\/ld+json\" class=\"yoast-schema-graph\">{\"@context\":\"https:\\\/\\\/schema.org\",\"@graph\":[{\"@type\":\"Article\",\"@id\":\"https:\\\/\\\/www.eldiario.net\\\/portal\\\/2024\\\/05\\\/05\\\/galardonan-y-reconocen-mano-de-obra-altena-en-fexco-2024\\\/#article\",\"isPartOf\":{\"@id\":\"https:\\\/\\\/www.eldiario.net\\\/portal\\\/2024\\\/05\\\/05\\\/galardonan-y-reconocen-mano-de-obra-altena-en-fexco-2024\\\/\"},\"author\":{\"name\":\"Jeanette\",\"@id\":\"https:\\\/\\\/www.eldiario.net\\\/portal\\\/#\\\/schema\\\/person\\\/f46445640444750d7d753ccd04ae01b7\"},\"headline\":\"Galardonan y reconocen mano de obra alte\u00f1a en Fexco 2024\",\"datePublished\":\"2024-05-05T10:49:32+00:00\",\"mainEntityOfPage\":{\"@id\":\"https:\\\/\\\/www.eldiario.net\\\/portal\\\/2024\\\/05\\\/05\\\/galardonan-y-reconocen-mano-de-obra-altena-en-fexco-2024\\\/\"},\"wordCount\":241,\"commentCount\":0,\"publisher\":{\"@id\":\"https:\\\/\\\/www.eldiario.net\\\/portal\\\/#organization\"},\"image\":{\"@id\":\"https:\\\/\\\/www.eldiario.net\\\/portal\\\/2024\\\/05\\\/05\\\/galardonan-y-reconocen-mano-de-obra-altena-en-fexco-2024\\\/#primaryimage\"},\"thumbnailUrl\":\"https:\\\/\\\/www.eldiario.net\\\/portal\\\/wp-content\\\/uploads\\\/2024\\\/05\\\/F-3-galardon-e1714906166328.jpg\",\"articleSection\":[\"Nacional\"],\"inLanguage\":\"es\",\"potentialAction\":[{\"@type\":\"CommentAction\",\"name\":\"Comment\",\"target\":[\"https:\\\/\\\/www.eldiario.net\\\/portal\\\/2024\\\/05\\\/05\\\/galardonan-y-reconocen-mano-de-obra-altena-en-fexco-2024\\\/#respond\"]}]},{\"@type\":\"WebPage\",\"@id\":\"https:\\\/\\\/www.eldiario.net\\\/portal\\\/2024\\\/05\\\/05\\\/galardonan-y-reconocen-mano-de-obra-altena-en-fexco-2024\\\/\",\"url\":\"https:\\\/\\\/www.eldiario.net\\\/portal\\\/2024\\\/05\\\/05\\\/galardonan-y-reconocen-mano-de-obra-altena-en-fexco-2024\\\/\",\"name\":\"Galardonan y reconocen mano de obra alte\u00f1a en Fexco 2024 - El Diario - Bolivia\",\"isPartOf\":{\"@id\":\"https:\\\/\\\/www.eldiario.net\\\/portal\\\/#website\"},\"primaryImageOfPage\":{\"@id\":\"https:\\\/\\\/www.eldiario.net\\\/portal\\\/2024\\\/05\\\/05\\\/galardonan-y-reconocen-mano-de-obra-altena-en-fexco-2024\\\/#primaryimage\"},\"image\":{\"@id\":\"https:\\\/\\\/www.eldiario.net\\\/portal\\\/2024\\\/05\\\/05\\\/galardonan-y-reconocen-mano-de-obra-altena-en-fexco-2024\\\/#primaryimage\"},\"thumbnailUrl\":\"https:\\\/\\\/www.eldiario.net\\\/portal\\\/wp-content\\\/uploads\\\/2024\\\/05\\\/F-3-galardon-e1714906166328.jpg\",\"datePublished\":\"2024-05-05T10:49:32+00:00\",\"breadcrumb\":{\"@id\":\"https:\\\/\\\/www.eldiario.net\\\/portal\\\/2024\\\/05\\\/05\\\/galardonan-y-reconocen-mano-de-obra-altena-en-fexco-2024\\\/#breadcrumb\"},\"inLanguage\":\"es\",\"potentialAction\":[{\"@type\":\"ReadAction\",\"target\":[\"https:\\\/\\\/www.eldiario.net\\\/portal\\\/2024\\\/05\\\/05\\\/galardonan-y-reconocen-mano-de-obra-altena-en-fexco-2024\\\/\"]}]},{\"@type\":\"ImageObject\",\"inLanguage\":\"es\",\"@id\":\"https:\\\/\\\/www.eldiario.net\\\/portal\\\/2024\\\/05\\\/05\\\/galardonan-y-reconocen-mano-de-obra-altena-en-fexco-2024\\\/#primaryimage\",\"url\":\"https:\\\/\\\/www.eldiario.net\\\/portal\\\/wp-content\\\/uploads\\\/2024\\\/05\\\/F-3-galardon-e1714906166328.jpg\",\"contentUrl\":\"https:\\\/\\\/www.eldiario.net\\\/portal\\\/wp-content\\\/uploads\\\/2024\\\/05\\\/F-3-galardon-e1714906166328.jpg\",\"width\":543,\"height\":455,\"caption\":\"El alcalde cochabambino, Manfred Reyes, entrega el reconocimiento.\"},{\"@type\":\"BreadcrumbList\",\"@id\":\"https:\\\/\\\/www.eldiario.net\\\/portal\\\/2024\\\/05\\\/05\\\/galardonan-y-reconocen-mano-de-obra-altena-en-fexco-2024\\\/#breadcrumb\",\"itemListElement\":[{\"@type\":\"ListItem\",\"position\":1,\"name\":\"Portada\",\"item\":\"https:\\\/\\\/www.eldiario.net\\\/portal\\\/\"},{\"@type\":\"ListItem\",\"position\":2,\"name\":\"Galardonan y reconocen mano de obra alte\u00f1a en Fexco 2024\"}]},{\"@type\":\"WebSite\",\"@id\":\"https:\\\/\\\/www.eldiario.net\\\/portal\\\/#website\",\"url\":\"https:\\\/\\\/www.eldiario.net\\\/portal\\\/\",\"name\":\"El Diario - Decano de la prensa nacional\",\"description\":\"El Diario - Decano de la prensa nacional\",\"publisher\":{\"@id\":\"https:\\\/\\\/www.eldiario.net\\\/portal\\\/#organization\"},\"potentialAction\":[{\"@type\":\"SearchAction\",\"target\":{\"@type\":\"EntryPoint\",\"urlTemplate\":\"https:\\\/\\\/www.eldiario.net\\\/portal\\\/?s={search_term_string}\"},\"query-input\":{\"@type\":\"PropertyValueSpecification\",\"valueRequired\":true,\"valueName\":\"search_term_string\"}}],\"inLanguage\":\"es\"},{\"@type\":\"Organization\",\"@id\":\"https:\\\/\\\/www.eldiario.net\\\/portal\\\/#organization\",\"name\":\"El Diario - Decano de la prensa nacional\",\"url\":\"https:\\\/\\\/www.eldiario.net\\\/portal\\\/\",\"logo\":{\"@type\":\"ImageObject\",\"inLanguage\":\"es\",\"@id\":\"https:\\\/\\\/www.eldiario.net\\\/portal\\\/#\\\/schema\\\/logo\\\/image\\\/\",\"url\":\"https:\\\/\\\/www.eldiario.net\\\/portal\\\/wp-content\\\/uploads\\\/2023\\\/07\\\/logo_ED.jpg\",\"contentUrl\":\"https:\\\/\\\/www.eldiario.net\\\/portal\\\/wp-content\\\/uploads\\\/2023\\\/07\\\/logo_ED.jpg\",\"width\":272,\"height\":52,\"caption\":\"El Diario - Decano de la prensa nacional\"},\"image\":{\"@id\":\"https:\\\/\\\/www.eldiario.net\\\/portal\\\/#\\\/schema\\\/logo\\\/image\\\/\"},\"sameAs\":[\"https:\\\/\\\/www.facebook.com\\\/eldiario.bolivia\\\/\",\"https:\\\/\\\/x.com\\\/eldiario_net\"]},{\"@type\":\"Person\",\"@id\":\"https:\\\/\\\/www.eldiario.net\\\/portal\\\/#\\\/schema\\\/person\\\/f46445640444750d7d753ccd04ae01b7\",\"name\":\"Jeanette\",\"image\":{\"@type\":\"ImageObject\",\"inLanguage\":\"es\",\"@id\":\"https:\\\/\\\/secure.gravatar.com\\\/avatar\\\/3ea2118a5f7dad2b7138b1187a6b7ee55f160b9968b66013c3a3ef39dd7e5798?s=96&d=mm&r=g\",\"url\":\"https:\\\/\\\/secure.gravatar.com\\\/avatar\\\/3ea2118a5f7dad2b7138b1187a6b7ee55f160b9968b66013c3a3ef39dd7e5798?s=96&d=mm&r=g\",\"contentUrl\":\"https:\\\/\\\/secure.gravatar.com\\\/avatar\\\/3ea2118a5f7dad2b7138b1187a6b7ee55f160b9968b66013c3a3ef39dd7e5798?s=96&d=mm&r=g\",\"caption\":\"Jeanette\"},\"sameAs\":[\"https:\\\/\\\/www.eldiario.net\\\/portal\"],\"url\":\"https:\\\/\\\/www.eldiario.net\\\/portal\\\/author\\\/jeanette\\\/\"}]}<\/script>\n<!-- \/ Yoast SEO plugin. -->","yoast_head_json":{"title":"Galardonan y reconocen mano de obra alte\u00f1a en Fexco 2024 - El Diario - Bolivia","robots":{"index":"index","follow":"follow","max-snippet":"max-snippet:-1","max-image-preview":"max-image-preview:large","max-video-preview":"max-video-preview:-1"},"canonical":"https:\/\/www.eldiario.net\/portal\/2024\/05\/05\/galardonan-y-reconocen-mano-de-obra-altena-en-fexco-2024\/","og_locale":"es_ES","og_type":"article","og_title":"Galardonan y reconocen mano de obra alte\u00f1a en Fexco 2024 - El Diario - Bolivia","og_description":"La mano de obra alte\u00f1a fue reconocida y galardonada, en el Pabell\u00f3n Kanata, de la Feria Exposici\u00f3n Internacional de Cochabamba (Fexco) 2024, demostrando que es la gesti\u00f3n de resultados, en ventas y visitas al espacio de los productores de El Alto. \u201cHemos recibido como municipio de El Alto un reconocimiento referente a la mano calificada [&hellip;]","og_url":"https:\/\/www.eldiario.net\/portal\/2024\/05\/05\/galardonan-y-reconocen-mano-de-obra-altena-en-fexco-2024\/","og_site_name":"El Diario - Bolivia","article_publisher":"https:\/\/www.facebook.com\/eldiario.bolivia\/","article_published_time":"2024-05-05T10:49:32+00:00","og_image":[{"width":543,"height":455,"url":"https:\/\/www.eldiario.net\/portal\/wp-content\/uploads\/2024\/05\/F-3-galardon-e1714906166328.jpg","type":"image\/jpeg"}],"author":"Jeanette","twitter_card":"summary_large_image","twitter_creator":"@eldiario_net","twitter_site":"@eldiario_net","twitter_misc":{"Escrito por":"Jeanette","Tiempo de lectura":"2 minutos"},"schema":{"@context":"https:\/\/schema.org","@graph":[{"@type":"Article","@id":"https:\/\/www.eldiario.net\/portal\/2024\/05\/05\/galardonan-y-reconocen-mano-de-obra-altena-en-fexco-2024\/#article","isPartOf":{"@id":"https:\/\/www.eldiario.net\/portal\/2024\/05\/05\/galardonan-y-reconocen-mano-de-obra-altena-en-fexco-2024\/"},"author":{"name":"Jeanette","@id":"https:\/\/www.eldiario.net\/portal\/#\/schema\/person\/f46445640444750d7d753ccd04ae01b7"},"headline":"Galardonan y reconocen mano de obra alte\u00f1a en Fexco 2024","datePublished":"2024-05-05T10:49:32+00:00","mainEntityOfPage":{"@id":"https:\/\/www.eldiario.net\/portal\/2024\/05\/05\/galardonan-y-reconocen-mano-de-obra-altena-en-fexco-2024\/"},"wordCount":241,"commentCount":0,"publisher":{"@id":"https:\/\/www.eldiario.net\/portal\/#organization"},"image":{"@id":"https:\/\/www.eldiario.net\/portal\/2024\/05\/05\/galardonan-y-reconocen-mano-de-obra-altena-en-fexco-2024\/#primaryimage"},"thumbnailUrl":"https:\/\/www.eldiario.net\/portal\/wp-content\/uploads\/2024\/05\/F-3-galardon-e1714906166328.jpg","articleSection":["Nacional"],"inLanguage":"es","potentialAction":[{"@type":"CommentAction","name":"Comment","target":["https:\/\/www.eldiario.net\/portal\/2024\/05\/05\/galardonan-y-reconocen-mano-de-obra-altena-en-fexco-2024\/#respond"]}]},{"@type":"WebPage","@id":"https:\/\/www.eldiario.net\/portal\/2024\/05\/05\/galardonan-y-reconocen-mano-de-obra-altena-en-fexco-2024\/","url":"https:\/\/www.eldiario.net\/portal\/2024\/05\/05\/galardonan-y-reconocen-mano-de-obra-altena-en-fexco-2024\/","name":"Galardonan y reconocen mano de obra alte\u00f1a en Fexco 2024 - El Diario - Bolivia","isPartOf":{"@id":"https:\/\/www.eldiario.net\/portal\/#website"},"primaryImageOfPage":{"@id":"https:\/\/www.eldiario.net\/portal\/2024\/05\/05\/galardonan-y-reconocen-mano-de-obra-altena-en-fexco-2024\/#primaryimage"},"image":{"@id":"https:\/\/www.eldiario.net\/portal\/2024\/05\/05\/galardonan-y-reconocen-mano-de-obra-altena-en-fexco-2024\/#primaryimage"},"thumbnailUrl":"https:\/\/www.eldiario.net\/portal\/wp-content\/uploads\/2024\/05\/F-3-galardon-e1714906166328.jpg","datePublished":"2024-05-05T10:49:32+00:00","breadcrumb":{"@id":"https:\/\/www.eldiario.net\/portal\/2024\/05\/05\/galardonan-y-reconocen-mano-de-obra-altena-en-fexco-2024\/#breadcrumb"},"inLanguage":"es","potentialAction":[{"@type":"ReadAction","target":["https:\/\/www.eldiario.net\/portal\/2024\/05\/05\/galardonan-y-reconocen-mano-de-obra-altena-en-fexco-2024\/"]}]},{"@type":"ImageObject","inLanguage":"es","@id":"https:\/\/www.eldiario.net\/portal\/2024\/05\/05\/galardonan-y-reconocen-mano-de-obra-altena-en-fexco-2024\/#primaryimage","url":"https:\/\/www.eldiario.net\/portal\/wp-content\/uploads\/2024\/05\/F-3-galardon-e1714906166328.jpg","contentUrl":"https:\/\/www.eldiario.net\/portal\/wp-content\/uploads\/2024\/05\/F-3-galardon-e1714906166328.jpg","width":543,"height":455,"caption":"El alcalde cochabambino, Manfred Reyes, entrega el reconocimiento."},{"@type":"BreadcrumbList","@id":"https:\/\/www.eldiario.net\/portal\/2024\/05\/05\/galardonan-y-reconocen-mano-de-obra-altena-en-fexco-2024\/#breadcrumb","itemListElement":[{"@type":"ListItem","position":1,"name":"Portada","item":"https:\/\/www.eldiario.net\/portal\/"},{"@type":"ListItem","position":2,"name":"Galardonan y reconocen mano de obra alte\u00f1a en Fexco 2024"}]},{"@type":"WebSite","@id":"https:\/\/www.eldiario.net\/portal\/#website","url":"https:\/\/www.eldiario.net\/portal\/","name":"El Diario - Decano de la prensa nacional","description":"El Diario - Decano de la prensa nacional","publisher":{"@id":"https:\/\/www.eldiario.net\/portal\/#organization"},"potentialAction":[{"@type":"SearchAction","target":{"@type":"EntryPoint","urlTemplate":"https:\/\/www.eldiario.net\/portal\/?s={search_term_string}"},"query-input":{"@type":"PropertyValueSpecification","valueRequired":true,"valueName":"search_term_string"}}],"inLanguage":"es"},{"@type":"Organization","@id":"https:\/\/www.eldiario.net\/portal\/#organization","name":"El Diario - Decano de la prensa nacional","url":"https:\/\/www.eldiario.net\/portal\/","logo":{"@type":"ImageObject","inLanguage":"es","@id":"https:\/\/www.eldiario.net\/portal\/#\/schema\/logo\/image\/","url":"https:\/\/www.eldiario.net\/portal\/wp-content\/uploads\/2023\/07\/logo_ED.jpg","contentUrl":"https:\/\/www.eldiario.net\/portal\/wp-content\/uploads\/2023\/07\/logo_ED.jpg","width":272,"height":52,"caption":"El Diario - Decano de la prensa nacional"},"image":{"@id":"https:\/\/www.eldiario.net\/portal\/#\/schema\/logo\/image\/"},"sameAs":["https:\/\/www.facebook.com\/eldiario.bolivia\/","https:\/\/x.com\/eldiario_net"]},{"@type":"Person","@id":"https:\/\/www.eldiario.net\/portal\/#\/schema\/person\/f46445640444750d7d753ccd04ae01b7","name":"Jeanette","image":{"@type":"ImageObject","inLanguage":"es","@id":"https:\/\/secure.gravatar.com\/avatar\/3ea2118a5f7dad2b7138b1187a6b7ee55f160b9968b66013c3a3ef39dd7e5798?s=96&d=mm&r=g","url":"https:\/\/secure.gravatar.com\/avatar\/3ea2118a5f7dad2b7138b1187a6b7ee55f160b9968b66013c3a3ef39dd7e5798?s=96&d=mm&r=g","contentUrl":"https:\/\/secure.gravatar.com\/avatar\/3ea2118a5f7dad2b7138b1187a6b7ee55f160b9968b66013c3a3ef39dd7e5798?s=96&d=mm&r=g","caption":"Jeanette"},"sameAs":["https:\/\/www.eldiario.net\/portal"],"url":"https:\/\/www.eldiario.net\/portal\/author\/jeanette\/"}]}},"_links":{"self":[{"href":"https:\/\/www.eldiario.net\/portal\/wp-json\/wp\/v2\/posts\/218564","targetHints":{"allow":["GET"]}}],"collection":[{"href":"https:\/\/www.eldiario.net\/portal\/wp-json\/wp\/v2\/posts"}],"about":[{"href":"https:\/\/www.eldiario.net\/portal\/wp-json\/wp\/v2\/types\/post"}],"author":[{"embeddable":true,"href":"https:\/\/www.eldiario.net\/portal\/wp-json\/wp\/v2\/users\/1"}],"replies":[{"embeddable":true,"href":"https:\/\/www.eldiario.net\/portal\/wp-json\/wp\/v2\/comments?post=218564"}],"version-history":[{"count":1,"href":"https:\/\/www.eldiario.net\/portal\/wp-json\/wp\/v2\/posts\/218564\/revisions"}],"predecessor-version":[{"id":218566,"href":"https:\/\/www.eldiario.net\/portal\/wp-json\/wp\/v2\/posts\/218564\/revisions\/218566"}],"wp:featuredmedia":[{"embeddable":true,"href":"https:\/\/www.eldiario.net\/portal\/wp-json\/wp\/v2\/media\/218565"}],"wp:attachment":[{"href":"https:\/\/www.eldiario.net\/portal\/wp-json\/wp\/v2\/media?parent=218564"}],"wp:term":[{"taxonomy":"category","embeddable":true,"href":"https:\/\/www.eldiario.net\/portal\/wp-json\/wp\/v2\/categories?post=218564"},{"taxonomy":"post_tag","embeddable":true,"href":"https:\/\/www.eldiario.net\/portal\/wp-json\/wp\/v2\/tags?post=218564"}],"curies":[{"name":"wp","href":"https:\/\/api.w.org\/{rel}","templated":true}]}}