{"id":218557,"date":"2024-05-05T06:47:43","date_gmt":"2024-05-05T10:47:43","guid":{"rendered":"https:\/\/www.eldiario.net\/portal\/?p=218557"},"modified":"2024-05-05T06:47:43","modified_gmt":"2024-05-05T10:47:43","slug":"bolivia-registro-143-atentados-a-la-libertad-de-prensa-en-2023","status":"publish","type":"post","link":"https:\/\/www.eldiario.net\/portal\/2024\/05\/05\/bolivia-registro-143-atentados-a-la-libertad-de-prensa-en-2023\/","title":{"rendered":"Bolivia registr\u00f3 143 atentados a la libertad de prensa\u00a0en 2023"},"content":{"rendered":"<p>Un total de 143 violaciones a la libertad de prensa fueron registradas en Bolivia el a\u00f1o pasado, lo que muestra que cada tres d\u00edas hubo una violaci\u00f3n a esta libertad, seg\u00fan el Observatorio de Defensores de Derechos de Unitas; los casos m\u00e1s recurrentes fueron agresiones f\u00edsicas y psicol\u00f3gicas, amenazas, desprotecci\u00f3n e impedimento a acceso de informaci\u00f3n hacia periodistas.<br \/>\nEstas 143 vulneraciones a la libertad de prensa se dividen en 30 casos de agresi\u00f3n f\u00edsica o psicol\u00f3gica contra periodistas, 28 amenazas o amedrentamientos, 23 incumplimientos al deber de protecci\u00f3n de periodistas, 20 impedimentos de acceso a la informaci\u00f3n y 13 estigmatizaciones.<br \/>\nAsimismo, hubo siete ataques a medios de comunicaci\u00f3n, siete incumplimientos al deber de investigaci\u00f3n y sanci\u00f3n, seis actos de censura, cinco violaciones a la reserva de fuentes, dos casos de asignaci\u00f3n discriminatoria de publicidad oficial, un caso de criminalizaci\u00f3n y otro de incumplimiento al debido proceso.<br \/>\nLos actores que m\u00e1s vulneran la libertad de prensa son, principalmente, la Polic\u00eda Boliviana y grupos de personas, ambos protagonistas en 34 hechos. Le siguen autoridades del ejecutivo nacional, con 11 registros; cooperativas mineras, con 10; autoridades del \u00d3rgano Judicial, con 9 casos; y el Ministerio P\u00fablico, con seis registros, entre otros.<br \/>\nEl Observatorio de Defensores de Derechos precisa tambi\u00e9n que, de los 143 casos, 108 responden a ataques directos contra periodistas o trabajadores de la prensa, mientras que 35 fueron perpetuados contra medios de comunicaci\u00f3n. Esto representa que un 75% de los casos refieren a periodistas agredidos directamente.<br \/>\nAGRESIONES A<br \/>\nPERIODISTAS<br \/>\nLas agresiones contra periodistas son la categor\u00eda con mayor cantidad de registros en 2023, con 30 casos. Destacan los casos de agresi\u00f3n policial a los periodistas, Miguel \u00c1ngel Rivero y Joel Orellana, ambos de Unitel, el 1 de enero de 2023, durante la cobertura de protestas por la detenci\u00f3n del gobernador de Santa Cruz, Luis Fernando Camacho.<br \/>\nOtros dos casos similares se dieron en la gasificaci\u00f3n contra dos mujeres periodistas: Helga Velasco de Cadena A y Carla Mercado de Unitel, en la cobertura de las manifestaciones del Magisterio Urbano de La Paz, el 17 de marzo de 2023, o la agresi\u00f3n directa de un polic\u00eda al periodista Marco Antonio Torrez del canal F10, cuando fue filmado siendo aprehendido por protagonizar una balacera en Desaguadero, el pasado 2 de octubre.<br \/>\nSin embargo, la violencia tambi\u00e9n fue perpetrada por personas no uniformadas. Ocho periodistas fueron agredidos por personas afines al Movimiento al Socialismo (MAS), cuando salieron a las calles de la ciudad de La Paz, para encarar y enfrentarse a un grupo de personas que exig\u00edan la libertad de los presos pol\u00edticos, el 10 de enero del a\u00f1o pasado.<br \/>\nEl 16 de junio de 2023, trabajadores de la cooperativa minera, La Luminosa de Oruro, atacaron y destruyeron los equipos de dos periodistas que fueron, junto a una delegaci\u00f3n del municipio, a inspeccionar el Cerro San Pedro. El Sindicato de Trabajadores de la Prensa de Oruro y otros gremios, se pronunciaron por la falta de investigaci\u00f3n e identificaci\u00f3n de los agresores.<br \/>\nAMENAZAS Y AMEDRENTAMIENTOS<br \/>\nLos periodistas y trabajadores de la prensa no est\u00e1n exentos de coacciones de personas particulares o individuos investidos de poder. El 16 de febrero de 2023, en Pando, personas ligadas al gobernador, Regis Germ\u00e1n Richter, denigraron y amenazaron por WhatsApp al periodista, Carmelo Cartagena.<br \/>\nEn La Paz, el periodista, Sergio Mendoza, fue increpado por el jefe de seguridad del Banco Central de Bolivia (BCB) al hacer una cobertura de las filas por la compra de d\u00f3lares, quien lo intimid\u00f3 al exigirle \u201cmedirse como hombres\u201d para interrumpir su trabajo.<br \/>\nEstas amenazas fueron m\u00e1s recurrentes entre el 6 y 7 de noviembre de 2023. Esos dos d\u00edas, un total de diez trabajadores, entre los que hab\u00eda fotoperiodistas y un videasta, fueron amenazados por cooperativistas mineros que arribaron a la capital pace\u00f1a para exigir demandas sectoriales.<br \/>\nOtro caso llamativo fue la amenaza proferida por gente ligada a la familia \u201cLima Lobo\u201d, sindicada de casos de narcotr\u00e1fico en Santa Cruz, en contra del periodista, Guider Arancibia, de El Deber.<br \/>\nEl 26 de julio de 2023, una persona que se identific\u00f3 como parte de esta familia lleg\u00f3 a instalaciones del peri\u00f3dico, buscando a Arancibia. Al no encontrarlo, lo llam\u00f3 y amenaz\u00f3 con que \u201ctenga mucho cuidado\u201d y con iniciarle un proceso en la Fiscal\u00eda, luego de la publicaci\u00f3n de una nota relacionada a una avioneta con droga que cay\u00f3 en Argentina.<br \/>\nDESPROTECCI\u00d3N<br \/>\nLa Polic\u00eda es el principal actor vulnerador al no cumplir con su rol de resguardo y seguridad a la labor que desempe\u00f1an los trabajadores de la prensa. Esto qued\u00f3 en evidencia cuando la periodista de Red Uno, Ariana Antezana, y su camar\u00f3grafo, Abraham Pareja, fueron agredidos y vilipendiados por militantes masistas en el anterior congreso del partido azul, efectuado el pasado 4 de octubre en Lauca \u00d1, Cochabamba.<br \/>\nEn Potos\u00ed, el 26 de abril del mismo a\u00f1o, la periodista de Radio Kollasuyo, Iris Toro, fue agredida por vecinos de Villa Victoria y Villa Canter\u00eda que tomaron la Alcald\u00eda de Potos\u00ed. El grupo de personas atac\u00f3 a funcionarios municipales e impidi\u00f3 la labor de los periodistas que cubr\u00edan el hecho, en flagrante inacci\u00f3n de la Polic\u00eda para evitar disturbios.<br \/>\nEl 11 de julio, en medio del conflicto por la toma de la sede de la Asamblea Permanente de Derechos Humanos de Bolivia (Apdhb), se despleg\u00f3 un operativo policial para resguardar esta infraestructura, el cual impidi\u00f3 a periodistas acercarse a la presidenta de la organizaci\u00f3n, Amparo Carvajal.<br \/>\nLos uniformados de la instituci\u00f3n del orden incluso no brindaron protecci\u00f3n cuando una turba de simpatizantes del MAS lleg\u00f3 a ese lugar para protestar en contra de la vigilia liderada por la octogenaria defensora de derechos. Un periodista, un camar\u00f3grafo y dos fotoperiodistas fueron agredidos y no pudieron continuar con su labor, a la vista de efectivos del orden. (EL DIARIO y agencias)<\/p>\n","protected":false},"excerpt":{"rendered":"<p>Un total de 143 violaciones a la libertad de prensa fueron registradas en Bolivia el a\u00f1o pasado, lo que muestra que cada tres d\u00edas hubo una violaci\u00f3n a esta libertad, seg\u00fan el Observatorio de Defensores de Derechos de Unitas; los casos m\u00e1s recurrentes fueron agresiones f\u00edsicas y psicol\u00f3gicas, amenazas, desprotecci\u00f3n e impedimento a acceso de [&hellip;]<\/p>\n","protected":false},"author":1,"featured_media":218558,"comment_status":"open","ping_status":"open","sticky":false,"template":"","format":"standard","meta":{"_acf_changed":false,"footnotes":""},"categories":[39],"tags":[],"class_list":["post-218557","post","type-post","status-publish","format-standard","has-post-thumbnail","category-sociedad"],"acf":{"antetitulo":"Seg\u00fan monitoreo de Unitas"},"yoast_head":"<!-- This site is optimized with the Yoast SEO plugin v28.3 - https:\/\/yoast.com\/product\/yoast-seo-wordpress\/ -->\n<title>Bolivia registr\u00f3 143 atentados a la libertad de prensa\u00a0en 2023 - El Diario - Bolivia<\/title>\n<meta name=\"robots\" content=\"index, follow, max-snippet:-1, max-image-preview:large, max-video-preview:-1\" \/>\n<link rel=\"canonical\" href=\"https:\/\/www.eldiario.net\/portal\/2024\/05\/05\/bolivia-registro-143-atentados-a-la-libertad-de-prensa-en-2023\/\" \/>\n<meta property=\"og:locale\" content=\"es_ES\" \/>\n<meta property=\"og:type\" content=\"article\" \/>\n<meta property=\"og:title\" content=\"Bolivia registr\u00f3 143 atentados a la libertad de prensa\u00a0en 2023 - El Diario - Bolivia\" \/>\n<meta property=\"og:description\" content=\"Un total de 143 violaciones a la libertad de prensa fueron registradas en Bolivia el a\u00f1o pasado, lo que muestra que cada tres d\u00edas hubo una violaci\u00f3n a esta libertad, seg\u00fan el Observatorio de Defensores de Derechos de Unitas; los casos m\u00e1s recurrentes fueron agresiones f\u00edsicas y psicol\u00f3gicas, amenazas, desprotecci\u00f3n e impedimento a acceso de [&hellip;]\" \/>\n<meta property=\"og:url\" content=\"https:\/\/www.eldiario.net\/portal\/2024\/05\/05\/bolivia-registro-143-atentados-a-la-libertad-de-prensa-en-2023\/\" \/>\n<meta property=\"og:site_name\" content=\"El Diario - Bolivia\" \/>\n<meta property=\"article:publisher\" content=\"https:\/\/www.facebook.com\/eldiario.bolivia\/\" \/>\n<meta property=\"article:published_time\" content=\"2024-05-05T10:47:43+00:00\" \/>\n<meta property=\"og:image\" content=\"https:\/\/www.eldiario.net\/portal\/wp-content\/uploads\/2024\/05\/5-PERS.png\" \/>\n\t<meta property=\"og:image:width\" content=\"640\" \/>\n\t<meta property=\"og:image:height\" content=\"399\" \/>\n\t<meta property=\"og:image:type\" content=\"image\/png\" \/>\n<meta name=\"author\" content=\"Jeanette\" \/>\n<meta name=\"twitter:card\" content=\"summary_large_image\" \/>\n<meta name=\"twitter:creator\" content=\"@eldiario_net\" \/>\n<meta name=\"twitter:site\" content=\"@eldiario_net\" \/>\n<meta name=\"twitter:label1\" content=\"Escrito por\" \/>\n\t<meta name=\"twitter:data1\" content=\"Jeanette\" \/>\n\t<meta name=\"twitter:label2\" content=\"Tiempo de lectura\" \/>\n\t<meta name=\"twitter:data2\" content=\"5 minutos\" \/>\n<script type=\"application\/ld+json\" class=\"yoast-schema-graph\">{\"@context\":\"https:\\\/\\\/schema.org\",\"@graph\":[{\"@type\":\"Article\",\"@id\":\"https:\\\/\\\/www.eldiario.net\\\/portal\\\/2024\\\/05\\\/05\\\/bolivia-registro-143-atentados-a-la-libertad-de-prensa-en-2023\\\/#article\",\"isPartOf\":{\"@id\":\"https:\\\/\\\/www.eldiario.net\\\/portal\\\/2024\\\/05\\\/05\\\/bolivia-registro-143-atentados-a-la-libertad-de-prensa-en-2023\\\/\"},\"author\":{\"name\":\"Jeanette\",\"@id\":\"https:\\\/\\\/www.eldiario.net\\\/portal\\\/#\\\/schema\\\/person\\\/f46445640444750d7d753ccd04ae01b7\"},\"headline\":\"Bolivia registr\u00f3 143 atentados a la libertad de prensa\u00a0en 2023\",\"datePublished\":\"2024-05-05T10:47:43+00:00\",\"mainEntityOfPage\":{\"@id\":\"https:\\\/\\\/www.eldiario.net\\\/portal\\\/2024\\\/05\\\/05\\\/bolivia-registro-143-atentados-a-la-libertad-de-prensa-en-2023\\\/\"},\"wordCount\":999,\"commentCount\":0,\"publisher\":{\"@id\":\"https:\\\/\\\/www.eldiario.net\\\/portal\\\/#organization\"},\"image\":{\"@id\":\"https:\\\/\\\/www.eldiario.net\\\/portal\\\/2024\\\/05\\\/05\\\/bolivia-registro-143-atentados-a-la-libertad-de-prensa-en-2023\\\/#primaryimage\"},\"thumbnailUrl\":\"https:\\\/\\\/www.eldiario.net\\\/portal\\\/wp-content\\\/uploads\\\/2024\\\/05\\\/5-PERS.png\",\"articleSection\":[\"Sociedad - Seguridad\"],\"inLanguage\":\"es\",\"potentialAction\":[{\"@type\":\"CommentAction\",\"name\":\"Comment\",\"target\":[\"https:\\\/\\\/www.eldiario.net\\\/portal\\\/2024\\\/05\\\/05\\\/bolivia-registro-143-atentados-a-la-libertad-de-prensa-en-2023\\\/#respond\"]}]},{\"@type\":\"WebPage\",\"@id\":\"https:\\\/\\\/www.eldiario.net\\\/portal\\\/2024\\\/05\\\/05\\\/bolivia-registro-143-atentados-a-la-libertad-de-prensa-en-2023\\\/\",\"url\":\"https:\\\/\\\/www.eldiario.net\\\/portal\\\/2024\\\/05\\\/05\\\/bolivia-registro-143-atentados-a-la-libertad-de-prensa-en-2023\\\/\",\"name\":\"Bolivia registr\u00f3 143 atentados a la libertad de prensa\u00a0en 2023 - El Diario - Bolivia\",\"isPartOf\":{\"@id\":\"https:\\\/\\\/www.eldiario.net\\\/portal\\\/#website\"},\"primaryImageOfPage\":{\"@id\":\"https:\\\/\\\/www.eldiario.net\\\/portal\\\/2024\\\/05\\\/05\\\/bolivia-registro-143-atentados-a-la-libertad-de-prensa-en-2023\\\/#primaryimage\"},\"image\":{\"@id\":\"https:\\\/\\\/www.eldiario.net\\\/portal\\\/2024\\\/05\\\/05\\\/bolivia-registro-143-atentados-a-la-libertad-de-prensa-en-2023\\\/#primaryimage\"},\"thumbnailUrl\":\"https:\\\/\\\/www.eldiario.net\\\/portal\\\/wp-content\\\/uploads\\\/2024\\\/05\\\/5-PERS.png\",\"datePublished\":\"2024-05-05T10:47:43+00:00\",\"breadcrumb\":{\"@id\":\"https:\\\/\\\/www.eldiario.net\\\/portal\\\/2024\\\/05\\\/05\\\/bolivia-registro-143-atentados-a-la-libertad-de-prensa-en-2023\\\/#breadcrumb\"},\"inLanguage\":\"es\",\"potentialAction\":[{\"@type\":\"ReadAction\",\"target\":[\"https:\\\/\\\/www.eldiario.net\\\/portal\\\/2024\\\/05\\\/05\\\/bolivia-registro-143-atentados-a-la-libertad-de-prensa-en-2023\\\/\"]}]},{\"@type\":\"ImageObject\",\"inLanguage\":\"es\",\"@id\":\"https:\\\/\\\/www.eldiario.net\\\/portal\\\/2024\\\/05\\\/05\\\/bolivia-registro-143-atentados-a-la-libertad-de-prensa-en-2023\\\/#primaryimage\",\"url\":\"https:\\\/\\\/www.eldiario.net\\\/portal\\\/wp-content\\\/uploads\\\/2024\\\/05\\\/5-PERS.png\",\"contentUrl\":\"https:\\\/\\\/www.eldiario.net\\\/portal\\\/wp-content\\\/uploads\\\/2024\\\/05\\\/5-PERS.png\",\"width\":640,\"height\":399,\"caption\":\"El periodismo enfrenta una crisis a escala mundial.\"},{\"@type\":\"BreadcrumbList\",\"@id\":\"https:\\\/\\\/www.eldiario.net\\\/portal\\\/2024\\\/05\\\/05\\\/bolivia-registro-143-atentados-a-la-libertad-de-prensa-en-2023\\\/#breadcrumb\",\"itemListElement\":[{\"@type\":\"ListItem\",\"position\":1,\"name\":\"Portada\",\"item\":\"https:\\\/\\\/www.eldiario.net\\\/portal\\\/\"},{\"@type\":\"ListItem\",\"position\":2,\"name\":\"Bolivia registr\u00f3 143 atentados a la libertad de prensa\u00a0en 2023\"}]},{\"@type\":\"WebSite\",\"@id\":\"https:\\\/\\\/www.eldiario.net\\\/portal\\\/#website\",\"url\":\"https:\\\/\\\/www.eldiario.net\\\/portal\\\/\",\"name\":\"El Diario - Decano de la prensa nacional\",\"description\":\"El Diario - Decano de la prensa nacional\",\"publisher\":{\"@id\":\"https:\\\/\\\/www.eldiario.net\\\/portal\\\/#organization\"},\"potentialAction\":[{\"@type\":\"SearchAction\",\"target\":{\"@type\":\"EntryPoint\",\"urlTemplate\":\"https:\\\/\\\/www.eldiario.net\\\/portal\\\/?s={search_term_string}\"},\"query-input\":{\"@type\":\"PropertyValueSpecification\",\"valueRequired\":true,\"valueName\":\"search_term_string\"}}],\"inLanguage\":\"es\"},{\"@type\":\"Organization\",\"@id\":\"https:\\\/\\\/www.eldiario.net\\\/portal\\\/#organization\",\"name\":\"El Diario - Decano de la prensa nacional\",\"url\":\"https:\\\/\\\/www.eldiario.net\\\/portal\\\/\",\"logo\":{\"@type\":\"ImageObject\",\"inLanguage\":\"es\",\"@id\":\"https:\\\/\\\/www.eldiario.net\\\/portal\\\/#\\\/schema\\\/logo\\\/image\\\/\",\"url\":\"https:\\\/\\\/www.eldiario.net\\\/portal\\\/wp-content\\\/uploads\\\/2023\\\/07\\\/logo_ED.jpg\",\"contentUrl\":\"https:\\\/\\\/www.eldiario.net\\\/portal\\\/wp-content\\\/uploads\\\/2023\\\/07\\\/logo_ED.jpg\",\"width\":272,\"height\":52,\"caption\":\"El Diario - Decano de la prensa nacional\"},\"image\":{\"@id\":\"https:\\\/\\\/www.eldiario.net\\\/portal\\\/#\\\/schema\\\/logo\\\/image\\\/\"},\"sameAs\":[\"https:\\\/\\\/www.facebook.com\\\/eldiario.bolivia\\\/\",\"https:\\\/\\\/x.com\\\/eldiario_net\"]},{\"@type\":\"Person\",\"@id\":\"https:\\\/\\\/www.eldiario.net\\\/portal\\\/#\\\/schema\\\/person\\\/f46445640444750d7d753ccd04ae01b7\",\"name\":\"Jeanette\",\"image\":{\"@type\":\"ImageObject\",\"inLanguage\":\"es\",\"@id\":\"https:\\\/\\\/secure.gravatar.com\\\/avatar\\\/3ea2118a5f7dad2b7138b1187a6b7ee55f160b9968b66013c3a3ef39dd7e5798?s=96&d=mm&r=g\",\"url\":\"https:\\\/\\\/secure.gravatar.com\\\/avatar\\\/3ea2118a5f7dad2b7138b1187a6b7ee55f160b9968b66013c3a3ef39dd7e5798?s=96&d=mm&r=g\",\"contentUrl\":\"https:\\\/\\\/secure.gravatar.com\\\/avatar\\\/3ea2118a5f7dad2b7138b1187a6b7ee55f160b9968b66013c3a3ef39dd7e5798?s=96&d=mm&r=g\",\"caption\":\"Jeanette\"},\"sameAs\":[\"https:\\\/\\\/www.eldiario.net\\\/portal\"],\"url\":\"https:\\\/\\\/www.eldiario.net\\\/portal\\\/author\\\/jeanette\\\/\"}]}<\/script>\n<!-- \/ Yoast SEO plugin. -->","yoast_head_json":{"title":"Bolivia registr\u00f3 143 atentados a la libertad de prensa\u00a0en 2023 - El Diario - Bolivia","robots":{"index":"index","follow":"follow","max-snippet":"max-snippet:-1","max-image-preview":"max-image-preview:large","max-video-preview":"max-video-preview:-1"},"canonical":"https:\/\/www.eldiario.net\/portal\/2024\/05\/05\/bolivia-registro-143-atentados-a-la-libertad-de-prensa-en-2023\/","og_locale":"es_ES","og_type":"article","og_title":"Bolivia registr\u00f3 143 atentados a la libertad de prensa\u00a0en 2023 - El Diario - Bolivia","og_description":"Un total de 143 violaciones a la libertad de prensa fueron registradas en Bolivia el a\u00f1o pasado, lo que muestra que cada tres d\u00edas hubo una violaci\u00f3n a esta libertad, seg\u00fan el Observatorio de Defensores de Derechos de Unitas; los casos m\u00e1s recurrentes fueron agresiones f\u00edsicas y psicol\u00f3gicas, amenazas, desprotecci\u00f3n e impedimento a acceso de [&hellip;]","og_url":"https:\/\/www.eldiario.net\/portal\/2024\/05\/05\/bolivia-registro-143-atentados-a-la-libertad-de-prensa-en-2023\/","og_site_name":"El Diario - Bolivia","article_publisher":"https:\/\/www.facebook.com\/eldiario.bolivia\/","article_published_time":"2024-05-05T10:47:43+00:00","og_image":[{"width":640,"height":399,"url":"https:\/\/www.eldiario.net\/portal\/wp-content\/uploads\/2024\/05\/5-PERS.png","type":"image\/png"}],"author":"Jeanette","twitter_card":"summary_large_image","twitter_creator":"@eldiario_net","twitter_site":"@eldiario_net","twitter_misc":{"Escrito por":"Jeanette","Tiempo de lectura":"5 minutos"},"schema":{"@context":"https:\/\/schema.org","@graph":[{"@type":"Article","@id":"https:\/\/www.eldiario.net\/portal\/2024\/05\/05\/bolivia-registro-143-atentados-a-la-libertad-de-prensa-en-2023\/#article","isPartOf":{"@id":"https:\/\/www.eldiario.net\/portal\/2024\/05\/05\/bolivia-registro-143-atentados-a-la-libertad-de-prensa-en-2023\/"},"author":{"name":"Jeanette","@id":"https:\/\/www.eldiario.net\/portal\/#\/schema\/person\/f46445640444750d7d753ccd04ae01b7"},"headline":"Bolivia registr\u00f3 143 atentados a la libertad de prensa\u00a0en 2023","datePublished":"2024-05-05T10:47:43+00:00","mainEntityOfPage":{"@id":"https:\/\/www.eldiario.net\/portal\/2024\/05\/05\/bolivia-registro-143-atentados-a-la-libertad-de-prensa-en-2023\/"},"wordCount":999,"commentCount":0,"publisher":{"@id":"https:\/\/www.eldiario.net\/portal\/#organization"},"image":{"@id":"https:\/\/www.eldiario.net\/portal\/2024\/05\/05\/bolivia-registro-143-atentados-a-la-libertad-de-prensa-en-2023\/#primaryimage"},"thumbnailUrl":"https:\/\/www.eldiario.net\/portal\/wp-content\/uploads\/2024\/05\/5-PERS.png","articleSection":["Sociedad - Seguridad"],"inLanguage":"es","potentialAction":[{"@type":"CommentAction","name":"Comment","target":["https:\/\/www.eldiario.net\/portal\/2024\/05\/05\/bolivia-registro-143-atentados-a-la-libertad-de-prensa-en-2023\/#respond"]}]},{"@type":"WebPage","@id":"https:\/\/www.eldiario.net\/portal\/2024\/05\/05\/bolivia-registro-143-atentados-a-la-libertad-de-prensa-en-2023\/","url":"https:\/\/www.eldiario.net\/portal\/2024\/05\/05\/bolivia-registro-143-atentados-a-la-libertad-de-prensa-en-2023\/","name":"Bolivia registr\u00f3 143 atentados a la libertad de prensa\u00a0en 2023 - El Diario - Bolivia","isPartOf":{"@id":"https:\/\/www.eldiario.net\/portal\/#website"},"primaryImageOfPage":{"@id":"https:\/\/www.eldiario.net\/portal\/2024\/05\/05\/bolivia-registro-143-atentados-a-la-libertad-de-prensa-en-2023\/#primaryimage"},"image":{"@id":"https:\/\/www.eldiario.net\/portal\/2024\/05\/05\/bolivia-registro-143-atentados-a-la-libertad-de-prensa-en-2023\/#primaryimage"},"thumbnailUrl":"https:\/\/www.eldiario.net\/portal\/wp-content\/uploads\/2024\/05\/5-PERS.png","datePublished":"2024-05-05T10:47:43+00:00","breadcrumb":{"@id":"https:\/\/www.eldiario.net\/portal\/2024\/05\/05\/bolivia-registro-143-atentados-a-la-libertad-de-prensa-en-2023\/#breadcrumb"},"inLanguage":"es","potentialAction":[{"@type":"ReadAction","target":["https:\/\/www.eldiario.net\/portal\/2024\/05\/05\/bolivia-registro-143-atentados-a-la-libertad-de-prensa-en-2023\/"]}]},{"@type":"ImageObject","inLanguage":"es","@id":"https:\/\/www.eldiario.net\/portal\/2024\/05\/05\/bolivia-registro-143-atentados-a-la-libertad-de-prensa-en-2023\/#primaryimage","url":"https:\/\/www.eldiario.net\/portal\/wp-content\/uploads\/2024\/05\/5-PERS.png","contentUrl":"https:\/\/www.eldiario.net\/portal\/wp-content\/uploads\/2024\/05\/5-PERS.png","width":640,"height":399,"caption":"El periodismo enfrenta una crisis a escala mundial."},{"@type":"BreadcrumbList","@id":"https:\/\/www.eldiario.net\/portal\/2024\/05\/05\/bolivia-registro-143-atentados-a-la-libertad-de-prensa-en-2023\/#breadcrumb","itemListElement":[{"@type":"ListItem","position":1,"name":"Portada","item":"https:\/\/www.eldiario.net\/portal\/"},{"@type":"ListItem","position":2,"name":"Bolivia registr\u00f3 143 atentados a la libertad de prensa\u00a0en 2023"}]},{"@type":"WebSite","@id":"https:\/\/www.eldiario.net\/portal\/#website","url":"https:\/\/www.eldiario.net\/portal\/","name":"El Diario - Decano de la prensa nacional","description":"El Diario - Decano de la prensa nacional","publisher":{"@id":"https:\/\/www.eldiario.net\/portal\/#organization"},"potentialAction":[{"@type":"SearchAction","target":{"@type":"EntryPoint","urlTemplate":"https:\/\/www.eldiario.net\/portal\/?s={search_term_string}"},"query-input":{"@type":"PropertyValueSpecification","valueRequired":true,"valueName":"search_term_string"}}],"inLanguage":"es"},{"@type":"Organization","@id":"https:\/\/www.eldiario.net\/portal\/#organization","name":"El Diario - Decano de la prensa nacional","url":"https:\/\/www.eldiario.net\/portal\/","logo":{"@type":"ImageObject","inLanguage":"es","@id":"https:\/\/www.eldiario.net\/portal\/#\/schema\/logo\/image\/","url":"https:\/\/www.eldiario.net\/portal\/wp-content\/uploads\/2023\/07\/logo_ED.jpg","contentUrl":"https:\/\/www.eldiario.net\/portal\/wp-content\/uploads\/2023\/07\/logo_ED.jpg","width":272,"height":52,"caption":"El Diario - Decano de la prensa nacional"},"image":{"@id":"https:\/\/www.eldiario.net\/portal\/#\/schema\/logo\/image\/"},"sameAs":["https:\/\/www.facebook.com\/eldiario.bolivia\/","https:\/\/x.com\/eldiario_net"]},{"@type":"Person","@id":"https:\/\/www.eldiario.net\/portal\/#\/schema\/person\/f46445640444750d7d753ccd04ae01b7","name":"Jeanette","image":{"@type":"ImageObject","inLanguage":"es","@id":"https:\/\/secure.gravatar.com\/avatar\/3ea2118a5f7dad2b7138b1187a6b7ee55f160b9968b66013c3a3ef39dd7e5798?s=96&d=mm&r=g","url":"https:\/\/secure.gravatar.com\/avatar\/3ea2118a5f7dad2b7138b1187a6b7ee55f160b9968b66013c3a3ef39dd7e5798?s=96&d=mm&r=g","contentUrl":"https:\/\/secure.gravatar.com\/avatar\/3ea2118a5f7dad2b7138b1187a6b7ee55f160b9968b66013c3a3ef39dd7e5798?s=96&d=mm&r=g","caption":"Jeanette"},"sameAs":["https:\/\/www.eldiario.net\/portal"],"url":"https:\/\/www.eldiario.net\/portal\/author\/jeanette\/"}]}},"_links":{"self":[{"href":"https:\/\/www.eldiario.net\/portal\/wp-json\/wp\/v2\/posts\/218557","targetHints":{"allow":["GET"]}}],"collection":[{"href":"https:\/\/www.eldiario.net\/portal\/wp-json\/wp\/v2\/posts"}],"about":[{"href":"https:\/\/www.eldiario.net\/portal\/wp-json\/wp\/v2\/types\/post"}],"author":[{"embeddable":true,"href":"https:\/\/www.eldiario.net\/portal\/wp-json\/wp\/v2\/users\/1"}],"replies":[{"embeddable":true,"href":"https:\/\/www.eldiario.net\/portal\/wp-json\/wp\/v2\/comments?post=218557"}],"version-history":[{"count":1,"href":"https:\/\/www.eldiario.net\/portal\/wp-json\/wp\/v2\/posts\/218557\/revisions"}],"predecessor-version":[{"id":218559,"href":"https:\/\/www.eldiario.net\/portal\/wp-json\/wp\/v2\/posts\/218557\/revisions\/218559"}],"wp:featuredmedia":[{"embeddable":true,"href":"https:\/\/www.eldiario.net\/portal\/wp-json\/wp\/v2\/media\/218558"}],"wp:attachment":[{"href":"https:\/\/www.eldiario.net\/portal\/wp-json\/wp\/v2\/media?parent=218557"}],"wp:term":[{"taxonomy":"category","embeddable":true,"href":"https:\/\/www.eldiario.net\/portal\/wp-json\/wp\/v2\/categories?post=218557"},{"taxonomy":"post_tag","embeddable":true,"href":"https:\/\/www.eldiario.net\/portal\/wp-json\/wp\/v2\/tags?post=218557"}],"curies":[{"name":"wp","href":"https:\/\/api.w.org\/{rel}","templated":true}]}}