{"id":218554,"date":"2024-05-05T06:46:57","date_gmt":"2024-05-05T10:46:57","guid":{"rendered":"https:\/\/www.eldiario.net\/portal\/?p=218554"},"modified":"2024-05-05T06:46:57","modified_gmt":"2024-05-05T10:46:57","slug":"fiesta-excesos-y-peleas-en-penal-de-san-pedro","status":"publish","type":"post","link":"https:\/\/www.eldiario.net\/portal\/2024\/05\/05\/fiesta-excesos-y-peleas-en-penal-de-san-pedro\/","title":{"rendered":"Fiesta, excesos y peleas en penal de San Pedro"},"content":{"rendered":"<p>Una fiesta con grupos musicales al interior de la secci\u00f3n Palmar, en el recinto penitenciario de San Pedro, estuvo marcada por el exceso de consumo de sustancias y hechos de violencia, en uno de los cuales estuvo involucrado el delegado del Movimiento al Socialismo (MAS), Marco Antonio Garz\u00f3n, quien habr\u00eda golpeado a su esposa delante de los internos.<br \/>\nLa fiesta de celebraci\u00f3n por los 38 a\u00f1os de la secci\u00f3n ocurri\u00f3 el pasado s\u00e1bado 27 de abril a las 20:00 y termin\u00f3 luego de las 01:00 del domingo. Estuvo animada por dos grupos de cumbia (uno femenino, otro masculino) y uno de morenada. El consumo de bebidas alcoh\u00f3licas, drogas y al menos 25 ri\u00f1as y peleas ti\u00f1eron el festejo carcelario.<br \/>\nLos reclusos testificaron que todas las sustancias ingresadas a la fiesta de la secci\u00f3n Palmar estuvieron autorizadas por su director, Sergio Sillerico, quien es se\u00f1alado de autorizar fiestas en el penal con el pretexto de fomentar la \u201cbuena convivencia\u201d. De acuerdo con un reporte de ANF, Sillerico habr\u00eda realizado incluso una fiesta con grupos y bebidas cuando inici\u00f3 su gesti\u00f3n en 2023, tras ser destinado desde Chonchocoro.<br \/>\nNo obstante y como es de esperar, los excesos provocaron peleas en el transcurso de la noche. Seg\u00fan testimonios de internos, una de ellas fue protagonizada por un sujeto identificado como Ramiro M. Ch., quien ser\u00eda el \u201cprotegido\u201d del director de R\u00e9gimen Penitenciario de La Paz, Daniel Callisaya.<br \/>\nOtro de los hechos relatados involucra a Garz\u00f3n, exfuncionario del Ministerio de Gobierno, seg\u00fan figura en la Declaraci\u00f3n Jurada de la Contralor\u00eda General del Estado. De acuerdo con los internos consultados, Garz\u00f3n habr\u00eda sido chofer del ministro de Gobierno, Eduardo Del Castillo. Asimismo, existir\u00edan fotograf\u00edas donde el sujeto es reconocido por autoridades de la C\u00e1mara de Diputados.<br \/>\nEste delegado del MAS, quien tendr\u00eda una sentencia por violaci\u00f3n y violencia dom\u00e9stica que data de marzo de 2021, fue visto en la fiesta alcoholizado y agrediendo a su esposa, propin\u00e1ndole golpes en el rostro, cuando ella supuestamente se hab\u00eda acercado al grupo de cumbia masculino, tambi\u00e9n en estado de ebriedad. La mujer fue vista al d\u00eda siguiente con la cara \u201cmoreteada\u201d, agregaron los reclusos.<\/p>\n<p>&nbsp;<\/p>\n","protected":false},"excerpt":{"rendered":"<p>Una fiesta con grupos musicales al interior de la secci\u00f3n Palmar, en el recinto penitenciario de San Pedro, estuvo marcada por el exceso de consumo de sustancias y hechos de violencia, en uno de los cuales estuvo involucrado el delegado del Movimiento al Socialismo (MAS), Marco Antonio Garz\u00f3n, quien habr\u00eda golpeado a su esposa delante [&hellip;]<\/p>\n","protected":false},"author":1,"featured_media":218555,"comment_status":"open","ping_status":"open","sticky":false,"template":"","format":"standard","meta":{"_acf_changed":false,"footnotes":""},"categories":[39],"tags":[],"class_list":["post-218554","post","type-post","status-publish","format-standard","has-post-thumbnail","category-sociedad"],"acf":{"antetitulo":"Aniversario de secci\u00f3n Palmar"},"yoast_head":"<!-- This site is optimized with the Yoast SEO plugin v28.3 - https:\/\/yoast.com\/product\/yoast-seo-wordpress\/ -->\n<title>Fiesta, excesos y peleas en penal de San Pedro - El Diario - Bolivia<\/title>\n<meta name=\"robots\" content=\"index, follow, max-snippet:-1, max-image-preview:large, max-video-preview:-1\" \/>\n<link rel=\"canonical\" href=\"https:\/\/www.eldiario.net\/portal\/2024\/05\/05\/fiesta-excesos-y-peleas-en-penal-de-san-pedro\/\" \/>\n<meta property=\"og:locale\" content=\"es_ES\" \/>\n<meta property=\"og:type\" content=\"article\" \/>\n<meta property=\"og:title\" content=\"Fiesta, excesos y peleas en penal de San Pedro - El Diario - Bolivia\" \/>\n<meta property=\"og:description\" content=\"Una fiesta con grupos musicales al interior de la secci\u00f3n Palmar, en el recinto penitenciario de San Pedro, estuvo marcada por el exceso de consumo de sustancias y hechos de violencia, en uno de los cuales estuvo involucrado el delegado del Movimiento al Socialismo (MAS), Marco Antonio Garz\u00f3n, quien habr\u00eda golpeado a su esposa delante [&hellip;]\" \/>\n<meta property=\"og:url\" content=\"https:\/\/www.eldiario.net\/portal\/2024\/05\/05\/fiesta-excesos-y-peleas-en-penal-de-san-pedro\/\" \/>\n<meta property=\"og:site_name\" content=\"El Diario - Bolivia\" \/>\n<meta property=\"article:publisher\" content=\"https:\/\/www.facebook.com\/eldiario.bolivia\/\" \/>\n<meta property=\"article:published_time\" content=\"2024-05-05T10:46:57+00:00\" \/>\n<meta property=\"og:image\" content=\"https:\/\/www.eldiario.net\/portal\/wp-content\/uploads\/2024\/05\/5-FIESTA.jpeg\" \/>\n\t<meta property=\"og:image:width\" content=\"1161\" \/>\n\t<meta property=\"og:image:height\" content=\"612\" \/>\n\t<meta property=\"og:image:type\" content=\"image\/jpeg\" \/>\n<meta name=\"author\" content=\"Jeanette\" \/>\n<meta name=\"twitter:card\" content=\"summary_large_image\" \/>\n<meta name=\"twitter:creator\" content=\"@eldiario_net\" \/>\n<meta name=\"twitter:site\" content=\"@eldiario_net\" \/>\n<meta name=\"twitter:label1\" content=\"Escrito por\" \/>\n\t<meta name=\"twitter:data1\" content=\"Jeanette\" \/>\n\t<meta name=\"twitter:label2\" content=\"Tiempo de lectura\" \/>\n\t<meta name=\"twitter:data2\" content=\"2 minutos\" \/>\n<script type=\"application\/ld+json\" class=\"yoast-schema-graph\">{\"@context\":\"https:\\\/\\\/schema.org\",\"@graph\":[{\"@type\":\"Article\",\"@id\":\"https:\\\/\\\/www.eldiario.net\\\/portal\\\/2024\\\/05\\\/05\\\/fiesta-excesos-y-peleas-en-penal-de-san-pedro\\\/#article\",\"isPartOf\":{\"@id\":\"https:\\\/\\\/www.eldiario.net\\\/portal\\\/2024\\\/05\\\/05\\\/fiesta-excesos-y-peleas-en-penal-de-san-pedro\\\/\"},\"author\":{\"name\":\"Jeanette\",\"@id\":\"https:\\\/\\\/www.eldiario.net\\\/portal\\\/#\\\/schema\\\/person\\\/f46445640444750d7d753ccd04ae01b7\"},\"headline\":\"Fiesta, excesos y peleas en penal de San Pedro\",\"datePublished\":\"2024-05-05T10:46:57+00:00\",\"mainEntityOfPage\":{\"@id\":\"https:\\\/\\\/www.eldiario.net\\\/portal\\\/2024\\\/05\\\/05\\\/fiesta-excesos-y-peleas-en-penal-de-san-pedro\\\/\"},\"wordCount\":392,\"commentCount\":0,\"publisher\":{\"@id\":\"https:\\\/\\\/www.eldiario.net\\\/portal\\\/#organization\"},\"image\":{\"@id\":\"https:\\\/\\\/www.eldiario.net\\\/portal\\\/2024\\\/05\\\/05\\\/fiesta-excesos-y-peleas-en-penal-de-san-pedro\\\/#primaryimage\"},\"thumbnailUrl\":\"https:\\\/\\\/www.eldiario.net\\\/portal\\\/wp-content\\\/uploads\\\/2024\\\/05\\\/5-FIESTA.jpeg\",\"articleSection\":[\"Sociedad - Seguridad\"],\"inLanguage\":\"es\",\"potentialAction\":[{\"@type\":\"CommentAction\",\"name\":\"Comment\",\"target\":[\"https:\\\/\\\/www.eldiario.net\\\/portal\\\/2024\\\/05\\\/05\\\/fiesta-excesos-y-peleas-en-penal-de-san-pedro\\\/#respond\"]}]},{\"@type\":\"WebPage\",\"@id\":\"https:\\\/\\\/www.eldiario.net\\\/portal\\\/2024\\\/05\\\/05\\\/fiesta-excesos-y-peleas-en-penal-de-san-pedro\\\/\",\"url\":\"https:\\\/\\\/www.eldiario.net\\\/portal\\\/2024\\\/05\\\/05\\\/fiesta-excesos-y-peleas-en-penal-de-san-pedro\\\/\",\"name\":\"Fiesta, excesos y peleas en penal de San Pedro - El Diario - Bolivia\",\"isPartOf\":{\"@id\":\"https:\\\/\\\/www.eldiario.net\\\/portal\\\/#website\"},\"primaryImageOfPage\":{\"@id\":\"https:\\\/\\\/www.eldiario.net\\\/portal\\\/2024\\\/05\\\/05\\\/fiesta-excesos-y-peleas-en-penal-de-san-pedro\\\/#primaryimage\"},\"image\":{\"@id\":\"https:\\\/\\\/www.eldiario.net\\\/portal\\\/2024\\\/05\\\/05\\\/fiesta-excesos-y-peleas-en-penal-de-san-pedro\\\/#primaryimage\"},\"thumbnailUrl\":\"https:\\\/\\\/www.eldiario.net\\\/portal\\\/wp-content\\\/uploads\\\/2024\\\/05\\\/5-FIESTA.jpeg\",\"datePublished\":\"2024-05-05T10:46:57+00:00\",\"breadcrumb\":{\"@id\":\"https:\\\/\\\/www.eldiario.net\\\/portal\\\/2024\\\/05\\\/05\\\/fiesta-excesos-y-peleas-en-penal-de-san-pedro\\\/#breadcrumb\"},\"inLanguage\":\"es\",\"potentialAction\":[{\"@type\":\"ReadAction\",\"target\":[\"https:\\\/\\\/www.eldiario.net\\\/portal\\\/2024\\\/05\\\/05\\\/fiesta-excesos-y-peleas-en-penal-de-san-pedro\\\/\"]}]},{\"@type\":\"ImageObject\",\"inLanguage\":\"es\",\"@id\":\"https:\\\/\\\/www.eldiario.net\\\/portal\\\/2024\\\/05\\\/05\\\/fiesta-excesos-y-peleas-en-penal-de-san-pedro\\\/#primaryimage\",\"url\":\"https:\\\/\\\/www.eldiario.net\\\/portal\\\/wp-content\\\/uploads\\\/2024\\\/05\\\/5-FIESTA.jpeg\",\"contentUrl\":\"https:\\\/\\\/www.eldiario.net\\\/portal\\\/wp-content\\\/uploads\\\/2024\\\/05\\\/5-FIESTA.jpeg\",\"width\":1161,\"height\":612,\"caption\":\"Fiesta en la secci\u00f3n Palmar del penal de San Pedro.\"},{\"@type\":\"BreadcrumbList\",\"@id\":\"https:\\\/\\\/www.eldiario.net\\\/portal\\\/2024\\\/05\\\/05\\\/fiesta-excesos-y-peleas-en-penal-de-san-pedro\\\/#breadcrumb\",\"itemListElement\":[{\"@type\":\"ListItem\",\"position\":1,\"name\":\"Portada\",\"item\":\"https:\\\/\\\/www.eldiario.net\\\/portal\\\/\"},{\"@type\":\"ListItem\",\"position\":2,\"name\":\"Fiesta, excesos y peleas en penal de San Pedro\"}]},{\"@type\":\"WebSite\",\"@id\":\"https:\\\/\\\/www.eldiario.net\\\/portal\\\/#website\",\"url\":\"https:\\\/\\\/www.eldiario.net\\\/portal\\\/\",\"name\":\"El Diario - Decano de la prensa nacional\",\"description\":\"El Diario - Decano de la prensa nacional\",\"publisher\":{\"@id\":\"https:\\\/\\\/www.eldiario.net\\\/portal\\\/#organization\"},\"potentialAction\":[{\"@type\":\"SearchAction\",\"target\":{\"@type\":\"EntryPoint\",\"urlTemplate\":\"https:\\\/\\\/www.eldiario.net\\\/portal\\\/?s={search_term_string}\"},\"query-input\":{\"@type\":\"PropertyValueSpecification\",\"valueRequired\":true,\"valueName\":\"search_term_string\"}}],\"inLanguage\":\"es\"},{\"@type\":\"Organization\",\"@id\":\"https:\\\/\\\/www.eldiario.net\\\/portal\\\/#organization\",\"name\":\"El Diario - Decano de la prensa nacional\",\"url\":\"https:\\\/\\\/www.eldiario.net\\\/portal\\\/\",\"logo\":{\"@type\":\"ImageObject\",\"inLanguage\":\"es\",\"@id\":\"https:\\\/\\\/www.eldiario.net\\\/portal\\\/#\\\/schema\\\/logo\\\/image\\\/\",\"url\":\"https:\\\/\\\/www.eldiario.net\\\/portal\\\/wp-content\\\/uploads\\\/2023\\\/07\\\/logo_ED.jpg\",\"contentUrl\":\"https:\\\/\\\/www.eldiario.net\\\/portal\\\/wp-content\\\/uploads\\\/2023\\\/07\\\/logo_ED.jpg\",\"width\":272,\"height\":52,\"caption\":\"El Diario - Decano de la prensa nacional\"},\"image\":{\"@id\":\"https:\\\/\\\/www.eldiario.net\\\/portal\\\/#\\\/schema\\\/logo\\\/image\\\/\"},\"sameAs\":[\"https:\\\/\\\/www.facebook.com\\\/eldiario.bolivia\\\/\",\"https:\\\/\\\/x.com\\\/eldiario_net\"]},{\"@type\":\"Person\",\"@id\":\"https:\\\/\\\/www.eldiario.net\\\/portal\\\/#\\\/schema\\\/person\\\/f46445640444750d7d753ccd04ae01b7\",\"name\":\"Jeanette\",\"image\":{\"@type\":\"ImageObject\",\"inLanguage\":\"es\",\"@id\":\"https:\\\/\\\/secure.gravatar.com\\\/avatar\\\/3ea2118a5f7dad2b7138b1187a6b7ee55f160b9968b66013c3a3ef39dd7e5798?s=96&d=mm&r=g\",\"url\":\"https:\\\/\\\/secure.gravatar.com\\\/avatar\\\/3ea2118a5f7dad2b7138b1187a6b7ee55f160b9968b66013c3a3ef39dd7e5798?s=96&d=mm&r=g\",\"contentUrl\":\"https:\\\/\\\/secure.gravatar.com\\\/avatar\\\/3ea2118a5f7dad2b7138b1187a6b7ee55f160b9968b66013c3a3ef39dd7e5798?s=96&d=mm&r=g\",\"caption\":\"Jeanette\"},\"sameAs\":[\"https:\\\/\\\/www.eldiario.net\\\/portal\"],\"url\":\"https:\\\/\\\/www.eldiario.net\\\/portal\\\/author\\\/jeanette\\\/\"}]}<\/script>\n<!-- \/ Yoast SEO plugin. -->","yoast_head_json":{"title":"Fiesta, excesos y peleas en penal de San Pedro - El Diario - Bolivia","robots":{"index":"index","follow":"follow","max-snippet":"max-snippet:-1","max-image-preview":"max-image-preview:large","max-video-preview":"max-video-preview:-1"},"canonical":"https:\/\/www.eldiario.net\/portal\/2024\/05\/05\/fiesta-excesos-y-peleas-en-penal-de-san-pedro\/","og_locale":"es_ES","og_type":"article","og_title":"Fiesta, excesos y peleas en penal de San Pedro - El Diario - Bolivia","og_description":"Una fiesta con grupos musicales al interior de la secci\u00f3n Palmar, en el recinto penitenciario de San Pedro, estuvo marcada por el exceso de consumo de sustancias y hechos de violencia, en uno de los cuales estuvo involucrado el delegado del Movimiento al Socialismo (MAS), Marco Antonio Garz\u00f3n, quien habr\u00eda golpeado a su esposa delante [&hellip;]","og_url":"https:\/\/www.eldiario.net\/portal\/2024\/05\/05\/fiesta-excesos-y-peleas-en-penal-de-san-pedro\/","og_site_name":"El Diario - Bolivia","article_publisher":"https:\/\/www.facebook.com\/eldiario.bolivia\/","article_published_time":"2024-05-05T10:46:57+00:00","og_image":[{"width":1161,"height":612,"url":"https:\/\/www.eldiario.net\/portal\/wp-content\/uploads\/2024\/05\/5-FIESTA.jpeg","type":"image\/jpeg"}],"author":"Jeanette","twitter_card":"summary_large_image","twitter_creator":"@eldiario_net","twitter_site":"@eldiario_net","twitter_misc":{"Escrito por":"Jeanette","Tiempo de lectura":"2 minutos"},"schema":{"@context":"https:\/\/schema.org","@graph":[{"@type":"Article","@id":"https:\/\/www.eldiario.net\/portal\/2024\/05\/05\/fiesta-excesos-y-peleas-en-penal-de-san-pedro\/#article","isPartOf":{"@id":"https:\/\/www.eldiario.net\/portal\/2024\/05\/05\/fiesta-excesos-y-peleas-en-penal-de-san-pedro\/"},"author":{"name":"Jeanette","@id":"https:\/\/www.eldiario.net\/portal\/#\/schema\/person\/f46445640444750d7d753ccd04ae01b7"},"headline":"Fiesta, excesos y peleas en penal de San Pedro","datePublished":"2024-05-05T10:46:57+00:00","mainEntityOfPage":{"@id":"https:\/\/www.eldiario.net\/portal\/2024\/05\/05\/fiesta-excesos-y-peleas-en-penal-de-san-pedro\/"},"wordCount":392,"commentCount":0,"publisher":{"@id":"https:\/\/www.eldiario.net\/portal\/#organization"},"image":{"@id":"https:\/\/www.eldiario.net\/portal\/2024\/05\/05\/fiesta-excesos-y-peleas-en-penal-de-san-pedro\/#primaryimage"},"thumbnailUrl":"https:\/\/www.eldiario.net\/portal\/wp-content\/uploads\/2024\/05\/5-FIESTA.jpeg","articleSection":["Sociedad - Seguridad"],"inLanguage":"es","potentialAction":[{"@type":"CommentAction","name":"Comment","target":["https:\/\/www.eldiario.net\/portal\/2024\/05\/05\/fiesta-excesos-y-peleas-en-penal-de-san-pedro\/#respond"]}]},{"@type":"WebPage","@id":"https:\/\/www.eldiario.net\/portal\/2024\/05\/05\/fiesta-excesos-y-peleas-en-penal-de-san-pedro\/","url":"https:\/\/www.eldiario.net\/portal\/2024\/05\/05\/fiesta-excesos-y-peleas-en-penal-de-san-pedro\/","name":"Fiesta, excesos y peleas en penal de San Pedro - El Diario - Bolivia","isPartOf":{"@id":"https:\/\/www.eldiario.net\/portal\/#website"},"primaryImageOfPage":{"@id":"https:\/\/www.eldiario.net\/portal\/2024\/05\/05\/fiesta-excesos-y-peleas-en-penal-de-san-pedro\/#primaryimage"},"image":{"@id":"https:\/\/www.eldiario.net\/portal\/2024\/05\/05\/fiesta-excesos-y-peleas-en-penal-de-san-pedro\/#primaryimage"},"thumbnailUrl":"https:\/\/www.eldiario.net\/portal\/wp-content\/uploads\/2024\/05\/5-FIESTA.jpeg","datePublished":"2024-05-05T10:46:57+00:00","breadcrumb":{"@id":"https:\/\/www.eldiario.net\/portal\/2024\/05\/05\/fiesta-excesos-y-peleas-en-penal-de-san-pedro\/#breadcrumb"},"inLanguage":"es","potentialAction":[{"@type":"ReadAction","target":["https:\/\/www.eldiario.net\/portal\/2024\/05\/05\/fiesta-excesos-y-peleas-en-penal-de-san-pedro\/"]}]},{"@type":"ImageObject","inLanguage":"es","@id":"https:\/\/www.eldiario.net\/portal\/2024\/05\/05\/fiesta-excesos-y-peleas-en-penal-de-san-pedro\/#primaryimage","url":"https:\/\/www.eldiario.net\/portal\/wp-content\/uploads\/2024\/05\/5-FIESTA.jpeg","contentUrl":"https:\/\/www.eldiario.net\/portal\/wp-content\/uploads\/2024\/05\/5-FIESTA.jpeg","width":1161,"height":612,"caption":"Fiesta en la secci\u00f3n Palmar del penal de San Pedro."},{"@type":"BreadcrumbList","@id":"https:\/\/www.eldiario.net\/portal\/2024\/05\/05\/fiesta-excesos-y-peleas-en-penal-de-san-pedro\/#breadcrumb","itemListElement":[{"@type":"ListItem","position":1,"name":"Portada","item":"https:\/\/www.eldiario.net\/portal\/"},{"@type":"ListItem","position":2,"name":"Fiesta, excesos y peleas en penal de San Pedro"}]},{"@type":"WebSite","@id":"https:\/\/www.eldiario.net\/portal\/#website","url":"https:\/\/www.eldiario.net\/portal\/","name":"El Diario - Decano de la prensa nacional","description":"El Diario - Decano de la prensa nacional","publisher":{"@id":"https:\/\/www.eldiario.net\/portal\/#organization"},"potentialAction":[{"@type":"SearchAction","target":{"@type":"EntryPoint","urlTemplate":"https:\/\/www.eldiario.net\/portal\/?s={search_term_string}"},"query-input":{"@type":"PropertyValueSpecification","valueRequired":true,"valueName":"search_term_string"}}],"inLanguage":"es"},{"@type":"Organization","@id":"https:\/\/www.eldiario.net\/portal\/#organization","name":"El Diario - Decano de la prensa nacional","url":"https:\/\/www.eldiario.net\/portal\/","logo":{"@type":"ImageObject","inLanguage":"es","@id":"https:\/\/www.eldiario.net\/portal\/#\/schema\/logo\/image\/","url":"https:\/\/www.eldiario.net\/portal\/wp-content\/uploads\/2023\/07\/logo_ED.jpg","contentUrl":"https:\/\/www.eldiario.net\/portal\/wp-content\/uploads\/2023\/07\/logo_ED.jpg","width":272,"height":52,"caption":"El Diario - Decano de la prensa nacional"},"image":{"@id":"https:\/\/www.eldiario.net\/portal\/#\/schema\/logo\/image\/"},"sameAs":["https:\/\/www.facebook.com\/eldiario.bolivia\/","https:\/\/x.com\/eldiario_net"]},{"@type":"Person","@id":"https:\/\/www.eldiario.net\/portal\/#\/schema\/person\/f46445640444750d7d753ccd04ae01b7","name":"Jeanette","image":{"@type":"ImageObject","inLanguage":"es","@id":"https:\/\/secure.gravatar.com\/avatar\/3ea2118a5f7dad2b7138b1187a6b7ee55f160b9968b66013c3a3ef39dd7e5798?s=96&d=mm&r=g","url":"https:\/\/secure.gravatar.com\/avatar\/3ea2118a5f7dad2b7138b1187a6b7ee55f160b9968b66013c3a3ef39dd7e5798?s=96&d=mm&r=g","contentUrl":"https:\/\/secure.gravatar.com\/avatar\/3ea2118a5f7dad2b7138b1187a6b7ee55f160b9968b66013c3a3ef39dd7e5798?s=96&d=mm&r=g","caption":"Jeanette"},"sameAs":["https:\/\/www.eldiario.net\/portal"],"url":"https:\/\/www.eldiario.net\/portal\/author\/jeanette\/"}]}},"_links":{"self":[{"href":"https:\/\/www.eldiario.net\/portal\/wp-json\/wp\/v2\/posts\/218554","targetHints":{"allow":["GET"]}}],"collection":[{"href":"https:\/\/www.eldiario.net\/portal\/wp-json\/wp\/v2\/posts"}],"about":[{"href":"https:\/\/www.eldiario.net\/portal\/wp-json\/wp\/v2\/types\/post"}],"author":[{"embeddable":true,"href":"https:\/\/www.eldiario.net\/portal\/wp-json\/wp\/v2\/users\/1"}],"replies":[{"embeddable":true,"href":"https:\/\/www.eldiario.net\/portal\/wp-json\/wp\/v2\/comments?post=218554"}],"version-history":[{"count":1,"href":"https:\/\/www.eldiario.net\/portal\/wp-json\/wp\/v2\/posts\/218554\/revisions"}],"predecessor-version":[{"id":218556,"href":"https:\/\/www.eldiario.net\/portal\/wp-json\/wp\/v2\/posts\/218554\/revisions\/218556"}],"wp:featuredmedia":[{"embeddable":true,"href":"https:\/\/www.eldiario.net\/portal\/wp-json\/wp\/v2\/media\/218555"}],"wp:attachment":[{"href":"https:\/\/www.eldiario.net\/portal\/wp-json\/wp\/v2\/media?parent=218554"}],"wp:term":[{"taxonomy":"category","embeddable":true,"href":"https:\/\/www.eldiario.net\/portal\/wp-json\/wp\/v2\/categories?post=218554"},{"taxonomy":"post_tag","embeddable":true,"href":"https:\/\/www.eldiario.net\/portal\/wp-json\/wp\/v2\/tags?post=218554"}],"curies":[{"name":"wp","href":"https:\/\/api.w.org\/{rel}","templated":true}]}}