{"id":21855,"date":"2021-08-07T02:20:28","date_gmt":"2021-08-07T06:20:28","guid":{"rendered":"https:\/\/www.eldiario.net\/portal\/?p=21855"},"modified":"2021-08-07T02:20:28","modified_gmt":"2021-08-07T06:20:28","slug":"operativo-policial-detecta-traslado-de-67-haitianos-indocumentados","status":"publish","type":"post","link":"https:\/\/www.eldiario.net\/portal\/2021\/08\/07\/operativo-policial-detecta-traslado-de-67-haitianos-indocumentados\/","title":{"rendered":"Operativo policial detecta traslado  de 67 haitianos indocumentados"},"content":{"rendered":"<p>En dos operativos realizados por la Fuerza Especial de Lucha Contra el Crimen (Felcc), en diferentes zonas de El Alto, se logr\u00f3 detectar la presencia de 67 ciudadanos haitianos que eran trasladados de forma ilegal hacia la frontera con Per\u00fa. Existen tres aprehendidos, acusados de posible trata de personas.<br \/>\nEl informe del director de la Felcc, coronel Limbert Coca, se\u00f1ala que un primer operativo tuvo lugar en el distrito 4, altura Tranca de la poblaci\u00f3n de Laja, donde luego del intento de evadir un control policial, fueron interceptados, donde se logr\u00f3 verificar dentro del minib\u00fas que les transportaba a 10 varones y 8 mujeres, adem\u00e1s de 8 menores de edad de la misma nacionalidad.<br \/>\nEn este caso, el conductor del minib\u00fas fue aprehendido, a pesar de que no se conoce todav\u00eda el grado de complicidad en este traslado ilegal, seg\u00fan la autoridad policial.<br \/>\nEste primer operativo dio lugar a otro que tuvo como escenario la zona de Senkata, del distrito 8 de la urbe alte\u00f1a, donde fue interceptado otro minib\u00fas que transportaba a 18 varones y 15 mujeres, acompa\u00f1ados de 8 menores todos de nacionalidad haitiana.<br \/>\nDe la misma forma, el conductor del veh\u00edculo fue aprehendido y otra persona m\u00e1s que, seg\u00fan las primeras investigaciones policiales, ser\u00eda el captador del grupo de haitianos, quien adem\u00e1s ten\u00eda en su poder 30 mil bolivianos y pesos chilenos que no fueron cuantificados. Seg\u00fan la Polic\u00eda, ser\u00eda dinero producto del trabajo realizado en el traslado de los extranjeros.<br \/>\nEn ambos casos, el coronel Limbert Coca dijo que ambos grupos habr\u00edan utilizado la ruta de ingreso hacia Bolivia, por el lado chileno, los cuales ten\u00edan como destino el Per\u00fa, por lo que deb\u00edan pasar por el lado boliviano de la poblaci\u00f3n de Desaguadero.<br \/>\n\u201cEste tipo de actividades il\u00edcitas se ha podido detectar hace mucho tiempo en nuestro pa\u00eds, siendo que nosotros estamos al tanto de todos estos hechos ilegales que efect\u00faan algunas personas en complicidad con empresas ilegales que se hacen pasar como empresas tur\u00edsticas, actitud que tambi\u00e9n est\u00e1 siendo investigada\u201d, explic\u00f3 el jefe policial.<br \/>\nLas 67 personas de nacionalidad haitiana fueron trasladadas a un centro de acogida de La Paz, donde pasar\u00e1n por diferentes etapas de control, primero de salud y luego tendr\u00e1n que brindar sus declaraciones informativas, con la finalidad de que se conozca sobre el responsable de estos traslados ilegales, aunque los haitianos podr\u00edan ser v\u00edctimas.<\/p>\n<p>QUINTO CASO<br \/>\nDe acuerdo con la Felcc de la ciudad de El Alto se cuenta con el quinto caso tambi\u00e9n de orden ilegal. Los ciudadanos haitianos intentaban trasladarse hacia Per\u00fa, de forma clandestina, utilizando la poblaci\u00f3n de Desaguadero o en otro caso por el lado de Copacabana.<\/p>\n","protected":false},"excerpt":{"rendered":"<p>En dos operativos realizados por la Fuerza Especial de Lucha Contra el Crimen (Felcc), en diferentes zonas de El Alto, se logr\u00f3 detectar la presencia de 67 ciudadanos haitianos que eran trasladados de forma ilegal hacia la frontera con Per\u00fa. Existen tres aprehendidos, acusados de posible trata de personas. El informe del director de la [&hellip;]<\/p>\n","protected":false},"author":1,"featured_media":0,"comment_status":"closed","ping_status":"closed","sticky":false,"template":"","format":"standard","meta":{"_acf_changed":false,"footnotes":""},"categories":[12],"tags":[],"class_list":["post-21855","post","type-post","status-publish","format-standard","category-nacional"],"acf":{"antetitulo":""},"yoast_head":"<!-- This site is optimized with the Yoast SEO plugin v28.4 - https:\/\/yoast.com\/product\/yoast-seo-wordpress\/ -->\n<title>Operativo policial detecta traslado de 67 haitianos indocumentados - El Diario - Bolivia<\/title>\n<meta name=\"robots\" content=\"index, follow, max-snippet:-1, max-image-preview:large, max-video-preview:-1\" \/>\n<link rel=\"canonical\" href=\"https:\/\/www.eldiario.net\/portal\/2021\/08\/07\/operativo-policial-detecta-traslado-de-67-haitianos-indocumentados\/\" \/>\n<meta property=\"og:locale\" content=\"es_ES\" \/>\n<meta property=\"og:type\" content=\"article\" \/>\n<meta property=\"og:title\" content=\"Operativo policial detecta traslado de 67 haitianos indocumentados - El Diario - Bolivia\" \/>\n<meta property=\"og:description\" content=\"En dos operativos realizados por la Fuerza Especial de Lucha Contra el Crimen (Felcc), en diferentes zonas de El Alto, se logr\u00f3 detectar la presencia de 67 ciudadanos haitianos que eran trasladados de forma ilegal hacia la frontera con Per\u00fa. Existen tres aprehendidos, acusados de posible trata de personas. El informe del director de la [&hellip;]\" \/>\n<meta property=\"og:url\" content=\"https:\/\/www.eldiario.net\/portal\/2021\/08\/07\/operativo-policial-detecta-traslado-de-67-haitianos-indocumentados\/\" \/>\n<meta property=\"og:site_name\" content=\"El Diario - Bolivia\" \/>\n<meta property=\"article:publisher\" content=\"https:\/\/www.facebook.com\/eldiario.bolivia\/\" \/>\n<meta property=\"article:published_time\" content=\"2021-08-07T06:20:28+00:00\" \/>\n<meta name=\"author\" content=\"Jeanette\" \/>\n<meta name=\"twitter:card\" content=\"summary_large_image\" \/>\n<meta name=\"twitter:creator\" content=\"@eldiario_net\" \/>\n<meta name=\"twitter:site\" content=\"@eldiario_net\" \/>\n<meta name=\"twitter:label1\" content=\"Escrito por\" \/>\n\t<meta name=\"twitter:data1\" content=\"Jeanette\" \/>\n\t<meta name=\"twitter:label2\" content=\"Tiempo de lectura\" \/>\n\t<meta name=\"twitter:data2\" content=\"2 minutos\" \/>\n<script type=\"application\/ld+json\" class=\"yoast-schema-graph\">{\"@context\":\"https:\\\/\\\/schema.org\",\"@graph\":[{\"@type\":\"Article\",\"@id\":\"https:\\\/\\\/www.eldiario.net\\\/portal\\\/2021\\\/08\\\/07\\\/operativo-policial-detecta-traslado-de-67-haitianos-indocumentados\\\/#article\",\"isPartOf\":{\"@id\":\"https:\\\/\\\/www.eldiario.net\\\/portal\\\/2021\\\/08\\\/07\\\/operativo-policial-detecta-traslado-de-67-haitianos-indocumentados\\\/\"},\"author\":{\"name\":\"Jeanette\",\"@id\":\"https:\\\/\\\/www.eldiario.net\\\/portal\\\/#\\\/schema\\\/person\\\/f46445640444750d7d753ccd04ae01b7\"},\"headline\":\"Operativo policial detecta traslado de 67 haitianos indocumentados\",\"datePublished\":\"2021-08-07T06:20:28+00:00\",\"mainEntityOfPage\":{\"@id\":\"https:\\\/\\\/www.eldiario.net\\\/portal\\\/2021\\\/08\\\/07\\\/operativo-policial-detecta-traslado-de-67-haitianos-indocumentados\\\/\"},\"wordCount\":471,\"publisher\":{\"@id\":\"https:\\\/\\\/www.eldiario.net\\\/portal\\\/#organization\"},\"articleSection\":[\"Nacional\"],\"inLanguage\":\"es\"},{\"@type\":\"WebPage\",\"@id\":\"https:\\\/\\\/www.eldiario.net\\\/portal\\\/2021\\\/08\\\/07\\\/operativo-policial-detecta-traslado-de-67-haitianos-indocumentados\\\/\",\"url\":\"https:\\\/\\\/www.eldiario.net\\\/portal\\\/2021\\\/08\\\/07\\\/operativo-policial-detecta-traslado-de-67-haitianos-indocumentados\\\/\",\"name\":\"Operativo policial detecta traslado de 67 haitianos indocumentados - El Diario - Bolivia\",\"isPartOf\":{\"@id\":\"https:\\\/\\\/www.eldiario.net\\\/portal\\\/#website\"},\"datePublished\":\"2021-08-07T06:20:28+00:00\",\"breadcrumb\":{\"@id\":\"https:\\\/\\\/www.eldiario.net\\\/portal\\\/2021\\\/08\\\/07\\\/operativo-policial-detecta-traslado-de-67-haitianos-indocumentados\\\/#breadcrumb\"},\"inLanguage\":\"es\",\"potentialAction\":[{\"@type\":\"ReadAction\",\"target\":[\"https:\\\/\\\/www.eldiario.net\\\/portal\\\/2021\\\/08\\\/07\\\/operativo-policial-detecta-traslado-de-67-haitianos-indocumentados\\\/\"]}]},{\"@type\":\"BreadcrumbList\",\"@id\":\"https:\\\/\\\/www.eldiario.net\\\/portal\\\/2021\\\/08\\\/07\\\/operativo-policial-detecta-traslado-de-67-haitianos-indocumentados\\\/#breadcrumb\",\"itemListElement\":[{\"@type\":\"ListItem\",\"position\":1,\"name\":\"Portada\",\"item\":\"https:\\\/\\\/www.eldiario.net\\\/portal\\\/\"},{\"@type\":\"ListItem\",\"position\":2,\"name\":\"Operativo policial detecta traslado de 67 haitianos indocumentados\"}]},{\"@type\":\"WebSite\",\"@id\":\"https:\\\/\\\/www.eldiario.net\\\/portal\\\/#website\",\"url\":\"https:\\\/\\\/www.eldiario.net\\\/portal\\\/\",\"name\":\"El Diario - Decano de la prensa nacional\",\"description\":\"El Diario - Decano de la prensa nacional\",\"publisher\":{\"@id\":\"https:\\\/\\\/www.eldiario.net\\\/portal\\\/#organization\"},\"potentialAction\":[{\"@type\":\"SearchAction\",\"target\":{\"@type\":\"EntryPoint\",\"urlTemplate\":\"https:\\\/\\\/www.eldiario.net\\\/portal\\\/?s={search_term_string}\"},\"query-input\":{\"@type\":\"PropertyValueSpecification\",\"valueRequired\":true,\"valueName\":\"search_term_string\"}}],\"inLanguage\":\"es\"},{\"@type\":\"Organization\",\"@id\":\"https:\\\/\\\/www.eldiario.net\\\/portal\\\/#organization\",\"name\":\"El Diario - Decano de la prensa nacional\",\"url\":\"https:\\\/\\\/www.eldiario.net\\\/portal\\\/\",\"logo\":{\"@type\":\"ImageObject\",\"inLanguage\":\"es\",\"@id\":\"https:\\\/\\\/www.eldiario.net\\\/portal\\\/#\\\/schema\\\/logo\\\/image\\\/\",\"url\":\"https:\\\/\\\/www.eldiario.net\\\/portal\\\/wp-content\\\/uploads\\\/2023\\\/07\\\/logo_ED.jpg\",\"contentUrl\":\"https:\\\/\\\/www.eldiario.net\\\/portal\\\/wp-content\\\/uploads\\\/2023\\\/07\\\/logo_ED.jpg\",\"width\":272,\"height\":52,\"caption\":\"El Diario - Decano de la prensa nacional\"},\"image\":{\"@id\":\"https:\\\/\\\/www.eldiario.net\\\/portal\\\/#\\\/schema\\\/logo\\\/image\\\/\"},\"sameAs\":[\"https:\\\/\\\/www.facebook.com\\\/eldiario.bolivia\\\/\",\"https:\\\/\\\/x.com\\\/eldiario_net\"]},{\"@type\":\"Person\",\"@id\":\"https:\\\/\\\/www.eldiario.net\\\/portal\\\/#\\\/schema\\\/person\\\/f46445640444750d7d753ccd04ae01b7\",\"name\":\"Jeanette\",\"image\":{\"@type\":\"ImageObject\",\"inLanguage\":\"es\",\"@id\":\"https:\\\/\\\/secure.gravatar.com\\\/avatar\\\/3ea2118a5f7dad2b7138b1187a6b7ee55f160b9968b66013c3a3ef39dd7e5798?s=96&d=mm&r=g\",\"url\":\"https:\\\/\\\/secure.gravatar.com\\\/avatar\\\/3ea2118a5f7dad2b7138b1187a6b7ee55f160b9968b66013c3a3ef39dd7e5798?s=96&d=mm&r=g\",\"contentUrl\":\"https:\\\/\\\/secure.gravatar.com\\\/avatar\\\/3ea2118a5f7dad2b7138b1187a6b7ee55f160b9968b66013c3a3ef39dd7e5798?s=96&d=mm&r=g\",\"caption\":\"Jeanette\"},\"sameAs\":[\"https:\\\/\\\/www.eldiario.net\\\/portal\"],\"url\":\"https:\\\/\\\/www.eldiario.net\\\/portal\\\/author\\\/jeanette\\\/\"}]}<\/script>\n<!-- \/ Yoast SEO plugin. -->","yoast_head_json":{"title":"Operativo policial detecta traslado de 67 haitianos indocumentados - El Diario - Bolivia","robots":{"index":"index","follow":"follow","max-snippet":"max-snippet:-1","max-image-preview":"max-image-preview:large","max-video-preview":"max-video-preview:-1"},"canonical":"https:\/\/www.eldiario.net\/portal\/2021\/08\/07\/operativo-policial-detecta-traslado-de-67-haitianos-indocumentados\/","og_locale":"es_ES","og_type":"article","og_title":"Operativo policial detecta traslado de 67 haitianos indocumentados - El Diario - Bolivia","og_description":"En dos operativos realizados por la Fuerza Especial de Lucha Contra el Crimen (Felcc), en diferentes zonas de El Alto, se logr\u00f3 detectar la presencia de 67 ciudadanos haitianos que eran trasladados de forma ilegal hacia la frontera con Per\u00fa. Existen tres aprehendidos, acusados de posible trata de personas. El informe del director de la [&hellip;]","og_url":"https:\/\/www.eldiario.net\/portal\/2021\/08\/07\/operativo-policial-detecta-traslado-de-67-haitianos-indocumentados\/","og_site_name":"El Diario - Bolivia","article_publisher":"https:\/\/www.facebook.com\/eldiario.bolivia\/","article_published_time":"2021-08-07T06:20:28+00:00","author":"Jeanette","twitter_card":"summary_large_image","twitter_creator":"@eldiario_net","twitter_site":"@eldiario_net","twitter_misc":{"Escrito por":"Jeanette","Tiempo de lectura":"2 minutos"},"schema":{"@context":"https:\/\/schema.org","@graph":[{"@type":"Article","@id":"https:\/\/www.eldiario.net\/portal\/2021\/08\/07\/operativo-policial-detecta-traslado-de-67-haitianos-indocumentados\/#article","isPartOf":{"@id":"https:\/\/www.eldiario.net\/portal\/2021\/08\/07\/operativo-policial-detecta-traslado-de-67-haitianos-indocumentados\/"},"author":{"name":"Jeanette","@id":"https:\/\/www.eldiario.net\/portal\/#\/schema\/person\/f46445640444750d7d753ccd04ae01b7"},"headline":"Operativo policial detecta traslado de 67 haitianos indocumentados","datePublished":"2021-08-07T06:20:28+00:00","mainEntityOfPage":{"@id":"https:\/\/www.eldiario.net\/portal\/2021\/08\/07\/operativo-policial-detecta-traslado-de-67-haitianos-indocumentados\/"},"wordCount":471,"publisher":{"@id":"https:\/\/www.eldiario.net\/portal\/#organization"},"articleSection":["Nacional"],"inLanguage":"es"},{"@type":"WebPage","@id":"https:\/\/www.eldiario.net\/portal\/2021\/08\/07\/operativo-policial-detecta-traslado-de-67-haitianos-indocumentados\/","url":"https:\/\/www.eldiario.net\/portal\/2021\/08\/07\/operativo-policial-detecta-traslado-de-67-haitianos-indocumentados\/","name":"Operativo policial detecta traslado de 67 haitianos indocumentados - El Diario - Bolivia","isPartOf":{"@id":"https:\/\/www.eldiario.net\/portal\/#website"},"datePublished":"2021-08-07T06:20:28+00:00","breadcrumb":{"@id":"https:\/\/www.eldiario.net\/portal\/2021\/08\/07\/operativo-policial-detecta-traslado-de-67-haitianos-indocumentados\/#breadcrumb"},"inLanguage":"es","potentialAction":[{"@type":"ReadAction","target":["https:\/\/www.eldiario.net\/portal\/2021\/08\/07\/operativo-policial-detecta-traslado-de-67-haitianos-indocumentados\/"]}]},{"@type":"BreadcrumbList","@id":"https:\/\/www.eldiario.net\/portal\/2021\/08\/07\/operativo-policial-detecta-traslado-de-67-haitianos-indocumentados\/#breadcrumb","itemListElement":[{"@type":"ListItem","position":1,"name":"Portada","item":"https:\/\/www.eldiario.net\/portal\/"},{"@type":"ListItem","position":2,"name":"Operativo policial detecta traslado de 67 haitianos indocumentados"}]},{"@type":"WebSite","@id":"https:\/\/www.eldiario.net\/portal\/#website","url":"https:\/\/www.eldiario.net\/portal\/","name":"El Diario - Decano de la prensa nacional","description":"El Diario - Decano de la prensa nacional","publisher":{"@id":"https:\/\/www.eldiario.net\/portal\/#organization"},"potentialAction":[{"@type":"SearchAction","target":{"@type":"EntryPoint","urlTemplate":"https:\/\/www.eldiario.net\/portal\/?s={search_term_string}"},"query-input":{"@type":"PropertyValueSpecification","valueRequired":true,"valueName":"search_term_string"}}],"inLanguage":"es"},{"@type":"Organization","@id":"https:\/\/www.eldiario.net\/portal\/#organization","name":"El Diario - Decano de la prensa nacional","url":"https:\/\/www.eldiario.net\/portal\/","logo":{"@type":"ImageObject","inLanguage":"es","@id":"https:\/\/www.eldiario.net\/portal\/#\/schema\/logo\/image\/","url":"https:\/\/www.eldiario.net\/portal\/wp-content\/uploads\/2023\/07\/logo_ED.jpg","contentUrl":"https:\/\/www.eldiario.net\/portal\/wp-content\/uploads\/2023\/07\/logo_ED.jpg","width":272,"height":52,"caption":"El Diario - Decano de la prensa nacional"},"image":{"@id":"https:\/\/www.eldiario.net\/portal\/#\/schema\/logo\/image\/"},"sameAs":["https:\/\/www.facebook.com\/eldiario.bolivia\/","https:\/\/x.com\/eldiario_net"]},{"@type":"Person","@id":"https:\/\/www.eldiario.net\/portal\/#\/schema\/person\/f46445640444750d7d753ccd04ae01b7","name":"Jeanette","image":{"@type":"ImageObject","inLanguage":"es","@id":"https:\/\/secure.gravatar.com\/avatar\/3ea2118a5f7dad2b7138b1187a6b7ee55f160b9968b66013c3a3ef39dd7e5798?s=96&d=mm&r=g","url":"https:\/\/secure.gravatar.com\/avatar\/3ea2118a5f7dad2b7138b1187a6b7ee55f160b9968b66013c3a3ef39dd7e5798?s=96&d=mm&r=g","contentUrl":"https:\/\/secure.gravatar.com\/avatar\/3ea2118a5f7dad2b7138b1187a6b7ee55f160b9968b66013c3a3ef39dd7e5798?s=96&d=mm&r=g","caption":"Jeanette"},"sameAs":["https:\/\/www.eldiario.net\/portal"],"url":"https:\/\/www.eldiario.net\/portal\/author\/jeanette\/"}]}},"_links":{"self":[{"href":"https:\/\/www.eldiario.net\/portal\/wp-json\/wp\/v2\/posts\/21855","targetHints":{"allow":["GET"]}}],"collection":[{"href":"https:\/\/www.eldiario.net\/portal\/wp-json\/wp\/v2\/posts"}],"about":[{"href":"https:\/\/www.eldiario.net\/portal\/wp-json\/wp\/v2\/types\/post"}],"author":[{"embeddable":true,"href":"https:\/\/www.eldiario.net\/portal\/wp-json\/wp\/v2\/users\/1"}],"replies":[{"embeddable":true,"href":"https:\/\/www.eldiario.net\/portal\/wp-json\/wp\/v2\/comments?post=21855"}],"version-history":[{"count":0,"href":"https:\/\/www.eldiario.net\/portal\/wp-json\/wp\/v2\/posts\/21855\/revisions"}],"wp:attachment":[{"href":"https:\/\/www.eldiario.net\/portal\/wp-json\/wp\/v2\/media?parent=21855"}],"wp:term":[{"taxonomy":"category","embeddable":true,"href":"https:\/\/www.eldiario.net\/portal\/wp-json\/wp\/v2\/categories?post=21855"},{"taxonomy":"post_tag","embeddable":true,"href":"https:\/\/www.eldiario.net\/portal\/wp-json\/wp\/v2\/tags?post=21855"}],"curies":[{"name":"wp","href":"https:\/\/api.w.org\/{rel}","templated":true}]}}