{"id":218532,"date":"2024-05-05T06:36:01","date_gmt":"2024-05-05T10:36:01","guid":{"rendered":"https:\/\/www.eldiario.net\/portal\/?p=218532"},"modified":"2024-05-05T06:36:01","modified_gmt":"2024-05-05T10:36:01","slug":"urge-capital-privado-para-exportacion-de-litio-y-gas","status":"publish","type":"post","link":"https:\/\/www.eldiario.net\/portal\/2024\/05\/05\/urge-capital-privado-para-exportacion-de-litio-y-gas\/","title":{"rendered":"Urge capital privado para exportaci\u00f3n de litio y gas"},"content":{"rendered":"<p>Ante la falta de recursos por la disminuci\u00f3n de la venta de gas que impulsaba el proceso de industrializaci\u00f3n del litio en el Salar de Uyuni, por m\u00e1s de 10 a\u00f1os, el analista del sector minero de la Fundaci\u00f3n Jubileo, H\u00e9ctor C\u00f3rdova, sostuvo que debido a la iliquidez por la que atraviesa el Gobierno se deber\u00e1 acudir a capitales privados, de lo contrario el despegue de ambos sectores ser\u00e1 complejo y se rezagar\u00eda en aprovechar la demanda internacional.<br \/>\nC\u00f3rdova record\u00f3 que antes se ten\u00eda recursos para avanzar en el tema, pero ahora al parecer el Gobierno deber\u00e1 acudir a inversores privados para alcanzar la meta de la industrializaci\u00f3n; tomando en cuenta que el funcionamiento de las 160 piscinas brindar\u00e1 materia prima a la nueva planta de Carbonato de Litio, inaugurada la pasada gesti\u00f3n.<br \/>\nPor otro lado, las denuncias de ejecutivos de Yacimientos de Litio Bolivianos (YLB) contra los responsables de la administraci\u00f3n de la empresa estatal, que provocaron el deterioro de las piscinas, ocasionando un da\u00f1o de m\u00e1s de 420 millones de bolivianos (alrededor de 60 millones de d\u00f3lares) y que reduce la oferta de materia prima para la planta, fueron criticadas por el economista Gonzalo Ch\u00e1vez, pues tuvieron que pasar tres a\u00f1os de inaugurar la Planta de Carbonato de Litio para darse cuenta que no hay materia prima para la misma y que ahora es casi empezar de nuevo.<\/p>\n<p>&nbsp;<\/p>\n<p>PIE DE FOTO<\/p>\n<p>&nbsp;<\/p>\n","protected":false},"excerpt":{"rendered":"<p>Ante la falta de recursos por la disminuci\u00f3n de la venta de gas que impulsaba el proceso de industrializaci\u00f3n del litio en el Salar de Uyuni, por m\u00e1s de 10 a\u00f1os, el analista del sector minero de la Fundaci\u00f3n Jubileo, H\u00e9ctor C\u00f3rdova, sostuvo que debido a la iliquidez por la que atraviesa el Gobierno se [&hellip;]<\/p>\n","protected":false},"author":1,"featured_media":218533,"comment_status":"open","ping_status":"open","sticky":false,"template":"","format":"standard","meta":{"_acf_changed":false,"footnotes":""},"categories":[17],"tags":[],"class_list":["post-218532","post","type-post","status-publish","format-standard","has-post-thumbnail","category-principal"],"acf":{"antetitulo":"Frente a ca\u00edda de ingresos"},"yoast_head":"<!-- This site is optimized with the Yoast SEO plugin v28.3 - https:\/\/yoast.com\/product\/yoast-seo-wordpress\/ -->\n<title>Urge capital privado para exportaci\u00f3n de litio y gas - El Diario - Bolivia<\/title>\n<meta name=\"robots\" content=\"index, follow, max-snippet:-1, max-image-preview:large, max-video-preview:-1\" \/>\n<link rel=\"canonical\" href=\"https:\/\/www.eldiario.net\/portal\/2024\/05\/05\/urge-capital-privado-para-exportacion-de-litio-y-gas\/\" \/>\n<meta property=\"og:locale\" content=\"es_ES\" \/>\n<meta property=\"og:type\" content=\"article\" \/>\n<meta property=\"og:title\" content=\"Urge capital privado para exportaci\u00f3n de litio y gas - El Diario - Bolivia\" \/>\n<meta property=\"og:description\" content=\"Ante la falta de recursos por la disminuci\u00f3n de la venta de gas que impulsaba el proceso de industrializaci\u00f3n del litio en el Salar de Uyuni, por m\u00e1s de 10 a\u00f1os, el analista del sector minero de la Fundaci\u00f3n Jubileo, H\u00e9ctor C\u00f3rdova, sostuvo que debido a la iliquidez por la que atraviesa el Gobierno se [&hellip;]\" \/>\n<meta property=\"og:url\" content=\"https:\/\/www.eldiario.net\/portal\/2024\/05\/05\/urge-capital-privado-para-exportacion-de-litio-y-gas\/\" \/>\n<meta property=\"og:site_name\" content=\"El Diario - Bolivia\" \/>\n<meta property=\"article:publisher\" content=\"https:\/\/www.facebook.com\/eldiario.bolivia\/\" \/>\n<meta property=\"article:published_time\" content=\"2024-05-05T10:36:01+00:00\" \/>\n<meta property=\"og:image\" content=\"https:\/\/www.eldiario.net\/portal\/wp-content\/uploads\/2024\/05\/P-1-20-cm-x-10-1.jpg\" \/>\n\t<meta property=\"og:image:width\" content=\"1280\" \/>\n\t<meta property=\"og:image:height\" content=\"853\" \/>\n\t<meta property=\"og:image:type\" content=\"image\/jpeg\" \/>\n<meta name=\"author\" content=\"Jeanette\" \/>\n<meta name=\"twitter:card\" content=\"summary_large_image\" \/>\n<meta name=\"twitter:creator\" content=\"@eldiario_net\" \/>\n<meta name=\"twitter:site\" content=\"@eldiario_net\" \/>\n<meta name=\"twitter:label1\" content=\"Escrito por\" \/>\n\t<meta name=\"twitter:data1\" content=\"Jeanette\" \/>\n\t<meta name=\"twitter:label2\" content=\"Tiempo de lectura\" \/>\n\t<meta name=\"twitter:data2\" content=\"2 minutos\" \/>\n<script type=\"application\/ld+json\" class=\"yoast-schema-graph\">{\"@context\":\"https:\\\/\\\/schema.org\",\"@graph\":[{\"@type\":\"Article\",\"@id\":\"https:\\\/\\\/www.eldiario.net\\\/portal\\\/2024\\\/05\\\/05\\\/urge-capital-privado-para-exportacion-de-litio-y-gas\\\/#article\",\"isPartOf\":{\"@id\":\"https:\\\/\\\/www.eldiario.net\\\/portal\\\/2024\\\/05\\\/05\\\/urge-capital-privado-para-exportacion-de-litio-y-gas\\\/\"},\"author\":{\"name\":\"Jeanette\",\"@id\":\"https:\\\/\\\/www.eldiario.net\\\/portal\\\/#\\\/schema\\\/person\\\/f46445640444750d7d753ccd04ae01b7\"},\"headline\":\"Urge capital privado para exportaci\u00f3n de litio y gas\",\"datePublished\":\"2024-05-05T10:36:01+00:00\",\"mainEntityOfPage\":{\"@id\":\"https:\\\/\\\/www.eldiario.net\\\/portal\\\/2024\\\/05\\\/05\\\/urge-capital-privado-para-exportacion-de-litio-y-gas\\\/\"},\"wordCount\":259,\"commentCount\":0,\"publisher\":{\"@id\":\"https:\\\/\\\/www.eldiario.net\\\/portal\\\/#organization\"},\"image\":{\"@id\":\"https:\\\/\\\/www.eldiario.net\\\/portal\\\/2024\\\/05\\\/05\\\/urge-capital-privado-para-exportacion-de-litio-y-gas\\\/#primaryimage\"},\"thumbnailUrl\":\"https:\\\/\\\/www.eldiario.net\\\/portal\\\/wp-content\\\/uploads\\\/2024\\\/05\\\/P-1-20-cm-x-10-1.jpg\",\"articleSection\":[\"Principal\"],\"inLanguage\":\"es\",\"potentialAction\":[{\"@type\":\"CommentAction\",\"name\":\"Comment\",\"target\":[\"https:\\\/\\\/www.eldiario.net\\\/portal\\\/2024\\\/05\\\/05\\\/urge-capital-privado-para-exportacion-de-litio-y-gas\\\/#respond\"]}]},{\"@type\":\"WebPage\",\"@id\":\"https:\\\/\\\/www.eldiario.net\\\/portal\\\/2024\\\/05\\\/05\\\/urge-capital-privado-para-exportacion-de-litio-y-gas\\\/\",\"url\":\"https:\\\/\\\/www.eldiario.net\\\/portal\\\/2024\\\/05\\\/05\\\/urge-capital-privado-para-exportacion-de-litio-y-gas\\\/\",\"name\":\"Urge capital privado para exportaci\u00f3n de litio y gas - El Diario - Bolivia\",\"isPartOf\":{\"@id\":\"https:\\\/\\\/www.eldiario.net\\\/portal\\\/#website\"},\"primaryImageOfPage\":{\"@id\":\"https:\\\/\\\/www.eldiario.net\\\/portal\\\/2024\\\/05\\\/05\\\/urge-capital-privado-para-exportacion-de-litio-y-gas\\\/#primaryimage\"},\"image\":{\"@id\":\"https:\\\/\\\/www.eldiario.net\\\/portal\\\/2024\\\/05\\\/05\\\/urge-capital-privado-para-exportacion-de-litio-y-gas\\\/#primaryimage\"},\"thumbnailUrl\":\"https:\\\/\\\/www.eldiario.net\\\/portal\\\/wp-content\\\/uploads\\\/2024\\\/05\\\/P-1-20-cm-x-10-1.jpg\",\"datePublished\":\"2024-05-05T10:36:01+00:00\",\"breadcrumb\":{\"@id\":\"https:\\\/\\\/www.eldiario.net\\\/portal\\\/2024\\\/05\\\/05\\\/urge-capital-privado-para-exportacion-de-litio-y-gas\\\/#breadcrumb\"},\"inLanguage\":\"es\",\"potentialAction\":[{\"@type\":\"ReadAction\",\"target\":[\"https:\\\/\\\/www.eldiario.net\\\/portal\\\/2024\\\/05\\\/05\\\/urge-capital-privado-para-exportacion-de-litio-y-gas\\\/\"]}]},{\"@type\":\"ImageObject\",\"inLanguage\":\"es\",\"@id\":\"https:\\\/\\\/www.eldiario.net\\\/portal\\\/2024\\\/05\\\/05\\\/urge-capital-privado-para-exportacion-de-litio-y-gas\\\/#primaryimage\",\"url\":\"https:\\\/\\\/www.eldiario.net\\\/portal\\\/wp-content\\\/uploads\\\/2024\\\/05\\\/P-1-20-cm-x-10-1.jpg\",\"contentUrl\":\"https:\\\/\\\/www.eldiario.net\\\/portal\\\/wp-content\\\/uploads\\\/2024\\\/05\\\/P-1-20-cm-x-10-1.jpg\",\"width\":1280,\"height\":853,\"caption\":\"El proceso de la industrializaci\u00f3n para generar m\u00e1s rentabilidad al pa\u00eds est\u00e1 en duda.\"},{\"@type\":\"BreadcrumbList\",\"@id\":\"https:\\\/\\\/www.eldiario.net\\\/portal\\\/2024\\\/05\\\/05\\\/urge-capital-privado-para-exportacion-de-litio-y-gas\\\/#breadcrumb\",\"itemListElement\":[{\"@type\":\"ListItem\",\"position\":1,\"name\":\"Portada\",\"item\":\"https:\\\/\\\/www.eldiario.net\\\/portal\\\/\"},{\"@type\":\"ListItem\",\"position\":2,\"name\":\"Urge capital privado para exportaci\u00f3n de litio y gas\"}]},{\"@type\":\"WebSite\",\"@id\":\"https:\\\/\\\/www.eldiario.net\\\/portal\\\/#website\",\"url\":\"https:\\\/\\\/www.eldiario.net\\\/portal\\\/\",\"name\":\"El Diario - Decano de la prensa nacional\",\"description\":\"El Diario - Decano de la prensa nacional\",\"publisher\":{\"@id\":\"https:\\\/\\\/www.eldiario.net\\\/portal\\\/#organization\"},\"potentialAction\":[{\"@type\":\"SearchAction\",\"target\":{\"@type\":\"EntryPoint\",\"urlTemplate\":\"https:\\\/\\\/www.eldiario.net\\\/portal\\\/?s={search_term_string}\"},\"query-input\":{\"@type\":\"PropertyValueSpecification\",\"valueRequired\":true,\"valueName\":\"search_term_string\"}}],\"inLanguage\":\"es\"},{\"@type\":\"Organization\",\"@id\":\"https:\\\/\\\/www.eldiario.net\\\/portal\\\/#organization\",\"name\":\"El Diario - Decano de la prensa nacional\",\"url\":\"https:\\\/\\\/www.eldiario.net\\\/portal\\\/\",\"logo\":{\"@type\":\"ImageObject\",\"inLanguage\":\"es\",\"@id\":\"https:\\\/\\\/www.eldiario.net\\\/portal\\\/#\\\/schema\\\/logo\\\/image\\\/\",\"url\":\"https:\\\/\\\/www.eldiario.net\\\/portal\\\/wp-content\\\/uploads\\\/2023\\\/07\\\/logo_ED.jpg\",\"contentUrl\":\"https:\\\/\\\/www.eldiario.net\\\/portal\\\/wp-content\\\/uploads\\\/2023\\\/07\\\/logo_ED.jpg\",\"width\":272,\"height\":52,\"caption\":\"El Diario - Decano de la prensa nacional\"},\"image\":{\"@id\":\"https:\\\/\\\/www.eldiario.net\\\/portal\\\/#\\\/schema\\\/logo\\\/image\\\/\"},\"sameAs\":[\"https:\\\/\\\/www.facebook.com\\\/eldiario.bolivia\\\/\",\"https:\\\/\\\/x.com\\\/eldiario_net\"]},{\"@type\":\"Person\",\"@id\":\"https:\\\/\\\/www.eldiario.net\\\/portal\\\/#\\\/schema\\\/person\\\/f46445640444750d7d753ccd04ae01b7\",\"name\":\"Jeanette\",\"image\":{\"@type\":\"ImageObject\",\"inLanguage\":\"es\",\"@id\":\"https:\\\/\\\/secure.gravatar.com\\\/avatar\\\/3ea2118a5f7dad2b7138b1187a6b7ee55f160b9968b66013c3a3ef39dd7e5798?s=96&d=mm&r=g\",\"url\":\"https:\\\/\\\/secure.gravatar.com\\\/avatar\\\/3ea2118a5f7dad2b7138b1187a6b7ee55f160b9968b66013c3a3ef39dd7e5798?s=96&d=mm&r=g\",\"contentUrl\":\"https:\\\/\\\/secure.gravatar.com\\\/avatar\\\/3ea2118a5f7dad2b7138b1187a6b7ee55f160b9968b66013c3a3ef39dd7e5798?s=96&d=mm&r=g\",\"caption\":\"Jeanette\"},\"sameAs\":[\"https:\\\/\\\/www.eldiario.net\\\/portal\"],\"url\":\"https:\\\/\\\/www.eldiario.net\\\/portal\\\/author\\\/jeanette\\\/\"}]}<\/script>\n<!-- \/ Yoast SEO plugin. -->","yoast_head_json":{"title":"Urge capital privado para exportaci\u00f3n de litio y gas - El Diario - Bolivia","robots":{"index":"index","follow":"follow","max-snippet":"max-snippet:-1","max-image-preview":"max-image-preview:large","max-video-preview":"max-video-preview:-1"},"canonical":"https:\/\/www.eldiario.net\/portal\/2024\/05\/05\/urge-capital-privado-para-exportacion-de-litio-y-gas\/","og_locale":"es_ES","og_type":"article","og_title":"Urge capital privado para exportaci\u00f3n de litio y gas - El Diario - Bolivia","og_description":"Ante la falta de recursos por la disminuci\u00f3n de la venta de gas que impulsaba el proceso de industrializaci\u00f3n del litio en el Salar de Uyuni, por m\u00e1s de 10 a\u00f1os, el analista del sector minero de la Fundaci\u00f3n Jubileo, H\u00e9ctor C\u00f3rdova, sostuvo que debido a la iliquidez por la que atraviesa el Gobierno se [&hellip;]","og_url":"https:\/\/www.eldiario.net\/portal\/2024\/05\/05\/urge-capital-privado-para-exportacion-de-litio-y-gas\/","og_site_name":"El Diario - Bolivia","article_publisher":"https:\/\/www.facebook.com\/eldiario.bolivia\/","article_published_time":"2024-05-05T10:36:01+00:00","og_image":[{"width":1280,"height":853,"url":"https:\/\/www.eldiario.net\/portal\/wp-content\/uploads\/2024\/05\/P-1-20-cm-x-10-1.jpg","type":"image\/jpeg"}],"author":"Jeanette","twitter_card":"summary_large_image","twitter_creator":"@eldiario_net","twitter_site":"@eldiario_net","twitter_misc":{"Escrito por":"Jeanette","Tiempo de lectura":"2 minutos"},"schema":{"@context":"https:\/\/schema.org","@graph":[{"@type":"Article","@id":"https:\/\/www.eldiario.net\/portal\/2024\/05\/05\/urge-capital-privado-para-exportacion-de-litio-y-gas\/#article","isPartOf":{"@id":"https:\/\/www.eldiario.net\/portal\/2024\/05\/05\/urge-capital-privado-para-exportacion-de-litio-y-gas\/"},"author":{"name":"Jeanette","@id":"https:\/\/www.eldiario.net\/portal\/#\/schema\/person\/f46445640444750d7d753ccd04ae01b7"},"headline":"Urge capital privado para exportaci\u00f3n de litio y gas","datePublished":"2024-05-05T10:36:01+00:00","mainEntityOfPage":{"@id":"https:\/\/www.eldiario.net\/portal\/2024\/05\/05\/urge-capital-privado-para-exportacion-de-litio-y-gas\/"},"wordCount":259,"commentCount":0,"publisher":{"@id":"https:\/\/www.eldiario.net\/portal\/#organization"},"image":{"@id":"https:\/\/www.eldiario.net\/portal\/2024\/05\/05\/urge-capital-privado-para-exportacion-de-litio-y-gas\/#primaryimage"},"thumbnailUrl":"https:\/\/www.eldiario.net\/portal\/wp-content\/uploads\/2024\/05\/P-1-20-cm-x-10-1.jpg","articleSection":["Principal"],"inLanguage":"es","potentialAction":[{"@type":"CommentAction","name":"Comment","target":["https:\/\/www.eldiario.net\/portal\/2024\/05\/05\/urge-capital-privado-para-exportacion-de-litio-y-gas\/#respond"]}]},{"@type":"WebPage","@id":"https:\/\/www.eldiario.net\/portal\/2024\/05\/05\/urge-capital-privado-para-exportacion-de-litio-y-gas\/","url":"https:\/\/www.eldiario.net\/portal\/2024\/05\/05\/urge-capital-privado-para-exportacion-de-litio-y-gas\/","name":"Urge capital privado para exportaci\u00f3n de litio y gas - El Diario - Bolivia","isPartOf":{"@id":"https:\/\/www.eldiario.net\/portal\/#website"},"primaryImageOfPage":{"@id":"https:\/\/www.eldiario.net\/portal\/2024\/05\/05\/urge-capital-privado-para-exportacion-de-litio-y-gas\/#primaryimage"},"image":{"@id":"https:\/\/www.eldiario.net\/portal\/2024\/05\/05\/urge-capital-privado-para-exportacion-de-litio-y-gas\/#primaryimage"},"thumbnailUrl":"https:\/\/www.eldiario.net\/portal\/wp-content\/uploads\/2024\/05\/P-1-20-cm-x-10-1.jpg","datePublished":"2024-05-05T10:36:01+00:00","breadcrumb":{"@id":"https:\/\/www.eldiario.net\/portal\/2024\/05\/05\/urge-capital-privado-para-exportacion-de-litio-y-gas\/#breadcrumb"},"inLanguage":"es","potentialAction":[{"@type":"ReadAction","target":["https:\/\/www.eldiario.net\/portal\/2024\/05\/05\/urge-capital-privado-para-exportacion-de-litio-y-gas\/"]}]},{"@type":"ImageObject","inLanguage":"es","@id":"https:\/\/www.eldiario.net\/portal\/2024\/05\/05\/urge-capital-privado-para-exportacion-de-litio-y-gas\/#primaryimage","url":"https:\/\/www.eldiario.net\/portal\/wp-content\/uploads\/2024\/05\/P-1-20-cm-x-10-1.jpg","contentUrl":"https:\/\/www.eldiario.net\/portal\/wp-content\/uploads\/2024\/05\/P-1-20-cm-x-10-1.jpg","width":1280,"height":853,"caption":"El proceso de la industrializaci\u00f3n para generar m\u00e1s rentabilidad al pa\u00eds est\u00e1 en duda."},{"@type":"BreadcrumbList","@id":"https:\/\/www.eldiario.net\/portal\/2024\/05\/05\/urge-capital-privado-para-exportacion-de-litio-y-gas\/#breadcrumb","itemListElement":[{"@type":"ListItem","position":1,"name":"Portada","item":"https:\/\/www.eldiario.net\/portal\/"},{"@type":"ListItem","position":2,"name":"Urge capital privado para exportaci\u00f3n de litio y gas"}]},{"@type":"WebSite","@id":"https:\/\/www.eldiario.net\/portal\/#website","url":"https:\/\/www.eldiario.net\/portal\/","name":"El Diario - Decano de la prensa nacional","description":"El Diario - Decano de la prensa nacional","publisher":{"@id":"https:\/\/www.eldiario.net\/portal\/#organization"},"potentialAction":[{"@type":"SearchAction","target":{"@type":"EntryPoint","urlTemplate":"https:\/\/www.eldiario.net\/portal\/?s={search_term_string}"},"query-input":{"@type":"PropertyValueSpecification","valueRequired":true,"valueName":"search_term_string"}}],"inLanguage":"es"},{"@type":"Organization","@id":"https:\/\/www.eldiario.net\/portal\/#organization","name":"El Diario - Decano de la prensa nacional","url":"https:\/\/www.eldiario.net\/portal\/","logo":{"@type":"ImageObject","inLanguage":"es","@id":"https:\/\/www.eldiario.net\/portal\/#\/schema\/logo\/image\/","url":"https:\/\/www.eldiario.net\/portal\/wp-content\/uploads\/2023\/07\/logo_ED.jpg","contentUrl":"https:\/\/www.eldiario.net\/portal\/wp-content\/uploads\/2023\/07\/logo_ED.jpg","width":272,"height":52,"caption":"El Diario - Decano de la prensa nacional"},"image":{"@id":"https:\/\/www.eldiario.net\/portal\/#\/schema\/logo\/image\/"},"sameAs":["https:\/\/www.facebook.com\/eldiario.bolivia\/","https:\/\/x.com\/eldiario_net"]},{"@type":"Person","@id":"https:\/\/www.eldiario.net\/portal\/#\/schema\/person\/f46445640444750d7d753ccd04ae01b7","name":"Jeanette","image":{"@type":"ImageObject","inLanguage":"es","@id":"https:\/\/secure.gravatar.com\/avatar\/3ea2118a5f7dad2b7138b1187a6b7ee55f160b9968b66013c3a3ef39dd7e5798?s=96&d=mm&r=g","url":"https:\/\/secure.gravatar.com\/avatar\/3ea2118a5f7dad2b7138b1187a6b7ee55f160b9968b66013c3a3ef39dd7e5798?s=96&d=mm&r=g","contentUrl":"https:\/\/secure.gravatar.com\/avatar\/3ea2118a5f7dad2b7138b1187a6b7ee55f160b9968b66013c3a3ef39dd7e5798?s=96&d=mm&r=g","caption":"Jeanette"},"sameAs":["https:\/\/www.eldiario.net\/portal"],"url":"https:\/\/www.eldiario.net\/portal\/author\/jeanette\/"}]}},"_links":{"self":[{"href":"https:\/\/www.eldiario.net\/portal\/wp-json\/wp\/v2\/posts\/218532","targetHints":{"allow":["GET"]}}],"collection":[{"href":"https:\/\/www.eldiario.net\/portal\/wp-json\/wp\/v2\/posts"}],"about":[{"href":"https:\/\/www.eldiario.net\/portal\/wp-json\/wp\/v2\/types\/post"}],"author":[{"embeddable":true,"href":"https:\/\/www.eldiario.net\/portal\/wp-json\/wp\/v2\/users\/1"}],"replies":[{"embeddable":true,"href":"https:\/\/www.eldiario.net\/portal\/wp-json\/wp\/v2\/comments?post=218532"}],"version-history":[{"count":1,"href":"https:\/\/www.eldiario.net\/portal\/wp-json\/wp\/v2\/posts\/218532\/revisions"}],"predecessor-version":[{"id":218534,"href":"https:\/\/www.eldiario.net\/portal\/wp-json\/wp\/v2\/posts\/218532\/revisions\/218534"}],"wp:featuredmedia":[{"embeddable":true,"href":"https:\/\/www.eldiario.net\/portal\/wp-json\/wp\/v2\/media\/218533"}],"wp:attachment":[{"href":"https:\/\/www.eldiario.net\/portal\/wp-json\/wp\/v2\/media?parent=218532"}],"wp:term":[{"taxonomy":"category","embeddable":true,"href":"https:\/\/www.eldiario.net\/portal\/wp-json\/wp\/v2\/categories?post=218532"},{"taxonomy":"post_tag","embeddable":true,"href":"https:\/\/www.eldiario.net\/portal\/wp-json\/wp\/v2\/tags?post=218532"}],"curies":[{"name":"wp","href":"https:\/\/api.w.org\/{rel}","templated":true}]}}