{"id":21853,"date":"2021-08-07T02:19:55","date_gmt":"2021-08-07T06:19:55","guid":{"rendered":"https:\/\/www.eldiario.net\/portal\/?p=21853"},"modified":"2021-08-07T02:19:55","modified_gmt":"2021-08-07T06:19:55","slug":"policia-halla-objetos-robados-en-cinco-casas-de-empeno","status":"publish","type":"post","link":"https:\/\/www.eldiario.net\/portal\/2021\/08\/07\/policia-halla-objetos-robados-en-cinco-casas-de-empeno\/","title":{"rendered":"Polic\u00eda halla objetos robados  en cinco casas de empe\u00f1o"},"content":{"rendered":"<p>Un operativo realizado por la Fuerza Especial de Lucha Contra el Crimen (Felcc), de El Alto, dio lugar al decomiso de varios objetos robados en 5 casas de empe\u00f1o de la zona de Alto Lima. Los mismos son expuestos en oficinas policiales para que sean reconocidos por sus propietarios.<br \/>\nDe acuerdo con la autoridad policial de la Felcc, coronel Limbert Coca, estos negocios eran clandestinos, porque no contaban con permiso de funcionamiento otorgado por las instancias municipales tal como corresponde, por lo que esta ilegalidad ya fue de conocimiento del sector.<br \/>\n\u201cLa intervenci\u00f3n de estos negocios fueron efectuados luego de que en los \u00faltimos d\u00edas se han presentado varios robos en domicilios de la zona de la Perif\u00e9rica, por lo que tuvimos que realizar estos operativos, donde estos negocios recib\u00edan en calidad de empe\u00f1o todos los objetos que hemos decomisado\u201d, explic\u00f3 el coronel Coca.<br \/>\nLas investigaciones por parte de la Polic\u00eda tambi\u00e9n se\u00f1alan que, supuestamente, estas actividades econ\u00f3micas recib\u00edan dicho objetos robados en calidad de empe\u00f1o. A cambio prestaban bajos montos de dinero, en relaci\u00f3n con los verdaderos costos que tiene cada uno de los mismos.<br \/>\nPor otro lado, los propietarios de estas casas de empe\u00f1o se\u00f1alaron que ellos no conoc\u00edan si los objetos que recib\u00edan eran robados, pero tampoco ped\u00edan ning\u00fan documento de los mismos en el momento de recibir en esas condiciones por parte de los que empe\u00f1aban.<\/p>\n","protected":false},"excerpt":{"rendered":"<p>Un operativo realizado por la Fuerza Especial de Lucha Contra el Crimen (Felcc), de El Alto, dio lugar al decomiso de varios objetos robados en 5 casas de empe\u00f1o de la zona de Alto Lima. Los mismos son expuestos en oficinas policiales para que sean reconocidos por sus propietarios. De acuerdo con la autoridad policial [&hellip;]<\/p>\n","protected":false},"author":1,"featured_media":0,"comment_status":"closed","ping_status":"closed","sticky":false,"template":"","format":"standard","meta":{"_acf_changed":false,"footnotes":""},"categories":[12],"tags":[],"class_list":["post-21853","post","type-post","status-publish","format-standard","category-nacional"],"acf":{"antetitulo":""},"yoast_head":"<!-- This site is optimized with the Yoast SEO plugin v28.4 - https:\/\/yoast.com\/product\/yoast-seo-wordpress\/ -->\n<title>Polic\u00eda halla objetos robados en cinco casas de empe\u00f1o - El Diario - Bolivia<\/title>\n<meta name=\"robots\" content=\"index, follow, max-snippet:-1, max-image-preview:large, max-video-preview:-1\" \/>\n<link rel=\"canonical\" href=\"https:\/\/www.eldiario.net\/portal\/2021\/08\/07\/policia-halla-objetos-robados-en-cinco-casas-de-empeno\/\" \/>\n<meta property=\"og:locale\" content=\"es_ES\" \/>\n<meta property=\"og:type\" content=\"article\" \/>\n<meta property=\"og:title\" content=\"Polic\u00eda halla objetos robados en cinco casas de empe\u00f1o - El Diario - Bolivia\" \/>\n<meta property=\"og:description\" content=\"Un operativo realizado por la Fuerza Especial de Lucha Contra el Crimen (Felcc), de El Alto, dio lugar al decomiso de varios objetos robados en 5 casas de empe\u00f1o de la zona de Alto Lima. Los mismos son expuestos en oficinas policiales para que sean reconocidos por sus propietarios. De acuerdo con la autoridad policial [&hellip;]\" \/>\n<meta property=\"og:url\" content=\"https:\/\/www.eldiario.net\/portal\/2021\/08\/07\/policia-halla-objetos-robados-en-cinco-casas-de-empeno\/\" \/>\n<meta property=\"og:site_name\" content=\"El Diario - Bolivia\" \/>\n<meta property=\"article:publisher\" content=\"https:\/\/www.facebook.com\/eldiario.bolivia\/\" \/>\n<meta property=\"article:published_time\" content=\"2021-08-07T06:19:55+00:00\" \/>\n<meta name=\"author\" content=\"Jeanette\" \/>\n<meta name=\"twitter:card\" content=\"summary_large_image\" \/>\n<meta name=\"twitter:creator\" content=\"@eldiario_net\" \/>\n<meta name=\"twitter:site\" content=\"@eldiario_net\" \/>\n<meta name=\"twitter:label1\" content=\"Escrito por\" \/>\n\t<meta name=\"twitter:data1\" content=\"Jeanette\" \/>\n\t<meta name=\"twitter:label2\" content=\"Tiempo de lectura\" \/>\n\t<meta name=\"twitter:data2\" content=\"2 minutos\" \/>\n<script type=\"application\/ld+json\" class=\"yoast-schema-graph\">{\"@context\":\"https:\\\/\\\/schema.org\",\"@graph\":[{\"@type\":\"Article\",\"@id\":\"https:\\\/\\\/www.eldiario.net\\\/portal\\\/2021\\\/08\\\/07\\\/policia-halla-objetos-robados-en-cinco-casas-de-empeno\\\/#article\",\"isPartOf\":{\"@id\":\"https:\\\/\\\/www.eldiario.net\\\/portal\\\/2021\\\/08\\\/07\\\/policia-halla-objetos-robados-en-cinco-casas-de-empeno\\\/\"},\"author\":{\"name\":\"Jeanette\",\"@id\":\"https:\\\/\\\/www.eldiario.net\\\/portal\\\/#\\\/schema\\\/person\\\/f46445640444750d7d753ccd04ae01b7\"},\"headline\":\"Polic\u00eda halla objetos robados en cinco casas de empe\u00f1o\",\"datePublished\":\"2021-08-07T06:19:55+00:00\",\"mainEntityOfPage\":{\"@id\":\"https:\\\/\\\/www.eldiario.net\\\/portal\\\/2021\\\/08\\\/07\\\/policia-halla-objetos-robados-en-cinco-casas-de-empeno\\\/\"},\"wordCount\":260,\"publisher\":{\"@id\":\"https:\\\/\\\/www.eldiario.net\\\/portal\\\/#organization\"},\"articleSection\":[\"Nacional\"],\"inLanguage\":\"es\"},{\"@type\":\"WebPage\",\"@id\":\"https:\\\/\\\/www.eldiario.net\\\/portal\\\/2021\\\/08\\\/07\\\/policia-halla-objetos-robados-en-cinco-casas-de-empeno\\\/\",\"url\":\"https:\\\/\\\/www.eldiario.net\\\/portal\\\/2021\\\/08\\\/07\\\/policia-halla-objetos-robados-en-cinco-casas-de-empeno\\\/\",\"name\":\"Polic\u00eda halla objetos robados en cinco casas de empe\u00f1o - El Diario - Bolivia\",\"isPartOf\":{\"@id\":\"https:\\\/\\\/www.eldiario.net\\\/portal\\\/#website\"},\"datePublished\":\"2021-08-07T06:19:55+00:00\",\"breadcrumb\":{\"@id\":\"https:\\\/\\\/www.eldiario.net\\\/portal\\\/2021\\\/08\\\/07\\\/policia-halla-objetos-robados-en-cinco-casas-de-empeno\\\/#breadcrumb\"},\"inLanguage\":\"es\",\"potentialAction\":[{\"@type\":\"ReadAction\",\"target\":[\"https:\\\/\\\/www.eldiario.net\\\/portal\\\/2021\\\/08\\\/07\\\/policia-halla-objetos-robados-en-cinco-casas-de-empeno\\\/\"]}]},{\"@type\":\"BreadcrumbList\",\"@id\":\"https:\\\/\\\/www.eldiario.net\\\/portal\\\/2021\\\/08\\\/07\\\/policia-halla-objetos-robados-en-cinco-casas-de-empeno\\\/#breadcrumb\",\"itemListElement\":[{\"@type\":\"ListItem\",\"position\":1,\"name\":\"Portada\",\"item\":\"https:\\\/\\\/www.eldiario.net\\\/portal\\\/\"},{\"@type\":\"ListItem\",\"position\":2,\"name\":\"Polic\u00eda halla objetos robados en cinco casas de empe\u00f1o\"}]},{\"@type\":\"WebSite\",\"@id\":\"https:\\\/\\\/www.eldiario.net\\\/portal\\\/#website\",\"url\":\"https:\\\/\\\/www.eldiario.net\\\/portal\\\/\",\"name\":\"El Diario - Decano de la prensa nacional\",\"description\":\"El Diario - Decano de la prensa nacional\",\"publisher\":{\"@id\":\"https:\\\/\\\/www.eldiario.net\\\/portal\\\/#organization\"},\"potentialAction\":[{\"@type\":\"SearchAction\",\"target\":{\"@type\":\"EntryPoint\",\"urlTemplate\":\"https:\\\/\\\/www.eldiario.net\\\/portal\\\/?s={search_term_string}\"},\"query-input\":{\"@type\":\"PropertyValueSpecification\",\"valueRequired\":true,\"valueName\":\"search_term_string\"}}],\"inLanguage\":\"es\"},{\"@type\":\"Organization\",\"@id\":\"https:\\\/\\\/www.eldiario.net\\\/portal\\\/#organization\",\"name\":\"El Diario - Decano de la prensa nacional\",\"url\":\"https:\\\/\\\/www.eldiario.net\\\/portal\\\/\",\"logo\":{\"@type\":\"ImageObject\",\"inLanguage\":\"es\",\"@id\":\"https:\\\/\\\/www.eldiario.net\\\/portal\\\/#\\\/schema\\\/logo\\\/image\\\/\",\"url\":\"https:\\\/\\\/www.eldiario.net\\\/portal\\\/wp-content\\\/uploads\\\/2023\\\/07\\\/logo_ED.jpg\",\"contentUrl\":\"https:\\\/\\\/www.eldiario.net\\\/portal\\\/wp-content\\\/uploads\\\/2023\\\/07\\\/logo_ED.jpg\",\"width\":272,\"height\":52,\"caption\":\"El Diario - Decano de la prensa nacional\"},\"image\":{\"@id\":\"https:\\\/\\\/www.eldiario.net\\\/portal\\\/#\\\/schema\\\/logo\\\/image\\\/\"},\"sameAs\":[\"https:\\\/\\\/www.facebook.com\\\/eldiario.bolivia\\\/\",\"https:\\\/\\\/x.com\\\/eldiario_net\"]},{\"@type\":\"Person\",\"@id\":\"https:\\\/\\\/www.eldiario.net\\\/portal\\\/#\\\/schema\\\/person\\\/f46445640444750d7d753ccd04ae01b7\",\"name\":\"Jeanette\",\"image\":{\"@type\":\"ImageObject\",\"inLanguage\":\"es\",\"@id\":\"https:\\\/\\\/secure.gravatar.com\\\/avatar\\\/3ea2118a5f7dad2b7138b1187a6b7ee55f160b9968b66013c3a3ef39dd7e5798?s=96&d=mm&r=g\",\"url\":\"https:\\\/\\\/secure.gravatar.com\\\/avatar\\\/3ea2118a5f7dad2b7138b1187a6b7ee55f160b9968b66013c3a3ef39dd7e5798?s=96&d=mm&r=g\",\"contentUrl\":\"https:\\\/\\\/secure.gravatar.com\\\/avatar\\\/3ea2118a5f7dad2b7138b1187a6b7ee55f160b9968b66013c3a3ef39dd7e5798?s=96&d=mm&r=g\",\"caption\":\"Jeanette\"},\"sameAs\":[\"https:\\\/\\\/www.eldiario.net\\\/portal\"],\"url\":\"https:\\\/\\\/www.eldiario.net\\\/portal\\\/author\\\/jeanette\\\/\"}]}<\/script>\n<!-- \/ Yoast SEO plugin. -->","yoast_head_json":{"title":"Polic\u00eda halla objetos robados en cinco casas de empe\u00f1o - El Diario - Bolivia","robots":{"index":"index","follow":"follow","max-snippet":"max-snippet:-1","max-image-preview":"max-image-preview:large","max-video-preview":"max-video-preview:-1"},"canonical":"https:\/\/www.eldiario.net\/portal\/2021\/08\/07\/policia-halla-objetos-robados-en-cinco-casas-de-empeno\/","og_locale":"es_ES","og_type":"article","og_title":"Polic\u00eda halla objetos robados en cinco casas de empe\u00f1o - El Diario - Bolivia","og_description":"Un operativo realizado por la Fuerza Especial de Lucha Contra el Crimen (Felcc), de El Alto, dio lugar al decomiso de varios objetos robados en 5 casas de empe\u00f1o de la zona de Alto Lima. Los mismos son expuestos en oficinas policiales para que sean reconocidos por sus propietarios. De acuerdo con la autoridad policial [&hellip;]","og_url":"https:\/\/www.eldiario.net\/portal\/2021\/08\/07\/policia-halla-objetos-robados-en-cinco-casas-de-empeno\/","og_site_name":"El Diario - Bolivia","article_publisher":"https:\/\/www.facebook.com\/eldiario.bolivia\/","article_published_time":"2021-08-07T06:19:55+00:00","author":"Jeanette","twitter_card":"summary_large_image","twitter_creator":"@eldiario_net","twitter_site":"@eldiario_net","twitter_misc":{"Escrito por":"Jeanette","Tiempo de lectura":"2 minutos"},"schema":{"@context":"https:\/\/schema.org","@graph":[{"@type":"Article","@id":"https:\/\/www.eldiario.net\/portal\/2021\/08\/07\/policia-halla-objetos-robados-en-cinco-casas-de-empeno\/#article","isPartOf":{"@id":"https:\/\/www.eldiario.net\/portal\/2021\/08\/07\/policia-halla-objetos-robados-en-cinco-casas-de-empeno\/"},"author":{"name":"Jeanette","@id":"https:\/\/www.eldiario.net\/portal\/#\/schema\/person\/f46445640444750d7d753ccd04ae01b7"},"headline":"Polic\u00eda halla objetos robados en cinco casas de empe\u00f1o","datePublished":"2021-08-07T06:19:55+00:00","mainEntityOfPage":{"@id":"https:\/\/www.eldiario.net\/portal\/2021\/08\/07\/policia-halla-objetos-robados-en-cinco-casas-de-empeno\/"},"wordCount":260,"publisher":{"@id":"https:\/\/www.eldiario.net\/portal\/#organization"},"articleSection":["Nacional"],"inLanguage":"es"},{"@type":"WebPage","@id":"https:\/\/www.eldiario.net\/portal\/2021\/08\/07\/policia-halla-objetos-robados-en-cinco-casas-de-empeno\/","url":"https:\/\/www.eldiario.net\/portal\/2021\/08\/07\/policia-halla-objetos-robados-en-cinco-casas-de-empeno\/","name":"Polic\u00eda halla objetos robados en cinco casas de empe\u00f1o - El Diario - Bolivia","isPartOf":{"@id":"https:\/\/www.eldiario.net\/portal\/#website"},"datePublished":"2021-08-07T06:19:55+00:00","breadcrumb":{"@id":"https:\/\/www.eldiario.net\/portal\/2021\/08\/07\/policia-halla-objetos-robados-en-cinco-casas-de-empeno\/#breadcrumb"},"inLanguage":"es","potentialAction":[{"@type":"ReadAction","target":["https:\/\/www.eldiario.net\/portal\/2021\/08\/07\/policia-halla-objetos-robados-en-cinco-casas-de-empeno\/"]}]},{"@type":"BreadcrumbList","@id":"https:\/\/www.eldiario.net\/portal\/2021\/08\/07\/policia-halla-objetos-robados-en-cinco-casas-de-empeno\/#breadcrumb","itemListElement":[{"@type":"ListItem","position":1,"name":"Portada","item":"https:\/\/www.eldiario.net\/portal\/"},{"@type":"ListItem","position":2,"name":"Polic\u00eda halla objetos robados en cinco casas de empe\u00f1o"}]},{"@type":"WebSite","@id":"https:\/\/www.eldiario.net\/portal\/#website","url":"https:\/\/www.eldiario.net\/portal\/","name":"El Diario - Decano de la prensa nacional","description":"El Diario - Decano de la prensa nacional","publisher":{"@id":"https:\/\/www.eldiario.net\/portal\/#organization"},"potentialAction":[{"@type":"SearchAction","target":{"@type":"EntryPoint","urlTemplate":"https:\/\/www.eldiario.net\/portal\/?s={search_term_string}"},"query-input":{"@type":"PropertyValueSpecification","valueRequired":true,"valueName":"search_term_string"}}],"inLanguage":"es"},{"@type":"Organization","@id":"https:\/\/www.eldiario.net\/portal\/#organization","name":"El Diario - Decano de la prensa nacional","url":"https:\/\/www.eldiario.net\/portal\/","logo":{"@type":"ImageObject","inLanguage":"es","@id":"https:\/\/www.eldiario.net\/portal\/#\/schema\/logo\/image\/","url":"https:\/\/www.eldiario.net\/portal\/wp-content\/uploads\/2023\/07\/logo_ED.jpg","contentUrl":"https:\/\/www.eldiario.net\/portal\/wp-content\/uploads\/2023\/07\/logo_ED.jpg","width":272,"height":52,"caption":"El Diario - Decano de la prensa nacional"},"image":{"@id":"https:\/\/www.eldiario.net\/portal\/#\/schema\/logo\/image\/"},"sameAs":["https:\/\/www.facebook.com\/eldiario.bolivia\/","https:\/\/x.com\/eldiario_net"]},{"@type":"Person","@id":"https:\/\/www.eldiario.net\/portal\/#\/schema\/person\/f46445640444750d7d753ccd04ae01b7","name":"Jeanette","image":{"@type":"ImageObject","inLanguage":"es","@id":"https:\/\/secure.gravatar.com\/avatar\/3ea2118a5f7dad2b7138b1187a6b7ee55f160b9968b66013c3a3ef39dd7e5798?s=96&d=mm&r=g","url":"https:\/\/secure.gravatar.com\/avatar\/3ea2118a5f7dad2b7138b1187a6b7ee55f160b9968b66013c3a3ef39dd7e5798?s=96&d=mm&r=g","contentUrl":"https:\/\/secure.gravatar.com\/avatar\/3ea2118a5f7dad2b7138b1187a6b7ee55f160b9968b66013c3a3ef39dd7e5798?s=96&d=mm&r=g","caption":"Jeanette"},"sameAs":["https:\/\/www.eldiario.net\/portal"],"url":"https:\/\/www.eldiario.net\/portal\/author\/jeanette\/"}]}},"_links":{"self":[{"href":"https:\/\/www.eldiario.net\/portal\/wp-json\/wp\/v2\/posts\/21853","targetHints":{"allow":["GET"]}}],"collection":[{"href":"https:\/\/www.eldiario.net\/portal\/wp-json\/wp\/v2\/posts"}],"about":[{"href":"https:\/\/www.eldiario.net\/portal\/wp-json\/wp\/v2\/types\/post"}],"author":[{"embeddable":true,"href":"https:\/\/www.eldiario.net\/portal\/wp-json\/wp\/v2\/users\/1"}],"replies":[{"embeddable":true,"href":"https:\/\/www.eldiario.net\/portal\/wp-json\/wp\/v2\/comments?post=21853"}],"version-history":[{"count":0,"href":"https:\/\/www.eldiario.net\/portal\/wp-json\/wp\/v2\/posts\/21853\/revisions"}],"wp:attachment":[{"href":"https:\/\/www.eldiario.net\/portal\/wp-json\/wp\/v2\/media?parent=21853"}],"wp:term":[{"taxonomy":"category","embeddable":true,"href":"https:\/\/www.eldiario.net\/portal\/wp-json\/wp\/v2\/categories?post=21853"},{"taxonomy":"post_tag","embeddable":true,"href":"https:\/\/www.eldiario.net\/portal\/wp-json\/wp\/v2\/tags?post=21853"}],"curies":[{"name":"wp","href":"https:\/\/api.w.org\/{rel}","templated":true}]}}