{"id":218526,"date":"2024-05-05T06:33:43","date_gmt":"2024-05-05T10:33:43","guid":{"rendered":"https:\/\/www.eldiario.net\/portal\/?p=218526"},"modified":"2024-05-05T06:33:43","modified_gmt":"2024-05-05T10:33:43","slug":"grandioso-show-de-madona-en-rio-de-janeiro","status":"publish","type":"post","link":"https:\/\/www.eldiario.net\/portal\/2024\/05\/05\/grandioso-show-de-madona-en-rio-de-janeiro\/","title":{"rendered":"Grandioso show de Madona en R\u00edo de Janeiro"},"content":{"rendered":"<p class=\"v1MsoNormal\">Luciendo un elegante atuendo negro, la ic\u00f3nica Madonna inaugur\u00f3 su espect\u00e1culo gratuito en Rio de Janeiro con \u00abNothing Really Matters\u00bb, una canci\u00f3n que celebra la fortaleza del esp\u00edritu humano y que hizo resonar a la multitud reunida en la legendaria playa de Copacabana, tanto en la tierra como en el mar.<\/p>\n<p class=\"v1MsoNormal\">Alrededor de las 22:30, hora local, la c\u00e9lebre cantante de 65 a\u00f1os desfil\u00f3 por una extensa pasarela suspendida que part\u00eda del famoso hotel Copacabana Palace, su lugar de hospedaje, hasta llegar a un impresionante escenario de 800 metros cuadrados, una estructura que duplica en tama\u00f1o a los escenarios utilizados en presentaciones anteriores de su gira.<\/p>\n<p class=\"v1MsoNormal\">Fiel a su estilo, la despampanante reina del pop inici\u00f3 su espect\u00e1culo con una hora de retraso. Su particular h\u00e1bito ha recibido la denuncia de varios de sus seguidores por \u00abpr\u00e1cticas comerciales enga\u00f1osas\u00bb. Pero la audiencia en Copacabana estaba euf\u00f3rica, y grit\u00f3 desenfrenada cuando la drag queen Mon\u00e9t X Change apareci\u00f3 pavone\u00e1ndose con una r\u00e9plica del traje que us\u00f3 Madonna en la emblem\u00e1tica canci\u00f3n Vogue para abrir la presentaci\u00f3n.<\/p>\n<p class=\"v1MsoNormal\">Tras un espl\u00e9ndido inicio, Madonna se tom\u00f3 un momento para saludar a su audiencia en Brasil y pidi\u00f3 disculpas por no hablar portugu\u00e9s, pero sostuvo con emoci\u00f3n que este espect\u00e1culo resultaba \u00abun sue\u00f1o hecho realidad\u00bb.<\/p>\n<p class=\"v1MsoNormal\">Luego, tom\u00f3 una guitarra y sigui\u00f3 con \u00abBurning Up\u00bb, un tema de rock que escribi\u00f3 en 1983 \u00aben un escenario en el Lower East Side de Nueva York. \u00abEra muy peque\u00f1o, sucio y ten\u00eda una botella de Coca Cola. Ah\u00ed es donde todo comenz\u00f3\u00bb, dijo refiri\u00e9ndose a su cruda composici\u00f3n.<\/p>\n<p class=\"v1MsoNormal\">Continu\u00f3 con \u00abOpen Your Heart\u00bb, donde se divirti\u00f3 con sus bailarines, que subieron a escena en trajes de lencer\u00eda negros, y recibieron algunos besos, caricias y manotazos por parte de la artista.<\/p>\n<p class=\"v1MsoNormal\">\u00abCelebrate\u00bb y \u00abLive to tell\u00bb, fueron los siguientes temas. En este \u00faltimo, las pantallas proyectaron fotos de Freddie Mercury, Renato Russo, Cazuza y otros artistas v\u00edctimas del VIH, quienes recibieron un homenaje entre la conmoci\u00f3n y l\u00e1grimas del p\u00fablico.<\/p>\n<p class=\"v1MsoNormal\">La canci\u00f3n de Sam Smith, \u00abUnholy\u00bb, sirvi\u00f3 como entrada para \u00abEr\u00f3tica\u00bb, el tema central del \u00e1lbum hom\u00f3nimo que aborda el sexo, el amor y la fantas\u00eda. Vestida con un lencero rojo, la sensualidad y los gemidos se dejaron escuchar a trav\u00e9s de los parlantes, mientras sus bailarines cubiertos \u00fanicamente con mallas transparentes, se frotaron semidesnudos entre s\u00ed.<\/p>\n<p class=\"v1MsoNormal\">El sonido de una llamada entrante irrumpi\u00f3 la lujuria. \u00ab\u00bfQui\u00e9n llama ahora?, dijo la estrella, a quien le colocaron una venda oscura en sus ojos para dar pie a \u00abHung Up\u00bb, colaboraci\u00f3n realizada con Tokischa en 2022, cuyo video se proyect\u00f3 moment\u00e1neamente en las pantallas. La energ\u00eda descendi\u00f3 para interpretar una emocionante versi\u00f3n en piano de \u00abBad Girl\u00bb, tocada en vivo por la hija adoptiva de Madonna, Mercy James, de 18 a\u00f1os.<\/p>\n<p class=\"v1MsoNormal\">Otra de sus seis hijas, Estere, se posicion\u00f3 en el tocadiscos para explosionar la fiesta con \u00abVogue\u00bb. Anitta subi\u00f3 a escena para formar parte del jurado de la pasarela, mientras los bailarines realizaron una exhibici\u00f3n de voguing. La int\u00e9rprete de \u00abEnvolver\u00bb disfrutaba de los \u00abtocamientos \u00edntimos\u00bb que le realizaban con una gran sonrisa.<\/p>\n<p class=\"v1MsoNormal\">Pabllo Vittar, la cantautora drag queen, tambi\u00e9n se sent\u00f3 como jurado vistiendo una camiseta de Brasil, y se mostr\u00f3 feliz y en confianza al lado de Madonna. Incluso la carg\u00f3, permitiendo que la artista la rodeara con sus piernas.<\/p>\n<p class=\"v1MsoNormal\">\u00abQuiero decir cu\u00e1nta gratitud tengo por el amor que me han dado tantos a\u00f1os. Quiero llorar. Ustedes siempre han estado para m\u00ed, esa bandera amarilla y verde\u00bb, dijo Madonna sobre sus d\u00e9cadas de trayectoria.<\/p>\n<p class=\"v1MsoNormal\">\u00abQuer\u00eda venir aqu\u00ed hace mucho tiempo. Gracias por estar aqu\u00ed. Esto no se supon\u00eda que pasar\u00eda. \u00a140 a\u00f1os!\u00bb, agreg\u00f3 para continuar con \u00abDie Another Day\u00bb, \u00abDon&#8217;t Tell Me\u00bb, \u00abExpress Yourself\u00bb, \u00abLa isla bonita\u00bb y una versi\u00f3n en carnaval de \u00abMusic\u00bb, que emocion\u00f3 a los asistentes.<\/p>\n<p class=\"v1MsoNormal\">El apote\u00f3sico concierto gratuito marca el fin de la gira The Celebration Tour, que celebra los 40 a\u00f1os de trayectoria de Madonna. En los d\u00edas anteriores, se predec\u00eda una afluencia de 1,5 millones de personas, que se tradujo en una masiva fiesta alrededor de las calles de la ciudad donde la artista fue el \u00fanico tema central.<\/p>\n<p class=\"v1MsoNormal\">El imponente escenario estuvo conectado mediante una pasarela con el lujoso hotel Belmond Copacabana Palace, y se traslad\u00f3 m\u00e1s de 270 toneladas de equipo para su construcci\u00f3n, incluyendo una imponente estructura de 800 metros cuadrados y 2.5 metros de altura, que permiti\u00f3 que los asistentes pudieran disfrutar del espect\u00e1culo desde todos sus \u00e1ngulos.<\/p>\n<p class=\"v1MsoNormal\">Para el anunciado \u00abconcierto de la d\u00e9cada\u00bb se prepararon 150 mil ba\u00f1os port\u00e1tiles a lo largo de la costa, adem\u00e1s de 50 hospitales ambulantes, comisar\u00edas m\u00f3viles y un centenar de tachos y personal de limpieza. Las empresas de telefon\u00eda no se quedaron atr\u00e1s e instalaron antenas y replicadores para mantener la redes de internet estables. (Infobae)<\/p>\n","protected":false},"excerpt":{"rendered":"<p>Luciendo un elegante atuendo negro, la ic\u00f3nica Madonna inaugur\u00f3 su espect\u00e1culo gratuito en Rio de Janeiro con \u00abNothing Really Matters\u00bb, una canci\u00f3n que celebra la fortaleza del esp\u00edritu humano y que hizo resonar a la multitud reunida en la legendaria playa de Copacabana, tanto en la tierra como en el mar. Alrededor de las 22:30, [&hellip;]<\/p>\n","protected":false},"author":1,"featured_media":218527,"comment_status":"open","ping_status":"open","sticky":false,"template":"","format":"standard","meta":{"_acf_changed":false,"footnotes":""},"categories":[15],"tags":[],"class_list":["post-218526","post","type-post","status-publish","format-standard","has-post-thumbnail","category-portada"],"acf":{"antetitulo":"Concierto gratuito"},"yoast_head":"<!-- This site is optimized with the Yoast SEO plugin v28.3 - https:\/\/yoast.com\/product\/yoast-seo-wordpress\/ -->\n<title>Grandioso show de Madona en R\u00edo de Janeiro - El Diario - Bolivia<\/title>\n<meta name=\"robots\" content=\"index, follow, max-snippet:-1, max-image-preview:large, max-video-preview:-1\" \/>\n<link rel=\"canonical\" href=\"https:\/\/www.eldiario.net\/portal\/2024\/05\/05\/grandioso-show-de-madona-en-rio-de-janeiro\/\" \/>\n<meta property=\"og:locale\" content=\"es_ES\" \/>\n<meta property=\"og:type\" content=\"article\" \/>\n<meta property=\"og:title\" content=\"Grandioso show de Madona en R\u00edo de Janeiro - El Diario - Bolivia\" \/>\n<meta property=\"og:description\" content=\"Luciendo un elegante atuendo negro, la ic\u00f3nica Madonna inaugur\u00f3 su espect\u00e1culo gratuito en Rio de Janeiro con \u00abNothing Really Matters\u00bb, una canci\u00f3n que celebra la fortaleza del esp\u00edritu humano y que hizo resonar a la multitud reunida en la legendaria playa de Copacabana, tanto en la tierra como en el mar. Alrededor de las 22:30, [&hellip;]\" \/>\n<meta property=\"og:url\" content=\"https:\/\/www.eldiario.net\/portal\/2024\/05\/05\/grandioso-show-de-madona-en-rio-de-janeiro\/\" \/>\n<meta property=\"og:site_name\" content=\"El Diario - Bolivia\" \/>\n<meta property=\"article:publisher\" content=\"https:\/\/www.facebook.com\/eldiario.bolivia\/\" \/>\n<meta property=\"article:published_time\" content=\"2024-05-05T10:33:43+00:00\" \/>\n<meta property=\"og:image\" content=\"https:\/\/www.eldiario.net\/portal\/wp-content\/uploads\/2024\/05\/Madona-Reuters.jpg\" \/>\n\t<meta property=\"og:image:width\" content=\"768\" \/>\n\t<meta property=\"og:image:height\" content=\"512\" \/>\n\t<meta property=\"og:image:type\" content=\"image\/jpeg\" \/>\n<meta name=\"author\" content=\"Jeanette\" \/>\n<meta name=\"twitter:card\" content=\"summary_large_image\" \/>\n<meta name=\"twitter:creator\" content=\"@eldiario_net\" \/>\n<meta name=\"twitter:site\" content=\"@eldiario_net\" \/>\n<meta name=\"twitter:label1\" content=\"Escrito por\" \/>\n\t<meta name=\"twitter:data1\" content=\"Jeanette\" \/>\n\t<meta name=\"twitter:label2\" content=\"Tiempo de lectura\" \/>\n\t<meta name=\"twitter:data2\" content=\"4 minutos\" \/>\n<script type=\"application\/ld+json\" class=\"yoast-schema-graph\">{\"@context\":\"https:\\\/\\\/schema.org\",\"@graph\":[{\"@type\":\"Article\",\"@id\":\"https:\\\/\\\/www.eldiario.net\\\/portal\\\/2024\\\/05\\\/05\\\/grandioso-show-de-madona-en-rio-de-janeiro\\\/#article\",\"isPartOf\":{\"@id\":\"https:\\\/\\\/www.eldiario.net\\\/portal\\\/2024\\\/05\\\/05\\\/grandioso-show-de-madona-en-rio-de-janeiro\\\/\"},\"author\":{\"name\":\"Jeanette\",\"@id\":\"https:\\\/\\\/www.eldiario.net\\\/portal\\\/#\\\/schema\\\/person\\\/f46445640444750d7d753ccd04ae01b7\"},\"headline\":\"Grandioso show de Madona en R\u00edo de Janeiro\",\"datePublished\":\"2024-05-05T10:33:43+00:00\",\"mainEntityOfPage\":{\"@id\":\"https:\\\/\\\/www.eldiario.net\\\/portal\\\/2024\\\/05\\\/05\\\/grandioso-show-de-madona-en-rio-de-janeiro\\\/\"},\"wordCount\":863,\"commentCount\":0,\"publisher\":{\"@id\":\"https:\\\/\\\/www.eldiario.net\\\/portal\\\/#organization\"},\"image\":{\"@id\":\"https:\\\/\\\/www.eldiario.net\\\/portal\\\/2024\\\/05\\\/05\\\/grandioso-show-de-madona-en-rio-de-janeiro\\\/#primaryimage\"},\"thumbnailUrl\":\"https:\\\/\\\/www.eldiario.net\\\/portal\\\/wp-content\\\/uploads\\\/2024\\\/05\\\/Madona-Reuters.jpg\",\"articleSection\":[\"Portada\"],\"inLanguage\":\"es\",\"potentialAction\":[{\"@type\":\"CommentAction\",\"name\":\"Comment\",\"target\":[\"https:\\\/\\\/www.eldiario.net\\\/portal\\\/2024\\\/05\\\/05\\\/grandioso-show-de-madona-en-rio-de-janeiro\\\/#respond\"]}]},{\"@type\":\"WebPage\",\"@id\":\"https:\\\/\\\/www.eldiario.net\\\/portal\\\/2024\\\/05\\\/05\\\/grandioso-show-de-madona-en-rio-de-janeiro\\\/\",\"url\":\"https:\\\/\\\/www.eldiario.net\\\/portal\\\/2024\\\/05\\\/05\\\/grandioso-show-de-madona-en-rio-de-janeiro\\\/\",\"name\":\"Grandioso show de Madona en R\u00edo de Janeiro - El Diario - Bolivia\",\"isPartOf\":{\"@id\":\"https:\\\/\\\/www.eldiario.net\\\/portal\\\/#website\"},\"primaryImageOfPage\":{\"@id\":\"https:\\\/\\\/www.eldiario.net\\\/portal\\\/2024\\\/05\\\/05\\\/grandioso-show-de-madona-en-rio-de-janeiro\\\/#primaryimage\"},\"image\":{\"@id\":\"https:\\\/\\\/www.eldiario.net\\\/portal\\\/2024\\\/05\\\/05\\\/grandioso-show-de-madona-en-rio-de-janeiro\\\/#primaryimage\"},\"thumbnailUrl\":\"https:\\\/\\\/www.eldiario.net\\\/portal\\\/wp-content\\\/uploads\\\/2024\\\/05\\\/Madona-Reuters.jpg\",\"datePublished\":\"2024-05-05T10:33:43+00:00\",\"breadcrumb\":{\"@id\":\"https:\\\/\\\/www.eldiario.net\\\/portal\\\/2024\\\/05\\\/05\\\/grandioso-show-de-madona-en-rio-de-janeiro\\\/#breadcrumb\"},\"inLanguage\":\"es\",\"potentialAction\":[{\"@type\":\"ReadAction\",\"target\":[\"https:\\\/\\\/www.eldiario.net\\\/portal\\\/2024\\\/05\\\/05\\\/grandioso-show-de-madona-en-rio-de-janeiro\\\/\"]}]},{\"@type\":\"ImageObject\",\"inLanguage\":\"es\",\"@id\":\"https:\\\/\\\/www.eldiario.net\\\/portal\\\/2024\\\/05\\\/05\\\/grandioso-show-de-madona-en-rio-de-janeiro\\\/#primaryimage\",\"url\":\"https:\\\/\\\/www.eldiario.net\\\/portal\\\/wp-content\\\/uploads\\\/2024\\\/05\\\/Madona-Reuters.jpg\",\"contentUrl\":\"https:\\\/\\\/www.eldiario.net\\\/portal\\\/wp-content\\\/uploads\\\/2024\\\/05\\\/Madona-Reuters.jpg\",\"width\":768,\"height\":512,\"caption\":\"Fiel a su estilo durante esta gira, Madonna inici\u00f3 su espect\u00e1culo con una hora de retraso. CR\u00c9DITO: REUTERS\"},{\"@type\":\"BreadcrumbList\",\"@id\":\"https:\\\/\\\/www.eldiario.net\\\/portal\\\/2024\\\/05\\\/05\\\/grandioso-show-de-madona-en-rio-de-janeiro\\\/#breadcrumb\",\"itemListElement\":[{\"@type\":\"ListItem\",\"position\":1,\"name\":\"Portada\",\"item\":\"https:\\\/\\\/www.eldiario.net\\\/portal\\\/\"},{\"@type\":\"ListItem\",\"position\":2,\"name\":\"Grandioso show de Madona en R\u00edo de Janeiro\"}]},{\"@type\":\"WebSite\",\"@id\":\"https:\\\/\\\/www.eldiario.net\\\/portal\\\/#website\",\"url\":\"https:\\\/\\\/www.eldiario.net\\\/portal\\\/\",\"name\":\"El Diario - Decano de la prensa nacional\",\"description\":\"El Diario - Decano de la prensa nacional\",\"publisher\":{\"@id\":\"https:\\\/\\\/www.eldiario.net\\\/portal\\\/#organization\"},\"potentialAction\":[{\"@type\":\"SearchAction\",\"target\":{\"@type\":\"EntryPoint\",\"urlTemplate\":\"https:\\\/\\\/www.eldiario.net\\\/portal\\\/?s={search_term_string}\"},\"query-input\":{\"@type\":\"PropertyValueSpecification\",\"valueRequired\":true,\"valueName\":\"search_term_string\"}}],\"inLanguage\":\"es\"},{\"@type\":\"Organization\",\"@id\":\"https:\\\/\\\/www.eldiario.net\\\/portal\\\/#organization\",\"name\":\"El Diario - Decano de la prensa nacional\",\"url\":\"https:\\\/\\\/www.eldiario.net\\\/portal\\\/\",\"logo\":{\"@type\":\"ImageObject\",\"inLanguage\":\"es\",\"@id\":\"https:\\\/\\\/www.eldiario.net\\\/portal\\\/#\\\/schema\\\/logo\\\/image\\\/\",\"url\":\"https:\\\/\\\/www.eldiario.net\\\/portal\\\/wp-content\\\/uploads\\\/2023\\\/07\\\/logo_ED.jpg\",\"contentUrl\":\"https:\\\/\\\/www.eldiario.net\\\/portal\\\/wp-content\\\/uploads\\\/2023\\\/07\\\/logo_ED.jpg\",\"width\":272,\"height\":52,\"caption\":\"El Diario - Decano de la prensa nacional\"},\"image\":{\"@id\":\"https:\\\/\\\/www.eldiario.net\\\/portal\\\/#\\\/schema\\\/logo\\\/image\\\/\"},\"sameAs\":[\"https:\\\/\\\/www.facebook.com\\\/eldiario.bolivia\\\/\",\"https:\\\/\\\/x.com\\\/eldiario_net\"]},{\"@type\":\"Person\",\"@id\":\"https:\\\/\\\/www.eldiario.net\\\/portal\\\/#\\\/schema\\\/person\\\/f46445640444750d7d753ccd04ae01b7\",\"name\":\"Jeanette\",\"image\":{\"@type\":\"ImageObject\",\"inLanguage\":\"es\",\"@id\":\"https:\\\/\\\/secure.gravatar.com\\\/avatar\\\/3ea2118a5f7dad2b7138b1187a6b7ee55f160b9968b66013c3a3ef39dd7e5798?s=96&d=mm&r=g\",\"url\":\"https:\\\/\\\/secure.gravatar.com\\\/avatar\\\/3ea2118a5f7dad2b7138b1187a6b7ee55f160b9968b66013c3a3ef39dd7e5798?s=96&d=mm&r=g\",\"contentUrl\":\"https:\\\/\\\/secure.gravatar.com\\\/avatar\\\/3ea2118a5f7dad2b7138b1187a6b7ee55f160b9968b66013c3a3ef39dd7e5798?s=96&d=mm&r=g\",\"caption\":\"Jeanette\"},\"sameAs\":[\"https:\\\/\\\/www.eldiario.net\\\/portal\"],\"url\":\"https:\\\/\\\/www.eldiario.net\\\/portal\\\/author\\\/jeanette\\\/\"}]}<\/script>\n<!-- \/ Yoast SEO plugin. -->","yoast_head_json":{"title":"Grandioso show de Madona en R\u00edo de Janeiro - El Diario - Bolivia","robots":{"index":"index","follow":"follow","max-snippet":"max-snippet:-1","max-image-preview":"max-image-preview:large","max-video-preview":"max-video-preview:-1"},"canonical":"https:\/\/www.eldiario.net\/portal\/2024\/05\/05\/grandioso-show-de-madona-en-rio-de-janeiro\/","og_locale":"es_ES","og_type":"article","og_title":"Grandioso show de Madona en R\u00edo de Janeiro - El Diario - Bolivia","og_description":"Luciendo un elegante atuendo negro, la ic\u00f3nica Madonna inaugur\u00f3 su espect\u00e1culo gratuito en Rio de Janeiro con \u00abNothing Really Matters\u00bb, una canci\u00f3n que celebra la fortaleza del esp\u00edritu humano y que hizo resonar a la multitud reunida en la legendaria playa de Copacabana, tanto en la tierra como en el mar. Alrededor de las 22:30, [&hellip;]","og_url":"https:\/\/www.eldiario.net\/portal\/2024\/05\/05\/grandioso-show-de-madona-en-rio-de-janeiro\/","og_site_name":"El Diario - Bolivia","article_publisher":"https:\/\/www.facebook.com\/eldiario.bolivia\/","article_published_time":"2024-05-05T10:33:43+00:00","og_image":[{"width":768,"height":512,"url":"https:\/\/www.eldiario.net\/portal\/wp-content\/uploads\/2024\/05\/Madona-Reuters.jpg","type":"image\/jpeg"}],"author":"Jeanette","twitter_card":"summary_large_image","twitter_creator":"@eldiario_net","twitter_site":"@eldiario_net","twitter_misc":{"Escrito por":"Jeanette","Tiempo de lectura":"4 minutos"},"schema":{"@context":"https:\/\/schema.org","@graph":[{"@type":"Article","@id":"https:\/\/www.eldiario.net\/portal\/2024\/05\/05\/grandioso-show-de-madona-en-rio-de-janeiro\/#article","isPartOf":{"@id":"https:\/\/www.eldiario.net\/portal\/2024\/05\/05\/grandioso-show-de-madona-en-rio-de-janeiro\/"},"author":{"name":"Jeanette","@id":"https:\/\/www.eldiario.net\/portal\/#\/schema\/person\/f46445640444750d7d753ccd04ae01b7"},"headline":"Grandioso show de Madona en R\u00edo de Janeiro","datePublished":"2024-05-05T10:33:43+00:00","mainEntityOfPage":{"@id":"https:\/\/www.eldiario.net\/portal\/2024\/05\/05\/grandioso-show-de-madona-en-rio-de-janeiro\/"},"wordCount":863,"commentCount":0,"publisher":{"@id":"https:\/\/www.eldiario.net\/portal\/#organization"},"image":{"@id":"https:\/\/www.eldiario.net\/portal\/2024\/05\/05\/grandioso-show-de-madona-en-rio-de-janeiro\/#primaryimage"},"thumbnailUrl":"https:\/\/www.eldiario.net\/portal\/wp-content\/uploads\/2024\/05\/Madona-Reuters.jpg","articleSection":["Portada"],"inLanguage":"es","potentialAction":[{"@type":"CommentAction","name":"Comment","target":["https:\/\/www.eldiario.net\/portal\/2024\/05\/05\/grandioso-show-de-madona-en-rio-de-janeiro\/#respond"]}]},{"@type":"WebPage","@id":"https:\/\/www.eldiario.net\/portal\/2024\/05\/05\/grandioso-show-de-madona-en-rio-de-janeiro\/","url":"https:\/\/www.eldiario.net\/portal\/2024\/05\/05\/grandioso-show-de-madona-en-rio-de-janeiro\/","name":"Grandioso show de Madona en R\u00edo de Janeiro - El Diario - Bolivia","isPartOf":{"@id":"https:\/\/www.eldiario.net\/portal\/#website"},"primaryImageOfPage":{"@id":"https:\/\/www.eldiario.net\/portal\/2024\/05\/05\/grandioso-show-de-madona-en-rio-de-janeiro\/#primaryimage"},"image":{"@id":"https:\/\/www.eldiario.net\/portal\/2024\/05\/05\/grandioso-show-de-madona-en-rio-de-janeiro\/#primaryimage"},"thumbnailUrl":"https:\/\/www.eldiario.net\/portal\/wp-content\/uploads\/2024\/05\/Madona-Reuters.jpg","datePublished":"2024-05-05T10:33:43+00:00","breadcrumb":{"@id":"https:\/\/www.eldiario.net\/portal\/2024\/05\/05\/grandioso-show-de-madona-en-rio-de-janeiro\/#breadcrumb"},"inLanguage":"es","potentialAction":[{"@type":"ReadAction","target":["https:\/\/www.eldiario.net\/portal\/2024\/05\/05\/grandioso-show-de-madona-en-rio-de-janeiro\/"]}]},{"@type":"ImageObject","inLanguage":"es","@id":"https:\/\/www.eldiario.net\/portal\/2024\/05\/05\/grandioso-show-de-madona-en-rio-de-janeiro\/#primaryimage","url":"https:\/\/www.eldiario.net\/portal\/wp-content\/uploads\/2024\/05\/Madona-Reuters.jpg","contentUrl":"https:\/\/www.eldiario.net\/portal\/wp-content\/uploads\/2024\/05\/Madona-Reuters.jpg","width":768,"height":512,"caption":"Fiel a su estilo durante esta gira, Madonna inici\u00f3 su espect\u00e1culo con una hora de retraso. CR\u00c9DITO: REUTERS"},{"@type":"BreadcrumbList","@id":"https:\/\/www.eldiario.net\/portal\/2024\/05\/05\/grandioso-show-de-madona-en-rio-de-janeiro\/#breadcrumb","itemListElement":[{"@type":"ListItem","position":1,"name":"Portada","item":"https:\/\/www.eldiario.net\/portal\/"},{"@type":"ListItem","position":2,"name":"Grandioso show de Madona en R\u00edo de Janeiro"}]},{"@type":"WebSite","@id":"https:\/\/www.eldiario.net\/portal\/#website","url":"https:\/\/www.eldiario.net\/portal\/","name":"El Diario - Decano de la prensa nacional","description":"El Diario - Decano de la prensa nacional","publisher":{"@id":"https:\/\/www.eldiario.net\/portal\/#organization"},"potentialAction":[{"@type":"SearchAction","target":{"@type":"EntryPoint","urlTemplate":"https:\/\/www.eldiario.net\/portal\/?s={search_term_string}"},"query-input":{"@type":"PropertyValueSpecification","valueRequired":true,"valueName":"search_term_string"}}],"inLanguage":"es"},{"@type":"Organization","@id":"https:\/\/www.eldiario.net\/portal\/#organization","name":"El Diario - Decano de la prensa nacional","url":"https:\/\/www.eldiario.net\/portal\/","logo":{"@type":"ImageObject","inLanguage":"es","@id":"https:\/\/www.eldiario.net\/portal\/#\/schema\/logo\/image\/","url":"https:\/\/www.eldiario.net\/portal\/wp-content\/uploads\/2023\/07\/logo_ED.jpg","contentUrl":"https:\/\/www.eldiario.net\/portal\/wp-content\/uploads\/2023\/07\/logo_ED.jpg","width":272,"height":52,"caption":"El Diario - Decano de la prensa nacional"},"image":{"@id":"https:\/\/www.eldiario.net\/portal\/#\/schema\/logo\/image\/"},"sameAs":["https:\/\/www.facebook.com\/eldiario.bolivia\/","https:\/\/x.com\/eldiario_net"]},{"@type":"Person","@id":"https:\/\/www.eldiario.net\/portal\/#\/schema\/person\/f46445640444750d7d753ccd04ae01b7","name":"Jeanette","image":{"@type":"ImageObject","inLanguage":"es","@id":"https:\/\/secure.gravatar.com\/avatar\/3ea2118a5f7dad2b7138b1187a6b7ee55f160b9968b66013c3a3ef39dd7e5798?s=96&d=mm&r=g","url":"https:\/\/secure.gravatar.com\/avatar\/3ea2118a5f7dad2b7138b1187a6b7ee55f160b9968b66013c3a3ef39dd7e5798?s=96&d=mm&r=g","contentUrl":"https:\/\/secure.gravatar.com\/avatar\/3ea2118a5f7dad2b7138b1187a6b7ee55f160b9968b66013c3a3ef39dd7e5798?s=96&d=mm&r=g","caption":"Jeanette"},"sameAs":["https:\/\/www.eldiario.net\/portal"],"url":"https:\/\/www.eldiario.net\/portal\/author\/jeanette\/"}]}},"_links":{"self":[{"href":"https:\/\/www.eldiario.net\/portal\/wp-json\/wp\/v2\/posts\/218526","targetHints":{"allow":["GET"]}}],"collection":[{"href":"https:\/\/www.eldiario.net\/portal\/wp-json\/wp\/v2\/posts"}],"about":[{"href":"https:\/\/www.eldiario.net\/portal\/wp-json\/wp\/v2\/types\/post"}],"author":[{"embeddable":true,"href":"https:\/\/www.eldiario.net\/portal\/wp-json\/wp\/v2\/users\/1"}],"replies":[{"embeddable":true,"href":"https:\/\/www.eldiario.net\/portal\/wp-json\/wp\/v2\/comments?post=218526"}],"version-history":[{"count":1,"href":"https:\/\/www.eldiario.net\/portal\/wp-json\/wp\/v2\/posts\/218526\/revisions"}],"predecessor-version":[{"id":218528,"href":"https:\/\/www.eldiario.net\/portal\/wp-json\/wp\/v2\/posts\/218526\/revisions\/218528"}],"wp:featuredmedia":[{"embeddable":true,"href":"https:\/\/www.eldiario.net\/portal\/wp-json\/wp\/v2\/media\/218527"}],"wp:attachment":[{"href":"https:\/\/www.eldiario.net\/portal\/wp-json\/wp\/v2\/media?parent=218526"}],"wp:term":[{"taxonomy":"category","embeddable":true,"href":"https:\/\/www.eldiario.net\/portal\/wp-json\/wp\/v2\/categories?post=218526"},{"taxonomy":"post_tag","embeddable":true,"href":"https:\/\/www.eldiario.net\/portal\/wp-json\/wp\/v2\/tags?post=218526"}],"curies":[{"name":"wp","href":"https:\/\/api.w.org\/{rel}","templated":true}]}}