{"id":218520,"date":"2024-05-05T06:31:17","date_gmt":"2024-05-05T10:31:17","guid":{"rendered":"https:\/\/www.eldiario.net\/portal\/?p=218520"},"modified":"2024-05-05T06:31:17","modified_gmt":"2024-05-05T10:31:17","slug":"cada-tres-dias-hubo-violacion-a-la-libertad-de-prensa-en-2023","status":"publish","type":"post","link":"https:\/\/www.eldiario.net\/portal\/2024\/05\/05\/cada-tres-dias-hubo-violacion-a-la-libertad-de-prensa-en-2023\/","title":{"rendered":"Cada tres d\u00edas hubo violaci\u00f3n a la libertad de prensa en 2023"},"content":{"rendered":"<p class=\"v1MsoNormal\">Agresiones f\u00edsicas y psicol\u00f3gicas, amenazas, incumplimientos al deber de protecci\u00f3n e impedimentos de acceso a la informaci\u00f3n a periodistas fueron las vulneraciones m\u00e1s recurrentes contra la libertad de prensa en Bolivia durante el a\u00f1o 2023, acumulando un total de 143 violaciones que muestran que cada tres d\u00edas hubo una transgresi\u00f3n.<\/p>\n<p class=\"v1MsoNormal\">Seg\u00fan datos del Observatorio de Defensores de Derechos de UNITAS,\u00a0los actores que m\u00e1s vulneran la libertad de prensa se dividen en dos grupos principalmente: La Polic\u00eda Nacional y grupos de personas, ambos con 34 registros. Le siguen autoridades del ejecutivo nacional (11 registros), cooperativas mineras (10), autoridades del \u00d3rgano Judicial (9), el Ministerio P\u00fablico (6), entre otros.<\/p>\n","protected":false},"excerpt":{"rendered":"<p>Agresiones f\u00edsicas y psicol\u00f3gicas, amenazas, incumplimientos al deber de protecci\u00f3n e impedimentos de acceso a la informaci\u00f3n a periodistas fueron las vulneraciones m\u00e1s recurrentes contra la libertad de prensa en Bolivia durante el a\u00f1o 2023, acumulando un total de 143 violaciones que muestran que cada tres d\u00edas hubo una transgresi\u00f3n. Seg\u00fan datos del Observatorio de [&hellip;]<\/p>\n","protected":false},"author":1,"featured_media":218521,"comment_status":"open","ping_status":"open","sticky":false,"template":"","format":"standard","meta":{"_acf_changed":false,"footnotes":""},"categories":[15],"tags":[],"class_list":["post-218520","post","type-post","status-publish","format-standard","has-post-thumbnail","category-portada"],"acf":{"antetitulo":"Seg\u00fan Unitas"},"yoast_head":"<!-- This site is optimized with the Yoast SEO plugin v28.3 - https:\/\/yoast.com\/product\/yoast-seo-wordpress\/ -->\n<title>Cada tres d\u00edas hubo violaci\u00f3n a la libertad de prensa en 2023 - El Diario - Bolivia<\/title>\n<meta name=\"robots\" content=\"index, follow, max-snippet:-1, max-image-preview:large, max-video-preview:-1\" \/>\n<link rel=\"canonical\" href=\"https:\/\/www.eldiario.net\/portal\/2024\/05\/05\/cada-tres-dias-hubo-violacion-a-la-libertad-de-prensa-en-2023\/\" \/>\n<meta property=\"og:locale\" content=\"es_ES\" \/>\n<meta property=\"og:type\" content=\"article\" \/>\n<meta property=\"og:title\" content=\"Cada tres d\u00edas hubo violaci\u00f3n a la libertad de prensa en 2023 - El Diario - Bolivia\" \/>\n<meta property=\"og:description\" content=\"Agresiones f\u00edsicas y psicol\u00f3gicas, amenazas, incumplimientos al deber de protecci\u00f3n e impedimentos de acceso a la informaci\u00f3n a periodistas fueron las vulneraciones m\u00e1s recurrentes contra la libertad de prensa en Bolivia durante el a\u00f1o 2023, acumulando un total de 143 violaciones que muestran que cada tres d\u00edas hubo una transgresi\u00f3n. Seg\u00fan datos del Observatorio de [&hellip;]\" \/>\n<meta property=\"og:url\" content=\"https:\/\/www.eldiario.net\/portal\/2024\/05\/05\/cada-tres-dias-hubo-violacion-a-la-libertad-de-prensa-en-2023\/\" \/>\n<meta property=\"og:site_name\" content=\"El Diario - Bolivia\" \/>\n<meta property=\"article:publisher\" content=\"https:\/\/www.facebook.com\/eldiario.bolivia\/\" \/>\n<meta property=\"article:published_time\" content=\"2024-05-05T10:31:17+00:00\" \/>\n<meta property=\"og:image\" content=\"https:\/\/www.eldiario.net\/portal\/wp-content\/uploads\/2024\/05\/No-violencia-sumando-voces.jpeg\" \/>\n\t<meta property=\"og:image:width\" content=\"680\" \/>\n\t<meta property=\"og:image:height\" content=\"424\" \/>\n\t<meta property=\"og:image:type\" content=\"image\/jpeg\" \/>\n<meta name=\"author\" content=\"Jeanette\" \/>\n<meta name=\"twitter:card\" content=\"summary_large_image\" \/>\n<meta name=\"twitter:creator\" content=\"@eldiario_net\" \/>\n<meta name=\"twitter:site\" content=\"@eldiario_net\" \/>\n<meta name=\"twitter:label1\" content=\"Escrito por\" \/>\n\t<meta name=\"twitter:data1\" content=\"Jeanette\" \/>\n\t<meta name=\"twitter:label2\" content=\"Tiempo de lectura\" \/>\n\t<meta name=\"twitter:data2\" content=\"1 minuto\" \/>\n<script type=\"application\/ld+json\" class=\"yoast-schema-graph\">{\"@context\":\"https:\\\/\\\/schema.org\",\"@graph\":[{\"@type\":\"Article\",\"@id\":\"https:\\\/\\\/www.eldiario.net\\\/portal\\\/2024\\\/05\\\/05\\\/cada-tres-dias-hubo-violacion-a-la-libertad-de-prensa-en-2023\\\/#article\",\"isPartOf\":{\"@id\":\"https:\\\/\\\/www.eldiario.net\\\/portal\\\/2024\\\/05\\\/05\\\/cada-tres-dias-hubo-violacion-a-la-libertad-de-prensa-en-2023\\\/\"},\"author\":{\"name\":\"Jeanette\",\"@id\":\"https:\\\/\\\/www.eldiario.net\\\/portal\\\/#\\\/schema\\\/person\\\/f46445640444750d7d753ccd04ae01b7\"},\"headline\":\"Cada tres d\u00edas hubo violaci\u00f3n a la libertad de prensa en 2023\",\"datePublished\":\"2024-05-05T10:31:17+00:00\",\"mainEntityOfPage\":{\"@id\":\"https:\\\/\\\/www.eldiario.net\\\/portal\\\/2024\\\/05\\\/05\\\/cada-tres-dias-hubo-violacion-a-la-libertad-de-prensa-en-2023\\\/\"},\"wordCount\":126,\"commentCount\":0,\"publisher\":{\"@id\":\"https:\\\/\\\/www.eldiario.net\\\/portal\\\/#organization\"},\"image\":{\"@id\":\"https:\\\/\\\/www.eldiario.net\\\/portal\\\/2024\\\/05\\\/05\\\/cada-tres-dias-hubo-violacion-a-la-libertad-de-prensa-en-2023\\\/#primaryimage\"},\"thumbnailUrl\":\"https:\\\/\\\/www.eldiario.net\\\/portal\\\/wp-content\\\/uploads\\\/2024\\\/05\\\/No-violencia-sumando-voces.jpeg\",\"articleSection\":[\"Portada\"],\"inLanguage\":\"es\",\"potentialAction\":[{\"@type\":\"CommentAction\",\"name\":\"Comment\",\"target\":[\"https:\\\/\\\/www.eldiario.net\\\/portal\\\/2024\\\/05\\\/05\\\/cada-tres-dias-hubo-violacion-a-la-libertad-de-prensa-en-2023\\\/#respond\"]}]},{\"@type\":\"WebPage\",\"@id\":\"https:\\\/\\\/www.eldiario.net\\\/portal\\\/2024\\\/05\\\/05\\\/cada-tres-dias-hubo-violacion-a-la-libertad-de-prensa-en-2023\\\/\",\"url\":\"https:\\\/\\\/www.eldiario.net\\\/portal\\\/2024\\\/05\\\/05\\\/cada-tres-dias-hubo-violacion-a-la-libertad-de-prensa-en-2023\\\/\",\"name\":\"Cada tres d\u00edas hubo violaci\u00f3n a la libertad de prensa en 2023 - El Diario - Bolivia\",\"isPartOf\":{\"@id\":\"https:\\\/\\\/www.eldiario.net\\\/portal\\\/#website\"},\"primaryImageOfPage\":{\"@id\":\"https:\\\/\\\/www.eldiario.net\\\/portal\\\/2024\\\/05\\\/05\\\/cada-tres-dias-hubo-violacion-a-la-libertad-de-prensa-en-2023\\\/#primaryimage\"},\"image\":{\"@id\":\"https:\\\/\\\/www.eldiario.net\\\/portal\\\/2024\\\/05\\\/05\\\/cada-tres-dias-hubo-violacion-a-la-libertad-de-prensa-en-2023\\\/#primaryimage\"},\"thumbnailUrl\":\"https:\\\/\\\/www.eldiario.net\\\/portal\\\/wp-content\\\/uploads\\\/2024\\\/05\\\/No-violencia-sumando-voces.jpeg\",\"datePublished\":\"2024-05-05T10:31:17+00:00\",\"breadcrumb\":{\"@id\":\"https:\\\/\\\/www.eldiario.net\\\/portal\\\/2024\\\/05\\\/05\\\/cada-tres-dias-hubo-violacion-a-la-libertad-de-prensa-en-2023\\\/#breadcrumb\"},\"inLanguage\":\"es\",\"potentialAction\":[{\"@type\":\"ReadAction\",\"target\":[\"https:\\\/\\\/www.eldiario.net\\\/portal\\\/2024\\\/05\\\/05\\\/cada-tres-dias-hubo-violacion-a-la-libertad-de-prensa-en-2023\\\/\"]}]},{\"@type\":\"ImageObject\",\"inLanguage\":\"es\",\"@id\":\"https:\\\/\\\/www.eldiario.net\\\/portal\\\/2024\\\/05\\\/05\\\/cada-tres-dias-hubo-violacion-a-la-libertad-de-prensa-en-2023\\\/#primaryimage\",\"url\":\"https:\\\/\\\/www.eldiario.net\\\/portal\\\/wp-content\\\/uploads\\\/2024\\\/05\\\/No-violencia-sumando-voces.jpeg\",\"contentUrl\":\"https:\\\/\\\/www.eldiario.net\\\/portal\\\/wp-content\\\/uploads\\\/2024\\\/05\\\/No-violencia-sumando-voces.jpeg\",\"width\":680,\"height\":424,\"caption\":\"Rechazo a la violencia contra periodistas. CR\u00c9DITO: Sumando voces\"},{\"@type\":\"BreadcrumbList\",\"@id\":\"https:\\\/\\\/www.eldiario.net\\\/portal\\\/2024\\\/05\\\/05\\\/cada-tres-dias-hubo-violacion-a-la-libertad-de-prensa-en-2023\\\/#breadcrumb\",\"itemListElement\":[{\"@type\":\"ListItem\",\"position\":1,\"name\":\"Portada\",\"item\":\"https:\\\/\\\/www.eldiario.net\\\/portal\\\/\"},{\"@type\":\"ListItem\",\"position\":2,\"name\":\"Cada tres d\u00edas hubo violaci\u00f3n a la libertad de prensa en 2023\"}]},{\"@type\":\"WebSite\",\"@id\":\"https:\\\/\\\/www.eldiario.net\\\/portal\\\/#website\",\"url\":\"https:\\\/\\\/www.eldiario.net\\\/portal\\\/\",\"name\":\"El Diario - Decano de la prensa nacional\",\"description\":\"El Diario - Decano de la prensa nacional\",\"publisher\":{\"@id\":\"https:\\\/\\\/www.eldiario.net\\\/portal\\\/#organization\"},\"potentialAction\":[{\"@type\":\"SearchAction\",\"target\":{\"@type\":\"EntryPoint\",\"urlTemplate\":\"https:\\\/\\\/www.eldiario.net\\\/portal\\\/?s={search_term_string}\"},\"query-input\":{\"@type\":\"PropertyValueSpecification\",\"valueRequired\":true,\"valueName\":\"search_term_string\"}}],\"inLanguage\":\"es\"},{\"@type\":\"Organization\",\"@id\":\"https:\\\/\\\/www.eldiario.net\\\/portal\\\/#organization\",\"name\":\"El Diario - Decano de la prensa nacional\",\"url\":\"https:\\\/\\\/www.eldiario.net\\\/portal\\\/\",\"logo\":{\"@type\":\"ImageObject\",\"inLanguage\":\"es\",\"@id\":\"https:\\\/\\\/www.eldiario.net\\\/portal\\\/#\\\/schema\\\/logo\\\/image\\\/\",\"url\":\"https:\\\/\\\/www.eldiario.net\\\/portal\\\/wp-content\\\/uploads\\\/2023\\\/07\\\/logo_ED.jpg\",\"contentUrl\":\"https:\\\/\\\/www.eldiario.net\\\/portal\\\/wp-content\\\/uploads\\\/2023\\\/07\\\/logo_ED.jpg\",\"width\":272,\"height\":52,\"caption\":\"El Diario - Decano de la prensa nacional\"},\"image\":{\"@id\":\"https:\\\/\\\/www.eldiario.net\\\/portal\\\/#\\\/schema\\\/logo\\\/image\\\/\"},\"sameAs\":[\"https:\\\/\\\/www.facebook.com\\\/eldiario.bolivia\\\/\",\"https:\\\/\\\/x.com\\\/eldiario_net\"]},{\"@type\":\"Person\",\"@id\":\"https:\\\/\\\/www.eldiario.net\\\/portal\\\/#\\\/schema\\\/person\\\/f46445640444750d7d753ccd04ae01b7\",\"name\":\"Jeanette\",\"image\":{\"@type\":\"ImageObject\",\"inLanguage\":\"es\",\"@id\":\"https:\\\/\\\/secure.gravatar.com\\\/avatar\\\/3ea2118a5f7dad2b7138b1187a6b7ee55f160b9968b66013c3a3ef39dd7e5798?s=96&d=mm&r=g\",\"url\":\"https:\\\/\\\/secure.gravatar.com\\\/avatar\\\/3ea2118a5f7dad2b7138b1187a6b7ee55f160b9968b66013c3a3ef39dd7e5798?s=96&d=mm&r=g\",\"contentUrl\":\"https:\\\/\\\/secure.gravatar.com\\\/avatar\\\/3ea2118a5f7dad2b7138b1187a6b7ee55f160b9968b66013c3a3ef39dd7e5798?s=96&d=mm&r=g\",\"caption\":\"Jeanette\"},\"sameAs\":[\"https:\\\/\\\/www.eldiario.net\\\/portal\"],\"url\":\"https:\\\/\\\/www.eldiario.net\\\/portal\\\/author\\\/jeanette\\\/\"}]}<\/script>\n<!-- \/ Yoast SEO plugin. -->","yoast_head_json":{"title":"Cada tres d\u00edas hubo violaci\u00f3n a la libertad de prensa en 2023 - El Diario - Bolivia","robots":{"index":"index","follow":"follow","max-snippet":"max-snippet:-1","max-image-preview":"max-image-preview:large","max-video-preview":"max-video-preview:-1"},"canonical":"https:\/\/www.eldiario.net\/portal\/2024\/05\/05\/cada-tres-dias-hubo-violacion-a-la-libertad-de-prensa-en-2023\/","og_locale":"es_ES","og_type":"article","og_title":"Cada tres d\u00edas hubo violaci\u00f3n a la libertad de prensa en 2023 - El Diario - Bolivia","og_description":"Agresiones f\u00edsicas y psicol\u00f3gicas, amenazas, incumplimientos al deber de protecci\u00f3n e impedimentos de acceso a la informaci\u00f3n a periodistas fueron las vulneraciones m\u00e1s recurrentes contra la libertad de prensa en Bolivia durante el a\u00f1o 2023, acumulando un total de 143 violaciones que muestran que cada tres d\u00edas hubo una transgresi\u00f3n. Seg\u00fan datos del Observatorio de [&hellip;]","og_url":"https:\/\/www.eldiario.net\/portal\/2024\/05\/05\/cada-tres-dias-hubo-violacion-a-la-libertad-de-prensa-en-2023\/","og_site_name":"El Diario - Bolivia","article_publisher":"https:\/\/www.facebook.com\/eldiario.bolivia\/","article_published_time":"2024-05-05T10:31:17+00:00","og_image":[{"width":680,"height":424,"url":"https:\/\/www.eldiario.net\/portal\/wp-content\/uploads\/2024\/05\/No-violencia-sumando-voces.jpeg","type":"image\/jpeg"}],"author":"Jeanette","twitter_card":"summary_large_image","twitter_creator":"@eldiario_net","twitter_site":"@eldiario_net","twitter_misc":{"Escrito por":"Jeanette","Tiempo de lectura":"1 minuto"},"schema":{"@context":"https:\/\/schema.org","@graph":[{"@type":"Article","@id":"https:\/\/www.eldiario.net\/portal\/2024\/05\/05\/cada-tres-dias-hubo-violacion-a-la-libertad-de-prensa-en-2023\/#article","isPartOf":{"@id":"https:\/\/www.eldiario.net\/portal\/2024\/05\/05\/cada-tres-dias-hubo-violacion-a-la-libertad-de-prensa-en-2023\/"},"author":{"name":"Jeanette","@id":"https:\/\/www.eldiario.net\/portal\/#\/schema\/person\/f46445640444750d7d753ccd04ae01b7"},"headline":"Cada tres d\u00edas hubo violaci\u00f3n a la libertad de prensa en 2023","datePublished":"2024-05-05T10:31:17+00:00","mainEntityOfPage":{"@id":"https:\/\/www.eldiario.net\/portal\/2024\/05\/05\/cada-tres-dias-hubo-violacion-a-la-libertad-de-prensa-en-2023\/"},"wordCount":126,"commentCount":0,"publisher":{"@id":"https:\/\/www.eldiario.net\/portal\/#organization"},"image":{"@id":"https:\/\/www.eldiario.net\/portal\/2024\/05\/05\/cada-tres-dias-hubo-violacion-a-la-libertad-de-prensa-en-2023\/#primaryimage"},"thumbnailUrl":"https:\/\/www.eldiario.net\/portal\/wp-content\/uploads\/2024\/05\/No-violencia-sumando-voces.jpeg","articleSection":["Portada"],"inLanguage":"es","potentialAction":[{"@type":"CommentAction","name":"Comment","target":["https:\/\/www.eldiario.net\/portal\/2024\/05\/05\/cada-tres-dias-hubo-violacion-a-la-libertad-de-prensa-en-2023\/#respond"]}]},{"@type":"WebPage","@id":"https:\/\/www.eldiario.net\/portal\/2024\/05\/05\/cada-tres-dias-hubo-violacion-a-la-libertad-de-prensa-en-2023\/","url":"https:\/\/www.eldiario.net\/portal\/2024\/05\/05\/cada-tres-dias-hubo-violacion-a-la-libertad-de-prensa-en-2023\/","name":"Cada tres d\u00edas hubo violaci\u00f3n a la libertad de prensa en 2023 - El Diario - Bolivia","isPartOf":{"@id":"https:\/\/www.eldiario.net\/portal\/#website"},"primaryImageOfPage":{"@id":"https:\/\/www.eldiario.net\/portal\/2024\/05\/05\/cada-tres-dias-hubo-violacion-a-la-libertad-de-prensa-en-2023\/#primaryimage"},"image":{"@id":"https:\/\/www.eldiario.net\/portal\/2024\/05\/05\/cada-tres-dias-hubo-violacion-a-la-libertad-de-prensa-en-2023\/#primaryimage"},"thumbnailUrl":"https:\/\/www.eldiario.net\/portal\/wp-content\/uploads\/2024\/05\/No-violencia-sumando-voces.jpeg","datePublished":"2024-05-05T10:31:17+00:00","breadcrumb":{"@id":"https:\/\/www.eldiario.net\/portal\/2024\/05\/05\/cada-tres-dias-hubo-violacion-a-la-libertad-de-prensa-en-2023\/#breadcrumb"},"inLanguage":"es","potentialAction":[{"@type":"ReadAction","target":["https:\/\/www.eldiario.net\/portal\/2024\/05\/05\/cada-tres-dias-hubo-violacion-a-la-libertad-de-prensa-en-2023\/"]}]},{"@type":"ImageObject","inLanguage":"es","@id":"https:\/\/www.eldiario.net\/portal\/2024\/05\/05\/cada-tres-dias-hubo-violacion-a-la-libertad-de-prensa-en-2023\/#primaryimage","url":"https:\/\/www.eldiario.net\/portal\/wp-content\/uploads\/2024\/05\/No-violencia-sumando-voces.jpeg","contentUrl":"https:\/\/www.eldiario.net\/portal\/wp-content\/uploads\/2024\/05\/No-violencia-sumando-voces.jpeg","width":680,"height":424,"caption":"Rechazo a la violencia contra periodistas. CR\u00c9DITO: Sumando voces"},{"@type":"BreadcrumbList","@id":"https:\/\/www.eldiario.net\/portal\/2024\/05\/05\/cada-tres-dias-hubo-violacion-a-la-libertad-de-prensa-en-2023\/#breadcrumb","itemListElement":[{"@type":"ListItem","position":1,"name":"Portada","item":"https:\/\/www.eldiario.net\/portal\/"},{"@type":"ListItem","position":2,"name":"Cada tres d\u00edas hubo violaci\u00f3n a la libertad de prensa en 2023"}]},{"@type":"WebSite","@id":"https:\/\/www.eldiario.net\/portal\/#website","url":"https:\/\/www.eldiario.net\/portal\/","name":"El Diario - Decano de la prensa nacional","description":"El Diario - Decano de la prensa nacional","publisher":{"@id":"https:\/\/www.eldiario.net\/portal\/#organization"},"potentialAction":[{"@type":"SearchAction","target":{"@type":"EntryPoint","urlTemplate":"https:\/\/www.eldiario.net\/portal\/?s={search_term_string}"},"query-input":{"@type":"PropertyValueSpecification","valueRequired":true,"valueName":"search_term_string"}}],"inLanguage":"es"},{"@type":"Organization","@id":"https:\/\/www.eldiario.net\/portal\/#organization","name":"El Diario - Decano de la prensa nacional","url":"https:\/\/www.eldiario.net\/portal\/","logo":{"@type":"ImageObject","inLanguage":"es","@id":"https:\/\/www.eldiario.net\/portal\/#\/schema\/logo\/image\/","url":"https:\/\/www.eldiario.net\/portal\/wp-content\/uploads\/2023\/07\/logo_ED.jpg","contentUrl":"https:\/\/www.eldiario.net\/portal\/wp-content\/uploads\/2023\/07\/logo_ED.jpg","width":272,"height":52,"caption":"El Diario - Decano de la prensa nacional"},"image":{"@id":"https:\/\/www.eldiario.net\/portal\/#\/schema\/logo\/image\/"},"sameAs":["https:\/\/www.facebook.com\/eldiario.bolivia\/","https:\/\/x.com\/eldiario_net"]},{"@type":"Person","@id":"https:\/\/www.eldiario.net\/portal\/#\/schema\/person\/f46445640444750d7d753ccd04ae01b7","name":"Jeanette","image":{"@type":"ImageObject","inLanguage":"es","@id":"https:\/\/secure.gravatar.com\/avatar\/3ea2118a5f7dad2b7138b1187a6b7ee55f160b9968b66013c3a3ef39dd7e5798?s=96&d=mm&r=g","url":"https:\/\/secure.gravatar.com\/avatar\/3ea2118a5f7dad2b7138b1187a6b7ee55f160b9968b66013c3a3ef39dd7e5798?s=96&d=mm&r=g","contentUrl":"https:\/\/secure.gravatar.com\/avatar\/3ea2118a5f7dad2b7138b1187a6b7ee55f160b9968b66013c3a3ef39dd7e5798?s=96&d=mm&r=g","caption":"Jeanette"},"sameAs":["https:\/\/www.eldiario.net\/portal"],"url":"https:\/\/www.eldiario.net\/portal\/author\/jeanette\/"}]}},"_links":{"self":[{"href":"https:\/\/www.eldiario.net\/portal\/wp-json\/wp\/v2\/posts\/218520","targetHints":{"allow":["GET"]}}],"collection":[{"href":"https:\/\/www.eldiario.net\/portal\/wp-json\/wp\/v2\/posts"}],"about":[{"href":"https:\/\/www.eldiario.net\/portal\/wp-json\/wp\/v2\/types\/post"}],"author":[{"embeddable":true,"href":"https:\/\/www.eldiario.net\/portal\/wp-json\/wp\/v2\/users\/1"}],"replies":[{"embeddable":true,"href":"https:\/\/www.eldiario.net\/portal\/wp-json\/wp\/v2\/comments?post=218520"}],"version-history":[{"count":1,"href":"https:\/\/www.eldiario.net\/portal\/wp-json\/wp\/v2\/posts\/218520\/revisions"}],"predecessor-version":[{"id":218522,"href":"https:\/\/www.eldiario.net\/portal\/wp-json\/wp\/v2\/posts\/218520\/revisions\/218522"}],"wp:featuredmedia":[{"embeddable":true,"href":"https:\/\/www.eldiario.net\/portal\/wp-json\/wp\/v2\/media\/218521"}],"wp:attachment":[{"href":"https:\/\/www.eldiario.net\/portal\/wp-json\/wp\/v2\/media?parent=218520"}],"wp:term":[{"taxonomy":"category","embeddable":true,"href":"https:\/\/www.eldiario.net\/portal\/wp-json\/wp\/v2\/categories?post=218520"},{"taxonomy":"post_tag","embeddable":true,"href":"https:\/\/www.eldiario.net\/portal\/wp-json\/wp\/v2\/tags?post=218520"}],"curies":[{"name":"wp","href":"https:\/\/api.w.org\/{rel}","templated":true}]}}