{"id":218491,"date":"2024-05-04T06:57:35","date_gmt":"2024-05-04T10:57:35","guid":{"rendered":"https:\/\/www.eldiario.net\/portal\/?p=218491"},"modified":"2024-05-04T06:57:35","modified_gmt":"2024-05-04T10:57:35","slug":"en-museo-de-arte-se-exhibira-pelicula-sobre-la-artista-sueca-hilma-af-klint","status":"publish","type":"post","link":"https:\/\/www.eldiario.net\/portal\/2024\/05\/04\/en-museo-de-arte-se-exhibira-pelicula-sobre-la-artista-sueca-hilma-af-klint\/","title":{"rendered":"En Museo de Arte se exhibir\u00e1 pel\u00edcula sobre la artista sueca Hilma af Klint"},"content":{"rendered":"<p>Al hablar de arte abstracto, probablemente nombres como Kandinsky, Mondrian, Klee o Matisse son los primeros que vienen a la mente. De hecho, en una carta enviada a su galerista en Nueva York en 1935, el propio Kandinsky declaraba que una pintura suya marcaba el nacimiento del arte abstracto. Sin embargo, en un estudio en Estocolmo desde el a\u00f1o 1906, complejas obras en gran formato, colores brillantes y formas nac\u00edan del pincel de Hilma af Klint. No fue sino 74 a\u00f1os despu\u00e9s de su muerte que sus pinturas fueron expuestas batiendo records con m\u00e1s de 600.000 visitantes en el museo Guggenheim en Nueva York.<\/p>\n<p>La interesante vida de af Klint se plasma en la pel\u00edcula dirigida por el director sueco ganador de \u00f3scares Lasse H\u00e4llstrom. Hilma es la primera pel\u00edcula sueca en el EUROCINE 2024 y ser\u00e1 exhibida el lunes 6 de mayo, a horas 18:00, en el Patio de Cristal del Museo Nacional de Arte (MNA). El ingreso es completamente gratuito. Adem\u00e1s de la pel\u00edcula, el p\u00fablico asistente podr\u00e1 disfrutar de una visita a la exposici\u00f3n <em>Creadoras<\/em>, estrenada en 2023 en el MNA.<\/p>\n<p>\u201cAun cuando muchos kil\u00f3metros y a\u00f1os separan las historias de Hilma af Klint y las de las artistas pl\u00e1sticas bolivianas, la falta de reconocimiento, la invisibilizaci\u00f3n y la dificultad para sobresalir en un \u00e1mbito como el arte son tem\u00e1ticas recurrentes\u201d, comenta el jefe de negocios de la Embajada de Suecia, Fredrik Uggla. \u201cEs por esto que nos interes\u00f3 mucho casar la exhibici\u00f3n de esta gran pel\u00edcula con la exposici\u00f3n del Museo Nacional de Arte, uniendo fuerzas para hablar de la deuda hist\u00f3rica del arte con las mujeres\u201d, dice.<\/p>\n<p>Esta pel\u00edcula forma parte de la muestra EUROCINE 2024, que se extender\u00e1 hasta el 12 de mayo en La Paz con sede principal en la Cinemateca Boliviana. En este repositorio, el s\u00e1bado 11, a las 19:30, Suecia volver\u00e1 a presentarse con el filme \u201cLa ni\u00f1a, la madre y los demonios\u201d de la reconocida cineasta sueca Suzanne Osten. Este es un filme que reflexiona sobre la salud mental y el contraste con maternidad y los roles de cuidado, volviendo a plantear el debate desde la perspectiva de g\u00e9nero. Y con el apoyo de la Embajada, se cierra el ciclo el domingo 12 de mayo, a las 17:00, con la pel\u00edcula ucraniana \u201c20 d\u00edas en Mariupol\u201d documental ganador del \u00d3scar 2024 en esta categor\u00eda.<\/p>\n<p>La cinta retrata los horrores de la guerra y cuenta la historia desde la primera l\u00ednea de guerra, reflejando una cruda realidad que, sin embargo, es necesario conocer.<\/p>\n<p>&nbsp;<\/p>\n<p>&nbsp;<\/p>\n<p>&nbsp;<\/p>\n<p><strong>\u00bfQu\u00e9 m\u00e1s tiene la tercera muestra <\/strong><\/p>\n<p><strong>de cine europeo EUROCINE\u00a0 2024?<\/strong><\/p>\n<p>&nbsp;<\/p>\n<p>&nbsp;<\/p>\n<p>La tercera versi\u00f3n de la muestra de cine europeo EUROCINE 2024 comenz\u00f3 en La Paz el pasado jueves y se extender\u00e1 hasta el 12 de mayo.<\/p>\n<p>La Delegaci\u00f3n de la Uni\u00f3n Europea y las embajadas de sus Estados miembros, Alemania, Espa\u00f1a, Francia, Italia, Suecia y el invitado Ucrania, son los pa\u00edses encargados de exhibir sus filmes en la sala Amalia Gallardo de la Cinemateca Boliviana y los espacios culturales:<\/p>\n<p>Centro Cultural de Espa\u00f1a en La Paz (CCELP), Manq\u2019a de Sopocachi y el Museo Nacional de Arte.<\/p>\n<p>Este a\u00f1o, el evento llegar\u00e1 por primera vez a Santa Cruz, donde se desarrollar\u00e1 del 16 al 21 de mayo.<\/p>\n<p>Como ya es tradici\u00f3n, EUROCINE presenta filmes y documentales galardonados en Europa y el mundo y que, por primera vez, ser\u00e1n mostrados en el pa\u00eds. Esta actividad se realiza con el objetivo de fortalecer los lazos de cooperaci\u00f3n entre Bolivia y Europa a trav\u00e9s del s\u00e9ptimo arte.<\/p>\n<p>Seg\u00fan la organizaci\u00f3n del EUROCINE, Alemania fue el pa\u00eds que abri\u00f3 la muestra el 2 de mayo con la exhibici\u00f3n de la galardonada cinta \u201cPerfect Days\u201d, del reconocido director alem\u00e1n Wim Wenders, de quien tambi\u00e9n se presentar\u00e1 uno de sus filmes, catalogado como de \u201cculto\u201d, \u201cPar\u00eds, Texas\u201d, pel\u00edcula que podr\u00e1 verse el 7 de mayo, ambas en la sala Amalia Gallardo de la Cinemateca.<\/p>\n<p>Por su parte, Italia mostrar\u00e1 el filme \u00edtalo \u2013 boliviano titulado \u201cIrregular\u201d, dirigido por Fabrizio Catalano, a exhibirse tambi\u00e9n en la sala principal de la Cinemateca el domingo 5 de mayo, a horas 17.00.<\/p>\n<p>El cine en nuestro idioma llega de la mano de Espa\u00f1a que presentar\u00e1 dos filmes, el primero \u201cTe estoy amando locamente\u201d (2023), catalogada como una pel\u00edcula dram\u00e1tica LGBT y que cont\u00f3 con el reconocimiento del Festival de Cine de Almer\u00eda. El segundo \u201cRamona\u201d (2022), filme que tuvo 13 nominaciones al Premio Goya. Ambas pel\u00edculas se exhibir\u00e1n el 8 y 9 de mayo, respectivamente, en el Centro Cultural de Espa\u00f1a de La Paz desde las 19.00 horas.<\/p>\n<p>Francia tambi\u00e9n est\u00e1 presente con \u201cAdults in the room\u201d (2019), de Costa Gavras, filme que se exhibi\u00f3 ayer en la Cinemateca, y \u201cRevoir Paris\u201d (2022), de Alice Winocour, a proyectarse en Manq\u00b4a el viernes 10 de mayo desde las 19.00 horas.<\/p>\n<p>Con el apoyo de la Embajada de Suecia, Ucrania tendr\u00e1 el honor de cerrar el EUROCINE 2024 con el documental \u201c20 D\u00edas en Mariupol\u201d (2023) de Mstyslav Chernov, el cual muestra c\u00f3mo unos periodistas ucranianos quedan atrapados durante 20 d\u00edas en Mari\u00fapol, ciudad sitiada por el Ej\u00e9rcito ruso. Este trabajo recibi\u00f3 el Oscar a Mejor Documental 2024 y, seg\u00fan la cr\u00edtica, es \u201cla cr\u00f3nica definitiva sobre la Guerra de Ucrania desde primera l\u00ednea de guerra\u201d.<\/p>\n<p>La exhibici\u00f3n de todas las pel\u00edculas es gratuita. Esta actividad es parte de la agenda por el mes aniversario de Europa. La cartelera con horarios y salas confirmadas tambi\u00e9n est\u00e1 publicada en las redes sociales del EUROCINE:<\/p>\n<p>https:\/\/www.facebook.com\/UEenBolivia<\/p>\n<p>https:\/\/www.facebook.com\/<\/p>\n\r\n                <style type=\"text\/css\">\r\n                    \r\n                    #tdi_1  .td-doubleSlider-2 .td-item1 {\r\n                        background: url(https:\/\/www.eldiario.net\/portal\/wp-content\/uploads\/2024\/05\/1-PRINCIPAL-2-80x60.jpg) 0 0 no-repeat;\r\n                    }\r\n                    #tdi_1  .td-doubleSlider-2 .td-item2 {\r\n                        background: url(https:\/\/www.eldiario.net\/portal\/wp-content\/uploads\/2024\/05\/2--80x60.jpg) 0 0 no-repeat;\r\n                    }\r\n                    #tdi_1  .td-doubleSlider-2 .td-item3 {\r\n                        background: url(https:\/\/www.eldiario.net\/portal\/wp-content\/uploads\/2024\/05\/3--80x60.jpg) 0 0 no-repeat;\r\n                    }\r\n                    #tdi_1  .td-doubleSlider-2 .td-item4 {\r\n                        background: url(https:\/\/www.eldiario.net\/portal\/wp-content\/uploads\/2024\/05\/4-2-80x60.jpg) 0 0 no-repeat;\r\n                    }\r\n                <\/style>\r\n\r\n                <div id=\"tdi_1\" class=\"td-gallery td-slide-on-2-columns\">\r\n                    <div class=\"post_td_gallery\">\r\n                        <div class=\"td-gallery-slide-top\">\r\n                           <div class=\"td-gallery-title\"><\/div>\r\n\r\n                            <div class=\"td-gallery-controls-wrapper\">\r\n                                <div class=\"td-gallery-slide-count\"><span class=\"td-gallery-slide-item-focus\">1<\/span> de 4<\/div>\r\n                                <div class=\"td-gallery-slide-prev-next-but\">\r\n                                    <i class = \"td-icon-left doubleSliderPrevButton\"><\/i>\r\n                                    <i class = \"td-icon-right doubleSliderNextButton\"><\/i>\r\n                                <\/div>\r\n                            <\/div>\r\n                        <\/div>\r\n\r\n                        <div class = \"td-doubleSlider-1 \">\r\n                            <div class = \"td-slider\">\r\n                                \r\n                    <div class = \"td-slide-item td-item1\">\r\n                        <figure class=\"td-slide-galery-figure td-slide-popup-gallery\">\r\n                            <a class=\"slide-gallery-image-link\" href=\"https:\/\/www.eldiario.net\/portal\/wp-content\/uploads\/2024\/05\/1-PRINCIPAL-2.jpg\" title=\"1-PRINCIPAL\"  data-caption=\"\"  data-description=\"\">\r\n                                <img decoding=\"async\" src=\"https:\/\/www.eldiario.net\/portal\/wp-content\/uploads\/2024\/05\/1-PRINCIPAL-2-841x420.jpg\" srcset=\"https:\/\/www.eldiario.net\/portal\/wp-content\/uploads\/2024\/05\/1-PRINCIPAL-2-841x420.jpg 841w, https:\/\/www.eldiario.net\/portal\/wp-content\/uploads\/2024\/05\/1-PRINCIPAL-2-300x150.jpg 300w, https:\/\/www.eldiario.net\/portal\/wp-content\/uploads\/2024\/05\/1-PRINCIPAL-2-1024x512.jpg 1024w, https:\/\/www.eldiario.net\/portal\/wp-content\/uploads\/2024\/05\/1-PRINCIPAL-2-768x384.jpg 768w, https:\/\/www.eldiario.net\/portal\/wp-content\/uploads\/2024\/05\/1-PRINCIPAL-2-696x348.jpg 696w, https:\/\/www.eldiario.net\/portal\/wp-content\/uploads\/2024\/05\/1-PRINCIPAL-2-1068x534.jpg 1068w, https:\/\/www.eldiario.net\/portal\/wp-content\/uploads\/2024\/05\/1-PRINCIPAL-2.jpg 1417w\" sizes=\"(max-width: 841px) 100vw, 841px\" alt=\"\">\r\n                            <\/a>\r\n                            \r\n                        <\/figure>\r\n                    <\/div>\r\n                    <div class = \"td-slide-item td-item2\">\r\n                        <figure class=\"td-slide-galery-figure td-slide-popup-gallery\">\r\n                            <a class=\"slide-gallery-image-link\" href=\"https:\/\/www.eldiario.net\/portal\/wp-content\/uploads\/2024\/05\/2-.jpg\" title=\"2-\"  data-caption=\"\"  data-description=\"\">\r\n                                <img decoding=\"async\" src=\"https:\/\/www.eldiario.net\/portal\/wp-content\/uploads\/2024\/05\/2--630x420.jpg\" srcset=\"https:\/\/www.eldiario.net\/portal\/wp-content\/uploads\/2024\/05\/2--630x420.jpg 630w, https:\/\/www.eldiario.net\/portal\/wp-content\/uploads\/2024\/05\/2--300x200.jpg 300w, https:\/\/www.eldiario.net\/portal\/wp-content\/uploads\/2024\/05\/2--1024x683.jpg 1024w, https:\/\/www.eldiario.net\/portal\/wp-content\/uploads\/2024\/05\/2--768x512.jpg 768w, https:\/\/www.eldiario.net\/portal\/wp-content\/uploads\/2024\/05\/2--1536x1024.jpg 1536w, https:\/\/www.eldiario.net\/portal\/wp-content\/uploads\/2024\/05\/2--696x464.jpg 696w, https:\/\/www.eldiario.net\/portal\/wp-content\/uploads\/2024\/05\/2--1068x712.jpg 1068w, https:\/\/www.eldiario.net\/portal\/wp-content\/uploads\/2024\/05\/2-.jpg 1600w\" sizes=\"(max-width: 630px) 100vw, 630px\" alt=\"\">\r\n                            <\/a>\r\n                            \r\n                        <\/figure>\r\n                    <\/div>\r\n                    <div class = \"td-slide-item td-item3\">\r\n                        <figure class=\"td-slide-galery-figure td-slide-popup-gallery\">\r\n                            <a class=\"slide-gallery-image-link\" href=\"https:\/\/www.eldiario.net\/portal\/wp-content\/uploads\/2024\/05\/3-.jpg\" title=\"3-\"  data-caption=\"\"  data-description=\"\">\r\n                                <img decoding=\"async\" src=\"https:\/\/www.eldiario.net\/portal\/wp-content\/uploads\/2024\/05\/3--278x420.jpg\" srcset=\"https:\/\/www.eldiario.net\/portal\/wp-content\/uploads\/2024\/05\/3--278x420.jpg 278w, https:\/\/www.eldiario.net\/portal\/wp-content\/uploads\/2024\/05\/3--198x300.jpg 198w, https:\/\/www.eldiario.net\/portal\/wp-content\/uploads\/2024\/05\/3-.jpg 649w\" sizes=\"(max-width: 278px) 100vw, 278px\" alt=\"\">\r\n                            <\/a>\r\n                            \r\n                        <\/figure>\r\n                    <\/div>\r\n                    <div class = \"td-slide-item td-item4\">\r\n                        <figure class=\"td-slide-galery-figure td-slide-popup-gallery\">\r\n                            <a class=\"slide-gallery-image-link\" href=\"https:\/\/www.eldiario.net\/portal\/wp-content\/uploads\/2024\/05\/4-2-scaled.jpg\" title=\"4\"  data-caption=\"\"  data-description=\"\">\r\n                                <img decoding=\"async\" src=\"https:\/\/www.eldiario.net\/portal\/wp-content\/uploads\/2024\/05\/4-2-559x420.jpg\" srcset=\"https:\/\/www.eldiario.net\/portal\/wp-content\/uploads\/2024\/05\/4-2-559x420.jpg 559w, https:\/\/www.eldiario.net\/portal\/wp-content\/uploads\/2024\/05\/4-2-300x225.jpg 300w, https:\/\/www.eldiario.net\/portal\/wp-content\/uploads\/2024\/05\/4-2-1024x769.jpg 1024w, https:\/\/www.eldiario.net\/portal\/wp-content\/uploads\/2024\/05\/4-2-768x577.jpg 768w, https:\/\/www.eldiario.net\/portal\/wp-content\/uploads\/2024\/05\/4-2-1536x1153.jpg 1536w, https:\/\/www.eldiario.net\/portal\/wp-content\/uploads\/2024\/05\/4-2-2048x1538.jpg 2048w, https:\/\/www.eldiario.net\/portal\/wp-content\/uploads\/2024\/05\/4-2-80x60.jpg 80w, https:\/\/www.eldiario.net\/portal\/wp-content\/uploads\/2024\/05\/4-2-696x523.jpg 696w, https:\/\/www.eldiario.net\/portal\/wp-content\/uploads\/2024\/05\/4-2-1068x802.jpg 1068w, https:\/\/www.eldiario.net\/portal\/wp-content\/uploads\/2024\/05\/4-2-1920x1442.jpg 1920w\" sizes=\"(max-width: 559px) 100vw, 559px\" alt=\"\">\r\n                            <\/a>\r\n                            \r\n                        <\/figure>\r\n                    <\/div>\r\n                            <\/div>\r\n                        <\/div>\r\n\r\n                        <div class = \"td-doubleSlider-2\">\r\n                            <div class = \"td-slider\">\r\n                                \r\n                    <div class = \"td-button td-item1\">\r\n                        <div class = \"td-border\"><\/div>\r\n                    <\/div>\r\n                    <div class = \"td-button td-item2\">\r\n                        <div class = \"td-border\"><\/div>\r\n                    <\/div>\r\n                    <div class = \"td-button td-item3\">\r\n                        <div class = \"td-border\"><\/div>\r\n                    <\/div>\r\n                    <div class = \"td-button td-item4\">\r\n                        <div class = \"td-border\"><\/div>\r\n                    <\/div>\r\n                            <\/div>\r\n                        <\/div>\r\n\r\n                    <\/div>\r\n\r\n                <\/div>\r\n                \n","protected":false},"excerpt":{"rendered":"<p>Al hablar de arte abstracto, probablemente nombres como Kandinsky, Mondrian, Klee o Matisse son los primeros que vienen a la mente. De hecho, en una carta enviada a su galerista en Nueva York en 1935, el propio Kandinsky declaraba que una pintura suya marcaba el nacimiento del arte abstracto. Sin embargo, en un estudio en [&hellip;]<\/p>\n","protected":false},"author":1,"featured_media":218492,"comment_status":"open","ping_status":"open","sticky":false,"template":"","format":"standard","meta":{"_acf_changed":false,"footnotes":""},"categories":[41],"tags":[],"class_list":["post-218491","post","type-post","status-publish","format-standard","has-post-thumbnail","category-la-guia"],"acf":{"antetitulo":""},"yoast_head":"<!-- This site is optimized with the Yoast SEO plugin v28.3 - https:\/\/yoast.com\/product\/yoast-seo-wordpress\/ -->\n<title>En Museo de Arte se exhibir\u00e1 pel\u00edcula sobre la artista sueca Hilma af Klint - El Diario - Bolivia<\/title>\n<meta name=\"robots\" content=\"index, follow, max-snippet:-1, max-image-preview:large, max-video-preview:-1\" \/>\n<link rel=\"canonical\" href=\"https:\/\/www.eldiario.net\/portal\/2024\/05\/04\/en-museo-de-arte-se-exhibira-pelicula-sobre-la-artista-sueca-hilma-af-klint\/\" \/>\n<meta property=\"og:locale\" content=\"es_ES\" \/>\n<meta property=\"og:type\" content=\"article\" \/>\n<meta property=\"og:title\" content=\"En Museo de Arte se exhibir\u00e1 pel\u00edcula sobre la artista sueca Hilma af Klint - El Diario - Bolivia\" \/>\n<meta property=\"og:description\" content=\"Al hablar de arte abstracto, probablemente nombres como Kandinsky, Mondrian, Klee o Matisse son los primeros que vienen a la mente. De hecho, en una carta enviada a su galerista en Nueva York en 1935, el propio Kandinsky declaraba que una pintura suya marcaba el nacimiento del arte abstracto. Sin embargo, en un estudio en [&hellip;]\" \/>\n<meta property=\"og:url\" content=\"https:\/\/www.eldiario.net\/portal\/2024\/05\/04\/en-museo-de-arte-se-exhibira-pelicula-sobre-la-artista-sueca-hilma-af-klint\/\" \/>\n<meta property=\"og:site_name\" content=\"El Diario - Bolivia\" \/>\n<meta property=\"article:publisher\" content=\"https:\/\/www.facebook.com\/eldiario.bolivia\/\" \/>\n<meta property=\"article:published_time\" content=\"2024-05-04T10:57:35+00:00\" \/>\n<meta property=\"og:image\" content=\"https:\/\/www.eldiario.net\/portal\/wp-content\/uploads\/2024\/05\/1-PRINCIPAL-2.jpg\" \/>\n\t<meta property=\"og:image:width\" content=\"1417\" \/>\n\t<meta property=\"og:image:height\" content=\"708\" \/>\n\t<meta property=\"og:image:type\" content=\"image\/jpeg\" \/>\n<meta name=\"author\" content=\"Jeanette\" \/>\n<meta name=\"twitter:card\" content=\"summary_large_image\" \/>\n<meta name=\"twitter:creator\" content=\"@eldiario_net\" \/>\n<meta name=\"twitter:site\" content=\"@eldiario_net\" \/>\n<meta name=\"twitter:label1\" content=\"Escrito por\" \/>\n\t<meta name=\"twitter:data1\" content=\"Jeanette\" \/>\n\t<meta name=\"twitter:label2\" content=\"Tiempo de lectura\" \/>\n\t<meta name=\"twitter:data2\" content=\"5 minutos\" \/>\n<script type=\"application\/ld+json\" class=\"yoast-schema-graph\">{\"@context\":\"https:\\\/\\\/schema.org\",\"@graph\":[{\"@type\":\"Article\",\"@id\":\"https:\\\/\\\/www.eldiario.net\\\/portal\\\/2024\\\/05\\\/04\\\/en-museo-de-arte-se-exhibira-pelicula-sobre-la-artista-sueca-hilma-af-klint\\\/#article\",\"isPartOf\":{\"@id\":\"https:\\\/\\\/www.eldiario.net\\\/portal\\\/2024\\\/05\\\/04\\\/en-museo-de-arte-se-exhibira-pelicula-sobre-la-artista-sueca-hilma-af-klint\\\/\"},\"author\":{\"name\":\"Jeanette\",\"@id\":\"https:\\\/\\\/www.eldiario.net\\\/portal\\\/#\\\/schema\\\/person\\\/f46445640444750d7d753ccd04ae01b7\"},\"headline\":\"En Museo de Arte se exhibir\u00e1 pel\u00edcula sobre la artista sueca Hilma af Klint\",\"datePublished\":\"2024-05-04T10:57:35+00:00\",\"mainEntityOfPage\":{\"@id\":\"https:\\\/\\\/www.eldiario.net\\\/portal\\\/2024\\\/05\\\/04\\\/en-museo-de-arte-se-exhibira-pelicula-sobre-la-artista-sueca-hilma-af-klint\\\/\"},\"wordCount\":984,\"commentCount\":0,\"publisher\":{\"@id\":\"https:\\\/\\\/www.eldiario.net\\\/portal\\\/#organization\"},\"image\":{\"@id\":\"https:\\\/\\\/www.eldiario.net\\\/portal\\\/2024\\\/05\\\/04\\\/en-museo-de-arte-se-exhibira-pelicula-sobre-la-artista-sueca-hilma-af-klint\\\/#primaryimage\"},\"thumbnailUrl\":\"https:\\\/\\\/www.eldiario.net\\\/portal\\\/wp-content\\\/uploads\\\/2024\\\/05\\\/1-PRINCIPAL-2.jpg\",\"articleSection\":[\"La Gu\u00eda\"],\"inLanguage\":\"es\",\"potentialAction\":[{\"@type\":\"CommentAction\",\"name\":\"Comment\",\"target\":[\"https:\\\/\\\/www.eldiario.net\\\/portal\\\/2024\\\/05\\\/04\\\/en-museo-de-arte-se-exhibira-pelicula-sobre-la-artista-sueca-hilma-af-klint\\\/#respond\"]}]},{\"@type\":\"WebPage\",\"@id\":\"https:\\\/\\\/www.eldiario.net\\\/portal\\\/2024\\\/05\\\/04\\\/en-museo-de-arte-se-exhibira-pelicula-sobre-la-artista-sueca-hilma-af-klint\\\/\",\"url\":\"https:\\\/\\\/www.eldiario.net\\\/portal\\\/2024\\\/05\\\/04\\\/en-museo-de-arte-se-exhibira-pelicula-sobre-la-artista-sueca-hilma-af-klint\\\/\",\"name\":\"En Museo de Arte se exhibir\u00e1 pel\u00edcula sobre la artista sueca Hilma af Klint - El Diario - Bolivia\",\"isPartOf\":{\"@id\":\"https:\\\/\\\/www.eldiario.net\\\/portal\\\/#website\"},\"primaryImageOfPage\":{\"@id\":\"https:\\\/\\\/www.eldiario.net\\\/portal\\\/2024\\\/05\\\/04\\\/en-museo-de-arte-se-exhibira-pelicula-sobre-la-artista-sueca-hilma-af-klint\\\/#primaryimage\"},\"image\":{\"@id\":\"https:\\\/\\\/www.eldiario.net\\\/portal\\\/2024\\\/05\\\/04\\\/en-museo-de-arte-se-exhibira-pelicula-sobre-la-artista-sueca-hilma-af-klint\\\/#primaryimage\"},\"thumbnailUrl\":\"https:\\\/\\\/www.eldiario.net\\\/portal\\\/wp-content\\\/uploads\\\/2024\\\/05\\\/1-PRINCIPAL-2.jpg\",\"datePublished\":\"2024-05-04T10:57:35+00:00\",\"breadcrumb\":{\"@id\":\"https:\\\/\\\/www.eldiario.net\\\/portal\\\/2024\\\/05\\\/04\\\/en-museo-de-arte-se-exhibira-pelicula-sobre-la-artista-sueca-hilma-af-klint\\\/#breadcrumb\"},\"inLanguage\":\"es\",\"potentialAction\":[{\"@type\":\"ReadAction\",\"target\":[\"https:\\\/\\\/www.eldiario.net\\\/portal\\\/2024\\\/05\\\/04\\\/en-museo-de-arte-se-exhibira-pelicula-sobre-la-artista-sueca-hilma-af-klint\\\/\"]}]},{\"@type\":\"ImageObject\",\"inLanguage\":\"es\",\"@id\":\"https:\\\/\\\/www.eldiario.net\\\/portal\\\/2024\\\/05\\\/04\\\/en-museo-de-arte-se-exhibira-pelicula-sobre-la-artista-sueca-hilma-af-klint\\\/#primaryimage\",\"url\":\"https:\\\/\\\/www.eldiario.net\\\/portal\\\/wp-content\\\/uploads\\\/2024\\\/05\\\/1-PRINCIPAL-2.jpg\",\"contentUrl\":\"https:\\\/\\\/www.eldiario.net\\\/portal\\\/wp-content\\\/uploads\\\/2024\\\/05\\\/1-PRINCIPAL-2.jpg\",\"width\":1417,\"height\":708},{\"@type\":\"BreadcrumbList\",\"@id\":\"https:\\\/\\\/www.eldiario.net\\\/portal\\\/2024\\\/05\\\/04\\\/en-museo-de-arte-se-exhibira-pelicula-sobre-la-artista-sueca-hilma-af-klint\\\/#breadcrumb\",\"itemListElement\":[{\"@type\":\"ListItem\",\"position\":1,\"name\":\"Portada\",\"item\":\"https:\\\/\\\/www.eldiario.net\\\/portal\\\/\"},{\"@type\":\"ListItem\",\"position\":2,\"name\":\"En Museo de Arte se exhibir\u00e1 pel\u00edcula sobre la artista sueca Hilma af Klint\"}]},{\"@type\":\"WebSite\",\"@id\":\"https:\\\/\\\/www.eldiario.net\\\/portal\\\/#website\",\"url\":\"https:\\\/\\\/www.eldiario.net\\\/portal\\\/\",\"name\":\"El Diario - Decano de la prensa nacional\",\"description\":\"El Diario - Decano de la prensa nacional\",\"publisher\":{\"@id\":\"https:\\\/\\\/www.eldiario.net\\\/portal\\\/#organization\"},\"potentialAction\":[{\"@type\":\"SearchAction\",\"target\":{\"@type\":\"EntryPoint\",\"urlTemplate\":\"https:\\\/\\\/www.eldiario.net\\\/portal\\\/?s={search_term_string}\"},\"query-input\":{\"@type\":\"PropertyValueSpecification\",\"valueRequired\":true,\"valueName\":\"search_term_string\"}}],\"inLanguage\":\"es\"},{\"@type\":\"Organization\",\"@id\":\"https:\\\/\\\/www.eldiario.net\\\/portal\\\/#organization\",\"name\":\"El Diario - Decano de la prensa nacional\",\"url\":\"https:\\\/\\\/www.eldiario.net\\\/portal\\\/\",\"logo\":{\"@type\":\"ImageObject\",\"inLanguage\":\"es\",\"@id\":\"https:\\\/\\\/www.eldiario.net\\\/portal\\\/#\\\/schema\\\/logo\\\/image\\\/\",\"url\":\"https:\\\/\\\/www.eldiario.net\\\/portal\\\/wp-content\\\/uploads\\\/2023\\\/07\\\/logo_ED.jpg\",\"contentUrl\":\"https:\\\/\\\/www.eldiario.net\\\/portal\\\/wp-content\\\/uploads\\\/2023\\\/07\\\/logo_ED.jpg\",\"width\":272,\"height\":52,\"caption\":\"El Diario - Decano de la prensa nacional\"},\"image\":{\"@id\":\"https:\\\/\\\/www.eldiario.net\\\/portal\\\/#\\\/schema\\\/logo\\\/image\\\/\"},\"sameAs\":[\"https:\\\/\\\/www.facebook.com\\\/eldiario.bolivia\\\/\",\"https:\\\/\\\/x.com\\\/eldiario_net\"]},{\"@type\":\"Person\",\"@id\":\"https:\\\/\\\/www.eldiario.net\\\/portal\\\/#\\\/schema\\\/person\\\/f46445640444750d7d753ccd04ae01b7\",\"name\":\"Jeanette\",\"image\":{\"@type\":\"ImageObject\",\"inLanguage\":\"es\",\"@id\":\"https:\\\/\\\/secure.gravatar.com\\\/avatar\\\/3ea2118a5f7dad2b7138b1187a6b7ee55f160b9968b66013c3a3ef39dd7e5798?s=96&d=mm&r=g\",\"url\":\"https:\\\/\\\/secure.gravatar.com\\\/avatar\\\/3ea2118a5f7dad2b7138b1187a6b7ee55f160b9968b66013c3a3ef39dd7e5798?s=96&d=mm&r=g\",\"contentUrl\":\"https:\\\/\\\/secure.gravatar.com\\\/avatar\\\/3ea2118a5f7dad2b7138b1187a6b7ee55f160b9968b66013c3a3ef39dd7e5798?s=96&d=mm&r=g\",\"caption\":\"Jeanette\"},\"sameAs\":[\"https:\\\/\\\/www.eldiario.net\\\/portal\"],\"url\":\"https:\\\/\\\/www.eldiario.net\\\/portal\\\/author\\\/jeanette\\\/\"}]}<\/script>\n<!-- \/ Yoast SEO plugin. -->","yoast_head_json":{"title":"En Museo de Arte se exhibir\u00e1 pel\u00edcula sobre la artista sueca Hilma af Klint - El Diario - Bolivia","robots":{"index":"index","follow":"follow","max-snippet":"max-snippet:-1","max-image-preview":"max-image-preview:large","max-video-preview":"max-video-preview:-1"},"canonical":"https:\/\/www.eldiario.net\/portal\/2024\/05\/04\/en-museo-de-arte-se-exhibira-pelicula-sobre-la-artista-sueca-hilma-af-klint\/","og_locale":"es_ES","og_type":"article","og_title":"En Museo de Arte se exhibir\u00e1 pel\u00edcula sobre la artista sueca Hilma af Klint - El Diario - Bolivia","og_description":"Al hablar de arte abstracto, probablemente nombres como Kandinsky, Mondrian, Klee o Matisse son los primeros que vienen a la mente. De hecho, en una carta enviada a su galerista en Nueva York en 1935, el propio Kandinsky declaraba que una pintura suya marcaba el nacimiento del arte abstracto. Sin embargo, en un estudio en [&hellip;]","og_url":"https:\/\/www.eldiario.net\/portal\/2024\/05\/04\/en-museo-de-arte-se-exhibira-pelicula-sobre-la-artista-sueca-hilma-af-klint\/","og_site_name":"El Diario - Bolivia","article_publisher":"https:\/\/www.facebook.com\/eldiario.bolivia\/","article_published_time":"2024-05-04T10:57:35+00:00","og_image":[{"width":1417,"height":708,"url":"https:\/\/www.eldiario.net\/portal\/wp-content\/uploads\/2024\/05\/1-PRINCIPAL-2.jpg","type":"image\/jpeg"}],"author":"Jeanette","twitter_card":"summary_large_image","twitter_creator":"@eldiario_net","twitter_site":"@eldiario_net","twitter_misc":{"Escrito por":"Jeanette","Tiempo de lectura":"5 minutos"},"schema":{"@context":"https:\/\/schema.org","@graph":[{"@type":"Article","@id":"https:\/\/www.eldiario.net\/portal\/2024\/05\/04\/en-museo-de-arte-se-exhibira-pelicula-sobre-la-artista-sueca-hilma-af-klint\/#article","isPartOf":{"@id":"https:\/\/www.eldiario.net\/portal\/2024\/05\/04\/en-museo-de-arte-se-exhibira-pelicula-sobre-la-artista-sueca-hilma-af-klint\/"},"author":{"name":"Jeanette","@id":"https:\/\/www.eldiario.net\/portal\/#\/schema\/person\/f46445640444750d7d753ccd04ae01b7"},"headline":"En Museo de Arte se exhibir\u00e1 pel\u00edcula sobre la artista sueca Hilma af Klint","datePublished":"2024-05-04T10:57:35+00:00","mainEntityOfPage":{"@id":"https:\/\/www.eldiario.net\/portal\/2024\/05\/04\/en-museo-de-arte-se-exhibira-pelicula-sobre-la-artista-sueca-hilma-af-klint\/"},"wordCount":984,"commentCount":0,"publisher":{"@id":"https:\/\/www.eldiario.net\/portal\/#organization"},"image":{"@id":"https:\/\/www.eldiario.net\/portal\/2024\/05\/04\/en-museo-de-arte-se-exhibira-pelicula-sobre-la-artista-sueca-hilma-af-klint\/#primaryimage"},"thumbnailUrl":"https:\/\/www.eldiario.net\/portal\/wp-content\/uploads\/2024\/05\/1-PRINCIPAL-2.jpg","articleSection":["La Gu\u00eda"],"inLanguage":"es","potentialAction":[{"@type":"CommentAction","name":"Comment","target":["https:\/\/www.eldiario.net\/portal\/2024\/05\/04\/en-museo-de-arte-se-exhibira-pelicula-sobre-la-artista-sueca-hilma-af-klint\/#respond"]}]},{"@type":"WebPage","@id":"https:\/\/www.eldiario.net\/portal\/2024\/05\/04\/en-museo-de-arte-se-exhibira-pelicula-sobre-la-artista-sueca-hilma-af-klint\/","url":"https:\/\/www.eldiario.net\/portal\/2024\/05\/04\/en-museo-de-arte-se-exhibira-pelicula-sobre-la-artista-sueca-hilma-af-klint\/","name":"En Museo de Arte se exhibir\u00e1 pel\u00edcula sobre la artista sueca Hilma af Klint - El Diario - Bolivia","isPartOf":{"@id":"https:\/\/www.eldiario.net\/portal\/#website"},"primaryImageOfPage":{"@id":"https:\/\/www.eldiario.net\/portal\/2024\/05\/04\/en-museo-de-arte-se-exhibira-pelicula-sobre-la-artista-sueca-hilma-af-klint\/#primaryimage"},"image":{"@id":"https:\/\/www.eldiario.net\/portal\/2024\/05\/04\/en-museo-de-arte-se-exhibira-pelicula-sobre-la-artista-sueca-hilma-af-klint\/#primaryimage"},"thumbnailUrl":"https:\/\/www.eldiario.net\/portal\/wp-content\/uploads\/2024\/05\/1-PRINCIPAL-2.jpg","datePublished":"2024-05-04T10:57:35+00:00","breadcrumb":{"@id":"https:\/\/www.eldiario.net\/portal\/2024\/05\/04\/en-museo-de-arte-se-exhibira-pelicula-sobre-la-artista-sueca-hilma-af-klint\/#breadcrumb"},"inLanguage":"es","potentialAction":[{"@type":"ReadAction","target":["https:\/\/www.eldiario.net\/portal\/2024\/05\/04\/en-museo-de-arte-se-exhibira-pelicula-sobre-la-artista-sueca-hilma-af-klint\/"]}]},{"@type":"ImageObject","inLanguage":"es","@id":"https:\/\/www.eldiario.net\/portal\/2024\/05\/04\/en-museo-de-arte-se-exhibira-pelicula-sobre-la-artista-sueca-hilma-af-klint\/#primaryimage","url":"https:\/\/www.eldiario.net\/portal\/wp-content\/uploads\/2024\/05\/1-PRINCIPAL-2.jpg","contentUrl":"https:\/\/www.eldiario.net\/portal\/wp-content\/uploads\/2024\/05\/1-PRINCIPAL-2.jpg","width":1417,"height":708},{"@type":"BreadcrumbList","@id":"https:\/\/www.eldiario.net\/portal\/2024\/05\/04\/en-museo-de-arte-se-exhibira-pelicula-sobre-la-artista-sueca-hilma-af-klint\/#breadcrumb","itemListElement":[{"@type":"ListItem","position":1,"name":"Portada","item":"https:\/\/www.eldiario.net\/portal\/"},{"@type":"ListItem","position":2,"name":"En Museo de Arte se exhibir\u00e1 pel\u00edcula sobre la artista sueca Hilma af Klint"}]},{"@type":"WebSite","@id":"https:\/\/www.eldiario.net\/portal\/#website","url":"https:\/\/www.eldiario.net\/portal\/","name":"El Diario - Decano de la prensa nacional","description":"El Diario - Decano de la prensa nacional","publisher":{"@id":"https:\/\/www.eldiario.net\/portal\/#organization"},"potentialAction":[{"@type":"SearchAction","target":{"@type":"EntryPoint","urlTemplate":"https:\/\/www.eldiario.net\/portal\/?s={search_term_string}"},"query-input":{"@type":"PropertyValueSpecification","valueRequired":true,"valueName":"search_term_string"}}],"inLanguage":"es"},{"@type":"Organization","@id":"https:\/\/www.eldiario.net\/portal\/#organization","name":"El Diario - Decano de la prensa nacional","url":"https:\/\/www.eldiario.net\/portal\/","logo":{"@type":"ImageObject","inLanguage":"es","@id":"https:\/\/www.eldiario.net\/portal\/#\/schema\/logo\/image\/","url":"https:\/\/www.eldiario.net\/portal\/wp-content\/uploads\/2023\/07\/logo_ED.jpg","contentUrl":"https:\/\/www.eldiario.net\/portal\/wp-content\/uploads\/2023\/07\/logo_ED.jpg","width":272,"height":52,"caption":"El Diario - Decano de la prensa nacional"},"image":{"@id":"https:\/\/www.eldiario.net\/portal\/#\/schema\/logo\/image\/"},"sameAs":["https:\/\/www.facebook.com\/eldiario.bolivia\/","https:\/\/x.com\/eldiario_net"]},{"@type":"Person","@id":"https:\/\/www.eldiario.net\/portal\/#\/schema\/person\/f46445640444750d7d753ccd04ae01b7","name":"Jeanette","image":{"@type":"ImageObject","inLanguage":"es","@id":"https:\/\/secure.gravatar.com\/avatar\/3ea2118a5f7dad2b7138b1187a6b7ee55f160b9968b66013c3a3ef39dd7e5798?s=96&d=mm&r=g","url":"https:\/\/secure.gravatar.com\/avatar\/3ea2118a5f7dad2b7138b1187a6b7ee55f160b9968b66013c3a3ef39dd7e5798?s=96&d=mm&r=g","contentUrl":"https:\/\/secure.gravatar.com\/avatar\/3ea2118a5f7dad2b7138b1187a6b7ee55f160b9968b66013c3a3ef39dd7e5798?s=96&d=mm&r=g","caption":"Jeanette"},"sameAs":["https:\/\/www.eldiario.net\/portal"],"url":"https:\/\/www.eldiario.net\/portal\/author\/jeanette\/"}]}},"_links":{"self":[{"href":"https:\/\/www.eldiario.net\/portal\/wp-json\/wp\/v2\/posts\/218491","targetHints":{"allow":["GET"]}}],"collection":[{"href":"https:\/\/www.eldiario.net\/portal\/wp-json\/wp\/v2\/posts"}],"about":[{"href":"https:\/\/www.eldiario.net\/portal\/wp-json\/wp\/v2\/types\/post"}],"author":[{"embeddable":true,"href":"https:\/\/www.eldiario.net\/portal\/wp-json\/wp\/v2\/users\/1"}],"replies":[{"embeddable":true,"href":"https:\/\/www.eldiario.net\/portal\/wp-json\/wp\/v2\/comments?post=218491"}],"version-history":[{"count":1,"href":"https:\/\/www.eldiario.net\/portal\/wp-json\/wp\/v2\/posts\/218491\/revisions"}],"predecessor-version":[{"id":218496,"href":"https:\/\/www.eldiario.net\/portal\/wp-json\/wp\/v2\/posts\/218491\/revisions\/218496"}],"wp:featuredmedia":[{"embeddable":true,"href":"https:\/\/www.eldiario.net\/portal\/wp-json\/wp\/v2\/media\/218492"}],"wp:attachment":[{"href":"https:\/\/www.eldiario.net\/portal\/wp-json\/wp\/v2\/media?parent=218491"}],"wp:term":[{"taxonomy":"category","embeddable":true,"href":"https:\/\/www.eldiario.net\/portal\/wp-json\/wp\/v2\/categories?post=218491"},{"taxonomy":"post_tag","embeddable":true,"href":"https:\/\/www.eldiario.net\/portal\/wp-json\/wp\/v2\/tags?post=218491"}],"curies":[{"name":"wp","href":"https:\/\/api.w.org\/{rel}","templated":true}]}}