{"id":21849,"date":"2021-08-07T02:19:04","date_gmt":"2021-08-07T06:19:04","guid":{"rendered":"https:\/\/www.eldiario.net\/portal\/?p=21849"},"modified":"2021-08-07T02:19:04","modified_gmt":"2021-08-07T06:19:04","slug":"incendio-forestal-en-san-matias-se-extiende-a-lo-largo-de-15-km","status":"publish","type":"post","link":"https:\/\/www.eldiario.net\/portal\/2021\/08\/07\/incendio-forestal-en-san-matias-se-extiende-a-lo-largo-de-15-km\/","title":{"rendered":"Incendio Forestal en San Mat\u00edas se extiende a lo largo de 15 km"},"content":{"rendered":"<p>Los incendios en San Mat\u00edas y en Robor\u00e9 est\u00e1n afectando a miles de hect\u00e1reas. La Gobernaci\u00f3n advierte que hay zonas en San Mat\u00edas donde el fuego se extiende a lo largo de 15 kil\u00f3metros, algo similar ocurre en Robor\u00e9.<br \/>\n\u201cDos grandes incendios amenazan las \u00e1reas protegidas ANMI San Mat\u00edas y Tucabaca\u201d, manifest\u00f3 Yovenka Rosado, coordinadora del Programa de Incendios Forestales de la Gobernaci\u00f3n de Santa Cruz.<br \/>\nSeg\u00fan reporte de Unitel, Rosado revel\u00f3 que el fuego en San Mat\u00edas ha cumplido tres semanas desde que se inici\u00f3 y ya ha afectado a m\u00e1s de 61 mil hect\u00e1reas. Las l\u00edneas de fuego en este municipio han alcanzado los 15 kil\u00f3metros. En Robor\u00e9 el fuego ya ha quemado 3.000 hect\u00e1reas y las l\u00edneas de fuego llegan a los 10 kil\u00f3metros.<br \/>\n\u201cLos incendios son de sexta generaci\u00f3n, los mismos de 2019 y 2020\u201d, se\u00f1al\u00f3 Rosado.<br \/>\nEn San Mat\u00edas preocupa la situaci\u00f3n de la comunidad Candelaria que es amenazada por el fuego por los flancos norte y sur; sin embargo, ya se ha preparado una l\u00ednea de defensa con el objetivo de que no entre el pueblo.<br \/>\nEn Robor\u00e9 tambi\u00e9n se ha preparado una l\u00ednea de defensa y se prev\u00e9 ampliarla con una estrategia de cortafuegos.<\/p>\n<p>INMINENTE ALERTA ROJA<br \/>\nEl gobernador de Santa Cruz, Luis Fernando Camacho, anunci\u00f3 el jueves que en cualquier momento la alerta naranja por los incendios forestales pasar\u00e1 a roja debido a la delicada situaci\u00f3n en regiones del departamento como San Mat\u00edas.<br \/>\n\u201cYa declaramos alerta naranja y en cualquier momento nuestra secretaria lo va a hacer con alerta roja porque los incendios est\u00e1n sumando en cada uno de los lugares\u201d, dijo Camacho este viernes durante un acto en el que se present\u00f3 a 12 nuevos bomberos forestales que operar\u00e1n en el departamento cruce\u00f1o.<br \/>\nLa autoridad dijo que se est\u00e1 equipando a los bomberos que est\u00e1n trabajando para extinguir los incendios y se les brindar\u00e1 todas las condiciones necesarias para que realicen de forma adecuada su trabajo.<\/p>\n<p>INCENDIO EN TUCABACA<br \/>\nUn incendio forestal se registr\u00f3 en las faldas del Valle de Tucabaca a inicios de este mes, el fuego se desat\u00f3 espec\u00edficamente en la comunidad de naranjos del municipio de Robor\u00e9. Las llamas lograron ser extinguidas y, seg\u00fan se\u00f1ala el informe oficial, no hubo da\u00f1os en el \u00e1rea protegida.<br \/>\nEn julio fueron cuatro los incendios que se atendieron en esta zona y en estos momentos hay temor de que se reactive el fuego debido a que las heladas sec\u00f3 gran parte del bosque lo que lo vuelve combustible.<\/p>\n<p>TRATAN DE APAGAR INCENDIOS<br \/>\nSon varios los efectivos de las Fuerzas Armadas, ABT, Sernap, Bomberos forestales de la Gobernaci\u00f3n que tratan de apagar incendios en Candelaria, Las Petas y San Antonio de la Sierra.<br \/>\nDesde hace varios d\u00edas el fuego est\u00e1 golpeando a comunidades de San Mat\u00edas, en el departamento de Santa Cruz. Bomberos trabajan en la zona de Candelaria, Las Petas y San Antonio de la Sierra.<br \/>\nEn estos lugares, cercanos a la frontera con Brasil, se detectaron focos de calor. Autoridades de San Mat\u00edas y el viceministro de Defensa Civil, Juan Carlos Calvimontes, se trasladaron a estas zonas para trabajar en la coordinaci\u00f3n para mitigar incendios con ayuda de los bomberos forestales.<br \/>\nMientras en Candelaria se est\u00e1 haciendo el trabajo de enfriamiento, tambi\u00e9n militares del Regimiento de Infanter\u00eda 14 Florida est\u00e1n colaborando en los incendios de Las Petas y otras comunidades cercanas al ANMI San Mat\u00edas.<br \/>\nEn estos lugares tambi\u00e9n se ataca el fuego por aire, ya que se cuenta con el apoyo de un helic\u00f3ptero S\u00faper Puma. (Unitel)<\/p>\n<figure id=\"attachment_21851\" aria-describedby=\"caption-attachment-21851\" style=\"width: 300px\" class=\"wp-caption aligncenter\"><a href=\"https:\/\/www.eldiario.net\/portal\/wp-content\/uploads\/2021\/08\/Nal-061.jpg\"><img loading=\"lazy\" decoding=\"async\" class=\"size-medium wp-image-21851\" src=\"https:\/\/www.eldiario.net\/portal\/wp-content\/uploads\/2021\/08\/Nal-061-300x225.jpg\" alt=\"\" width=\"300\" height=\"225\" \/><\/a><figcaption id=\"caption-attachment-21851\" class=\"wp-caption-text\">Incendios preocupan a las autoridades cruce\u00f1as.<\/figcaption><\/figure>\n","protected":false},"excerpt":{"rendered":"<p>Los incendios en San Mat\u00edas y en Robor\u00e9 est\u00e1n afectando a miles de hect\u00e1reas. La Gobernaci\u00f3n advierte que hay zonas en San Mat\u00edas donde el fuego se extiende a lo largo de 15 kil\u00f3metros, algo similar ocurre en Robor\u00e9. \u201cDos grandes incendios amenazan las \u00e1reas protegidas ANMI San Mat\u00edas y Tucabaca\u201d, manifest\u00f3 Yovenka Rosado, coordinadora [&hellip;]<\/p>\n","protected":false},"author":1,"featured_media":21850,"comment_status":"closed","ping_status":"closed","sticky":false,"template":"","format":"standard","meta":{"_acf_changed":false,"footnotes":""},"categories":[12],"tags":[],"class_list":["post-21849","post","type-post","status-publish","format-standard","has-post-thumbnail","category-nacional"],"acf":{"antetitulo":""},"yoast_head":"<!-- This site is optimized with the Yoast SEO plugin v28.4 - https:\/\/yoast.com\/product\/yoast-seo-wordpress\/ -->\n<title>Incendio Forestal en San Mat\u00edas se extiende a lo largo de 15 km - El Diario - Bolivia<\/title>\n<meta name=\"robots\" content=\"index, follow, max-snippet:-1, max-image-preview:large, max-video-preview:-1\" \/>\n<link rel=\"canonical\" href=\"https:\/\/www.eldiario.net\/portal\/2021\/08\/07\/incendio-forestal-en-san-matias-se-extiende-a-lo-largo-de-15-km\/\" \/>\n<meta property=\"og:locale\" content=\"es_ES\" \/>\n<meta property=\"og:type\" content=\"article\" \/>\n<meta property=\"og:title\" content=\"Incendio Forestal en San Mat\u00edas se extiende a lo largo de 15 km - El Diario - Bolivia\" \/>\n<meta property=\"og:description\" content=\"Los incendios en San Mat\u00edas y en Robor\u00e9 est\u00e1n afectando a miles de hect\u00e1reas. La Gobernaci\u00f3n advierte que hay zonas en San Mat\u00edas donde el fuego se extiende a lo largo de 15 kil\u00f3metros, algo similar ocurre en Robor\u00e9. \u201cDos grandes incendios amenazan las \u00e1reas protegidas ANMI San Mat\u00edas y Tucabaca\u201d, manifest\u00f3 Yovenka Rosado, coordinadora [&hellip;]\" \/>\n<meta property=\"og:url\" content=\"https:\/\/www.eldiario.net\/portal\/2021\/08\/07\/incendio-forestal-en-san-matias-se-extiende-a-lo-largo-de-15-km\/\" \/>\n<meta property=\"og:site_name\" content=\"El Diario - Bolivia\" \/>\n<meta property=\"article:publisher\" content=\"https:\/\/www.facebook.com\/eldiario.bolivia\/\" \/>\n<meta property=\"article:published_time\" content=\"2021-08-07T06:19:04+00:00\" \/>\n<meta name=\"author\" content=\"Jeanette\" \/>\n<meta name=\"twitter:card\" content=\"summary_large_image\" \/>\n<meta name=\"twitter:creator\" content=\"@eldiario_net\" \/>\n<meta name=\"twitter:site\" content=\"@eldiario_net\" \/>\n<meta name=\"twitter:label1\" content=\"Escrito por\" \/>\n\t<meta name=\"twitter:data1\" content=\"Jeanette\" \/>\n\t<meta name=\"twitter:label2\" content=\"Tiempo de lectura\" \/>\n\t<meta name=\"twitter:data2\" content=\"3 minutos\" \/>\n<script type=\"application\/ld+json\" class=\"yoast-schema-graph\">{\"@context\":\"https:\\\/\\\/schema.org\",\"@graph\":[{\"@type\":\"Article\",\"@id\":\"https:\\\/\\\/www.eldiario.net\\\/portal\\\/2021\\\/08\\\/07\\\/incendio-forestal-en-san-matias-se-extiende-a-lo-largo-de-15-km\\\/#article\",\"isPartOf\":{\"@id\":\"https:\\\/\\\/www.eldiario.net\\\/portal\\\/2021\\\/08\\\/07\\\/incendio-forestal-en-san-matias-se-extiende-a-lo-largo-de-15-km\\\/\"},\"author\":{\"name\":\"Jeanette\",\"@id\":\"https:\\\/\\\/www.eldiario.net\\\/portal\\\/#\\\/schema\\\/person\\\/f46445640444750d7d753ccd04ae01b7\"},\"headline\":\"Incendio Forestal en San Mat\u00edas se extiende a lo largo de 15 km\",\"datePublished\":\"2021-08-07T06:19:04+00:00\",\"mainEntityOfPage\":{\"@id\":\"https:\\\/\\\/www.eldiario.net\\\/portal\\\/2021\\\/08\\\/07\\\/incendio-forestal-en-san-matias-se-extiende-a-lo-largo-de-15-km\\\/\"},\"wordCount\":651,\"publisher\":{\"@id\":\"https:\\\/\\\/www.eldiario.net\\\/portal\\\/#organization\"},\"image\":{\"@id\":\"https:\\\/\\\/www.eldiario.net\\\/portal\\\/2021\\\/08\\\/07\\\/incendio-forestal-en-san-matias-se-extiende-a-lo-largo-de-15-km\\\/#primaryimage\"},\"thumbnailUrl\":\"\",\"articleSection\":[\"Nacional\"],\"inLanguage\":\"es\"},{\"@type\":\"WebPage\",\"@id\":\"https:\\\/\\\/www.eldiario.net\\\/portal\\\/2021\\\/08\\\/07\\\/incendio-forestal-en-san-matias-se-extiende-a-lo-largo-de-15-km\\\/\",\"url\":\"https:\\\/\\\/www.eldiario.net\\\/portal\\\/2021\\\/08\\\/07\\\/incendio-forestal-en-san-matias-se-extiende-a-lo-largo-de-15-km\\\/\",\"name\":\"Incendio Forestal en San Mat\u00edas se extiende a lo largo de 15 km - El Diario - Bolivia\",\"isPartOf\":{\"@id\":\"https:\\\/\\\/www.eldiario.net\\\/portal\\\/#website\"},\"primaryImageOfPage\":{\"@id\":\"https:\\\/\\\/www.eldiario.net\\\/portal\\\/2021\\\/08\\\/07\\\/incendio-forestal-en-san-matias-se-extiende-a-lo-largo-de-15-km\\\/#primaryimage\"},\"image\":{\"@id\":\"https:\\\/\\\/www.eldiario.net\\\/portal\\\/2021\\\/08\\\/07\\\/incendio-forestal-en-san-matias-se-extiende-a-lo-largo-de-15-km\\\/#primaryimage\"},\"thumbnailUrl\":\"\",\"datePublished\":\"2021-08-07T06:19:04+00:00\",\"breadcrumb\":{\"@id\":\"https:\\\/\\\/www.eldiario.net\\\/portal\\\/2021\\\/08\\\/07\\\/incendio-forestal-en-san-matias-se-extiende-a-lo-largo-de-15-km\\\/#breadcrumb\"},\"inLanguage\":\"es\",\"potentialAction\":[{\"@type\":\"ReadAction\",\"target\":[\"https:\\\/\\\/www.eldiario.net\\\/portal\\\/2021\\\/08\\\/07\\\/incendio-forestal-en-san-matias-se-extiende-a-lo-largo-de-15-km\\\/\"]}]},{\"@type\":\"ImageObject\",\"inLanguage\":\"es\",\"@id\":\"https:\\\/\\\/www.eldiario.net\\\/portal\\\/2021\\\/08\\\/07\\\/incendio-forestal-en-san-matias-se-extiende-a-lo-largo-de-15-km\\\/#primaryimage\",\"url\":\"\",\"contentUrl\":\"\"},{\"@type\":\"BreadcrumbList\",\"@id\":\"https:\\\/\\\/www.eldiario.net\\\/portal\\\/2021\\\/08\\\/07\\\/incendio-forestal-en-san-matias-se-extiende-a-lo-largo-de-15-km\\\/#breadcrumb\",\"itemListElement\":[{\"@type\":\"ListItem\",\"position\":1,\"name\":\"Portada\",\"item\":\"https:\\\/\\\/www.eldiario.net\\\/portal\\\/\"},{\"@type\":\"ListItem\",\"position\":2,\"name\":\"Incendio Forestal en San Mat\u00edas se extiende a lo largo de 15 km\"}]},{\"@type\":\"WebSite\",\"@id\":\"https:\\\/\\\/www.eldiario.net\\\/portal\\\/#website\",\"url\":\"https:\\\/\\\/www.eldiario.net\\\/portal\\\/\",\"name\":\"El Diario - Decano de la prensa nacional\",\"description\":\"El Diario - Decano de la prensa nacional\",\"publisher\":{\"@id\":\"https:\\\/\\\/www.eldiario.net\\\/portal\\\/#organization\"},\"potentialAction\":[{\"@type\":\"SearchAction\",\"target\":{\"@type\":\"EntryPoint\",\"urlTemplate\":\"https:\\\/\\\/www.eldiario.net\\\/portal\\\/?s={search_term_string}\"},\"query-input\":{\"@type\":\"PropertyValueSpecification\",\"valueRequired\":true,\"valueName\":\"search_term_string\"}}],\"inLanguage\":\"es\"},{\"@type\":\"Organization\",\"@id\":\"https:\\\/\\\/www.eldiario.net\\\/portal\\\/#organization\",\"name\":\"El Diario - Decano de la prensa nacional\",\"url\":\"https:\\\/\\\/www.eldiario.net\\\/portal\\\/\",\"logo\":{\"@type\":\"ImageObject\",\"inLanguage\":\"es\",\"@id\":\"https:\\\/\\\/www.eldiario.net\\\/portal\\\/#\\\/schema\\\/logo\\\/image\\\/\",\"url\":\"https:\\\/\\\/www.eldiario.net\\\/portal\\\/wp-content\\\/uploads\\\/2023\\\/07\\\/logo_ED.jpg\",\"contentUrl\":\"https:\\\/\\\/www.eldiario.net\\\/portal\\\/wp-content\\\/uploads\\\/2023\\\/07\\\/logo_ED.jpg\",\"width\":272,\"height\":52,\"caption\":\"El Diario - Decano de la prensa nacional\"},\"image\":{\"@id\":\"https:\\\/\\\/www.eldiario.net\\\/portal\\\/#\\\/schema\\\/logo\\\/image\\\/\"},\"sameAs\":[\"https:\\\/\\\/www.facebook.com\\\/eldiario.bolivia\\\/\",\"https:\\\/\\\/x.com\\\/eldiario_net\"]},{\"@type\":\"Person\",\"@id\":\"https:\\\/\\\/www.eldiario.net\\\/portal\\\/#\\\/schema\\\/person\\\/f46445640444750d7d753ccd04ae01b7\",\"name\":\"Jeanette\",\"image\":{\"@type\":\"ImageObject\",\"inLanguage\":\"es\",\"@id\":\"https:\\\/\\\/secure.gravatar.com\\\/avatar\\\/3ea2118a5f7dad2b7138b1187a6b7ee55f160b9968b66013c3a3ef39dd7e5798?s=96&d=mm&r=g\",\"url\":\"https:\\\/\\\/secure.gravatar.com\\\/avatar\\\/3ea2118a5f7dad2b7138b1187a6b7ee55f160b9968b66013c3a3ef39dd7e5798?s=96&d=mm&r=g\",\"contentUrl\":\"https:\\\/\\\/secure.gravatar.com\\\/avatar\\\/3ea2118a5f7dad2b7138b1187a6b7ee55f160b9968b66013c3a3ef39dd7e5798?s=96&d=mm&r=g\",\"caption\":\"Jeanette\"},\"sameAs\":[\"https:\\\/\\\/www.eldiario.net\\\/portal\"],\"url\":\"https:\\\/\\\/www.eldiario.net\\\/portal\\\/author\\\/jeanette\\\/\"}]}<\/script>\n<!-- \/ Yoast SEO plugin. -->","yoast_head_json":{"title":"Incendio Forestal en San Mat\u00edas se extiende a lo largo de 15 km - El Diario - Bolivia","robots":{"index":"index","follow":"follow","max-snippet":"max-snippet:-1","max-image-preview":"max-image-preview:large","max-video-preview":"max-video-preview:-1"},"canonical":"https:\/\/www.eldiario.net\/portal\/2021\/08\/07\/incendio-forestal-en-san-matias-se-extiende-a-lo-largo-de-15-km\/","og_locale":"es_ES","og_type":"article","og_title":"Incendio Forestal en San Mat\u00edas se extiende a lo largo de 15 km - El Diario - Bolivia","og_description":"Los incendios en San Mat\u00edas y en Robor\u00e9 est\u00e1n afectando a miles de hect\u00e1reas. La Gobernaci\u00f3n advierte que hay zonas en San Mat\u00edas donde el fuego se extiende a lo largo de 15 kil\u00f3metros, algo similar ocurre en Robor\u00e9. \u201cDos grandes incendios amenazan las \u00e1reas protegidas ANMI San Mat\u00edas y Tucabaca\u201d, manifest\u00f3 Yovenka Rosado, coordinadora [&hellip;]","og_url":"https:\/\/www.eldiario.net\/portal\/2021\/08\/07\/incendio-forestal-en-san-matias-se-extiende-a-lo-largo-de-15-km\/","og_site_name":"El Diario - Bolivia","article_publisher":"https:\/\/www.facebook.com\/eldiario.bolivia\/","article_published_time":"2021-08-07T06:19:04+00:00","author":"Jeanette","twitter_card":"summary_large_image","twitter_creator":"@eldiario_net","twitter_site":"@eldiario_net","twitter_misc":{"Escrito por":"Jeanette","Tiempo de lectura":"3 minutos"},"schema":{"@context":"https:\/\/schema.org","@graph":[{"@type":"Article","@id":"https:\/\/www.eldiario.net\/portal\/2021\/08\/07\/incendio-forestal-en-san-matias-se-extiende-a-lo-largo-de-15-km\/#article","isPartOf":{"@id":"https:\/\/www.eldiario.net\/portal\/2021\/08\/07\/incendio-forestal-en-san-matias-se-extiende-a-lo-largo-de-15-km\/"},"author":{"name":"Jeanette","@id":"https:\/\/www.eldiario.net\/portal\/#\/schema\/person\/f46445640444750d7d753ccd04ae01b7"},"headline":"Incendio Forestal en San Mat\u00edas se extiende a lo largo de 15 km","datePublished":"2021-08-07T06:19:04+00:00","mainEntityOfPage":{"@id":"https:\/\/www.eldiario.net\/portal\/2021\/08\/07\/incendio-forestal-en-san-matias-se-extiende-a-lo-largo-de-15-km\/"},"wordCount":651,"publisher":{"@id":"https:\/\/www.eldiario.net\/portal\/#organization"},"image":{"@id":"https:\/\/www.eldiario.net\/portal\/2021\/08\/07\/incendio-forestal-en-san-matias-se-extiende-a-lo-largo-de-15-km\/#primaryimage"},"thumbnailUrl":"","articleSection":["Nacional"],"inLanguage":"es"},{"@type":"WebPage","@id":"https:\/\/www.eldiario.net\/portal\/2021\/08\/07\/incendio-forestal-en-san-matias-se-extiende-a-lo-largo-de-15-km\/","url":"https:\/\/www.eldiario.net\/portal\/2021\/08\/07\/incendio-forestal-en-san-matias-se-extiende-a-lo-largo-de-15-km\/","name":"Incendio Forestal en San Mat\u00edas se extiende a lo largo de 15 km - El Diario - Bolivia","isPartOf":{"@id":"https:\/\/www.eldiario.net\/portal\/#website"},"primaryImageOfPage":{"@id":"https:\/\/www.eldiario.net\/portal\/2021\/08\/07\/incendio-forestal-en-san-matias-se-extiende-a-lo-largo-de-15-km\/#primaryimage"},"image":{"@id":"https:\/\/www.eldiario.net\/portal\/2021\/08\/07\/incendio-forestal-en-san-matias-se-extiende-a-lo-largo-de-15-km\/#primaryimage"},"thumbnailUrl":"","datePublished":"2021-08-07T06:19:04+00:00","breadcrumb":{"@id":"https:\/\/www.eldiario.net\/portal\/2021\/08\/07\/incendio-forestal-en-san-matias-se-extiende-a-lo-largo-de-15-km\/#breadcrumb"},"inLanguage":"es","potentialAction":[{"@type":"ReadAction","target":["https:\/\/www.eldiario.net\/portal\/2021\/08\/07\/incendio-forestal-en-san-matias-se-extiende-a-lo-largo-de-15-km\/"]}]},{"@type":"ImageObject","inLanguage":"es","@id":"https:\/\/www.eldiario.net\/portal\/2021\/08\/07\/incendio-forestal-en-san-matias-se-extiende-a-lo-largo-de-15-km\/#primaryimage","url":"","contentUrl":""},{"@type":"BreadcrumbList","@id":"https:\/\/www.eldiario.net\/portal\/2021\/08\/07\/incendio-forestal-en-san-matias-se-extiende-a-lo-largo-de-15-km\/#breadcrumb","itemListElement":[{"@type":"ListItem","position":1,"name":"Portada","item":"https:\/\/www.eldiario.net\/portal\/"},{"@type":"ListItem","position":2,"name":"Incendio Forestal en San Mat\u00edas se extiende a lo largo de 15 km"}]},{"@type":"WebSite","@id":"https:\/\/www.eldiario.net\/portal\/#website","url":"https:\/\/www.eldiario.net\/portal\/","name":"El Diario - Decano de la prensa nacional","description":"El Diario - Decano de la prensa nacional","publisher":{"@id":"https:\/\/www.eldiario.net\/portal\/#organization"},"potentialAction":[{"@type":"SearchAction","target":{"@type":"EntryPoint","urlTemplate":"https:\/\/www.eldiario.net\/portal\/?s={search_term_string}"},"query-input":{"@type":"PropertyValueSpecification","valueRequired":true,"valueName":"search_term_string"}}],"inLanguage":"es"},{"@type":"Organization","@id":"https:\/\/www.eldiario.net\/portal\/#organization","name":"El Diario - Decano de la prensa nacional","url":"https:\/\/www.eldiario.net\/portal\/","logo":{"@type":"ImageObject","inLanguage":"es","@id":"https:\/\/www.eldiario.net\/portal\/#\/schema\/logo\/image\/","url":"https:\/\/www.eldiario.net\/portal\/wp-content\/uploads\/2023\/07\/logo_ED.jpg","contentUrl":"https:\/\/www.eldiario.net\/portal\/wp-content\/uploads\/2023\/07\/logo_ED.jpg","width":272,"height":52,"caption":"El Diario - Decano de la prensa nacional"},"image":{"@id":"https:\/\/www.eldiario.net\/portal\/#\/schema\/logo\/image\/"},"sameAs":["https:\/\/www.facebook.com\/eldiario.bolivia\/","https:\/\/x.com\/eldiario_net"]},{"@type":"Person","@id":"https:\/\/www.eldiario.net\/portal\/#\/schema\/person\/f46445640444750d7d753ccd04ae01b7","name":"Jeanette","image":{"@type":"ImageObject","inLanguage":"es","@id":"https:\/\/secure.gravatar.com\/avatar\/3ea2118a5f7dad2b7138b1187a6b7ee55f160b9968b66013c3a3ef39dd7e5798?s=96&d=mm&r=g","url":"https:\/\/secure.gravatar.com\/avatar\/3ea2118a5f7dad2b7138b1187a6b7ee55f160b9968b66013c3a3ef39dd7e5798?s=96&d=mm&r=g","contentUrl":"https:\/\/secure.gravatar.com\/avatar\/3ea2118a5f7dad2b7138b1187a6b7ee55f160b9968b66013c3a3ef39dd7e5798?s=96&d=mm&r=g","caption":"Jeanette"},"sameAs":["https:\/\/www.eldiario.net\/portal"],"url":"https:\/\/www.eldiario.net\/portal\/author\/jeanette\/"}]}},"_links":{"self":[{"href":"https:\/\/www.eldiario.net\/portal\/wp-json\/wp\/v2\/posts\/21849","targetHints":{"allow":["GET"]}}],"collection":[{"href":"https:\/\/www.eldiario.net\/portal\/wp-json\/wp\/v2\/posts"}],"about":[{"href":"https:\/\/www.eldiario.net\/portal\/wp-json\/wp\/v2\/types\/post"}],"author":[{"embeddable":true,"href":"https:\/\/www.eldiario.net\/portal\/wp-json\/wp\/v2\/users\/1"}],"replies":[{"embeddable":true,"href":"https:\/\/www.eldiario.net\/portal\/wp-json\/wp\/v2\/comments?post=21849"}],"version-history":[{"count":0,"href":"https:\/\/www.eldiario.net\/portal\/wp-json\/wp\/v2\/posts\/21849\/revisions"}],"wp:attachment":[{"href":"https:\/\/www.eldiario.net\/portal\/wp-json\/wp\/v2\/media?parent=21849"}],"wp:term":[{"taxonomy":"category","embeddable":true,"href":"https:\/\/www.eldiario.net\/portal\/wp-json\/wp\/v2\/categories?post=21849"},{"taxonomy":"post_tag","embeddable":true,"href":"https:\/\/www.eldiario.net\/portal\/wp-json\/wp\/v2\/tags?post=21849"}],"curies":[{"name":"wp","href":"https:\/\/api.w.org\/{rel}","templated":true}]}}