{"id":21843,"date":"2021-08-07T02:16:07","date_gmt":"2021-08-07T06:16:07","guid":{"rendered":"https:\/\/www.eldiario.net\/portal\/?p=21843"},"modified":"2021-08-07T02:16:07","modified_gmt":"2021-08-07T06:16:07","slug":"recomiendan-excavaciones-tras-hallar-restos-arqueologicos","status":"publish","type":"post","link":"https:\/\/www.eldiario.net\/portal\/2021\/08\/07\/recomiendan-excavaciones-tras-hallar-restos-arqueologicos\/","title":{"rendered":"Recomiendan excavaciones  tras hallar restos arqueol\u00f3gicos"},"content":{"rendered":"<p>Luego del hallazgo de restos \u00f3seos de humanos y cer\u00e1mica en la loma Chuchini, municipio de San Javier, provincia Cercado, se recomend\u00f3 realizar excavaciones en el lugar para conocer m\u00e1s datos al respecto.<br \/>\n\u201cSe ha recomendado la contrataci\u00f3n de una consultor\u00eda, se tienen que hacer estudios de diagn\u00f3stico, de intervenci\u00f3n, de monitoreo (\u2026) se tienen que hacer excavaciones para conocer el contexto en el cual se desarroll\u00f3 este entierro\u201d, explic\u00f3 Javier Fern\u00e1ndez, arque\u00f3logo de la Unidad de Herencias Culturales Materiales del Ministerio Culturas.<br \/>\nDe esa manera se podr\u00e1 conocer la antig\u00fcedad del esqueleto, la cultura a la que perteneci\u00f3, las actividades que se desarrollaban en la zona, entre otros datos.<br \/>\nEl descubrimiento fue hecho en circunstancias que se realizaban excavaciones para una obra particular, lo que llam\u00f3 la atenci\u00f3n de los propietarios del lugar que con buen criterio informaron a las autoridades correspondientes.<br \/>\n\u201cSe recomend\u00f3 que de manera preliminar se tape el lugar para evitar que estos restos humanos sufran alg\u00fan tipo de deterioro, erosi\u00f3n\u201d, manifest\u00f3.<br \/>\nEl director municipal de Patrimonio, Arte y Cultura de Trinidad, Javier Mauricio Quiroz, destac\u00f3 la participaci\u00f3n de dos expertos del citado ministerio para iniciar la investigaci\u00f3n del hallazgo. (La Palabra del Beni)<\/p>\n","protected":false},"excerpt":{"rendered":"<p>Luego del hallazgo de restos \u00f3seos de humanos y cer\u00e1mica en la loma Chuchini, municipio de San Javier, provincia Cercado, se recomend\u00f3 realizar excavaciones en el lugar para conocer m\u00e1s datos al respecto. \u201cSe ha recomendado la contrataci\u00f3n de una consultor\u00eda, se tienen que hacer estudios de diagn\u00f3stico, de intervenci\u00f3n, de monitoreo (\u2026) se tienen [&hellip;]<\/p>\n","protected":false},"author":1,"featured_media":21844,"comment_status":"closed","ping_status":"closed","sticky":false,"template":"","format":"standard","meta":{"_acf_changed":false,"footnotes":""},"categories":[12],"tags":[],"class_list":["post-21843","post","type-post","status-publish","format-standard","has-post-thumbnail","category-nacional"],"acf":{"antetitulo":""},"yoast_head":"<!-- This site is optimized with the Yoast SEO plugin v28.3 - https:\/\/yoast.com\/product\/yoast-seo-wordpress\/ -->\n<title>Recomiendan excavaciones tras hallar restos arqueol\u00f3gicos - El Diario - Bolivia<\/title>\n<meta name=\"robots\" content=\"index, follow, max-snippet:-1, max-image-preview:large, max-video-preview:-1\" \/>\n<link rel=\"canonical\" href=\"https:\/\/www.eldiario.net\/portal\/2021\/08\/07\/recomiendan-excavaciones-tras-hallar-restos-arqueologicos\/\" \/>\n<meta property=\"og:locale\" content=\"es_ES\" \/>\n<meta property=\"og:type\" content=\"article\" \/>\n<meta property=\"og:title\" content=\"Recomiendan excavaciones tras hallar restos arqueol\u00f3gicos - El Diario - Bolivia\" \/>\n<meta property=\"og:description\" content=\"Luego del hallazgo de restos \u00f3seos de humanos y cer\u00e1mica en la loma Chuchini, municipio de San Javier, provincia Cercado, se recomend\u00f3 realizar excavaciones en el lugar para conocer m\u00e1s datos al respecto. \u201cSe ha recomendado la contrataci\u00f3n de una consultor\u00eda, se tienen que hacer estudios de diagn\u00f3stico, de intervenci\u00f3n, de monitoreo (\u2026) se tienen [&hellip;]\" \/>\n<meta property=\"og:url\" content=\"https:\/\/www.eldiario.net\/portal\/2021\/08\/07\/recomiendan-excavaciones-tras-hallar-restos-arqueologicos\/\" \/>\n<meta property=\"og:site_name\" content=\"El Diario - Bolivia\" \/>\n<meta property=\"article:publisher\" content=\"https:\/\/www.facebook.com\/eldiario.bolivia\/\" \/>\n<meta property=\"article:published_time\" content=\"2021-08-07T06:16:07+00:00\" \/>\n<meta name=\"author\" content=\"Jeanette\" \/>\n<meta name=\"twitter:card\" content=\"summary_large_image\" \/>\n<meta name=\"twitter:creator\" content=\"@eldiario_net\" \/>\n<meta name=\"twitter:site\" content=\"@eldiario_net\" \/>\n<meta name=\"twitter:label1\" content=\"Escrito por\" \/>\n\t<meta name=\"twitter:data1\" content=\"Jeanette\" \/>\n\t<meta name=\"twitter:label2\" content=\"Tiempo de lectura\" \/>\n\t<meta name=\"twitter:data2\" content=\"1 minuto\" \/>\n<script type=\"application\/ld+json\" class=\"yoast-schema-graph\">{\"@context\":\"https:\\\/\\\/schema.org\",\"@graph\":[{\"@type\":\"Article\",\"@id\":\"https:\\\/\\\/www.eldiario.net\\\/portal\\\/2021\\\/08\\\/07\\\/recomiendan-excavaciones-tras-hallar-restos-arqueologicos\\\/#article\",\"isPartOf\":{\"@id\":\"https:\\\/\\\/www.eldiario.net\\\/portal\\\/2021\\\/08\\\/07\\\/recomiendan-excavaciones-tras-hallar-restos-arqueologicos\\\/\"},\"author\":{\"name\":\"Jeanette\",\"@id\":\"https:\\\/\\\/www.eldiario.net\\\/portal\\\/#\\\/schema\\\/person\\\/f46445640444750d7d753ccd04ae01b7\"},\"headline\":\"Recomiendan excavaciones tras hallar restos arqueol\u00f3gicos\",\"datePublished\":\"2021-08-07T06:16:07+00:00\",\"mainEntityOfPage\":{\"@id\":\"https:\\\/\\\/www.eldiario.net\\\/portal\\\/2021\\\/08\\\/07\\\/recomiendan-excavaciones-tras-hallar-restos-arqueologicos\\\/\"},\"wordCount\":218,\"publisher\":{\"@id\":\"https:\\\/\\\/www.eldiario.net\\\/portal\\\/#organization\"},\"image\":{\"@id\":\"https:\\\/\\\/www.eldiario.net\\\/portal\\\/2021\\\/08\\\/07\\\/recomiendan-excavaciones-tras-hallar-restos-arqueologicos\\\/#primaryimage\"},\"thumbnailUrl\":\"\",\"articleSection\":[\"Nacional\"],\"inLanguage\":\"es\"},{\"@type\":\"WebPage\",\"@id\":\"https:\\\/\\\/www.eldiario.net\\\/portal\\\/2021\\\/08\\\/07\\\/recomiendan-excavaciones-tras-hallar-restos-arqueologicos\\\/\",\"url\":\"https:\\\/\\\/www.eldiario.net\\\/portal\\\/2021\\\/08\\\/07\\\/recomiendan-excavaciones-tras-hallar-restos-arqueologicos\\\/\",\"name\":\"Recomiendan excavaciones tras hallar restos arqueol\u00f3gicos - El Diario - Bolivia\",\"isPartOf\":{\"@id\":\"https:\\\/\\\/www.eldiario.net\\\/portal\\\/#website\"},\"primaryImageOfPage\":{\"@id\":\"https:\\\/\\\/www.eldiario.net\\\/portal\\\/2021\\\/08\\\/07\\\/recomiendan-excavaciones-tras-hallar-restos-arqueologicos\\\/#primaryimage\"},\"image\":{\"@id\":\"https:\\\/\\\/www.eldiario.net\\\/portal\\\/2021\\\/08\\\/07\\\/recomiendan-excavaciones-tras-hallar-restos-arqueologicos\\\/#primaryimage\"},\"thumbnailUrl\":\"\",\"datePublished\":\"2021-08-07T06:16:07+00:00\",\"breadcrumb\":{\"@id\":\"https:\\\/\\\/www.eldiario.net\\\/portal\\\/2021\\\/08\\\/07\\\/recomiendan-excavaciones-tras-hallar-restos-arqueologicos\\\/#breadcrumb\"},\"inLanguage\":\"es\",\"potentialAction\":[{\"@type\":\"ReadAction\",\"target\":[\"https:\\\/\\\/www.eldiario.net\\\/portal\\\/2021\\\/08\\\/07\\\/recomiendan-excavaciones-tras-hallar-restos-arqueologicos\\\/\"]}]},{\"@type\":\"ImageObject\",\"inLanguage\":\"es\",\"@id\":\"https:\\\/\\\/www.eldiario.net\\\/portal\\\/2021\\\/08\\\/07\\\/recomiendan-excavaciones-tras-hallar-restos-arqueologicos\\\/#primaryimage\",\"url\":\"\",\"contentUrl\":\"\"},{\"@type\":\"BreadcrumbList\",\"@id\":\"https:\\\/\\\/www.eldiario.net\\\/portal\\\/2021\\\/08\\\/07\\\/recomiendan-excavaciones-tras-hallar-restos-arqueologicos\\\/#breadcrumb\",\"itemListElement\":[{\"@type\":\"ListItem\",\"position\":1,\"name\":\"Portada\",\"item\":\"https:\\\/\\\/www.eldiario.net\\\/portal\\\/\"},{\"@type\":\"ListItem\",\"position\":2,\"name\":\"Recomiendan excavaciones tras hallar restos arqueol\u00f3gicos\"}]},{\"@type\":\"WebSite\",\"@id\":\"https:\\\/\\\/www.eldiario.net\\\/portal\\\/#website\",\"url\":\"https:\\\/\\\/www.eldiario.net\\\/portal\\\/\",\"name\":\"El Diario - Decano de la prensa nacional\",\"description\":\"El Diario - Decano de la prensa nacional\",\"publisher\":{\"@id\":\"https:\\\/\\\/www.eldiario.net\\\/portal\\\/#organization\"},\"potentialAction\":[{\"@type\":\"SearchAction\",\"target\":{\"@type\":\"EntryPoint\",\"urlTemplate\":\"https:\\\/\\\/www.eldiario.net\\\/portal\\\/?s={search_term_string}\"},\"query-input\":{\"@type\":\"PropertyValueSpecification\",\"valueRequired\":true,\"valueName\":\"search_term_string\"}}],\"inLanguage\":\"es\"},{\"@type\":\"Organization\",\"@id\":\"https:\\\/\\\/www.eldiario.net\\\/portal\\\/#organization\",\"name\":\"El Diario - Decano de la prensa nacional\",\"url\":\"https:\\\/\\\/www.eldiario.net\\\/portal\\\/\",\"logo\":{\"@type\":\"ImageObject\",\"inLanguage\":\"es\",\"@id\":\"https:\\\/\\\/www.eldiario.net\\\/portal\\\/#\\\/schema\\\/logo\\\/image\\\/\",\"url\":\"https:\\\/\\\/www.eldiario.net\\\/portal\\\/wp-content\\\/uploads\\\/2023\\\/07\\\/logo_ED.jpg\",\"contentUrl\":\"https:\\\/\\\/www.eldiario.net\\\/portal\\\/wp-content\\\/uploads\\\/2023\\\/07\\\/logo_ED.jpg\",\"width\":272,\"height\":52,\"caption\":\"El Diario - Decano de la prensa nacional\"},\"image\":{\"@id\":\"https:\\\/\\\/www.eldiario.net\\\/portal\\\/#\\\/schema\\\/logo\\\/image\\\/\"},\"sameAs\":[\"https:\\\/\\\/www.facebook.com\\\/eldiario.bolivia\\\/\",\"https:\\\/\\\/x.com\\\/eldiario_net\"]},{\"@type\":\"Person\",\"@id\":\"https:\\\/\\\/www.eldiario.net\\\/portal\\\/#\\\/schema\\\/person\\\/f46445640444750d7d753ccd04ae01b7\",\"name\":\"Jeanette\",\"image\":{\"@type\":\"ImageObject\",\"inLanguage\":\"es\",\"@id\":\"https:\\\/\\\/secure.gravatar.com\\\/avatar\\\/3ea2118a5f7dad2b7138b1187a6b7ee55f160b9968b66013c3a3ef39dd7e5798?s=96&d=mm&r=g\",\"url\":\"https:\\\/\\\/secure.gravatar.com\\\/avatar\\\/3ea2118a5f7dad2b7138b1187a6b7ee55f160b9968b66013c3a3ef39dd7e5798?s=96&d=mm&r=g\",\"contentUrl\":\"https:\\\/\\\/secure.gravatar.com\\\/avatar\\\/3ea2118a5f7dad2b7138b1187a6b7ee55f160b9968b66013c3a3ef39dd7e5798?s=96&d=mm&r=g\",\"caption\":\"Jeanette\"},\"sameAs\":[\"https:\\\/\\\/www.eldiario.net\\\/portal\"],\"url\":\"https:\\\/\\\/www.eldiario.net\\\/portal\\\/author\\\/jeanette\\\/\"}]}<\/script>\n<!-- \/ Yoast SEO plugin. -->","yoast_head_json":{"title":"Recomiendan excavaciones tras hallar restos arqueol\u00f3gicos - El Diario - Bolivia","robots":{"index":"index","follow":"follow","max-snippet":"max-snippet:-1","max-image-preview":"max-image-preview:large","max-video-preview":"max-video-preview:-1"},"canonical":"https:\/\/www.eldiario.net\/portal\/2021\/08\/07\/recomiendan-excavaciones-tras-hallar-restos-arqueologicos\/","og_locale":"es_ES","og_type":"article","og_title":"Recomiendan excavaciones tras hallar restos arqueol\u00f3gicos - El Diario - Bolivia","og_description":"Luego del hallazgo de restos \u00f3seos de humanos y cer\u00e1mica en la loma Chuchini, municipio de San Javier, provincia Cercado, se recomend\u00f3 realizar excavaciones en el lugar para conocer m\u00e1s datos al respecto. \u201cSe ha recomendado la contrataci\u00f3n de una consultor\u00eda, se tienen que hacer estudios de diagn\u00f3stico, de intervenci\u00f3n, de monitoreo (\u2026) se tienen [&hellip;]","og_url":"https:\/\/www.eldiario.net\/portal\/2021\/08\/07\/recomiendan-excavaciones-tras-hallar-restos-arqueologicos\/","og_site_name":"El Diario - Bolivia","article_publisher":"https:\/\/www.facebook.com\/eldiario.bolivia\/","article_published_time":"2021-08-07T06:16:07+00:00","author":"Jeanette","twitter_card":"summary_large_image","twitter_creator":"@eldiario_net","twitter_site":"@eldiario_net","twitter_misc":{"Escrito por":"Jeanette","Tiempo de lectura":"1 minuto"},"schema":{"@context":"https:\/\/schema.org","@graph":[{"@type":"Article","@id":"https:\/\/www.eldiario.net\/portal\/2021\/08\/07\/recomiendan-excavaciones-tras-hallar-restos-arqueologicos\/#article","isPartOf":{"@id":"https:\/\/www.eldiario.net\/portal\/2021\/08\/07\/recomiendan-excavaciones-tras-hallar-restos-arqueologicos\/"},"author":{"name":"Jeanette","@id":"https:\/\/www.eldiario.net\/portal\/#\/schema\/person\/f46445640444750d7d753ccd04ae01b7"},"headline":"Recomiendan excavaciones tras hallar restos arqueol\u00f3gicos","datePublished":"2021-08-07T06:16:07+00:00","mainEntityOfPage":{"@id":"https:\/\/www.eldiario.net\/portal\/2021\/08\/07\/recomiendan-excavaciones-tras-hallar-restos-arqueologicos\/"},"wordCount":218,"publisher":{"@id":"https:\/\/www.eldiario.net\/portal\/#organization"},"image":{"@id":"https:\/\/www.eldiario.net\/portal\/2021\/08\/07\/recomiendan-excavaciones-tras-hallar-restos-arqueologicos\/#primaryimage"},"thumbnailUrl":"","articleSection":["Nacional"],"inLanguage":"es"},{"@type":"WebPage","@id":"https:\/\/www.eldiario.net\/portal\/2021\/08\/07\/recomiendan-excavaciones-tras-hallar-restos-arqueologicos\/","url":"https:\/\/www.eldiario.net\/portal\/2021\/08\/07\/recomiendan-excavaciones-tras-hallar-restos-arqueologicos\/","name":"Recomiendan excavaciones tras hallar restos arqueol\u00f3gicos - El Diario - Bolivia","isPartOf":{"@id":"https:\/\/www.eldiario.net\/portal\/#website"},"primaryImageOfPage":{"@id":"https:\/\/www.eldiario.net\/portal\/2021\/08\/07\/recomiendan-excavaciones-tras-hallar-restos-arqueologicos\/#primaryimage"},"image":{"@id":"https:\/\/www.eldiario.net\/portal\/2021\/08\/07\/recomiendan-excavaciones-tras-hallar-restos-arqueologicos\/#primaryimage"},"thumbnailUrl":"","datePublished":"2021-08-07T06:16:07+00:00","breadcrumb":{"@id":"https:\/\/www.eldiario.net\/portal\/2021\/08\/07\/recomiendan-excavaciones-tras-hallar-restos-arqueologicos\/#breadcrumb"},"inLanguage":"es","potentialAction":[{"@type":"ReadAction","target":["https:\/\/www.eldiario.net\/portal\/2021\/08\/07\/recomiendan-excavaciones-tras-hallar-restos-arqueologicos\/"]}]},{"@type":"ImageObject","inLanguage":"es","@id":"https:\/\/www.eldiario.net\/portal\/2021\/08\/07\/recomiendan-excavaciones-tras-hallar-restos-arqueologicos\/#primaryimage","url":"","contentUrl":""},{"@type":"BreadcrumbList","@id":"https:\/\/www.eldiario.net\/portal\/2021\/08\/07\/recomiendan-excavaciones-tras-hallar-restos-arqueologicos\/#breadcrumb","itemListElement":[{"@type":"ListItem","position":1,"name":"Portada","item":"https:\/\/www.eldiario.net\/portal\/"},{"@type":"ListItem","position":2,"name":"Recomiendan excavaciones tras hallar restos arqueol\u00f3gicos"}]},{"@type":"WebSite","@id":"https:\/\/www.eldiario.net\/portal\/#website","url":"https:\/\/www.eldiario.net\/portal\/","name":"El Diario - Decano de la prensa nacional","description":"El Diario - Decano de la prensa nacional","publisher":{"@id":"https:\/\/www.eldiario.net\/portal\/#organization"},"potentialAction":[{"@type":"SearchAction","target":{"@type":"EntryPoint","urlTemplate":"https:\/\/www.eldiario.net\/portal\/?s={search_term_string}"},"query-input":{"@type":"PropertyValueSpecification","valueRequired":true,"valueName":"search_term_string"}}],"inLanguage":"es"},{"@type":"Organization","@id":"https:\/\/www.eldiario.net\/portal\/#organization","name":"El Diario - Decano de la prensa nacional","url":"https:\/\/www.eldiario.net\/portal\/","logo":{"@type":"ImageObject","inLanguage":"es","@id":"https:\/\/www.eldiario.net\/portal\/#\/schema\/logo\/image\/","url":"https:\/\/www.eldiario.net\/portal\/wp-content\/uploads\/2023\/07\/logo_ED.jpg","contentUrl":"https:\/\/www.eldiario.net\/portal\/wp-content\/uploads\/2023\/07\/logo_ED.jpg","width":272,"height":52,"caption":"El Diario - Decano de la prensa nacional"},"image":{"@id":"https:\/\/www.eldiario.net\/portal\/#\/schema\/logo\/image\/"},"sameAs":["https:\/\/www.facebook.com\/eldiario.bolivia\/","https:\/\/x.com\/eldiario_net"]},{"@type":"Person","@id":"https:\/\/www.eldiario.net\/portal\/#\/schema\/person\/f46445640444750d7d753ccd04ae01b7","name":"Jeanette","image":{"@type":"ImageObject","inLanguage":"es","@id":"https:\/\/secure.gravatar.com\/avatar\/3ea2118a5f7dad2b7138b1187a6b7ee55f160b9968b66013c3a3ef39dd7e5798?s=96&d=mm&r=g","url":"https:\/\/secure.gravatar.com\/avatar\/3ea2118a5f7dad2b7138b1187a6b7ee55f160b9968b66013c3a3ef39dd7e5798?s=96&d=mm&r=g","contentUrl":"https:\/\/secure.gravatar.com\/avatar\/3ea2118a5f7dad2b7138b1187a6b7ee55f160b9968b66013c3a3ef39dd7e5798?s=96&d=mm&r=g","caption":"Jeanette"},"sameAs":["https:\/\/www.eldiario.net\/portal"],"url":"https:\/\/www.eldiario.net\/portal\/author\/jeanette\/"}]}},"_links":{"self":[{"href":"https:\/\/www.eldiario.net\/portal\/wp-json\/wp\/v2\/posts\/21843","targetHints":{"allow":["GET"]}}],"collection":[{"href":"https:\/\/www.eldiario.net\/portal\/wp-json\/wp\/v2\/posts"}],"about":[{"href":"https:\/\/www.eldiario.net\/portal\/wp-json\/wp\/v2\/types\/post"}],"author":[{"embeddable":true,"href":"https:\/\/www.eldiario.net\/portal\/wp-json\/wp\/v2\/users\/1"}],"replies":[{"embeddable":true,"href":"https:\/\/www.eldiario.net\/portal\/wp-json\/wp\/v2\/comments?post=21843"}],"version-history":[{"count":0,"href":"https:\/\/www.eldiario.net\/portal\/wp-json\/wp\/v2\/posts\/21843\/revisions"}],"wp:attachment":[{"href":"https:\/\/www.eldiario.net\/portal\/wp-json\/wp\/v2\/media?parent=21843"}],"wp:term":[{"taxonomy":"category","embeddable":true,"href":"https:\/\/www.eldiario.net\/portal\/wp-json\/wp\/v2\/categories?post=21843"},{"taxonomy":"post_tag","embeddable":true,"href":"https:\/\/www.eldiario.net\/portal\/wp-json\/wp\/v2\/tags?post=21843"}],"curies":[{"name":"wp","href":"https:\/\/api.w.org\/{rel}","templated":true}]}}