{"id":21840,"date":"2021-08-07T02:15:07","date_gmt":"2021-08-07T06:15:07","guid":{"rendered":"https:\/\/www.eldiario.net\/portal\/?p=21840"},"modified":"2021-08-07T02:15:07","modified_gmt":"2021-08-07T06:15:07","slug":"asambleistas-sesionaron-en-la-casa-de-la-libertad","status":"publish","type":"post","link":"https:\/\/www.eldiario.net\/portal\/2021\/08\/07\/asambleistas-sesionaron-en-la-casa-de-la-libertad\/","title":{"rendered":"Asamble\u00edstas sesionaron en la Casa de la Libertad"},"content":{"rendered":"<p>La Brigada de Asamble\u00edstas de Chuquisaca cumpli\u00f3 con su homenaje a los 196 a\u00f1os de la Independencia de Bolivia con una sesi\u00f3n de honor ayer en la Casa de la Libertad, con la participaci\u00f3n de todos sus integrantes, incluidos los del Movimiento al Socialismo (MAS) que llegaron a la capital tras asistir a los actos en La Paz.<br \/>\nDe esta forma, los 15 parlamentarios titulares de Chuquisaca estuvieron en el Sal\u00f3n de la Independencia de la Casa de la Libertad en una sesi\u00f3n que dej\u00f3 pedidos de unidad y tambi\u00e9n reproches por la decisi\u00f3n del Gobierno de no realizar los actos oficiales en Sucre.<br \/>\nEn medio de la sesi\u00f3n, cuando se entregaban los reconocimientos camarales, el senador de Comunidad Ciudadana (CC), Santiago Ticona, rompi\u00f3 el protocolo y alz\u00f3 la voz para reclamar al Gobierno nacional.<br \/>\n\u201cNo nos podemos quedar callados, el Gobierno ha ofendido a nuestro departamento y a la historia de este pa\u00eds (\u2026) Aqu\u00ed, en esta casa, se ha fundado Bolivia. Lamentablemente, el Gobierno no quiere obedecer lo que dice la Constituci\u00f3n, la Asamblea, el d\u00eda de hoy, deb\u00eda sesionar aqu\u00ed, aqu\u00ed deber\u00eda volverse a leer el Acta de Independencia\u201d, exclam\u00f3 el senador opositor.<br \/>\nDespu\u00e9s, como parte del orden del d\u00eda, el presidente de la Brigada, Gustavo Cu\u00e9llar, del Movimiento al Socialismo (MAS), destac\u00f3 la sesi\u00f3n como una \u201cmuestra de unidad\u201d de los parlamentarios chuquisaque\u00f1os.<br \/>\n\u201cEstamos a cuatro a\u00f1os del Bicentenario, por ello todas las autoridades presentes tenemos la obligaci\u00f3n de trabajar por el desarrollo integral de nuestro departamento. Es hora de redoblar esfuerzos y despojarnos de nuestros intereses personales y trabajar por el progreso de Bolivia\u201d, pidi\u00f3 Cu\u00e9llar.<br \/>\nLuego, al final del acto, el diputado oficialista acus\u00f3 a Ticona de politizar el acto con su reclamo al Gobierno.<br \/>\n\u201cVemos un tinte pol\u00edtico, un discurso ya m\u00e1s pol\u00edtico y no solemne, tal cual ha sido convocado, hacemos que pierda su esencia una sesi\u00f3n\u201d, se\u00f1al\u00f3 en una entrevista con Correo del Sur.<br \/>\nSobre la participaci\u00f3n de los asamble\u00edstas del MAS tanto en la sesi\u00f3n de La Paz como la de Sucre, Cu\u00e9llar se\u00f1al\u00f3 que todos los parlamentarios oficialistas asistieron a la Casa de la Libertad, seg\u00fan la revisi\u00f3n del qu\u00f3rum.<br \/>\nEl diputado supraestatal, Faustino Ollisco (MAS), justific\u00f3 la presencia de los legisladores oficialistas por Chuquisaca en los actos oficiales de La Paz por la inauguraci\u00f3n del nuevo edificio de la Asamblea, pero adelant\u00f3 que el pr\u00f3ximo a\u00f1o emprender\u00e1n gestiones para que Sucre sea sede de los festejos patrios.<br \/>\n\u201cSeguramente al a\u00f1o vamos a ser los pioneros para que la Constituci\u00f3n se respete y aqu\u00ed se celebre el 6 de Agosto\u201d, se\u00f1al\u00f3 a Correo del Sur.<\/p>\n","protected":false},"excerpt":{"rendered":"<p>La Brigada de Asamble\u00edstas de Chuquisaca cumpli\u00f3 con su homenaje a los 196 a\u00f1os de la Independencia de Bolivia con una sesi\u00f3n de honor ayer en la Casa de la Libertad, con la participaci\u00f3n de todos sus integrantes, incluidos los del Movimiento al Socialismo (MAS) que llegaron a la capital tras asistir a los actos [&hellip;]<\/p>\n","protected":false},"author":1,"featured_media":21841,"comment_status":"closed","ping_status":"closed","sticky":false,"template":"","format":"standard","meta":{"_acf_changed":false,"footnotes":""},"categories":[12],"tags":[],"class_list":["post-21840","post","type-post","status-publish","format-standard","has-post-thumbnail","category-nacional"],"acf":{"antetitulo":""},"yoast_head":"<!-- This site is optimized with the Yoast SEO plugin v28.3 - https:\/\/yoast.com\/product\/yoast-seo-wordpress\/ -->\n<title>Asamble\u00edstas sesionaron en la Casa de la Libertad - El Diario - Bolivia<\/title>\n<meta name=\"robots\" content=\"index, follow, max-snippet:-1, max-image-preview:large, max-video-preview:-1\" \/>\n<link rel=\"canonical\" href=\"https:\/\/www.eldiario.net\/portal\/2021\/08\/07\/asambleistas-sesionaron-en-la-casa-de-la-libertad\/\" \/>\n<meta property=\"og:locale\" content=\"es_ES\" \/>\n<meta property=\"og:type\" content=\"article\" \/>\n<meta property=\"og:title\" content=\"Asamble\u00edstas sesionaron en la Casa de la Libertad - El Diario - Bolivia\" \/>\n<meta property=\"og:description\" content=\"La Brigada de Asamble\u00edstas de Chuquisaca cumpli\u00f3 con su homenaje a los 196 a\u00f1os de la Independencia de Bolivia con una sesi\u00f3n de honor ayer en la Casa de la Libertad, con la participaci\u00f3n de todos sus integrantes, incluidos los del Movimiento al Socialismo (MAS) que llegaron a la capital tras asistir a los actos [&hellip;]\" \/>\n<meta property=\"og:url\" content=\"https:\/\/www.eldiario.net\/portal\/2021\/08\/07\/asambleistas-sesionaron-en-la-casa-de-la-libertad\/\" \/>\n<meta property=\"og:site_name\" content=\"El Diario - Bolivia\" \/>\n<meta property=\"article:publisher\" content=\"https:\/\/www.facebook.com\/eldiario.bolivia\/\" \/>\n<meta property=\"article:published_time\" content=\"2021-08-07T06:15:07+00:00\" \/>\n<meta name=\"author\" content=\"Jeanette\" \/>\n<meta name=\"twitter:card\" content=\"summary_large_image\" \/>\n<meta name=\"twitter:creator\" content=\"@eldiario_net\" \/>\n<meta name=\"twitter:site\" content=\"@eldiario_net\" \/>\n<meta name=\"twitter:label1\" content=\"Escrito por\" \/>\n\t<meta name=\"twitter:data1\" content=\"Jeanette\" \/>\n\t<meta name=\"twitter:label2\" content=\"Tiempo de lectura\" \/>\n\t<meta name=\"twitter:data2\" content=\"2 minutos\" \/>\n<script type=\"application\/ld+json\" class=\"yoast-schema-graph\">{\"@context\":\"https:\\\/\\\/schema.org\",\"@graph\":[{\"@type\":\"Article\",\"@id\":\"https:\\\/\\\/www.eldiario.net\\\/portal\\\/2021\\\/08\\\/07\\\/asambleistas-sesionaron-en-la-casa-de-la-libertad\\\/#article\",\"isPartOf\":{\"@id\":\"https:\\\/\\\/www.eldiario.net\\\/portal\\\/2021\\\/08\\\/07\\\/asambleistas-sesionaron-en-la-casa-de-la-libertad\\\/\"},\"author\":{\"name\":\"Jeanette\",\"@id\":\"https:\\\/\\\/www.eldiario.net\\\/portal\\\/#\\\/schema\\\/person\\\/f46445640444750d7d753ccd04ae01b7\"},\"headline\":\"Asamble\u00edstas sesionaron en la Casa de la Libertad\",\"datePublished\":\"2021-08-07T06:15:07+00:00\",\"mainEntityOfPage\":{\"@id\":\"https:\\\/\\\/www.eldiario.net\\\/portal\\\/2021\\\/08\\\/07\\\/asambleistas-sesionaron-en-la-casa-de-la-libertad\\\/\"},\"wordCount\":483,\"publisher\":{\"@id\":\"https:\\\/\\\/www.eldiario.net\\\/portal\\\/#organization\"},\"image\":{\"@id\":\"https:\\\/\\\/www.eldiario.net\\\/portal\\\/2021\\\/08\\\/07\\\/asambleistas-sesionaron-en-la-casa-de-la-libertad\\\/#primaryimage\"},\"thumbnailUrl\":\"\",\"articleSection\":[\"Nacional\"],\"inLanguage\":\"es\"},{\"@type\":\"WebPage\",\"@id\":\"https:\\\/\\\/www.eldiario.net\\\/portal\\\/2021\\\/08\\\/07\\\/asambleistas-sesionaron-en-la-casa-de-la-libertad\\\/\",\"url\":\"https:\\\/\\\/www.eldiario.net\\\/portal\\\/2021\\\/08\\\/07\\\/asambleistas-sesionaron-en-la-casa-de-la-libertad\\\/\",\"name\":\"Asamble\u00edstas sesionaron en la Casa de la Libertad - El Diario - Bolivia\",\"isPartOf\":{\"@id\":\"https:\\\/\\\/www.eldiario.net\\\/portal\\\/#website\"},\"primaryImageOfPage\":{\"@id\":\"https:\\\/\\\/www.eldiario.net\\\/portal\\\/2021\\\/08\\\/07\\\/asambleistas-sesionaron-en-la-casa-de-la-libertad\\\/#primaryimage\"},\"image\":{\"@id\":\"https:\\\/\\\/www.eldiario.net\\\/portal\\\/2021\\\/08\\\/07\\\/asambleistas-sesionaron-en-la-casa-de-la-libertad\\\/#primaryimage\"},\"thumbnailUrl\":\"\",\"datePublished\":\"2021-08-07T06:15:07+00:00\",\"breadcrumb\":{\"@id\":\"https:\\\/\\\/www.eldiario.net\\\/portal\\\/2021\\\/08\\\/07\\\/asambleistas-sesionaron-en-la-casa-de-la-libertad\\\/#breadcrumb\"},\"inLanguage\":\"es\",\"potentialAction\":[{\"@type\":\"ReadAction\",\"target\":[\"https:\\\/\\\/www.eldiario.net\\\/portal\\\/2021\\\/08\\\/07\\\/asambleistas-sesionaron-en-la-casa-de-la-libertad\\\/\"]}]},{\"@type\":\"ImageObject\",\"inLanguage\":\"es\",\"@id\":\"https:\\\/\\\/www.eldiario.net\\\/portal\\\/2021\\\/08\\\/07\\\/asambleistas-sesionaron-en-la-casa-de-la-libertad\\\/#primaryimage\",\"url\":\"\",\"contentUrl\":\"\"},{\"@type\":\"BreadcrumbList\",\"@id\":\"https:\\\/\\\/www.eldiario.net\\\/portal\\\/2021\\\/08\\\/07\\\/asambleistas-sesionaron-en-la-casa-de-la-libertad\\\/#breadcrumb\",\"itemListElement\":[{\"@type\":\"ListItem\",\"position\":1,\"name\":\"Portada\",\"item\":\"https:\\\/\\\/www.eldiario.net\\\/portal\\\/\"},{\"@type\":\"ListItem\",\"position\":2,\"name\":\"Asamble\u00edstas sesionaron en la Casa de la Libertad\"}]},{\"@type\":\"WebSite\",\"@id\":\"https:\\\/\\\/www.eldiario.net\\\/portal\\\/#website\",\"url\":\"https:\\\/\\\/www.eldiario.net\\\/portal\\\/\",\"name\":\"El Diario - Decano de la prensa nacional\",\"description\":\"El Diario - Decano de la prensa nacional\",\"publisher\":{\"@id\":\"https:\\\/\\\/www.eldiario.net\\\/portal\\\/#organization\"},\"potentialAction\":[{\"@type\":\"SearchAction\",\"target\":{\"@type\":\"EntryPoint\",\"urlTemplate\":\"https:\\\/\\\/www.eldiario.net\\\/portal\\\/?s={search_term_string}\"},\"query-input\":{\"@type\":\"PropertyValueSpecification\",\"valueRequired\":true,\"valueName\":\"search_term_string\"}}],\"inLanguage\":\"es\"},{\"@type\":\"Organization\",\"@id\":\"https:\\\/\\\/www.eldiario.net\\\/portal\\\/#organization\",\"name\":\"El Diario - Decano de la prensa nacional\",\"url\":\"https:\\\/\\\/www.eldiario.net\\\/portal\\\/\",\"logo\":{\"@type\":\"ImageObject\",\"inLanguage\":\"es\",\"@id\":\"https:\\\/\\\/www.eldiario.net\\\/portal\\\/#\\\/schema\\\/logo\\\/image\\\/\",\"url\":\"https:\\\/\\\/www.eldiario.net\\\/portal\\\/wp-content\\\/uploads\\\/2023\\\/07\\\/logo_ED.jpg\",\"contentUrl\":\"https:\\\/\\\/www.eldiario.net\\\/portal\\\/wp-content\\\/uploads\\\/2023\\\/07\\\/logo_ED.jpg\",\"width\":272,\"height\":52,\"caption\":\"El Diario - Decano de la prensa nacional\"},\"image\":{\"@id\":\"https:\\\/\\\/www.eldiario.net\\\/portal\\\/#\\\/schema\\\/logo\\\/image\\\/\"},\"sameAs\":[\"https:\\\/\\\/www.facebook.com\\\/eldiario.bolivia\\\/\",\"https:\\\/\\\/x.com\\\/eldiario_net\"]},{\"@type\":\"Person\",\"@id\":\"https:\\\/\\\/www.eldiario.net\\\/portal\\\/#\\\/schema\\\/person\\\/f46445640444750d7d753ccd04ae01b7\",\"name\":\"Jeanette\",\"image\":{\"@type\":\"ImageObject\",\"inLanguage\":\"es\",\"@id\":\"https:\\\/\\\/secure.gravatar.com\\\/avatar\\\/3ea2118a5f7dad2b7138b1187a6b7ee55f160b9968b66013c3a3ef39dd7e5798?s=96&d=mm&r=g\",\"url\":\"https:\\\/\\\/secure.gravatar.com\\\/avatar\\\/3ea2118a5f7dad2b7138b1187a6b7ee55f160b9968b66013c3a3ef39dd7e5798?s=96&d=mm&r=g\",\"contentUrl\":\"https:\\\/\\\/secure.gravatar.com\\\/avatar\\\/3ea2118a5f7dad2b7138b1187a6b7ee55f160b9968b66013c3a3ef39dd7e5798?s=96&d=mm&r=g\",\"caption\":\"Jeanette\"},\"sameAs\":[\"https:\\\/\\\/www.eldiario.net\\\/portal\"],\"url\":\"https:\\\/\\\/www.eldiario.net\\\/portal\\\/author\\\/jeanette\\\/\"}]}<\/script>\n<!-- \/ Yoast SEO plugin. -->","yoast_head_json":{"title":"Asamble\u00edstas sesionaron en la Casa de la Libertad - El Diario - Bolivia","robots":{"index":"index","follow":"follow","max-snippet":"max-snippet:-1","max-image-preview":"max-image-preview:large","max-video-preview":"max-video-preview:-1"},"canonical":"https:\/\/www.eldiario.net\/portal\/2021\/08\/07\/asambleistas-sesionaron-en-la-casa-de-la-libertad\/","og_locale":"es_ES","og_type":"article","og_title":"Asamble\u00edstas sesionaron en la Casa de la Libertad - El Diario - Bolivia","og_description":"La Brigada de Asamble\u00edstas de Chuquisaca cumpli\u00f3 con su homenaje a los 196 a\u00f1os de la Independencia de Bolivia con una sesi\u00f3n de honor ayer en la Casa de la Libertad, con la participaci\u00f3n de todos sus integrantes, incluidos los del Movimiento al Socialismo (MAS) que llegaron a la capital tras asistir a los actos [&hellip;]","og_url":"https:\/\/www.eldiario.net\/portal\/2021\/08\/07\/asambleistas-sesionaron-en-la-casa-de-la-libertad\/","og_site_name":"El Diario - Bolivia","article_publisher":"https:\/\/www.facebook.com\/eldiario.bolivia\/","article_published_time":"2021-08-07T06:15:07+00:00","author":"Jeanette","twitter_card":"summary_large_image","twitter_creator":"@eldiario_net","twitter_site":"@eldiario_net","twitter_misc":{"Escrito por":"Jeanette","Tiempo de lectura":"2 minutos"},"schema":{"@context":"https:\/\/schema.org","@graph":[{"@type":"Article","@id":"https:\/\/www.eldiario.net\/portal\/2021\/08\/07\/asambleistas-sesionaron-en-la-casa-de-la-libertad\/#article","isPartOf":{"@id":"https:\/\/www.eldiario.net\/portal\/2021\/08\/07\/asambleistas-sesionaron-en-la-casa-de-la-libertad\/"},"author":{"name":"Jeanette","@id":"https:\/\/www.eldiario.net\/portal\/#\/schema\/person\/f46445640444750d7d753ccd04ae01b7"},"headline":"Asamble\u00edstas sesionaron en la Casa de la Libertad","datePublished":"2021-08-07T06:15:07+00:00","mainEntityOfPage":{"@id":"https:\/\/www.eldiario.net\/portal\/2021\/08\/07\/asambleistas-sesionaron-en-la-casa-de-la-libertad\/"},"wordCount":483,"publisher":{"@id":"https:\/\/www.eldiario.net\/portal\/#organization"},"image":{"@id":"https:\/\/www.eldiario.net\/portal\/2021\/08\/07\/asambleistas-sesionaron-en-la-casa-de-la-libertad\/#primaryimage"},"thumbnailUrl":"","articleSection":["Nacional"],"inLanguage":"es"},{"@type":"WebPage","@id":"https:\/\/www.eldiario.net\/portal\/2021\/08\/07\/asambleistas-sesionaron-en-la-casa-de-la-libertad\/","url":"https:\/\/www.eldiario.net\/portal\/2021\/08\/07\/asambleistas-sesionaron-en-la-casa-de-la-libertad\/","name":"Asamble\u00edstas sesionaron en la Casa de la Libertad - El Diario - Bolivia","isPartOf":{"@id":"https:\/\/www.eldiario.net\/portal\/#website"},"primaryImageOfPage":{"@id":"https:\/\/www.eldiario.net\/portal\/2021\/08\/07\/asambleistas-sesionaron-en-la-casa-de-la-libertad\/#primaryimage"},"image":{"@id":"https:\/\/www.eldiario.net\/portal\/2021\/08\/07\/asambleistas-sesionaron-en-la-casa-de-la-libertad\/#primaryimage"},"thumbnailUrl":"","datePublished":"2021-08-07T06:15:07+00:00","breadcrumb":{"@id":"https:\/\/www.eldiario.net\/portal\/2021\/08\/07\/asambleistas-sesionaron-en-la-casa-de-la-libertad\/#breadcrumb"},"inLanguage":"es","potentialAction":[{"@type":"ReadAction","target":["https:\/\/www.eldiario.net\/portal\/2021\/08\/07\/asambleistas-sesionaron-en-la-casa-de-la-libertad\/"]}]},{"@type":"ImageObject","inLanguage":"es","@id":"https:\/\/www.eldiario.net\/portal\/2021\/08\/07\/asambleistas-sesionaron-en-la-casa-de-la-libertad\/#primaryimage","url":"","contentUrl":""},{"@type":"BreadcrumbList","@id":"https:\/\/www.eldiario.net\/portal\/2021\/08\/07\/asambleistas-sesionaron-en-la-casa-de-la-libertad\/#breadcrumb","itemListElement":[{"@type":"ListItem","position":1,"name":"Portada","item":"https:\/\/www.eldiario.net\/portal\/"},{"@type":"ListItem","position":2,"name":"Asamble\u00edstas sesionaron en la Casa de la Libertad"}]},{"@type":"WebSite","@id":"https:\/\/www.eldiario.net\/portal\/#website","url":"https:\/\/www.eldiario.net\/portal\/","name":"El Diario - Decano de la prensa nacional","description":"El Diario - Decano de la prensa nacional","publisher":{"@id":"https:\/\/www.eldiario.net\/portal\/#organization"},"potentialAction":[{"@type":"SearchAction","target":{"@type":"EntryPoint","urlTemplate":"https:\/\/www.eldiario.net\/portal\/?s={search_term_string}"},"query-input":{"@type":"PropertyValueSpecification","valueRequired":true,"valueName":"search_term_string"}}],"inLanguage":"es"},{"@type":"Organization","@id":"https:\/\/www.eldiario.net\/portal\/#organization","name":"El Diario - Decano de la prensa nacional","url":"https:\/\/www.eldiario.net\/portal\/","logo":{"@type":"ImageObject","inLanguage":"es","@id":"https:\/\/www.eldiario.net\/portal\/#\/schema\/logo\/image\/","url":"https:\/\/www.eldiario.net\/portal\/wp-content\/uploads\/2023\/07\/logo_ED.jpg","contentUrl":"https:\/\/www.eldiario.net\/portal\/wp-content\/uploads\/2023\/07\/logo_ED.jpg","width":272,"height":52,"caption":"El Diario - Decano de la prensa nacional"},"image":{"@id":"https:\/\/www.eldiario.net\/portal\/#\/schema\/logo\/image\/"},"sameAs":["https:\/\/www.facebook.com\/eldiario.bolivia\/","https:\/\/x.com\/eldiario_net"]},{"@type":"Person","@id":"https:\/\/www.eldiario.net\/portal\/#\/schema\/person\/f46445640444750d7d753ccd04ae01b7","name":"Jeanette","image":{"@type":"ImageObject","inLanguage":"es","@id":"https:\/\/secure.gravatar.com\/avatar\/3ea2118a5f7dad2b7138b1187a6b7ee55f160b9968b66013c3a3ef39dd7e5798?s=96&d=mm&r=g","url":"https:\/\/secure.gravatar.com\/avatar\/3ea2118a5f7dad2b7138b1187a6b7ee55f160b9968b66013c3a3ef39dd7e5798?s=96&d=mm&r=g","contentUrl":"https:\/\/secure.gravatar.com\/avatar\/3ea2118a5f7dad2b7138b1187a6b7ee55f160b9968b66013c3a3ef39dd7e5798?s=96&d=mm&r=g","caption":"Jeanette"},"sameAs":["https:\/\/www.eldiario.net\/portal"],"url":"https:\/\/www.eldiario.net\/portal\/author\/jeanette\/"}]}},"_links":{"self":[{"href":"https:\/\/www.eldiario.net\/portal\/wp-json\/wp\/v2\/posts\/21840","targetHints":{"allow":["GET"]}}],"collection":[{"href":"https:\/\/www.eldiario.net\/portal\/wp-json\/wp\/v2\/posts"}],"about":[{"href":"https:\/\/www.eldiario.net\/portal\/wp-json\/wp\/v2\/types\/post"}],"author":[{"embeddable":true,"href":"https:\/\/www.eldiario.net\/portal\/wp-json\/wp\/v2\/users\/1"}],"replies":[{"embeddable":true,"href":"https:\/\/www.eldiario.net\/portal\/wp-json\/wp\/v2\/comments?post=21840"}],"version-history":[{"count":0,"href":"https:\/\/www.eldiario.net\/portal\/wp-json\/wp\/v2\/posts\/21840\/revisions"}],"wp:attachment":[{"href":"https:\/\/www.eldiario.net\/portal\/wp-json\/wp\/v2\/media?parent=21840"}],"wp:term":[{"taxonomy":"category","embeddable":true,"href":"https:\/\/www.eldiario.net\/portal\/wp-json\/wp\/v2\/categories?post=21840"},{"taxonomy":"post_tag","embeddable":true,"href":"https:\/\/www.eldiario.net\/portal\/wp-json\/wp\/v2\/tags?post=21840"}],"curies":[{"name":"wp","href":"https:\/\/api.w.org\/{rel}","templated":true}]}}