{"id":218330,"date":"2024-05-03T16:21:48","date_gmt":"2024-05-03T20:21:48","guid":{"rendered":"https:\/\/www.eldiario.net\/portal\/?p=218330"},"modified":"2024-05-03T16:21:48","modified_gmt":"2024-05-03T20:21:48","slug":"eliminaran-paradas-improvisadas-por-la-plaza-perez-velasco-de-la-paz","status":"publish","type":"post","link":"https:\/\/www.eldiario.net\/portal\/2024\/05\/03\/eliminaran-paradas-improvisadas-por-la-plaza-perez-velasco-de-la-paz\/","title":{"rendered":"Eliminar\u00e1n paradas improvisadas por la plaza P\u00e9rez Velasco de La Paz"},"content":{"rendered":"<p>Las paradas improvisadas para veh\u00edculos del transporte p\u00fablico por inmediaciones de la plaza P\u00e9rez Velasco de la ciudad de La Paz ser\u00e1n eliminadas, inform\u00f3 el director municipal de Regulaci\u00f3n y Ordenamiento de la Movilidad, Luis Oliden.<\/p>\n<p>Citado en una nota de prensa institucional, la autoridad dijo que la tarea se realizar\u00e1 con el incremento de los operativos de guardias municipales, con el fin de evitar el parqueo de motorizados como minibuses para la espera de pasajeros entre las ciudades de La Paz y El Alto.<\/p>\n<p>El objetivo, dijo, ser\u00e1 que se recupere el uso de las paradas oficiales habilitadas por el lugar, porque cuando los autom\u00f3viles del transporte p\u00fablico se estacionan en lugares no autorizados hasta que est\u00e1n llenos de usuarios se genera un congestionamiento vehicular.<\/p>\n<p>\u201cHay lugares donde pueden hacer el embarque y desembarque, pero ellos no deber\u00edan pararse en el centro y esperar (pasajeros). Ellos deber\u00edan continuar con su circulaci\u00f3n de manera constante\u201d, manifest\u00f3.<\/p>\n<p>Seg\u00fan Oliden, entre 13.000 y 18.000 veh\u00edculos del transporte p\u00fablico circulan diariamente entre las ciudades de La Paz y El Alto, lo cual genera una sobre oferta de sus servicios y que los conductores estacionen sus motorizados en puntos intermedios hasta llenarlos\u00a0 de pasajeros antes de partir hacia sus destinos.<\/p>\n","protected":false},"excerpt":{"rendered":"<p>Las paradas improvisadas para veh\u00edculos del transporte p\u00fablico por inmediaciones de la plaza P\u00e9rez Velasco de la ciudad de La Paz ser\u00e1n eliminadas, inform\u00f3 el director municipal de Regulaci\u00f3n y Ordenamiento de la Movilidad, Luis Oliden. Citado en una nota de prensa institucional, la autoridad dijo que la tarea se realizar\u00e1 con el incremento de [&hellip;]<\/p>\n","protected":false},"author":2,"featured_media":218332,"comment_status":"open","ping_status":"open","sticky":false,"template":"","format":"standard","meta":{"_acf_changed":false,"footnotes":""},"categories":[51],"tags":[],"class_list":["post-218330","post","type-post","status-publish","format-standard","has-post-thumbnail","category-ultima-hora"],"acf":{"antetitulo":""},"yoast_head":"<!-- This site is optimized with the Yoast SEO plugin v28.4 - https:\/\/yoast.com\/product\/yoast-seo-wordpress\/ -->\n<title>Eliminar\u00e1n paradas improvisadas por la plaza P\u00e9rez Velasco de La Paz - El Diario - Bolivia<\/title>\n<meta name=\"robots\" content=\"index, follow, max-snippet:-1, max-image-preview:large, max-video-preview:-1\" \/>\n<link rel=\"canonical\" href=\"https:\/\/www.eldiario.net\/portal\/2024\/05\/03\/eliminaran-paradas-improvisadas-por-la-plaza-perez-velasco-de-la-paz\/\" \/>\n<meta property=\"og:locale\" content=\"es_ES\" \/>\n<meta property=\"og:type\" content=\"article\" \/>\n<meta property=\"og:title\" content=\"Eliminar\u00e1n paradas improvisadas por la plaza P\u00e9rez Velasco de La Paz - El Diario - Bolivia\" \/>\n<meta property=\"og:description\" content=\"Las paradas improvisadas para veh\u00edculos del transporte p\u00fablico por inmediaciones de la plaza P\u00e9rez Velasco de la ciudad de La Paz ser\u00e1n eliminadas, inform\u00f3 el director municipal de Regulaci\u00f3n y Ordenamiento de la Movilidad, Luis Oliden. Citado en una nota de prensa institucional, la autoridad dijo que la tarea se realizar\u00e1 con el incremento de [&hellip;]\" \/>\n<meta property=\"og:url\" content=\"https:\/\/www.eldiario.net\/portal\/2024\/05\/03\/eliminaran-paradas-improvisadas-por-la-plaza-perez-velasco-de-la-paz\/\" \/>\n<meta property=\"og:site_name\" content=\"El Diario - Bolivia\" \/>\n<meta property=\"article:publisher\" content=\"https:\/\/www.facebook.com\/eldiario.bolivia\/\" \/>\n<meta property=\"article:published_time\" content=\"2024-05-03T20:21:48+00:00\" \/>\n<meta property=\"og:image\" content=\"https:\/\/www.eldiario.net\/portal\/wp-content\/uploads\/2024\/05\/PARADAS-40.jpg\" \/>\n\t<meta property=\"og:image:width\" content=\"696\" \/>\n\t<meta property=\"og:image:height\" content=\"522\" \/>\n\t<meta property=\"og:image:type\" content=\"image\/jpeg\" \/>\n<meta name=\"author\" content=\"luis Camacho\" \/>\n<meta name=\"twitter:card\" content=\"summary_large_image\" \/>\n<meta name=\"twitter:creator\" content=\"@eldiario_net\" \/>\n<meta name=\"twitter:site\" content=\"@eldiario_net\" \/>\n<meta name=\"twitter:label1\" content=\"Escrito por\" \/>\n\t<meta name=\"twitter:data1\" content=\"luis Camacho\" \/>\n\t<meta name=\"twitter:label2\" content=\"Tiempo de lectura\" \/>\n\t<meta name=\"twitter:data2\" content=\"2 minutos\" \/>\n<script type=\"application\/ld+json\" class=\"yoast-schema-graph\">{\"@context\":\"https:\\\/\\\/schema.org\",\"@graph\":[{\"@type\":\"Article\",\"@id\":\"https:\\\/\\\/www.eldiario.net\\\/portal\\\/2024\\\/05\\\/03\\\/eliminaran-paradas-improvisadas-por-la-plaza-perez-velasco-de-la-paz\\\/#article\",\"isPartOf\":{\"@id\":\"https:\\\/\\\/www.eldiario.net\\\/portal\\\/2024\\\/05\\\/03\\\/eliminaran-paradas-improvisadas-por-la-plaza-perez-velasco-de-la-paz\\\/\"},\"author\":{\"name\":\"luis Camacho\",\"@id\":\"https:\\\/\\\/www.eldiario.net\\\/portal\\\/#\\\/schema\\\/person\\\/cab1ae4db27e5f008a62cbffb05fbfee\"},\"headline\":\"Eliminar\u00e1n paradas improvisadas por la plaza P\u00e9rez Velasco de La Paz\",\"datePublished\":\"2024-05-03T20:21:48+00:00\",\"mainEntityOfPage\":{\"@id\":\"https:\\\/\\\/www.eldiario.net\\\/portal\\\/2024\\\/05\\\/03\\\/eliminaran-paradas-improvisadas-por-la-plaza-perez-velasco-de-la-paz\\\/\"},\"wordCount\":231,\"commentCount\":0,\"publisher\":{\"@id\":\"https:\\\/\\\/www.eldiario.net\\\/portal\\\/#organization\"},\"image\":{\"@id\":\"https:\\\/\\\/www.eldiario.net\\\/portal\\\/2024\\\/05\\\/03\\\/eliminaran-paradas-improvisadas-por-la-plaza-perez-velasco-de-la-paz\\\/#primaryimage\"},\"thumbnailUrl\":\"https:\\\/\\\/www.eldiario.net\\\/portal\\\/wp-content\\\/uploads\\\/2024\\\/05\\\/PARADAS-40.jpg\",\"articleSection\":[\"\u00daltima Hora\"],\"inLanguage\":\"es\",\"potentialAction\":[{\"@type\":\"CommentAction\",\"name\":\"Comment\",\"target\":[\"https:\\\/\\\/www.eldiario.net\\\/portal\\\/2024\\\/05\\\/03\\\/eliminaran-paradas-improvisadas-por-la-plaza-perez-velasco-de-la-paz\\\/#respond\"]}]},{\"@type\":\"WebPage\",\"@id\":\"https:\\\/\\\/www.eldiario.net\\\/portal\\\/2024\\\/05\\\/03\\\/eliminaran-paradas-improvisadas-por-la-plaza-perez-velasco-de-la-paz\\\/\",\"url\":\"https:\\\/\\\/www.eldiario.net\\\/portal\\\/2024\\\/05\\\/03\\\/eliminaran-paradas-improvisadas-por-la-plaza-perez-velasco-de-la-paz\\\/\",\"name\":\"Eliminar\u00e1n paradas improvisadas por la plaza P\u00e9rez Velasco de La Paz - El Diario - Bolivia\",\"isPartOf\":{\"@id\":\"https:\\\/\\\/www.eldiario.net\\\/portal\\\/#website\"},\"primaryImageOfPage\":{\"@id\":\"https:\\\/\\\/www.eldiario.net\\\/portal\\\/2024\\\/05\\\/03\\\/eliminaran-paradas-improvisadas-por-la-plaza-perez-velasco-de-la-paz\\\/#primaryimage\"},\"image\":{\"@id\":\"https:\\\/\\\/www.eldiario.net\\\/portal\\\/2024\\\/05\\\/03\\\/eliminaran-paradas-improvisadas-por-la-plaza-perez-velasco-de-la-paz\\\/#primaryimage\"},\"thumbnailUrl\":\"https:\\\/\\\/www.eldiario.net\\\/portal\\\/wp-content\\\/uploads\\\/2024\\\/05\\\/PARADAS-40.jpg\",\"datePublished\":\"2024-05-03T20:21:48+00:00\",\"breadcrumb\":{\"@id\":\"https:\\\/\\\/www.eldiario.net\\\/portal\\\/2024\\\/05\\\/03\\\/eliminaran-paradas-improvisadas-por-la-plaza-perez-velasco-de-la-paz\\\/#breadcrumb\"},\"inLanguage\":\"es\",\"potentialAction\":[{\"@type\":\"ReadAction\",\"target\":[\"https:\\\/\\\/www.eldiario.net\\\/portal\\\/2024\\\/05\\\/03\\\/eliminaran-paradas-improvisadas-por-la-plaza-perez-velasco-de-la-paz\\\/\"]}]},{\"@type\":\"ImageObject\",\"inLanguage\":\"es\",\"@id\":\"https:\\\/\\\/www.eldiario.net\\\/portal\\\/2024\\\/05\\\/03\\\/eliminaran-paradas-improvisadas-por-la-plaza-perez-velasco-de-la-paz\\\/#primaryimage\",\"url\":\"https:\\\/\\\/www.eldiario.net\\\/portal\\\/wp-content\\\/uploads\\\/2024\\\/05\\\/PARADAS-40.jpg\",\"contentUrl\":\"https:\\\/\\\/www.eldiario.net\\\/portal\\\/wp-content\\\/uploads\\\/2024\\\/05\\\/PARADAS-40.jpg\",\"width\":696,\"height\":522,\"caption\":\"Foto: Agencia Municipal de Noticias.\"},{\"@type\":\"BreadcrumbList\",\"@id\":\"https:\\\/\\\/www.eldiario.net\\\/portal\\\/2024\\\/05\\\/03\\\/eliminaran-paradas-improvisadas-por-la-plaza-perez-velasco-de-la-paz\\\/#breadcrumb\",\"itemListElement\":[{\"@type\":\"ListItem\",\"position\":1,\"name\":\"Portada\",\"item\":\"https:\\\/\\\/www.eldiario.net\\\/portal\\\/\"},{\"@type\":\"ListItem\",\"position\":2,\"name\":\"Eliminar\u00e1n paradas improvisadas por la plaza P\u00e9rez Velasco de La Paz\"}]},{\"@type\":\"WebSite\",\"@id\":\"https:\\\/\\\/www.eldiario.net\\\/portal\\\/#website\",\"url\":\"https:\\\/\\\/www.eldiario.net\\\/portal\\\/\",\"name\":\"El Diario - Decano de la prensa nacional\",\"description\":\"El Diario - Decano de la prensa nacional\",\"publisher\":{\"@id\":\"https:\\\/\\\/www.eldiario.net\\\/portal\\\/#organization\"},\"potentialAction\":[{\"@type\":\"SearchAction\",\"target\":{\"@type\":\"EntryPoint\",\"urlTemplate\":\"https:\\\/\\\/www.eldiario.net\\\/portal\\\/?s={search_term_string}\"},\"query-input\":{\"@type\":\"PropertyValueSpecification\",\"valueRequired\":true,\"valueName\":\"search_term_string\"}}],\"inLanguage\":\"es\"},{\"@type\":\"Organization\",\"@id\":\"https:\\\/\\\/www.eldiario.net\\\/portal\\\/#organization\",\"name\":\"El Diario - Decano de la prensa nacional\",\"url\":\"https:\\\/\\\/www.eldiario.net\\\/portal\\\/\",\"logo\":{\"@type\":\"ImageObject\",\"inLanguage\":\"es\",\"@id\":\"https:\\\/\\\/www.eldiario.net\\\/portal\\\/#\\\/schema\\\/logo\\\/image\\\/\",\"url\":\"https:\\\/\\\/www.eldiario.net\\\/portal\\\/wp-content\\\/uploads\\\/2023\\\/07\\\/logo_ED.jpg\",\"contentUrl\":\"https:\\\/\\\/www.eldiario.net\\\/portal\\\/wp-content\\\/uploads\\\/2023\\\/07\\\/logo_ED.jpg\",\"width\":272,\"height\":52,\"caption\":\"El Diario - Decano de la prensa nacional\"},\"image\":{\"@id\":\"https:\\\/\\\/www.eldiario.net\\\/portal\\\/#\\\/schema\\\/logo\\\/image\\\/\"},\"sameAs\":[\"https:\\\/\\\/www.facebook.com\\\/eldiario.bolivia\\\/\",\"https:\\\/\\\/x.com\\\/eldiario_net\"]},{\"@type\":\"Person\",\"@id\":\"https:\\\/\\\/www.eldiario.net\\\/portal\\\/#\\\/schema\\\/person\\\/cab1ae4db27e5f008a62cbffb05fbfee\",\"name\":\"luis Camacho\",\"image\":{\"@type\":\"ImageObject\",\"inLanguage\":\"es\",\"@id\":\"https:\\\/\\\/secure.gravatar.com\\\/avatar\\\/69ecb836b3826d5a2501bf06ab2a2f2c8ab211cc846758f395df21684cb38313?s=96&d=mm&r=g\",\"url\":\"https:\\\/\\\/secure.gravatar.com\\\/avatar\\\/69ecb836b3826d5a2501bf06ab2a2f2c8ab211cc846758f395df21684cb38313?s=96&d=mm&r=g\",\"contentUrl\":\"https:\\\/\\\/secure.gravatar.com\\\/avatar\\\/69ecb836b3826d5a2501bf06ab2a2f2c8ab211cc846758f395df21684cb38313?s=96&d=mm&r=g\",\"caption\":\"luis Camacho\"},\"url\":\"https:\\\/\\\/www.eldiario.net\\\/portal\\\/author\\\/luis\\\/\"}]}<\/script>\n<!-- \/ Yoast SEO plugin. -->","yoast_head_json":{"title":"Eliminar\u00e1n paradas improvisadas por la plaza P\u00e9rez Velasco de La Paz - El Diario - Bolivia","robots":{"index":"index","follow":"follow","max-snippet":"max-snippet:-1","max-image-preview":"max-image-preview:large","max-video-preview":"max-video-preview:-1"},"canonical":"https:\/\/www.eldiario.net\/portal\/2024\/05\/03\/eliminaran-paradas-improvisadas-por-la-plaza-perez-velasco-de-la-paz\/","og_locale":"es_ES","og_type":"article","og_title":"Eliminar\u00e1n paradas improvisadas por la plaza P\u00e9rez Velasco de La Paz - El Diario - Bolivia","og_description":"Las paradas improvisadas para veh\u00edculos del transporte p\u00fablico por inmediaciones de la plaza P\u00e9rez Velasco de la ciudad de La Paz ser\u00e1n eliminadas, inform\u00f3 el director municipal de Regulaci\u00f3n y Ordenamiento de la Movilidad, Luis Oliden. Citado en una nota de prensa institucional, la autoridad dijo que la tarea se realizar\u00e1 con el incremento de [&hellip;]","og_url":"https:\/\/www.eldiario.net\/portal\/2024\/05\/03\/eliminaran-paradas-improvisadas-por-la-plaza-perez-velasco-de-la-paz\/","og_site_name":"El Diario - Bolivia","article_publisher":"https:\/\/www.facebook.com\/eldiario.bolivia\/","article_published_time":"2024-05-03T20:21:48+00:00","og_image":[{"width":696,"height":522,"url":"https:\/\/www.eldiario.net\/portal\/wp-content\/uploads\/2024\/05\/PARADAS-40.jpg","type":"image\/jpeg"}],"author":"luis Camacho","twitter_card":"summary_large_image","twitter_creator":"@eldiario_net","twitter_site":"@eldiario_net","twitter_misc":{"Escrito por":"luis Camacho","Tiempo de lectura":"2 minutos"},"schema":{"@context":"https:\/\/schema.org","@graph":[{"@type":"Article","@id":"https:\/\/www.eldiario.net\/portal\/2024\/05\/03\/eliminaran-paradas-improvisadas-por-la-plaza-perez-velasco-de-la-paz\/#article","isPartOf":{"@id":"https:\/\/www.eldiario.net\/portal\/2024\/05\/03\/eliminaran-paradas-improvisadas-por-la-plaza-perez-velasco-de-la-paz\/"},"author":{"name":"luis Camacho","@id":"https:\/\/www.eldiario.net\/portal\/#\/schema\/person\/cab1ae4db27e5f008a62cbffb05fbfee"},"headline":"Eliminar\u00e1n paradas improvisadas por la plaza P\u00e9rez Velasco de La Paz","datePublished":"2024-05-03T20:21:48+00:00","mainEntityOfPage":{"@id":"https:\/\/www.eldiario.net\/portal\/2024\/05\/03\/eliminaran-paradas-improvisadas-por-la-plaza-perez-velasco-de-la-paz\/"},"wordCount":231,"commentCount":0,"publisher":{"@id":"https:\/\/www.eldiario.net\/portal\/#organization"},"image":{"@id":"https:\/\/www.eldiario.net\/portal\/2024\/05\/03\/eliminaran-paradas-improvisadas-por-la-plaza-perez-velasco-de-la-paz\/#primaryimage"},"thumbnailUrl":"https:\/\/www.eldiario.net\/portal\/wp-content\/uploads\/2024\/05\/PARADAS-40.jpg","articleSection":["\u00daltima Hora"],"inLanguage":"es","potentialAction":[{"@type":"CommentAction","name":"Comment","target":["https:\/\/www.eldiario.net\/portal\/2024\/05\/03\/eliminaran-paradas-improvisadas-por-la-plaza-perez-velasco-de-la-paz\/#respond"]}]},{"@type":"WebPage","@id":"https:\/\/www.eldiario.net\/portal\/2024\/05\/03\/eliminaran-paradas-improvisadas-por-la-plaza-perez-velasco-de-la-paz\/","url":"https:\/\/www.eldiario.net\/portal\/2024\/05\/03\/eliminaran-paradas-improvisadas-por-la-plaza-perez-velasco-de-la-paz\/","name":"Eliminar\u00e1n paradas improvisadas por la plaza P\u00e9rez Velasco de La Paz - El Diario - Bolivia","isPartOf":{"@id":"https:\/\/www.eldiario.net\/portal\/#website"},"primaryImageOfPage":{"@id":"https:\/\/www.eldiario.net\/portal\/2024\/05\/03\/eliminaran-paradas-improvisadas-por-la-plaza-perez-velasco-de-la-paz\/#primaryimage"},"image":{"@id":"https:\/\/www.eldiario.net\/portal\/2024\/05\/03\/eliminaran-paradas-improvisadas-por-la-plaza-perez-velasco-de-la-paz\/#primaryimage"},"thumbnailUrl":"https:\/\/www.eldiario.net\/portal\/wp-content\/uploads\/2024\/05\/PARADAS-40.jpg","datePublished":"2024-05-03T20:21:48+00:00","breadcrumb":{"@id":"https:\/\/www.eldiario.net\/portal\/2024\/05\/03\/eliminaran-paradas-improvisadas-por-la-plaza-perez-velasco-de-la-paz\/#breadcrumb"},"inLanguage":"es","potentialAction":[{"@type":"ReadAction","target":["https:\/\/www.eldiario.net\/portal\/2024\/05\/03\/eliminaran-paradas-improvisadas-por-la-plaza-perez-velasco-de-la-paz\/"]}]},{"@type":"ImageObject","inLanguage":"es","@id":"https:\/\/www.eldiario.net\/portal\/2024\/05\/03\/eliminaran-paradas-improvisadas-por-la-plaza-perez-velasco-de-la-paz\/#primaryimage","url":"https:\/\/www.eldiario.net\/portal\/wp-content\/uploads\/2024\/05\/PARADAS-40.jpg","contentUrl":"https:\/\/www.eldiario.net\/portal\/wp-content\/uploads\/2024\/05\/PARADAS-40.jpg","width":696,"height":522,"caption":"Foto: Agencia Municipal de Noticias."},{"@type":"BreadcrumbList","@id":"https:\/\/www.eldiario.net\/portal\/2024\/05\/03\/eliminaran-paradas-improvisadas-por-la-plaza-perez-velasco-de-la-paz\/#breadcrumb","itemListElement":[{"@type":"ListItem","position":1,"name":"Portada","item":"https:\/\/www.eldiario.net\/portal\/"},{"@type":"ListItem","position":2,"name":"Eliminar\u00e1n paradas improvisadas por la plaza P\u00e9rez Velasco de La Paz"}]},{"@type":"WebSite","@id":"https:\/\/www.eldiario.net\/portal\/#website","url":"https:\/\/www.eldiario.net\/portal\/","name":"El Diario - Decano de la prensa nacional","description":"El Diario - Decano de la prensa nacional","publisher":{"@id":"https:\/\/www.eldiario.net\/portal\/#organization"},"potentialAction":[{"@type":"SearchAction","target":{"@type":"EntryPoint","urlTemplate":"https:\/\/www.eldiario.net\/portal\/?s={search_term_string}"},"query-input":{"@type":"PropertyValueSpecification","valueRequired":true,"valueName":"search_term_string"}}],"inLanguage":"es"},{"@type":"Organization","@id":"https:\/\/www.eldiario.net\/portal\/#organization","name":"El Diario - Decano de la prensa nacional","url":"https:\/\/www.eldiario.net\/portal\/","logo":{"@type":"ImageObject","inLanguage":"es","@id":"https:\/\/www.eldiario.net\/portal\/#\/schema\/logo\/image\/","url":"https:\/\/www.eldiario.net\/portal\/wp-content\/uploads\/2023\/07\/logo_ED.jpg","contentUrl":"https:\/\/www.eldiario.net\/portal\/wp-content\/uploads\/2023\/07\/logo_ED.jpg","width":272,"height":52,"caption":"El Diario - Decano de la prensa nacional"},"image":{"@id":"https:\/\/www.eldiario.net\/portal\/#\/schema\/logo\/image\/"},"sameAs":["https:\/\/www.facebook.com\/eldiario.bolivia\/","https:\/\/x.com\/eldiario_net"]},{"@type":"Person","@id":"https:\/\/www.eldiario.net\/portal\/#\/schema\/person\/cab1ae4db27e5f008a62cbffb05fbfee","name":"luis Camacho","image":{"@type":"ImageObject","inLanguage":"es","@id":"https:\/\/secure.gravatar.com\/avatar\/69ecb836b3826d5a2501bf06ab2a2f2c8ab211cc846758f395df21684cb38313?s=96&d=mm&r=g","url":"https:\/\/secure.gravatar.com\/avatar\/69ecb836b3826d5a2501bf06ab2a2f2c8ab211cc846758f395df21684cb38313?s=96&d=mm&r=g","contentUrl":"https:\/\/secure.gravatar.com\/avatar\/69ecb836b3826d5a2501bf06ab2a2f2c8ab211cc846758f395df21684cb38313?s=96&d=mm&r=g","caption":"luis Camacho"},"url":"https:\/\/www.eldiario.net\/portal\/author\/luis\/"}]}},"_links":{"self":[{"href":"https:\/\/www.eldiario.net\/portal\/wp-json\/wp\/v2\/posts\/218330","targetHints":{"allow":["GET"]}}],"collection":[{"href":"https:\/\/www.eldiario.net\/portal\/wp-json\/wp\/v2\/posts"}],"about":[{"href":"https:\/\/www.eldiario.net\/portal\/wp-json\/wp\/v2\/types\/post"}],"author":[{"embeddable":true,"href":"https:\/\/www.eldiario.net\/portal\/wp-json\/wp\/v2\/users\/2"}],"replies":[{"embeddable":true,"href":"https:\/\/www.eldiario.net\/portal\/wp-json\/wp\/v2\/comments?post=218330"}],"version-history":[{"count":1,"href":"https:\/\/www.eldiario.net\/portal\/wp-json\/wp\/v2\/posts\/218330\/revisions"}],"predecessor-version":[{"id":218333,"href":"https:\/\/www.eldiario.net\/portal\/wp-json\/wp\/v2\/posts\/218330\/revisions\/218333"}],"wp:featuredmedia":[{"embeddable":true,"href":"https:\/\/www.eldiario.net\/portal\/wp-json\/wp\/v2\/media\/218332"}],"wp:attachment":[{"href":"https:\/\/www.eldiario.net\/portal\/wp-json\/wp\/v2\/media?parent=218330"}],"wp:term":[{"taxonomy":"category","embeddable":true,"href":"https:\/\/www.eldiario.net\/portal\/wp-json\/wp\/v2\/categories?post=218330"},{"taxonomy":"post_tag","embeddable":true,"href":"https:\/\/www.eldiario.net\/portal\/wp-json\/wp\/v2\/tags?post=218330"}],"curies":[{"name":"wp","href":"https:\/\/api.w.org\/{rel}","templated":true}]}}