{"id":218329,"date":"2024-05-03T16:22:06","date_gmt":"2024-05-03T20:22:06","guid":{"rendered":"https:\/\/www.eldiario.net\/portal\/?p=218329"},"modified":"2024-05-03T16:22:06","modified_gmt":"2024-05-03T20:22:06","slug":"invitan-a-una-visita-nocturna-gratuita-al-sitio-arqueologico-de-tiwanaku","status":"publish","type":"post","link":"https:\/\/www.eldiario.net\/portal\/2024\/05\/03\/invitan-a-una-visita-nocturna-gratuita-al-sitio-arqueologico-de-tiwanaku\/","title":{"rendered":"Invitan a una visita nocturna gratuita al Sitio Arqueol\u00f3gico de Tiwanaku"},"content":{"rendered":"<p><iframe loading=\"lazy\" title=\"Invitan a una visita nocturna gratuita al Sitio Arqueol\u00f3gico de Tiwanaku\" width=\"696\" height=\"392\" src=\"https:\/\/www.youtube.com\/embed\/KPlU0CP1Je0?feature=oembed\" frameborder=\"0\" allow=\"accelerometer; autoplay; clipboard-write; encrypted-media; gyroscope; picture-in-picture; web-share\" referrerpolicy=\"strict-origin-when-cross-origin\" allowfullscreen><\/iframe><\/p>\n","protected":false},"excerpt":{"rendered":"","protected":false},"author":6,"featured_media":218331,"comment_status":"open","ping_status":"open","sticky":false,"template":"","format":"video","meta":{"_acf_changed":false,"footnotes":""},"categories":[51],"tags":[],"class_list":["post-218329","post","type-post","status-publish","format-video","has-post-thumbnail","category-ultima-hora","post_format-post-format-video"],"acf":{"antetitulo":""},"yoast_head":"<!-- This site is optimized with the Yoast SEO plugin v28.4 - https:\/\/yoast.com\/product\/yoast-seo-wordpress\/ -->\n<title>Invitan a una visita nocturna gratuita al Sitio Arqueol\u00f3gico de Tiwanaku - El Diario - Bolivia<\/title>\n<meta name=\"description\" content=\"Este s\u00e1bado habr\u00e1 una visita nocturna gratuita al Sitio Arqueol\u00f3gico de Tiwanaku en La Paz. Los minibuses partir\u00e1n desde la estaci\u00f3n del Telef\u00e9rico Rojo en la 16 de Julio de El Alto. Es recomendable llevar ropa abrigada y linterna de mano.\" \/>\n<meta name=\"robots\" content=\"index, follow, max-snippet:-1, max-image-preview:large, max-video-preview:-1\" \/>\n<link rel=\"canonical\" href=\"https:\/\/www.eldiario.net\/portal\/2024\/05\/03\/invitan-a-una-visita-nocturna-gratuita-al-sitio-arqueologico-de-tiwanaku\/\" \/>\n<meta property=\"og:locale\" content=\"es_ES\" \/>\n<meta property=\"og:type\" content=\"article\" \/>\n<meta property=\"og:title\" content=\"Invitan a una visita nocturna gratuita al Sitio Arqueol\u00f3gico de Tiwanaku - El Diario - Bolivia\" \/>\n<meta property=\"og:description\" content=\"Este s\u00e1bado habr\u00e1 una visita nocturna gratuita al Sitio Arqueol\u00f3gico de Tiwanaku en La Paz. Los minibuses partir\u00e1n desde la estaci\u00f3n del Telef\u00e9rico Rojo en la 16 de Julio de El Alto. Es recomendable llevar ropa abrigada y linterna de mano.\" \/>\n<meta property=\"og:url\" content=\"https:\/\/www.eldiario.net\/portal\/2024\/05\/03\/invitan-a-una-visita-nocturna-gratuita-al-sitio-arqueologico-de-tiwanaku\/\" \/>\n<meta property=\"og:site_name\" content=\"El Diario - Bolivia\" \/>\n<meta property=\"article:publisher\" content=\"https:\/\/www.facebook.com\/eldiario.bolivia\/\" \/>\n<meta property=\"article:published_time\" content=\"2024-05-03T20:22:06+00:00\" \/>\n<meta property=\"og:image\" content=\"https:\/\/www.eldiario.net\/portal\/wp-content\/uploads\/2024\/05\/440756110_813403720845424_2425319159221956961_n-e1714767613423.jpg\" \/>\n\t<meta property=\"og:image:width\" content=\"700\" \/>\n\t<meta property=\"og:image:height\" content=\"543\" \/>\n\t<meta property=\"og:image:type\" content=\"image\/jpeg\" \/>\n<meta name=\"author\" content=\"Mariana Garnica\" \/>\n<meta name=\"twitter:card\" content=\"summary_large_image\" \/>\n<meta name=\"twitter:creator\" content=\"@eldiario_net\" \/>\n<meta name=\"twitter:site\" content=\"@eldiario_net\" \/>\n<meta name=\"twitter:label1\" content=\"Escrito por\" \/>\n\t<meta name=\"twitter:data1\" content=\"Mariana Garnica\" \/>\n\t<meta name=\"twitter:label2\" content=\"Tiempo de lectura\" \/>\n\t<meta name=\"twitter:data2\" content=\"1 minuto\" \/>\n<script type=\"application\/ld+json\" class=\"yoast-schema-graph\">{\"@context\":\"https:\\\/\\\/schema.org\",\"@graph\":[{\"@type\":\"Article\",\"@id\":\"https:\\\/\\\/www.eldiario.net\\\/portal\\\/2024\\\/05\\\/03\\\/invitan-a-una-visita-nocturna-gratuita-al-sitio-arqueologico-de-tiwanaku\\\/#article\",\"isPartOf\":{\"@id\":\"https:\\\/\\\/www.eldiario.net\\\/portal\\\/2024\\\/05\\\/03\\\/invitan-a-una-visita-nocturna-gratuita-al-sitio-arqueologico-de-tiwanaku\\\/\"},\"author\":{\"name\":\"Mariana Garnica\",\"@id\":\"https:\\\/\\\/www.eldiario.net\\\/portal\\\/#\\\/schema\\\/person\\\/b02ed27b456c3e0bd38941da92e05130\"},\"headline\":\"Invitan a una visita nocturna gratuita al Sitio Arqueol\u00f3gico de Tiwanaku\",\"datePublished\":\"2024-05-03T20:22:06+00:00\",\"mainEntityOfPage\":{\"@id\":\"https:\\\/\\\/www.eldiario.net\\\/portal\\\/2024\\\/05\\\/03\\\/invitan-a-una-visita-nocturna-gratuita-al-sitio-arqueologico-de-tiwanaku\\\/\"},\"wordCount\":20,\"commentCount\":0,\"publisher\":{\"@id\":\"https:\\\/\\\/www.eldiario.net\\\/portal\\\/#organization\"},\"image\":{\"@id\":\"https:\\\/\\\/www.eldiario.net\\\/portal\\\/2024\\\/05\\\/03\\\/invitan-a-una-visita-nocturna-gratuita-al-sitio-arqueologico-de-tiwanaku\\\/#primaryimage\"},\"thumbnailUrl\":\"https:\\\/\\\/www.eldiario.net\\\/portal\\\/wp-content\\\/uploads\\\/2024\\\/05\\\/440756110_813403720845424_2425319159221956961_n-e1714767613423.jpg\",\"articleSection\":[\"\u00daltima Hora\"],\"inLanguage\":\"es\",\"potentialAction\":[{\"@type\":\"CommentAction\",\"name\":\"Comment\",\"target\":[\"https:\\\/\\\/www.eldiario.net\\\/portal\\\/2024\\\/05\\\/03\\\/invitan-a-una-visita-nocturna-gratuita-al-sitio-arqueologico-de-tiwanaku\\\/#respond\"]}]},{\"@type\":\"WebPage\",\"@id\":\"https:\\\/\\\/www.eldiario.net\\\/portal\\\/2024\\\/05\\\/03\\\/invitan-a-una-visita-nocturna-gratuita-al-sitio-arqueologico-de-tiwanaku\\\/\",\"url\":\"https:\\\/\\\/www.eldiario.net\\\/portal\\\/2024\\\/05\\\/03\\\/invitan-a-una-visita-nocturna-gratuita-al-sitio-arqueologico-de-tiwanaku\\\/\",\"name\":\"Invitan a una visita nocturna gratuita al Sitio Arqueol\u00f3gico de Tiwanaku - El Diario - Bolivia\",\"isPartOf\":{\"@id\":\"https:\\\/\\\/www.eldiario.net\\\/portal\\\/#website\"},\"primaryImageOfPage\":{\"@id\":\"https:\\\/\\\/www.eldiario.net\\\/portal\\\/2024\\\/05\\\/03\\\/invitan-a-una-visita-nocturna-gratuita-al-sitio-arqueologico-de-tiwanaku\\\/#primaryimage\"},\"image\":{\"@id\":\"https:\\\/\\\/www.eldiario.net\\\/portal\\\/2024\\\/05\\\/03\\\/invitan-a-una-visita-nocturna-gratuita-al-sitio-arqueologico-de-tiwanaku\\\/#primaryimage\"},\"thumbnailUrl\":\"https:\\\/\\\/www.eldiario.net\\\/portal\\\/wp-content\\\/uploads\\\/2024\\\/05\\\/440756110_813403720845424_2425319159221956961_n-e1714767613423.jpg\",\"datePublished\":\"2024-05-03T20:22:06+00:00\",\"description\":\"Este s\u00e1bado habr\u00e1 una visita nocturna gratuita al Sitio Arqueol\u00f3gico de Tiwanaku en La Paz. Los minibuses partir\u00e1n desde la estaci\u00f3n del Telef\u00e9rico Rojo en la 16 de Julio de El Alto. Es recomendable llevar ropa abrigada y linterna de mano.\",\"breadcrumb\":{\"@id\":\"https:\\\/\\\/www.eldiario.net\\\/portal\\\/2024\\\/05\\\/03\\\/invitan-a-una-visita-nocturna-gratuita-al-sitio-arqueologico-de-tiwanaku\\\/#breadcrumb\"},\"inLanguage\":\"es\",\"potentialAction\":[{\"@type\":\"ReadAction\",\"target\":[\"https:\\\/\\\/www.eldiario.net\\\/portal\\\/2024\\\/05\\\/03\\\/invitan-a-una-visita-nocturna-gratuita-al-sitio-arqueologico-de-tiwanaku\\\/\"]}]},{\"@type\":\"ImageObject\",\"inLanguage\":\"es\",\"@id\":\"https:\\\/\\\/www.eldiario.net\\\/portal\\\/2024\\\/05\\\/03\\\/invitan-a-una-visita-nocturna-gratuita-al-sitio-arqueologico-de-tiwanaku\\\/#primaryimage\",\"url\":\"https:\\\/\\\/www.eldiario.net\\\/portal\\\/wp-content\\\/uploads\\\/2024\\\/05\\\/440756110_813403720845424_2425319159221956961_n-e1714767613423.jpg\",\"contentUrl\":\"https:\\\/\\\/www.eldiario.net\\\/portal\\\/wp-content\\\/uploads\\\/2024\\\/05\\\/440756110_813403720845424_2425319159221956961_n-e1714767613423.jpg\",\"width\":700,\"height\":543},{\"@type\":\"BreadcrumbList\",\"@id\":\"https:\\\/\\\/www.eldiario.net\\\/portal\\\/2024\\\/05\\\/03\\\/invitan-a-una-visita-nocturna-gratuita-al-sitio-arqueologico-de-tiwanaku\\\/#breadcrumb\",\"itemListElement\":[{\"@type\":\"ListItem\",\"position\":1,\"name\":\"Portada\",\"item\":\"https:\\\/\\\/www.eldiario.net\\\/portal\\\/\"},{\"@type\":\"ListItem\",\"position\":2,\"name\":\"Invitan a una visita nocturna gratuita al Sitio Arqueol\u00f3gico de Tiwanaku\"}]},{\"@type\":\"WebSite\",\"@id\":\"https:\\\/\\\/www.eldiario.net\\\/portal\\\/#website\",\"url\":\"https:\\\/\\\/www.eldiario.net\\\/portal\\\/\",\"name\":\"El Diario - Decano de la prensa nacional\",\"description\":\"El Diario - Decano de la prensa nacional\",\"publisher\":{\"@id\":\"https:\\\/\\\/www.eldiario.net\\\/portal\\\/#organization\"},\"potentialAction\":[{\"@type\":\"SearchAction\",\"target\":{\"@type\":\"EntryPoint\",\"urlTemplate\":\"https:\\\/\\\/www.eldiario.net\\\/portal\\\/?s={search_term_string}\"},\"query-input\":{\"@type\":\"PropertyValueSpecification\",\"valueRequired\":true,\"valueName\":\"search_term_string\"}}],\"inLanguage\":\"es\"},{\"@type\":\"Organization\",\"@id\":\"https:\\\/\\\/www.eldiario.net\\\/portal\\\/#organization\",\"name\":\"El Diario - Decano de la prensa nacional\",\"url\":\"https:\\\/\\\/www.eldiario.net\\\/portal\\\/\",\"logo\":{\"@type\":\"ImageObject\",\"inLanguage\":\"es\",\"@id\":\"https:\\\/\\\/www.eldiario.net\\\/portal\\\/#\\\/schema\\\/logo\\\/image\\\/\",\"url\":\"https:\\\/\\\/www.eldiario.net\\\/portal\\\/wp-content\\\/uploads\\\/2023\\\/07\\\/logo_ED.jpg\",\"contentUrl\":\"https:\\\/\\\/www.eldiario.net\\\/portal\\\/wp-content\\\/uploads\\\/2023\\\/07\\\/logo_ED.jpg\",\"width\":272,\"height\":52,\"caption\":\"El Diario - Decano de la prensa nacional\"},\"image\":{\"@id\":\"https:\\\/\\\/www.eldiario.net\\\/portal\\\/#\\\/schema\\\/logo\\\/image\\\/\"},\"sameAs\":[\"https:\\\/\\\/www.facebook.com\\\/eldiario.bolivia\\\/\",\"https:\\\/\\\/x.com\\\/eldiario_net\"]},{\"@type\":\"Person\",\"@id\":\"https:\\\/\\\/www.eldiario.net\\\/portal\\\/#\\\/schema\\\/person\\\/b02ed27b456c3e0bd38941da92e05130\",\"name\":\"Mariana Garnica\",\"image\":{\"@type\":\"ImageObject\",\"inLanguage\":\"es\",\"@id\":\"https:\\\/\\\/secure.gravatar.com\\\/avatar\\\/41ff8773a042930478027d27070a9bf5dfb25b1f36d7245a4372dea1f9f295bf?s=96&d=mm&r=g\",\"url\":\"https:\\\/\\\/secure.gravatar.com\\\/avatar\\\/41ff8773a042930478027d27070a9bf5dfb25b1f36d7245a4372dea1f9f295bf?s=96&d=mm&r=g\",\"contentUrl\":\"https:\\\/\\\/secure.gravatar.com\\\/avatar\\\/41ff8773a042930478027d27070a9bf5dfb25b1f36d7245a4372dea1f9f295bf?s=96&d=mm&r=g\",\"caption\":\"Mariana Garnica\"},\"url\":\"https:\\\/\\\/www.eldiario.net\\\/portal\\\/author\\\/manzanita\\\/\"}]}<\/script>\n<!-- \/ Yoast SEO plugin. -->","yoast_head_json":{"title":"Invitan a una visita nocturna gratuita al Sitio Arqueol\u00f3gico de Tiwanaku - El Diario - Bolivia","description":"Este s\u00e1bado habr\u00e1 una visita nocturna gratuita al Sitio Arqueol\u00f3gico de Tiwanaku en La Paz. Los minibuses partir\u00e1n desde la estaci\u00f3n del Telef\u00e9rico Rojo en la 16 de Julio de El Alto. Es recomendable llevar ropa abrigada y linterna de mano.","robots":{"index":"index","follow":"follow","max-snippet":"max-snippet:-1","max-image-preview":"max-image-preview:large","max-video-preview":"max-video-preview:-1"},"canonical":"https:\/\/www.eldiario.net\/portal\/2024\/05\/03\/invitan-a-una-visita-nocturna-gratuita-al-sitio-arqueologico-de-tiwanaku\/","og_locale":"es_ES","og_type":"article","og_title":"Invitan a una visita nocturna gratuita al Sitio Arqueol\u00f3gico de Tiwanaku - El Diario - Bolivia","og_description":"Este s\u00e1bado habr\u00e1 una visita nocturna gratuita al Sitio Arqueol\u00f3gico de Tiwanaku en La Paz. Los minibuses partir\u00e1n desde la estaci\u00f3n del Telef\u00e9rico Rojo en la 16 de Julio de El Alto. Es recomendable llevar ropa abrigada y linterna de mano.","og_url":"https:\/\/www.eldiario.net\/portal\/2024\/05\/03\/invitan-a-una-visita-nocturna-gratuita-al-sitio-arqueologico-de-tiwanaku\/","og_site_name":"El Diario - Bolivia","article_publisher":"https:\/\/www.facebook.com\/eldiario.bolivia\/","article_published_time":"2024-05-03T20:22:06+00:00","og_image":[{"width":700,"height":543,"url":"https:\/\/www.eldiario.net\/portal\/wp-content\/uploads\/2024\/05\/440756110_813403720845424_2425319159221956961_n-e1714767613423.jpg","type":"image\/jpeg"}],"author":"Mariana Garnica","twitter_card":"summary_large_image","twitter_creator":"@eldiario_net","twitter_site":"@eldiario_net","twitter_misc":{"Escrito por":"Mariana Garnica","Tiempo de lectura":"1 minuto"},"schema":{"@context":"https:\/\/schema.org","@graph":[{"@type":"Article","@id":"https:\/\/www.eldiario.net\/portal\/2024\/05\/03\/invitan-a-una-visita-nocturna-gratuita-al-sitio-arqueologico-de-tiwanaku\/#article","isPartOf":{"@id":"https:\/\/www.eldiario.net\/portal\/2024\/05\/03\/invitan-a-una-visita-nocturna-gratuita-al-sitio-arqueologico-de-tiwanaku\/"},"author":{"name":"Mariana Garnica","@id":"https:\/\/www.eldiario.net\/portal\/#\/schema\/person\/b02ed27b456c3e0bd38941da92e05130"},"headline":"Invitan a una visita nocturna gratuita al Sitio Arqueol\u00f3gico de Tiwanaku","datePublished":"2024-05-03T20:22:06+00:00","mainEntityOfPage":{"@id":"https:\/\/www.eldiario.net\/portal\/2024\/05\/03\/invitan-a-una-visita-nocturna-gratuita-al-sitio-arqueologico-de-tiwanaku\/"},"wordCount":20,"commentCount":0,"publisher":{"@id":"https:\/\/www.eldiario.net\/portal\/#organization"},"image":{"@id":"https:\/\/www.eldiario.net\/portal\/2024\/05\/03\/invitan-a-una-visita-nocturna-gratuita-al-sitio-arqueologico-de-tiwanaku\/#primaryimage"},"thumbnailUrl":"https:\/\/www.eldiario.net\/portal\/wp-content\/uploads\/2024\/05\/440756110_813403720845424_2425319159221956961_n-e1714767613423.jpg","articleSection":["\u00daltima Hora"],"inLanguage":"es","potentialAction":[{"@type":"CommentAction","name":"Comment","target":["https:\/\/www.eldiario.net\/portal\/2024\/05\/03\/invitan-a-una-visita-nocturna-gratuita-al-sitio-arqueologico-de-tiwanaku\/#respond"]}]},{"@type":"WebPage","@id":"https:\/\/www.eldiario.net\/portal\/2024\/05\/03\/invitan-a-una-visita-nocturna-gratuita-al-sitio-arqueologico-de-tiwanaku\/","url":"https:\/\/www.eldiario.net\/portal\/2024\/05\/03\/invitan-a-una-visita-nocturna-gratuita-al-sitio-arqueologico-de-tiwanaku\/","name":"Invitan a una visita nocturna gratuita al Sitio Arqueol\u00f3gico de Tiwanaku - El Diario - Bolivia","isPartOf":{"@id":"https:\/\/www.eldiario.net\/portal\/#website"},"primaryImageOfPage":{"@id":"https:\/\/www.eldiario.net\/portal\/2024\/05\/03\/invitan-a-una-visita-nocturna-gratuita-al-sitio-arqueologico-de-tiwanaku\/#primaryimage"},"image":{"@id":"https:\/\/www.eldiario.net\/portal\/2024\/05\/03\/invitan-a-una-visita-nocturna-gratuita-al-sitio-arqueologico-de-tiwanaku\/#primaryimage"},"thumbnailUrl":"https:\/\/www.eldiario.net\/portal\/wp-content\/uploads\/2024\/05\/440756110_813403720845424_2425319159221956961_n-e1714767613423.jpg","datePublished":"2024-05-03T20:22:06+00:00","description":"Este s\u00e1bado habr\u00e1 una visita nocturna gratuita al Sitio Arqueol\u00f3gico de Tiwanaku en La Paz. Los minibuses partir\u00e1n desde la estaci\u00f3n del Telef\u00e9rico Rojo en la 16 de Julio de El Alto. Es recomendable llevar ropa abrigada y linterna de mano.","breadcrumb":{"@id":"https:\/\/www.eldiario.net\/portal\/2024\/05\/03\/invitan-a-una-visita-nocturna-gratuita-al-sitio-arqueologico-de-tiwanaku\/#breadcrumb"},"inLanguage":"es","potentialAction":[{"@type":"ReadAction","target":["https:\/\/www.eldiario.net\/portal\/2024\/05\/03\/invitan-a-una-visita-nocturna-gratuita-al-sitio-arqueologico-de-tiwanaku\/"]}]},{"@type":"ImageObject","inLanguage":"es","@id":"https:\/\/www.eldiario.net\/portal\/2024\/05\/03\/invitan-a-una-visita-nocturna-gratuita-al-sitio-arqueologico-de-tiwanaku\/#primaryimage","url":"https:\/\/www.eldiario.net\/portal\/wp-content\/uploads\/2024\/05\/440756110_813403720845424_2425319159221956961_n-e1714767613423.jpg","contentUrl":"https:\/\/www.eldiario.net\/portal\/wp-content\/uploads\/2024\/05\/440756110_813403720845424_2425319159221956961_n-e1714767613423.jpg","width":700,"height":543},{"@type":"BreadcrumbList","@id":"https:\/\/www.eldiario.net\/portal\/2024\/05\/03\/invitan-a-una-visita-nocturna-gratuita-al-sitio-arqueologico-de-tiwanaku\/#breadcrumb","itemListElement":[{"@type":"ListItem","position":1,"name":"Portada","item":"https:\/\/www.eldiario.net\/portal\/"},{"@type":"ListItem","position":2,"name":"Invitan a una visita nocturna gratuita al Sitio Arqueol\u00f3gico de Tiwanaku"}]},{"@type":"WebSite","@id":"https:\/\/www.eldiario.net\/portal\/#website","url":"https:\/\/www.eldiario.net\/portal\/","name":"El Diario - Decano de la prensa nacional","description":"El Diario - Decano de la prensa nacional","publisher":{"@id":"https:\/\/www.eldiario.net\/portal\/#organization"},"potentialAction":[{"@type":"SearchAction","target":{"@type":"EntryPoint","urlTemplate":"https:\/\/www.eldiario.net\/portal\/?s={search_term_string}"},"query-input":{"@type":"PropertyValueSpecification","valueRequired":true,"valueName":"search_term_string"}}],"inLanguage":"es"},{"@type":"Organization","@id":"https:\/\/www.eldiario.net\/portal\/#organization","name":"El Diario - Decano de la prensa nacional","url":"https:\/\/www.eldiario.net\/portal\/","logo":{"@type":"ImageObject","inLanguage":"es","@id":"https:\/\/www.eldiario.net\/portal\/#\/schema\/logo\/image\/","url":"https:\/\/www.eldiario.net\/portal\/wp-content\/uploads\/2023\/07\/logo_ED.jpg","contentUrl":"https:\/\/www.eldiario.net\/portal\/wp-content\/uploads\/2023\/07\/logo_ED.jpg","width":272,"height":52,"caption":"El Diario - Decano de la prensa nacional"},"image":{"@id":"https:\/\/www.eldiario.net\/portal\/#\/schema\/logo\/image\/"},"sameAs":["https:\/\/www.facebook.com\/eldiario.bolivia\/","https:\/\/x.com\/eldiario_net"]},{"@type":"Person","@id":"https:\/\/www.eldiario.net\/portal\/#\/schema\/person\/b02ed27b456c3e0bd38941da92e05130","name":"Mariana Garnica","image":{"@type":"ImageObject","inLanguage":"es","@id":"https:\/\/secure.gravatar.com\/avatar\/41ff8773a042930478027d27070a9bf5dfb25b1f36d7245a4372dea1f9f295bf?s=96&d=mm&r=g","url":"https:\/\/secure.gravatar.com\/avatar\/41ff8773a042930478027d27070a9bf5dfb25b1f36d7245a4372dea1f9f295bf?s=96&d=mm&r=g","contentUrl":"https:\/\/secure.gravatar.com\/avatar\/41ff8773a042930478027d27070a9bf5dfb25b1f36d7245a4372dea1f9f295bf?s=96&d=mm&r=g","caption":"Mariana Garnica"},"url":"https:\/\/www.eldiario.net\/portal\/author\/manzanita\/"}]}},"_links":{"self":[{"href":"https:\/\/www.eldiario.net\/portal\/wp-json\/wp\/v2\/posts\/218329","targetHints":{"allow":["GET"]}}],"collection":[{"href":"https:\/\/www.eldiario.net\/portal\/wp-json\/wp\/v2\/posts"}],"about":[{"href":"https:\/\/www.eldiario.net\/portal\/wp-json\/wp\/v2\/types\/post"}],"author":[{"embeddable":true,"href":"https:\/\/www.eldiario.net\/portal\/wp-json\/wp\/v2\/users\/6"}],"replies":[{"embeddable":true,"href":"https:\/\/www.eldiario.net\/portal\/wp-json\/wp\/v2\/comments?post=218329"}],"version-history":[{"count":1,"href":"https:\/\/www.eldiario.net\/portal\/wp-json\/wp\/v2\/posts\/218329\/revisions"}],"predecessor-version":[{"id":218334,"href":"https:\/\/www.eldiario.net\/portal\/wp-json\/wp\/v2\/posts\/218329\/revisions\/218334"}],"wp:featuredmedia":[{"embeddable":true,"href":"https:\/\/www.eldiario.net\/portal\/wp-json\/wp\/v2\/media\/218331"}],"wp:attachment":[{"href":"https:\/\/www.eldiario.net\/portal\/wp-json\/wp\/v2\/media?parent=218329"}],"wp:term":[{"taxonomy":"category","embeddable":true,"href":"https:\/\/www.eldiario.net\/portal\/wp-json\/wp\/v2\/categories?post=218329"},{"taxonomy":"post_tag","embeddable":true,"href":"https:\/\/www.eldiario.net\/portal\/wp-json\/wp\/v2\/tags?post=218329"}],"curies":[{"name":"wp","href":"https:\/\/api.w.org\/{rel}","templated":true}]}}