{"id":218309,"date":"2024-05-03T09:41:46","date_gmt":"2024-05-03T13:41:46","guid":{"rendered":"https:\/\/www.eldiario.net\/portal\/?p=218309"},"modified":"2024-05-03T09:42:36","modified_gmt":"2024-05-03T13:42:36","slug":"frente-frio-ingresa-a-santa-cruz-con-lluvias-y-descenso-brusco-de-temperaturas","status":"publish","type":"post","link":"https:\/\/www.eldiario.net\/portal\/2024\/05\/03\/frente-frio-ingresa-a-santa-cruz-con-lluvias-y-descenso-brusco-de-temperaturas\/","title":{"rendered":"Frente fr\u00edo ingresa a Santa Cruz con lluvias y descenso de temperaturas"},"content":{"rendered":"<p>En el departamento de Santa Cruz ingres\u00f3 un frente fr\u00edo con lluvias y un descenso brusco de temperaturas que continuar\u00e1n este fin de semana.<\/p>\n<p>La ciudad de Santa Cruz es la m\u00e1s afectada en este momento, porque amaneci\u00f3 con una precipitaci\u00f3n pluvial intensa y una temperatura baja.<\/p>\n<p>El director del Servicio Nacional de Meteorolog\u00eda e Hidrolog\u00eda, Ramiro Soliz, inform\u00f3 que el Chaco y los valles cruce\u00f1os tendr\u00e1n cielos nubosos y probabilidad de lluvias dispersas durante los pr\u00f3ximos d\u00edas.<\/p>\n<p>En ambas regiones, las temperaturas m\u00ednimas estar\u00e1n entre los 18 y los 24 grados cent\u00edgrados y las m\u00e1ximas 30 y 31 grados cent\u00edgrados.<\/p>\n<p>En el Norte Integrado se tendr\u00e1 un panorama similar, pues contar\u00e1 con precipitaciones pluviales d\u00e9biles y ocasionales.<\/p>\n<p>En esa zona las temperaturas m\u00ednimas estar\u00e1n por los 24 y 25 grados cent\u00edgrados y las m\u00e1ximas llegar\u00e1n de 32 a 37 grados cent\u00edgrados.<\/p>\n<p>La Chiquitania ser\u00e1 la \u00fanica regi\u00f3n que tendr\u00e1 cielos con poca nubosidad, con d\u00edas calurosos con temperaturas m\u00ednimas de 24 y 26 grados cent\u00edgrados y m\u00e1ximas de 35 a 37 grados cent\u00edgrados.<\/p>\n","protected":false},"excerpt":{"rendered":"<p>En el departamento de Santa Cruz ingres\u00f3 un frente fr\u00edo con lluvias y un descenso brusco de temperaturas que continuar\u00e1n este fin de semana. La ciudad de Santa Cruz es la m\u00e1s afectada en este momento, porque amaneci\u00f3 con una precipitaci\u00f3n pluvial intensa y una temperatura baja. El director del Servicio Nacional de Meteorolog\u00eda e [&hellip;]<\/p>\n","protected":false},"author":2,"featured_media":218310,"comment_status":"open","ping_status":"open","sticky":false,"template":"","format":"standard","meta":{"_acf_changed":false,"footnotes":""},"categories":[51],"tags":[],"class_list":["post-218309","post","type-post","status-publish","format-standard","has-post-thumbnail","category-ultima-hora"],"acf":{"antetitulo":""},"yoast_head":"<!-- This site is optimized with the Yoast SEO plugin v28.4 - https:\/\/yoast.com\/product\/yoast-seo-wordpress\/ -->\n<title>Frente fr\u00edo ingresa a Santa Cruz con lluvias y descenso de temperaturas - El Diario - Bolivia<\/title>\n<meta name=\"robots\" content=\"index, follow, max-snippet:-1, max-image-preview:large, max-video-preview:-1\" \/>\n<link rel=\"canonical\" href=\"https:\/\/www.eldiario.net\/portal\/2024\/05\/03\/frente-frio-ingresa-a-santa-cruz-con-lluvias-y-descenso-brusco-de-temperaturas\/\" \/>\n<meta property=\"og:locale\" content=\"es_ES\" \/>\n<meta property=\"og:type\" content=\"article\" \/>\n<meta property=\"og:title\" content=\"Frente fr\u00edo ingresa a Santa Cruz con lluvias y descenso de temperaturas - El Diario - Bolivia\" \/>\n<meta property=\"og:description\" content=\"En el departamento de Santa Cruz ingres\u00f3 un frente fr\u00edo con lluvias y un descenso brusco de temperaturas que continuar\u00e1n este fin de semana. La ciudad de Santa Cruz es la m\u00e1s afectada en este momento, porque amaneci\u00f3 con una precipitaci\u00f3n pluvial intensa y una temperatura baja. El director del Servicio Nacional de Meteorolog\u00eda e [&hellip;]\" \/>\n<meta property=\"og:url\" content=\"https:\/\/www.eldiario.net\/portal\/2024\/05\/03\/frente-frio-ingresa-a-santa-cruz-con-lluvias-y-descenso-brusco-de-temperaturas\/\" \/>\n<meta property=\"og:site_name\" content=\"El Diario - Bolivia\" \/>\n<meta property=\"article:publisher\" content=\"https:\/\/www.facebook.com\/eldiario.bolivia\/\" \/>\n<meta property=\"article:published_time\" content=\"2024-05-03T13:41:46+00:00\" \/>\n<meta property=\"article:modified_time\" content=\"2024-05-03T13:42:36+00:00\" \/>\n<meta property=\"og:image\" content=\"https:\/\/www.eldiario.net\/portal\/wp-content\/uploads\/2024\/05\/LLUVIAS.jpg\" \/>\n\t<meta property=\"og:image:width\" content=\"500\" \/>\n\t<meta property=\"og:image:height\" content=\"372\" \/>\n\t<meta property=\"og:image:type\" content=\"image\/jpeg\" \/>\n<meta name=\"author\" content=\"luis Camacho\" \/>\n<meta name=\"twitter:card\" content=\"summary_large_image\" \/>\n<meta name=\"twitter:creator\" content=\"@eldiario_net\" \/>\n<meta name=\"twitter:site\" content=\"@eldiario_net\" \/>\n<meta name=\"twitter:label1\" content=\"Escrito por\" \/>\n\t<meta name=\"twitter:data1\" content=\"luis Camacho\" \/>\n\t<meta name=\"twitter:label2\" content=\"Tiempo de lectura\" \/>\n\t<meta name=\"twitter:data2\" content=\"1 minuto\" \/>\n<script type=\"application\/ld+json\" class=\"yoast-schema-graph\">{\"@context\":\"https:\\\/\\\/schema.org\",\"@graph\":[{\"@type\":\"Article\",\"@id\":\"https:\\\/\\\/www.eldiario.net\\\/portal\\\/2024\\\/05\\\/03\\\/frente-frio-ingresa-a-santa-cruz-con-lluvias-y-descenso-brusco-de-temperaturas\\\/#article\",\"isPartOf\":{\"@id\":\"https:\\\/\\\/www.eldiario.net\\\/portal\\\/2024\\\/05\\\/03\\\/frente-frio-ingresa-a-santa-cruz-con-lluvias-y-descenso-brusco-de-temperaturas\\\/\"},\"author\":{\"name\":\"luis Camacho\",\"@id\":\"https:\\\/\\\/www.eldiario.net\\\/portal\\\/#\\\/schema\\\/person\\\/cab1ae4db27e5f008a62cbffb05fbfee\"},\"headline\":\"Frente fr\u00edo ingresa a Santa Cruz con lluvias y descenso de temperaturas\",\"datePublished\":\"2024-05-03T13:41:46+00:00\",\"dateModified\":\"2024-05-03T13:42:36+00:00\",\"mainEntityOfPage\":{\"@id\":\"https:\\\/\\\/www.eldiario.net\\\/portal\\\/2024\\\/05\\\/03\\\/frente-frio-ingresa-a-santa-cruz-con-lluvias-y-descenso-brusco-de-temperaturas\\\/\"},\"wordCount\":203,\"commentCount\":0,\"publisher\":{\"@id\":\"https:\\\/\\\/www.eldiario.net\\\/portal\\\/#organization\"},\"image\":{\"@id\":\"https:\\\/\\\/www.eldiario.net\\\/portal\\\/2024\\\/05\\\/03\\\/frente-frio-ingresa-a-santa-cruz-con-lluvias-y-descenso-brusco-de-temperaturas\\\/#primaryimage\"},\"thumbnailUrl\":\"https:\\\/\\\/www.eldiario.net\\\/portal\\\/wp-content\\\/uploads\\\/2024\\\/05\\\/LLUVIAS.jpg\",\"articleSection\":[\"\u00daltima Hora\"],\"inLanguage\":\"es\",\"potentialAction\":[{\"@type\":\"CommentAction\",\"name\":\"Comment\",\"target\":[\"https:\\\/\\\/www.eldiario.net\\\/portal\\\/2024\\\/05\\\/03\\\/frente-frio-ingresa-a-santa-cruz-con-lluvias-y-descenso-brusco-de-temperaturas\\\/#respond\"]}]},{\"@type\":\"WebPage\",\"@id\":\"https:\\\/\\\/www.eldiario.net\\\/portal\\\/2024\\\/05\\\/03\\\/frente-frio-ingresa-a-santa-cruz-con-lluvias-y-descenso-brusco-de-temperaturas\\\/\",\"url\":\"https:\\\/\\\/www.eldiario.net\\\/portal\\\/2024\\\/05\\\/03\\\/frente-frio-ingresa-a-santa-cruz-con-lluvias-y-descenso-brusco-de-temperaturas\\\/\",\"name\":\"Frente fr\u00edo ingresa a Santa Cruz con lluvias y descenso de temperaturas - El Diario - Bolivia\",\"isPartOf\":{\"@id\":\"https:\\\/\\\/www.eldiario.net\\\/portal\\\/#website\"},\"primaryImageOfPage\":{\"@id\":\"https:\\\/\\\/www.eldiario.net\\\/portal\\\/2024\\\/05\\\/03\\\/frente-frio-ingresa-a-santa-cruz-con-lluvias-y-descenso-brusco-de-temperaturas\\\/#primaryimage\"},\"image\":{\"@id\":\"https:\\\/\\\/www.eldiario.net\\\/portal\\\/2024\\\/05\\\/03\\\/frente-frio-ingresa-a-santa-cruz-con-lluvias-y-descenso-brusco-de-temperaturas\\\/#primaryimage\"},\"thumbnailUrl\":\"https:\\\/\\\/www.eldiario.net\\\/portal\\\/wp-content\\\/uploads\\\/2024\\\/05\\\/LLUVIAS.jpg\",\"datePublished\":\"2024-05-03T13:41:46+00:00\",\"dateModified\":\"2024-05-03T13:42:36+00:00\",\"breadcrumb\":{\"@id\":\"https:\\\/\\\/www.eldiario.net\\\/portal\\\/2024\\\/05\\\/03\\\/frente-frio-ingresa-a-santa-cruz-con-lluvias-y-descenso-brusco-de-temperaturas\\\/#breadcrumb\"},\"inLanguage\":\"es\",\"potentialAction\":[{\"@type\":\"ReadAction\",\"target\":[\"https:\\\/\\\/www.eldiario.net\\\/portal\\\/2024\\\/05\\\/03\\\/frente-frio-ingresa-a-santa-cruz-con-lluvias-y-descenso-brusco-de-temperaturas\\\/\"]}]},{\"@type\":\"ImageObject\",\"inLanguage\":\"es\",\"@id\":\"https:\\\/\\\/www.eldiario.net\\\/portal\\\/2024\\\/05\\\/03\\\/frente-frio-ingresa-a-santa-cruz-con-lluvias-y-descenso-brusco-de-temperaturas\\\/#primaryimage\",\"url\":\"https:\\\/\\\/www.eldiario.net\\\/portal\\\/wp-content\\\/uploads\\\/2024\\\/05\\\/LLUVIAS.jpg\",\"contentUrl\":\"https:\\\/\\\/www.eldiario.net\\\/portal\\\/wp-content\\\/uploads\\\/2024\\\/05\\\/LLUVIAS.jpg\",\"width\":500,\"height\":372,\"caption\":\"Foto: Archivo.\"},{\"@type\":\"BreadcrumbList\",\"@id\":\"https:\\\/\\\/www.eldiario.net\\\/portal\\\/2024\\\/05\\\/03\\\/frente-frio-ingresa-a-santa-cruz-con-lluvias-y-descenso-brusco-de-temperaturas\\\/#breadcrumb\",\"itemListElement\":[{\"@type\":\"ListItem\",\"position\":1,\"name\":\"Portada\",\"item\":\"https:\\\/\\\/www.eldiario.net\\\/portal\\\/\"},{\"@type\":\"ListItem\",\"position\":2,\"name\":\"Frente fr\u00edo ingresa a Santa Cruz con lluvias y descenso de temperaturas\"}]},{\"@type\":\"WebSite\",\"@id\":\"https:\\\/\\\/www.eldiario.net\\\/portal\\\/#website\",\"url\":\"https:\\\/\\\/www.eldiario.net\\\/portal\\\/\",\"name\":\"El Diario - Decano de la prensa nacional\",\"description\":\"El Diario - Decano de la prensa nacional\",\"publisher\":{\"@id\":\"https:\\\/\\\/www.eldiario.net\\\/portal\\\/#organization\"},\"potentialAction\":[{\"@type\":\"SearchAction\",\"target\":{\"@type\":\"EntryPoint\",\"urlTemplate\":\"https:\\\/\\\/www.eldiario.net\\\/portal\\\/?s={search_term_string}\"},\"query-input\":{\"@type\":\"PropertyValueSpecification\",\"valueRequired\":true,\"valueName\":\"search_term_string\"}}],\"inLanguage\":\"es\"},{\"@type\":\"Organization\",\"@id\":\"https:\\\/\\\/www.eldiario.net\\\/portal\\\/#organization\",\"name\":\"El Diario - Decano de la prensa nacional\",\"url\":\"https:\\\/\\\/www.eldiario.net\\\/portal\\\/\",\"logo\":{\"@type\":\"ImageObject\",\"inLanguage\":\"es\",\"@id\":\"https:\\\/\\\/www.eldiario.net\\\/portal\\\/#\\\/schema\\\/logo\\\/image\\\/\",\"url\":\"https:\\\/\\\/www.eldiario.net\\\/portal\\\/wp-content\\\/uploads\\\/2023\\\/07\\\/logo_ED.jpg\",\"contentUrl\":\"https:\\\/\\\/www.eldiario.net\\\/portal\\\/wp-content\\\/uploads\\\/2023\\\/07\\\/logo_ED.jpg\",\"width\":272,\"height\":52,\"caption\":\"El Diario - Decano de la prensa nacional\"},\"image\":{\"@id\":\"https:\\\/\\\/www.eldiario.net\\\/portal\\\/#\\\/schema\\\/logo\\\/image\\\/\"},\"sameAs\":[\"https:\\\/\\\/www.facebook.com\\\/eldiario.bolivia\\\/\",\"https:\\\/\\\/x.com\\\/eldiario_net\"]},{\"@type\":\"Person\",\"@id\":\"https:\\\/\\\/www.eldiario.net\\\/portal\\\/#\\\/schema\\\/person\\\/cab1ae4db27e5f008a62cbffb05fbfee\",\"name\":\"luis Camacho\",\"image\":{\"@type\":\"ImageObject\",\"inLanguage\":\"es\",\"@id\":\"https:\\\/\\\/secure.gravatar.com\\\/avatar\\\/69ecb836b3826d5a2501bf06ab2a2f2c8ab211cc846758f395df21684cb38313?s=96&d=mm&r=g\",\"url\":\"https:\\\/\\\/secure.gravatar.com\\\/avatar\\\/69ecb836b3826d5a2501bf06ab2a2f2c8ab211cc846758f395df21684cb38313?s=96&d=mm&r=g\",\"contentUrl\":\"https:\\\/\\\/secure.gravatar.com\\\/avatar\\\/69ecb836b3826d5a2501bf06ab2a2f2c8ab211cc846758f395df21684cb38313?s=96&d=mm&r=g\",\"caption\":\"luis Camacho\"},\"url\":\"https:\\\/\\\/www.eldiario.net\\\/portal\\\/author\\\/luis\\\/\"}]}<\/script>\n<!-- \/ Yoast SEO plugin. -->","yoast_head_json":{"title":"Frente fr\u00edo ingresa a Santa Cruz con lluvias y descenso de temperaturas - El Diario - Bolivia","robots":{"index":"index","follow":"follow","max-snippet":"max-snippet:-1","max-image-preview":"max-image-preview:large","max-video-preview":"max-video-preview:-1"},"canonical":"https:\/\/www.eldiario.net\/portal\/2024\/05\/03\/frente-frio-ingresa-a-santa-cruz-con-lluvias-y-descenso-brusco-de-temperaturas\/","og_locale":"es_ES","og_type":"article","og_title":"Frente fr\u00edo ingresa a Santa Cruz con lluvias y descenso de temperaturas - El Diario - Bolivia","og_description":"En el departamento de Santa Cruz ingres\u00f3 un frente fr\u00edo con lluvias y un descenso brusco de temperaturas que continuar\u00e1n este fin de semana. La ciudad de Santa Cruz es la m\u00e1s afectada en este momento, porque amaneci\u00f3 con una precipitaci\u00f3n pluvial intensa y una temperatura baja. El director del Servicio Nacional de Meteorolog\u00eda e [&hellip;]","og_url":"https:\/\/www.eldiario.net\/portal\/2024\/05\/03\/frente-frio-ingresa-a-santa-cruz-con-lluvias-y-descenso-brusco-de-temperaturas\/","og_site_name":"El Diario - Bolivia","article_publisher":"https:\/\/www.facebook.com\/eldiario.bolivia\/","article_published_time":"2024-05-03T13:41:46+00:00","article_modified_time":"2024-05-03T13:42:36+00:00","og_image":[{"width":500,"height":372,"url":"https:\/\/www.eldiario.net\/portal\/wp-content\/uploads\/2024\/05\/LLUVIAS.jpg","type":"image\/jpeg"}],"author":"luis Camacho","twitter_card":"summary_large_image","twitter_creator":"@eldiario_net","twitter_site":"@eldiario_net","twitter_misc":{"Escrito por":"luis Camacho","Tiempo de lectura":"1 minuto"},"schema":{"@context":"https:\/\/schema.org","@graph":[{"@type":"Article","@id":"https:\/\/www.eldiario.net\/portal\/2024\/05\/03\/frente-frio-ingresa-a-santa-cruz-con-lluvias-y-descenso-brusco-de-temperaturas\/#article","isPartOf":{"@id":"https:\/\/www.eldiario.net\/portal\/2024\/05\/03\/frente-frio-ingresa-a-santa-cruz-con-lluvias-y-descenso-brusco-de-temperaturas\/"},"author":{"name":"luis Camacho","@id":"https:\/\/www.eldiario.net\/portal\/#\/schema\/person\/cab1ae4db27e5f008a62cbffb05fbfee"},"headline":"Frente fr\u00edo ingresa a Santa Cruz con lluvias y descenso de temperaturas","datePublished":"2024-05-03T13:41:46+00:00","dateModified":"2024-05-03T13:42:36+00:00","mainEntityOfPage":{"@id":"https:\/\/www.eldiario.net\/portal\/2024\/05\/03\/frente-frio-ingresa-a-santa-cruz-con-lluvias-y-descenso-brusco-de-temperaturas\/"},"wordCount":203,"commentCount":0,"publisher":{"@id":"https:\/\/www.eldiario.net\/portal\/#organization"},"image":{"@id":"https:\/\/www.eldiario.net\/portal\/2024\/05\/03\/frente-frio-ingresa-a-santa-cruz-con-lluvias-y-descenso-brusco-de-temperaturas\/#primaryimage"},"thumbnailUrl":"https:\/\/www.eldiario.net\/portal\/wp-content\/uploads\/2024\/05\/LLUVIAS.jpg","articleSection":["\u00daltima Hora"],"inLanguage":"es","potentialAction":[{"@type":"CommentAction","name":"Comment","target":["https:\/\/www.eldiario.net\/portal\/2024\/05\/03\/frente-frio-ingresa-a-santa-cruz-con-lluvias-y-descenso-brusco-de-temperaturas\/#respond"]}]},{"@type":"WebPage","@id":"https:\/\/www.eldiario.net\/portal\/2024\/05\/03\/frente-frio-ingresa-a-santa-cruz-con-lluvias-y-descenso-brusco-de-temperaturas\/","url":"https:\/\/www.eldiario.net\/portal\/2024\/05\/03\/frente-frio-ingresa-a-santa-cruz-con-lluvias-y-descenso-brusco-de-temperaturas\/","name":"Frente fr\u00edo ingresa a Santa Cruz con lluvias y descenso de temperaturas - El Diario - Bolivia","isPartOf":{"@id":"https:\/\/www.eldiario.net\/portal\/#website"},"primaryImageOfPage":{"@id":"https:\/\/www.eldiario.net\/portal\/2024\/05\/03\/frente-frio-ingresa-a-santa-cruz-con-lluvias-y-descenso-brusco-de-temperaturas\/#primaryimage"},"image":{"@id":"https:\/\/www.eldiario.net\/portal\/2024\/05\/03\/frente-frio-ingresa-a-santa-cruz-con-lluvias-y-descenso-brusco-de-temperaturas\/#primaryimage"},"thumbnailUrl":"https:\/\/www.eldiario.net\/portal\/wp-content\/uploads\/2024\/05\/LLUVIAS.jpg","datePublished":"2024-05-03T13:41:46+00:00","dateModified":"2024-05-03T13:42:36+00:00","breadcrumb":{"@id":"https:\/\/www.eldiario.net\/portal\/2024\/05\/03\/frente-frio-ingresa-a-santa-cruz-con-lluvias-y-descenso-brusco-de-temperaturas\/#breadcrumb"},"inLanguage":"es","potentialAction":[{"@type":"ReadAction","target":["https:\/\/www.eldiario.net\/portal\/2024\/05\/03\/frente-frio-ingresa-a-santa-cruz-con-lluvias-y-descenso-brusco-de-temperaturas\/"]}]},{"@type":"ImageObject","inLanguage":"es","@id":"https:\/\/www.eldiario.net\/portal\/2024\/05\/03\/frente-frio-ingresa-a-santa-cruz-con-lluvias-y-descenso-brusco-de-temperaturas\/#primaryimage","url":"https:\/\/www.eldiario.net\/portal\/wp-content\/uploads\/2024\/05\/LLUVIAS.jpg","contentUrl":"https:\/\/www.eldiario.net\/portal\/wp-content\/uploads\/2024\/05\/LLUVIAS.jpg","width":500,"height":372,"caption":"Foto: Archivo."},{"@type":"BreadcrumbList","@id":"https:\/\/www.eldiario.net\/portal\/2024\/05\/03\/frente-frio-ingresa-a-santa-cruz-con-lluvias-y-descenso-brusco-de-temperaturas\/#breadcrumb","itemListElement":[{"@type":"ListItem","position":1,"name":"Portada","item":"https:\/\/www.eldiario.net\/portal\/"},{"@type":"ListItem","position":2,"name":"Frente fr\u00edo ingresa a Santa Cruz con lluvias y descenso de temperaturas"}]},{"@type":"WebSite","@id":"https:\/\/www.eldiario.net\/portal\/#website","url":"https:\/\/www.eldiario.net\/portal\/","name":"El Diario - Decano de la prensa nacional","description":"El Diario - Decano de la prensa nacional","publisher":{"@id":"https:\/\/www.eldiario.net\/portal\/#organization"},"potentialAction":[{"@type":"SearchAction","target":{"@type":"EntryPoint","urlTemplate":"https:\/\/www.eldiario.net\/portal\/?s={search_term_string}"},"query-input":{"@type":"PropertyValueSpecification","valueRequired":true,"valueName":"search_term_string"}}],"inLanguage":"es"},{"@type":"Organization","@id":"https:\/\/www.eldiario.net\/portal\/#organization","name":"El Diario - Decano de la prensa nacional","url":"https:\/\/www.eldiario.net\/portal\/","logo":{"@type":"ImageObject","inLanguage":"es","@id":"https:\/\/www.eldiario.net\/portal\/#\/schema\/logo\/image\/","url":"https:\/\/www.eldiario.net\/portal\/wp-content\/uploads\/2023\/07\/logo_ED.jpg","contentUrl":"https:\/\/www.eldiario.net\/portal\/wp-content\/uploads\/2023\/07\/logo_ED.jpg","width":272,"height":52,"caption":"El Diario - Decano de la prensa nacional"},"image":{"@id":"https:\/\/www.eldiario.net\/portal\/#\/schema\/logo\/image\/"},"sameAs":["https:\/\/www.facebook.com\/eldiario.bolivia\/","https:\/\/x.com\/eldiario_net"]},{"@type":"Person","@id":"https:\/\/www.eldiario.net\/portal\/#\/schema\/person\/cab1ae4db27e5f008a62cbffb05fbfee","name":"luis Camacho","image":{"@type":"ImageObject","inLanguage":"es","@id":"https:\/\/secure.gravatar.com\/avatar\/69ecb836b3826d5a2501bf06ab2a2f2c8ab211cc846758f395df21684cb38313?s=96&d=mm&r=g","url":"https:\/\/secure.gravatar.com\/avatar\/69ecb836b3826d5a2501bf06ab2a2f2c8ab211cc846758f395df21684cb38313?s=96&d=mm&r=g","contentUrl":"https:\/\/secure.gravatar.com\/avatar\/69ecb836b3826d5a2501bf06ab2a2f2c8ab211cc846758f395df21684cb38313?s=96&d=mm&r=g","caption":"luis Camacho"},"url":"https:\/\/www.eldiario.net\/portal\/author\/luis\/"}]}},"_links":{"self":[{"href":"https:\/\/www.eldiario.net\/portal\/wp-json\/wp\/v2\/posts\/218309","targetHints":{"allow":["GET"]}}],"collection":[{"href":"https:\/\/www.eldiario.net\/portal\/wp-json\/wp\/v2\/posts"}],"about":[{"href":"https:\/\/www.eldiario.net\/portal\/wp-json\/wp\/v2\/types\/post"}],"author":[{"embeddable":true,"href":"https:\/\/www.eldiario.net\/portal\/wp-json\/wp\/v2\/users\/2"}],"replies":[{"embeddable":true,"href":"https:\/\/www.eldiario.net\/portal\/wp-json\/wp\/v2\/comments?post=218309"}],"version-history":[{"count":2,"href":"https:\/\/www.eldiario.net\/portal\/wp-json\/wp\/v2\/posts\/218309\/revisions"}],"predecessor-version":[{"id":218312,"href":"https:\/\/www.eldiario.net\/portal\/wp-json\/wp\/v2\/posts\/218309\/revisions\/218312"}],"wp:featuredmedia":[{"embeddable":true,"href":"https:\/\/www.eldiario.net\/portal\/wp-json\/wp\/v2\/media\/218310"}],"wp:attachment":[{"href":"https:\/\/www.eldiario.net\/portal\/wp-json\/wp\/v2\/media?parent=218309"}],"wp:term":[{"taxonomy":"category","embeddable":true,"href":"https:\/\/www.eldiario.net\/portal\/wp-json\/wp\/v2\/categories?post=218309"},{"taxonomy":"post_tag","embeddable":true,"href":"https:\/\/www.eldiario.net\/portal\/wp-json\/wp\/v2\/tags?post=218309"}],"curies":[{"name":"wp","href":"https:\/\/api.w.org\/{rel}","templated":true}]}}