{"id":218300,"date":"2024-05-03T07:52:29","date_gmt":"2024-05-03T11:52:29","guid":{"rendered":"https:\/\/www.eldiario.net\/portal\/?p=218300"},"modified":"2024-05-03T07:52:29","modified_gmt":"2024-05-03T11:52:29","slug":"la-oratoria-y-su-estructura-3","status":"publish","type":"post","link":"https:\/\/www.eldiario.net\/portal\/2024\/05\/03\/la-oratoria-y-su-estructura-3\/","title":{"rendered":"La oratoria y su estructura"},"content":{"rendered":"<p><strong>Tercera Parte<\/strong><\/p>\n<p><strong>Por: Lic. H\u00e9ctor Molina<\/strong><\/p>\n<p><strong>Recordemos que\u2026<\/strong><\/p>\n<p>La oratoria es el arte de hablar con elocuencia; es decir, la habilidad de comunicar de un modo eficaz con la finalidad de apoyar a las personas para que puedan transmitir un mensaje de forma ordenada con el objetivo de informar, persuadir o conmover a su auditorio. De este modo, la oratoria sirve para captar la atenci\u00f3n del receptor, seducirlo a trav\u00e9s de un mensaje claro y conciso, y conseguir que tome decisiones o adopte una determinada posici\u00f3n.<\/p>\n<p>Asimismo, es una habilidad muy \u00fatil para los profesionales de la comunicaci\u00f3n; y es que el estudio de la oratoria permite aprender a expresar correctamente las ideas, logrando as\u00ed que la audiencia interprete correctamente nuestro mensaje.<\/p>\n<p><strong>Caracter\u00edsticas de la oratoria \u2013 Seg\u00fan el punto de vista f\u00edsico<\/strong><\/p>\n<ol>\n<li><strong> Uso de voz natural<\/strong><\/li>\n<\/ol>\n<p>Cualquier conexi\u00f3n que se haga con la audiencia podr\u00eda romperse con tonos que parezcan falsos o demasiado perfectos. En general, se debe intentar hablar en un tono de conversaci\u00f3n.<\/p>\n<ol start=\"2\">\n<li><strong> Modulaci\u00f3n de voz<\/strong><\/li>\n<\/ol>\n<p>Para ser un buen orador se debe evita usar un tono que parezca demasiado ensayado, lo que no que no quiere decir que no se deba practicar el ritmo, el tono, el tiempo y cualquier otro factor que demanda la oratoria.<\/p>\n<ol start=\"3\">\n<li><strong> Mantenlo corto y dulce<\/strong><\/li>\n<\/ol>\n<p>No es bueno usar todo el tiempo asignado para un discurso. Es mejor usar el tiempo para enfocarse en lo importante y dejar un tiempo a interactuar con el auditorio para aclarar preguntas, comentarios o hacer alguna actividad.<\/p>\n<p>El objetivo principal de pronunciar un discurso es intentar transmitir nuestro punto de vista, y eso podr\u00eda no requerir una hora completa.\u00a0Se debe asegurarte que la presentaci\u00f3n sea f\u00e1cilmente digerible para quienes escuchan.<\/p>\n<ol start=\"4\">\n<li><strong> Medida en el uso de palabras<\/strong><\/li>\n<\/ol>\n<p>Se debe ajustar la velocidad para adaptarte a la situaci\u00f3n.\u00a0Una velocidad de habla normal es de aproximadamente 120 palabras por minuto.\u00a0Un oyente promedio puede asimilar palabras hasta cuatro veces esa velocidad.<\/p>\n<p>Un altavoz extremadamente lento permite que las mentes del oyente deambulen hasta el punto de que ya no escuchan lo que tienes que decir. Un discurso lento tambi\u00e9n puede indicar que no se est\u00e1 interesado en el tema o en la audiencia.<\/p>\n<p>Un orador extremadamente r\u00e1pido corre el riesgo de que el p\u00fablico pierda palabras clave. La clave aqu\u00ed es la variaci\u00f3n. Se debe usar un ritmo de habla para capturar y mantener la atenci\u00f3n de la audiencia.<\/p>\n<p>Una velocidad de habla m\u00e1s r\u00e1pida puede sugerir emoci\u00f3n o acci\u00f3n repentina; ritmos m\u00e1s lentos indican calma.<\/p>\n<p>Los temas dif\u00edciles o complejos exigen una disminuci\u00f3n del ritmo para permitir que la audiencia asimile y procese lo que se est\u00e1 diciendo.<\/p>\n<ol start=\"5\">\n<li><strong> Volumen<\/strong><\/li>\n<\/ol>\n<p>Lo que se persigue es que el volumen llegue al fondo de la sala sin sobrecargar a los de la primera fila. Se lo puede controlar ajustando la fuerza con la que se expulsa el aire a trav\u00e9s de nuestras cuerdas vocales.<\/p>\n<p>Es perfectamente aceptable preguntar a los que est\u00e1n en las filas de atr\u00e1s si pueden escucharnos. Los micr\u00f3fonos pueden ayudar con este problema, ya que permiten hablar en un volumen normal sabiendo que todos escuchar\u00e1n.<\/p>\n<p>Sin embargo, adem\u00e1s de determinar si la audiencia puede escuchar o no, el manejo del volumen tambi\u00e9n tiene otras implicaciones, como:<\/p>\n<ul>\n<li>Hablar demasiado suave puede hacernos parecer t\u00edmidos o inseguros.<\/li>\n<li>Puedes dar la impresi\u00f3n de que se tiene menos confianza en tu tema.<\/li>\n<li>Se corre el riesgo de desgastar a una audiencia que intenta escuchar.<\/li>\n<li>Hablar demasiado alto puede hacernos parecer dominantes, arrogantes o inexpertos con el equipo de sonido.<\/li>\n<li>Variar el volumen puede ser una forma efectiva de agregar \u00e9nfasis o emoci\u00f3n.<\/li>\n<\/ul>\n<ol start=\"6\">\n<li><strong> Pausa<\/strong><\/li>\n<\/ol>\n<p>Las pausas se pueden convertir en una ventaja cuando se las maneja de manera efectiva, con precisi\u00f3n una transici\u00f3n entre puntos y de acuerdo con claridad a las palabras. Tambi\u00e9n brindan la oportunidad de recuperar el aliento y \u00a0al p\u00fablico, a ponerse al d\u00eda con las ideas expuestas.<\/p>\n<p>Se debe hacer una pausa para agregar \u00e9nfasis, para construir algo importante, o para dejar un momento para que una idea sea analizada por la audiencia.<\/p>\n<ol start=\"8\">\n<li><strong> Articulaci\u00f3n\/pronunciaci\u00f3n<\/strong><\/li>\n<\/ol>\n<p>La articulaci\u00f3n es el arte de hablar con claridad, emitiendo los sonidos adecuados con los labios, los dientes y la lengua. La pronunciaci\u00f3n es decir una palabra correcta. Ya sea de manera justa o injusta, ambos influyen en la impresi\u00f3n de la audiencia del dominio del idioma. Los acentos y el dialecto tambi\u00e9n entran en esta categor\u00eda.<\/p>\n<p>La articulaci\u00f3n y la pronunciaci\u00f3n son algo m\u00e1s f\u00e1cil de corregir que los acentos y el dialecto, todos tienen el mismo efecto. Sin embargo los primeros pueden hacer m\u00e1s dif\u00edcil que la audiencia entienda el discurso o mensaje.<\/p>\n\r\n                <style type=\"text\/css\">\r\n                    \r\n                    #tdi_1  .td-doubleSlider-2 .td-item1 {\r\n                        background: url(https:\/\/www.eldiario.net\/portal\/wp-content\/uploads\/2024\/05\/Len-Beneficios-de-la-Oratoria-80x60.jpg) 0 0 no-repeat;\r\n                    }\r\n                    #tdi_1  .td-doubleSlider-2 .td-item2 {\r\n                        background: url(https:\/\/www.eldiario.net\/portal\/wp-content\/uploads\/2024\/05\/Len-Caracteristicas-de-la-Oratoria-80x60.jpg) 0 0 no-repeat;\r\n                    }\r\n                <\/style>\r\n\r\n                <div id=\"tdi_1\" class=\"td-gallery td-slide-on-2-columns\">\r\n                    <div class=\"post_td_gallery\">\r\n                        <div class=\"td-gallery-slide-top\">\r\n                           <div class=\"td-gallery-title\"><\/div>\r\n\r\n                            <div class=\"td-gallery-controls-wrapper\">\r\n                                <div class=\"td-gallery-slide-count\"><span class=\"td-gallery-slide-item-focus\">1<\/span> de 2<\/div>\r\n                                <div class=\"td-gallery-slide-prev-next-but\">\r\n                                    <i class = \"td-icon-left doubleSliderPrevButton\"><\/i>\r\n                                    <i class = \"td-icon-right doubleSliderNextButton\"><\/i>\r\n                                <\/div>\r\n                            <\/div>\r\n                        <\/div>\r\n\r\n                        <div class = \"td-doubleSlider-1 \">\r\n                            <div class = \"td-slider\">\r\n                                \r\n                    <div class = \"td-slide-item td-item1\">\r\n                        <figure class=\"td-slide-galery-figure td-slide-popup-gallery\">\r\n                            <a class=\"slide-gallery-image-link\" href=\"https:\/\/www.eldiario.net\/portal\/wp-content\/uploads\/2024\/05\/Len-Beneficios-de-la-Oratoria.jpg\" title=\"Len---Beneficios-de-la-Oratoria\"  data-caption=\"\"  data-description=\"\">\r\n                                <img decoding=\"async\" src=\"https:\/\/www.eldiario.net\/portal\/wp-content\/uploads\/2024\/05\/Len-Beneficios-de-la-Oratoria-267x420.jpg\" srcset=\"https:\/\/www.eldiario.net\/portal\/wp-content\/uploads\/2024\/05\/Len-Beneficios-de-la-Oratoria-267x420.jpg 267w, https:\/\/www.eldiario.net\/portal\/wp-content\/uploads\/2024\/05\/Len-Beneficios-de-la-Oratoria-191x300.jpg 191w, https:\/\/www.eldiario.net\/portal\/wp-content\/uploads\/2024\/05\/Len-Beneficios-de-la-Oratoria-650x1024.jpg 650w, https:\/\/www.eldiario.net\/portal\/wp-content\/uploads\/2024\/05\/Len-Beneficios-de-la-Oratoria-768x1209.jpg 768w, https:\/\/www.eldiario.net\/portal\/wp-content\/uploads\/2024\/05\/Len-Beneficios-de-la-Oratoria-976x1536.jpg 976w, https:\/\/www.eldiario.net\/portal\/wp-content\/uploads\/2024\/05\/Len-Beneficios-de-la-Oratoria-696x1096.jpg 696w, https:\/\/www.eldiario.net\/portal\/wp-content\/uploads\/2024\/05\/Len-Beneficios-de-la-Oratoria.jpg 994w\" sizes=\"(max-width: 267px) 100vw, 267px\" alt=\"\">\r\n                            <\/a>\r\n                            \r\n                        <\/figure>\r\n                    <\/div>\r\n                    <div class = \"td-slide-item td-item2\">\r\n                        <figure class=\"td-slide-galery-figure td-slide-popup-gallery\">\r\n                            <a class=\"slide-gallery-image-link\" href=\"https:\/\/www.eldiario.net\/portal\/wp-content\/uploads\/2024\/05\/Len-Caracteristicas-de-la-Oratoria.jpg\" title=\"Len---Caracter\u00edsticas-de-la-Oratoria\"  data-caption=\"\"  data-description=\"\">\r\n                                <img decoding=\"async\" src=\"https:\/\/www.eldiario.net\/portal\/wp-content\/uploads\/2024\/05\/Len-Caracteristicas-de-la-Oratoria-559x420.jpg\" srcset=\"https:\/\/www.eldiario.net\/portal\/wp-content\/uploads\/2024\/05\/Len-Caracteristicas-de-la-Oratoria-559x420.jpg 559w, https:\/\/www.eldiario.net\/portal\/wp-content\/uploads\/2024\/05\/Len-Caracteristicas-de-la-Oratoria-300x225.jpg 300w, https:\/\/www.eldiario.net\/portal\/wp-content\/uploads\/2024\/05\/Len-Caracteristicas-de-la-Oratoria-1024x769.jpg 1024w, https:\/\/www.eldiario.net\/portal\/wp-content\/uploads\/2024\/05\/Len-Caracteristicas-de-la-Oratoria-768x577.jpg 768w, https:\/\/www.eldiario.net\/portal\/wp-content\/uploads\/2024\/05\/Len-Caracteristicas-de-la-Oratoria-80x60.jpg 80w, https:\/\/www.eldiario.net\/portal\/wp-content\/uploads\/2024\/05\/Len-Caracteristicas-de-la-Oratoria-696x523.jpg 696w, https:\/\/www.eldiario.net\/portal\/wp-content\/uploads\/2024\/05\/Len-Caracteristicas-de-la-Oratoria.jpg 1065w\" sizes=\"(max-width: 559px) 100vw, 559px\" alt=\"\">\r\n                            <\/a>\r\n                            \r\n                        <\/figure>\r\n                    <\/div>\r\n                            <\/div>\r\n                        <\/div>\r\n\r\n                        <div class = \"td-doubleSlider-2\">\r\n                            <div class = \"td-slider\">\r\n                                \r\n                    <div class = \"td-button td-item1\">\r\n                        <div class = \"td-border\"><\/div>\r\n                    <\/div>\r\n                    <div class = \"td-button td-item2\">\r\n                        <div class = \"td-border\"><\/div>\r\n                    <\/div>\r\n                            <\/div>\r\n                        <\/div>\r\n\r\n                    <\/div>\r\n\r\n                <\/div>\r\n                \n","protected":false},"excerpt":{"rendered":"<p>Tercera Parte Por: Lic. H\u00e9ctor Molina Recordemos que\u2026 La oratoria es el arte de hablar con elocuencia; es decir, la habilidad de comunicar de un modo eficaz con la finalidad de apoyar a las personas para que puedan transmitir un mensaje de forma ordenada con el objetivo de informar, persuadir o conmover a su auditorio. [&hellip;]<\/p>\n","protected":false},"author":1,"featured_media":218302,"comment_status":"open","ping_status":"open","sticky":false,"template":"","format":"standard","meta":{"_acf_changed":false,"footnotes":""},"categories":[43],"tags":[],"class_list":["post-218300","post","type-post","status-publish","format-standard","has-post-thumbnail","category-nuevos-horizontes"],"acf":{"antetitulo":""},"yoast_head":"<!-- This site is optimized with the Yoast SEO plugin v28.4 - https:\/\/yoast.com\/product\/yoast-seo-wordpress\/ -->\n<title>La oratoria y su estructura - El Diario - Bolivia<\/title>\n<meta name=\"robots\" content=\"index, follow, max-snippet:-1, max-image-preview:large, max-video-preview:-1\" \/>\n<link rel=\"canonical\" href=\"https:\/\/www.eldiario.net\/portal\/2024\/05\/03\/la-oratoria-y-su-estructura-3\/\" \/>\n<meta property=\"og:locale\" content=\"es_ES\" \/>\n<meta property=\"og:type\" content=\"article\" \/>\n<meta property=\"og:title\" content=\"La oratoria y su estructura - El Diario - Bolivia\" \/>\n<meta property=\"og:description\" content=\"Tercera Parte Por: Lic. H\u00e9ctor Molina Recordemos que\u2026 La oratoria es el arte de hablar con elocuencia; es decir, la habilidad de comunicar de un modo eficaz con la finalidad de apoyar a las personas para que puedan transmitir un mensaje de forma ordenada con el objetivo de informar, persuadir o conmover a su auditorio. [&hellip;]\" \/>\n<meta property=\"og:url\" content=\"https:\/\/www.eldiario.net\/portal\/2024\/05\/03\/la-oratoria-y-su-estructura-3\/\" \/>\n<meta property=\"og:site_name\" content=\"El Diario - Bolivia\" \/>\n<meta property=\"article:publisher\" content=\"https:\/\/www.facebook.com\/eldiario.bolivia\/\" \/>\n<meta property=\"article:published_time\" content=\"2024-05-03T11:52:29+00:00\" \/>\n<meta property=\"og:image\" content=\"https:\/\/www.eldiario.net\/portal\/wp-content\/uploads\/2024\/05\/Len-Caracteristicas-de-la-Oratoria.jpg\" \/>\n\t<meta property=\"og:image:width\" content=\"1065\" \/>\n\t<meta property=\"og:image:height\" content=\"800\" \/>\n\t<meta property=\"og:image:type\" content=\"image\/jpeg\" \/>\n<meta name=\"author\" content=\"Jeanette\" \/>\n<meta name=\"twitter:card\" content=\"summary_large_image\" \/>\n<meta name=\"twitter:creator\" content=\"@eldiario_net\" \/>\n<meta name=\"twitter:site\" content=\"@eldiario_net\" \/>\n<meta name=\"twitter:label1\" content=\"Escrito por\" \/>\n\t<meta name=\"twitter:data1\" content=\"Jeanette\" \/>\n\t<meta name=\"twitter:label2\" content=\"Tiempo de lectura\" \/>\n\t<meta name=\"twitter:data2\" content=\"4 minutos\" \/>\n<script type=\"application\/ld+json\" class=\"yoast-schema-graph\">{\"@context\":\"https:\\\/\\\/schema.org\",\"@graph\":[{\"@type\":\"Article\",\"@id\":\"https:\\\/\\\/www.eldiario.net\\\/portal\\\/2024\\\/05\\\/03\\\/la-oratoria-y-su-estructura-3\\\/#article\",\"isPartOf\":{\"@id\":\"https:\\\/\\\/www.eldiario.net\\\/portal\\\/2024\\\/05\\\/03\\\/la-oratoria-y-su-estructura-3\\\/\"},\"author\":{\"name\":\"Jeanette\",\"@id\":\"https:\\\/\\\/www.eldiario.net\\\/portal\\\/#\\\/schema\\\/person\\\/f46445640444750d7d753ccd04ae01b7\"},\"headline\":\"La oratoria y su estructura\",\"datePublished\":\"2024-05-03T11:52:29+00:00\",\"mainEntityOfPage\":{\"@id\":\"https:\\\/\\\/www.eldiario.net\\\/portal\\\/2024\\\/05\\\/03\\\/la-oratoria-y-su-estructura-3\\\/\"},\"wordCount\":844,\"commentCount\":0,\"publisher\":{\"@id\":\"https:\\\/\\\/www.eldiario.net\\\/portal\\\/#organization\"},\"image\":{\"@id\":\"https:\\\/\\\/www.eldiario.net\\\/portal\\\/2024\\\/05\\\/03\\\/la-oratoria-y-su-estructura-3\\\/#primaryimage\"},\"thumbnailUrl\":\"https:\\\/\\\/www.eldiario.net\\\/portal\\\/wp-content\\\/uploads\\\/2024\\\/05\\\/Len-Caracteristicas-de-la-Oratoria.jpg\",\"articleSection\":[\"Nuevos Horizontes\"],\"inLanguage\":\"es\",\"potentialAction\":[{\"@type\":\"CommentAction\",\"name\":\"Comment\",\"target\":[\"https:\\\/\\\/www.eldiario.net\\\/portal\\\/2024\\\/05\\\/03\\\/la-oratoria-y-su-estructura-3\\\/#respond\"]}]},{\"@type\":\"WebPage\",\"@id\":\"https:\\\/\\\/www.eldiario.net\\\/portal\\\/2024\\\/05\\\/03\\\/la-oratoria-y-su-estructura-3\\\/\",\"url\":\"https:\\\/\\\/www.eldiario.net\\\/portal\\\/2024\\\/05\\\/03\\\/la-oratoria-y-su-estructura-3\\\/\",\"name\":\"La oratoria y su estructura - El Diario - Bolivia\",\"isPartOf\":{\"@id\":\"https:\\\/\\\/www.eldiario.net\\\/portal\\\/#website\"},\"primaryImageOfPage\":{\"@id\":\"https:\\\/\\\/www.eldiario.net\\\/portal\\\/2024\\\/05\\\/03\\\/la-oratoria-y-su-estructura-3\\\/#primaryimage\"},\"image\":{\"@id\":\"https:\\\/\\\/www.eldiario.net\\\/portal\\\/2024\\\/05\\\/03\\\/la-oratoria-y-su-estructura-3\\\/#primaryimage\"},\"thumbnailUrl\":\"https:\\\/\\\/www.eldiario.net\\\/portal\\\/wp-content\\\/uploads\\\/2024\\\/05\\\/Len-Caracteristicas-de-la-Oratoria.jpg\",\"datePublished\":\"2024-05-03T11:52:29+00:00\",\"breadcrumb\":{\"@id\":\"https:\\\/\\\/www.eldiario.net\\\/portal\\\/2024\\\/05\\\/03\\\/la-oratoria-y-su-estructura-3\\\/#breadcrumb\"},\"inLanguage\":\"es\",\"potentialAction\":[{\"@type\":\"ReadAction\",\"target\":[\"https:\\\/\\\/www.eldiario.net\\\/portal\\\/2024\\\/05\\\/03\\\/la-oratoria-y-su-estructura-3\\\/\"]}]},{\"@type\":\"ImageObject\",\"inLanguage\":\"es\",\"@id\":\"https:\\\/\\\/www.eldiario.net\\\/portal\\\/2024\\\/05\\\/03\\\/la-oratoria-y-su-estructura-3\\\/#primaryimage\",\"url\":\"https:\\\/\\\/www.eldiario.net\\\/portal\\\/wp-content\\\/uploads\\\/2024\\\/05\\\/Len-Caracteristicas-de-la-Oratoria.jpg\",\"contentUrl\":\"https:\\\/\\\/www.eldiario.net\\\/portal\\\/wp-content\\\/uploads\\\/2024\\\/05\\\/Len-Caracteristicas-de-la-Oratoria.jpg\",\"width\":1065,\"height\":800},{\"@type\":\"BreadcrumbList\",\"@id\":\"https:\\\/\\\/www.eldiario.net\\\/portal\\\/2024\\\/05\\\/03\\\/la-oratoria-y-su-estructura-3\\\/#breadcrumb\",\"itemListElement\":[{\"@type\":\"ListItem\",\"position\":1,\"name\":\"Portada\",\"item\":\"https:\\\/\\\/www.eldiario.net\\\/portal\\\/\"},{\"@type\":\"ListItem\",\"position\":2,\"name\":\"La oratoria y su estructura\"}]},{\"@type\":\"WebSite\",\"@id\":\"https:\\\/\\\/www.eldiario.net\\\/portal\\\/#website\",\"url\":\"https:\\\/\\\/www.eldiario.net\\\/portal\\\/\",\"name\":\"El Diario - Decano de la prensa nacional\",\"description\":\"El Diario - Decano de la prensa nacional\",\"publisher\":{\"@id\":\"https:\\\/\\\/www.eldiario.net\\\/portal\\\/#organization\"},\"potentialAction\":[{\"@type\":\"SearchAction\",\"target\":{\"@type\":\"EntryPoint\",\"urlTemplate\":\"https:\\\/\\\/www.eldiario.net\\\/portal\\\/?s={search_term_string}\"},\"query-input\":{\"@type\":\"PropertyValueSpecification\",\"valueRequired\":true,\"valueName\":\"search_term_string\"}}],\"inLanguage\":\"es\"},{\"@type\":\"Organization\",\"@id\":\"https:\\\/\\\/www.eldiario.net\\\/portal\\\/#organization\",\"name\":\"El Diario - Decano de la prensa nacional\",\"url\":\"https:\\\/\\\/www.eldiario.net\\\/portal\\\/\",\"logo\":{\"@type\":\"ImageObject\",\"inLanguage\":\"es\",\"@id\":\"https:\\\/\\\/www.eldiario.net\\\/portal\\\/#\\\/schema\\\/logo\\\/image\\\/\",\"url\":\"https:\\\/\\\/www.eldiario.net\\\/portal\\\/wp-content\\\/uploads\\\/2023\\\/07\\\/logo_ED.jpg\",\"contentUrl\":\"https:\\\/\\\/www.eldiario.net\\\/portal\\\/wp-content\\\/uploads\\\/2023\\\/07\\\/logo_ED.jpg\",\"width\":272,\"height\":52,\"caption\":\"El Diario - Decano de la prensa nacional\"},\"image\":{\"@id\":\"https:\\\/\\\/www.eldiario.net\\\/portal\\\/#\\\/schema\\\/logo\\\/image\\\/\"},\"sameAs\":[\"https:\\\/\\\/www.facebook.com\\\/eldiario.bolivia\\\/\",\"https:\\\/\\\/x.com\\\/eldiario_net\"]},{\"@type\":\"Person\",\"@id\":\"https:\\\/\\\/www.eldiario.net\\\/portal\\\/#\\\/schema\\\/person\\\/f46445640444750d7d753ccd04ae01b7\",\"name\":\"Jeanette\",\"image\":{\"@type\":\"ImageObject\",\"inLanguage\":\"es\",\"@id\":\"https:\\\/\\\/secure.gravatar.com\\\/avatar\\\/3ea2118a5f7dad2b7138b1187a6b7ee55f160b9968b66013c3a3ef39dd7e5798?s=96&d=mm&r=g\",\"url\":\"https:\\\/\\\/secure.gravatar.com\\\/avatar\\\/3ea2118a5f7dad2b7138b1187a6b7ee55f160b9968b66013c3a3ef39dd7e5798?s=96&d=mm&r=g\",\"contentUrl\":\"https:\\\/\\\/secure.gravatar.com\\\/avatar\\\/3ea2118a5f7dad2b7138b1187a6b7ee55f160b9968b66013c3a3ef39dd7e5798?s=96&d=mm&r=g\",\"caption\":\"Jeanette\"},\"sameAs\":[\"https:\\\/\\\/www.eldiario.net\\\/portal\"],\"url\":\"https:\\\/\\\/www.eldiario.net\\\/portal\\\/author\\\/jeanette\\\/\"}]}<\/script>\n<!-- \/ Yoast SEO plugin. -->","yoast_head_json":{"title":"La oratoria y su estructura - El Diario - Bolivia","robots":{"index":"index","follow":"follow","max-snippet":"max-snippet:-1","max-image-preview":"max-image-preview:large","max-video-preview":"max-video-preview:-1"},"canonical":"https:\/\/www.eldiario.net\/portal\/2024\/05\/03\/la-oratoria-y-su-estructura-3\/","og_locale":"es_ES","og_type":"article","og_title":"La oratoria y su estructura - El Diario - Bolivia","og_description":"Tercera Parte Por: Lic. H\u00e9ctor Molina Recordemos que\u2026 La oratoria es el arte de hablar con elocuencia; es decir, la habilidad de comunicar de un modo eficaz con la finalidad de apoyar a las personas para que puedan transmitir un mensaje de forma ordenada con el objetivo de informar, persuadir o conmover a su auditorio. [&hellip;]","og_url":"https:\/\/www.eldiario.net\/portal\/2024\/05\/03\/la-oratoria-y-su-estructura-3\/","og_site_name":"El Diario - Bolivia","article_publisher":"https:\/\/www.facebook.com\/eldiario.bolivia\/","article_published_time":"2024-05-03T11:52:29+00:00","og_image":[{"width":1065,"height":800,"url":"https:\/\/www.eldiario.net\/portal\/wp-content\/uploads\/2024\/05\/Len-Caracteristicas-de-la-Oratoria.jpg","type":"image\/jpeg"}],"author":"Jeanette","twitter_card":"summary_large_image","twitter_creator":"@eldiario_net","twitter_site":"@eldiario_net","twitter_misc":{"Escrito por":"Jeanette","Tiempo de lectura":"4 minutos"},"schema":{"@context":"https:\/\/schema.org","@graph":[{"@type":"Article","@id":"https:\/\/www.eldiario.net\/portal\/2024\/05\/03\/la-oratoria-y-su-estructura-3\/#article","isPartOf":{"@id":"https:\/\/www.eldiario.net\/portal\/2024\/05\/03\/la-oratoria-y-su-estructura-3\/"},"author":{"name":"Jeanette","@id":"https:\/\/www.eldiario.net\/portal\/#\/schema\/person\/f46445640444750d7d753ccd04ae01b7"},"headline":"La oratoria y su estructura","datePublished":"2024-05-03T11:52:29+00:00","mainEntityOfPage":{"@id":"https:\/\/www.eldiario.net\/portal\/2024\/05\/03\/la-oratoria-y-su-estructura-3\/"},"wordCount":844,"commentCount":0,"publisher":{"@id":"https:\/\/www.eldiario.net\/portal\/#organization"},"image":{"@id":"https:\/\/www.eldiario.net\/portal\/2024\/05\/03\/la-oratoria-y-su-estructura-3\/#primaryimage"},"thumbnailUrl":"https:\/\/www.eldiario.net\/portal\/wp-content\/uploads\/2024\/05\/Len-Caracteristicas-de-la-Oratoria.jpg","articleSection":["Nuevos Horizontes"],"inLanguage":"es","potentialAction":[{"@type":"CommentAction","name":"Comment","target":["https:\/\/www.eldiario.net\/portal\/2024\/05\/03\/la-oratoria-y-su-estructura-3\/#respond"]}]},{"@type":"WebPage","@id":"https:\/\/www.eldiario.net\/portal\/2024\/05\/03\/la-oratoria-y-su-estructura-3\/","url":"https:\/\/www.eldiario.net\/portal\/2024\/05\/03\/la-oratoria-y-su-estructura-3\/","name":"La oratoria y su estructura - El Diario - Bolivia","isPartOf":{"@id":"https:\/\/www.eldiario.net\/portal\/#website"},"primaryImageOfPage":{"@id":"https:\/\/www.eldiario.net\/portal\/2024\/05\/03\/la-oratoria-y-su-estructura-3\/#primaryimage"},"image":{"@id":"https:\/\/www.eldiario.net\/portal\/2024\/05\/03\/la-oratoria-y-su-estructura-3\/#primaryimage"},"thumbnailUrl":"https:\/\/www.eldiario.net\/portal\/wp-content\/uploads\/2024\/05\/Len-Caracteristicas-de-la-Oratoria.jpg","datePublished":"2024-05-03T11:52:29+00:00","breadcrumb":{"@id":"https:\/\/www.eldiario.net\/portal\/2024\/05\/03\/la-oratoria-y-su-estructura-3\/#breadcrumb"},"inLanguage":"es","potentialAction":[{"@type":"ReadAction","target":["https:\/\/www.eldiario.net\/portal\/2024\/05\/03\/la-oratoria-y-su-estructura-3\/"]}]},{"@type":"ImageObject","inLanguage":"es","@id":"https:\/\/www.eldiario.net\/portal\/2024\/05\/03\/la-oratoria-y-su-estructura-3\/#primaryimage","url":"https:\/\/www.eldiario.net\/portal\/wp-content\/uploads\/2024\/05\/Len-Caracteristicas-de-la-Oratoria.jpg","contentUrl":"https:\/\/www.eldiario.net\/portal\/wp-content\/uploads\/2024\/05\/Len-Caracteristicas-de-la-Oratoria.jpg","width":1065,"height":800},{"@type":"BreadcrumbList","@id":"https:\/\/www.eldiario.net\/portal\/2024\/05\/03\/la-oratoria-y-su-estructura-3\/#breadcrumb","itemListElement":[{"@type":"ListItem","position":1,"name":"Portada","item":"https:\/\/www.eldiario.net\/portal\/"},{"@type":"ListItem","position":2,"name":"La oratoria y su estructura"}]},{"@type":"WebSite","@id":"https:\/\/www.eldiario.net\/portal\/#website","url":"https:\/\/www.eldiario.net\/portal\/","name":"El Diario - Decano de la prensa nacional","description":"El Diario - Decano de la prensa nacional","publisher":{"@id":"https:\/\/www.eldiario.net\/portal\/#organization"},"potentialAction":[{"@type":"SearchAction","target":{"@type":"EntryPoint","urlTemplate":"https:\/\/www.eldiario.net\/portal\/?s={search_term_string}"},"query-input":{"@type":"PropertyValueSpecification","valueRequired":true,"valueName":"search_term_string"}}],"inLanguage":"es"},{"@type":"Organization","@id":"https:\/\/www.eldiario.net\/portal\/#organization","name":"El Diario - Decano de la prensa nacional","url":"https:\/\/www.eldiario.net\/portal\/","logo":{"@type":"ImageObject","inLanguage":"es","@id":"https:\/\/www.eldiario.net\/portal\/#\/schema\/logo\/image\/","url":"https:\/\/www.eldiario.net\/portal\/wp-content\/uploads\/2023\/07\/logo_ED.jpg","contentUrl":"https:\/\/www.eldiario.net\/portal\/wp-content\/uploads\/2023\/07\/logo_ED.jpg","width":272,"height":52,"caption":"El Diario - Decano de la prensa nacional"},"image":{"@id":"https:\/\/www.eldiario.net\/portal\/#\/schema\/logo\/image\/"},"sameAs":["https:\/\/www.facebook.com\/eldiario.bolivia\/","https:\/\/x.com\/eldiario_net"]},{"@type":"Person","@id":"https:\/\/www.eldiario.net\/portal\/#\/schema\/person\/f46445640444750d7d753ccd04ae01b7","name":"Jeanette","image":{"@type":"ImageObject","inLanguage":"es","@id":"https:\/\/secure.gravatar.com\/avatar\/3ea2118a5f7dad2b7138b1187a6b7ee55f160b9968b66013c3a3ef39dd7e5798?s=96&d=mm&r=g","url":"https:\/\/secure.gravatar.com\/avatar\/3ea2118a5f7dad2b7138b1187a6b7ee55f160b9968b66013c3a3ef39dd7e5798?s=96&d=mm&r=g","contentUrl":"https:\/\/secure.gravatar.com\/avatar\/3ea2118a5f7dad2b7138b1187a6b7ee55f160b9968b66013c3a3ef39dd7e5798?s=96&d=mm&r=g","caption":"Jeanette"},"sameAs":["https:\/\/www.eldiario.net\/portal"],"url":"https:\/\/www.eldiario.net\/portal\/author\/jeanette\/"}]}},"_links":{"self":[{"href":"https:\/\/www.eldiario.net\/portal\/wp-json\/wp\/v2\/posts\/218300","targetHints":{"allow":["GET"]}}],"collection":[{"href":"https:\/\/www.eldiario.net\/portal\/wp-json\/wp\/v2\/posts"}],"about":[{"href":"https:\/\/www.eldiario.net\/portal\/wp-json\/wp\/v2\/types\/post"}],"author":[{"embeddable":true,"href":"https:\/\/www.eldiario.net\/portal\/wp-json\/wp\/v2\/users\/1"}],"replies":[{"embeddable":true,"href":"https:\/\/www.eldiario.net\/portal\/wp-json\/wp\/v2\/comments?post=218300"}],"version-history":[{"count":1,"href":"https:\/\/www.eldiario.net\/portal\/wp-json\/wp\/v2\/posts\/218300\/revisions"}],"predecessor-version":[{"id":218303,"href":"https:\/\/www.eldiario.net\/portal\/wp-json\/wp\/v2\/posts\/218300\/revisions\/218303"}],"wp:featuredmedia":[{"embeddable":true,"href":"https:\/\/www.eldiario.net\/portal\/wp-json\/wp\/v2\/media\/218302"}],"wp:attachment":[{"href":"https:\/\/www.eldiario.net\/portal\/wp-json\/wp\/v2\/media?parent=218300"}],"wp:term":[{"taxonomy":"category","embeddable":true,"href":"https:\/\/www.eldiario.net\/portal\/wp-json\/wp\/v2\/categories?post=218300"},{"taxonomy":"post_tag","embeddable":true,"href":"https:\/\/www.eldiario.net\/portal\/wp-json\/wp\/v2\/tags?post=218300"}],"curies":[{"name":"wp","href":"https:\/\/api.w.org\/{rel}","templated":true}]}}