{"id":218257,"date":"2024-05-03T07:33:44","date_gmt":"2024-05-03T11:33:44","guid":{"rendered":"https:\/\/www.eldiario.net\/portal\/?p=218257"},"modified":"2024-05-03T07:33:44","modified_gmt":"2024-05-03T11:33:44","slug":"futsal-morales-moralitos-ya-conoce-a-sus-rivales-en-la-copa","status":"publish","type":"post","link":"https:\/\/www.eldiario.net\/portal\/2024\/05\/03\/futsal-morales-moralitos-ya-conoce-a-sus-rivales-en-la-copa\/","title":{"rendered":"Futsal: Morales Moralitos ya conoce a sus rivales en la Copa"},"content":{"rendered":"<p>El club orure\u00f1o Fantasmas de Morales Moralitos, bicampe\u00f3n de la Liga Nacional de Futsal, ya conoce a los rivales que tendr\u00e1 en la Copa Libertadores de Am\u00e9rica que se disputar\u00e1 en Buenos Aires (Argentina) del 19 al 26 de mayo. Se encuentra en el grupo B con el argentino San Lorenzo, el peruano Panta Walon y el colombiano Independiente de Barranquilla.<br \/>\nAyer jueves, al mediod\u00eda se llev\u00f3 adelante el sorteo de la ronda de grupos entre 12 clubes que competir\u00e1n por el t\u00edtulo continental.<br \/>\nLas otras dos series est\u00e1n integradas de la siguiente manera: En el A figuran el brasile\u00f1o Cascavel (vigente campe\u00f3n), el venezolano Centauros, el paraguayo Cerro Porte\u00f1o y el argentino Barracas Central; mientras que en el C est\u00e1n, el brasile\u00f1o Magnus Futsal, el ecuatoriano SS Bocca, el uruguayo Pe\u00f1arol y el chileno Santiago Wanderers.<br \/>\nRIVALES COMPLICADOS<br \/>\nEl entrenador Nelson Pimentel hizo un an\u00e1lisis de los contrincantes que les tocaron, pero considera que se puede pasar de ronda, algo que hasta ahora ning\u00fan club boliviano logr\u00f3 hacer en el actual formato de la Libertadores masculina.<br \/>\n\u00abTodos los rivales son complicados. Ahora nos toc\u00f3 equipos de Argentina, Per\u00fa y Colombia. El equipo de Per\u00fa es bueno porque lleg\u00f3 a los cuartos de final, tiene muchos refuerzos brasile\u00f1os, de Argentina, es complicada la situaci\u00f3n\u00bb, dijo Pimentel.<br \/>\nAgreg\u00f3 que: \u00abestamos viendo videos de San Lorenzo, Panta Walon que ya conocemos , Barranquilla es un nuevo equipo, pero ya conocemos a algunos jugadores\u00bb. El DT y los salonistas de Morales Moralitos tienen el objetivo de pasar a la siguiente ronda.<\/p>\n<p><em><strong>FBF<\/strong><\/em><\/p>\n","protected":false},"excerpt":{"rendered":"<p>El club orure\u00f1o Fantasmas de Morales Moralitos, bicampe\u00f3n de la Liga Nacional de Futsal, ya conoce a los rivales que tendr\u00e1 en la Copa Libertadores de Am\u00e9rica que se disputar\u00e1 en Buenos Aires (Argentina) del 19 al 26 de mayo. Se encuentra en el grupo B con el argentino San Lorenzo, el peruano Panta Walon [&hellip;]<\/p>\n","protected":false},"author":1,"featured_media":218258,"comment_status":"open","ping_status":"open","sticky":false,"template":"","format":"standard","meta":{"_acf_changed":false,"footnotes":""},"categories":[6],"tags":[],"class_list":["post-218257","post","type-post","status-publish","format-standard","has-post-thumbnail","category-deportes"],"acf":{"antetitulo":""},"yoast_head":"<!-- This site is optimized with the Yoast SEO plugin v28.3 - https:\/\/yoast.com\/product\/yoast-seo-wordpress\/ -->\n<title>Futsal: Morales Moralitos ya conoce a sus rivales en la Copa - El Diario - Bolivia<\/title>\n<meta name=\"robots\" content=\"index, follow, max-snippet:-1, max-image-preview:large, max-video-preview:-1\" \/>\n<link rel=\"canonical\" href=\"https:\/\/www.eldiario.net\/portal\/2024\/05\/03\/futsal-morales-moralitos-ya-conoce-a-sus-rivales-en-la-copa\/\" \/>\n<meta property=\"og:locale\" content=\"es_ES\" \/>\n<meta property=\"og:type\" content=\"article\" \/>\n<meta property=\"og:title\" content=\"Futsal: Morales Moralitos ya conoce a sus rivales en la Copa - El Diario - Bolivia\" \/>\n<meta property=\"og:description\" content=\"El club orure\u00f1o Fantasmas de Morales Moralitos, bicampe\u00f3n de la Liga Nacional de Futsal, ya conoce a los rivales que tendr\u00e1 en la Copa Libertadores de Am\u00e9rica que se disputar\u00e1 en Buenos Aires (Argentina) del 19 al 26 de mayo. Se encuentra en el grupo B con el argentino San Lorenzo, el peruano Panta Walon [&hellip;]\" \/>\n<meta property=\"og:url\" content=\"https:\/\/www.eldiario.net\/portal\/2024\/05\/03\/futsal-morales-moralitos-ya-conoce-a-sus-rivales-en-la-copa\/\" \/>\n<meta property=\"og:site_name\" content=\"El Diario - Bolivia\" \/>\n<meta property=\"article:publisher\" content=\"https:\/\/www.facebook.com\/eldiario.bolivia\/\" \/>\n<meta property=\"article:published_time\" content=\"2024-05-03T11:33:44+00:00\" \/>\n<meta property=\"og:image\" content=\"https:\/\/www.eldiario.net\/portal\/wp-content\/uploads\/2024\/05\/FOTO-74.jpg\" \/>\n\t<meta property=\"og:image:width\" content=\"715\" \/>\n\t<meta property=\"og:image:height\" content=\"459\" \/>\n\t<meta property=\"og:image:type\" content=\"image\/jpeg\" \/>\n<meta name=\"author\" content=\"Jeanette\" \/>\n<meta name=\"twitter:card\" content=\"summary_large_image\" \/>\n<meta name=\"twitter:creator\" content=\"@eldiario_net\" \/>\n<meta name=\"twitter:site\" content=\"@eldiario_net\" \/>\n<meta name=\"twitter:label1\" content=\"Escrito por\" \/>\n\t<meta name=\"twitter:data1\" content=\"Jeanette\" \/>\n\t<meta name=\"twitter:label2\" content=\"Tiempo de lectura\" \/>\n\t<meta name=\"twitter:data2\" content=\"2 minutos\" \/>\n<script type=\"application\/ld+json\" class=\"yoast-schema-graph\">{\"@context\":\"https:\\\/\\\/schema.org\",\"@graph\":[{\"@type\":\"Article\",\"@id\":\"https:\\\/\\\/www.eldiario.net\\\/portal\\\/2024\\\/05\\\/03\\\/futsal-morales-moralitos-ya-conoce-a-sus-rivales-en-la-copa\\\/#article\",\"isPartOf\":{\"@id\":\"https:\\\/\\\/www.eldiario.net\\\/portal\\\/2024\\\/05\\\/03\\\/futsal-morales-moralitos-ya-conoce-a-sus-rivales-en-la-copa\\\/\"},\"author\":{\"name\":\"Jeanette\",\"@id\":\"https:\\\/\\\/www.eldiario.net\\\/portal\\\/#\\\/schema\\\/person\\\/f46445640444750d7d753ccd04ae01b7\"},\"headline\":\"Futsal: Morales Moralitos ya conoce a sus rivales en la Copa\",\"datePublished\":\"2024-05-03T11:33:44+00:00\",\"mainEntityOfPage\":{\"@id\":\"https:\\\/\\\/www.eldiario.net\\\/portal\\\/2024\\\/05\\\/03\\\/futsal-morales-moralitos-ya-conoce-a-sus-rivales-en-la-copa\\\/\"},\"wordCount\":283,\"commentCount\":0,\"publisher\":{\"@id\":\"https:\\\/\\\/www.eldiario.net\\\/portal\\\/#organization\"},\"image\":{\"@id\":\"https:\\\/\\\/www.eldiario.net\\\/portal\\\/2024\\\/05\\\/03\\\/futsal-morales-moralitos-ya-conoce-a-sus-rivales-en-la-copa\\\/#primaryimage\"},\"thumbnailUrl\":\"https:\\\/\\\/www.eldiario.net\\\/portal\\\/wp-content\\\/uploads\\\/2024\\\/05\\\/FOTO-74.jpg\",\"articleSection\":[\"Deportes\"],\"inLanguage\":\"es\",\"potentialAction\":[{\"@type\":\"CommentAction\",\"name\":\"Comment\",\"target\":[\"https:\\\/\\\/www.eldiario.net\\\/portal\\\/2024\\\/05\\\/03\\\/futsal-morales-moralitos-ya-conoce-a-sus-rivales-en-la-copa\\\/#respond\"]}]},{\"@type\":\"WebPage\",\"@id\":\"https:\\\/\\\/www.eldiario.net\\\/portal\\\/2024\\\/05\\\/03\\\/futsal-morales-moralitos-ya-conoce-a-sus-rivales-en-la-copa\\\/\",\"url\":\"https:\\\/\\\/www.eldiario.net\\\/portal\\\/2024\\\/05\\\/03\\\/futsal-morales-moralitos-ya-conoce-a-sus-rivales-en-la-copa\\\/\",\"name\":\"Futsal: Morales Moralitos ya conoce a sus rivales en la Copa - El Diario - Bolivia\",\"isPartOf\":{\"@id\":\"https:\\\/\\\/www.eldiario.net\\\/portal\\\/#website\"},\"primaryImageOfPage\":{\"@id\":\"https:\\\/\\\/www.eldiario.net\\\/portal\\\/2024\\\/05\\\/03\\\/futsal-morales-moralitos-ya-conoce-a-sus-rivales-en-la-copa\\\/#primaryimage\"},\"image\":{\"@id\":\"https:\\\/\\\/www.eldiario.net\\\/portal\\\/2024\\\/05\\\/03\\\/futsal-morales-moralitos-ya-conoce-a-sus-rivales-en-la-copa\\\/#primaryimage\"},\"thumbnailUrl\":\"https:\\\/\\\/www.eldiario.net\\\/portal\\\/wp-content\\\/uploads\\\/2024\\\/05\\\/FOTO-74.jpg\",\"datePublished\":\"2024-05-03T11:33:44+00:00\",\"breadcrumb\":{\"@id\":\"https:\\\/\\\/www.eldiario.net\\\/portal\\\/2024\\\/05\\\/03\\\/futsal-morales-moralitos-ya-conoce-a-sus-rivales-en-la-copa\\\/#breadcrumb\"},\"inLanguage\":\"es\",\"potentialAction\":[{\"@type\":\"ReadAction\",\"target\":[\"https:\\\/\\\/www.eldiario.net\\\/portal\\\/2024\\\/05\\\/03\\\/futsal-morales-moralitos-ya-conoce-a-sus-rivales-en-la-copa\\\/\"]}]},{\"@type\":\"ImageObject\",\"inLanguage\":\"es\",\"@id\":\"https:\\\/\\\/www.eldiario.net\\\/portal\\\/2024\\\/05\\\/03\\\/futsal-morales-moralitos-ya-conoce-a-sus-rivales-en-la-copa\\\/#primaryimage\",\"url\":\"https:\\\/\\\/www.eldiario.net\\\/portal\\\/wp-content\\\/uploads\\\/2024\\\/05\\\/FOTO-74.jpg\",\"contentUrl\":\"https:\\\/\\\/www.eldiario.net\\\/portal\\\/wp-content\\\/uploads\\\/2024\\\/05\\\/FOTO-74.jpg\",\"width\":715,\"height\":459},{\"@type\":\"BreadcrumbList\",\"@id\":\"https:\\\/\\\/www.eldiario.net\\\/portal\\\/2024\\\/05\\\/03\\\/futsal-morales-moralitos-ya-conoce-a-sus-rivales-en-la-copa\\\/#breadcrumb\",\"itemListElement\":[{\"@type\":\"ListItem\",\"position\":1,\"name\":\"Portada\",\"item\":\"https:\\\/\\\/www.eldiario.net\\\/portal\\\/\"},{\"@type\":\"ListItem\",\"position\":2,\"name\":\"Futsal: Morales Moralitos ya conoce a sus rivales en la Copa\"}]},{\"@type\":\"WebSite\",\"@id\":\"https:\\\/\\\/www.eldiario.net\\\/portal\\\/#website\",\"url\":\"https:\\\/\\\/www.eldiario.net\\\/portal\\\/\",\"name\":\"El Diario - Decano de la prensa nacional\",\"description\":\"El Diario - Decano de la prensa nacional\",\"publisher\":{\"@id\":\"https:\\\/\\\/www.eldiario.net\\\/portal\\\/#organization\"},\"potentialAction\":[{\"@type\":\"SearchAction\",\"target\":{\"@type\":\"EntryPoint\",\"urlTemplate\":\"https:\\\/\\\/www.eldiario.net\\\/portal\\\/?s={search_term_string}\"},\"query-input\":{\"@type\":\"PropertyValueSpecification\",\"valueRequired\":true,\"valueName\":\"search_term_string\"}}],\"inLanguage\":\"es\"},{\"@type\":\"Organization\",\"@id\":\"https:\\\/\\\/www.eldiario.net\\\/portal\\\/#organization\",\"name\":\"El Diario - Decano de la prensa nacional\",\"url\":\"https:\\\/\\\/www.eldiario.net\\\/portal\\\/\",\"logo\":{\"@type\":\"ImageObject\",\"inLanguage\":\"es\",\"@id\":\"https:\\\/\\\/www.eldiario.net\\\/portal\\\/#\\\/schema\\\/logo\\\/image\\\/\",\"url\":\"https:\\\/\\\/www.eldiario.net\\\/portal\\\/wp-content\\\/uploads\\\/2023\\\/07\\\/logo_ED.jpg\",\"contentUrl\":\"https:\\\/\\\/www.eldiario.net\\\/portal\\\/wp-content\\\/uploads\\\/2023\\\/07\\\/logo_ED.jpg\",\"width\":272,\"height\":52,\"caption\":\"El Diario - Decano de la prensa nacional\"},\"image\":{\"@id\":\"https:\\\/\\\/www.eldiario.net\\\/portal\\\/#\\\/schema\\\/logo\\\/image\\\/\"},\"sameAs\":[\"https:\\\/\\\/www.facebook.com\\\/eldiario.bolivia\\\/\",\"https:\\\/\\\/x.com\\\/eldiario_net\"]},{\"@type\":\"Person\",\"@id\":\"https:\\\/\\\/www.eldiario.net\\\/portal\\\/#\\\/schema\\\/person\\\/f46445640444750d7d753ccd04ae01b7\",\"name\":\"Jeanette\",\"image\":{\"@type\":\"ImageObject\",\"inLanguage\":\"es\",\"@id\":\"https:\\\/\\\/secure.gravatar.com\\\/avatar\\\/3ea2118a5f7dad2b7138b1187a6b7ee55f160b9968b66013c3a3ef39dd7e5798?s=96&d=mm&r=g\",\"url\":\"https:\\\/\\\/secure.gravatar.com\\\/avatar\\\/3ea2118a5f7dad2b7138b1187a6b7ee55f160b9968b66013c3a3ef39dd7e5798?s=96&d=mm&r=g\",\"contentUrl\":\"https:\\\/\\\/secure.gravatar.com\\\/avatar\\\/3ea2118a5f7dad2b7138b1187a6b7ee55f160b9968b66013c3a3ef39dd7e5798?s=96&d=mm&r=g\",\"caption\":\"Jeanette\"},\"sameAs\":[\"https:\\\/\\\/www.eldiario.net\\\/portal\"],\"url\":\"https:\\\/\\\/www.eldiario.net\\\/portal\\\/author\\\/jeanette\\\/\"}]}<\/script>\n<!-- \/ Yoast SEO plugin. -->","yoast_head_json":{"title":"Futsal: Morales Moralitos ya conoce a sus rivales en la Copa - El Diario - Bolivia","robots":{"index":"index","follow":"follow","max-snippet":"max-snippet:-1","max-image-preview":"max-image-preview:large","max-video-preview":"max-video-preview:-1"},"canonical":"https:\/\/www.eldiario.net\/portal\/2024\/05\/03\/futsal-morales-moralitos-ya-conoce-a-sus-rivales-en-la-copa\/","og_locale":"es_ES","og_type":"article","og_title":"Futsal: Morales Moralitos ya conoce a sus rivales en la Copa - El Diario - Bolivia","og_description":"El club orure\u00f1o Fantasmas de Morales Moralitos, bicampe\u00f3n de la Liga Nacional de Futsal, ya conoce a los rivales que tendr\u00e1 en la Copa Libertadores de Am\u00e9rica que se disputar\u00e1 en Buenos Aires (Argentina) del 19 al 26 de mayo. Se encuentra en el grupo B con el argentino San Lorenzo, el peruano Panta Walon [&hellip;]","og_url":"https:\/\/www.eldiario.net\/portal\/2024\/05\/03\/futsal-morales-moralitos-ya-conoce-a-sus-rivales-en-la-copa\/","og_site_name":"El Diario - Bolivia","article_publisher":"https:\/\/www.facebook.com\/eldiario.bolivia\/","article_published_time":"2024-05-03T11:33:44+00:00","og_image":[{"width":715,"height":459,"url":"https:\/\/www.eldiario.net\/portal\/wp-content\/uploads\/2024\/05\/FOTO-74.jpg","type":"image\/jpeg"}],"author":"Jeanette","twitter_card":"summary_large_image","twitter_creator":"@eldiario_net","twitter_site":"@eldiario_net","twitter_misc":{"Escrito por":"Jeanette","Tiempo de lectura":"2 minutos"},"schema":{"@context":"https:\/\/schema.org","@graph":[{"@type":"Article","@id":"https:\/\/www.eldiario.net\/portal\/2024\/05\/03\/futsal-morales-moralitos-ya-conoce-a-sus-rivales-en-la-copa\/#article","isPartOf":{"@id":"https:\/\/www.eldiario.net\/portal\/2024\/05\/03\/futsal-morales-moralitos-ya-conoce-a-sus-rivales-en-la-copa\/"},"author":{"name":"Jeanette","@id":"https:\/\/www.eldiario.net\/portal\/#\/schema\/person\/f46445640444750d7d753ccd04ae01b7"},"headline":"Futsal: Morales Moralitos ya conoce a sus rivales en la Copa","datePublished":"2024-05-03T11:33:44+00:00","mainEntityOfPage":{"@id":"https:\/\/www.eldiario.net\/portal\/2024\/05\/03\/futsal-morales-moralitos-ya-conoce-a-sus-rivales-en-la-copa\/"},"wordCount":283,"commentCount":0,"publisher":{"@id":"https:\/\/www.eldiario.net\/portal\/#organization"},"image":{"@id":"https:\/\/www.eldiario.net\/portal\/2024\/05\/03\/futsal-morales-moralitos-ya-conoce-a-sus-rivales-en-la-copa\/#primaryimage"},"thumbnailUrl":"https:\/\/www.eldiario.net\/portal\/wp-content\/uploads\/2024\/05\/FOTO-74.jpg","articleSection":["Deportes"],"inLanguage":"es","potentialAction":[{"@type":"CommentAction","name":"Comment","target":["https:\/\/www.eldiario.net\/portal\/2024\/05\/03\/futsal-morales-moralitos-ya-conoce-a-sus-rivales-en-la-copa\/#respond"]}]},{"@type":"WebPage","@id":"https:\/\/www.eldiario.net\/portal\/2024\/05\/03\/futsal-morales-moralitos-ya-conoce-a-sus-rivales-en-la-copa\/","url":"https:\/\/www.eldiario.net\/portal\/2024\/05\/03\/futsal-morales-moralitos-ya-conoce-a-sus-rivales-en-la-copa\/","name":"Futsal: Morales Moralitos ya conoce a sus rivales en la Copa - El Diario - Bolivia","isPartOf":{"@id":"https:\/\/www.eldiario.net\/portal\/#website"},"primaryImageOfPage":{"@id":"https:\/\/www.eldiario.net\/portal\/2024\/05\/03\/futsal-morales-moralitos-ya-conoce-a-sus-rivales-en-la-copa\/#primaryimage"},"image":{"@id":"https:\/\/www.eldiario.net\/portal\/2024\/05\/03\/futsal-morales-moralitos-ya-conoce-a-sus-rivales-en-la-copa\/#primaryimage"},"thumbnailUrl":"https:\/\/www.eldiario.net\/portal\/wp-content\/uploads\/2024\/05\/FOTO-74.jpg","datePublished":"2024-05-03T11:33:44+00:00","breadcrumb":{"@id":"https:\/\/www.eldiario.net\/portal\/2024\/05\/03\/futsal-morales-moralitos-ya-conoce-a-sus-rivales-en-la-copa\/#breadcrumb"},"inLanguage":"es","potentialAction":[{"@type":"ReadAction","target":["https:\/\/www.eldiario.net\/portal\/2024\/05\/03\/futsal-morales-moralitos-ya-conoce-a-sus-rivales-en-la-copa\/"]}]},{"@type":"ImageObject","inLanguage":"es","@id":"https:\/\/www.eldiario.net\/portal\/2024\/05\/03\/futsal-morales-moralitos-ya-conoce-a-sus-rivales-en-la-copa\/#primaryimage","url":"https:\/\/www.eldiario.net\/portal\/wp-content\/uploads\/2024\/05\/FOTO-74.jpg","contentUrl":"https:\/\/www.eldiario.net\/portal\/wp-content\/uploads\/2024\/05\/FOTO-74.jpg","width":715,"height":459},{"@type":"BreadcrumbList","@id":"https:\/\/www.eldiario.net\/portal\/2024\/05\/03\/futsal-morales-moralitos-ya-conoce-a-sus-rivales-en-la-copa\/#breadcrumb","itemListElement":[{"@type":"ListItem","position":1,"name":"Portada","item":"https:\/\/www.eldiario.net\/portal\/"},{"@type":"ListItem","position":2,"name":"Futsal: Morales Moralitos ya conoce a sus rivales en la Copa"}]},{"@type":"WebSite","@id":"https:\/\/www.eldiario.net\/portal\/#website","url":"https:\/\/www.eldiario.net\/portal\/","name":"El Diario - Decano de la prensa nacional","description":"El Diario - Decano de la prensa nacional","publisher":{"@id":"https:\/\/www.eldiario.net\/portal\/#organization"},"potentialAction":[{"@type":"SearchAction","target":{"@type":"EntryPoint","urlTemplate":"https:\/\/www.eldiario.net\/portal\/?s={search_term_string}"},"query-input":{"@type":"PropertyValueSpecification","valueRequired":true,"valueName":"search_term_string"}}],"inLanguage":"es"},{"@type":"Organization","@id":"https:\/\/www.eldiario.net\/portal\/#organization","name":"El Diario - Decano de la prensa nacional","url":"https:\/\/www.eldiario.net\/portal\/","logo":{"@type":"ImageObject","inLanguage":"es","@id":"https:\/\/www.eldiario.net\/portal\/#\/schema\/logo\/image\/","url":"https:\/\/www.eldiario.net\/portal\/wp-content\/uploads\/2023\/07\/logo_ED.jpg","contentUrl":"https:\/\/www.eldiario.net\/portal\/wp-content\/uploads\/2023\/07\/logo_ED.jpg","width":272,"height":52,"caption":"El Diario - Decano de la prensa nacional"},"image":{"@id":"https:\/\/www.eldiario.net\/portal\/#\/schema\/logo\/image\/"},"sameAs":["https:\/\/www.facebook.com\/eldiario.bolivia\/","https:\/\/x.com\/eldiario_net"]},{"@type":"Person","@id":"https:\/\/www.eldiario.net\/portal\/#\/schema\/person\/f46445640444750d7d753ccd04ae01b7","name":"Jeanette","image":{"@type":"ImageObject","inLanguage":"es","@id":"https:\/\/secure.gravatar.com\/avatar\/3ea2118a5f7dad2b7138b1187a6b7ee55f160b9968b66013c3a3ef39dd7e5798?s=96&d=mm&r=g","url":"https:\/\/secure.gravatar.com\/avatar\/3ea2118a5f7dad2b7138b1187a6b7ee55f160b9968b66013c3a3ef39dd7e5798?s=96&d=mm&r=g","contentUrl":"https:\/\/secure.gravatar.com\/avatar\/3ea2118a5f7dad2b7138b1187a6b7ee55f160b9968b66013c3a3ef39dd7e5798?s=96&d=mm&r=g","caption":"Jeanette"},"sameAs":["https:\/\/www.eldiario.net\/portal"],"url":"https:\/\/www.eldiario.net\/portal\/author\/jeanette\/"}]}},"_links":{"self":[{"href":"https:\/\/www.eldiario.net\/portal\/wp-json\/wp\/v2\/posts\/218257","targetHints":{"allow":["GET"]}}],"collection":[{"href":"https:\/\/www.eldiario.net\/portal\/wp-json\/wp\/v2\/posts"}],"about":[{"href":"https:\/\/www.eldiario.net\/portal\/wp-json\/wp\/v2\/types\/post"}],"author":[{"embeddable":true,"href":"https:\/\/www.eldiario.net\/portal\/wp-json\/wp\/v2\/users\/1"}],"replies":[{"embeddable":true,"href":"https:\/\/www.eldiario.net\/portal\/wp-json\/wp\/v2\/comments?post=218257"}],"version-history":[{"count":1,"href":"https:\/\/www.eldiario.net\/portal\/wp-json\/wp\/v2\/posts\/218257\/revisions"}],"predecessor-version":[{"id":218259,"href":"https:\/\/www.eldiario.net\/portal\/wp-json\/wp\/v2\/posts\/218257\/revisions\/218259"}],"wp:featuredmedia":[{"embeddable":true,"href":"https:\/\/www.eldiario.net\/portal\/wp-json\/wp\/v2\/media\/218258"}],"wp:attachment":[{"href":"https:\/\/www.eldiario.net\/portal\/wp-json\/wp\/v2\/media?parent=218257"}],"wp:term":[{"taxonomy":"category","embeddable":true,"href":"https:\/\/www.eldiario.net\/portal\/wp-json\/wp\/v2\/categories?post=218257"},{"taxonomy":"post_tag","embeddable":true,"href":"https:\/\/www.eldiario.net\/portal\/wp-json\/wp\/v2\/tags?post=218257"}],"curies":[{"name":"wp","href":"https:\/\/api.w.org\/{rel}","templated":true}]}}