{"id":218240,"date":"2024-05-03T07:30:33","date_gmt":"2024-05-03T11:30:33","guid":{"rendered":"https:\/\/www.eldiario.net\/portal\/?p=218240"},"modified":"2024-05-03T07:30:33","modified_gmt":"2024-05-03T11:30:33","slug":"german-gabriela-y-claudia-ahora-en-la-zona-sur-de-la-paz","status":"publish","type":"post","link":"https:\/\/www.eldiario.net\/portal\/2024\/05\/03\/german-gabriela-y-claudia-ahora-en-la-zona-sur-de-la-paz\/","title":{"rendered":"Germ\u00e1n, Gabriela y Claudia ahora en la zona sur de La Paz"},"content":{"rendered":"<p>\u201cCuando deje de doler\u201d, la obra m\u00e1s aclamada en todo el pa\u00eds, vuelve a escena en La Paz de la mano del elenco teatral El Manual de la Mala Conducta. As\u00ed es. El p\u00fablico pace\u00f1o que no la vio en cinco a\u00f1os de exitosas temporadas, ahora lo podr\u00e1 hacer el 9 y 10 de mayo en la zona sur de la sede de Gobierno, en el Espacio K\u00fau Inti del Bosque Bouluverd, ubicado en la calle 15 de Calacoto. Ser\u00e1n dos noches de cena show y humor conyugal con la comedia de Iv\u00e1n Cornejo y Paola Belmonte, quienes dan vida a Germ\u00e1n y Gabriela, la pareja que arrasa en las tablas y redes sociales.<\/p>\n<p>Una semana despu\u00e9s, el 16 y 17 de mayo, el turno ser\u00e1 de \u201cTe amo, pero no te soporto\u201d, la nueva propuesta humor\u00edstica de El Manuel de la Mala Conducta, que protagonizan Iv\u00e1n Cornejo, Estefan\u00eda \u201cChimo\u201d Salas y Paola Belmonte, quienes conversaron con La Gu\u00eda y esto fue lo que nos dijeron.<\/p>\n<p><strong>LG: Iv\u00e1n, \u00bfc\u00f3mo se est\u00e1 recibiendo en el pa\u00eds esta nueva propuesta teatral?<\/strong><\/p>\n<p>I: A decir de la taquilla, est\u00e1 muy bien. Seguimos llenando teatros en todo el pa\u00eds. Los comentarios de la gente son muy halagadores y todo, pero esta nueva comedia tiene que pasar todav\u00eda un par de pruebas para decir que estamos superando o, cuando menos, igualando lo que la anterior (\u201c<em>Cuando deje de doler\u201d<\/em>) gener\u00f3 en el p\u00fablico. Esas pruebas son: dar la vuelta al pa\u00eds tres veces volteando taquilla y quiz\u00e1s llenar teatros internacionales un par de veces, pero creo que por ese camino va.<\/p>\n<p><strong>LG: Esta obra la estrenaste en USA, solo con Paola Belmonte y luego incorporaste a Chimo Salas, \u00bfsentiste que algo le faltaba? <\/strong><\/p>\n<p>I: En realidad esta comedia naci\u00f3 como una propuesta alternativa para tener un espect\u00e1culo que se pueda presentar en escenarios que no sean teatros propiamente dichos, por eso tiene mucho \u201cstand Up\u201d y se interact\u00faa mucho con el p\u00fablico y viendo el \u00e9xito que tuvo, vimos que pod\u00eda ser nuestra nueva propuesta teatral para girarla en el pa\u00eds, un par de veces cuando menos. Es as\u00ed que para potenciarla pensamos en incorporar a alguien m\u00e1s y ese alguien era naturalmente la gran Chimo Salas, y para eso tuve que re escribir la obra y el resultado fue muy bueno. Recuerdo que Chimo muy de acuerdo no estaba por el papel que le tocaba como amante.<\/p>\n<p><strong>LG: \u00bfPor qu\u00e9 no le gustaba?<\/strong><\/p>\n<p>I: Porque pens\u00f3 que la gente la silbar\u00eda por meterse como la tercera en discordia en una pareja muy establecida en las redes. Pero seg\u00fan los c\u00e1lculos que hice, apuntaban que suceder\u00eda lo contrario y as\u00ed fue, porque ahora es la \u201camante\u201d m\u00e1s querida y no por otra cosa que por lo original, atrevida, divertida y jugando su propio juego. Recuerdo que, en la primera funci\u00f3n con ella, la gente le gritaba \u00a1\u00eddola! Y eran las propias mujeres, lo que nos sorprendi\u00f3, porque yo esperaba que la acepten, (pero) jam\u00e1s esper\u00e9 que la quisieran como la quieren nuestros fans y eso hasta benefici\u00f3 la imagen del personaje Gabriela.<\/p>\n<p><strong>LG: \u00bfC\u00f3mo la benefici\u00f3?<\/strong><\/p>\n<p>I: Los comentarios para \u201cGabriela\u201d (Paola) antes de la aparici\u00f3n de Claudia (Chimo) eran casi siempre desaprobando su celotipia, su inseguridad, desaprobaban su car\u00e1cter controlador hacia Germ\u00e1n. La miraban incluso como maltratadora, aunque se sab\u00eda que Germ\u00e1n le estaba siendo infiel. Nos pregunt\u00e1bamos por qu\u00e9 no eran un poco emp\u00e1ticos con ella, pero cuando le pusimos rostro a esa infidelidad (Claudia), las cosas cambiaron r\u00e1pidamente. La gente ya analizaba mejor por qu\u00e9 Gabriela es como es, y el villano pas\u00f3 a ser Germ\u00e1n y un hombre de villano es m\u00e1s manejable.<\/p>\n<p><strong>LG: \u00bfEl teatro es ahora tu principal actividad profesional?<\/strong><\/p>\n<p>I: Hoy creo que s\u00ed, porque le dedico mucho tiempo al teatro y a los personajes teatrales en redes, lo que no significa que deje de disfrutar la radio, que ocupa un lugar muy importante en mi vida profesional. Lo que pasa es que el teatro demanda tiempo por los viajes y la parte creativa de los videos para promocionar nuestras funciones. Estamos los tres (Pao, Chimo y mi persona) mucho tiempo juntos, m\u00e1s tiempo del que quisi\u00e9ramos, pero as\u00ed es el juego. Llegar no es tan dif\u00edcil, como mantenerse ah\u00ed arriba y requiere mucho trabajo. Menos mal que es un trabajo divertido, en caso contrario ya hubi\u00e9ramos botado la toalla.<\/p>\n<p><strong>LG: \u00bfTienen alguna ciudad favorita por la reacci\u00f3n del p\u00fablico? <\/strong><\/p>\n<p>I: En realidad no, pero s\u00ed ser\u00eda por comodidad obviamente La Paz, porque despu\u00e9s de cada funci\u00f3n podemos ir a casa con nuestras familias y eso no tiene precio. En cambio, en otra ciudad, aunque la noche y el p\u00fablico fueron espectaculares y disfrutamos mucho del cari\u00f1o de la gente, dormir lejos de los tuyos marca la diferencia. Para nosotros todos los p\u00fablicos del pa\u00eds son muy lindos de disfrutar.<\/p>\n<p><strong>LG: \u00bfCrees que son el elenco teatral que ha triunfado en todo el pa\u00eds? <\/strong><\/p>\n<p>I: Nos gusta pensar que s\u00ed. Hemos actuado en los 9 departamentos de Bolivia y eso es algo que pocos elencos pueden decir.<\/p>\n<p><strong>LG: Ahora se presentan en la zona sur de La Paz, \u00bfcrees que es otro p\u00fablico a conquistar? <\/strong><\/p>\n<p>I: Quiz\u00e1s sea un p\u00fablico socioecon\u00f3micamente distinto, pero en lo que respecta a los problemas de pareja, que es de lo que hablan nuestras comedias, no son distintos, porque con marraqueta o pastel, la infidelidad duele igual y, de hecho, ya hemos actuado en Calacoto varias veces, en el espacio Nuna.<\/p>\n<p><strong>LG: \u00bfVuelves a presentar tu exitosa \u201cCuando deje de doler\u201d?<\/strong><\/p>\n<p>I: S\u00ed, creemos que es necesario presentarla en este nuevo espacio para prepararla y ponerla a punto, porque es la propuesta que llevaremos a Sao Paulo, Brasil este 30 y 31 de mayo y qu\u00e9 mejor que hacerlo ante el p\u00fablico sure\u00f1o. Esperamos que la gente venga a vernos y disfrute de nuestras propuestas teatrales.<\/p>\n<p>(La venta de entradas se realiza en: new.todotix.com y la p\u00e1gina www.elmanualdelamalaconducta.com)<\/p>\n<p><strong>ESTAFAN\u00cdA CHIMO SALAS <\/strong><\/p>\n<p><strong>\u00a0<\/strong><strong>LG: \u00bfFue dif\u00edcil volver a actuar despu\u00e9s de tu ACV?<\/strong><\/p>\n<p>CH: Yo no dir\u00eda dif\u00edcil&#8230; Fue una bendici\u00f3n volver a actuar despu\u00e9s de toda la pesadilla que pas\u00e9 por el ACV. Fue un reto para m\u00ed volver a leer, memorizar un libreto, volver a confiar en mi mente y capacidad de transmitir con mi cuerpo, despu\u00e9s de haber tenido la mitad de mi cuerpo paralizado. Fue un reto y estoy orgullosa de m\u00ed porque solo una sabe el dolor y lucha que tuviste que hacer o pasar para estar donde est\u00e1s. Nada hay imposible. La mente es muy poderosa y la actitud ante la vida. Iv\u00e1n me volvi\u00f3 a dar la oportunidad de volver a hacer lo que me apasiona y conf\u00edo en m\u00ed, entonces los l\u00edmites y excusas no estaban en mi mente.<\/p>\n<p><strong>LG: \u00bfQui\u00e9n es Claudia en esta historia? <\/strong><\/p>\n<p>Ch: Claudia es una mujer empoderada, carism\u00e1tica, p\u00edcara, juguetona, a la que le encanta la adrenalina.<\/p>\n<p><strong>LG: \u00bfEs la villana de la historia?<\/strong><\/p>\n<p>CH: Todos pensar\u00edan que una amante es la villana de la historia, pero en realidad no&#8230; Vean la obra y entender\u00e1n por qu\u00e9.<\/p>\n<p><strong>PAOLA BELMONTE<\/strong><\/p>\n<p><strong>LG: \u00bfGabriela es m\u00e1s famosa que Paola hoy por hoy?<\/strong><\/p>\n<p>P: Quiz\u00e1s para las generaciones m\u00e1s j\u00f3venes; sin embargo, sin Paola no existir\u00eda Gabriela. El personaje evidentemente tiene mayor exposici\u00f3n en distintos ambientes que Paola.<\/p>\n<p><strong>LG: Por el alcance conseguido, \u00bfel teatro es ahora tu principal actividad profesional? <\/strong><\/p>\n<p>P: Es el que mayor tiempo de preparaci\u00f3n y trabajo me demanda actualmente, pero me hace feliz porque me da mucha satisfacci\u00f3n.<\/p>\n<p><strong>LG: \u00bfQu\u00e9 nuevos conflictos tiene Gabriela en esta nueva historia?<\/strong><\/p>\n<p>P: Se enfrenta a un Germ\u00e1n desconocido para ella, en dos crisis existenciales graves. No es la Gabriela t\u00f3xica que la gente conoce en redes sociales.<\/p>\n\r\n                <style type=\"text\/css\">\r\n                    \r\n                    #tdi_1  .td-doubleSlider-2 .td-item1 {\r\n                        background: url(https:\/\/www.eldiario.net\/portal\/wp-content\/uploads\/2024\/05\/1-PRINCIPAL-1-80x60.jpg) 0 0 no-repeat;\r\n                    }\r\n                    #tdi_1  .td-doubleSlider-2 .td-item2 {\r\n                        background: url(https:\/\/www.eldiario.net\/portal\/wp-content\/uploads\/2024\/05\/2-1-80x60.jpg) 0 0 no-repeat;\r\n                    }\r\n                    #tdi_1  .td-doubleSlider-2 .td-item3 {\r\n                        background: url(https:\/\/www.eldiario.net\/portal\/wp-content\/uploads\/2024\/05\/3-1-80x60.jpg) 0 0 no-repeat;\r\n                    }\r\n                    #tdi_1  .td-doubleSlider-2 .td-item4 {\r\n                        background: url(https:\/\/www.eldiario.net\/portal\/wp-content\/uploads\/2024\/05\/4-1-80x60.jpg) 0 0 no-repeat;\r\n                    }\r\n                    #tdi_1  .td-doubleSlider-2 .td-item5 {\r\n                        background: url(https:\/\/www.eldiario.net\/portal\/wp-content\/uploads\/2024\/05\/5-1-80x60.jpg) 0 0 no-repeat;\r\n                    }\r\n                    #tdi_1  .td-doubleSlider-2 .td-item6 {\r\n                        background: url(https:\/\/www.eldiario.net\/portal\/wp-content\/uploads\/2024\/05\/6-80x60.jpg) 0 0 no-repeat;\r\n                    }\r\n                    #tdi_1  .td-doubleSlider-2 .td-item7 {\r\n                        background: url(https:\/\/www.eldiario.net\/portal\/wp-content\/uploads\/2024\/05\/7-80x60.jpg) 0 0 no-repeat;\r\n                    }\r\n                <\/style>\r\n\r\n                <div id=\"tdi_1\" class=\"td-gallery td-slide-on-2-columns\">\r\n                    <div class=\"post_td_gallery\">\r\n                        <div class=\"td-gallery-slide-top\">\r\n                           <div class=\"td-gallery-title\"><\/div>\r\n\r\n                            <div class=\"td-gallery-controls-wrapper\">\r\n                                <div class=\"td-gallery-slide-count\"><span class=\"td-gallery-slide-item-focus\">1<\/span> de 7<\/div>\r\n                                <div class=\"td-gallery-slide-prev-next-but\">\r\n                                    <i class = \"td-icon-left doubleSliderPrevButton\"><\/i>\r\n                                    <i class = \"td-icon-right doubleSliderNextButton\"><\/i>\r\n                                <\/div>\r\n                            <\/div>\r\n                        <\/div>\r\n\r\n                        <div class = \"td-doubleSlider-1 \">\r\n                            <div class = \"td-slider\">\r\n                                \r\n                    <div class = \"td-slide-item td-item1\">\r\n                        <figure class=\"td-slide-galery-figure td-slide-popup-gallery\">\r\n                            <a class=\"slide-gallery-image-link\" href=\"https:\/\/www.eldiario.net\/portal\/wp-content\/uploads\/2024\/05\/1-PRINCIPAL-1-scaled.jpg\" title=\"1---PRINCIPAL\"  data-caption=\"\"  data-description=\"\">\r\n                                <img decoding=\"async\" src=\"https:\/\/www.eldiario.net\/portal\/wp-content\/uploads\/2024\/05\/1-PRINCIPAL-1-840x420.jpg\" srcset=\"https:\/\/www.eldiario.net\/portal\/wp-content\/uploads\/2024\/05\/1-PRINCIPAL-1-840x420.jpg 840w, https:\/\/www.eldiario.net\/portal\/wp-content\/uploads\/2024\/05\/1-PRINCIPAL-1-300x150.jpg 300w, https:\/\/www.eldiario.net\/portal\/wp-content\/uploads\/2024\/05\/1-PRINCIPAL-1-1024x512.jpg 1024w, https:\/\/www.eldiario.net\/portal\/wp-content\/uploads\/2024\/05\/1-PRINCIPAL-1-768x384.jpg 768w, https:\/\/www.eldiario.net\/portal\/wp-content\/uploads\/2024\/05\/1-PRINCIPAL-1-1536x768.jpg 1536w, https:\/\/www.eldiario.net\/portal\/wp-content\/uploads\/2024\/05\/1-PRINCIPAL-1-2048x1024.jpg 2048w, https:\/\/www.eldiario.net\/portal\/wp-content\/uploads\/2024\/05\/1-PRINCIPAL-1-696x348.jpg 696w, https:\/\/www.eldiario.net\/portal\/wp-content\/uploads\/2024\/05\/1-PRINCIPAL-1-1068x534.jpg 1068w, https:\/\/www.eldiario.net\/portal\/wp-content\/uploads\/2024\/05\/1-PRINCIPAL-1-1920x960.jpg 1920w\" sizes=\"(max-width: 840px) 100vw, 840px\" alt=\"\">\r\n                            <\/a>\r\n                            \r\n                        <\/figure>\r\n                    <\/div>\r\n                    <div class = \"td-slide-item td-item2\">\r\n                        <figure class=\"td-slide-galery-figure td-slide-popup-gallery\">\r\n                            <a class=\"slide-gallery-image-link\" href=\"https:\/\/www.eldiario.net\/portal\/wp-content\/uploads\/2024\/05\/2-1-scaled.jpg\" title=\"2\"  data-caption=\"\"  data-description=\"\">\r\n                                <img decoding=\"async\" src=\"https:\/\/www.eldiario.net\/portal\/wp-content\/uploads\/2024\/05\/2-1-277x420.jpg\" srcset=\"https:\/\/www.eldiario.net\/portal\/wp-content\/uploads\/2024\/05\/2-1-277x420.jpg 277w, https:\/\/www.eldiario.net\/portal\/wp-content\/uploads\/2024\/05\/2-1-198x300.jpg 198w, https:\/\/www.eldiario.net\/portal\/wp-content\/uploads\/2024\/05\/2-1-676x1024.jpg 676w, https:\/\/www.eldiario.net\/portal\/wp-content\/uploads\/2024\/05\/2-1-768x1164.jpg 768w, https:\/\/www.eldiario.net\/portal\/wp-content\/uploads\/2024\/05\/2-1-1014x1536.jpg 1014w, https:\/\/www.eldiario.net\/portal\/wp-content\/uploads\/2024\/05\/2-1-1352x2048.jpg 1352w, https:\/\/www.eldiario.net\/portal\/wp-content\/uploads\/2024\/05\/2-1-696x1055.jpg 696w, https:\/\/www.eldiario.net\/portal\/wp-content\/uploads\/2024\/05\/2-1-1068x1618.jpg 1068w, https:\/\/www.eldiario.net\/portal\/wp-content\/uploads\/2024\/05\/2-1-1920x2909.jpg 1920w, https:\/\/www.eldiario.net\/portal\/wp-content\/uploads\/2024\/05\/2-1-scaled.jpg 1690w\" sizes=\"(max-width: 277px) 100vw, 277px\" alt=\"\">\r\n                            <\/a>\r\n                            \r\n                        <\/figure>\r\n                    <\/div>\r\n                    <div class = \"td-slide-item td-item3\">\r\n                        <figure class=\"td-slide-galery-figure td-slide-popup-gallery\">\r\n                            <a class=\"slide-gallery-image-link\" href=\"https:\/\/www.eldiario.net\/portal\/wp-content\/uploads\/2024\/05\/3-1.jpg\" title=\"3\"  data-caption=\"\"  data-description=\"\">\r\n                                <img decoding=\"async\" src=\"https:\/\/www.eldiario.net\/portal\/wp-content\/uploads\/2024\/05\/3-1-630x420.jpg\" srcset=\"https:\/\/www.eldiario.net\/portal\/wp-content\/uploads\/2024\/05\/3-1-630x420.jpg 630w, https:\/\/www.eldiario.net\/portal\/wp-content\/uploads\/2024\/05\/3-1-300x200.jpg 300w, https:\/\/www.eldiario.net\/portal\/wp-content\/uploads\/2024\/05\/3-1-1024x683.jpg 1024w, https:\/\/www.eldiario.net\/portal\/wp-content\/uploads\/2024\/05\/3-1-768x512.jpg 768w, https:\/\/www.eldiario.net\/portal\/wp-content\/uploads\/2024\/05\/3-1-696x464.jpg 696w, https:\/\/www.eldiario.net\/portal\/wp-content\/uploads\/2024\/05\/3-1-1068x712.jpg 1068w, https:\/\/www.eldiario.net\/portal\/wp-content\/uploads\/2024\/05\/3-1.jpg 1329w\" sizes=\"(max-width: 630px) 100vw, 630px\" alt=\"\">\r\n                            <\/a>\r\n                            \r\n                        <\/figure>\r\n                    <\/div>\r\n                    <div class = \"td-slide-item td-item4\">\r\n                        <figure class=\"td-slide-galery-figure td-slide-popup-gallery\">\r\n                            <a class=\"slide-gallery-image-link\" href=\"https:\/\/www.eldiario.net\/portal\/wp-content\/uploads\/2024\/05\/4-1-scaled.jpg\" title=\"4\"  data-caption=\"\"  data-description=\"\">\r\n                                <img decoding=\"async\" src=\"https:\/\/www.eldiario.net\/portal\/wp-content\/uploads\/2024\/05\/4-1-280x420.jpg\" srcset=\"https:\/\/www.eldiario.net\/portal\/wp-content\/uploads\/2024\/05\/4-1-280x420.jpg 280w, https:\/\/www.eldiario.net\/portal\/wp-content\/uploads\/2024\/05\/4-1-200x300.jpg 200w, https:\/\/www.eldiario.net\/portal\/wp-content\/uploads\/2024\/05\/4-1-683x1024.jpg 683w, https:\/\/www.eldiario.net\/portal\/wp-content\/uploads\/2024\/05\/4-1-768x1152.jpg 768w, https:\/\/www.eldiario.net\/portal\/wp-content\/uploads\/2024\/05\/4-1-1024x1536.jpg 1024w, https:\/\/www.eldiario.net\/portal\/wp-content\/uploads\/2024\/05\/4-1-1365x2048.jpg 1365w, https:\/\/www.eldiario.net\/portal\/wp-content\/uploads\/2024\/05\/4-1-696x1044.jpg 696w, https:\/\/www.eldiario.net\/portal\/wp-content\/uploads\/2024\/05\/4-1-1068x1602.jpg 1068w, https:\/\/www.eldiario.net\/portal\/wp-content\/uploads\/2024\/05\/4-1-1920x2880.jpg 1920w, https:\/\/www.eldiario.net\/portal\/wp-content\/uploads\/2024\/05\/4-1-scaled.jpg 1707w\" sizes=\"(max-width: 280px) 100vw, 280px\" alt=\"\">\r\n                            <\/a>\r\n                            \r\n                        <\/figure>\r\n                    <\/div>\r\n                    <div class = \"td-slide-item td-item5\">\r\n                        <figure class=\"td-slide-galery-figure td-slide-popup-gallery\">\r\n                            <a class=\"slide-gallery-image-link\" href=\"https:\/\/www.eldiario.net\/portal\/wp-content\/uploads\/2024\/05\/5-1.jpg\" title=\"5\"  data-caption=\"\"  data-description=\"\">\r\n                                <img decoding=\"async\" src=\"https:\/\/www.eldiario.net\/portal\/wp-content\/uploads\/2024\/05\/5-1-280x420.jpg\" srcset=\"https:\/\/www.eldiario.net\/portal\/wp-content\/uploads\/2024\/05\/5-1-280x420.jpg 280w, https:\/\/www.eldiario.net\/portal\/wp-content\/uploads\/2024\/05\/5-1-200x300.jpg 200w, https:\/\/www.eldiario.net\/portal\/wp-content\/uploads\/2024\/05\/5-1.jpg 626w\" sizes=\"(max-width: 280px) 100vw, 280px\" alt=\"\">\r\n                            <\/a>\r\n                            \r\n                        <\/figure>\r\n                    <\/div>\r\n                    <div class = \"td-slide-item td-item6\">\r\n                        <figure class=\"td-slide-galery-figure td-slide-popup-gallery\">\r\n                            <a class=\"slide-gallery-image-link\" href=\"https:\/\/www.eldiario.net\/portal\/wp-content\/uploads\/2024\/05\/6.jpg\" title=\"6\"  data-caption=\"\"  data-description=\"\">\r\n                                <img decoding=\"async\" src=\"https:\/\/www.eldiario.net\/portal\/wp-content\/uploads\/2024\/05\/6-748x420.jpg\" srcset=\"https:\/\/www.eldiario.net\/portal\/wp-content\/uploads\/2024\/05\/6-748x420.jpg 748w, https:\/\/www.eldiario.net\/portal\/wp-content\/uploads\/2024\/05\/6-300x168.jpg 300w, https:\/\/www.eldiario.net\/portal\/wp-content\/uploads\/2024\/05\/6-1024x575.jpg 1024w, https:\/\/www.eldiario.net\/portal\/wp-content\/uploads\/2024\/05\/6-768x431.jpg 768w, https:\/\/www.eldiario.net\/portal\/wp-content\/uploads\/2024\/05\/6-696x391.jpg 696w, https:\/\/www.eldiario.net\/portal\/wp-content\/uploads\/2024\/05\/6-1068x599.jpg 1068w, https:\/\/www.eldiario.net\/portal\/wp-content\/uploads\/2024\/05\/6.jpg 1329w\" sizes=\"(max-width: 748px) 100vw, 748px\" alt=\"\">\r\n                            <\/a>\r\n                            \r\n                        <\/figure>\r\n                    <\/div>\r\n                    <div class = \"td-slide-item td-item7\">\r\n                        <figure class=\"td-slide-galery-figure td-slide-popup-gallery\">\r\n                            <a class=\"slide-gallery-image-link\" href=\"https:\/\/www.eldiario.net\/portal\/wp-content\/uploads\/2024\/05\/7.jpg\" title=\"7\"  data-caption=\"\"  data-description=\"\">\r\n                                <img decoding=\"async\" src=\"https:\/\/www.eldiario.net\/portal\/wp-content\/uploads\/2024\/05\/7-630x420.jpg\" srcset=\"https:\/\/www.eldiario.net\/portal\/wp-content\/uploads\/2024\/05\/7-630x420.jpg 630w, https:\/\/www.eldiario.net\/portal\/wp-content\/uploads\/2024\/05\/7-300x200.jpg 300w, https:\/\/www.eldiario.net\/portal\/wp-content\/uploads\/2024\/05\/7-1024x683.jpg 1024w, https:\/\/www.eldiario.net\/portal\/wp-content\/uploads\/2024\/05\/7-768x512.jpg 768w, https:\/\/www.eldiario.net\/portal\/wp-content\/uploads\/2024\/05\/7-696x464.jpg 696w, https:\/\/www.eldiario.net\/portal\/wp-content\/uploads\/2024\/05\/7-1068x712.jpg 1068w, https:\/\/www.eldiario.net\/portal\/wp-content\/uploads\/2024\/05\/7.jpg 1329w\" sizes=\"(max-width: 630px) 100vw, 630px\" alt=\"\">\r\n                            <\/a>\r\n                            \r\n                        <\/figure>\r\n                    <\/div>\r\n                            <\/div>\r\n                        <\/div>\r\n\r\n                        <div class = \"td-doubleSlider-2\">\r\n                            <div class = \"td-slider\">\r\n                                \r\n                    <div class = \"td-button td-item1\">\r\n                        <div class = \"td-border\"><\/div>\r\n                    <\/div>\r\n                    <div class = \"td-button td-item2\">\r\n                        <div class = \"td-border\"><\/div>\r\n                    <\/div>\r\n                    <div class = \"td-button td-item3\">\r\n                        <div class = \"td-border\"><\/div>\r\n                    <\/div>\r\n                    <div class = \"td-button td-item4\">\r\n                        <div class = \"td-border\"><\/div>\r\n                    <\/div>\r\n                    <div class = \"td-button td-item5\">\r\n                        <div class = \"td-border\"><\/div>\r\n                    <\/div>\r\n                    <div class = \"td-button td-item6\">\r\n                        <div class = \"td-border\"><\/div>\r\n                    <\/div>\r\n                    <div class = \"td-button td-item7\">\r\n                        <div class = \"td-border\"><\/div>\r\n                    <\/div>\r\n                            <\/div>\r\n                        <\/div>\r\n\r\n                    <\/div>\r\n\r\n                <\/div>\r\n                \n","protected":false},"excerpt":{"rendered":"<p>\u201cCuando deje de doler\u201d, la obra m\u00e1s aclamada en todo el pa\u00eds, vuelve a escena en La Paz de la mano del elenco teatral El Manual de la Mala Conducta. As\u00ed es. El p\u00fablico pace\u00f1o que no la vio en cinco a\u00f1os de exitosas temporadas, ahora lo podr\u00e1 hacer el 9 y 10 de mayo [&hellip;]<\/p>\n","protected":false},"author":1,"featured_media":218241,"comment_status":"open","ping_status":"open","sticky":false,"template":"","format":"standard","meta":{"_acf_changed":false,"footnotes":""},"categories":[41],"tags":[],"class_list":["post-218240","post","type-post","status-publish","format-standard","has-post-thumbnail","category-la-guia"],"acf":{"antetitulo":""},"yoast_head":"<!-- This site is optimized with the Yoast SEO plugin v28.4 - https:\/\/yoast.com\/product\/yoast-seo-wordpress\/ -->\n<title>Germ\u00e1n, Gabriela y Claudia ahora en la zona sur de La Paz - El Diario - Bolivia<\/title>\n<meta name=\"robots\" content=\"index, follow, max-snippet:-1, max-image-preview:large, max-video-preview:-1\" \/>\n<link rel=\"canonical\" href=\"https:\/\/www.eldiario.net\/portal\/2024\/05\/03\/german-gabriela-y-claudia-ahora-en-la-zona-sur-de-la-paz\/\" \/>\n<meta property=\"og:locale\" content=\"es_ES\" \/>\n<meta property=\"og:type\" content=\"article\" \/>\n<meta property=\"og:title\" content=\"Germ\u00e1n, Gabriela y Claudia ahora en la zona sur de La Paz - El Diario - Bolivia\" \/>\n<meta property=\"og:description\" content=\"\u201cCuando deje de doler\u201d, la obra m\u00e1s aclamada en todo el pa\u00eds, vuelve a escena en La Paz de la mano del elenco teatral El Manual de la Mala Conducta. As\u00ed es. El p\u00fablico pace\u00f1o que no la vio en cinco a\u00f1os de exitosas temporadas, ahora lo podr\u00e1 hacer el 9 y 10 de mayo [&hellip;]\" \/>\n<meta property=\"og:url\" content=\"https:\/\/www.eldiario.net\/portal\/2024\/05\/03\/german-gabriela-y-claudia-ahora-en-la-zona-sur-de-la-paz\/\" \/>\n<meta property=\"og:site_name\" content=\"El Diario - Bolivia\" \/>\n<meta property=\"article:publisher\" content=\"https:\/\/www.facebook.com\/eldiario.bolivia\/\" \/>\n<meta property=\"article:published_time\" content=\"2024-05-03T11:30:33+00:00\" \/>\n<meta property=\"og:image\" content=\"https:\/\/www.eldiario.net\/portal\/wp-content\/uploads\/2024\/05\/1-PRINCIPAL-1-scaled.jpg\" \/>\n\t<meta property=\"og:image:width\" content=\"2560\" \/>\n\t<meta property=\"og:image:height\" content=\"1280\" \/>\n\t<meta property=\"og:image:type\" content=\"image\/jpeg\" \/>\n<meta name=\"author\" content=\"Jeanette\" \/>\n<meta name=\"twitter:card\" content=\"summary_large_image\" \/>\n<meta name=\"twitter:creator\" content=\"@eldiario_net\" \/>\n<meta name=\"twitter:site\" content=\"@eldiario_net\" \/>\n<meta name=\"twitter:label1\" content=\"Escrito por\" \/>\n\t<meta name=\"twitter:data1\" content=\"Jeanette\" \/>\n\t<meta name=\"twitter:label2\" content=\"Tiempo de lectura\" \/>\n\t<meta name=\"twitter:data2\" content=\"7 minutos\" \/>\n<script type=\"application\/ld+json\" class=\"yoast-schema-graph\">{\"@context\":\"https:\\\/\\\/schema.org\",\"@graph\":[{\"@type\":\"Article\",\"@id\":\"https:\\\/\\\/www.eldiario.net\\\/portal\\\/2024\\\/05\\\/03\\\/german-gabriela-y-claudia-ahora-en-la-zona-sur-de-la-paz\\\/#article\",\"isPartOf\":{\"@id\":\"https:\\\/\\\/www.eldiario.net\\\/portal\\\/2024\\\/05\\\/03\\\/german-gabriela-y-claudia-ahora-en-la-zona-sur-de-la-paz\\\/\"},\"author\":{\"name\":\"Jeanette\",\"@id\":\"https:\\\/\\\/www.eldiario.net\\\/portal\\\/#\\\/schema\\\/person\\\/f46445640444750d7d753ccd04ae01b7\"},\"headline\":\"Germ\u00e1n, Gabriela y Claudia ahora en la zona sur de La Paz\",\"datePublished\":\"2024-05-03T11:30:33+00:00\",\"mainEntityOfPage\":{\"@id\":\"https:\\\/\\\/www.eldiario.net\\\/portal\\\/2024\\\/05\\\/03\\\/german-gabriela-y-claudia-ahora-en-la-zona-sur-de-la-paz\\\/\"},\"wordCount\":1405,\"commentCount\":0,\"publisher\":{\"@id\":\"https:\\\/\\\/www.eldiario.net\\\/portal\\\/#organization\"},\"image\":{\"@id\":\"https:\\\/\\\/www.eldiario.net\\\/portal\\\/2024\\\/05\\\/03\\\/german-gabriela-y-claudia-ahora-en-la-zona-sur-de-la-paz\\\/#primaryimage\"},\"thumbnailUrl\":\"https:\\\/\\\/www.eldiario.net\\\/portal\\\/wp-content\\\/uploads\\\/2024\\\/05\\\/1-PRINCIPAL-1-scaled.jpg\",\"articleSection\":[\"La Gu\u00eda\"],\"inLanguage\":\"es\",\"potentialAction\":[{\"@type\":\"CommentAction\",\"name\":\"Comment\",\"target\":[\"https:\\\/\\\/www.eldiario.net\\\/portal\\\/2024\\\/05\\\/03\\\/german-gabriela-y-claudia-ahora-en-la-zona-sur-de-la-paz\\\/#respond\"]}]},{\"@type\":\"WebPage\",\"@id\":\"https:\\\/\\\/www.eldiario.net\\\/portal\\\/2024\\\/05\\\/03\\\/german-gabriela-y-claudia-ahora-en-la-zona-sur-de-la-paz\\\/\",\"url\":\"https:\\\/\\\/www.eldiario.net\\\/portal\\\/2024\\\/05\\\/03\\\/german-gabriela-y-claudia-ahora-en-la-zona-sur-de-la-paz\\\/\",\"name\":\"Germ\u00e1n, Gabriela y Claudia ahora en la zona sur de La Paz - El Diario - Bolivia\",\"isPartOf\":{\"@id\":\"https:\\\/\\\/www.eldiario.net\\\/portal\\\/#website\"},\"primaryImageOfPage\":{\"@id\":\"https:\\\/\\\/www.eldiario.net\\\/portal\\\/2024\\\/05\\\/03\\\/german-gabriela-y-claudia-ahora-en-la-zona-sur-de-la-paz\\\/#primaryimage\"},\"image\":{\"@id\":\"https:\\\/\\\/www.eldiario.net\\\/portal\\\/2024\\\/05\\\/03\\\/german-gabriela-y-claudia-ahora-en-la-zona-sur-de-la-paz\\\/#primaryimage\"},\"thumbnailUrl\":\"https:\\\/\\\/www.eldiario.net\\\/portal\\\/wp-content\\\/uploads\\\/2024\\\/05\\\/1-PRINCIPAL-1-scaled.jpg\",\"datePublished\":\"2024-05-03T11:30:33+00:00\",\"breadcrumb\":{\"@id\":\"https:\\\/\\\/www.eldiario.net\\\/portal\\\/2024\\\/05\\\/03\\\/german-gabriela-y-claudia-ahora-en-la-zona-sur-de-la-paz\\\/#breadcrumb\"},\"inLanguage\":\"es\",\"potentialAction\":[{\"@type\":\"ReadAction\",\"target\":[\"https:\\\/\\\/www.eldiario.net\\\/portal\\\/2024\\\/05\\\/03\\\/german-gabriela-y-claudia-ahora-en-la-zona-sur-de-la-paz\\\/\"]}]},{\"@type\":\"ImageObject\",\"inLanguage\":\"es\",\"@id\":\"https:\\\/\\\/www.eldiario.net\\\/portal\\\/2024\\\/05\\\/03\\\/german-gabriela-y-claudia-ahora-en-la-zona-sur-de-la-paz\\\/#primaryimage\",\"url\":\"https:\\\/\\\/www.eldiario.net\\\/portal\\\/wp-content\\\/uploads\\\/2024\\\/05\\\/1-PRINCIPAL-1-scaled.jpg\",\"contentUrl\":\"https:\\\/\\\/www.eldiario.net\\\/portal\\\/wp-content\\\/uploads\\\/2024\\\/05\\\/1-PRINCIPAL-1-scaled.jpg\",\"width\":2560,\"height\":1280},{\"@type\":\"BreadcrumbList\",\"@id\":\"https:\\\/\\\/www.eldiario.net\\\/portal\\\/2024\\\/05\\\/03\\\/german-gabriela-y-claudia-ahora-en-la-zona-sur-de-la-paz\\\/#breadcrumb\",\"itemListElement\":[{\"@type\":\"ListItem\",\"position\":1,\"name\":\"Portada\",\"item\":\"https:\\\/\\\/www.eldiario.net\\\/portal\\\/\"},{\"@type\":\"ListItem\",\"position\":2,\"name\":\"Germ\u00e1n, Gabriela y Claudia ahora en la zona sur de La Paz\"}]},{\"@type\":\"WebSite\",\"@id\":\"https:\\\/\\\/www.eldiario.net\\\/portal\\\/#website\",\"url\":\"https:\\\/\\\/www.eldiario.net\\\/portal\\\/\",\"name\":\"El Diario - Decano de la prensa nacional\",\"description\":\"El Diario - Decano de la prensa nacional\",\"publisher\":{\"@id\":\"https:\\\/\\\/www.eldiario.net\\\/portal\\\/#organization\"},\"potentialAction\":[{\"@type\":\"SearchAction\",\"target\":{\"@type\":\"EntryPoint\",\"urlTemplate\":\"https:\\\/\\\/www.eldiario.net\\\/portal\\\/?s={search_term_string}\"},\"query-input\":{\"@type\":\"PropertyValueSpecification\",\"valueRequired\":true,\"valueName\":\"search_term_string\"}}],\"inLanguage\":\"es\"},{\"@type\":\"Organization\",\"@id\":\"https:\\\/\\\/www.eldiario.net\\\/portal\\\/#organization\",\"name\":\"El Diario - Decano de la prensa nacional\",\"url\":\"https:\\\/\\\/www.eldiario.net\\\/portal\\\/\",\"logo\":{\"@type\":\"ImageObject\",\"inLanguage\":\"es\",\"@id\":\"https:\\\/\\\/www.eldiario.net\\\/portal\\\/#\\\/schema\\\/logo\\\/image\\\/\",\"url\":\"https:\\\/\\\/www.eldiario.net\\\/portal\\\/wp-content\\\/uploads\\\/2023\\\/07\\\/logo_ED.jpg\",\"contentUrl\":\"https:\\\/\\\/www.eldiario.net\\\/portal\\\/wp-content\\\/uploads\\\/2023\\\/07\\\/logo_ED.jpg\",\"width\":272,\"height\":52,\"caption\":\"El Diario - Decano de la prensa nacional\"},\"image\":{\"@id\":\"https:\\\/\\\/www.eldiario.net\\\/portal\\\/#\\\/schema\\\/logo\\\/image\\\/\"},\"sameAs\":[\"https:\\\/\\\/www.facebook.com\\\/eldiario.bolivia\\\/\",\"https:\\\/\\\/x.com\\\/eldiario_net\"]},{\"@type\":\"Person\",\"@id\":\"https:\\\/\\\/www.eldiario.net\\\/portal\\\/#\\\/schema\\\/person\\\/f46445640444750d7d753ccd04ae01b7\",\"name\":\"Jeanette\",\"image\":{\"@type\":\"ImageObject\",\"inLanguage\":\"es\",\"@id\":\"https:\\\/\\\/secure.gravatar.com\\\/avatar\\\/3ea2118a5f7dad2b7138b1187a6b7ee55f160b9968b66013c3a3ef39dd7e5798?s=96&d=mm&r=g\",\"url\":\"https:\\\/\\\/secure.gravatar.com\\\/avatar\\\/3ea2118a5f7dad2b7138b1187a6b7ee55f160b9968b66013c3a3ef39dd7e5798?s=96&d=mm&r=g\",\"contentUrl\":\"https:\\\/\\\/secure.gravatar.com\\\/avatar\\\/3ea2118a5f7dad2b7138b1187a6b7ee55f160b9968b66013c3a3ef39dd7e5798?s=96&d=mm&r=g\",\"caption\":\"Jeanette\"},\"sameAs\":[\"https:\\\/\\\/www.eldiario.net\\\/portal\"],\"url\":\"https:\\\/\\\/www.eldiario.net\\\/portal\\\/author\\\/jeanette\\\/\"}]}<\/script>\n<!-- \/ Yoast SEO plugin. -->","yoast_head_json":{"title":"Germ\u00e1n, Gabriela y Claudia ahora en la zona sur de La Paz - El Diario - Bolivia","robots":{"index":"index","follow":"follow","max-snippet":"max-snippet:-1","max-image-preview":"max-image-preview:large","max-video-preview":"max-video-preview:-1"},"canonical":"https:\/\/www.eldiario.net\/portal\/2024\/05\/03\/german-gabriela-y-claudia-ahora-en-la-zona-sur-de-la-paz\/","og_locale":"es_ES","og_type":"article","og_title":"Germ\u00e1n, Gabriela y Claudia ahora en la zona sur de La Paz - El Diario - Bolivia","og_description":"\u201cCuando deje de doler\u201d, la obra m\u00e1s aclamada en todo el pa\u00eds, vuelve a escena en La Paz de la mano del elenco teatral El Manual de la Mala Conducta. As\u00ed es. El p\u00fablico pace\u00f1o que no la vio en cinco a\u00f1os de exitosas temporadas, ahora lo podr\u00e1 hacer el 9 y 10 de mayo [&hellip;]","og_url":"https:\/\/www.eldiario.net\/portal\/2024\/05\/03\/german-gabriela-y-claudia-ahora-en-la-zona-sur-de-la-paz\/","og_site_name":"El Diario - Bolivia","article_publisher":"https:\/\/www.facebook.com\/eldiario.bolivia\/","article_published_time":"2024-05-03T11:30:33+00:00","og_image":[{"width":2560,"height":1280,"url":"https:\/\/www.eldiario.net\/portal\/wp-content\/uploads\/2024\/05\/1-PRINCIPAL-1-scaled.jpg","type":"image\/jpeg"}],"author":"Jeanette","twitter_card":"summary_large_image","twitter_creator":"@eldiario_net","twitter_site":"@eldiario_net","twitter_misc":{"Escrito por":"Jeanette","Tiempo de lectura":"7 minutos"},"schema":{"@context":"https:\/\/schema.org","@graph":[{"@type":"Article","@id":"https:\/\/www.eldiario.net\/portal\/2024\/05\/03\/german-gabriela-y-claudia-ahora-en-la-zona-sur-de-la-paz\/#article","isPartOf":{"@id":"https:\/\/www.eldiario.net\/portal\/2024\/05\/03\/german-gabriela-y-claudia-ahora-en-la-zona-sur-de-la-paz\/"},"author":{"name":"Jeanette","@id":"https:\/\/www.eldiario.net\/portal\/#\/schema\/person\/f46445640444750d7d753ccd04ae01b7"},"headline":"Germ\u00e1n, Gabriela y Claudia ahora en la zona sur de La Paz","datePublished":"2024-05-03T11:30:33+00:00","mainEntityOfPage":{"@id":"https:\/\/www.eldiario.net\/portal\/2024\/05\/03\/german-gabriela-y-claudia-ahora-en-la-zona-sur-de-la-paz\/"},"wordCount":1405,"commentCount":0,"publisher":{"@id":"https:\/\/www.eldiario.net\/portal\/#organization"},"image":{"@id":"https:\/\/www.eldiario.net\/portal\/2024\/05\/03\/german-gabriela-y-claudia-ahora-en-la-zona-sur-de-la-paz\/#primaryimage"},"thumbnailUrl":"https:\/\/www.eldiario.net\/portal\/wp-content\/uploads\/2024\/05\/1-PRINCIPAL-1-scaled.jpg","articleSection":["La Gu\u00eda"],"inLanguage":"es","potentialAction":[{"@type":"CommentAction","name":"Comment","target":["https:\/\/www.eldiario.net\/portal\/2024\/05\/03\/german-gabriela-y-claudia-ahora-en-la-zona-sur-de-la-paz\/#respond"]}]},{"@type":"WebPage","@id":"https:\/\/www.eldiario.net\/portal\/2024\/05\/03\/german-gabriela-y-claudia-ahora-en-la-zona-sur-de-la-paz\/","url":"https:\/\/www.eldiario.net\/portal\/2024\/05\/03\/german-gabriela-y-claudia-ahora-en-la-zona-sur-de-la-paz\/","name":"Germ\u00e1n, Gabriela y Claudia ahora en la zona sur de La Paz - El Diario - Bolivia","isPartOf":{"@id":"https:\/\/www.eldiario.net\/portal\/#website"},"primaryImageOfPage":{"@id":"https:\/\/www.eldiario.net\/portal\/2024\/05\/03\/german-gabriela-y-claudia-ahora-en-la-zona-sur-de-la-paz\/#primaryimage"},"image":{"@id":"https:\/\/www.eldiario.net\/portal\/2024\/05\/03\/german-gabriela-y-claudia-ahora-en-la-zona-sur-de-la-paz\/#primaryimage"},"thumbnailUrl":"https:\/\/www.eldiario.net\/portal\/wp-content\/uploads\/2024\/05\/1-PRINCIPAL-1-scaled.jpg","datePublished":"2024-05-03T11:30:33+00:00","breadcrumb":{"@id":"https:\/\/www.eldiario.net\/portal\/2024\/05\/03\/german-gabriela-y-claudia-ahora-en-la-zona-sur-de-la-paz\/#breadcrumb"},"inLanguage":"es","potentialAction":[{"@type":"ReadAction","target":["https:\/\/www.eldiario.net\/portal\/2024\/05\/03\/german-gabriela-y-claudia-ahora-en-la-zona-sur-de-la-paz\/"]}]},{"@type":"ImageObject","inLanguage":"es","@id":"https:\/\/www.eldiario.net\/portal\/2024\/05\/03\/german-gabriela-y-claudia-ahora-en-la-zona-sur-de-la-paz\/#primaryimage","url":"https:\/\/www.eldiario.net\/portal\/wp-content\/uploads\/2024\/05\/1-PRINCIPAL-1-scaled.jpg","contentUrl":"https:\/\/www.eldiario.net\/portal\/wp-content\/uploads\/2024\/05\/1-PRINCIPAL-1-scaled.jpg","width":2560,"height":1280},{"@type":"BreadcrumbList","@id":"https:\/\/www.eldiario.net\/portal\/2024\/05\/03\/german-gabriela-y-claudia-ahora-en-la-zona-sur-de-la-paz\/#breadcrumb","itemListElement":[{"@type":"ListItem","position":1,"name":"Portada","item":"https:\/\/www.eldiario.net\/portal\/"},{"@type":"ListItem","position":2,"name":"Germ\u00e1n, Gabriela y Claudia ahora en la zona sur de La Paz"}]},{"@type":"WebSite","@id":"https:\/\/www.eldiario.net\/portal\/#website","url":"https:\/\/www.eldiario.net\/portal\/","name":"El Diario - Decano de la prensa nacional","description":"El Diario - Decano de la prensa nacional","publisher":{"@id":"https:\/\/www.eldiario.net\/portal\/#organization"},"potentialAction":[{"@type":"SearchAction","target":{"@type":"EntryPoint","urlTemplate":"https:\/\/www.eldiario.net\/portal\/?s={search_term_string}"},"query-input":{"@type":"PropertyValueSpecification","valueRequired":true,"valueName":"search_term_string"}}],"inLanguage":"es"},{"@type":"Organization","@id":"https:\/\/www.eldiario.net\/portal\/#organization","name":"El Diario - Decano de la prensa nacional","url":"https:\/\/www.eldiario.net\/portal\/","logo":{"@type":"ImageObject","inLanguage":"es","@id":"https:\/\/www.eldiario.net\/portal\/#\/schema\/logo\/image\/","url":"https:\/\/www.eldiario.net\/portal\/wp-content\/uploads\/2023\/07\/logo_ED.jpg","contentUrl":"https:\/\/www.eldiario.net\/portal\/wp-content\/uploads\/2023\/07\/logo_ED.jpg","width":272,"height":52,"caption":"El Diario - Decano de la prensa nacional"},"image":{"@id":"https:\/\/www.eldiario.net\/portal\/#\/schema\/logo\/image\/"},"sameAs":["https:\/\/www.facebook.com\/eldiario.bolivia\/","https:\/\/x.com\/eldiario_net"]},{"@type":"Person","@id":"https:\/\/www.eldiario.net\/portal\/#\/schema\/person\/f46445640444750d7d753ccd04ae01b7","name":"Jeanette","image":{"@type":"ImageObject","inLanguage":"es","@id":"https:\/\/secure.gravatar.com\/avatar\/3ea2118a5f7dad2b7138b1187a6b7ee55f160b9968b66013c3a3ef39dd7e5798?s=96&d=mm&r=g","url":"https:\/\/secure.gravatar.com\/avatar\/3ea2118a5f7dad2b7138b1187a6b7ee55f160b9968b66013c3a3ef39dd7e5798?s=96&d=mm&r=g","contentUrl":"https:\/\/secure.gravatar.com\/avatar\/3ea2118a5f7dad2b7138b1187a6b7ee55f160b9968b66013c3a3ef39dd7e5798?s=96&d=mm&r=g","caption":"Jeanette"},"sameAs":["https:\/\/www.eldiario.net\/portal"],"url":"https:\/\/www.eldiario.net\/portal\/author\/jeanette\/"}]}},"_links":{"self":[{"href":"https:\/\/www.eldiario.net\/portal\/wp-json\/wp\/v2\/posts\/218240","targetHints":{"allow":["GET"]}}],"collection":[{"href":"https:\/\/www.eldiario.net\/portal\/wp-json\/wp\/v2\/posts"}],"about":[{"href":"https:\/\/www.eldiario.net\/portal\/wp-json\/wp\/v2\/types\/post"}],"author":[{"embeddable":true,"href":"https:\/\/www.eldiario.net\/portal\/wp-json\/wp\/v2\/users\/1"}],"replies":[{"embeddable":true,"href":"https:\/\/www.eldiario.net\/portal\/wp-json\/wp\/v2\/comments?post=218240"}],"version-history":[{"count":1,"href":"https:\/\/www.eldiario.net\/portal\/wp-json\/wp\/v2\/posts\/218240\/revisions"}],"predecessor-version":[{"id":218248,"href":"https:\/\/www.eldiario.net\/portal\/wp-json\/wp\/v2\/posts\/218240\/revisions\/218248"}],"wp:featuredmedia":[{"embeddable":true,"href":"https:\/\/www.eldiario.net\/portal\/wp-json\/wp\/v2\/media\/218241"}],"wp:attachment":[{"href":"https:\/\/www.eldiario.net\/portal\/wp-json\/wp\/v2\/media?parent=218240"}],"wp:term":[{"taxonomy":"category","embeddable":true,"href":"https:\/\/www.eldiario.net\/portal\/wp-json\/wp\/v2\/categories?post=218240"},{"taxonomy":"post_tag","embeddable":true,"href":"https:\/\/www.eldiario.net\/portal\/wp-json\/wp\/v2\/tags?post=218240"}],"curies":[{"name":"wp","href":"https:\/\/api.w.org\/{rel}","templated":true}]}}