{"id":218237,"date":"2024-05-03T07:25:46","date_gmt":"2024-05-03T11:25:46","guid":{"rendered":"https:\/\/www.eldiario.net\/portal\/?p=218237"},"modified":"2024-05-03T07:25:46","modified_gmt":"2024-05-03T11:25:46","slug":"cerca-del-30-del-territorio-es-area-clave-para-la-biodiversidad","status":"publish","type":"post","link":"https:\/\/www.eldiario.net\/portal\/2024\/05\/03\/cerca-del-30-del-territorio-es-area-clave-para-la-biodiversidad\/","title":{"rendered":"Cerca del 30% del territorio es  \u00e1rea clave para la biodiversidad"},"content":{"rendered":"<p>Cerca del 30% de la superficie del territorio del pa\u00eds est\u00e1 considerado como un \u00e1rea clave para la biodiversidad, seg\u00fan el programa internacional KBA, que busca garantizar la persistencia de las especies, los h\u00e1bitats y los ecosistemas, inform\u00f3 el coordinador de este proyecto, Diego Pe\u00f1aranda.<br \/>\nPe\u00f1aranda inform\u00f3 que 362.246 km2 de Bolivia est\u00e1 considerada como \u00e1rea clave para la biodiversidad, espacio importante para las especies y sus h\u00e1bitats.<br \/>\n\u201cEnfrentados a una crisis medioambiental mundial, tenemos que centrar nuestros esfuerzos colectivos en conservar los lugares que m\u00e1s importan\u201d, se lee en el portal.<br \/>\nEl programa apoya la identificaci\u00f3n, cartograf\u00eda, seguimiento y conservaci\u00f3n de la biodiversidad, para ayudar a salvaguardar los lugares m\u00e1s cr\u00edticos para la naturaleza en distintas partes del mundo.<br \/>\nEn Bolivia, el proyecto se inici\u00f3 en abril de 2022 y hasta la fecha se recopilaron m\u00e1s de 60.000 datos sobre la biodiversidad m\u00e1s vulnerable del pa\u00eds en todos los grupos taxon\u00f3micos.<br \/>\nSeg\u00fan informaci\u00f3n de Armon\u00eda, estos datos han permitido identificar alrededor de 100 sitios podr\u00edan ser designados de importancia global y esto contribuir\u00eda como \u201cherramienta fundamental en la conservaci\u00f3n y gesti\u00f3n efectiva de la biodiversidad a nivel nacional\u201d.<br \/>\nLa propuesta de los nuevos sitios clave de biodiversidad en Bolivia se encuentra en estos momentos en un proceso de doble verificaci\u00f3n de informaci\u00f3n en la base de datos global de este programa. Una vez aprobadas las \u00e1reas ser\u00e1n publicadas en su sitio web, inform\u00f3 el coordinador global de programa, Zoltan Waliczky.<br \/>\nEl director general de Biodiversidad y \u00c1reas Protegidas del Ministerio de Medio Ambiente y Agua, Omar Osco, inform\u00f3 que actualmente se trabaja en la construcci\u00f3n de un nuevo Sistema Nacional de \u00c1reas Protegidas, ya que el actual qued\u00f3 \u201ct\u00e9cnicamente obsoleto\u201d y no responde a las nuevas realidades de Bolivia.<br \/>\nEl bi\u00f3logo, Alfredo Fuentes, se\u00f1al\u00f3 que el cambio en los usos de suelo compromete a la biodiversidad en el Madidi, uno de los lugares m\u00e1s diversos a nivel mundial y que alberga un elevado porcentaje de flora completamente boliviana.<br \/>\nEsta problem\u00e1tica, explic\u00f3 Fuentes, es recurrente en diversas \u00e1reas del pa\u00eds, como ha constatado en conversaciones con otros especialistas. El investigador resalt\u00f3 que, a pesar de la compleja y delicada realidad que enfrenta la biodiversidad, existen alternativas para su conservaci\u00f3n.<br \/>\nEl coordinador de Ciencia y Tecnolog\u00eda de Conservaci\u00f3n Amaz\u00f3nica, Daniel Larrea, destac\u00f3 tres temas fundamentales para avanzar en la conservaci\u00f3n efectiva de la naturaleza, refleja una nota de Armon\u00eda.<br \/>\nEn primer lugar, resalt\u00f3 la importancia de contar con informaci\u00f3n cient\u00edfico-t\u00e9cnica consolidada y acceder a ella mediante procesos y est\u00e1ndares que faciliten compartirla.<br \/>\nAdem\u00e1s, enfatiz\u00f3 la necesidad de disponer de recursos humanos capacitados, especialistas e investigadores en diversos temas, as\u00ed como de continuar formando expertos tax\u00f3nomos.<br \/>\nPor \u00faltimo, mencion\u00f3 la relevancia de las plataformas de colaboraci\u00f3n multiactor para alcanzar objetivos.<br \/>\nEl objetivo principal del programa KBA a nivel internacional es proteger y conservar las especies y ecosistemas amenazados o de distribuci\u00f3n restringida en Bolivia, en otros tres pa\u00edses de Sudam\u00e9rica y en tres ubicados en la cuenca del r\u00edo Congo.<br \/>\nLa biodiversidad representa la base fundamental de los servicios ecosist\u00e9micos o funciones ambientales, la conservaci\u00f3n y gesti\u00f3n efectiva de los sitios KBA en Bolivia se torna fundamental, para garantizar un futuro sostenible para todos los bolivianos, afirman desde Armon\u00eda. (Br\u00fajula Digital)<\/p>\n","protected":false},"excerpt":{"rendered":"<p>Cerca del 30% de la superficie del territorio del pa\u00eds est\u00e1 considerado como un \u00e1rea clave para la biodiversidad, seg\u00fan el programa internacional KBA, que busca garantizar la persistencia de las especies, los h\u00e1bitats y los ecosistemas, inform\u00f3 el coordinador de este proyecto, Diego Pe\u00f1aranda. Pe\u00f1aranda inform\u00f3 que 362.246 km2 de Bolivia est\u00e1 considerada como [&hellip;]<\/p>\n","protected":false},"author":1,"featured_media":218238,"comment_status":"open","ping_status":"open","sticky":false,"template":"","format":"standard","meta":{"_acf_changed":false,"footnotes":""},"categories":[12],"tags":[],"class_list":["post-218237","post","type-post","status-publish","format-standard","has-post-thumbnail","category-nacional"],"acf":{"antetitulo":""},"yoast_head":"<!-- This site is optimized with the Yoast SEO plugin v28.4 - https:\/\/yoast.com\/product\/yoast-seo-wordpress\/ -->\n<title>Cerca del 30% del territorio es \u00e1rea clave para la biodiversidad - El Diario - Bolivia<\/title>\n<meta name=\"robots\" content=\"index, follow, max-snippet:-1, max-image-preview:large, max-video-preview:-1\" \/>\n<link rel=\"canonical\" href=\"https:\/\/www.eldiario.net\/portal\/2024\/05\/03\/cerca-del-30-del-territorio-es-area-clave-para-la-biodiversidad\/\" \/>\n<meta property=\"og:locale\" content=\"es_ES\" \/>\n<meta property=\"og:type\" content=\"article\" \/>\n<meta property=\"og:title\" content=\"Cerca del 30% del territorio es \u00e1rea clave para la biodiversidad - El Diario - Bolivia\" \/>\n<meta property=\"og:description\" content=\"Cerca del 30% de la superficie del territorio del pa\u00eds est\u00e1 considerado como un \u00e1rea clave para la biodiversidad, seg\u00fan el programa internacional KBA, que busca garantizar la persistencia de las especies, los h\u00e1bitats y los ecosistemas, inform\u00f3 el coordinador de este proyecto, Diego Pe\u00f1aranda. Pe\u00f1aranda inform\u00f3 que 362.246 km2 de Bolivia est\u00e1 considerada como [&hellip;]\" \/>\n<meta property=\"og:url\" content=\"https:\/\/www.eldiario.net\/portal\/2024\/05\/03\/cerca-del-30-del-territorio-es-area-clave-para-la-biodiversidad\/\" \/>\n<meta property=\"og:site_name\" content=\"El Diario - Bolivia\" \/>\n<meta property=\"article:publisher\" content=\"https:\/\/www.facebook.com\/eldiario.bolivia\/\" \/>\n<meta property=\"article:published_time\" content=\"2024-05-03T11:25:46+00:00\" \/>\n<meta property=\"og:image\" content=\"https:\/\/www.eldiario.net\/portal\/wp-content\/uploads\/2024\/05\/10-NAL-COLOR-1.jpg\" \/>\n\t<meta property=\"og:image:width\" content=\"474\" \/>\n\t<meta property=\"og:image:height\" content=\"317\" \/>\n\t<meta property=\"og:image:type\" content=\"image\/jpeg\" \/>\n<meta name=\"author\" content=\"Jeanette\" \/>\n<meta name=\"twitter:card\" content=\"summary_large_image\" \/>\n<meta name=\"twitter:creator\" content=\"@eldiario_net\" \/>\n<meta name=\"twitter:site\" content=\"@eldiario_net\" \/>\n<meta name=\"twitter:label1\" content=\"Escrito por\" \/>\n\t<meta name=\"twitter:data1\" content=\"Jeanette\" \/>\n\t<meta name=\"twitter:label2\" content=\"Tiempo de lectura\" \/>\n\t<meta name=\"twitter:data2\" content=\"3 minutos\" \/>\n<script type=\"application\/ld+json\" class=\"yoast-schema-graph\">{\"@context\":\"https:\\\/\\\/schema.org\",\"@graph\":[{\"@type\":\"Article\",\"@id\":\"https:\\\/\\\/www.eldiario.net\\\/portal\\\/2024\\\/05\\\/03\\\/cerca-del-30-del-territorio-es-area-clave-para-la-biodiversidad\\\/#article\",\"isPartOf\":{\"@id\":\"https:\\\/\\\/www.eldiario.net\\\/portal\\\/2024\\\/05\\\/03\\\/cerca-del-30-del-territorio-es-area-clave-para-la-biodiversidad\\\/\"},\"author\":{\"name\":\"Jeanette\",\"@id\":\"https:\\\/\\\/www.eldiario.net\\\/portal\\\/#\\\/schema\\\/person\\\/f46445640444750d7d753ccd04ae01b7\"},\"headline\":\"Cerca del 30% del territorio es \u00e1rea clave para la biodiversidad\",\"datePublished\":\"2024-05-03T11:25:46+00:00\",\"mainEntityOfPage\":{\"@id\":\"https:\\\/\\\/www.eldiario.net\\\/portal\\\/2024\\\/05\\\/03\\\/cerca-del-30-del-territorio-es-area-clave-para-la-biodiversidad\\\/\"},\"wordCount\":599,\"commentCount\":0,\"publisher\":{\"@id\":\"https:\\\/\\\/www.eldiario.net\\\/portal\\\/#organization\"},\"image\":{\"@id\":\"https:\\\/\\\/www.eldiario.net\\\/portal\\\/2024\\\/05\\\/03\\\/cerca-del-30-del-territorio-es-area-clave-para-la-biodiversidad\\\/#primaryimage\"},\"thumbnailUrl\":\"https:\\\/\\\/www.eldiario.net\\\/portal\\\/wp-content\\\/uploads\\\/2024\\\/05\\\/10-NAL-COLOR-1.jpg\",\"articleSection\":[\"Nacional\"],\"inLanguage\":\"es\",\"potentialAction\":[{\"@type\":\"CommentAction\",\"name\":\"Comment\",\"target\":[\"https:\\\/\\\/www.eldiario.net\\\/portal\\\/2024\\\/05\\\/03\\\/cerca-del-30-del-territorio-es-area-clave-para-la-biodiversidad\\\/#respond\"]}]},{\"@type\":\"WebPage\",\"@id\":\"https:\\\/\\\/www.eldiario.net\\\/portal\\\/2024\\\/05\\\/03\\\/cerca-del-30-del-territorio-es-area-clave-para-la-biodiversidad\\\/\",\"url\":\"https:\\\/\\\/www.eldiario.net\\\/portal\\\/2024\\\/05\\\/03\\\/cerca-del-30-del-territorio-es-area-clave-para-la-biodiversidad\\\/\",\"name\":\"Cerca del 30% del territorio es \u00e1rea clave para la biodiversidad - El Diario - Bolivia\",\"isPartOf\":{\"@id\":\"https:\\\/\\\/www.eldiario.net\\\/portal\\\/#website\"},\"primaryImageOfPage\":{\"@id\":\"https:\\\/\\\/www.eldiario.net\\\/portal\\\/2024\\\/05\\\/03\\\/cerca-del-30-del-territorio-es-area-clave-para-la-biodiversidad\\\/#primaryimage\"},\"image\":{\"@id\":\"https:\\\/\\\/www.eldiario.net\\\/portal\\\/2024\\\/05\\\/03\\\/cerca-del-30-del-territorio-es-area-clave-para-la-biodiversidad\\\/#primaryimage\"},\"thumbnailUrl\":\"https:\\\/\\\/www.eldiario.net\\\/portal\\\/wp-content\\\/uploads\\\/2024\\\/05\\\/10-NAL-COLOR-1.jpg\",\"datePublished\":\"2024-05-03T11:25:46+00:00\",\"breadcrumb\":{\"@id\":\"https:\\\/\\\/www.eldiario.net\\\/portal\\\/2024\\\/05\\\/03\\\/cerca-del-30-del-territorio-es-area-clave-para-la-biodiversidad\\\/#breadcrumb\"},\"inLanguage\":\"es\",\"potentialAction\":[{\"@type\":\"ReadAction\",\"target\":[\"https:\\\/\\\/www.eldiario.net\\\/portal\\\/2024\\\/05\\\/03\\\/cerca-del-30-del-territorio-es-area-clave-para-la-biodiversidad\\\/\"]}]},{\"@type\":\"ImageObject\",\"inLanguage\":\"es\",\"@id\":\"https:\\\/\\\/www.eldiario.net\\\/portal\\\/2024\\\/05\\\/03\\\/cerca-del-30-del-territorio-es-area-clave-para-la-biodiversidad\\\/#primaryimage\",\"url\":\"https:\\\/\\\/www.eldiario.net\\\/portal\\\/wp-content\\\/uploads\\\/2024\\\/05\\\/10-NAL-COLOR-1.jpg\",\"contentUrl\":\"https:\\\/\\\/www.eldiario.net\\\/portal\\\/wp-content\\\/uploads\\\/2024\\\/05\\\/10-NAL-COLOR-1.jpg\",\"width\":474,\"height\":317,\"caption\":\"LA BIODIVERSIDAD QUE TIENE BOLIVIA ES \u00daNICA EN EL MUNDO.\"},{\"@type\":\"BreadcrumbList\",\"@id\":\"https:\\\/\\\/www.eldiario.net\\\/portal\\\/2024\\\/05\\\/03\\\/cerca-del-30-del-territorio-es-area-clave-para-la-biodiversidad\\\/#breadcrumb\",\"itemListElement\":[{\"@type\":\"ListItem\",\"position\":1,\"name\":\"Portada\",\"item\":\"https:\\\/\\\/www.eldiario.net\\\/portal\\\/\"},{\"@type\":\"ListItem\",\"position\":2,\"name\":\"Cerca del 30% del territorio es \u00e1rea clave para la biodiversidad\"}]},{\"@type\":\"WebSite\",\"@id\":\"https:\\\/\\\/www.eldiario.net\\\/portal\\\/#website\",\"url\":\"https:\\\/\\\/www.eldiario.net\\\/portal\\\/\",\"name\":\"El Diario - Decano de la prensa nacional\",\"description\":\"El Diario - Decano de la prensa nacional\",\"publisher\":{\"@id\":\"https:\\\/\\\/www.eldiario.net\\\/portal\\\/#organization\"},\"potentialAction\":[{\"@type\":\"SearchAction\",\"target\":{\"@type\":\"EntryPoint\",\"urlTemplate\":\"https:\\\/\\\/www.eldiario.net\\\/portal\\\/?s={search_term_string}\"},\"query-input\":{\"@type\":\"PropertyValueSpecification\",\"valueRequired\":true,\"valueName\":\"search_term_string\"}}],\"inLanguage\":\"es\"},{\"@type\":\"Organization\",\"@id\":\"https:\\\/\\\/www.eldiario.net\\\/portal\\\/#organization\",\"name\":\"El Diario - Decano de la prensa nacional\",\"url\":\"https:\\\/\\\/www.eldiario.net\\\/portal\\\/\",\"logo\":{\"@type\":\"ImageObject\",\"inLanguage\":\"es\",\"@id\":\"https:\\\/\\\/www.eldiario.net\\\/portal\\\/#\\\/schema\\\/logo\\\/image\\\/\",\"url\":\"https:\\\/\\\/www.eldiario.net\\\/portal\\\/wp-content\\\/uploads\\\/2023\\\/07\\\/logo_ED.jpg\",\"contentUrl\":\"https:\\\/\\\/www.eldiario.net\\\/portal\\\/wp-content\\\/uploads\\\/2023\\\/07\\\/logo_ED.jpg\",\"width\":272,\"height\":52,\"caption\":\"El Diario - Decano de la prensa nacional\"},\"image\":{\"@id\":\"https:\\\/\\\/www.eldiario.net\\\/portal\\\/#\\\/schema\\\/logo\\\/image\\\/\"},\"sameAs\":[\"https:\\\/\\\/www.facebook.com\\\/eldiario.bolivia\\\/\",\"https:\\\/\\\/x.com\\\/eldiario_net\"]},{\"@type\":\"Person\",\"@id\":\"https:\\\/\\\/www.eldiario.net\\\/portal\\\/#\\\/schema\\\/person\\\/f46445640444750d7d753ccd04ae01b7\",\"name\":\"Jeanette\",\"image\":{\"@type\":\"ImageObject\",\"inLanguage\":\"es\",\"@id\":\"https:\\\/\\\/secure.gravatar.com\\\/avatar\\\/3ea2118a5f7dad2b7138b1187a6b7ee55f160b9968b66013c3a3ef39dd7e5798?s=96&d=mm&r=g\",\"url\":\"https:\\\/\\\/secure.gravatar.com\\\/avatar\\\/3ea2118a5f7dad2b7138b1187a6b7ee55f160b9968b66013c3a3ef39dd7e5798?s=96&d=mm&r=g\",\"contentUrl\":\"https:\\\/\\\/secure.gravatar.com\\\/avatar\\\/3ea2118a5f7dad2b7138b1187a6b7ee55f160b9968b66013c3a3ef39dd7e5798?s=96&d=mm&r=g\",\"caption\":\"Jeanette\"},\"sameAs\":[\"https:\\\/\\\/www.eldiario.net\\\/portal\"],\"url\":\"https:\\\/\\\/www.eldiario.net\\\/portal\\\/author\\\/jeanette\\\/\"}]}<\/script>\n<!-- \/ Yoast SEO plugin. -->","yoast_head_json":{"title":"Cerca del 30% del territorio es \u00e1rea clave para la biodiversidad - El Diario - Bolivia","robots":{"index":"index","follow":"follow","max-snippet":"max-snippet:-1","max-image-preview":"max-image-preview:large","max-video-preview":"max-video-preview:-1"},"canonical":"https:\/\/www.eldiario.net\/portal\/2024\/05\/03\/cerca-del-30-del-territorio-es-area-clave-para-la-biodiversidad\/","og_locale":"es_ES","og_type":"article","og_title":"Cerca del 30% del territorio es \u00e1rea clave para la biodiversidad - El Diario - Bolivia","og_description":"Cerca del 30% de la superficie del territorio del pa\u00eds est\u00e1 considerado como un \u00e1rea clave para la biodiversidad, seg\u00fan el programa internacional KBA, que busca garantizar la persistencia de las especies, los h\u00e1bitats y los ecosistemas, inform\u00f3 el coordinador de este proyecto, Diego Pe\u00f1aranda. Pe\u00f1aranda inform\u00f3 que 362.246 km2 de Bolivia est\u00e1 considerada como [&hellip;]","og_url":"https:\/\/www.eldiario.net\/portal\/2024\/05\/03\/cerca-del-30-del-territorio-es-area-clave-para-la-biodiversidad\/","og_site_name":"El Diario - Bolivia","article_publisher":"https:\/\/www.facebook.com\/eldiario.bolivia\/","article_published_time":"2024-05-03T11:25:46+00:00","og_image":[{"width":474,"height":317,"url":"https:\/\/www.eldiario.net\/portal\/wp-content\/uploads\/2024\/05\/10-NAL-COLOR-1.jpg","type":"image\/jpeg"}],"author":"Jeanette","twitter_card":"summary_large_image","twitter_creator":"@eldiario_net","twitter_site":"@eldiario_net","twitter_misc":{"Escrito por":"Jeanette","Tiempo de lectura":"3 minutos"},"schema":{"@context":"https:\/\/schema.org","@graph":[{"@type":"Article","@id":"https:\/\/www.eldiario.net\/portal\/2024\/05\/03\/cerca-del-30-del-territorio-es-area-clave-para-la-biodiversidad\/#article","isPartOf":{"@id":"https:\/\/www.eldiario.net\/portal\/2024\/05\/03\/cerca-del-30-del-territorio-es-area-clave-para-la-biodiversidad\/"},"author":{"name":"Jeanette","@id":"https:\/\/www.eldiario.net\/portal\/#\/schema\/person\/f46445640444750d7d753ccd04ae01b7"},"headline":"Cerca del 30% del territorio es \u00e1rea clave para la biodiversidad","datePublished":"2024-05-03T11:25:46+00:00","mainEntityOfPage":{"@id":"https:\/\/www.eldiario.net\/portal\/2024\/05\/03\/cerca-del-30-del-territorio-es-area-clave-para-la-biodiversidad\/"},"wordCount":599,"commentCount":0,"publisher":{"@id":"https:\/\/www.eldiario.net\/portal\/#organization"},"image":{"@id":"https:\/\/www.eldiario.net\/portal\/2024\/05\/03\/cerca-del-30-del-territorio-es-area-clave-para-la-biodiversidad\/#primaryimage"},"thumbnailUrl":"https:\/\/www.eldiario.net\/portal\/wp-content\/uploads\/2024\/05\/10-NAL-COLOR-1.jpg","articleSection":["Nacional"],"inLanguage":"es","potentialAction":[{"@type":"CommentAction","name":"Comment","target":["https:\/\/www.eldiario.net\/portal\/2024\/05\/03\/cerca-del-30-del-territorio-es-area-clave-para-la-biodiversidad\/#respond"]}]},{"@type":"WebPage","@id":"https:\/\/www.eldiario.net\/portal\/2024\/05\/03\/cerca-del-30-del-territorio-es-area-clave-para-la-biodiversidad\/","url":"https:\/\/www.eldiario.net\/portal\/2024\/05\/03\/cerca-del-30-del-territorio-es-area-clave-para-la-biodiversidad\/","name":"Cerca del 30% del territorio es \u00e1rea clave para la biodiversidad - El Diario - Bolivia","isPartOf":{"@id":"https:\/\/www.eldiario.net\/portal\/#website"},"primaryImageOfPage":{"@id":"https:\/\/www.eldiario.net\/portal\/2024\/05\/03\/cerca-del-30-del-territorio-es-area-clave-para-la-biodiversidad\/#primaryimage"},"image":{"@id":"https:\/\/www.eldiario.net\/portal\/2024\/05\/03\/cerca-del-30-del-territorio-es-area-clave-para-la-biodiversidad\/#primaryimage"},"thumbnailUrl":"https:\/\/www.eldiario.net\/portal\/wp-content\/uploads\/2024\/05\/10-NAL-COLOR-1.jpg","datePublished":"2024-05-03T11:25:46+00:00","breadcrumb":{"@id":"https:\/\/www.eldiario.net\/portal\/2024\/05\/03\/cerca-del-30-del-territorio-es-area-clave-para-la-biodiversidad\/#breadcrumb"},"inLanguage":"es","potentialAction":[{"@type":"ReadAction","target":["https:\/\/www.eldiario.net\/portal\/2024\/05\/03\/cerca-del-30-del-territorio-es-area-clave-para-la-biodiversidad\/"]}]},{"@type":"ImageObject","inLanguage":"es","@id":"https:\/\/www.eldiario.net\/portal\/2024\/05\/03\/cerca-del-30-del-territorio-es-area-clave-para-la-biodiversidad\/#primaryimage","url":"https:\/\/www.eldiario.net\/portal\/wp-content\/uploads\/2024\/05\/10-NAL-COLOR-1.jpg","contentUrl":"https:\/\/www.eldiario.net\/portal\/wp-content\/uploads\/2024\/05\/10-NAL-COLOR-1.jpg","width":474,"height":317,"caption":"LA BIODIVERSIDAD QUE TIENE BOLIVIA ES \u00daNICA EN EL MUNDO."},{"@type":"BreadcrumbList","@id":"https:\/\/www.eldiario.net\/portal\/2024\/05\/03\/cerca-del-30-del-territorio-es-area-clave-para-la-biodiversidad\/#breadcrumb","itemListElement":[{"@type":"ListItem","position":1,"name":"Portada","item":"https:\/\/www.eldiario.net\/portal\/"},{"@type":"ListItem","position":2,"name":"Cerca del 30% del territorio es \u00e1rea clave para la biodiversidad"}]},{"@type":"WebSite","@id":"https:\/\/www.eldiario.net\/portal\/#website","url":"https:\/\/www.eldiario.net\/portal\/","name":"El Diario - Decano de la prensa nacional","description":"El Diario - Decano de la prensa nacional","publisher":{"@id":"https:\/\/www.eldiario.net\/portal\/#organization"},"potentialAction":[{"@type":"SearchAction","target":{"@type":"EntryPoint","urlTemplate":"https:\/\/www.eldiario.net\/portal\/?s={search_term_string}"},"query-input":{"@type":"PropertyValueSpecification","valueRequired":true,"valueName":"search_term_string"}}],"inLanguage":"es"},{"@type":"Organization","@id":"https:\/\/www.eldiario.net\/portal\/#organization","name":"El Diario - Decano de la prensa nacional","url":"https:\/\/www.eldiario.net\/portal\/","logo":{"@type":"ImageObject","inLanguage":"es","@id":"https:\/\/www.eldiario.net\/portal\/#\/schema\/logo\/image\/","url":"https:\/\/www.eldiario.net\/portal\/wp-content\/uploads\/2023\/07\/logo_ED.jpg","contentUrl":"https:\/\/www.eldiario.net\/portal\/wp-content\/uploads\/2023\/07\/logo_ED.jpg","width":272,"height":52,"caption":"El Diario - Decano de la prensa nacional"},"image":{"@id":"https:\/\/www.eldiario.net\/portal\/#\/schema\/logo\/image\/"},"sameAs":["https:\/\/www.facebook.com\/eldiario.bolivia\/","https:\/\/x.com\/eldiario_net"]},{"@type":"Person","@id":"https:\/\/www.eldiario.net\/portal\/#\/schema\/person\/f46445640444750d7d753ccd04ae01b7","name":"Jeanette","image":{"@type":"ImageObject","inLanguage":"es","@id":"https:\/\/secure.gravatar.com\/avatar\/3ea2118a5f7dad2b7138b1187a6b7ee55f160b9968b66013c3a3ef39dd7e5798?s=96&d=mm&r=g","url":"https:\/\/secure.gravatar.com\/avatar\/3ea2118a5f7dad2b7138b1187a6b7ee55f160b9968b66013c3a3ef39dd7e5798?s=96&d=mm&r=g","contentUrl":"https:\/\/secure.gravatar.com\/avatar\/3ea2118a5f7dad2b7138b1187a6b7ee55f160b9968b66013c3a3ef39dd7e5798?s=96&d=mm&r=g","caption":"Jeanette"},"sameAs":["https:\/\/www.eldiario.net\/portal"],"url":"https:\/\/www.eldiario.net\/portal\/author\/jeanette\/"}]}},"_links":{"self":[{"href":"https:\/\/www.eldiario.net\/portal\/wp-json\/wp\/v2\/posts\/218237","targetHints":{"allow":["GET"]}}],"collection":[{"href":"https:\/\/www.eldiario.net\/portal\/wp-json\/wp\/v2\/posts"}],"about":[{"href":"https:\/\/www.eldiario.net\/portal\/wp-json\/wp\/v2\/types\/post"}],"author":[{"embeddable":true,"href":"https:\/\/www.eldiario.net\/portal\/wp-json\/wp\/v2\/users\/1"}],"replies":[{"embeddable":true,"href":"https:\/\/www.eldiario.net\/portal\/wp-json\/wp\/v2\/comments?post=218237"}],"version-history":[{"count":1,"href":"https:\/\/www.eldiario.net\/portal\/wp-json\/wp\/v2\/posts\/218237\/revisions"}],"predecessor-version":[{"id":218239,"href":"https:\/\/www.eldiario.net\/portal\/wp-json\/wp\/v2\/posts\/218237\/revisions\/218239"}],"wp:featuredmedia":[{"embeddable":true,"href":"https:\/\/www.eldiario.net\/portal\/wp-json\/wp\/v2\/media\/218238"}],"wp:attachment":[{"href":"https:\/\/www.eldiario.net\/portal\/wp-json\/wp\/v2\/media?parent=218237"}],"wp:term":[{"taxonomy":"category","embeddable":true,"href":"https:\/\/www.eldiario.net\/portal\/wp-json\/wp\/v2\/categories?post=218237"},{"taxonomy":"post_tag","embeddable":true,"href":"https:\/\/www.eldiario.net\/portal\/wp-json\/wp\/v2\/tags?post=218237"}],"curies":[{"name":"wp","href":"https:\/\/api.w.org\/{rel}","templated":true}]}}