{"id":217840,"date":"2024-05-01T05:28:23","date_gmt":"2024-05-01T09:28:23","guid":{"rendered":"https:\/\/www.eldiario.net\/portal\/?p=217840"},"modified":"2024-05-01T05:28:23","modified_gmt":"2024-05-01T09:28:23","slug":"ypfb-tiene-certificacion-de-reservas-de-gas-2022-y-2023-pero-corrobora-datos-para-publicarlas","status":"publish","type":"post","link":"https:\/\/www.eldiario.net\/portal\/2024\/05\/01\/ypfb-tiene-certificacion-de-reservas-de-gas-2022-y-2023-pero-corrobora-datos-para-publicarlas\/","title":{"rendered":"YPFB tiene certificaci\u00f3n de reservas de gas 2022  y 2023, pero corrobora datos para publicarlas"},"content":{"rendered":"<p>Yacimientos Petrol\u00edferos Fiscales Bolivianos (YPFB) ya tiene las certificaciones de reservas de gas 2022 y 2023, y actualmente corrobora los datos para darlas a conocer a la poblaci\u00f3n, revel\u00f3 ayer el presidente de la estatal petrolera, Armin Dorgathen.<br \/>\n\u201cEl tema reservas que es otra de las preguntas que siempre nos hacen \u2018\u00bfcu\u00e1ndo van a sacar el tema reservas?\u2019. O sea, ya la certificaci\u00f3n 2022 la tenemos, la certificaci\u00f3n 2023 tambi\u00e9n la tenemos, estamos corroborando, son dos empresas diferentes que hicieron el trabajo\u201d, dijo en contacto con Erbol.<br \/>\nLa m\u00e1xima autoridad de YPFB explic\u00f3 que se realizan las comparaciones de las certificaciones de reservas de gas de 2017 y 2018 \u2013las \u00faltimas antes del Gobierno de Luis Arce\u2013 con las de 2022 y 2023, \u201cpara poderle decir a la poblaci\u00f3n cu\u00e1nto ha sido los \u00edndices de reposici\u00f3n de reservas, qu\u00e9 proyectos se han trabajado\u201d.<br \/>\n\u201cEs un an\u00e1lisis integral que se tiene que hacer (\u2026) para mostrarle a la poblaci\u00f3n cu\u00e1l es la situaci\u00f3n real y lo m\u00e1s importante qu\u00e9 es lo que estamos haciendo y c\u00f3mo, qu\u00e9 se est\u00e1 trabajando\u201d, remarc\u00f3.<br \/>\nEn 2021, YPFB lanz\u00f3 el Plan de Reactivaci\u00f3n del Upstream con el prop\u00f3sito de impulsar inversiones en la exploraci\u00f3n y explotaci\u00f3n de gas y petr\u00f3leo en el pa\u00eds, con el objetivo de reponer reservas y aumentar la producci\u00f3n de hidrocarburos.<br \/>\nActualmente, la producci\u00f3n de gas natural en Bolivia experimenta un decrecimiento y ahora llega a 40 millones de metros c\u00fabicos d\u00eda (MMmcd), de los cuales entre 12 y 13 MMmcd es destinado al consumo del mercado interno y el saldo a la oferta exportable, seg\u00fan Dorgathen.<br \/>\nA inicios de este mes, el viceministro de Exploraci\u00f3n y Explotaci\u00f3n de Recursos Energ\u00e9ticos, Ra\u00fal Mayta, afirm\u00f3 que Bolivia contar\u00e1 con \u201cresultados mucho m\u00e1s coherentes\u201d de las reservas de gas que los datos inflados difundidos en el gobierno del expresidente Carlos Mesa.<br \/>\nExplic\u00f3 que, en 2021 se encontr\u00f3 un sector energ\u00e9tico \u201cbastante golpeado\u201d, no solo por la pandemia del covid-19, sino tambi\u00e9n por la crisis social, lo que implic\u00f3 encarar una reconducci\u00f3n de la situaci\u00f3n energ\u00e9tica.<br \/>\nPlan<br \/>\nA trav\u00e9s del Plan de Reactivaci\u00f3n del Upstream 2021-2025 (PRU), Bolivia apunta a ampliar la frontera exploratoria con la ejecuci\u00f3n de nuevos y antiguos proyectos que ya comenzaron a dar resultados. El ingreso a \u00e1reas protegidas, como Tariqu\u00eda, ser\u00e1 una constante en la actual administraci\u00f3n de Gobierno.<br \/>\nLos parques nacionales no quedar\u00e1n fuera de las exploraciones de hidrocarburos, as\u00ed lo denunciaron activistas que apoyan el medio ambiente.<br \/>\nComo se recordar\u00e1, YPFB tambi\u00e9n anunci\u00f3 que busca avanzar en otras formas de exploraci\u00f3n y de explotaci\u00f3n de hidrocarburos, como el fracking o fractura hidr\u00e1ulica, una t\u00e9cnica que permite explotar el gas natural o petr\u00f3leo de esquisto (shale gas o shale oil por sus nombres en ingl\u00e9s) atrapado en arenas compactas o formaciones rocosas que dificultan su extracci\u00f3n.<br \/>\nPotencial<br \/>\n\u201cTenemos un potencial gas\u00edfero y petrol\u00edfero, especialmente en el Madre de Dios, tenemos que buscar ahora y poner en producci\u00f3n ese potencial\u201d, explic\u00f3 la autoridad gubernamental, citado en un bolet\u00edn.<br \/>\nIndic\u00f3 que los recientes hallazgos en yacimientos y perforaciones de pozos, junto con las inversiones destacadas en exploraci\u00f3n, confirman la viabilidad de expandir las reservas de hidrocarburos.<br \/>\nEn 2023, YPFB Casa Matriz ejecut\u00f3 una inversi\u00f3n que supera los 265,80 millones de d\u00f3lares, lo que equivale al 81% respecto a la programaci\u00f3n presupuestaria. Esta cifra marca un hito fundamental que no se hab\u00eda alcanzado desde hace cinco a\u00f1os.<br \/>\nPara la presente gesti\u00f3n, YPFB destinar\u00e1 397,67 millones de d\u00f3lares a las actividades de exploraci\u00f3n y explotaci\u00f3n de hidrocarburos, cifra que representa el 63% de sus recursos de inversi\u00f3n. Lo anterior muestra que las inversiones en la exploraci\u00f3n de hidrocarburos representan una necesidad de primer orden en el sector energ\u00e9tico.<br \/>\nSeg\u00fan datos de YPFB, la gesti\u00f3n pasada se perforaron 15 pozos exploratorios y estratigr\u00e1ficos, nueve pozos de desarrollo y se realizaron intervenciones en tres pozos, datos que fueron expuestos en la rendici\u00f3n de cuentas de 2023 realizada por el Ministerio de Hidrocarburos y Energ\u00edas.<br \/>\nDespu\u00e9s de varios a\u00f1os de inacci\u00f3n y escasa gesti\u00f3n, especialmente durante el per\u00edodo entre 2015 y 2020, el Gobierno nacional, a trav\u00e9s de YPFB, logr\u00f3 reconducir el sector de hidrocarburos mediante una estrategia centrada en la inversi\u00f3n en exploraci\u00f3n y la optimizaci\u00f3n de las operaciones productivas.<\/p>\n","protected":false},"excerpt":{"rendered":"<p>Yacimientos Petrol\u00edferos Fiscales Bolivianos (YPFB) ya tiene las certificaciones de reservas de gas 2022 y 2023, y actualmente corrobora los datos para darlas a conocer a la poblaci\u00f3n, revel\u00f3 ayer el presidente de la estatal petrolera, Armin Dorgathen. \u201cEl tema reservas que es otra de las preguntas que siempre nos hacen \u2018\u00bfcu\u00e1ndo van a sacar [&hellip;]<\/p>\n","protected":false},"author":1,"featured_media":217841,"comment_status":"open","ping_status":"open","sticky":false,"template":"","format":"standard","meta":{"_acf_changed":false,"footnotes":""},"categories":[7],"tags":[],"class_list":["post-217840","post","type-post","status-publish","format-standard","has-post-thumbnail","category-economia"],"acf":{"antetitulo":""},"yoast_head":"<!-- This site is optimized with the Yoast SEO plugin v28.3 - https:\/\/yoast.com\/product\/yoast-seo-wordpress\/ -->\n<title>YPFB tiene certificaci\u00f3n de reservas de gas 2022 y 2023, pero corrobora datos para publicarlas - El Diario - Bolivia<\/title>\n<meta name=\"robots\" content=\"index, follow, max-snippet:-1, max-image-preview:large, max-video-preview:-1\" \/>\n<link rel=\"canonical\" href=\"https:\/\/www.eldiario.net\/portal\/2024\/05\/01\/ypfb-tiene-certificacion-de-reservas-de-gas-2022-y-2023-pero-corrobora-datos-para-publicarlas\/\" \/>\n<meta property=\"og:locale\" content=\"es_ES\" \/>\n<meta property=\"og:type\" content=\"article\" \/>\n<meta property=\"og:title\" content=\"YPFB tiene certificaci\u00f3n de reservas de gas 2022 y 2023, pero corrobora datos para publicarlas - El Diario - Bolivia\" \/>\n<meta property=\"og:description\" content=\"Yacimientos Petrol\u00edferos Fiscales Bolivianos (YPFB) ya tiene las certificaciones de reservas de gas 2022 y 2023, y actualmente corrobora los datos para darlas a conocer a la poblaci\u00f3n, revel\u00f3 ayer el presidente de la estatal petrolera, Armin Dorgathen. \u201cEl tema reservas que es otra de las preguntas que siempre nos hacen \u2018\u00bfcu\u00e1ndo van a sacar [&hellip;]\" \/>\n<meta property=\"og:url\" content=\"https:\/\/www.eldiario.net\/portal\/2024\/05\/01\/ypfb-tiene-certificacion-de-reservas-de-gas-2022-y-2023-pero-corrobora-datos-para-publicarlas\/\" \/>\n<meta property=\"og:site_name\" content=\"El Diario - Bolivia\" \/>\n<meta property=\"article:publisher\" content=\"https:\/\/www.facebook.com\/eldiario.bolivia\/\" \/>\n<meta property=\"article:published_time\" content=\"2024-05-01T09:28:23+00:00\" \/>\n<meta property=\"og:image\" content=\"https:\/\/www.eldiario.net\/portal\/wp-content\/uploads\/2024\/05\/ypfb.jpg\" \/>\n\t<meta property=\"og:image:width\" content=\"1849\" \/>\n\t<meta property=\"og:image:height\" content=\"1181\" \/>\n\t<meta property=\"og:image:type\" content=\"image\/jpeg\" \/>\n<meta name=\"author\" content=\"Jeanette\" \/>\n<meta name=\"twitter:card\" content=\"summary_large_image\" \/>\n<meta name=\"twitter:creator\" content=\"@eldiario_net\" \/>\n<meta name=\"twitter:site\" content=\"@eldiario_net\" \/>\n<meta name=\"twitter:label1\" content=\"Escrito por\" \/>\n\t<meta name=\"twitter:data1\" content=\"Jeanette\" \/>\n\t<meta name=\"twitter:label2\" content=\"Tiempo de lectura\" \/>\n\t<meta name=\"twitter:data2\" content=\"4 minutos\" \/>\n<script type=\"application\/ld+json\" class=\"yoast-schema-graph\">{\"@context\":\"https:\\\/\\\/schema.org\",\"@graph\":[{\"@type\":\"Article\",\"@id\":\"https:\\\/\\\/www.eldiario.net\\\/portal\\\/2024\\\/05\\\/01\\\/ypfb-tiene-certificacion-de-reservas-de-gas-2022-y-2023-pero-corrobora-datos-para-publicarlas\\\/#article\",\"isPartOf\":{\"@id\":\"https:\\\/\\\/www.eldiario.net\\\/portal\\\/2024\\\/05\\\/01\\\/ypfb-tiene-certificacion-de-reservas-de-gas-2022-y-2023-pero-corrobora-datos-para-publicarlas\\\/\"},\"author\":{\"name\":\"Jeanette\",\"@id\":\"https:\\\/\\\/www.eldiario.net\\\/portal\\\/#\\\/schema\\\/person\\\/f46445640444750d7d753ccd04ae01b7\"},\"headline\":\"YPFB tiene certificaci\u00f3n de reservas de gas 2022 y 2023, pero corrobora datos para publicarlas\",\"datePublished\":\"2024-05-01T09:28:23+00:00\",\"mainEntityOfPage\":{\"@id\":\"https:\\\/\\\/www.eldiario.net\\\/portal\\\/2024\\\/05\\\/01\\\/ypfb-tiene-certificacion-de-reservas-de-gas-2022-y-2023-pero-corrobora-datos-para-publicarlas\\\/\"},\"wordCount\":779,\"commentCount\":0,\"publisher\":{\"@id\":\"https:\\\/\\\/www.eldiario.net\\\/portal\\\/#organization\"},\"image\":{\"@id\":\"https:\\\/\\\/www.eldiario.net\\\/portal\\\/2024\\\/05\\\/01\\\/ypfb-tiene-certificacion-de-reservas-de-gas-2022-y-2023-pero-corrobora-datos-para-publicarlas\\\/#primaryimage\"},\"thumbnailUrl\":\"https:\\\/\\\/www.eldiario.net\\\/portal\\\/wp-content\\\/uploads\\\/2024\\\/05\\\/ypfb.jpg\",\"articleSection\":[\"Econom\u00eda\"],\"inLanguage\":\"es\",\"potentialAction\":[{\"@type\":\"CommentAction\",\"name\":\"Comment\",\"target\":[\"https:\\\/\\\/www.eldiario.net\\\/portal\\\/2024\\\/05\\\/01\\\/ypfb-tiene-certificacion-de-reservas-de-gas-2022-y-2023-pero-corrobora-datos-para-publicarlas\\\/#respond\"]}]},{\"@type\":\"WebPage\",\"@id\":\"https:\\\/\\\/www.eldiario.net\\\/portal\\\/2024\\\/05\\\/01\\\/ypfb-tiene-certificacion-de-reservas-de-gas-2022-y-2023-pero-corrobora-datos-para-publicarlas\\\/\",\"url\":\"https:\\\/\\\/www.eldiario.net\\\/portal\\\/2024\\\/05\\\/01\\\/ypfb-tiene-certificacion-de-reservas-de-gas-2022-y-2023-pero-corrobora-datos-para-publicarlas\\\/\",\"name\":\"YPFB tiene certificaci\u00f3n de reservas de gas 2022 y 2023, pero corrobora datos para publicarlas - El Diario - Bolivia\",\"isPartOf\":{\"@id\":\"https:\\\/\\\/www.eldiario.net\\\/portal\\\/#website\"},\"primaryImageOfPage\":{\"@id\":\"https:\\\/\\\/www.eldiario.net\\\/portal\\\/2024\\\/05\\\/01\\\/ypfb-tiene-certificacion-de-reservas-de-gas-2022-y-2023-pero-corrobora-datos-para-publicarlas\\\/#primaryimage\"},\"image\":{\"@id\":\"https:\\\/\\\/www.eldiario.net\\\/portal\\\/2024\\\/05\\\/01\\\/ypfb-tiene-certificacion-de-reservas-de-gas-2022-y-2023-pero-corrobora-datos-para-publicarlas\\\/#primaryimage\"},\"thumbnailUrl\":\"https:\\\/\\\/www.eldiario.net\\\/portal\\\/wp-content\\\/uploads\\\/2024\\\/05\\\/ypfb.jpg\",\"datePublished\":\"2024-05-01T09:28:23+00:00\",\"breadcrumb\":{\"@id\":\"https:\\\/\\\/www.eldiario.net\\\/portal\\\/2024\\\/05\\\/01\\\/ypfb-tiene-certificacion-de-reservas-de-gas-2022-y-2023-pero-corrobora-datos-para-publicarlas\\\/#breadcrumb\"},\"inLanguage\":\"es\",\"potentialAction\":[{\"@type\":\"ReadAction\",\"target\":[\"https:\\\/\\\/www.eldiario.net\\\/portal\\\/2024\\\/05\\\/01\\\/ypfb-tiene-certificacion-de-reservas-de-gas-2022-y-2023-pero-corrobora-datos-para-publicarlas\\\/\"]}]},{\"@type\":\"ImageObject\",\"inLanguage\":\"es\",\"@id\":\"https:\\\/\\\/www.eldiario.net\\\/portal\\\/2024\\\/05\\\/01\\\/ypfb-tiene-certificacion-de-reservas-de-gas-2022-y-2023-pero-corrobora-datos-para-publicarlas\\\/#primaryimage\",\"url\":\"https:\\\/\\\/www.eldiario.net\\\/portal\\\/wp-content\\\/uploads\\\/2024\\\/05\\\/ypfb.jpg\",\"contentUrl\":\"https:\\\/\\\/www.eldiario.net\\\/portal\\\/wp-content\\\/uploads\\\/2024\\\/05\\\/ypfb.jpg\",\"width\":1849,\"height\":1181,\"caption\":\"Presidente de YPFB, Armin Dorgathen.\"},{\"@type\":\"BreadcrumbList\",\"@id\":\"https:\\\/\\\/www.eldiario.net\\\/portal\\\/2024\\\/05\\\/01\\\/ypfb-tiene-certificacion-de-reservas-de-gas-2022-y-2023-pero-corrobora-datos-para-publicarlas\\\/#breadcrumb\",\"itemListElement\":[{\"@type\":\"ListItem\",\"position\":1,\"name\":\"Portada\",\"item\":\"https:\\\/\\\/www.eldiario.net\\\/portal\\\/\"},{\"@type\":\"ListItem\",\"position\":2,\"name\":\"YPFB tiene certificaci\u00f3n de reservas de gas 2022 y 2023, pero corrobora datos para publicarlas\"}]},{\"@type\":\"WebSite\",\"@id\":\"https:\\\/\\\/www.eldiario.net\\\/portal\\\/#website\",\"url\":\"https:\\\/\\\/www.eldiario.net\\\/portal\\\/\",\"name\":\"El Diario - Decano de la prensa nacional\",\"description\":\"El Diario - Decano de la prensa nacional\",\"publisher\":{\"@id\":\"https:\\\/\\\/www.eldiario.net\\\/portal\\\/#organization\"},\"potentialAction\":[{\"@type\":\"SearchAction\",\"target\":{\"@type\":\"EntryPoint\",\"urlTemplate\":\"https:\\\/\\\/www.eldiario.net\\\/portal\\\/?s={search_term_string}\"},\"query-input\":{\"@type\":\"PropertyValueSpecification\",\"valueRequired\":true,\"valueName\":\"search_term_string\"}}],\"inLanguage\":\"es\"},{\"@type\":\"Organization\",\"@id\":\"https:\\\/\\\/www.eldiario.net\\\/portal\\\/#organization\",\"name\":\"El Diario - Decano de la prensa nacional\",\"url\":\"https:\\\/\\\/www.eldiario.net\\\/portal\\\/\",\"logo\":{\"@type\":\"ImageObject\",\"inLanguage\":\"es\",\"@id\":\"https:\\\/\\\/www.eldiario.net\\\/portal\\\/#\\\/schema\\\/logo\\\/image\\\/\",\"url\":\"https:\\\/\\\/www.eldiario.net\\\/portal\\\/wp-content\\\/uploads\\\/2023\\\/07\\\/logo_ED.jpg\",\"contentUrl\":\"https:\\\/\\\/www.eldiario.net\\\/portal\\\/wp-content\\\/uploads\\\/2023\\\/07\\\/logo_ED.jpg\",\"width\":272,\"height\":52,\"caption\":\"El Diario - Decano de la prensa nacional\"},\"image\":{\"@id\":\"https:\\\/\\\/www.eldiario.net\\\/portal\\\/#\\\/schema\\\/logo\\\/image\\\/\"},\"sameAs\":[\"https:\\\/\\\/www.facebook.com\\\/eldiario.bolivia\\\/\",\"https:\\\/\\\/x.com\\\/eldiario_net\"]},{\"@type\":\"Person\",\"@id\":\"https:\\\/\\\/www.eldiario.net\\\/portal\\\/#\\\/schema\\\/person\\\/f46445640444750d7d753ccd04ae01b7\",\"name\":\"Jeanette\",\"image\":{\"@type\":\"ImageObject\",\"inLanguage\":\"es\",\"@id\":\"https:\\\/\\\/secure.gravatar.com\\\/avatar\\\/3ea2118a5f7dad2b7138b1187a6b7ee55f160b9968b66013c3a3ef39dd7e5798?s=96&d=mm&r=g\",\"url\":\"https:\\\/\\\/secure.gravatar.com\\\/avatar\\\/3ea2118a5f7dad2b7138b1187a6b7ee55f160b9968b66013c3a3ef39dd7e5798?s=96&d=mm&r=g\",\"contentUrl\":\"https:\\\/\\\/secure.gravatar.com\\\/avatar\\\/3ea2118a5f7dad2b7138b1187a6b7ee55f160b9968b66013c3a3ef39dd7e5798?s=96&d=mm&r=g\",\"caption\":\"Jeanette\"},\"sameAs\":[\"https:\\\/\\\/www.eldiario.net\\\/portal\"],\"url\":\"https:\\\/\\\/www.eldiario.net\\\/portal\\\/author\\\/jeanette\\\/\"}]}<\/script>\n<!-- \/ Yoast SEO plugin. -->","yoast_head_json":{"title":"YPFB tiene certificaci\u00f3n de reservas de gas 2022 y 2023, pero corrobora datos para publicarlas - El Diario - Bolivia","robots":{"index":"index","follow":"follow","max-snippet":"max-snippet:-1","max-image-preview":"max-image-preview:large","max-video-preview":"max-video-preview:-1"},"canonical":"https:\/\/www.eldiario.net\/portal\/2024\/05\/01\/ypfb-tiene-certificacion-de-reservas-de-gas-2022-y-2023-pero-corrobora-datos-para-publicarlas\/","og_locale":"es_ES","og_type":"article","og_title":"YPFB tiene certificaci\u00f3n de reservas de gas 2022 y 2023, pero corrobora datos para publicarlas - El Diario - Bolivia","og_description":"Yacimientos Petrol\u00edferos Fiscales Bolivianos (YPFB) ya tiene las certificaciones de reservas de gas 2022 y 2023, y actualmente corrobora los datos para darlas a conocer a la poblaci\u00f3n, revel\u00f3 ayer el presidente de la estatal petrolera, Armin Dorgathen. \u201cEl tema reservas que es otra de las preguntas que siempre nos hacen \u2018\u00bfcu\u00e1ndo van a sacar [&hellip;]","og_url":"https:\/\/www.eldiario.net\/portal\/2024\/05\/01\/ypfb-tiene-certificacion-de-reservas-de-gas-2022-y-2023-pero-corrobora-datos-para-publicarlas\/","og_site_name":"El Diario - Bolivia","article_publisher":"https:\/\/www.facebook.com\/eldiario.bolivia\/","article_published_time":"2024-05-01T09:28:23+00:00","og_image":[{"width":1849,"height":1181,"url":"https:\/\/www.eldiario.net\/portal\/wp-content\/uploads\/2024\/05\/ypfb.jpg","type":"image\/jpeg"}],"author":"Jeanette","twitter_card":"summary_large_image","twitter_creator":"@eldiario_net","twitter_site":"@eldiario_net","twitter_misc":{"Escrito por":"Jeanette","Tiempo de lectura":"4 minutos"},"schema":{"@context":"https:\/\/schema.org","@graph":[{"@type":"Article","@id":"https:\/\/www.eldiario.net\/portal\/2024\/05\/01\/ypfb-tiene-certificacion-de-reservas-de-gas-2022-y-2023-pero-corrobora-datos-para-publicarlas\/#article","isPartOf":{"@id":"https:\/\/www.eldiario.net\/portal\/2024\/05\/01\/ypfb-tiene-certificacion-de-reservas-de-gas-2022-y-2023-pero-corrobora-datos-para-publicarlas\/"},"author":{"name":"Jeanette","@id":"https:\/\/www.eldiario.net\/portal\/#\/schema\/person\/f46445640444750d7d753ccd04ae01b7"},"headline":"YPFB tiene certificaci\u00f3n de reservas de gas 2022 y 2023, pero corrobora datos para publicarlas","datePublished":"2024-05-01T09:28:23+00:00","mainEntityOfPage":{"@id":"https:\/\/www.eldiario.net\/portal\/2024\/05\/01\/ypfb-tiene-certificacion-de-reservas-de-gas-2022-y-2023-pero-corrobora-datos-para-publicarlas\/"},"wordCount":779,"commentCount":0,"publisher":{"@id":"https:\/\/www.eldiario.net\/portal\/#organization"},"image":{"@id":"https:\/\/www.eldiario.net\/portal\/2024\/05\/01\/ypfb-tiene-certificacion-de-reservas-de-gas-2022-y-2023-pero-corrobora-datos-para-publicarlas\/#primaryimage"},"thumbnailUrl":"https:\/\/www.eldiario.net\/portal\/wp-content\/uploads\/2024\/05\/ypfb.jpg","articleSection":["Econom\u00eda"],"inLanguage":"es","potentialAction":[{"@type":"CommentAction","name":"Comment","target":["https:\/\/www.eldiario.net\/portal\/2024\/05\/01\/ypfb-tiene-certificacion-de-reservas-de-gas-2022-y-2023-pero-corrobora-datos-para-publicarlas\/#respond"]}]},{"@type":"WebPage","@id":"https:\/\/www.eldiario.net\/portal\/2024\/05\/01\/ypfb-tiene-certificacion-de-reservas-de-gas-2022-y-2023-pero-corrobora-datos-para-publicarlas\/","url":"https:\/\/www.eldiario.net\/portal\/2024\/05\/01\/ypfb-tiene-certificacion-de-reservas-de-gas-2022-y-2023-pero-corrobora-datos-para-publicarlas\/","name":"YPFB tiene certificaci\u00f3n de reservas de gas 2022 y 2023, pero corrobora datos para publicarlas - El Diario - Bolivia","isPartOf":{"@id":"https:\/\/www.eldiario.net\/portal\/#website"},"primaryImageOfPage":{"@id":"https:\/\/www.eldiario.net\/portal\/2024\/05\/01\/ypfb-tiene-certificacion-de-reservas-de-gas-2022-y-2023-pero-corrobora-datos-para-publicarlas\/#primaryimage"},"image":{"@id":"https:\/\/www.eldiario.net\/portal\/2024\/05\/01\/ypfb-tiene-certificacion-de-reservas-de-gas-2022-y-2023-pero-corrobora-datos-para-publicarlas\/#primaryimage"},"thumbnailUrl":"https:\/\/www.eldiario.net\/portal\/wp-content\/uploads\/2024\/05\/ypfb.jpg","datePublished":"2024-05-01T09:28:23+00:00","breadcrumb":{"@id":"https:\/\/www.eldiario.net\/portal\/2024\/05\/01\/ypfb-tiene-certificacion-de-reservas-de-gas-2022-y-2023-pero-corrobora-datos-para-publicarlas\/#breadcrumb"},"inLanguage":"es","potentialAction":[{"@type":"ReadAction","target":["https:\/\/www.eldiario.net\/portal\/2024\/05\/01\/ypfb-tiene-certificacion-de-reservas-de-gas-2022-y-2023-pero-corrobora-datos-para-publicarlas\/"]}]},{"@type":"ImageObject","inLanguage":"es","@id":"https:\/\/www.eldiario.net\/portal\/2024\/05\/01\/ypfb-tiene-certificacion-de-reservas-de-gas-2022-y-2023-pero-corrobora-datos-para-publicarlas\/#primaryimage","url":"https:\/\/www.eldiario.net\/portal\/wp-content\/uploads\/2024\/05\/ypfb.jpg","contentUrl":"https:\/\/www.eldiario.net\/portal\/wp-content\/uploads\/2024\/05\/ypfb.jpg","width":1849,"height":1181,"caption":"Presidente de YPFB, Armin Dorgathen."},{"@type":"BreadcrumbList","@id":"https:\/\/www.eldiario.net\/portal\/2024\/05\/01\/ypfb-tiene-certificacion-de-reservas-de-gas-2022-y-2023-pero-corrobora-datos-para-publicarlas\/#breadcrumb","itemListElement":[{"@type":"ListItem","position":1,"name":"Portada","item":"https:\/\/www.eldiario.net\/portal\/"},{"@type":"ListItem","position":2,"name":"YPFB tiene certificaci\u00f3n de reservas de gas 2022 y 2023, pero corrobora datos para publicarlas"}]},{"@type":"WebSite","@id":"https:\/\/www.eldiario.net\/portal\/#website","url":"https:\/\/www.eldiario.net\/portal\/","name":"El Diario - Decano de la prensa nacional","description":"El Diario - Decano de la prensa nacional","publisher":{"@id":"https:\/\/www.eldiario.net\/portal\/#organization"},"potentialAction":[{"@type":"SearchAction","target":{"@type":"EntryPoint","urlTemplate":"https:\/\/www.eldiario.net\/portal\/?s={search_term_string}"},"query-input":{"@type":"PropertyValueSpecification","valueRequired":true,"valueName":"search_term_string"}}],"inLanguage":"es"},{"@type":"Organization","@id":"https:\/\/www.eldiario.net\/portal\/#organization","name":"El Diario - Decano de la prensa nacional","url":"https:\/\/www.eldiario.net\/portal\/","logo":{"@type":"ImageObject","inLanguage":"es","@id":"https:\/\/www.eldiario.net\/portal\/#\/schema\/logo\/image\/","url":"https:\/\/www.eldiario.net\/portal\/wp-content\/uploads\/2023\/07\/logo_ED.jpg","contentUrl":"https:\/\/www.eldiario.net\/portal\/wp-content\/uploads\/2023\/07\/logo_ED.jpg","width":272,"height":52,"caption":"El Diario - Decano de la prensa nacional"},"image":{"@id":"https:\/\/www.eldiario.net\/portal\/#\/schema\/logo\/image\/"},"sameAs":["https:\/\/www.facebook.com\/eldiario.bolivia\/","https:\/\/x.com\/eldiario_net"]},{"@type":"Person","@id":"https:\/\/www.eldiario.net\/portal\/#\/schema\/person\/f46445640444750d7d753ccd04ae01b7","name":"Jeanette","image":{"@type":"ImageObject","inLanguage":"es","@id":"https:\/\/secure.gravatar.com\/avatar\/3ea2118a5f7dad2b7138b1187a6b7ee55f160b9968b66013c3a3ef39dd7e5798?s=96&d=mm&r=g","url":"https:\/\/secure.gravatar.com\/avatar\/3ea2118a5f7dad2b7138b1187a6b7ee55f160b9968b66013c3a3ef39dd7e5798?s=96&d=mm&r=g","contentUrl":"https:\/\/secure.gravatar.com\/avatar\/3ea2118a5f7dad2b7138b1187a6b7ee55f160b9968b66013c3a3ef39dd7e5798?s=96&d=mm&r=g","caption":"Jeanette"},"sameAs":["https:\/\/www.eldiario.net\/portal"],"url":"https:\/\/www.eldiario.net\/portal\/author\/jeanette\/"}]}},"_links":{"self":[{"href":"https:\/\/www.eldiario.net\/portal\/wp-json\/wp\/v2\/posts\/217840","targetHints":{"allow":["GET"]}}],"collection":[{"href":"https:\/\/www.eldiario.net\/portal\/wp-json\/wp\/v2\/posts"}],"about":[{"href":"https:\/\/www.eldiario.net\/portal\/wp-json\/wp\/v2\/types\/post"}],"author":[{"embeddable":true,"href":"https:\/\/www.eldiario.net\/portal\/wp-json\/wp\/v2\/users\/1"}],"replies":[{"embeddable":true,"href":"https:\/\/www.eldiario.net\/portal\/wp-json\/wp\/v2\/comments?post=217840"}],"version-history":[{"count":1,"href":"https:\/\/www.eldiario.net\/portal\/wp-json\/wp\/v2\/posts\/217840\/revisions"}],"predecessor-version":[{"id":217842,"href":"https:\/\/www.eldiario.net\/portal\/wp-json\/wp\/v2\/posts\/217840\/revisions\/217842"}],"wp:featuredmedia":[{"embeddable":true,"href":"https:\/\/www.eldiario.net\/portal\/wp-json\/wp\/v2\/media\/217841"}],"wp:attachment":[{"href":"https:\/\/www.eldiario.net\/portal\/wp-json\/wp\/v2\/media?parent=217840"}],"wp:term":[{"taxonomy":"category","embeddable":true,"href":"https:\/\/www.eldiario.net\/portal\/wp-json\/wp\/v2\/categories?post=217840"},{"taxonomy":"post_tag","embeddable":true,"href":"https:\/\/www.eldiario.net\/portal\/wp-json\/wp\/v2\/tags?post=217840"}],"curies":[{"name":"wp","href":"https:\/\/api.w.org\/{rel}","templated":true}]}}