{"id":217838,"date":"2024-05-01T05:27:27","date_gmt":"2024-05-01T09:27:27","guid":{"rendered":"https:\/\/www.eldiario.net\/portal\/?p=217838"},"modified":"2024-05-01T05:27:27","modified_gmt":"2024-05-01T09:27:27","slug":"plantean-8-medidas-para-virar-a-un-modelo-de-libre-mercado","status":"publish","type":"post","link":"https:\/\/www.eldiario.net\/portal\/2024\/05\/01\/plantean-8-medidas-para-virar-a-un-modelo-de-libre-mercado\/","title":{"rendered":"Plantean 8 medidas para virar  a un modelo de libre mercado"},"content":{"rendered":"<p>Ante los anuncios del presidente Luis Arce de que no hay recursos ni gas, economistas plantean varias medidas para transitar a un modelo de libre mercado para evitar los desequilibrios macroecon\u00f3micos, que pueden afectar la paz social. Una de ellas es la reducci\u00f3n del gasto p\u00fablico, as\u00ed como el cierre de empresas p\u00fablicas deficitarias, que forman parte de las medidas planteadas por economistas para mejorar la econom\u00eda nacional.<br \/>\nLa crisis cambiaria se acent\u00faa d\u00eda a d\u00eda y los desequilibrios macroecon\u00f3micos son un peligro para la paz social. Debemos atacar la causa del problema qu\u00e9 reside en el actual Modelo Econ\u00f3mico Socialista y transitar hacia un Modelo Econ\u00f3mico de Mercado Libre que se transformar\u00e1 en bienestar para todo el pueblo boliviano, se\u00f1ala el economista y concejal de Santa Cruz Jos\u00e9 Alberti en su cuenta de X.<br \/>\n\u201c8 estrategias para la discusi\u00f3n que podr\u00edan estabilizar la econom\u00eda y generar crecimiento econ\u00f3mico en Bolivia en corto y mediano plazo\u201d, escribi\u00f3 Alberti en su cuenta @AlbertiJose.<br \/>\nEn primer lugar, se\u00f1ala que se debe aprovechar y potenciar nuestras actuales ventajas econ\u00f3micas comparativas; segundo, remover regulaciones, restricciones y obst\u00e1culos, que asfixian al sector financiero, productivo y emprendedor. Incluidos cupos y el Impuesto a las Transacciones Financieras (ITF); en tercer lugar, plantea modificar el tipo de cambio s\u00faper fijo a flexible; como cuarta propuesta se\u00f1ala que se debe reducir en 50% el gasto p\u00fablico corriente del nivel Central.<br \/>\nEn quinto lugar est\u00e1 levantar el subsidio a la gasolina y di\u00e9sel. Y crear mecanismos de transferencias directas para sectores m\u00e1s vulnerables; la sexta sugerencia tiene que ver con incentivar las exportaciones no tradicionales, turismo y la inversi\u00f3n privada nacional y extranjera; el s\u00e9ptimo planteamiento tiene que ver con la generaci\u00f3n de una pol\u00edtica de transici\u00f3n energ\u00e9tica hacia energ\u00edas m\u00e1s sustentables; y el octavo planteamiento apunta a generar un Proyecto de Ley de Aplicaci\u00f3n inmediata de la Biotecnolog\u00eda para la agricultura y la medicina.<br \/>\nEn su momento, tambi\u00e9n el economista Gonzalo Ch\u00e1vez, en sus redes sociales, sugiri\u00f3 que una de las primeras medidas que debe tomar el Gobierno para reducir el d\u00e9ficit fiscal, es la reducci\u00f3n del gasto social, as\u00ed como el aparato estatal.<br \/>\nTambi\u00e9n sugiri\u00f3 el cierre de empresas p\u00fablicas deficitarias y la paralizaci\u00f3n del proceso de industrializaci\u00f3n.<\/p>\n","protected":false},"excerpt":{"rendered":"<p>Ante los anuncios del presidente Luis Arce de que no hay recursos ni gas, economistas plantean varias medidas para transitar a un modelo de libre mercado para evitar los desequilibrios macroecon\u00f3micos, que pueden afectar la paz social. Una de ellas es la reducci\u00f3n del gasto p\u00fablico, as\u00ed como el cierre de empresas p\u00fablicas deficitarias, que [&hellip;]<\/p>\n","protected":false},"author":1,"featured_media":194689,"comment_status":"open","ping_status":"open","sticky":false,"template":"","format":"standard","meta":{"_acf_changed":false,"footnotes":""},"categories":[7],"tags":[],"class_list":["post-217838","post","type-post","status-publish","format-standard","has-post-thumbnail","category-economia"],"acf":{"antetitulo":""},"yoast_head":"<!-- This site is optimized with the Yoast SEO plugin v28.3 - https:\/\/yoast.com\/product\/yoast-seo-wordpress\/ -->\n<title>Plantean 8 medidas para virar a un modelo de libre mercado - El Diario - Bolivia<\/title>\n<meta name=\"robots\" content=\"index, follow, max-snippet:-1, max-image-preview:large, max-video-preview:-1\" \/>\n<link rel=\"canonical\" href=\"https:\/\/www.eldiario.net\/portal\/2024\/05\/01\/plantean-8-medidas-para-virar-a-un-modelo-de-libre-mercado\/\" \/>\n<meta property=\"og:locale\" content=\"es_ES\" \/>\n<meta property=\"og:type\" content=\"article\" \/>\n<meta property=\"og:title\" content=\"Plantean 8 medidas para virar a un modelo de libre mercado - El Diario - Bolivia\" \/>\n<meta property=\"og:description\" content=\"Ante los anuncios del presidente Luis Arce de que no hay recursos ni gas, economistas plantean varias medidas para transitar a un modelo de libre mercado para evitar los desequilibrios macroecon\u00f3micos, que pueden afectar la paz social. Una de ellas es la reducci\u00f3n del gasto p\u00fablico, as\u00ed como el cierre de empresas p\u00fablicas deficitarias, que [&hellip;]\" \/>\n<meta property=\"og:url\" content=\"https:\/\/www.eldiario.net\/portal\/2024\/05\/01\/plantean-8-medidas-para-virar-a-un-modelo-de-libre-mercado\/\" \/>\n<meta property=\"og:site_name\" content=\"El Diario - Bolivia\" \/>\n<meta property=\"article:publisher\" content=\"https:\/\/www.facebook.com\/eldiario.bolivia\/\" \/>\n<meta property=\"article:published_time\" content=\"2024-05-01T09:27:27+00:00\" \/>\n<meta property=\"og:image\" content=\"https:\/\/www.eldiario.net\/portal\/wp-content\/uploads\/2023\/12\/Economia.jpg\" \/>\n\t<meta property=\"og:image:width\" content=\"800\" \/>\n\t<meta property=\"og:image:height\" content=\"500\" \/>\n\t<meta property=\"og:image:type\" content=\"image\/jpeg\" \/>\n<meta name=\"author\" content=\"Jeanette\" \/>\n<meta name=\"twitter:card\" content=\"summary_large_image\" \/>\n<meta name=\"twitter:creator\" content=\"@eldiario_net\" \/>\n<meta name=\"twitter:site\" content=\"@eldiario_net\" \/>\n<meta name=\"twitter:label1\" content=\"Escrito por\" \/>\n\t<meta name=\"twitter:data1\" content=\"Jeanette\" \/>\n\t<meta name=\"twitter:label2\" content=\"Tiempo de lectura\" \/>\n\t<meta name=\"twitter:data2\" content=\"2 minutos\" \/>\n<script type=\"application\/ld+json\" class=\"yoast-schema-graph\">{\"@context\":\"https:\\\/\\\/schema.org\",\"@graph\":[{\"@type\":\"Article\",\"@id\":\"https:\\\/\\\/www.eldiario.net\\\/portal\\\/2024\\\/05\\\/01\\\/plantean-8-medidas-para-virar-a-un-modelo-de-libre-mercado\\\/#article\",\"isPartOf\":{\"@id\":\"https:\\\/\\\/www.eldiario.net\\\/portal\\\/2024\\\/05\\\/01\\\/plantean-8-medidas-para-virar-a-un-modelo-de-libre-mercado\\\/\"},\"author\":{\"name\":\"Jeanette\",\"@id\":\"https:\\\/\\\/www.eldiario.net\\\/portal\\\/#\\\/schema\\\/person\\\/f46445640444750d7d753ccd04ae01b7\"},\"headline\":\"Plantean 8 medidas para virar a un modelo de libre mercado\",\"datePublished\":\"2024-05-01T09:27:27+00:00\",\"mainEntityOfPage\":{\"@id\":\"https:\\\/\\\/www.eldiario.net\\\/portal\\\/2024\\\/05\\\/01\\\/plantean-8-medidas-para-virar-a-un-modelo-de-libre-mercado\\\/\"},\"wordCount\":420,\"commentCount\":0,\"publisher\":{\"@id\":\"https:\\\/\\\/www.eldiario.net\\\/portal\\\/#organization\"},\"image\":{\"@id\":\"https:\\\/\\\/www.eldiario.net\\\/portal\\\/2024\\\/05\\\/01\\\/plantean-8-medidas-para-virar-a-un-modelo-de-libre-mercado\\\/#primaryimage\"},\"thumbnailUrl\":\"https:\\\/\\\/www.eldiario.net\\\/portal\\\/wp-content\\\/uploads\\\/2023\\\/12\\\/Economia.jpg\",\"articleSection\":[\"Econom\u00eda\"],\"inLanguage\":\"es\",\"potentialAction\":[{\"@type\":\"CommentAction\",\"name\":\"Comment\",\"target\":[\"https:\\\/\\\/www.eldiario.net\\\/portal\\\/2024\\\/05\\\/01\\\/plantean-8-medidas-para-virar-a-un-modelo-de-libre-mercado\\\/#respond\"]}]},{\"@type\":\"WebPage\",\"@id\":\"https:\\\/\\\/www.eldiario.net\\\/portal\\\/2024\\\/05\\\/01\\\/plantean-8-medidas-para-virar-a-un-modelo-de-libre-mercado\\\/\",\"url\":\"https:\\\/\\\/www.eldiario.net\\\/portal\\\/2024\\\/05\\\/01\\\/plantean-8-medidas-para-virar-a-un-modelo-de-libre-mercado\\\/\",\"name\":\"Plantean 8 medidas para virar a un modelo de libre mercado - El Diario - Bolivia\",\"isPartOf\":{\"@id\":\"https:\\\/\\\/www.eldiario.net\\\/portal\\\/#website\"},\"primaryImageOfPage\":{\"@id\":\"https:\\\/\\\/www.eldiario.net\\\/portal\\\/2024\\\/05\\\/01\\\/plantean-8-medidas-para-virar-a-un-modelo-de-libre-mercado\\\/#primaryimage\"},\"image\":{\"@id\":\"https:\\\/\\\/www.eldiario.net\\\/portal\\\/2024\\\/05\\\/01\\\/plantean-8-medidas-para-virar-a-un-modelo-de-libre-mercado\\\/#primaryimage\"},\"thumbnailUrl\":\"https:\\\/\\\/www.eldiario.net\\\/portal\\\/wp-content\\\/uploads\\\/2023\\\/12\\\/Economia.jpg\",\"datePublished\":\"2024-05-01T09:27:27+00:00\",\"breadcrumb\":{\"@id\":\"https:\\\/\\\/www.eldiario.net\\\/portal\\\/2024\\\/05\\\/01\\\/plantean-8-medidas-para-virar-a-un-modelo-de-libre-mercado\\\/#breadcrumb\"},\"inLanguage\":\"es\",\"potentialAction\":[{\"@type\":\"ReadAction\",\"target\":[\"https:\\\/\\\/www.eldiario.net\\\/portal\\\/2024\\\/05\\\/01\\\/plantean-8-medidas-para-virar-a-un-modelo-de-libre-mercado\\\/\"]}]},{\"@type\":\"ImageObject\",\"inLanguage\":\"es\",\"@id\":\"https:\\\/\\\/www.eldiario.net\\\/portal\\\/2024\\\/05\\\/01\\\/plantean-8-medidas-para-virar-a-un-modelo-de-libre-mercado\\\/#primaryimage\",\"url\":\"https:\\\/\\\/www.eldiario.net\\\/portal\\\/wp-content\\\/uploads\\\/2023\\\/12\\\/Economia.jpg\",\"contentUrl\":\"https:\\\/\\\/www.eldiario.net\\\/portal\\\/wp-content\\\/uploads\\\/2023\\\/12\\\/Economia.jpg\",\"width\":800,\"height\":500},{\"@type\":\"BreadcrumbList\",\"@id\":\"https:\\\/\\\/www.eldiario.net\\\/portal\\\/2024\\\/05\\\/01\\\/plantean-8-medidas-para-virar-a-un-modelo-de-libre-mercado\\\/#breadcrumb\",\"itemListElement\":[{\"@type\":\"ListItem\",\"position\":1,\"name\":\"Portada\",\"item\":\"https:\\\/\\\/www.eldiario.net\\\/portal\\\/\"},{\"@type\":\"ListItem\",\"position\":2,\"name\":\"Plantean 8 medidas para virar a un modelo de libre mercado\"}]},{\"@type\":\"WebSite\",\"@id\":\"https:\\\/\\\/www.eldiario.net\\\/portal\\\/#website\",\"url\":\"https:\\\/\\\/www.eldiario.net\\\/portal\\\/\",\"name\":\"El Diario - Decano de la prensa nacional\",\"description\":\"El Diario - Decano de la prensa nacional\",\"publisher\":{\"@id\":\"https:\\\/\\\/www.eldiario.net\\\/portal\\\/#organization\"},\"potentialAction\":[{\"@type\":\"SearchAction\",\"target\":{\"@type\":\"EntryPoint\",\"urlTemplate\":\"https:\\\/\\\/www.eldiario.net\\\/portal\\\/?s={search_term_string}\"},\"query-input\":{\"@type\":\"PropertyValueSpecification\",\"valueRequired\":true,\"valueName\":\"search_term_string\"}}],\"inLanguage\":\"es\"},{\"@type\":\"Organization\",\"@id\":\"https:\\\/\\\/www.eldiario.net\\\/portal\\\/#organization\",\"name\":\"El Diario - Decano de la prensa nacional\",\"url\":\"https:\\\/\\\/www.eldiario.net\\\/portal\\\/\",\"logo\":{\"@type\":\"ImageObject\",\"inLanguage\":\"es\",\"@id\":\"https:\\\/\\\/www.eldiario.net\\\/portal\\\/#\\\/schema\\\/logo\\\/image\\\/\",\"url\":\"https:\\\/\\\/www.eldiario.net\\\/portal\\\/wp-content\\\/uploads\\\/2023\\\/07\\\/logo_ED.jpg\",\"contentUrl\":\"https:\\\/\\\/www.eldiario.net\\\/portal\\\/wp-content\\\/uploads\\\/2023\\\/07\\\/logo_ED.jpg\",\"width\":272,\"height\":52,\"caption\":\"El Diario - Decano de la prensa nacional\"},\"image\":{\"@id\":\"https:\\\/\\\/www.eldiario.net\\\/portal\\\/#\\\/schema\\\/logo\\\/image\\\/\"},\"sameAs\":[\"https:\\\/\\\/www.facebook.com\\\/eldiario.bolivia\\\/\",\"https:\\\/\\\/x.com\\\/eldiario_net\"]},{\"@type\":\"Person\",\"@id\":\"https:\\\/\\\/www.eldiario.net\\\/portal\\\/#\\\/schema\\\/person\\\/f46445640444750d7d753ccd04ae01b7\",\"name\":\"Jeanette\",\"image\":{\"@type\":\"ImageObject\",\"inLanguage\":\"es\",\"@id\":\"https:\\\/\\\/secure.gravatar.com\\\/avatar\\\/3ea2118a5f7dad2b7138b1187a6b7ee55f160b9968b66013c3a3ef39dd7e5798?s=96&d=mm&r=g\",\"url\":\"https:\\\/\\\/secure.gravatar.com\\\/avatar\\\/3ea2118a5f7dad2b7138b1187a6b7ee55f160b9968b66013c3a3ef39dd7e5798?s=96&d=mm&r=g\",\"contentUrl\":\"https:\\\/\\\/secure.gravatar.com\\\/avatar\\\/3ea2118a5f7dad2b7138b1187a6b7ee55f160b9968b66013c3a3ef39dd7e5798?s=96&d=mm&r=g\",\"caption\":\"Jeanette\"},\"sameAs\":[\"https:\\\/\\\/www.eldiario.net\\\/portal\"],\"url\":\"https:\\\/\\\/www.eldiario.net\\\/portal\\\/author\\\/jeanette\\\/\"}]}<\/script>\n<!-- \/ Yoast SEO plugin. -->","yoast_head_json":{"title":"Plantean 8 medidas para virar a un modelo de libre mercado - El Diario - Bolivia","robots":{"index":"index","follow":"follow","max-snippet":"max-snippet:-1","max-image-preview":"max-image-preview:large","max-video-preview":"max-video-preview:-1"},"canonical":"https:\/\/www.eldiario.net\/portal\/2024\/05\/01\/plantean-8-medidas-para-virar-a-un-modelo-de-libre-mercado\/","og_locale":"es_ES","og_type":"article","og_title":"Plantean 8 medidas para virar a un modelo de libre mercado - El Diario - Bolivia","og_description":"Ante los anuncios del presidente Luis Arce de que no hay recursos ni gas, economistas plantean varias medidas para transitar a un modelo de libre mercado para evitar los desequilibrios macroecon\u00f3micos, que pueden afectar la paz social. Una de ellas es la reducci\u00f3n del gasto p\u00fablico, as\u00ed como el cierre de empresas p\u00fablicas deficitarias, que [&hellip;]","og_url":"https:\/\/www.eldiario.net\/portal\/2024\/05\/01\/plantean-8-medidas-para-virar-a-un-modelo-de-libre-mercado\/","og_site_name":"El Diario - Bolivia","article_publisher":"https:\/\/www.facebook.com\/eldiario.bolivia\/","article_published_time":"2024-05-01T09:27:27+00:00","og_image":[{"width":800,"height":500,"url":"https:\/\/www.eldiario.net\/portal\/wp-content\/uploads\/2023\/12\/Economia.jpg","type":"image\/jpeg"}],"author":"Jeanette","twitter_card":"summary_large_image","twitter_creator":"@eldiario_net","twitter_site":"@eldiario_net","twitter_misc":{"Escrito por":"Jeanette","Tiempo de lectura":"2 minutos"},"schema":{"@context":"https:\/\/schema.org","@graph":[{"@type":"Article","@id":"https:\/\/www.eldiario.net\/portal\/2024\/05\/01\/plantean-8-medidas-para-virar-a-un-modelo-de-libre-mercado\/#article","isPartOf":{"@id":"https:\/\/www.eldiario.net\/portal\/2024\/05\/01\/plantean-8-medidas-para-virar-a-un-modelo-de-libre-mercado\/"},"author":{"name":"Jeanette","@id":"https:\/\/www.eldiario.net\/portal\/#\/schema\/person\/f46445640444750d7d753ccd04ae01b7"},"headline":"Plantean 8 medidas para virar a un modelo de libre mercado","datePublished":"2024-05-01T09:27:27+00:00","mainEntityOfPage":{"@id":"https:\/\/www.eldiario.net\/portal\/2024\/05\/01\/plantean-8-medidas-para-virar-a-un-modelo-de-libre-mercado\/"},"wordCount":420,"commentCount":0,"publisher":{"@id":"https:\/\/www.eldiario.net\/portal\/#organization"},"image":{"@id":"https:\/\/www.eldiario.net\/portal\/2024\/05\/01\/plantean-8-medidas-para-virar-a-un-modelo-de-libre-mercado\/#primaryimage"},"thumbnailUrl":"https:\/\/www.eldiario.net\/portal\/wp-content\/uploads\/2023\/12\/Economia.jpg","articleSection":["Econom\u00eda"],"inLanguage":"es","potentialAction":[{"@type":"CommentAction","name":"Comment","target":["https:\/\/www.eldiario.net\/portal\/2024\/05\/01\/plantean-8-medidas-para-virar-a-un-modelo-de-libre-mercado\/#respond"]}]},{"@type":"WebPage","@id":"https:\/\/www.eldiario.net\/portal\/2024\/05\/01\/plantean-8-medidas-para-virar-a-un-modelo-de-libre-mercado\/","url":"https:\/\/www.eldiario.net\/portal\/2024\/05\/01\/plantean-8-medidas-para-virar-a-un-modelo-de-libre-mercado\/","name":"Plantean 8 medidas para virar a un modelo de libre mercado - El Diario - Bolivia","isPartOf":{"@id":"https:\/\/www.eldiario.net\/portal\/#website"},"primaryImageOfPage":{"@id":"https:\/\/www.eldiario.net\/portal\/2024\/05\/01\/plantean-8-medidas-para-virar-a-un-modelo-de-libre-mercado\/#primaryimage"},"image":{"@id":"https:\/\/www.eldiario.net\/portal\/2024\/05\/01\/plantean-8-medidas-para-virar-a-un-modelo-de-libre-mercado\/#primaryimage"},"thumbnailUrl":"https:\/\/www.eldiario.net\/portal\/wp-content\/uploads\/2023\/12\/Economia.jpg","datePublished":"2024-05-01T09:27:27+00:00","breadcrumb":{"@id":"https:\/\/www.eldiario.net\/portal\/2024\/05\/01\/plantean-8-medidas-para-virar-a-un-modelo-de-libre-mercado\/#breadcrumb"},"inLanguage":"es","potentialAction":[{"@type":"ReadAction","target":["https:\/\/www.eldiario.net\/portal\/2024\/05\/01\/plantean-8-medidas-para-virar-a-un-modelo-de-libre-mercado\/"]}]},{"@type":"ImageObject","inLanguage":"es","@id":"https:\/\/www.eldiario.net\/portal\/2024\/05\/01\/plantean-8-medidas-para-virar-a-un-modelo-de-libre-mercado\/#primaryimage","url":"https:\/\/www.eldiario.net\/portal\/wp-content\/uploads\/2023\/12\/Economia.jpg","contentUrl":"https:\/\/www.eldiario.net\/portal\/wp-content\/uploads\/2023\/12\/Economia.jpg","width":800,"height":500},{"@type":"BreadcrumbList","@id":"https:\/\/www.eldiario.net\/portal\/2024\/05\/01\/plantean-8-medidas-para-virar-a-un-modelo-de-libre-mercado\/#breadcrumb","itemListElement":[{"@type":"ListItem","position":1,"name":"Portada","item":"https:\/\/www.eldiario.net\/portal\/"},{"@type":"ListItem","position":2,"name":"Plantean 8 medidas para virar a un modelo de libre mercado"}]},{"@type":"WebSite","@id":"https:\/\/www.eldiario.net\/portal\/#website","url":"https:\/\/www.eldiario.net\/portal\/","name":"El Diario - Decano de la prensa nacional","description":"El Diario - Decano de la prensa nacional","publisher":{"@id":"https:\/\/www.eldiario.net\/portal\/#organization"},"potentialAction":[{"@type":"SearchAction","target":{"@type":"EntryPoint","urlTemplate":"https:\/\/www.eldiario.net\/portal\/?s={search_term_string}"},"query-input":{"@type":"PropertyValueSpecification","valueRequired":true,"valueName":"search_term_string"}}],"inLanguage":"es"},{"@type":"Organization","@id":"https:\/\/www.eldiario.net\/portal\/#organization","name":"El Diario - Decano de la prensa nacional","url":"https:\/\/www.eldiario.net\/portal\/","logo":{"@type":"ImageObject","inLanguage":"es","@id":"https:\/\/www.eldiario.net\/portal\/#\/schema\/logo\/image\/","url":"https:\/\/www.eldiario.net\/portal\/wp-content\/uploads\/2023\/07\/logo_ED.jpg","contentUrl":"https:\/\/www.eldiario.net\/portal\/wp-content\/uploads\/2023\/07\/logo_ED.jpg","width":272,"height":52,"caption":"El Diario - Decano de la prensa nacional"},"image":{"@id":"https:\/\/www.eldiario.net\/portal\/#\/schema\/logo\/image\/"},"sameAs":["https:\/\/www.facebook.com\/eldiario.bolivia\/","https:\/\/x.com\/eldiario_net"]},{"@type":"Person","@id":"https:\/\/www.eldiario.net\/portal\/#\/schema\/person\/f46445640444750d7d753ccd04ae01b7","name":"Jeanette","image":{"@type":"ImageObject","inLanguage":"es","@id":"https:\/\/secure.gravatar.com\/avatar\/3ea2118a5f7dad2b7138b1187a6b7ee55f160b9968b66013c3a3ef39dd7e5798?s=96&d=mm&r=g","url":"https:\/\/secure.gravatar.com\/avatar\/3ea2118a5f7dad2b7138b1187a6b7ee55f160b9968b66013c3a3ef39dd7e5798?s=96&d=mm&r=g","contentUrl":"https:\/\/secure.gravatar.com\/avatar\/3ea2118a5f7dad2b7138b1187a6b7ee55f160b9968b66013c3a3ef39dd7e5798?s=96&d=mm&r=g","caption":"Jeanette"},"sameAs":["https:\/\/www.eldiario.net\/portal"],"url":"https:\/\/www.eldiario.net\/portal\/author\/jeanette\/"}]}},"_links":{"self":[{"href":"https:\/\/www.eldiario.net\/portal\/wp-json\/wp\/v2\/posts\/217838","targetHints":{"allow":["GET"]}}],"collection":[{"href":"https:\/\/www.eldiario.net\/portal\/wp-json\/wp\/v2\/posts"}],"about":[{"href":"https:\/\/www.eldiario.net\/portal\/wp-json\/wp\/v2\/types\/post"}],"author":[{"embeddable":true,"href":"https:\/\/www.eldiario.net\/portal\/wp-json\/wp\/v2\/users\/1"}],"replies":[{"embeddable":true,"href":"https:\/\/www.eldiario.net\/portal\/wp-json\/wp\/v2\/comments?post=217838"}],"version-history":[{"count":1,"href":"https:\/\/www.eldiario.net\/portal\/wp-json\/wp\/v2\/posts\/217838\/revisions"}],"predecessor-version":[{"id":217839,"href":"https:\/\/www.eldiario.net\/portal\/wp-json\/wp\/v2\/posts\/217838\/revisions\/217839"}],"wp:featuredmedia":[{"embeddable":true,"href":"https:\/\/www.eldiario.net\/portal\/wp-json\/wp\/v2\/media\/194689"}],"wp:attachment":[{"href":"https:\/\/www.eldiario.net\/portal\/wp-json\/wp\/v2\/media?parent=217838"}],"wp:term":[{"taxonomy":"category","embeddable":true,"href":"https:\/\/www.eldiario.net\/portal\/wp-json\/wp\/v2\/categories?post=217838"},{"taxonomy":"post_tag","embeddable":true,"href":"https:\/\/www.eldiario.net\/portal\/wp-json\/wp\/v2\/tags?post=217838"}],"curies":[{"name":"wp","href":"https:\/\/api.w.org\/{rel}","templated":true}]}}