{"id":217794,"date":"2024-05-01T05:16:10","date_gmt":"2024-05-01T09:16:10","guid":{"rendered":"https:\/\/www.eldiario.net\/portal\/?p=217794"},"modified":"2024-05-01T05:16:10","modified_gmt":"2024-05-01T09:16:10","slug":"economia-china-pierde-impulso-en-manufacturas-y-servicios","status":"publish","type":"post","link":"https:\/\/www.eldiario.net\/portal\/2024\/05\/01\/economia-china-pierde-impulso-en-manufacturas-y-servicios\/","title":{"rendered":"Econom\u00eda china pierde impulso  en manufacturas y servicios"},"content":{"rendered":"<p>La actividad manufacturera y de servicios de China creci\u00f3 a un ritmo m\u00e1s lento en abril, seg\u00fan mostraron los datos oficiales ayer, lo que sugiere una cierta p\u00e9rdida de impulso de la segunda econom\u00eda m\u00e1s grande del mundo a principios del segundo trimestre.<br \/>\nEl enfriamiento de la actividad respecto al notable incremento en marzo, pone de relieve el err\u00e1tico crecimiento de la demanda y subraya los retos a los que se enfrentan los dirigentes econ\u00f3micos, a pesar de que los s\u00f3lidos resultados del PIB del primer trimestre redujeron en parte la urgencia de intensificar las medidas de est\u00edmulo.<br \/>\nEl \u00edndice de gestores de compras (PMI) del sector manufacturero de la Oficina Nacional de Estad\u00edsticas (NBS) cay\u00f3 en abril de los 50,8 en marzo a 50,4, por encima de la marca de 50 que separa el crecimiento de la contracci\u00f3n y justo por encima de la previsi\u00f3n media de 50,3 en una encuesta de Reuters.<br \/>\nLos nuevos pedidos de exportaci\u00f3n crecieron a un ritmo mucho m\u00e1s lento, mientras que el empleo sigui\u00f3 contray\u00e9ndose, seg\u00fan los datos de la NBS.<br \/>\nEl sub\u00edndice de servicios de la encuesta no manufacturera de la NBS creci\u00f3 al ritmo m\u00e1s lento desde enero, situ\u00e1ndose en 50,3 en abril, frente a 52,4 en marzo.<br \/>\nOtra encuesta privada sobre f\u00e1bricas \u2014el informe Caixin\u2014 publicada tambi\u00e9n ayer, mostr\u00f3 que la actividad manufacturera creci\u00f3 m\u00e1s r\u00e1pidamente al aumentar los nuevos pedidos de exportaci\u00f3n.<br \/>\nLos analistas afirman que la divergencia entre el PMI de Caixin y el PMI oficial pone de relieve las diferencias en su cobertura geogr\u00e1fica y sectorial.<br \/>\nLos inversores esperan que las autoridades chinas lancen m\u00e1s est\u00edmulos en apoyo de la econom\u00eda y aguardan pistas de la reuni\u00f3n mensual del Politbur\u00f3, que previsiblemente se centrar\u00e1 en asuntos econ\u00f3micos.<br \/>\nDado que la Reserva Federal de Estados Unidos y otras econom\u00edas desarrolladas no tienen prisa por recortar los tipos de inter\u00e9s, China podr\u00eda enfrentarse a un per\u00edodo m\u00e1s prolongado de moderaci\u00f3n de la demanda exterior. Adem\u00e1s, Beijing sigue enfrent\u00e1ndose a barreras comerciales, ya que Estados Unidos acusa a China de exportar su exceso de capacidad industrial. (Infobae\/Reuters)<\/p>\n","protected":false},"excerpt":{"rendered":"<p>La actividad manufacturera y de servicios de China creci\u00f3 a un ritmo m\u00e1s lento en abril, seg\u00fan mostraron los datos oficiales ayer, lo que sugiere una cierta p\u00e9rdida de impulso de la segunda econom\u00eda m\u00e1s grande del mundo a principios del segundo trimestre. El enfriamiento de la actividad respecto al notable incremento en marzo, pone [&hellip;]<\/p>\n","protected":false},"author":1,"featured_media":217795,"comment_status":"open","ping_status":"open","sticky":false,"template":"","format":"standard","meta":{"_acf_changed":false,"footnotes":""},"categories":[3],"tags":[],"class_list":["post-217794","post","type-post","status-publish","format-standard","has-post-thumbnail","category-internacional"],"acf":{"antetitulo":"Se desaceler\u00f3 en abril"},"yoast_head":"<!-- This site is optimized with the Yoast SEO plugin v28.3 - https:\/\/yoast.com\/product\/yoast-seo-wordpress\/ -->\n<title>Econom\u00eda china pierde impulso en manufacturas y servicios - El Diario - Bolivia<\/title>\n<meta name=\"robots\" content=\"index, follow, max-snippet:-1, max-image-preview:large, max-video-preview:-1\" \/>\n<link rel=\"canonical\" href=\"https:\/\/www.eldiario.net\/portal\/2024\/05\/01\/economia-china-pierde-impulso-en-manufacturas-y-servicios\/\" \/>\n<meta property=\"og:locale\" content=\"es_ES\" \/>\n<meta property=\"og:type\" content=\"article\" \/>\n<meta property=\"og:title\" content=\"Econom\u00eda china pierde impulso en manufacturas y servicios - El Diario - Bolivia\" \/>\n<meta property=\"og:description\" content=\"La actividad manufacturera y de servicios de China creci\u00f3 a un ritmo m\u00e1s lento en abril, seg\u00fan mostraron los datos oficiales ayer, lo que sugiere una cierta p\u00e9rdida de impulso de la segunda econom\u00eda m\u00e1s grande del mundo a principios del segundo trimestre. El enfriamiento de la actividad respecto al notable incremento en marzo, pone [&hellip;]\" \/>\n<meta property=\"og:url\" content=\"https:\/\/www.eldiario.net\/portal\/2024\/05\/01\/economia-china-pierde-impulso-en-manufacturas-y-servicios\/\" \/>\n<meta property=\"og:site_name\" content=\"El Diario - Bolivia\" \/>\n<meta property=\"article:publisher\" content=\"https:\/\/www.facebook.com\/eldiario.bolivia\/\" \/>\n<meta property=\"article:published_time\" content=\"2024-05-01T09:16:10+00:00\" \/>\n<meta property=\"og:image\" content=\"https:\/\/www.eldiario.net\/portal\/wp-content\/uploads\/2024\/05\/FABRICAS.jpg\" \/>\n\t<meta property=\"og:image:width\" content=\"992\" \/>\n\t<meta property=\"og:image:height\" content=\"661\" \/>\n\t<meta property=\"og:image:type\" content=\"image\/jpeg\" \/>\n<meta name=\"author\" content=\"Jeanette\" \/>\n<meta name=\"twitter:card\" content=\"summary_large_image\" \/>\n<meta name=\"twitter:creator\" content=\"@eldiario_net\" \/>\n<meta name=\"twitter:site\" content=\"@eldiario_net\" \/>\n<meta name=\"twitter:label1\" content=\"Escrito por\" \/>\n\t<meta name=\"twitter:data1\" content=\"Jeanette\" \/>\n\t<meta name=\"twitter:label2\" content=\"Tiempo de lectura\" \/>\n\t<meta name=\"twitter:data2\" content=\"2 minutos\" \/>\n<script type=\"application\/ld+json\" class=\"yoast-schema-graph\">{\"@context\":\"https:\\\/\\\/schema.org\",\"@graph\":[{\"@type\":\"Article\",\"@id\":\"https:\\\/\\\/www.eldiario.net\\\/portal\\\/2024\\\/05\\\/01\\\/economia-china-pierde-impulso-en-manufacturas-y-servicios\\\/#article\",\"isPartOf\":{\"@id\":\"https:\\\/\\\/www.eldiario.net\\\/portal\\\/2024\\\/05\\\/01\\\/economia-china-pierde-impulso-en-manufacturas-y-servicios\\\/\"},\"author\":{\"name\":\"Jeanette\",\"@id\":\"https:\\\/\\\/www.eldiario.net\\\/portal\\\/#\\\/schema\\\/person\\\/f46445640444750d7d753ccd04ae01b7\"},\"headline\":\"Econom\u00eda china pierde impulso en manufacturas y servicios\",\"datePublished\":\"2024-05-01T09:16:10+00:00\",\"mainEntityOfPage\":{\"@id\":\"https:\\\/\\\/www.eldiario.net\\\/portal\\\/2024\\\/05\\\/01\\\/economia-china-pierde-impulso-en-manufacturas-y-servicios\\\/\"},\"wordCount\":389,\"commentCount\":0,\"publisher\":{\"@id\":\"https:\\\/\\\/www.eldiario.net\\\/portal\\\/#organization\"},\"image\":{\"@id\":\"https:\\\/\\\/www.eldiario.net\\\/portal\\\/2024\\\/05\\\/01\\\/economia-china-pierde-impulso-en-manufacturas-y-servicios\\\/#primaryimage\"},\"thumbnailUrl\":\"https:\\\/\\\/www.eldiario.net\\\/portal\\\/wp-content\\\/uploads\\\/2024\\\/05\\\/FABRICAS.jpg\",\"articleSection\":[\"Internacional\"],\"inLanguage\":\"es\",\"potentialAction\":[{\"@type\":\"CommentAction\",\"name\":\"Comment\",\"target\":[\"https:\\\/\\\/www.eldiario.net\\\/portal\\\/2024\\\/05\\\/01\\\/economia-china-pierde-impulso-en-manufacturas-y-servicios\\\/#respond\"]}]},{\"@type\":\"WebPage\",\"@id\":\"https:\\\/\\\/www.eldiario.net\\\/portal\\\/2024\\\/05\\\/01\\\/economia-china-pierde-impulso-en-manufacturas-y-servicios\\\/\",\"url\":\"https:\\\/\\\/www.eldiario.net\\\/portal\\\/2024\\\/05\\\/01\\\/economia-china-pierde-impulso-en-manufacturas-y-servicios\\\/\",\"name\":\"Econom\u00eda china pierde impulso en manufacturas y servicios - El Diario - Bolivia\",\"isPartOf\":{\"@id\":\"https:\\\/\\\/www.eldiario.net\\\/portal\\\/#website\"},\"primaryImageOfPage\":{\"@id\":\"https:\\\/\\\/www.eldiario.net\\\/portal\\\/2024\\\/05\\\/01\\\/economia-china-pierde-impulso-en-manufacturas-y-servicios\\\/#primaryimage\"},\"image\":{\"@id\":\"https:\\\/\\\/www.eldiario.net\\\/portal\\\/2024\\\/05\\\/01\\\/economia-china-pierde-impulso-en-manufacturas-y-servicios\\\/#primaryimage\"},\"thumbnailUrl\":\"https:\\\/\\\/www.eldiario.net\\\/portal\\\/wp-content\\\/uploads\\\/2024\\\/05\\\/FABRICAS.jpg\",\"datePublished\":\"2024-05-01T09:16:10+00:00\",\"breadcrumb\":{\"@id\":\"https:\\\/\\\/www.eldiario.net\\\/portal\\\/2024\\\/05\\\/01\\\/economia-china-pierde-impulso-en-manufacturas-y-servicios\\\/#breadcrumb\"},\"inLanguage\":\"es\",\"potentialAction\":[{\"@type\":\"ReadAction\",\"target\":[\"https:\\\/\\\/www.eldiario.net\\\/portal\\\/2024\\\/05\\\/01\\\/economia-china-pierde-impulso-en-manufacturas-y-servicios\\\/\"]}]},{\"@type\":\"ImageObject\",\"inLanguage\":\"es\",\"@id\":\"https:\\\/\\\/www.eldiario.net\\\/portal\\\/2024\\\/05\\\/01\\\/economia-china-pierde-impulso-en-manufacturas-y-servicios\\\/#primaryimage\",\"url\":\"https:\\\/\\\/www.eldiario.net\\\/portal\\\/wp-content\\\/uploads\\\/2024\\\/05\\\/FABRICAS.jpg\",\"contentUrl\":\"https:\\\/\\\/www.eldiario.net\\\/portal\\\/wp-content\\\/uploads\\\/2024\\\/05\\\/FABRICAS.jpg\",\"width\":992,\"height\":661,\"caption\":\"UNO DE LOS SECTORES DE PRODUCCI\u00d3N DE VEH\u00cdCULOS AFECTADOS.\"},{\"@type\":\"BreadcrumbList\",\"@id\":\"https:\\\/\\\/www.eldiario.net\\\/portal\\\/2024\\\/05\\\/01\\\/economia-china-pierde-impulso-en-manufacturas-y-servicios\\\/#breadcrumb\",\"itemListElement\":[{\"@type\":\"ListItem\",\"position\":1,\"name\":\"Portada\",\"item\":\"https:\\\/\\\/www.eldiario.net\\\/portal\\\/\"},{\"@type\":\"ListItem\",\"position\":2,\"name\":\"Econom\u00eda china pierde impulso en manufacturas y servicios\"}]},{\"@type\":\"WebSite\",\"@id\":\"https:\\\/\\\/www.eldiario.net\\\/portal\\\/#website\",\"url\":\"https:\\\/\\\/www.eldiario.net\\\/portal\\\/\",\"name\":\"El Diario - Decano de la prensa nacional\",\"description\":\"El Diario - Decano de la prensa nacional\",\"publisher\":{\"@id\":\"https:\\\/\\\/www.eldiario.net\\\/portal\\\/#organization\"},\"potentialAction\":[{\"@type\":\"SearchAction\",\"target\":{\"@type\":\"EntryPoint\",\"urlTemplate\":\"https:\\\/\\\/www.eldiario.net\\\/portal\\\/?s={search_term_string}\"},\"query-input\":{\"@type\":\"PropertyValueSpecification\",\"valueRequired\":true,\"valueName\":\"search_term_string\"}}],\"inLanguage\":\"es\"},{\"@type\":\"Organization\",\"@id\":\"https:\\\/\\\/www.eldiario.net\\\/portal\\\/#organization\",\"name\":\"El Diario - Decano de la prensa nacional\",\"url\":\"https:\\\/\\\/www.eldiario.net\\\/portal\\\/\",\"logo\":{\"@type\":\"ImageObject\",\"inLanguage\":\"es\",\"@id\":\"https:\\\/\\\/www.eldiario.net\\\/portal\\\/#\\\/schema\\\/logo\\\/image\\\/\",\"url\":\"https:\\\/\\\/www.eldiario.net\\\/portal\\\/wp-content\\\/uploads\\\/2023\\\/07\\\/logo_ED.jpg\",\"contentUrl\":\"https:\\\/\\\/www.eldiario.net\\\/portal\\\/wp-content\\\/uploads\\\/2023\\\/07\\\/logo_ED.jpg\",\"width\":272,\"height\":52,\"caption\":\"El Diario - Decano de la prensa nacional\"},\"image\":{\"@id\":\"https:\\\/\\\/www.eldiario.net\\\/portal\\\/#\\\/schema\\\/logo\\\/image\\\/\"},\"sameAs\":[\"https:\\\/\\\/www.facebook.com\\\/eldiario.bolivia\\\/\",\"https:\\\/\\\/x.com\\\/eldiario_net\"]},{\"@type\":\"Person\",\"@id\":\"https:\\\/\\\/www.eldiario.net\\\/portal\\\/#\\\/schema\\\/person\\\/f46445640444750d7d753ccd04ae01b7\",\"name\":\"Jeanette\",\"image\":{\"@type\":\"ImageObject\",\"inLanguage\":\"es\",\"@id\":\"https:\\\/\\\/secure.gravatar.com\\\/avatar\\\/3ea2118a5f7dad2b7138b1187a6b7ee55f160b9968b66013c3a3ef39dd7e5798?s=96&d=mm&r=g\",\"url\":\"https:\\\/\\\/secure.gravatar.com\\\/avatar\\\/3ea2118a5f7dad2b7138b1187a6b7ee55f160b9968b66013c3a3ef39dd7e5798?s=96&d=mm&r=g\",\"contentUrl\":\"https:\\\/\\\/secure.gravatar.com\\\/avatar\\\/3ea2118a5f7dad2b7138b1187a6b7ee55f160b9968b66013c3a3ef39dd7e5798?s=96&d=mm&r=g\",\"caption\":\"Jeanette\"},\"sameAs\":[\"https:\\\/\\\/www.eldiario.net\\\/portal\"],\"url\":\"https:\\\/\\\/www.eldiario.net\\\/portal\\\/author\\\/jeanette\\\/\"}]}<\/script>\n<!-- \/ Yoast SEO plugin. -->","yoast_head_json":{"title":"Econom\u00eda china pierde impulso en manufacturas y servicios - El Diario - Bolivia","robots":{"index":"index","follow":"follow","max-snippet":"max-snippet:-1","max-image-preview":"max-image-preview:large","max-video-preview":"max-video-preview:-1"},"canonical":"https:\/\/www.eldiario.net\/portal\/2024\/05\/01\/economia-china-pierde-impulso-en-manufacturas-y-servicios\/","og_locale":"es_ES","og_type":"article","og_title":"Econom\u00eda china pierde impulso en manufacturas y servicios - El Diario - Bolivia","og_description":"La actividad manufacturera y de servicios de China creci\u00f3 a un ritmo m\u00e1s lento en abril, seg\u00fan mostraron los datos oficiales ayer, lo que sugiere una cierta p\u00e9rdida de impulso de la segunda econom\u00eda m\u00e1s grande del mundo a principios del segundo trimestre. El enfriamiento de la actividad respecto al notable incremento en marzo, pone [&hellip;]","og_url":"https:\/\/www.eldiario.net\/portal\/2024\/05\/01\/economia-china-pierde-impulso-en-manufacturas-y-servicios\/","og_site_name":"El Diario - Bolivia","article_publisher":"https:\/\/www.facebook.com\/eldiario.bolivia\/","article_published_time":"2024-05-01T09:16:10+00:00","og_image":[{"width":992,"height":661,"url":"https:\/\/www.eldiario.net\/portal\/wp-content\/uploads\/2024\/05\/FABRICAS.jpg","type":"image\/jpeg"}],"author":"Jeanette","twitter_card":"summary_large_image","twitter_creator":"@eldiario_net","twitter_site":"@eldiario_net","twitter_misc":{"Escrito por":"Jeanette","Tiempo de lectura":"2 minutos"},"schema":{"@context":"https:\/\/schema.org","@graph":[{"@type":"Article","@id":"https:\/\/www.eldiario.net\/portal\/2024\/05\/01\/economia-china-pierde-impulso-en-manufacturas-y-servicios\/#article","isPartOf":{"@id":"https:\/\/www.eldiario.net\/portal\/2024\/05\/01\/economia-china-pierde-impulso-en-manufacturas-y-servicios\/"},"author":{"name":"Jeanette","@id":"https:\/\/www.eldiario.net\/portal\/#\/schema\/person\/f46445640444750d7d753ccd04ae01b7"},"headline":"Econom\u00eda china pierde impulso en manufacturas y servicios","datePublished":"2024-05-01T09:16:10+00:00","mainEntityOfPage":{"@id":"https:\/\/www.eldiario.net\/portal\/2024\/05\/01\/economia-china-pierde-impulso-en-manufacturas-y-servicios\/"},"wordCount":389,"commentCount":0,"publisher":{"@id":"https:\/\/www.eldiario.net\/portal\/#organization"},"image":{"@id":"https:\/\/www.eldiario.net\/portal\/2024\/05\/01\/economia-china-pierde-impulso-en-manufacturas-y-servicios\/#primaryimage"},"thumbnailUrl":"https:\/\/www.eldiario.net\/portal\/wp-content\/uploads\/2024\/05\/FABRICAS.jpg","articleSection":["Internacional"],"inLanguage":"es","potentialAction":[{"@type":"CommentAction","name":"Comment","target":["https:\/\/www.eldiario.net\/portal\/2024\/05\/01\/economia-china-pierde-impulso-en-manufacturas-y-servicios\/#respond"]}]},{"@type":"WebPage","@id":"https:\/\/www.eldiario.net\/portal\/2024\/05\/01\/economia-china-pierde-impulso-en-manufacturas-y-servicios\/","url":"https:\/\/www.eldiario.net\/portal\/2024\/05\/01\/economia-china-pierde-impulso-en-manufacturas-y-servicios\/","name":"Econom\u00eda china pierde impulso en manufacturas y servicios - El Diario - Bolivia","isPartOf":{"@id":"https:\/\/www.eldiario.net\/portal\/#website"},"primaryImageOfPage":{"@id":"https:\/\/www.eldiario.net\/portal\/2024\/05\/01\/economia-china-pierde-impulso-en-manufacturas-y-servicios\/#primaryimage"},"image":{"@id":"https:\/\/www.eldiario.net\/portal\/2024\/05\/01\/economia-china-pierde-impulso-en-manufacturas-y-servicios\/#primaryimage"},"thumbnailUrl":"https:\/\/www.eldiario.net\/portal\/wp-content\/uploads\/2024\/05\/FABRICAS.jpg","datePublished":"2024-05-01T09:16:10+00:00","breadcrumb":{"@id":"https:\/\/www.eldiario.net\/portal\/2024\/05\/01\/economia-china-pierde-impulso-en-manufacturas-y-servicios\/#breadcrumb"},"inLanguage":"es","potentialAction":[{"@type":"ReadAction","target":["https:\/\/www.eldiario.net\/portal\/2024\/05\/01\/economia-china-pierde-impulso-en-manufacturas-y-servicios\/"]}]},{"@type":"ImageObject","inLanguage":"es","@id":"https:\/\/www.eldiario.net\/portal\/2024\/05\/01\/economia-china-pierde-impulso-en-manufacturas-y-servicios\/#primaryimage","url":"https:\/\/www.eldiario.net\/portal\/wp-content\/uploads\/2024\/05\/FABRICAS.jpg","contentUrl":"https:\/\/www.eldiario.net\/portal\/wp-content\/uploads\/2024\/05\/FABRICAS.jpg","width":992,"height":661,"caption":"UNO DE LOS SECTORES DE PRODUCCI\u00d3N DE VEH\u00cdCULOS AFECTADOS."},{"@type":"BreadcrumbList","@id":"https:\/\/www.eldiario.net\/portal\/2024\/05\/01\/economia-china-pierde-impulso-en-manufacturas-y-servicios\/#breadcrumb","itemListElement":[{"@type":"ListItem","position":1,"name":"Portada","item":"https:\/\/www.eldiario.net\/portal\/"},{"@type":"ListItem","position":2,"name":"Econom\u00eda china pierde impulso en manufacturas y servicios"}]},{"@type":"WebSite","@id":"https:\/\/www.eldiario.net\/portal\/#website","url":"https:\/\/www.eldiario.net\/portal\/","name":"El Diario - Decano de la prensa nacional","description":"El Diario - Decano de la prensa nacional","publisher":{"@id":"https:\/\/www.eldiario.net\/portal\/#organization"},"potentialAction":[{"@type":"SearchAction","target":{"@type":"EntryPoint","urlTemplate":"https:\/\/www.eldiario.net\/portal\/?s={search_term_string}"},"query-input":{"@type":"PropertyValueSpecification","valueRequired":true,"valueName":"search_term_string"}}],"inLanguage":"es"},{"@type":"Organization","@id":"https:\/\/www.eldiario.net\/portal\/#organization","name":"El Diario - Decano de la prensa nacional","url":"https:\/\/www.eldiario.net\/portal\/","logo":{"@type":"ImageObject","inLanguage":"es","@id":"https:\/\/www.eldiario.net\/portal\/#\/schema\/logo\/image\/","url":"https:\/\/www.eldiario.net\/portal\/wp-content\/uploads\/2023\/07\/logo_ED.jpg","contentUrl":"https:\/\/www.eldiario.net\/portal\/wp-content\/uploads\/2023\/07\/logo_ED.jpg","width":272,"height":52,"caption":"El Diario - Decano de la prensa nacional"},"image":{"@id":"https:\/\/www.eldiario.net\/portal\/#\/schema\/logo\/image\/"},"sameAs":["https:\/\/www.facebook.com\/eldiario.bolivia\/","https:\/\/x.com\/eldiario_net"]},{"@type":"Person","@id":"https:\/\/www.eldiario.net\/portal\/#\/schema\/person\/f46445640444750d7d753ccd04ae01b7","name":"Jeanette","image":{"@type":"ImageObject","inLanguage":"es","@id":"https:\/\/secure.gravatar.com\/avatar\/3ea2118a5f7dad2b7138b1187a6b7ee55f160b9968b66013c3a3ef39dd7e5798?s=96&d=mm&r=g","url":"https:\/\/secure.gravatar.com\/avatar\/3ea2118a5f7dad2b7138b1187a6b7ee55f160b9968b66013c3a3ef39dd7e5798?s=96&d=mm&r=g","contentUrl":"https:\/\/secure.gravatar.com\/avatar\/3ea2118a5f7dad2b7138b1187a6b7ee55f160b9968b66013c3a3ef39dd7e5798?s=96&d=mm&r=g","caption":"Jeanette"},"sameAs":["https:\/\/www.eldiario.net\/portal"],"url":"https:\/\/www.eldiario.net\/portal\/author\/jeanette\/"}]}},"_links":{"self":[{"href":"https:\/\/www.eldiario.net\/portal\/wp-json\/wp\/v2\/posts\/217794","targetHints":{"allow":["GET"]}}],"collection":[{"href":"https:\/\/www.eldiario.net\/portal\/wp-json\/wp\/v2\/posts"}],"about":[{"href":"https:\/\/www.eldiario.net\/portal\/wp-json\/wp\/v2\/types\/post"}],"author":[{"embeddable":true,"href":"https:\/\/www.eldiario.net\/portal\/wp-json\/wp\/v2\/users\/1"}],"replies":[{"embeddable":true,"href":"https:\/\/www.eldiario.net\/portal\/wp-json\/wp\/v2\/comments?post=217794"}],"version-history":[{"count":1,"href":"https:\/\/www.eldiario.net\/portal\/wp-json\/wp\/v2\/posts\/217794\/revisions"}],"predecessor-version":[{"id":217796,"href":"https:\/\/www.eldiario.net\/portal\/wp-json\/wp\/v2\/posts\/217794\/revisions\/217796"}],"wp:featuredmedia":[{"embeddable":true,"href":"https:\/\/www.eldiario.net\/portal\/wp-json\/wp\/v2\/media\/217795"}],"wp:attachment":[{"href":"https:\/\/www.eldiario.net\/portal\/wp-json\/wp\/v2\/media?parent=217794"}],"wp:term":[{"taxonomy":"category","embeddable":true,"href":"https:\/\/www.eldiario.net\/portal\/wp-json\/wp\/v2\/categories?post=217794"},{"taxonomy":"post_tag","embeddable":true,"href":"https:\/\/www.eldiario.net\/portal\/wp-json\/wp\/v2\/tags?post=217794"}],"curies":[{"name":"wp","href":"https:\/\/api.w.org\/{rel}","templated":true}]}}