{"id":217790,"date":"2024-05-01T05:15:11","date_gmt":"2024-05-01T09:15:11","guid":{"rendered":"https:\/\/www.eldiario.net\/portal\/?p=217790"},"modified":"2024-05-01T05:15:11","modified_gmt":"2024-05-01T09:15:11","slug":"dan-plazo-de-48-horas-para-que-presidente-los-atienda","status":"publish","type":"post","link":"https:\/\/www.eldiario.net\/portal\/2024\/05\/01\/dan-plazo-de-48-horas-para-que-presidente-los-atienda\/","title":{"rendered":"Dan plazo de 48 horas para  que Presidente los atienda"},"content":{"rendered":"<p>La denominada \u201cMarcha por las Reivindicaciones Sociales de El Alto\u201d, que comenz\u00f3 el domingo 28 de abril en la poblaci\u00f3n de Ayo Ayo, arrib\u00f3 a la urbe alte\u00f1a y casi de inmediato se dirigi\u00f3 al centro de la ciudad de La Paz, con la intenci\u00f3n de entregar un pliego petitorio al Presidente del Estado y ser atendidos por \u00e9l. Sin embargo, no lograron su cometido y dieron un plazo de 48 horas para que el mandatario los atienda.<br \/>\nLos movilizados fueron dirigentes y vecinos de la Federaci\u00f3n de Juntas Vecinales (Fejuve) de El Alto Sur y de la Fejuve a fin a Juan Saucedo, todos exigen inyecci\u00f3n econ\u00f3mica para la urbe, adem\u00e1s que se cumplan y concluyan diferentes proyectos que se encuentran estancados.<br \/>\n\u201cDespu\u00e9s de entregar nuestro pliego petitorio hemos decidido de que nos reciba el Presidente, le estamos dando 48 horas y nosotros estamos abiertos al di\u00e1logo, hasta las cero horas del d\u00eda viernes\u201d, manifest\u00f3 el primer vicepresidente de la Fejuve El Alto Sur, Nicanor Gonzalo Cochi, en entrevista con EL DIARIO.<br \/>\nEl dirigente vecinal asegur\u00f3 que ya tienen un plan de acciones a desarrollar, en caso de no recibir respuesta o que el presidente del pa\u00eds, Luis Arce Catacora, no los atienda.<br \/>\n\u201cPor estrategia no vamos a anunciar (lo que har\u00e1n), pero tenemos la estrategia de lucha (\u2026) por ejemplo ya no vamos a necesitar que nosotros bajemos, sino que suba el presidente (Arce) y escoja el lugar donde quiere que nosotros asistamos, pero ya tiene que ser en la ciudad de El Alto\u201d, sostuvo Cochi.<br \/>\nLament\u00f3 que despu\u00e9s de haber caminado durante d\u00edas y haber sacrificado su salud, en muchos casos, la primera autoridad del pa\u00eds no los haya atendido.<br \/>\n\u201cHemos sufrido tres d\u00edas de caminata, parece que no es humano (el presidente Arce), eso est\u00e1 mal para la ciudad que le ha llevado a la palestra y estamos preocupados\u201d, advirti\u00f3 a tiempo de recalcar que Arce corre el riesgo de perder el apoyo del sector m\u00e1s importante que lo apoy\u00f3. \u201cHemos estado unas dos horas esperando que nos reciba el presidente (\u2026) la gente estaba cansado porque vinimos a pie, adem\u00e1s nosotros, desde el Distrito 8, hab\u00edan mujeres y personas de edad (\u2026) estamos preocupados, en estado de emergencia\u201d, manifest\u00f3.<br \/>\nEn tanto, en horas de la tarde, el presidente de la Fejuve El Alto, Juan Saucedo, tras el arribo de la marcha al centro pace\u00f1o indic\u00f3 que fue el jefe de gabinete de Luis Arce, quien recibi\u00f3 el pliego petitorio.<br \/>\n\u201cSu jefe de gabinete del presidente (Luis Arce Catacora) nos est\u00e1 recibiendo el pliego petitorio, ahora necesitamos que nos digan si nos va recibir o no en mesa de di\u00e1logo el presidente (\u2026). Queremos reuni\u00f3n, mesa de di\u00e1logo con el presidente, no con sus ministros mentirosos, no con los viceministros que nos cierran las puertas\u201d, recalc\u00f3 Saucedo.<br \/>\nDe acuerdo con el representante vecinal, la movilizaci\u00f3n tiene el fin de pedir presupuesto, obras y atenci\u00f3n para la urbe alte\u00f1a que fue abandonada por varios a\u00f1os.<br \/>\n\u201cEl pueblo (de El Alto) ha sido utilizado varios a\u00f1os como escalera pol\u00edtica (\u2026) esta protesta no es pol\u00edtica, no es para pedir cargos, esta protesta es para pedir obras para El Alto, para m\u00e1s presupuesto para la ciudad de El Alto, m\u00e1s de 17 a\u00f1os, nos han tenido callados nosotros hemos esperado pacientemente, pero ahora es cuando el pueblo alte\u00f1o se ha levantado (\u2026) que nos atienda o nos vemos en las calles\u201d, indic\u00f3.<br \/>\nAmbos entrevistados, a su turno, coincidieron en detallar que entre los principales puntos del pliego petitorio est\u00e1 la inyecci\u00f3n de m\u00e1s presupuesto en la ciudad de El Alto para una revoluci\u00f3n de enlosetados que beneficiar\u00e1 a zonas alejadas de la urbe.<br \/>\nAdem\u00e1s, la continuaci\u00f3n de la carretera camino a Viacha, que requiere la culminaci\u00f3n del asfaltado; terminar proyectos inconclusos de construcci\u00f3n de avenidas como la Arica, Galindo, Jacha Tupo, Jap\u00f3n, Imperial, Perif\u00e9rica, Atahuichi y Panor\u00e1mica, entre otras.<br \/>\n\u201cSi tenemos obras hay que respaldar (al presidente Arce) si no tenemos obras no lo vamos a respaldar (\u2026). El Alto ha llevado a la palestra al (actual) presidente (\u2026) por no escuchar al pueblo cuidado le pase como a Evo Morales\u201d, advirti\u00f3 el representante de la Fejuve Sur.<br \/>\nCAOS<br \/>\nLa ma\u00f1ana del martes, arrib\u00f3 a la urbe alte\u00f1a la marcha de dirigentes y vecinos de El Alto, que hab\u00eda iniciado el domingo 28 de abril en la poblaci\u00f3n de Ayo Ayo, posteriormente con el apoyo de m\u00e1s vecinos y de la propia alcaldesa alte\u00f1a, los movilizados descendieron por v\u00edas troncales hacia la urbe pace\u00f1a.<br \/>\nA su paso, generaron cierre temporales de calles y avenidas y, por ende, congestionamientos viales en su trayecto.<br \/>\nPoco m\u00e1s del mediod\u00eda arribaron, por la avenida Montes, Mariscal Santa Cruz y calles aleda\u00f1as a la sede de Gobierno para intentar ingresar a la plaza Murillo, pero no cumplieron su cometido por lo que se apostaron en alrededores del sector, donde hubo amagues de enfrentamiento con efectivos de la Polic\u00eda.<br \/>\nLuego de permanecer como tres horas, los vecinos y sus representantes se retiraron del lugar.<\/p>\n<figure id=\"attachment_217792\" aria-describedby=\"caption-attachment-217792\" style=\"width: 1500px\" class=\"wp-caption aligncenter\"><img loading=\"lazy\" decoding=\"async\" class=\"size-full wp-image-217792\" src=\"https:\/\/www.eldiario.net\/portal\/wp-content\/uploads\/2024\/05\/F-2-marcha.jpg\" alt=\"\" width=\"1500\" height=\"1000\" srcset=\"https:\/\/www.eldiario.net\/portal\/wp-content\/uploads\/2024\/05\/F-2-marcha.jpg 1500w, https:\/\/www.eldiario.net\/portal\/wp-content\/uploads\/2024\/05\/F-2-marcha-300x200.jpg 300w, https:\/\/www.eldiario.net\/portal\/wp-content\/uploads\/2024\/05\/F-2-marcha-1024x683.jpg 1024w, https:\/\/www.eldiario.net\/portal\/wp-content\/uploads\/2024\/05\/F-2-marcha-768x512.jpg 768w, https:\/\/www.eldiario.net\/portal\/wp-content\/uploads\/2024\/05\/F-2-marcha-630x420.jpg 630w, https:\/\/www.eldiario.net\/portal\/wp-content\/uploads\/2024\/05\/F-2-marcha-696x464.jpg 696w, https:\/\/www.eldiario.net\/portal\/wp-content\/uploads\/2024\/05\/F-2-marcha-1068x712.jpg 1068w\" sizes=\"auto, (max-width: 1500px) 100vw, 1500px\" \/><figcaption id=\"caption-attachment-217792\" class=\"wp-caption-text\">Intentaron ingresar a plaza Murillo, pero sin \u00e9xito.<\/figcaption><\/figure>\n","protected":false},"excerpt":{"rendered":"<p>La denominada \u201cMarcha por las Reivindicaciones Sociales de El Alto\u201d, que comenz\u00f3 el domingo 28 de abril en la poblaci\u00f3n de Ayo Ayo, arrib\u00f3 a la urbe alte\u00f1a y casi de inmediato se dirigi\u00f3 al centro de la ciudad de La Paz, con la intenci\u00f3n de entregar un pliego petitorio al Presidente del Estado y [&hellip;]<\/p>\n","protected":false},"author":1,"featured_media":217791,"comment_status":"open","ping_status":"open","sticky":false,"template":"","format":"standard","meta":{"_acf_changed":false,"footnotes":""},"categories":[12],"tags":[],"class_list":["post-217790","post","type-post","status-publish","format-standard","has-post-thumbnail","category-nacional"],"acf":{"antetitulo":"Llega marcha alte\u00f1a y colapsa v\u00edas en La Paz"},"yoast_head":"<!-- This site is optimized with the Yoast SEO plugin v28.3 - https:\/\/yoast.com\/product\/yoast-seo-wordpress\/ -->\n<title>Dan plazo de 48 horas para que Presidente los atienda - El Diario - Bolivia<\/title>\n<meta name=\"robots\" content=\"index, follow, max-snippet:-1, max-image-preview:large, max-video-preview:-1\" \/>\n<link rel=\"canonical\" href=\"https:\/\/www.eldiario.net\/portal\/2024\/05\/01\/dan-plazo-de-48-horas-para-que-presidente-los-atienda\/\" \/>\n<meta property=\"og:locale\" content=\"es_ES\" \/>\n<meta property=\"og:type\" content=\"article\" \/>\n<meta property=\"og:title\" content=\"Dan plazo de 48 horas para que Presidente los atienda - El Diario - Bolivia\" \/>\n<meta property=\"og:description\" content=\"La denominada \u201cMarcha por las Reivindicaciones Sociales de El Alto\u201d, que comenz\u00f3 el domingo 28 de abril en la poblaci\u00f3n de Ayo Ayo, arrib\u00f3 a la urbe alte\u00f1a y casi de inmediato se dirigi\u00f3 al centro de la ciudad de La Paz, con la intenci\u00f3n de entregar un pliego petitorio al Presidente del Estado y [&hellip;]\" \/>\n<meta property=\"og:url\" content=\"https:\/\/www.eldiario.net\/portal\/2024\/05\/01\/dan-plazo-de-48-horas-para-que-presidente-los-atienda\/\" \/>\n<meta property=\"og:site_name\" content=\"El Diario - Bolivia\" \/>\n<meta property=\"article:publisher\" content=\"https:\/\/www.facebook.com\/eldiario.bolivia\/\" \/>\n<meta property=\"article:published_time\" content=\"2024-05-01T09:15:11+00:00\" \/>\n<meta property=\"og:image\" content=\"https:\/\/www.eldiario.net\/portal\/wp-content\/uploads\/2024\/05\/F-1-marcha-scaled.jpg\" \/>\n\t<meta property=\"og:image:width\" content=\"2560\" \/>\n\t<meta property=\"og:image:height\" content=\"1706\" \/>\n\t<meta property=\"og:image:type\" content=\"image\/jpeg\" \/>\n<meta name=\"author\" content=\"Jeanette\" \/>\n<meta name=\"twitter:card\" content=\"summary_large_image\" \/>\n<meta name=\"twitter:creator\" content=\"@eldiario_net\" \/>\n<meta name=\"twitter:site\" content=\"@eldiario_net\" \/>\n<meta name=\"twitter:label1\" content=\"Escrito por\" \/>\n\t<meta name=\"twitter:data1\" content=\"Jeanette\" \/>\n\t<meta name=\"twitter:label2\" content=\"Tiempo de lectura\" \/>\n\t<meta name=\"twitter:data2\" content=\"5 minutos\" \/>\n<script type=\"application\/ld+json\" class=\"yoast-schema-graph\">{\"@context\":\"https:\\\/\\\/schema.org\",\"@graph\":[{\"@type\":\"Article\",\"@id\":\"https:\\\/\\\/www.eldiario.net\\\/portal\\\/2024\\\/05\\\/01\\\/dan-plazo-de-48-horas-para-que-presidente-los-atienda\\\/#article\",\"isPartOf\":{\"@id\":\"https:\\\/\\\/www.eldiario.net\\\/portal\\\/2024\\\/05\\\/01\\\/dan-plazo-de-48-horas-para-que-presidente-los-atienda\\\/\"},\"author\":{\"name\":\"Jeanette\",\"@id\":\"https:\\\/\\\/www.eldiario.net\\\/portal\\\/#\\\/schema\\\/person\\\/f46445640444750d7d753ccd04ae01b7\"},\"headline\":\"Dan plazo de 48 horas para que Presidente los atienda\",\"datePublished\":\"2024-05-01T09:15:11+00:00\",\"mainEntityOfPage\":{\"@id\":\"https:\\\/\\\/www.eldiario.net\\\/portal\\\/2024\\\/05\\\/01\\\/dan-plazo-de-48-horas-para-que-presidente-los-atienda\\\/\"},\"wordCount\":905,\"commentCount\":0,\"publisher\":{\"@id\":\"https:\\\/\\\/www.eldiario.net\\\/portal\\\/#organization\"},\"image\":{\"@id\":\"https:\\\/\\\/www.eldiario.net\\\/portal\\\/2024\\\/05\\\/01\\\/dan-plazo-de-48-horas-para-que-presidente-los-atienda\\\/#primaryimage\"},\"thumbnailUrl\":\"https:\\\/\\\/www.eldiario.net\\\/portal\\\/wp-content\\\/uploads\\\/2024\\\/05\\\/F-1-marcha-scaled.jpg\",\"articleSection\":[\"Nacional\"],\"inLanguage\":\"es\",\"potentialAction\":[{\"@type\":\"CommentAction\",\"name\":\"Comment\",\"target\":[\"https:\\\/\\\/www.eldiario.net\\\/portal\\\/2024\\\/05\\\/01\\\/dan-plazo-de-48-horas-para-que-presidente-los-atienda\\\/#respond\"]}]},{\"@type\":\"WebPage\",\"@id\":\"https:\\\/\\\/www.eldiario.net\\\/portal\\\/2024\\\/05\\\/01\\\/dan-plazo-de-48-horas-para-que-presidente-los-atienda\\\/\",\"url\":\"https:\\\/\\\/www.eldiario.net\\\/portal\\\/2024\\\/05\\\/01\\\/dan-plazo-de-48-horas-para-que-presidente-los-atienda\\\/\",\"name\":\"Dan plazo de 48 horas para que Presidente los atienda - El Diario - Bolivia\",\"isPartOf\":{\"@id\":\"https:\\\/\\\/www.eldiario.net\\\/portal\\\/#website\"},\"primaryImageOfPage\":{\"@id\":\"https:\\\/\\\/www.eldiario.net\\\/portal\\\/2024\\\/05\\\/01\\\/dan-plazo-de-48-horas-para-que-presidente-los-atienda\\\/#primaryimage\"},\"image\":{\"@id\":\"https:\\\/\\\/www.eldiario.net\\\/portal\\\/2024\\\/05\\\/01\\\/dan-plazo-de-48-horas-para-que-presidente-los-atienda\\\/#primaryimage\"},\"thumbnailUrl\":\"https:\\\/\\\/www.eldiario.net\\\/portal\\\/wp-content\\\/uploads\\\/2024\\\/05\\\/F-1-marcha-scaled.jpg\",\"datePublished\":\"2024-05-01T09:15:11+00:00\",\"breadcrumb\":{\"@id\":\"https:\\\/\\\/www.eldiario.net\\\/portal\\\/2024\\\/05\\\/01\\\/dan-plazo-de-48-horas-para-que-presidente-los-atienda\\\/#breadcrumb\"},\"inLanguage\":\"es\",\"potentialAction\":[{\"@type\":\"ReadAction\",\"target\":[\"https:\\\/\\\/www.eldiario.net\\\/portal\\\/2024\\\/05\\\/01\\\/dan-plazo-de-48-horas-para-que-presidente-los-atienda\\\/\"]}]},{\"@type\":\"ImageObject\",\"inLanguage\":\"es\",\"@id\":\"https:\\\/\\\/www.eldiario.net\\\/portal\\\/2024\\\/05\\\/01\\\/dan-plazo-de-48-horas-para-que-presidente-los-atienda\\\/#primaryimage\",\"url\":\"https:\\\/\\\/www.eldiario.net\\\/portal\\\/wp-content\\\/uploads\\\/2024\\\/05\\\/F-1-marcha-scaled.jpg\",\"contentUrl\":\"https:\\\/\\\/www.eldiario.net\\\/portal\\\/wp-content\\\/uploads\\\/2024\\\/05\\\/F-1-marcha-scaled.jpg\",\"width\":2560,\"height\":1706,\"caption\":\"La marcha descendi\u00f3 por la avenida Naciones Unidas.\"},{\"@type\":\"BreadcrumbList\",\"@id\":\"https:\\\/\\\/www.eldiario.net\\\/portal\\\/2024\\\/05\\\/01\\\/dan-plazo-de-48-horas-para-que-presidente-los-atienda\\\/#breadcrumb\",\"itemListElement\":[{\"@type\":\"ListItem\",\"position\":1,\"name\":\"Portada\",\"item\":\"https:\\\/\\\/www.eldiario.net\\\/portal\\\/\"},{\"@type\":\"ListItem\",\"position\":2,\"name\":\"Dan plazo de 48 horas para que Presidente los atienda\"}]},{\"@type\":\"WebSite\",\"@id\":\"https:\\\/\\\/www.eldiario.net\\\/portal\\\/#website\",\"url\":\"https:\\\/\\\/www.eldiario.net\\\/portal\\\/\",\"name\":\"El Diario - Decano de la prensa nacional\",\"description\":\"El Diario - Decano de la prensa nacional\",\"publisher\":{\"@id\":\"https:\\\/\\\/www.eldiario.net\\\/portal\\\/#organization\"},\"potentialAction\":[{\"@type\":\"SearchAction\",\"target\":{\"@type\":\"EntryPoint\",\"urlTemplate\":\"https:\\\/\\\/www.eldiario.net\\\/portal\\\/?s={search_term_string}\"},\"query-input\":{\"@type\":\"PropertyValueSpecification\",\"valueRequired\":true,\"valueName\":\"search_term_string\"}}],\"inLanguage\":\"es\"},{\"@type\":\"Organization\",\"@id\":\"https:\\\/\\\/www.eldiario.net\\\/portal\\\/#organization\",\"name\":\"El Diario - Decano de la prensa nacional\",\"url\":\"https:\\\/\\\/www.eldiario.net\\\/portal\\\/\",\"logo\":{\"@type\":\"ImageObject\",\"inLanguage\":\"es\",\"@id\":\"https:\\\/\\\/www.eldiario.net\\\/portal\\\/#\\\/schema\\\/logo\\\/image\\\/\",\"url\":\"https:\\\/\\\/www.eldiario.net\\\/portal\\\/wp-content\\\/uploads\\\/2023\\\/07\\\/logo_ED.jpg\",\"contentUrl\":\"https:\\\/\\\/www.eldiario.net\\\/portal\\\/wp-content\\\/uploads\\\/2023\\\/07\\\/logo_ED.jpg\",\"width\":272,\"height\":52,\"caption\":\"El Diario - Decano de la prensa nacional\"},\"image\":{\"@id\":\"https:\\\/\\\/www.eldiario.net\\\/portal\\\/#\\\/schema\\\/logo\\\/image\\\/\"},\"sameAs\":[\"https:\\\/\\\/www.facebook.com\\\/eldiario.bolivia\\\/\",\"https:\\\/\\\/x.com\\\/eldiario_net\"]},{\"@type\":\"Person\",\"@id\":\"https:\\\/\\\/www.eldiario.net\\\/portal\\\/#\\\/schema\\\/person\\\/f46445640444750d7d753ccd04ae01b7\",\"name\":\"Jeanette\",\"image\":{\"@type\":\"ImageObject\",\"inLanguage\":\"es\",\"@id\":\"https:\\\/\\\/secure.gravatar.com\\\/avatar\\\/3ea2118a5f7dad2b7138b1187a6b7ee55f160b9968b66013c3a3ef39dd7e5798?s=96&d=mm&r=g\",\"url\":\"https:\\\/\\\/secure.gravatar.com\\\/avatar\\\/3ea2118a5f7dad2b7138b1187a6b7ee55f160b9968b66013c3a3ef39dd7e5798?s=96&d=mm&r=g\",\"contentUrl\":\"https:\\\/\\\/secure.gravatar.com\\\/avatar\\\/3ea2118a5f7dad2b7138b1187a6b7ee55f160b9968b66013c3a3ef39dd7e5798?s=96&d=mm&r=g\",\"caption\":\"Jeanette\"},\"sameAs\":[\"https:\\\/\\\/www.eldiario.net\\\/portal\"],\"url\":\"https:\\\/\\\/www.eldiario.net\\\/portal\\\/author\\\/jeanette\\\/\"}]}<\/script>\n<!-- \/ Yoast SEO plugin. -->","yoast_head_json":{"title":"Dan plazo de 48 horas para que Presidente los atienda - El Diario - Bolivia","robots":{"index":"index","follow":"follow","max-snippet":"max-snippet:-1","max-image-preview":"max-image-preview:large","max-video-preview":"max-video-preview:-1"},"canonical":"https:\/\/www.eldiario.net\/portal\/2024\/05\/01\/dan-plazo-de-48-horas-para-que-presidente-los-atienda\/","og_locale":"es_ES","og_type":"article","og_title":"Dan plazo de 48 horas para que Presidente los atienda - El Diario - Bolivia","og_description":"La denominada \u201cMarcha por las Reivindicaciones Sociales de El Alto\u201d, que comenz\u00f3 el domingo 28 de abril en la poblaci\u00f3n de Ayo Ayo, arrib\u00f3 a la urbe alte\u00f1a y casi de inmediato se dirigi\u00f3 al centro de la ciudad de La Paz, con la intenci\u00f3n de entregar un pliego petitorio al Presidente del Estado y [&hellip;]","og_url":"https:\/\/www.eldiario.net\/portal\/2024\/05\/01\/dan-plazo-de-48-horas-para-que-presidente-los-atienda\/","og_site_name":"El Diario - Bolivia","article_publisher":"https:\/\/www.facebook.com\/eldiario.bolivia\/","article_published_time":"2024-05-01T09:15:11+00:00","og_image":[{"width":2560,"height":1706,"url":"https:\/\/www.eldiario.net\/portal\/wp-content\/uploads\/2024\/05\/F-1-marcha-scaled.jpg","type":"image\/jpeg"}],"author":"Jeanette","twitter_card":"summary_large_image","twitter_creator":"@eldiario_net","twitter_site":"@eldiario_net","twitter_misc":{"Escrito por":"Jeanette","Tiempo de lectura":"5 minutos"},"schema":{"@context":"https:\/\/schema.org","@graph":[{"@type":"Article","@id":"https:\/\/www.eldiario.net\/portal\/2024\/05\/01\/dan-plazo-de-48-horas-para-que-presidente-los-atienda\/#article","isPartOf":{"@id":"https:\/\/www.eldiario.net\/portal\/2024\/05\/01\/dan-plazo-de-48-horas-para-que-presidente-los-atienda\/"},"author":{"name":"Jeanette","@id":"https:\/\/www.eldiario.net\/portal\/#\/schema\/person\/f46445640444750d7d753ccd04ae01b7"},"headline":"Dan plazo de 48 horas para que Presidente los atienda","datePublished":"2024-05-01T09:15:11+00:00","mainEntityOfPage":{"@id":"https:\/\/www.eldiario.net\/portal\/2024\/05\/01\/dan-plazo-de-48-horas-para-que-presidente-los-atienda\/"},"wordCount":905,"commentCount":0,"publisher":{"@id":"https:\/\/www.eldiario.net\/portal\/#organization"},"image":{"@id":"https:\/\/www.eldiario.net\/portal\/2024\/05\/01\/dan-plazo-de-48-horas-para-que-presidente-los-atienda\/#primaryimage"},"thumbnailUrl":"https:\/\/www.eldiario.net\/portal\/wp-content\/uploads\/2024\/05\/F-1-marcha-scaled.jpg","articleSection":["Nacional"],"inLanguage":"es","potentialAction":[{"@type":"CommentAction","name":"Comment","target":["https:\/\/www.eldiario.net\/portal\/2024\/05\/01\/dan-plazo-de-48-horas-para-que-presidente-los-atienda\/#respond"]}]},{"@type":"WebPage","@id":"https:\/\/www.eldiario.net\/portal\/2024\/05\/01\/dan-plazo-de-48-horas-para-que-presidente-los-atienda\/","url":"https:\/\/www.eldiario.net\/portal\/2024\/05\/01\/dan-plazo-de-48-horas-para-que-presidente-los-atienda\/","name":"Dan plazo de 48 horas para que Presidente los atienda - El Diario - Bolivia","isPartOf":{"@id":"https:\/\/www.eldiario.net\/portal\/#website"},"primaryImageOfPage":{"@id":"https:\/\/www.eldiario.net\/portal\/2024\/05\/01\/dan-plazo-de-48-horas-para-que-presidente-los-atienda\/#primaryimage"},"image":{"@id":"https:\/\/www.eldiario.net\/portal\/2024\/05\/01\/dan-plazo-de-48-horas-para-que-presidente-los-atienda\/#primaryimage"},"thumbnailUrl":"https:\/\/www.eldiario.net\/portal\/wp-content\/uploads\/2024\/05\/F-1-marcha-scaled.jpg","datePublished":"2024-05-01T09:15:11+00:00","breadcrumb":{"@id":"https:\/\/www.eldiario.net\/portal\/2024\/05\/01\/dan-plazo-de-48-horas-para-que-presidente-los-atienda\/#breadcrumb"},"inLanguage":"es","potentialAction":[{"@type":"ReadAction","target":["https:\/\/www.eldiario.net\/portal\/2024\/05\/01\/dan-plazo-de-48-horas-para-que-presidente-los-atienda\/"]}]},{"@type":"ImageObject","inLanguage":"es","@id":"https:\/\/www.eldiario.net\/portal\/2024\/05\/01\/dan-plazo-de-48-horas-para-que-presidente-los-atienda\/#primaryimage","url":"https:\/\/www.eldiario.net\/portal\/wp-content\/uploads\/2024\/05\/F-1-marcha-scaled.jpg","contentUrl":"https:\/\/www.eldiario.net\/portal\/wp-content\/uploads\/2024\/05\/F-1-marcha-scaled.jpg","width":2560,"height":1706,"caption":"La marcha descendi\u00f3 por la avenida Naciones Unidas."},{"@type":"BreadcrumbList","@id":"https:\/\/www.eldiario.net\/portal\/2024\/05\/01\/dan-plazo-de-48-horas-para-que-presidente-los-atienda\/#breadcrumb","itemListElement":[{"@type":"ListItem","position":1,"name":"Portada","item":"https:\/\/www.eldiario.net\/portal\/"},{"@type":"ListItem","position":2,"name":"Dan plazo de 48 horas para que Presidente los atienda"}]},{"@type":"WebSite","@id":"https:\/\/www.eldiario.net\/portal\/#website","url":"https:\/\/www.eldiario.net\/portal\/","name":"El Diario - Decano de la prensa nacional","description":"El Diario - Decano de la prensa nacional","publisher":{"@id":"https:\/\/www.eldiario.net\/portal\/#organization"},"potentialAction":[{"@type":"SearchAction","target":{"@type":"EntryPoint","urlTemplate":"https:\/\/www.eldiario.net\/portal\/?s={search_term_string}"},"query-input":{"@type":"PropertyValueSpecification","valueRequired":true,"valueName":"search_term_string"}}],"inLanguage":"es"},{"@type":"Organization","@id":"https:\/\/www.eldiario.net\/portal\/#organization","name":"El Diario - Decano de la prensa nacional","url":"https:\/\/www.eldiario.net\/portal\/","logo":{"@type":"ImageObject","inLanguage":"es","@id":"https:\/\/www.eldiario.net\/portal\/#\/schema\/logo\/image\/","url":"https:\/\/www.eldiario.net\/portal\/wp-content\/uploads\/2023\/07\/logo_ED.jpg","contentUrl":"https:\/\/www.eldiario.net\/portal\/wp-content\/uploads\/2023\/07\/logo_ED.jpg","width":272,"height":52,"caption":"El Diario - Decano de la prensa nacional"},"image":{"@id":"https:\/\/www.eldiario.net\/portal\/#\/schema\/logo\/image\/"},"sameAs":["https:\/\/www.facebook.com\/eldiario.bolivia\/","https:\/\/x.com\/eldiario_net"]},{"@type":"Person","@id":"https:\/\/www.eldiario.net\/portal\/#\/schema\/person\/f46445640444750d7d753ccd04ae01b7","name":"Jeanette","image":{"@type":"ImageObject","inLanguage":"es","@id":"https:\/\/secure.gravatar.com\/avatar\/3ea2118a5f7dad2b7138b1187a6b7ee55f160b9968b66013c3a3ef39dd7e5798?s=96&d=mm&r=g","url":"https:\/\/secure.gravatar.com\/avatar\/3ea2118a5f7dad2b7138b1187a6b7ee55f160b9968b66013c3a3ef39dd7e5798?s=96&d=mm&r=g","contentUrl":"https:\/\/secure.gravatar.com\/avatar\/3ea2118a5f7dad2b7138b1187a6b7ee55f160b9968b66013c3a3ef39dd7e5798?s=96&d=mm&r=g","caption":"Jeanette"},"sameAs":["https:\/\/www.eldiario.net\/portal"],"url":"https:\/\/www.eldiario.net\/portal\/author\/jeanette\/"}]}},"_links":{"self":[{"href":"https:\/\/www.eldiario.net\/portal\/wp-json\/wp\/v2\/posts\/217790","targetHints":{"allow":["GET"]}}],"collection":[{"href":"https:\/\/www.eldiario.net\/portal\/wp-json\/wp\/v2\/posts"}],"about":[{"href":"https:\/\/www.eldiario.net\/portal\/wp-json\/wp\/v2\/types\/post"}],"author":[{"embeddable":true,"href":"https:\/\/www.eldiario.net\/portal\/wp-json\/wp\/v2\/users\/1"}],"replies":[{"embeddable":true,"href":"https:\/\/www.eldiario.net\/portal\/wp-json\/wp\/v2\/comments?post=217790"}],"version-history":[{"count":1,"href":"https:\/\/www.eldiario.net\/portal\/wp-json\/wp\/v2\/posts\/217790\/revisions"}],"predecessor-version":[{"id":217793,"href":"https:\/\/www.eldiario.net\/portal\/wp-json\/wp\/v2\/posts\/217790\/revisions\/217793"}],"wp:featuredmedia":[{"embeddable":true,"href":"https:\/\/www.eldiario.net\/portal\/wp-json\/wp\/v2\/media\/217791"}],"wp:attachment":[{"href":"https:\/\/www.eldiario.net\/portal\/wp-json\/wp\/v2\/media?parent=217790"}],"wp:term":[{"taxonomy":"category","embeddable":true,"href":"https:\/\/www.eldiario.net\/portal\/wp-json\/wp\/v2\/categories?post=217790"},{"taxonomy":"post_tag","embeddable":true,"href":"https:\/\/www.eldiario.net\/portal\/wp-json\/wp\/v2\/tags?post=217790"}],"curies":[{"name":"wp","href":"https:\/\/api.w.org\/{rel}","templated":true}]}}