{"id":217788,"date":"2024-05-01T05:13:58","date_gmt":"2024-05-01T09:13:58","guid":{"rendered":"https:\/\/www.eldiario.net\/portal\/?p=217788"},"modified":"2024-05-01T05:13:58","modified_gmt":"2024-05-01T09:13:58","slug":"advierten-con-sanciones-a-colegios-que-suban-pensiones","status":"publish","type":"post","link":"https:\/\/www.eldiario.net\/portal\/2024\/05\/01\/advierten-con-sanciones-a-colegios-que-suban-pensiones\/","title":{"rendered":"Advierten con sanciones a colegios que suban pensiones"},"content":{"rendered":"<p>El viceministro de Defensa del Usuario y del Consumidor, Jorge Silva, advirti\u00f3 que aquellos colegios privados que incumplan con la resoluci\u00f3n ministerial 001\/2024 e incrementen las pensiones escolares ser\u00e1n sancionados con una multa equivalente al 10% de sus ingresos.<br \/>\n\u201cLa resoluci\u00f3n ministerial ha determinado que no se incrementar\u00e1n las pensiones para la gesti\u00f3n 2024. Hay una decisi\u00f3n del Gobierno respecto a este tema y hay una actitud totalmente contraria a lo que establece la resoluci\u00f3n por parte de un grupo de colegios\u201d, se\u00f1al\u00f3 la autoridad.<br \/>\nLa Asociaci\u00f3n Nacional de Colegios Particulares (Andecop) anunci\u00f3 el aumento de las pensiones escolares a causa del incremento salarial, a partir de hoy, mi\u00e9rcoles 1 de mayo.<br \/>\nEn tanto, Silva reiter\u00f3 que \u201cse va sancionar (a los colegios infractores) con el 10 por ciento de sus ingresos\u201d y pidi\u00f3 a los padres y madres de familia que denuncien al colegio que incurra en ese tipo de cobros no autorizados.<br \/>\nAl respecto, el Ministerio de Educaci\u00f3n tambi\u00e9n descart\u00f3 el incremento de pensiones en unidades educativas particulares, con el objetivo de precautelar la econom\u00eda de las familias bolivianas, asever\u00f3 el viceministro de Educaci\u00f3n Regular, Eudal Tejerina.<br \/>\nLa autoridad explic\u00f3 que la Andecop no representa a la totalidad de los colegios privados del pa\u00eds y que la normativa vigente se est\u00e1 aplicando desde principio de gesti\u00f3n.<br \/>\n\u201cTenemos que generar espacios de acercamiento, pero recordamos que en ning\u00fan caso hay una disposici\u00f3n, de parte del Ministerio, en sentido de modificar los costos de pensiones dentro de los colegios privados, esto ya est\u00e1 establecido en la Resoluci\u00f3n Ministerial 0001\/2024\u201d, reiter\u00f3 el viceministro.<br \/>\nEl art\u00edculo 87 de esa norma establece: \u201cCon la finalidad de precautelar el derecho a la educaci\u00f3n, y velando por la econom\u00eda financiera de las familias, queda establecido que, para la Gesti\u00f3n Educativa 2024, no deber\u00e1 existir incremento de pensiones escolares en las unidades educativas privadas del Subsistema de Educaci\u00f3n Regular\u201d.<br \/>\nEl segundo par\u00e1grafo a\u00f1ade que de incumplirse la normativa se aplicar\u00e1n las sanciones dispuestas en el Art\u00edculo 4 del Procedimiento Administrativo para determinar Sanciones a las Unidades Educativas Privadas y Centros de Educaci\u00f3n Alternativa y Especial Privados, aprobado por la Resoluci\u00f3n Ministerial N\u00b0 23\/11 del 21 de enero de 2011.<br \/>\n\u201cNo pueden ignorar las normativas. En caso de denuncias, la primea instancia a la que deben recurrir es la Direcci\u00f3n Distrital de Educaci\u00f3n, posteriormente, a la Direcci\u00f3n Departamental de Educaci\u00f3n y luego el Ministerio de Educaci\u00f3n, tomando conocimiento de los hechos, tomar\u00e1 las acciones correspondientes\u201d, recomend\u00f3 Tejerina.<\/p>\n","protected":false},"excerpt":{"rendered":"<p>El viceministro de Defensa del Usuario y del Consumidor, Jorge Silva, advirti\u00f3 que aquellos colegios privados que incumplan con la resoluci\u00f3n ministerial 001\/2024 e incrementen las pensiones escolares ser\u00e1n sancionados con una multa equivalente al 10% de sus ingresos. \u201cLa resoluci\u00f3n ministerial ha determinado que no se incrementar\u00e1n las pensiones para la gesti\u00f3n 2024. Hay [&hellip;]<\/p>\n","protected":false},"author":1,"featured_media":194726,"comment_status":"open","ping_status":"open","sticky":false,"template":"","format":"standard","meta":{"_acf_changed":false,"footnotes":""},"categories":[12],"tags":[],"class_list":["post-217788","post","type-post","status-publish","format-standard","has-post-thumbnail","category-nacional"],"acf":{"antetitulo":""},"yoast_head":"<!-- This site is optimized with the Yoast SEO plugin v28.3 - https:\/\/yoast.com\/product\/yoast-seo-wordpress\/ -->\n<title>Advierten con sanciones a colegios que suban pensiones - El Diario - Bolivia<\/title>\n<meta name=\"robots\" content=\"index, follow, max-snippet:-1, max-image-preview:large, max-video-preview:-1\" \/>\n<link rel=\"canonical\" href=\"https:\/\/www.eldiario.net\/portal\/2024\/05\/01\/advierten-con-sanciones-a-colegios-que-suban-pensiones\/\" \/>\n<meta property=\"og:locale\" content=\"es_ES\" \/>\n<meta property=\"og:type\" content=\"article\" \/>\n<meta property=\"og:title\" content=\"Advierten con sanciones a colegios que suban pensiones - El Diario - Bolivia\" \/>\n<meta property=\"og:description\" content=\"El viceministro de Defensa del Usuario y del Consumidor, Jorge Silva, advirti\u00f3 que aquellos colegios privados que incumplan con la resoluci\u00f3n ministerial 001\/2024 e incrementen las pensiones escolares ser\u00e1n sancionados con una multa equivalente al 10% de sus ingresos. \u201cLa resoluci\u00f3n ministerial ha determinado que no se incrementar\u00e1n las pensiones para la gesti\u00f3n 2024. Hay [&hellip;]\" \/>\n<meta property=\"og:url\" content=\"https:\/\/www.eldiario.net\/portal\/2024\/05\/01\/advierten-con-sanciones-a-colegios-que-suban-pensiones\/\" \/>\n<meta property=\"og:site_name\" content=\"El Diario - Bolivia\" \/>\n<meta property=\"article:publisher\" content=\"https:\/\/www.facebook.com\/eldiario.bolivia\/\" \/>\n<meta property=\"article:published_time\" content=\"2024-05-01T09:13:58+00:00\" \/>\n<meta property=\"og:image\" content=\"https:\/\/www.eldiario.net\/portal\/wp-content\/uploads\/2023\/12\/Nacional.jpg\" \/>\n\t<meta property=\"og:image:width\" content=\"800\" \/>\n\t<meta property=\"og:image:height\" content=\"500\" \/>\n\t<meta property=\"og:image:type\" content=\"image\/jpeg\" \/>\n<meta name=\"author\" content=\"Jeanette\" \/>\n<meta name=\"twitter:card\" content=\"summary_large_image\" \/>\n<meta name=\"twitter:creator\" content=\"@eldiario_net\" \/>\n<meta name=\"twitter:site\" content=\"@eldiario_net\" \/>\n<meta name=\"twitter:label1\" content=\"Escrito por\" \/>\n\t<meta name=\"twitter:data1\" content=\"Jeanette\" \/>\n\t<meta name=\"twitter:label2\" content=\"Tiempo de lectura\" \/>\n\t<meta name=\"twitter:data2\" content=\"3 minutos\" \/>\n<script type=\"application\/ld+json\" class=\"yoast-schema-graph\">{\"@context\":\"https:\\\/\\\/schema.org\",\"@graph\":[{\"@type\":\"Article\",\"@id\":\"https:\\\/\\\/www.eldiario.net\\\/portal\\\/2024\\\/05\\\/01\\\/advierten-con-sanciones-a-colegios-que-suban-pensiones\\\/#article\",\"isPartOf\":{\"@id\":\"https:\\\/\\\/www.eldiario.net\\\/portal\\\/2024\\\/05\\\/01\\\/advierten-con-sanciones-a-colegios-que-suban-pensiones\\\/\"},\"author\":{\"name\":\"Jeanette\",\"@id\":\"https:\\\/\\\/www.eldiario.net\\\/portal\\\/#\\\/schema\\\/person\\\/f46445640444750d7d753ccd04ae01b7\"},\"headline\":\"Advierten con sanciones a colegios que suban pensiones\",\"datePublished\":\"2024-05-01T09:13:58+00:00\",\"mainEntityOfPage\":{\"@id\":\"https:\\\/\\\/www.eldiario.net\\\/portal\\\/2024\\\/05\\\/01\\\/advierten-con-sanciones-a-colegios-que-suban-pensiones\\\/\"},\"wordCount\":441,\"commentCount\":0,\"publisher\":{\"@id\":\"https:\\\/\\\/www.eldiario.net\\\/portal\\\/#organization\"},\"image\":{\"@id\":\"https:\\\/\\\/www.eldiario.net\\\/portal\\\/2024\\\/05\\\/01\\\/advierten-con-sanciones-a-colegios-que-suban-pensiones\\\/#primaryimage\"},\"thumbnailUrl\":\"https:\\\/\\\/www.eldiario.net\\\/portal\\\/wp-content\\\/uploads\\\/2023\\\/12\\\/Nacional.jpg\",\"articleSection\":[\"Nacional\"],\"inLanguage\":\"es\",\"potentialAction\":[{\"@type\":\"CommentAction\",\"name\":\"Comment\",\"target\":[\"https:\\\/\\\/www.eldiario.net\\\/portal\\\/2024\\\/05\\\/01\\\/advierten-con-sanciones-a-colegios-que-suban-pensiones\\\/#respond\"]}]},{\"@type\":\"WebPage\",\"@id\":\"https:\\\/\\\/www.eldiario.net\\\/portal\\\/2024\\\/05\\\/01\\\/advierten-con-sanciones-a-colegios-que-suban-pensiones\\\/\",\"url\":\"https:\\\/\\\/www.eldiario.net\\\/portal\\\/2024\\\/05\\\/01\\\/advierten-con-sanciones-a-colegios-que-suban-pensiones\\\/\",\"name\":\"Advierten con sanciones a colegios que suban pensiones - El Diario - Bolivia\",\"isPartOf\":{\"@id\":\"https:\\\/\\\/www.eldiario.net\\\/portal\\\/#website\"},\"primaryImageOfPage\":{\"@id\":\"https:\\\/\\\/www.eldiario.net\\\/portal\\\/2024\\\/05\\\/01\\\/advierten-con-sanciones-a-colegios-que-suban-pensiones\\\/#primaryimage\"},\"image\":{\"@id\":\"https:\\\/\\\/www.eldiario.net\\\/portal\\\/2024\\\/05\\\/01\\\/advierten-con-sanciones-a-colegios-que-suban-pensiones\\\/#primaryimage\"},\"thumbnailUrl\":\"https:\\\/\\\/www.eldiario.net\\\/portal\\\/wp-content\\\/uploads\\\/2023\\\/12\\\/Nacional.jpg\",\"datePublished\":\"2024-05-01T09:13:58+00:00\",\"breadcrumb\":{\"@id\":\"https:\\\/\\\/www.eldiario.net\\\/portal\\\/2024\\\/05\\\/01\\\/advierten-con-sanciones-a-colegios-que-suban-pensiones\\\/#breadcrumb\"},\"inLanguage\":\"es\",\"potentialAction\":[{\"@type\":\"ReadAction\",\"target\":[\"https:\\\/\\\/www.eldiario.net\\\/portal\\\/2024\\\/05\\\/01\\\/advierten-con-sanciones-a-colegios-que-suban-pensiones\\\/\"]}]},{\"@type\":\"ImageObject\",\"inLanguage\":\"es\",\"@id\":\"https:\\\/\\\/www.eldiario.net\\\/portal\\\/2024\\\/05\\\/01\\\/advierten-con-sanciones-a-colegios-que-suban-pensiones\\\/#primaryimage\",\"url\":\"https:\\\/\\\/www.eldiario.net\\\/portal\\\/wp-content\\\/uploads\\\/2023\\\/12\\\/Nacional.jpg\",\"contentUrl\":\"https:\\\/\\\/www.eldiario.net\\\/portal\\\/wp-content\\\/uploads\\\/2023\\\/12\\\/Nacional.jpg\",\"width\":800,\"height\":500},{\"@type\":\"BreadcrumbList\",\"@id\":\"https:\\\/\\\/www.eldiario.net\\\/portal\\\/2024\\\/05\\\/01\\\/advierten-con-sanciones-a-colegios-que-suban-pensiones\\\/#breadcrumb\",\"itemListElement\":[{\"@type\":\"ListItem\",\"position\":1,\"name\":\"Portada\",\"item\":\"https:\\\/\\\/www.eldiario.net\\\/portal\\\/\"},{\"@type\":\"ListItem\",\"position\":2,\"name\":\"Advierten con sanciones a colegios que suban pensiones\"}]},{\"@type\":\"WebSite\",\"@id\":\"https:\\\/\\\/www.eldiario.net\\\/portal\\\/#website\",\"url\":\"https:\\\/\\\/www.eldiario.net\\\/portal\\\/\",\"name\":\"El Diario - Decano de la prensa nacional\",\"description\":\"El Diario - Decano de la prensa nacional\",\"publisher\":{\"@id\":\"https:\\\/\\\/www.eldiario.net\\\/portal\\\/#organization\"},\"potentialAction\":[{\"@type\":\"SearchAction\",\"target\":{\"@type\":\"EntryPoint\",\"urlTemplate\":\"https:\\\/\\\/www.eldiario.net\\\/portal\\\/?s={search_term_string}\"},\"query-input\":{\"@type\":\"PropertyValueSpecification\",\"valueRequired\":true,\"valueName\":\"search_term_string\"}}],\"inLanguage\":\"es\"},{\"@type\":\"Organization\",\"@id\":\"https:\\\/\\\/www.eldiario.net\\\/portal\\\/#organization\",\"name\":\"El Diario - Decano de la prensa nacional\",\"url\":\"https:\\\/\\\/www.eldiario.net\\\/portal\\\/\",\"logo\":{\"@type\":\"ImageObject\",\"inLanguage\":\"es\",\"@id\":\"https:\\\/\\\/www.eldiario.net\\\/portal\\\/#\\\/schema\\\/logo\\\/image\\\/\",\"url\":\"https:\\\/\\\/www.eldiario.net\\\/portal\\\/wp-content\\\/uploads\\\/2023\\\/07\\\/logo_ED.jpg\",\"contentUrl\":\"https:\\\/\\\/www.eldiario.net\\\/portal\\\/wp-content\\\/uploads\\\/2023\\\/07\\\/logo_ED.jpg\",\"width\":272,\"height\":52,\"caption\":\"El Diario - Decano de la prensa nacional\"},\"image\":{\"@id\":\"https:\\\/\\\/www.eldiario.net\\\/portal\\\/#\\\/schema\\\/logo\\\/image\\\/\"},\"sameAs\":[\"https:\\\/\\\/www.facebook.com\\\/eldiario.bolivia\\\/\",\"https:\\\/\\\/x.com\\\/eldiario_net\"]},{\"@type\":\"Person\",\"@id\":\"https:\\\/\\\/www.eldiario.net\\\/portal\\\/#\\\/schema\\\/person\\\/f46445640444750d7d753ccd04ae01b7\",\"name\":\"Jeanette\",\"image\":{\"@type\":\"ImageObject\",\"inLanguage\":\"es\",\"@id\":\"https:\\\/\\\/secure.gravatar.com\\\/avatar\\\/3ea2118a5f7dad2b7138b1187a6b7ee55f160b9968b66013c3a3ef39dd7e5798?s=96&d=mm&r=g\",\"url\":\"https:\\\/\\\/secure.gravatar.com\\\/avatar\\\/3ea2118a5f7dad2b7138b1187a6b7ee55f160b9968b66013c3a3ef39dd7e5798?s=96&d=mm&r=g\",\"contentUrl\":\"https:\\\/\\\/secure.gravatar.com\\\/avatar\\\/3ea2118a5f7dad2b7138b1187a6b7ee55f160b9968b66013c3a3ef39dd7e5798?s=96&d=mm&r=g\",\"caption\":\"Jeanette\"},\"sameAs\":[\"https:\\\/\\\/www.eldiario.net\\\/portal\"],\"url\":\"https:\\\/\\\/www.eldiario.net\\\/portal\\\/author\\\/jeanette\\\/\"}]}<\/script>\n<!-- \/ Yoast SEO plugin. -->","yoast_head_json":{"title":"Advierten con sanciones a colegios que suban pensiones - El Diario - Bolivia","robots":{"index":"index","follow":"follow","max-snippet":"max-snippet:-1","max-image-preview":"max-image-preview:large","max-video-preview":"max-video-preview:-1"},"canonical":"https:\/\/www.eldiario.net\/portal\/2024\/05\/01\/advierten-con-sanciones-a-colegios-que-suban-pensiones\/","og_locale":"es_ES","og_type":"article","og_title":"Advierten con sanciones a colegios que suban pensiones - El Diario - Bolivia","og_description":"El viceministro de Defensa del Usuario y del Consumidor, Jorge Silva, advirti\u00f3 que aquellos colegios privados que incumplan con la resoluci\u00f3n ministerial 001\/2024 e incrementen las pensiones escolares ser\u00e1n sancionados con una multa equivalente al 10% de sus ingresos. \u201cLa resoluci\u00f3n ministerial ha determinado que no se incrementar\u00e1n las pensiones para la gesti\u00f3n 2024. Hay [&hellip;]","og_url":"https:\/\/www.eldiario.net\/portal\/2024\/05\/01\/advierten-con-sanciones-a-colegios-que-suban-pensiones\/","og_site_name":"El Diario - Bolivia","article_publisher":"https:\/\/www.facebook.com\/eldiario.bolivia\/","article_published_time":"2024-05-01T09:13:58+00:00","og_image":[{"width":800,"height":500,"url":"https:\/\/www.eldiario.net\/portal\/wp-content\/uploads\/2023\/12\/Nacional.jpg","type":"image\/jpeg"}],"author":"Jeanette","twitter_card":"summary_large_image","twitter_creator":"@eldiario_net","twitter_site":"@eldiario_net","twitter_misc":{"Escrito por":"Jeanette","Tiempo de lectura":"3 minutos"},"schema":{"@context":"https:\/\/schema.org","@graph":[{"@type":"Article","@id":"https:\/\/www.eldiario.net\/portal\/2024\/05\/01\/advierten-con-sanciones-a-colegios-que-suban-pensiones\/#article","isPartOf":{"@id":"https:\/\/www.eldiario.net\/portal\/2024\/05\/01\/advierten-con-sanciones-a-colegios-que-suban-pensiones\/"},"author":{"name":"Jeanette","@id":"https:\/\/www.eldiario.net\/portal\/#\/schema\/person\/f46445640444750d7d753ccd04ae01b7"},"headline":"Advierten con sanciones a colegios que suban pensiones","datePublished":"2024-05-01T09:13:58+00:00","mainEntityOfPage":{"@id":"https:\/\/www.eldiario.net\/portal\/2024\/05\/01\/advierten-con-sanciones-a-colegios-que-suban-pensiones\/"},"wordCount":441,"commentCount":0,"publisher":{"@id":"https:\/\/www.eldiario.net\/portal\/#organization"},"image":{"@id":"https:\/\/www.eldiario.net\/portal\/2024\/05\/01\/advierten-con-sanciones-a-colegios-que-suban-pensiones\/#primaryimage"},"thumbnailUrl":"https:\/\/www.eldiario.net\/portal\/wp-content\/uploads\/2023\/12\/Nacional.jpg","articleSection":["Nacional"],"inLanguage":"es","potentialAction":[{"@type":"CommentAction","name":"Comment","target":["https:\/\/www.eldiario.net\/portal\/2024\/05\/01\/advierten-con-sanciones-a-colegios-que-suban-pensiones\/#respond"]}]},{"@type":"WebPage","@id":"https:\/\/www.eldiario.net\/portal\/2024\/05\/01\/advierten-con-sanciones-a-colegios-que-suban-pensiones\/","url":"https:\/\/www.eldiario.net\/portal\/2024\/05\/01\/advierten-con-sanciones-a-colegios-que-suban-pensiones\/","name":"Advierten con sanciones a colegios que suban pensiones - El Diario - Bolivia","isPartOf":{"@id":"https:\/\/www.eldiario.net\/portal\/#website"},"primaryImageOfPage":{"@id":"https:\/\/www.eldiario.net\/portal\/2024\/05\/01\/advierten-con-sanciones-a-colegios-que-suban-pensiones\/#primaryimage"},"image":{"@id":"https:\/\/www.eldiario.net\/portal\/2024\/05\/01\/advierten-con-sanciones-a-colegios-que-suban-pensiones\/#primaryimage"},"thumbnailUrl":"https:\/\/www.eldiario.net\/portal\/wp-content\/uploads\/2023\/12\/Nacional.jpg","datePublished":"2024-05-01T09:13:58+00:00","breadcrumb":{"@id":"https:\/\/www.eldiario.net\/portal\/2024\/05\/01\/advierten-con-sanciones-a-colegios-que-suban-pensiones\/#breadcrumb"},"inLanguage":"es","potentialAction":[{"@type":"ReadAction","target":["https:\/\/www.eldiario.net\/portal\/2024\/05\/01\/advierten-con-sanciones-a-colegios-que-suban-pensiones\/"]}]},{"@type":"ImageObject","inLanguage":"es","@id":"https:\/\/www.eldiario.net\/portal\/2024\/05\/01\/advierten-con-sanciones-a-colegios-que-suban-pensiones\/#primaryimage","url":"https:\/\/www.eldiario.net\/portal\/wp-content\/uploads\/2023\/12\/Nacional.jpg","contentUrl":"https:\/\/www.eldiario.net\/portal\/wp-content\/uploads\/2023\/12\/Nacional.jpg","width":800,"height":500},{"@type":"BreadcrumbList","@id":"https:\/\/www.eldiario.net\/portal\/2024\/05\/01\/advierten-con-sanciones-a-colegios-que-suban-pensiones\/#breadcrumb","itemListElement":[{"@type":"ListItem","position":1,"name":"Portada","item":"https:\/\/www.eldiario.net\/portal\/"},{"@type":"ListItem","position":2,"name":"Advierten con sanciones a colegios que suban pensiones"}]},{"@type":"WebSite","@id":"https:\/\/www.eldiario.net\/portal\/#website","url":"https:\/\/www.eldiario.net\/portal\/","name":"El Diario - Decano de la prensa nacional","description":"El Diario - Decano de la prensa nacional","publisher":{"@id":"https:\/\/www.eldiario.net\/portal\/#organization"},"potentialAction":[{"@type":"SearchAction","target":{"@type":"EntryPoint","urlTemplate":"https:\/\/www.eldiario.net\/portal\/?s={search_term_string}"},"query-input":{"@type":"PropertyValueSpecification","valueRequired":true,"valueName":"search_term_string"}}],"inLanguage":"es"},{"@type":"Organization","@id":"https:\/\/www.eldiario.net\/portal\/#organization","name":"El Diario - Decano de la prensa nacional","url":"https:\/\/www.eldiario.net\/portal\/","logo":{"@type":"ImageObject","inLanguage":"es","@id":"https:\/\/www.eldiario.net\/portal\/#\/schema\/logo\/image\/","url":"https:\/\/www.eldiario.net\/portal\/wp-content\/uploads\/2023\/07\/logo_ED.jpg","contentUrl":"https:\/\/www.eldiario.net\/portal\/wp-content\/uploads\/2023\/07\/logo_ED.jpg","width":272,"height":52,"caption":"El Diario - Decano de la prensa nacional"},"image":{"@id":"https:\/\/www.eldiario.net\/portal\/#\/schema\/logo\/image\/"},"sameAs":["https:\/\/www.facebook.com\/eldiario.bolivia\/","https:\/\/x.com\/eldiario_net"]},{"@type":"Person","@id":"https:\/\/www.eldiario.net\/portal\/#\/schema\/person\/f46445640444750d7d753ccd04ae01b7","name":"Jeanette","image":{"@type":"ImageObject","inLanguage":"es","@id":"https:\/\/secure.gravatar.com\/avatar\/3ea2118a5f7dad2b7138b1187a6b7ee55f160b9968b66013c3a3ef39dd7e5798?s=96&d=mm&r=g","url":"https:\/\/secure.gravatar.com\/avatar\/3ea2118a5f7dad2b7138b1187a6b7ee55f160b9968b66013c3a3ef39dd7e5798?s=96&d=mm&r=g","contentUrl":"https:\/\/secure.gravatar.com\/avatar\/3ea2118a5f7dad2b7138b1187a6b7ee55f160b9968b66013c3a3ef39dd7e5798?s=96&d=mm&r=g","caption":"Jeanette"},"sameAs":["https:\/\/www.eldiario.net\/portal"],"url":"https:\/\/www.eldiario.net\/portal\/author\/jeanette\/"}]}},"_links":{"self":[{"href":"https:\/\/www.eldiario.net\/portal\/wp-json\/wp\/v2\/posts\/217788","targetHints":{"allow":["GET"]}}],"collection":[{"href":"https:\/\/www.eldiario.net\/portal\/wp-json\/wp\/v2\/posts"}],"about":[{"href":"https:\/\/www.eldiario.net\/portal\/wp-json\/wp\/v2\/types\/post"}],"author":[{"embeddable":true,"href":"https:\/\/www.eldiario.net\/portal\/wp-json\/wp\/v2\/users\/1"}],"replies":[{"embeddable":true,"href":"https:\/\/www.eldiario.net\/portal\/wp-json\/wp\/v2\/comments?post=217788"}],"version-history":[{"count":1,"href":"https:\/\/www.eldiario.net\/portal\/wp-json\/wp\/v2\/posts\/217788\/revisions"}],"predecessor-version":[{"id":217789,"href":"https:\/\/www.eldiario.net\/portal\/wp-json\/wp\/v2\/posts\/217788\/revisions\/217789"}],"wp:featuredmedia":[{"embeddable":true,"href":"https:\/\/www.eldiario.net\/portal\/wp-json\/wp\/v2\/media\/194726"}],"wp:attachment":[{"href":"https:\/\/www.eldiario.net\/portal\/wp-json\/wp\/v2\/media?parent=217788"}],"wp:term":[{"taxonomy":"category","embeddable":true,"href":"https:\/\/www.eldiario.net\/portal\/wp-json\/wp\/v2\/categories?post=217788"},{"taxonomy":"post_tag","embeddable":true,"href":"https:\/\/www.eldiario.net\/portal\/wp-json\/wp\/v2\/tags?post=217788"}],"curies":[{"name":"wp","href":"https:\/\/api.w.org\/{rel}","templated":true}]}}