{"id":217781,"date":"2024-05-01T05:12:10","date_gmt":"2024-05-01T09:12:10","guid":{"rendered":"https:\/\/www.eldiario.net\/portal\/?p=217781"},"modified":"2024-05-01T05:12:10","modified_gmt":"2024-05-01T09:12:10","slug":"impactante-puente-tunel-que-pasa-debajo-del-mar","status":"publish","type":"post","link":"https:\/\/www.eldiario.net\/portal\/2024\/05\/01\/impactante-puente-tunel-que-pasa-debajo-del-mar\/","title":{"rendered":"Impactante puente-t\u00fanel  que pasa debajo del mar"},"content":{"rendered":"<p>El puente-t\u00fanel de Oresund impacta por reunir caracter\u00edsticas que lo establecen como un fen\u00f3meno \u00fanico a nivel mundial: se establece en el estrecho de Oresund, frontera de agua natural que conecta el Mar del Norte con el Mar B\u00e1ltico, al mismo tiempo que separa a Dinamarca de Suecia.<br \/>\nEl puente-t\u00fanel, establecido en su interior, conecta a ambos pa\u00edses escandinavos y a dos de sus ciudades principales. De un lado Copenhague, capital y centro urbano m\u00e1s poblado de Dinamarca. Frente a este se halla Malmo, tercera ciudad m\u00e1s poblada de Suecia.<br \/>\nLa estructura tiene tres principales componentes que lo constituyen: un puente por encima de la superficie, un t\u00fanel subacu\u00e1tico y una isla artificial, establecida como plataforma entre estas dos carreteras.<br \/>\nInaugurado el 1 de julio de 2000, el puente consta de una longitud de 7.845 metros de largo, en tanto que el t\u00fanel mide aproximadamente 3.500 metros. La isla de Peberholm, dise\u00f1ada para servir como comunicaci\u00f3n entre ambos, se extiende por un total de 4 kil\u00f3metros.<br \/>\nEn total, el trayecto completo contempla aproximadamente 15,9 kil\u00f3metros de largo, y es considerado un \u00e9xito en t\u00e9rminos de ingenier\u00eda y ecolog\u00eda, en la facilitaci\u00f3n del transporte de ambos pa\u00edses ubicados al norte del continente europeo.<br \/>\nUNA ISLA, UN PUENTE Y UN T\u00daNEL ACU\u00c1TICO<br \/>\nLa isla bautizada Peberholm est\u00e1 desarrollada exclusivamente como soporte y v\u00ednculo entre el puente y el t\u00fanel: fue formada con material excavado del lecho marino, consta de un ancho entre 100 y 500 metros. Inclusive, contempla una particularidad, fue constituida con el objetivo de no impactar de manera significativa en lo ambiental y con el transcurrir del tiempo se convirti\u00f3 en un ecosistema conformado por especies de flora y fauna, teniendo consigo plantas, insectos, aves y mam\u00edferos peque\u00f1os.<br \/>\nDe hecho, su acceso se encuentra restringido por cuestiones de preservaci\u00f3n de su medio ambiente, siendo objeto de estudios ecol\u00f3gicos por la biodiversidad que se llev\u00f3 a cabo.<br \/>\nLa funci\u00f3n del puente no se limita \u00fanicamente al transporte autom\u00f3vil: la estructura trata de una doble funcionalidad al facilitar tanto el tr\u00e1fico vehicular como el ferroviario. Esto se explica porque el puente consta de dos niveles, siendo el superior donde se encuentra el tr\u00e1fico autom\u00f3vil y el inferior por donde se ubica el tren.<br \/>\nEste sistema de doble nivel no solo optimiza el uso del espacio y la capacidad del puente para manejar grandes vol\u00famenes de tr\u00e1fico, sino que tambi\u00e9n simboliza la innovaci\u00f3n en la infraestructura de transporte. Esto le vali\u00f3 admiraci\u00f3n internacional por la optimizaci\u00f3n del espacio y la diversificaci\u00f3n para manejar vol\u00famenes de tr\u00e1nsito importantes. El puente tiene adem\u00e1s una suspensi\u00f3n de 490 metros de largo, por la cual transitan barcos por el estrecho.<br \/>\nEn lo que respecta al t\u00fanel, se compone de tres tubos, dos para el tr\u00e1fico de veh\u00edculos y uno para trenes. Se encuentran equipados con sistemas para proporcionar la adecuada circulaci\u00f3n de aire, adem\u00e1s de iluminaci\u00f3n interior. Todos cuentan con carriles en ambos sentidos e inclusive, tienen hasta puntos de salida estrat\u00e9gicos en casos de emergencia.<br \/>\nHacia un lado se ubica la provincia de Escania, perteneciente a Suecia, mientras que al otro es la regi\u00f3n Capital de Dinamarca, siendo la obra de importancia para potenciar el desarrollo y la integraci\u00f3n regional n\u00f3rdica. Las empresas a cargo de la realizaci\u00f3n y mantenimiento son estatales, propiedad de los gobiernos sueco y dan\u00e9s.<br \/>\nEl proyecto se llev\u00f3 a cabo en un lapso de cinco a\u00f1os: comenz\u00f3 en 1995 y en 1999 ya estaba listo. El costo estimado rond\u00f3 los 4.500 millones de d\u00f3lares en aquel entonces, inversi\u00f3n que se apunta a recuperar mediante el cobro de peajes vehiculares como ferroviarios. (Infobae)<\/p>\n","protected":false},"excerpt":{"rendered":"<p>El puente-t\u00fanel de Oresund impacta por reunir caracter\u00edsticas que lo establecen como un fen\u00f3meno \u00fanico a nivel mundial: se establece en el estrecho de Oresund, frontera de agua natural que conecta el Mar del Norte con el Mar B\u00e1ltico, al mismo tiempo que separa a Dinamarca de Suecia. El puente-t\u00fanel, establecido en su interior, conecta [&hellip;]<\/p>\n","protected":false},"author":1,"featured_media":194703,"comment_status":"open","ping_status":"open","sticky":false,"template":"","format":"standard","meta":{"_acf_changed":false,"footnotes":""},"categories":[3],"tags":[],"class_list":["post-217781","post","type-post","status-publish","format-standard","has-post-thumbnail","category-internacional"],"acf":{"antetitulo":"Conecta a dos pa\u00edses europeos"},"yoast_head":"<!-- This site is optimized with the Yoast SEO plugin v28.3 - https:\/\/yoast.com\/product\/yoast-seo-wordpress\/ -->\n<title>Impactante puente-t\u00fanel que pasa debajo del mar - El Diario - Bolivia<\/title>\n<meta name=\"robots\" content=\"index, follow, max-snippet:-1, max-image-preview:large, max-video-preview:-1\" \/>\n<link rel=\"canonical\" href=\"https:\/\/www.eldiario.net\/portal\/2024\/05\/01\/impactante-puente-tunel-que-pasa-debajo-del-mar\/\" \/>\n<meta property=\"og:locale\" content=\"es_ES\" \/>\n<meta property=\"og:type\" content=\"article\" \/>\n<meta property=\"og:title\" content=\"Impactante puente-t\u00fanel que pasa debajo del mar - El Diario - Bolivia\" \/>\n<meta property=\"og:description\" content=\"El puente-t\u00fanel de Oresund impacta por reunir caracter\u00edsticas que lo establecen como un fen\u00f3meno \u00fanico a nivel mundial: se establece en el estrecho de Oresund, frontera de agua natural que conecta el Mar del Norte con el Mar B\u00e1ltico, al mismo tiempo que separa a Dinamarca de Suecia. El puente-t\u00fanel, establecido en su interior, conecta [&hellip;]\" \/>\n<meta property=\"og:url\" content=\"https:\/\/www.eldiario.net\/portal\/2024\/05\/01\/impactante-puente-tunel-que-pasa-debajo-del-mar\/\" \/>\n<meta property=\"og:site_name\" content=\"El Diario - Bolivia\" \/>\n<meta property=\"article:publisher\" content=\"https:\/\/www.facebook.com\/eldiario.bolivia\/\" \/>\n<meta property=\"article:published_time\" content=\"2024-05-01T09:12:10+00:00\" \/>\n<meta property=\"og:image\" content=\"https:\/\/www.eldiario.net\/portal\/wp-content\/uploads\/2023\/12\/Internacional.jpg\" \/>\n\t<meta property=\"og:image:width\" content=\"800\" \/>\n\t<meta property=\"og:image:height\" content=\"500\" \/>\n\t<meta property=\"og:image:type\" content=\"image\/jpeg\" \/>\n<meta name=\"author\" content=\"Jeanette\" \/>\n<meta name=\"twitter:card\" content=\"summary_large_image\" \/>\n<meta name=\"twitter:creator\" content=\"@eldiario_net\" \/>\n<meta name=\"twitter:site\" content=\"@eldiario_net\" \/>\n<meta name=\"twitter:label1\" content=\"Escrito por\" \/>\n\t<meta name=\"twitter:data1\" content=\"Jeanette\" \/>\n\t<meta name=\"twitter:label2\" content=\"Tiempo de lectura\" \/>\n\t<meta name=\"twitter:data2\" content=\"3 minutos\" \/>\n<script type=\"application\/ld+json\" class=\"yoast-schema-graph\">{\"@context\":\"https:\\\/\\\/schema.org\",\"@graph\":[{\"@type\":\"Article\",\"@id\":\"https:\\\/\\\/www.eldiario.net\\\/portal\\\/2024\\\/05\\\/01\\\/impactante-puente-tunel-que-pasa-debajo-del-mar\\\/#article\",\"isPartOf\":{\"@id\":\"https:\\\/\\\/www.eldiario.net\\\/portal\\\/2024\\\/05\\\/01\\\/impactante-puente-tunel-que-pasa-debajo-del-mar\\\/\"},\"author\":{\"name\":\"Jeanette\",\"@id\":\"https:\\\/\\\/www.eldiario.net\\\/portal\\\/#\\\/schema\\\/person\\\/f46445640444750d7d753ccd04ae01b7\"},\"headline\":\"Impactante puente-t\u00fanel que pasa debajo del mar\",\"datePublished\":\"2024-05-01T09:12:10+00:00\",\"mainEntityOfPage\":{\"@id\":\"https:\\\/\\\/www.eldiario.net\\\/portal\\\/2024\\\/05\\\/01\\\/impactante-puente-tunel-que-pasa-debajo-del-mar\\\/\"},\"wordCount\":656,\"commentCount\":0,\"publisher\":{\"@id\":\"https:\\\/\\\/www.eldiario.net\\\/portal\\\/#organization\"},\"image\":{\"@id\":\"https:\\\/\\\/www.eldiario.net\\\/portal\\\/2024\\\/05\\\/01\\\/impactante-puente-tunel-que-pasa-debajo-del-mar\\\/#primaryimage\"},\"thumbnailUrl\":\"https:\\\/\\\/www.eldiario.net\\\/portal\\\/wp-content\\\/uploads\\\/2023\\\/12\\\/Internacional.jpg\",\"articleSection\":[\"Internacional\"],\"inLanguage\":\"es\",\"potentialAction\":[{\"@type\":\"CommentAction\",\"name\":\"Comment\",\"target\":[\"https:\\\/\\\/www.eldiario.net\\\/portal\\\/2024\\\/05\\\/01\\\/impactante-puente-tunel-que-pasa-debajo-del-mar\\\/#respond\"]}]},{\"@type\":\"WebPage\",\"@id\":\"https:\\\/\\\/www.eldiario.net\\\/portal\\\/2024\\\/05\\\/01\\\/impactante-puente-tunel-que-pasa-debajo-del-mar\\\/\",\"url\":\"https:\\\/\\\/www.eldiario.net\\\/portal\\\/2024\\\/05\\\/01\\\/impactante-puente-tunel-que-pasa-debajo-del-mar\\\/\",\"name\":\"Impactante puente-t\u00fanel que pasa debajo del mar - El Diario - Bolivia\",\"isPartOf\":{\"@id\":\"https:\\\/\\\/www.eldiario.net\\\/portal\\\/#website\"},\"primaryImageOfPage\":{\"@id\":\"https:\\\/\\\/www.eldiario.net\\\/portal\\\/2024\\\/05\\\/01\\\/impactante-puente-tunel-que-pasa-debajo-del-mar\\\/#primaryimage\"},\"image\":{\"@id\":\"https:\\\/\\\/www.eldiario.net\\\/portal\\\/2024\\\/05\\\/01\\\/impactante-puente-tunel-que-pasa-debajo-del-mar\\\/#primaryimage\"},\"thumbnailUrl\":\"https:\\\/\\\/www.eldiario.net\\\/portal\\\/wp-content\\\/uploads\\\/2023\\\/12\\\/Internacional.jpg\",\"datePublished\":\"2024-05-01T09:12:10+00:00\",\"breadcrumb\":{\"@id\":\"https:\\\/\\\/www.eldiario.net\\\/portal\\\/2024\\\/05\\\/01\\\/impactante-puente-tunel-que-pasa-debajo-del-mar\\\/#breadcrumb\"},\"inLanguage\":\"es\",\"potentialAction\":[{\"@type\":\"ReadAction\",\"target\":[\"https:\\\/\\\/www.eldiario.net\\\/portal\\\/2024\\\/05\\\/01\\\/impactante-puente-tunel-que-pasa-debajo-del-mar\\\/\"]}]},{\"@type\":\"ImageObject\",\"inLanguage\":\"es\",\"@id\":\"https:\\\/\\\/www.eldiario.net\\\/portal\\\/2024\\\/05\\\/01\\\/impactante-puente-tunel-que-pasa-debajo-del-mar\\\/#primaryimage\",\"url\":\"https:\\\/\\\/www.eldiario.net\\\/portal\\\/wp-content\\\/uploads\\\/2023\\\/12\\\/Internacional.jpg\",\"contentUrl\":\"https:\\\/\\\/www.eldiario.net\\\/portal\\\/wp-content\\\/uploads\\\/2023\\\/12\\\/Internacional.jpg\",\"width\":800,\"height\":500},{\"@type\":\"BreadcrumbList\",\"@id\":\"https:\\\/\\\/www.eldiario.net\\\/portal\\\/2024\\\/05\\\/01\\\/impactante-puente-tunel-que-pasa-debajo-del-mar\\\/#breadcrumb\",\"itemListElement\":[{\"@type\":\"ListItem\",\"position\":1,\"name\":\"Portada\",\"item\":\"https:\\\/\\\/www.eldiario.net\\\/portal\\\/\"},{\"@type\":\"ListItem\",\"position\":2,\"name\":\"Impactante puente-t\u00fanel que pasa debajo del mar\"}]},{\"@type\":\"WebSite\",\"@id\":\"https:\\\/\\\/www.eldiario.net\\\/portal\\\/#website\",\"url\":\"https:\\\/\\\/www.eldiario.net\\\/portal\\\/\",\"name\":\"El Diario - Decano de la prensa nacional\",\"description\":\"El Diario - Decano de la prensa nacional\",\"publisher\":{\"@id\":\"https:\\\/\\\/www.eldiario.net\\\/portal\\\/#organization\"},\"potentialAction\":[{\"@type\":\"SearchAction\",\"target\":{\"@type\":\"EntryPoint\",\"urlTemplate\":\"https:\\\/\\\/www.eldiario.net\\\/portal\\\/?s={search_term_string}\"},\"query-input\":{\"@type\":\"PropertyValueSpecification\",\"valueRequired\":true,\"valueName\":\"search_term_string\"}}],\"inLanguage\":\"es\"},{\"@type\":\"Organization\",\"@id\":\"https:\\\/\\\/www.eldiario.net\\\/portal\\\/#organization\",\"name\":\"El Diario - Decano de la prensa nacional\",\"url\":\"https:\\\/\\\/www.eldiario.net\\\/portal\\\/\",\"logo\":{\"@type\":\"ImageObject\",\"inLanguage\":\"es\",\"@id\":\"https:\\\/\\\/www.eldiario.net\\\/portal\\\/#\\\/schema\\\/logo\\\/image\\\/\",\"url\":\"https:\\\/\\\/www.eldiario.net\\\/portal\\\/wp-content\\\/uploads\\\/2023\\\/07\\\/logo_ED.jpg\",\"contentUrl\":\"https:\\\/\\\/www.eldiario.net\\\/portal\\\/wp-content\\\/uploads\\\/2023\\\/07\\\/logo_ED.jpg\",\"width\":272,\"height\":52,\"caption\":\"El Diario - Decano de la prensa nacional\"},\"image\":{\"@id\":\"https:\\\/\\\/www.eldiario.net\\\/portal\\\/#\\\/schema\\\/logo\\\/image\\\/\"},\"sameAs\":[\"https:\\\/\\\/www.facebook.com\\\/eldiario.bolivia\\\/\",\"https:\\\/\\\/x.com\\\/eldiario_net\"]},{\"@type\":\"Person\",\"@id\":\"https:\\\/\\\/www.eldiario.net\\\/portal\\\/#\\\/schema\\\/person\\\/f46445640444750d7d753ccd04ae01b7\",\"name\":\"Jeanette\",\"image\":{\"@type\":\"ImageObject\",\"inLanguage\":\"es\",\"@id\":\"https:\\\/\\\/secure.gravatar.com\\\/avatar\\\/3ea2118a5f7dad2b7138b1187a6b7ee55f160b9968b66013c3a3ef39dd7e5798?s=96&d=mm&r=g\",\"url\":\"https:\\\/\\\/secure.gravatar.com\\\/avatar\\\/3ea2118a5f7dad2b7138b1187a6b7ee55f160b9968b66013c3a3ef39dd7e5798?s=96&d=mm&r=g\",\"contentUrl\":\"https:\\\/\\\/secure.gravatar.com\\\/avatar\\\/3ea2118a5f7dad2b7138b1187a6b7ee55f160b9968b66013c3a3ef39dd7e5798?s=96&d=mm&r=g\",\"caption\":\"Jeanette\"},\"sameAs\":[\"https:\\\/\\\/www.eldiario.net\\\/portal\"],\"url\":\"https:\\\/\\\/www.eldiario.net\\\/portal\\\/author\\\/jeanette\\\/\"}]}<\/script>\n<!-- \/ Yoast SEO plugin. -->","yoast_head_json":{"title":"Impactante puente-t\u00fanel que pasa debajo del mar - El Diario - Bolivia","robots":{"index":"index","follow":"follow","max-snippet":"max-snippet:-1","max-image-preview":"max-image-preview:large","max-video-preview":"max-video-preview:-1"},"canonical":"https:\/\/www.eldiario.net\/portal\/2024\/05\/01\/impactante-puente-tunel-que-pasa-debajo-del-mar\/","og_locale":"es_ES","og_type":"article","og_title":"Impactante puente-t\u00fanel que pasa debajo del mar - El Diario - Bolivia","og_description":"El puente-t\u00fanel de Oresund impacta por reunir caracter\u00edsticas que lo establecen como un fen\u00f3meno \u00fanico a nivel mundial: se establece en el estrecho de Oresund, frontera de agua natural que conecta el Mar del Norte con el Mar B\u00e1ltico, al mismo tiempo que separa a Dinamarca de Suecia. El puente-t\u00fanel, establecido en su interior, conecta [&hellip;]","og_url":"https:\/\/www.eldiario.net\/portal\/2024\/05\/01\/impactante-puente-tunel-que-pasa-debajo-del-mar\/","og_site_name":"El Diario - Bolivia","article_publisher":"https:\/\/www.facebook.com\/eldiario.bolivia\/","article_published_time":"2024-05-01T09:12:10+00:00","og_image":[{"width":800,"height":500,"url":"https:\/\/www.eldiario.net\/portal\/wp-content\/uploads\/2023\/12\/Internacional.jpg","type":"image\/jpeg"}],"author":"Jeanette","twitter_card":"summary_large_image","twitter_creator":"@eldiario_net","twitter_site":"@eldiario_net","twitter_misc":{"Escrito por":"Jeanette","Tiempo de lectura":"3 minutos"},"schema":{"@context":"https:\/\/schema.org","@graph":[{"@type":"Article","@id":"https:\/\/www.eldiario.net\/portal\/2024\/05\/01\/impactante-puente-tunel-que-pasa-debajo-del-mar\/#article","isPartOf":{"@id":"https:\/\/www.eldiario.net\/portal\/2024\/05\/01\/impactante-puente-tunel-que-pasa-debajo-del-mar\/"},"author":{"name":"Jeanette","@id":"https:\/\/www.eldiario.net\/portal\/#\/schema\/person\/f46445640444750d7d753ccd04ae01b7"},"headline":"Impactante puente-t\u00fanel que pasa debajo del mar","datePublished":"2024-05-01T09:12:10+00:00","mainEntityOfPage":{"@id":"https:\/\/www.eldiario.net\/portal\/2024\/05\/01\/impactante-puente-tunel-que-pasa-debajo-del-mar\/"},"wordCount":656,"commentCount":0,"publisher":{"@id":"https:\/\/www.eldiario.net\/portal\/#organization"},"image":{"@id":"https:\/\/www.eldiario.net\/portal\/2024\/05\/01\/impactante-puente-tunel-que-pasa-debajo-del-mar\/#primaryimage"},"thumbnailUrl":"https:\/\/www.eldiario.net\/portal\/wp-content\/uploads\/2023\/12\/Internacional.jpg","articleSection":["Internacional"],"inLanguage":"es","potentialAction":[{"@type":"CommentAction","name":"Comment","target":["https:\/\/www.eldiario.net\/portal\/2024\/05\/01\/impactante-puente-tunel-que-pasa-debajo-del-mar\/#respond"]}]},{"@type":"WebPage","@id":"https:\/\/www.eldiario.net\/portal\/2024\/05\/01\/impactante-puente-tunel-que-pasa-debajo-del-mar\/","url":"https:\/\/www.eldiario.net\/portal\/2024\/05\/01\/impactante-puente-tunel-que-pasa-debajo-del-mar\/","name":"Impactante puente-t\u00fanel que pasa debajo del mar - El Diario - Bolivia","isPartOf":{"@id":"https:\/\/www.eldiario.net\/portal\/#website"},"primaryImageOfPage":{"@id":"https:\/\/www.eldiario.net\/portal\/2024\/05\/01\/impactante-puente-tunel-que-pasa-debajo-del-mar\/#primaryimage"},"image":{"@id":"https:\/\/www.eldiario.net\/portal\/2024\/05\/01\/impactante-puente-tunel-que-pasa-debajo-del-mar\/#primaryimage"},"thumbnailUrl":"https:\/\/www.eldiario.net\/portal\/wp-content\/uploads\/2023\/12\/Internacional.jpg","datePublished":"2024-05-01T09:12:10+00:00","breadcrumb":{"@id":"https:\/\/www.eldiario.net\/portal\/2024\/05\/01\/impactante-puente-tunel-que-pasa-debajo-del-mar\/#breadcrumb"},"inLanguage":"es","potentialAction":[{"@type":"ReadAction","target":["https:\/\/www.eldiario.net\/portal\/2024\/05\/01\/impactante-puente-tunel-que-pasa-debajo-del-mar\/"]}]},{"@type":"ImageObject","inLanguage":"es","@id":"https:\/\/www.eldiario.net\/portal\/2024\/05\/01\/impactante-puente-tunel-que-pasa-debajo-del-mar\/#primaryimage","url":"https:\/\/www.eldiario.net\/portal\/wp-content\/uploads\/2023\/12\/Internacional.jpg","contentUrl":"https:\/\/www.eldiario.net\/portal\/wp-content\/uploads\/2023\/12\/Internacional.jpg","width":800,"height":500},{"@type":"BreadcrumbList","@id":"https:\/\/www.eldiario.net\/portal\/2024\/05\/01\/impactante-puente-tunel-que-pasa-debajo-del-mar\/#breadcrumb","itemListElement":[{"@type":"ListItem","position":1,"name":"Portada","item":"https:\/\/www.eldiario.net\/portal\/"},{"@type":"ListItem","position":2,"name":"Impactante puente-t\u00fanel que pasa debajo del mar"}]},{"@type":"WebSite","@id":"https:\/\/www.eldiario.net\/portal\/#website","url":"https:\/\/www.eldiario.net\/portal\/","name":"El Diario - Decano de la prensa nacional","description":"El Diario - Decano de la prensa nacional","publisher":{"@id":"https:\/\/www.eldiario.net\/portal\/#organization"},"potentialAction":[{"@type":"SearchAction","target":{"@type":"EntryPoint","urlTemplate":"https:\/\/www.eldiario.net\/portal\/?s={search_term_string}"},"query-input":{"@type":"PropertyValueSpecification","valueRequired":true,"valueName":"search_term_string"}}],"inLanguage":"es"},{"@type":"Organization","@id":"https:\/\/www.eldiario.net\/portal\/#organization","name":"El Diario - Decano de la prensa nacional","url":"https:\/\/www.eldiario.net\/portal\/","logo":{"@type":"ImageObject","inLanguage":"es","@id":"https:\/\/www.eldiario.net\/portal\/#\/schema\/logo\/image\/","url":"https:\/\/www.eldiario.net\/portal\/wp-content\/uploads\/2023\/07\/logo_ED.jpg","contentUrl":"https:\/\/www.eldiario.net\/portal\/wp-content\/uploads\/2023\/07\/logo_ED.jpg","width":272,"height":52,"caption":"El Diario - Decano de la prensa nacional"},"image":{"@id":"https:\/\/www.eldiario.net\/portal\/#\/schema\/logo\/image\/"},"sameAs":["https:\/\/www.facebook.com\/eldiario.bolivia\/","https:\/\/x.com\/eldiario_net"]},{"@type":"Person","@id":"https:\/\/www.eldiario.net\/portal\/#\/schema\/person\/f46445640444750d7d753ccd04ae01b7","name":"Jeanette","image":{"@type":"ImageObject","inLanguage":"es","@id":"https:\/\/secure.gravatar.com\/avatar\/3ea2118a5f7dad2b7138b1187a6b7ee55f160b9968b66013c3a3ef39dd7e5798?s=96&d=mm&r=g","url":"https:\/\/secure.gravatar.com\/avatar\/3ea2118a5f7dad2b7138b1187a6b7ee55f160b9968b66013c3a3ef39dd7e5798?s=96&d=mm&r=g","contentUrl":"https:\/\/secure.gravatar.com\/avatar\/3ea2118a5f7dad2b7138b1187a6b7ee55f160b9968b66013c3a3ef39dd7e5798?s=96&d=mm&r=g","caption":"Jeanette"},"sameAs":["https:\/\/www.eldiario.net\/portal"],"url":"https:\/\/www.eldiario.net\/portal\/author\/jeanette\/"}]}},"_links":{"self":[{"href":"https:\/\/www.eldiario.net\/portal\/wp-json\/wp\/v2\/posts\/217781","targetHints":{"allow":["GET"]}}],"collection":[{"href":"https:\/\/www.eldiario.net\/portal\/wp-json\/wp\/v2\/posts"}],"about":[{"href":"https:\/\/www.eldiario.net\/portal\/wp-json\/wp\/v2\/types\/post"}],"author":[{"embeddable":true,"href":"https:\/\/www.eldiario.net\/portal\/wp-json\/wp\/v2\/users\/1"}],"replies":[{"embeddable":true,"href":"https:\/\/www.eldiario.net\/portal\/wp-json\/wp\/v2\/comments?post=217781"}],"version-history":[{"count":1,"href":"https:\/\/www.eldiario.net\/portal\/wp-json\/wp\/v2\/posts\/217781\/revisions"}],"predecessor-version":[{"id":217782,"href":"https:\/\/www.eldiario.net\/portal\/wp-json\/wp\/v2\/posts\/217781\/revisions\/217782"}],"wp:featuredmedia":[{"embeddable":true,"href":"https:\/\/www.eldiario.net\/portal\/wp-json\/wp\/v2\/media\/194703"}],"wp:attachment":[{"href":"https:\/\/www.eldiario.net\/portal\/wp-json\/wp\/v2\/media?parent=217781"}],"wp:term":[{"taxonomy":"category","embeddable":true,"href":"https:\/\/www.eldiario.net\/portal\/wp-json\/wp\/v2\/categories?post=217781"},{"taxonomy":"post_tag","embeddable":true,"href":"https:\/\/www.eldiario.net\/portal\/wp-json\/wp\/v2\/tags?post=217781"}],"curies":[{"name":"wp","href":"https:\/\/api.w.org\/{rel}","templated":true}]}}