{"id":217770,"date":"2024-05-01T05:08:46","date_gmt":"2024-05-01T09:08:46","guid":{"rendered":"https:\/\/www.eldiario.net\/portal\/?p=217770"},"modified":"2024-05-01T05:08:46","modified_gmt":"2024-05-01T09:08:46","slug":"juicio-por-trata-fue-armado-para-cubrir-derrota-del-21f","status":"publish","type":"post","link":"https:\/\/www.eldiario.net\/portal\/2024\/05\/01\/juicio-por-trata-fue-armado-para-cubrir-derrota-del-21f\/","title":{"rendered":"Juicio por trata fue armado para cubrir derrota del 21F"},"content":{"rendered":"<p>Tras ser absuelta ayer por la Justicia del supuesto delito de trata de personas, la expareja de Evo Morales, Gabriela Zapata, finalmente rompi\u00f3 el silencio y asever\u00f3 que fue \u201cutilizada\u201d pol\u00edticamente en un caso ensamblado por la c\u00fapula cercana del exmandatario, para cubrir la derrota del refer\u00e9ndum del 21 de Febrero de 2016.<br \/>\nAyer, en el cumplea\u00f1os 17 del supuesto hijo de Zapata y Morales, el Juzgado Cuarto de Sentencia de La Paz dict\u00f3 sentencia absolutoria en favor de Zapata y el resto de los nueve coacusados luego de un proceso que dur\u00f3 ocho a\u00f1os, al no encontrarse pruebas incriminatorias por el supuesto delito de trata de personas, seg\u00fan inform\u00f3 la defensa legal de Zapata.<br \/>\n\u201cSon ocho a\u00f1os (en los) que este proceso ha sido supeditado a\u00a0consideraciones pol\u00edticas, forzado y armado con una finalidad \u00fanica de cubrir la derrota del 21 de febrero, (en el) que se ha utilizado a mi persona, incluso he sido sentenciada en otro proceso\u201d, afirm\u00f3 la expareja del cocalero.<br \/>\nLa exacusada y sus abogados arguyeron que la Fiscal\u00eda no logr\u00f3 demostrar el sustento de su acusaci\u00f3n, sino que, al contrario, las pruebas exhibidas permitieron probar su inocencia.<br \/>\n\u201cEste caso ha sido (llevado adelante) por esconder una derrota electoral (del 21F). Se ha podido demostrar con pruebas f\u00e1cticas y sustanciales que soy inocente; he sido pr\u00e1cticamente utilizada, en este proceso, por consideraciones pol\u00edticas. Asimismo, la Fiscal\u00eda cuando emiti\u00f3 su resoluci\u00f3n de acusaci\u00f3n, estaba supeditada a \u00f3rdenes superiores\u201d, agreg\u00f3.<br \/>\nZapata tambi\u00e9n asever\u00f3 que estar\u00e1 presente \u201cdonde la llamen\u201d para aclarar denuncias en su contra. \u201cNosotros vamos a ir con la mayor responsabilidad para aportar con lo que se tenga que aportar\u201d.<br \/>\nEl abogado, Manolo Rojas, corrobor\u00f3 que el caso fue armado por la c\u00fapula del exmandatario y expres\u00f3 que \u201cEvo Morales debe responder a la justicia\u201d por ocho a\u00f1os de hostigamiento, abusos y torturas a los familiares de su defendida, Pilar Guzm\u00e1n.<br \/>\nRespecto a la posibilidad de iniciar un proceso a Morales por falsa denuncia, tanto Zapata como los abogados mencionaron que es una posibilidad que se analiza. El jurista, William S\u00e1nchez Pe\u00f1a, aclar\u00f3 que la sentencia absolutoria es en primera instancia y que el Ministerio P\u00fablico deber\u00e1 decidir si no se realizar\u00e1n futuras apelaciones.<br \/>\n\u201cPrimeramente tenemos que hablar de una sentencia firme y, a partir de eso, ya se ver\u00e1 qu\u00e9 acciones se tomar\u00e1n en contra de las personas que nos han iniciado acciones que no correspond\u00edan solamente por proteger una situaci\u00f3n\u201d, sostuvo S\u00e1nchez Pe\u00f1a.<br \/>\nLuego del fallido refer\u00e9ndum de 2016, Zapata, Pilar Guzm\u00e1n, sus tres hijos y otro familiar, el jurista, William S\u00e1nchez Pe\u00f1a y otras tres personas, fueron acusados por Morales de suplantar a su supuesto hijo por otro menor, en un proceso abierto por el supuesto caso de trata y tr\u00e1fico de personas.<\/p>\n<p>TORTURAS Y CARENCIAS AFECTIVAS<br \/>\nPor su parte, Pilar Guzm\u00e1n manifest\u00f3 a EL DIARIO que su familia acudir\u00e1 a organismos internacionales para denunciar torturas en contra de uno de sus hijos por parte de allegados a Morales, cuyas identidades ser\u00edan reveladas posteriormente.<br \/>\nEn tal sentido, manifest\u00f3 que \u201catacaron lo m\u00e1s sagrado\u201d de su vida, ya que sus tres hijos habr\u00edan sido detenidos durante el proceso. Uno, incluso, habr\u00eda sido torturado con electricidad, de acuerdo con un informe que fue presentado como elemento probatorio. \u201cMi hijo ha sido torturado. Estos se\u00f1ores le han pasado corriente a mi hijo para que se inculpe. Ese informe internacional est\u00e1 aqu\u00ed y se ha judicializado esa prueba\u201d, se\u00f1al\u00f3.<br \/>\nEn tal sentido, mencion\u00f3 que cuestionaron a la Fiscal\u00eda sobre el paradero del menor, con iniciales E. F. M. Z., quien habr\u00eda cumplido 17 a\u00f1os ayer, el mismo d\u00eda en el que su madre fue absuelta. Seg\u00fan Rojas, Zapata pregunt\u00f3 \u201c\u00bfD\u00f3nde est\u00e1 mi hijo?\u201d a la Fiscal\u00eda, entre l\u00e1grimas. \u201cEso deber\u00edan habernos respondido los de la Fiscal\u00eda\u201d, agreg\u00f3.<br \/>\nRojas tambi\u00e9n mencion\u00f3 que, dentro de los elementos judicializados, tambi\u00e9n figura un informe psicol\u00f3gico especializado que se\u00f1ala \u201cclaramente\u201d que Morales \u201ccarece de afectividad emocional\u201d y que no tiene la menor intenci\u00f3n de cuidar a su hijo, Ernesto Fidel, ni de tenerlo cerca. Para el jurista defensor de los absueltos, es un \u201cpecado\u201d no cuidar de la propia sangre.<br \/>\nFinalmente, a\u00f1adi\u00f3 que \u201clo m\u00e1s importante es que no exista injerencia como ha existido. Ha habido amenazas, con nombre y apellido. No puede ser que Morales siga ocult\u00e1ndose y creer que es m\u00e1s que la justicia\u201d, apunt\u00f3.<\/p>\n","protected":false},"excerpt":{"rendered":"<p>Tras ser absuelta ayer por la Justicia del supuesto delito de trata de personas, la expareja de Evo Morales, Gabriela Zapata, finalmente rompi\u00f3 el silencio y asever\u00f3 que fue \u201cutilizada\u201d pol\u00edticamente en un caso ensamblado por la c\u00fapula cercana del exmandatario, para cubrir la derrota del refer\u00e9ndum del 21 de Febrero de 2016. Ayer, en [&hellip;]<\/p>\n","protected":false},"author":1,"featured_media":217771,"comment_status":"open","ping_status":"open","sticky":false,"template":"","format":"standard","meta":{"_acf_changed":false,"footnotes":""},"categories":[39],"tags":[],"class_list":["post-217770","post","type-post","status-publish","format-standard","has-post-thumbnail","category-sociedad"],"acf":{"antetitulo":"Gabriela Zapata tras absoluci\u00f3n"},"yoast_head":"<!-- This site is optimized with the Yoast SEO plugin v28.3 - https:\/\/yoast.com\/product\/yoast-seo-wordpress\/ -->\n<title>Juicio por trata fue armado para cubrir derrota del 21F - El Diario - Bolivia<\/title>\n<meta name=\"robots\" content=\"index, follow, max-snippet:-1, max-image-preview:large, max-video-preview:-1\" \/>\n<link rel=\"canonical\" href=\"https:\/\/www.eldiario.net\/portal\/2024\/05\/01\/juicio-por-trata-fue-armado-para-cubrir-derrota-del-21f\/\" \/>\n<meta property=\"og:locale\" content=\"es_ES\" \/>\n<meta property=\"og:type\" content=\"article\" \/>\n<meta property=\"og:title\" content=\"Juicio por trata fue armado para cubrir derrota del 21F - El Diario - Bolivia\" \/>\n<meta property=\"og:description\" content=\"Tras ser absuelta ayer por la Justicia del supuesto delito de trata de personas, la expareja de Evo Morales, Gabriela Zapata, finalmente rompi\u00f3 el silencio y asever\u00f3 que fue \u201cutilizada\u201d pol\u00edticamente en un caso ensamblado por la c\u00fapula cercana del exmandatario, para cubrir la derrota del refer\u00e9ndum del 21 de Febrero de 2016. Ayer, en [&hellip;]\" \/>\n<meta property=\"og:url\" content=\"https:\/\/www.eldiario.net\/portal\/2024\/05\/01\/juicio-por-trata-fue-armado-para-cubrir-derrota-del-21f\/\" \/>\n<meta property=\"og:site_name\" content=\"El Diario - Bolivia\" \/>\n<meta property=\"article:publisher\" content=\"https:\/\/www.facebook.com\/eldiario.bolivia\/\" \/>\n<meta property=\"article:published_time\" content=\"2024-05-01T09:08:46+00:00\" \/>\n<meta property=\"og:image\" content=\"https:\/\/www.eldiario.net\/portal\/wp-content\/uploads\/2024\/05\/1-ZAPATA-e1714554516127.jpg\" \/>\n\t<meta property=\"og:image:width\" content=\"1132\" \/>\n\t<meta property=\"og:image:height\" content=\"931\" \/>\n\t<meta property=\"og:image:type\" content=\"image\/jpeg\" \/>\n<meta name=\"author\" content=\"Jeanette\" \/>\n<meta name=\"twitter:card\" content=\"summary_large_image\" \/>\n<meta name=\"twitter:creator\" content=\"@eldiario_net\" \/>\n<meta name=\"twitter:site\" content=\"@eldiario_net\" \/>\n<meta name=\"twitter:label1\" content=\"Escrito por\" \/>\n\t<meta name=\"twitter:data1\" content=\"Jeanette\" \/>\n\t<meta name=\"twitter:label2\" content=\"Tiempo de lectura\" \/>\n\t<meta name=\"twitter:data2\" content=\"4 minutos\" \/>\n<script type=\"application\/ld+json\" class=\"yoast-schema-graph\">{\"@context\":\"https:\\\/\\\/schema.org\",\"@graph\":[{\"@type\":\"Article\",\"@id\":\"https:\\\/\\\/www.eldiario.net\\\/portal\\\/2024\\\/05\\\/01\\\/juicio-por-trata-fue-armado-para-cubrir-derrota-del-21f\\\/#article\",\"isPartOf\":{\"@id\":\"https:\\\/\\\/www.eldiario.net\\\/portal\\\/2024\\\/05\\\/01\\\/juicio-por-trata-fue-armado-para-cubrir-derrota-del-21f\\\/\"},\"author\":{\"name\":\"Jeanette\",\"@id\":\"https:\\\/\\\/www.eldiario.net\\\/portal\\\/#\\\/schema\\\/person\\\/f46445640444750d7d753ccd04ae01b7\"},\"headline\":\"Juicio por trata fue armado para cubrir derrota del 21F\",\"datePublished\":\"2024-05-01T09:08:46+00:00\",\"mainEntityOfPage\":{\"@id\":\"https:\\\/\\\/www.eldiario.net\\\/portal\\\/2024\\\/05\\\/01\\\/juicio-por-trata-fue-armado-para-cubrir-derrota-del-21f\\\/\"},\"wordCount\":790,\"commentCount\":0,\"publisher\":{\"@id\":\"https:\\\/\\\/www.eldiario.net\\\/portal\\\/#organization\"},\"image\":{\"@id\":\"https:\\\/\\\/www.eldiario.net\\\/portal\\\/2024\\\/05\\\/01\\\/juicio-por-trata-fue-armado-para-cubrir-derrota-del-21f\\\/#primaryimage\"},\"thumbnailUrl\":\"https:\\\/\\\/www.eldiario.net\\\/portal\\\/wp-content\\\/uploads\\\/2024\\\/05\\\/1-ZAPATA-e1714554516127.jpg\",\"articleSection\":[\"Sociedad - Seguridad\"],\"inLanguage\":\"es\",\"potentialAction\":[{\"@type\":\"CommentAction\",\"name\":\"Comment\",\"target\":[\"https:\\\/\\\/www.eldiario.net\\\/portal\\\/2024\\\/05\\\/01\\\/juicio-por-trata-fue-armado-para-cubrir-derrota-del-21f\\\/#respond\"]}]},{\"@type\":\"WebPage\",\"@id\":\"https:\\\/\\\/www.eldiario.net\\\/portal\\\/2024\\\/05\\\/01\\\/juicio-por-trata-fue-armado-para-cubrir-derrota-del-21f\\\/\",\"url\":\"https:\\\/\\\/www.eldiario.net\\\/portal\\\/2024\\\/05\\\/01\\\/juicio-por-trata-fue-armado-para-cubrir-derrota-del-21f\\\/\",\"name\":\"Juicio por trata fue armado para cubrir derrota del 21F - El Diario - Bolivia\",\"isPartOf\":{\"@id\":\"https:\\\/\\\/www.eldiario.net\\\/portal\\\/#website\"},\"primaryImageOfPage\":{\"@id\":\"https:\\\/\\\/www.eldiario.net\\\/portal\\\/2024\\\/05\\\/01\\\/juicio-por-trata-fue-armado-para-cubrir-derrota-del-21f\\\/#primaryimage\"},\"image\":{\"@id\":\"https:\\\/\\\/www.eldiario.net\\\/portal\\\/2024\\\/05\\\/01\\\/juicio-por-trata-fue-armado-para-cubrir-derrota-del-21f\\\/#primaryimage\"},\"thumbnailUrl\":\"https:\\\/\\\/www.eldiario.net\\\/portal\\\/wp-content\\\/uploads\\\/2024\\\/05\\\/1-ZAPATA-e1714554516127.jpg\",\"datePublished\":\"2024-05-01T09:08:46+00:00\",\"breadcrumb\":{\"@id\":\"https:\\\/\\\/www.eldiario.net\\\/portal\\\/2024\\\/05\\\/01\\\/juicio-por-trata-fue-armado-para-cubrir-derrota-del-21f\\\/#breadcrumb\"},\"inLanguage\":\"es\",\"potentialAction\":[{\"@type\":\"ReadAction\",\"target\":[\"https:\\\/\\\/www.eldiario.net\\\/portal\\\/2024\\\/05\\\/01\\\/juicio-por-trata-fue-armado-para-cubrir-derrota-del-21f\\\/\"]}]},{\"@type\":\"ImageObject\",\"inLanguage\":\"es\",\"@id\":\"https:\\\/\\\/www.eldiario.net\\\/portal\\\/2024\\\/05\\\/01\\\/juicio-por-trata-fue-armado-para-cubrir-derrota-del-21f\\\/#primaryimage\",\"url\":\"https:\\\/\\\/www.eldiario.net\\\/portal\\\/wp-content\\\/uploads\\\/2024\\\/05\\\/1-ZAPATA-e1714554516127.jpg\",\"contentUrl\":\"https:\\\/\\\/www.eldiario.net\\\/portal\\\/wp-content\\\/uploads\\\/2024\\\/05\\\/1-ZAPATA-e1714554516127.jpg\",\"width\":1132,\"height\":931},{\"@type\":\"BreadcrumbList\",\"@id\":\"https:\\\/\\\/www.eldiario.net\\\/portal\\\/2024\\\/05\\\/01\\\/juicio-por-trata-fue-armado-para-cubrir-derrota-del-21f\\\/#breadcrumb\",\"itemListElement\":[{\"@type\":\"ListItem\",\"position\":1,\"name\":\"Portada\",\"item\":\"https:\\\/\\\/www.eldiario.net\\\/portal\\\/\"},{\"@type\":\"ListItem\",\"position\":2,\"name\":\"Juicio por trata fue armado para cubrir derrota del 21F\"}]},{\"@type\":\"WebSite\",\"@id\":\"https:\\\/\\\/www.eldiario.net\\\/portal\\\/#website\",\"url\":\"https:\\\/\\\/www.eldiario.net\\\/portal\\\/\",\"name\":\"El Diario - Decano de la prensa nacional\",\"description\":\"El Diario - Decano de la prensa nacional\",\"publisher\":{\"@id\":\"https:\\\/\\\/www.eldiario.net\\\/portal\\\/#organization\"},\"potentialAction\":[{\"@type\":\"SearchAction\",\"target\":{\"@type\":\"EntryPoint\",\"urlTemplate\":\"https:\\\/\\\/www.eldiario.net\\\/portal\\\/?s={search_term_string}\"},\"query-input\":{\"@type\":\"PropertyValueSpecification\",\"valueRequired\":true,\"valueName\":\"search_term_string\"}}],\"inLanguage\":\"es\"},{\"@type\":\"Organization\",\"@id\":\"https:\\\/\\\/www.eldiario.net\\\/portal\\\/#organization\",\"name\":\"El Diario - Decano de la prensa nacional\",\"url\":\"https:\\\/\\\/www.eldiario.net\\\/portal\\\/\",\"logo\":{\"@type\":\"ImageObject\",\"inLanguage\":\"es\",\"@id\":\"https:\\\/\\\/www.eldiario.net\\\/portal\\\/#\\\/schema\\\/logo\\\/image\\\/\",\"url\":\"https:\\\/\\\/www.eldiario.net\\\/portal\\\/wp-content\\\/uploads\\\/2023\\\/07\\\/logo_ED.jpg\",\"contentUrl\":\"https:\\\/\\\/www.eldiario.net\\\/portal\\\/wp-content\\\/uploads\\\/2023\\\/07\\\/logo_ED.jpg\",\"width\":272,\"height\":52,\"caption\":\"El Diario - Decano de la prensa nacional\"},\"image\":{\"@id\":\"https:\\\/\\\/www.eldiario.net\\\/portal\\\/#\\\/schema\\\/logo\\\/image\\\/\"},\"sameAs\":[\"https:\\\/\\\/www.facebook.com\\\/eldiario.bolivia\\\/\",\"https:\\\/\\\/x.com\\\/eldiario_net\"]},{\"@type\":\"Person\",\"@id\":\"https:\\\/\\\/www.eldiario.net\\\/portal\\\/#\\\/schema\\\/person\\\/f46445640444750d7d753ccd04ae01b7\",\"name\":\"Jeanette\",\"image\":{\"@type\":\"ImageObject\",\"inLanguage\":\"es\",\"@id\":\"https:\\\/\\\/secure.gravatar.com\\\/avatar\\\/3ea2118a5f7dad2b7138b1187a6b7ee55f160b9968b66013c3a3ef39dd7e5798?s=96&d=mm&r=g\",\"url\":\"https:\\\/\\\/secure.gravatar.com\\\/avatar\\\/3ea2118a5f7dad2b7138b1187a6b7ee55f160b9968b66013c3a3ef39dd7e5798?s=96&d=mm&r=g\",\"contentUrl\":\"https:\\\/\\\/secure.gravatar.com\\\/avatar\\\/3ea2118a5f7dad2b7138b1187a6b7ee55f160b9968b66013c3a3ef39dd7e5798?s=96&d=mm&r=g\",\"caption\":\"Jeanette\"},\"sameAs\":[\"https:\\\/\\\/www.eldiario.net\\\/portal\"],\"url\":\"https:\\\/\\\/www.eldiario.net\\\/portal\\\/author\\\/jeanette\\\/\"}]}<\/script>\n<!-- \/ Yoast SEO plugin. -->","yoast_head_json":{"title":"Juicio por trata fue armado para cubrir derrota del 21F - El Diario - Bolivia","robots":{"index":"index","follow":"follow","max-snippet":"max-snippet:-1","max-image-preview":"max-image-preview:large","max-video-preview":"max-video-preview:-1"},"canonical":"https:\/\/www.eldiario.net\/portal\/2024\/05\/01\/juicio-por-trata-fue-armado-para-cubrir-derrota-del-21f\/","og_locale":"es_ES","og_type":"article","og_title":"Juicio por trata fue armado para cubrir derrota del 21F - El Diario - Bolivia","og_description":"Tras ser absuelta ayer por la Justicia del supuesto delito de trata de personas, la expareja de Evo Morales, Gabriela Zapata, finalmente rompi\u00f3 el silencio y asever\u00f3 que fue \u201cutilizada\u201d pol\u00edticamente en un caso ensamblado por la c\u00fapula cercana del exmandatario, para cubrir la derrota del refer\u00e9ndum del 21 de Febrero de 2016. Ayer, en [&hellip;]","og_url":"https:\/\/www.eldiario.net\/portal\/2024\/05\/01\/juicio-por-trata-fue-armado-para-cubrir-derrota-del-21f\/","og_site_name":"El Diario - Bolivia","article_publisher":"https:\/\/www.facebook.com\/eldiario.bolivia\/","article_published_time":"2024-05-01T09:08:46+00:00","og_image":[{"width":1132,"height":931,"url":"https:\/\/www.eldiario.net\/portal\/wp-content\/uploads\/2024\/05\/1-ZAPATA-e1714554516127.jpg","type":"image\/jpeg"}],"author":"Jeanette","twitter_card":"summary_large_image","twitter_creator":"@eldiario_net","twitter_site":"@eldiario_net","twitter_misc":{"Escrito por":"Jeanette","Tiempo de lectura":"4 minutos"},"schema":{"@context":"https:\/\/schema.org","@graph":[{"@type":"Article","@id":"https:\/\/www.eldiario.net\/portal\/2024\/05\/01\/juicio-por-trata-fue-armado-para-cubrir-derrota-del-21f\/#article","isPartOf":{"@id":"https:\/\/www.eldiario.net\/portal\/2024\/05\/01\/juicio-por-trata-fue-armado-para-cubrir-derrota-del-21f\/"},"author":{"name":"Jeanette","@id":"https:\/\/www.eldiario.net\/portal\/#\/schema\/person\/f46445640444750d7d753ccd04ae01b7"},"headline":"Juicio por trata fue armado para cubrir derrota del 21F","datePublished":"2024-05-01T09:08:46+00:00","mainEntityOfPage":{"@id":"https:\/\/www.eldiario.net\/portal\/2024\/05\/01\/juicio-por-trata-fue-armado-para-cubrir-derrota-del-21f\/"},"wordCount":790,"commentCount":0,"publisher":{"@id":"https:\/\/www.eldiario.net\/portal\/#organization"},"image":{"@id":"https:\/\/www.eldiario.net\/portal\/2024\/05\/01\/juicio-por-trata-fue-armado-para-cubrir-derrota-del-21f\/#primaryimage"},"thumbnailUrl":"https:\/\/www.eldiario.net\/portal\/wp-content\/uploads\/2024\/05\/1-ZAPATA-e1714554516127.jpg","articleSection":["Sociedad - Seguridad"],"inLanguage":"es","potentialAction":[{"@type":"CommentAction","name":"Comment","target":["https:\/\/www.eldiario.net\/portal\/2024\/05\/01\/juicio-por-trata-fue-armado-para-cubrir-derrota-del-21f\/#respond"]}]},{"@type":"WebPage","@id":"https:\/\/www.eldiario.net\/portal\/2024\/05\/01\/juicio-por-trata-fue-armado-para-cubrir-derrota-del-21f\/","url":"https:\/\/www.eldiario.net\/portal\/2024\/05\/01\/juicio-por-trata-fue-armado-para-cubrir-derrota-del-21f\/","name":"Juicio por trata fue armado para cubrir derrota del 21F - El Diario - Bolivia","isPartOf":{"@id":"https:\/\/www.eldiario.net\/portal\/#website"},"primaryImageOfPage":{"@id":"https:\/\/www.eldiario.net\/portal\/2024\/05\/01\/juicio-por-trata-fue-armado-para-cubrir-derrota-del-21f\/#primaryimage"},"image":{"@id":"https:\/\/www.eldiario.net\/portal\/2024\/05\/01\/juicio-por-trata-fue-armado-para-cubrir-derrota-del-21f\/#primaryimage"},"thumbnailUrl":"https:\/\/www.eldiario.net\/portal\/wp-content\/uploads\/2024\/05\/1-ZAPATA-e1714554516127.jpg","datePublished":"2024-05-01T09:08:46+00:00","breadcrumb":{"@id":"https:\/\/www.eldiario.net\/portal\/2024\/05\/01\/juicio-por-trata-fue-armado-para-cubrir-derrota-del-21f\/#breadcrumb"},"inLanguage":"es","potentialAction":[{"@type":"ReadAction","target":["https:\/\/www.eldiario.net\/portal\/2024\/05\/01\/juicio-por-trata-fue-armado-para-cubrir-derrota-del-21f\/"]}]},{"@type":"ImageObject","inLanguage":"es","@id":"https:\/\/www.eldiario.net\/portal\/2024\/05\/01\/juicio-por-trata-fue-armado-para-cubrir-derrota-del-21f\/#primaryimage","url":"https:\/\/www.eldiario.net\/portal\/wp-content\/uploads\/2024\/05\/1-ZAPATA-e1714554516127.jpg","contentUrl":"https:\/\/www.eldiario.net\/portal\/wp-content\/uploads\/2024\/05\/1-ZAPATA-e1714554516127.jpg","width":1132,"height":931},{"@type":"BreadcrumbList","@id":"https:\/\/www.eldiario.net\/portal\/2024\/05\/01\/juicio-por-trata-fue-armado-para-cubrir-derrota-del-21f\/#breadcrumb","itemListElement":[{"@type":"ListItem","position":1,"name":"Portada","item":"https:\/\/www.eldiario.net\/portal\/"},{"@type":"ListItem","position":2,"name":"Juicio por trata fue armado para cubrir derrota del 21F"}]},{"@type":"WebSite","@id":"https:\/\/www.eldiario.net\/portal\/#website","url":"https:\/\/www.eldiario.net\/portal\/","name":"El Diario - Decano de la prensa nacional","description":"El Diario - Decano de la prensa nacional","publisher":{"@id":"https:\/\/www.eldiario.net\/portal\/#organization"},"potentialAction":[{"@type":"SearchAction","target":{"@type":"EntryPoint","urlTemplate":"https:\/\/www.eldiario.net\/portal\/?s={search_term_string}"},"query-input":{"@type":"PropertyValueSpecification","valueRequired":true,"valueName":"search_term_string"}}],"inLanguage":"es"},{"@type":"Organization","@id":"https:\/\/www.eldiario.net\/portal\/#organization","name":"El Diario - Decano de la prensa nacional","url":"https:\/\/www.eldiario.net\/portal\/","logo":{"@type":"ImageObject","inLanguage":"es","@id":"https:\/\/www.eldiario.net\/portal\/#\/schema\/logo\/image\/","url":"https:\/\/www.eldiario.net\/portal\/wp-content\/uploads\/2023\/07\/logo_ED.jpg","contentUrl":"https:\/\/www.eldiario.net\/portal\/wp-content\/uploads\/2023\/07\/logo_ED.jpg","width":272,"height":52,"caption":"El Diario - Decano de la prensa nacional"},"image":{"@id":"https:\/\/www.eldiario.net\/portal\/#\/schema\/logo\/image\/"},"sameAs":["https:\/\/www.facebook.com\/eldiario.bolivia\/","https:\/\/x.com\/eldiario_net"]},{"@type":"Person","@id":"https:\/\/www.eldiario.net\/portal\/#\/schema\/person\/f46445640444750d7d753ccd04ae01b7","name":"Jeanette","image":{"@type":"ImageObject","inLanguage":"es","@id":"https:\/\/secure.gravatar.com\/avatar\/3ea2118a5f7dad2b7138b1187a6b7ee55f160b9968b66013c3a3ef39dd7e5798?s=96&d=mm&r=g","url":"https:\/\/secure.gravatar.com\/avatar\/3ea2118a5f7dad2b7138b1187a6b7ee55f160b9968b66013c3a3ef39dd7e5798?s=96&d=mm&r=g","contentUrl":"https:\/\/secure.gravatar.com\/avatar\/3ea2118a5f7dad2b7138b1187a6b7ee55f160b9968b66013c3a3ef39dd7e5798?s=96&d=mm&r=g","caption":"Jeanette"},"sameAs":["https:\/\/www.eldiario.net\/portal"],"url":"https:\/\/www.eldiario.net\/portal\/author\/jeanette\/"}]}},"_links":{"self":[{"href":"https:\/\/www.eldiario.net\/portal\/wp-json\/wp\/v2\/posts\/217770","targetHints":{"allow":["GET"]}}],"collection":[{"href":"https:\/\/www.eldiario.net\/portal\/wp-json\/wp\/v2\/posts"}],"about":[{"href":"https:\/\/www.eldiario.net\/portal\/wp-json\/wp\/v2\/types\/post"}],"author":[{"embeddable":true,"href":"https:\/\/www.eldiario.net\/portal\/wp-json\/wp\/v2\/users\/1"}],"replies":[{"embeddable":true,"href":"https:\/\/www.eldiario.net\/portal\/wp-json\/wp\/v2\/comments?post=217770"}],"version-history":[{"count":1,"href":"https:\/\/www.eldiario.net\/portal\/wp-json\/wp\/v2\/posts\/217770\/revisions"}],"predecessor-version":[{"id":217772,"href":"https:\/\/www.eldiario.net\/portal\/wp-json\/wp\/v2\/posts\/217770\/revisions\/217772"}],"wp:featuredmedia":[{"embeddable":true,"href":"https:\/\/www.eldiario.net\/portal\/wp-json\/wp\/v2\/media\/217771"}],"wp:attachment":[{"href":"https:\/\/www.eldiario.net\/portal\/wp-json\/wp\/v2\/media?parent=217770"}],"wp:term":[{"taxonomy":"category","embeddable":true,"href":"https:\/\/www.eldiario.net\/portal\/wp-json\/wp\/v2\/categories?post=217770"},{"taxonomy":"post_tag","embeddable":true,"href":"https:\/\/www.eldiario.net\/portal\/wp-json\/wp\/v2\/tags?post=217770"}],"curies":[{"name":"wp","href":"https:\/\/api.w.org\/{rel}","templated":true}]}}